{"id":16678,"date":"2022-07-29T08:12:31","date_gmt":"2022-07-29T08:12:31","guid":{"rendered":"http:\/\/www.lafarga.com\/corporatiu\/?p=16678"},"modified":"2022-07-29T08:12:31","modified_gmt":"2022-07-29T08:12:31","slug":"les-zones-blaves-i-verdes-daparcament-gratuites-a-lagost","status":"publish","type":"post","link":"https:\/\/www.lafarga.com\/corporatiu\/les-zones-blaves-i-verdes-daparcament-gratuites-a-lagost\/","title":{"rendered":"Les zones blaves i verdes d\u2019aparcament, gratu\u00eftes a l\u2019agost"},"content":{"rendered":"\r\n<p><br \/>De l\u20191 al 31 d\u2019agost, com \u00e9s habitual, les zones blaves i verdes d\u2019aparcament de L\u2019Hospitalet seran gratu\u00eftes, coincidint amb la disminuci\u00f3 de la mobilitat de vehicles i de l\u2019activitat comercial a la ciutat durant aquest mes de l\u2019estiu. \u00a0<br \/><br \/>Al llarg de l\u2019any, les zones verdes s\u00f3n d\u2019\u00fas preferent i gratu\u00eftes per als residents, i les zones blaves \u2014amb limitaci\u00f3 hor\u00e0ria\u2014 faciliten la rotaci\u00f3 de l\u2019estacionament als sectors comercials i de serveis.\u00a0<br \/><br \/>El descens en el volum de tr\u00e0nsit i la disminuci\u00f3 de l&#8217;activitat comercial ocasionada per les vacances facilita aquesta mesura de la gratu\u00eftat durant el mes d\u2019agost, que no afecta les zones grogues de c\u00e0rrega i desc\u00e0rrega, on continua vigent la regulaci\u00f3 de l\u2019estacionament amb control horari tamb\u00e9 al mes d\u2019agost.\u00a0<\/p>\r\n\r\n\r\n\r\n<p>A L\u2019Hospitalet, funcionen <strong><a href=\"https:\/\/www.lafarga.com\/corporatiu\/estacionaments-regulats-hospitalet\/\">\u00e0rees integrals de regulaci\u00f3 de l\u2019estacionament (AIRE)<\/a><\/strong> als barris de Can Serra i de Granvia\u00a0 Sud, amb zones blaves, verdes i grogues; i als barris del Centre, la Florida, Collblanc i la Torrassa, amb zones blaves d\u2019aparcament.\u00a0<br \/><br \/>Dins de les \u00e0rees integrals de regulaci\u00f3 de l\u2019estacionament, L\u2019Hospitalet compta amb un total de 1.786 places d\u2019aparcament regulat: 591 a la zones blaves i 1.195 a les \u00e0rees verdes, d\u2019\u00fas preferent per als residents. \u00a0<\/p>\r\n\r\n\r\n\r\n<p>Els parqu\u00edmetres tornaran a entrar en funcionament l\u20191 de setembre, aix\u00ed com els aplicatius de pagament per mitj\u00e0 dels dispositius m\u00f2bils.\u00a0<\/p>\r\n","protected":false},"excerpt":{"rendered":"<p>De l\u20191 al 31 d\u2019agost, com \u00e9s habitual, les zones blaves i verdes d\u2019aparcament de L\u2019Hospitalet seran gratu\u00eftes.<\/p>\n","protected":false},"author":5,"featured_media":14857,"comment_status":"closed","ping_status":"closed","sticky":false,"template":"","format":"standard","meta":{"inline_featured_image":false,"_uag_custom_page_level_css":"","_monsterinsights_skip_tracking":false,"_monsterinsights_sitenote_active":false,"_monsterinsights_sitenote_note":"","_monsterinsights_sitenote_category":0,"site-sidebar-layout":"default","site-content-layout":"","ast-site-content-layout":"default","site-content-style":"default","site-sidebar-style":"default","ast-global-header-display":"","ast-banner-title-visibility":"","ast-main-header-display":"","ast-hfb-above-header-display":"","ast-hfb-below-header-display":"","ast-hfb-mobile-header-display":"","site-post-title":"","ast-breadcrumbs-content":"","ast-featured-img":"","footer-sml-layout":"","ast-disable-related-posts":"","theme-transparent-header-meta":"","adv-header-id-meta":"","stick-header-meta":"","header-above-stick-meta":"","header-main-stick-meta":"","header-below-stick-meta":"","astra-migrate-meta-layouts":"default","ast-page-background-enabled":"default","ast-page-background-meta":{"desktop":{"background-color":"var(--ast-global-color-4)","background-image":"","background-repeat":"repeat","background-position":"center center","background-size":"auto","background-attachment":"scroll","background-type":"","background-media":"","overlay-type":"","overlay-color":"","overlay-opacity":"","overlay-gradient":""},"tablet":{"background-color":"","background-image":"","background-repeat":"repeat","background-position":"center center","background-size":"auto","background-attachment":"scroll","background-type":"","background-media":"","overlay-type":"","overlay-color":"","overlay-opacity":"","overlay-gradient":""},"mobile":{"background-color":"","background-image":"","background-repeat":"repeat","background-position":"center center","background-size":"auto","background-attachment":"scroll","background-type":"","background-media":"","overlay-type":"","overlay-color":"","overlay-opacity":"","overlay-gradient":""}},"ast-content-background-meta":{"desktop":{"background-color":"var(--ast-global-color-5)","background-image":"","background-repeat":"repeat","background-position":"center center","background-size":"auto","background-attachment":"scroll","background-type":"","background-media":"","overlay-type":"","overlay-color":"","overlay-opacity":"","overlay-gradient":""},"tablet":{"background-color":"var(--ast-global-color-5)","background-image":"","background-repeat":"repeat","background-position":"center center","background-size":"auto","background-attachment":"scroll","background-type":"","background-media":"","overlay-type":"","overlay-color":"","overlay-opacity":"","overlay-gradient":""},"mobile":{"background-color":"var(--ast-global-color-5)","background-image":"","background-repeat":"repeat","background-position":"center center","background-size":"auto","background-attachment":"scroll","background-type":"","background-media":"","overlay-type":"","overlay-color":"","overlay-opacity":"","overlay-gradient":""}},"footnotes":""},"categories":[55],"tags":[],"class_list":["post-16678","post","type-post","status-publish","format-standard","has-post-thumbnail","hentry","category-mobilitat"],"yoast_head":"<!-- This site is optimized with the Yoast SEO plugin v27.5 - https:\/\/yoast.com\/product\/yoast-seo-wordpress\/ -->\n<title>Les zones blaves i verdes d\u2019aparcament, gratu\u00eftes a l\u2019agost - La Farga Gesti\u00f3n de Equipamientos Municipales, S.A.<\/title>\n<meta name=\"description\" content=\"De l\u20191 al 31 d\u2019agost, com \u00e9s habitual, les zones blaves i verdes d\u2019aparcament de L\u2019Hospitalet seran gratu\u00eftes.\" \/>\n<meta name=\"robots\" content=\"index, follow, max-snippet:-1, max-image-preview:large, max-video-preview:-1\" \/>\n<link rel=\"canonical\" href=\"https:\/\/www.lafarga.com\/corporatiu\/les-zones-blaves-i-verdes-daparcament-gratuites-a-lagost\/\" \/>\n<meta property=\"og:locale\" content=\"ca_ES\" \/>\n<meta property=\"og:type\" content=\"article\" \/>\n<meta property=\"og:title\" content=\"Les zones blaves i verdes d\u2019aparcament, gratu\u00eftes a l\u2019agost - La Farga Gesti\u00f3n de Equipamientos Municipales, S.A.\" \/>\n<meta property=\"og:description\" content=\"De l\u20191 al 31 d\u2019agost, com \u00e9s habitual, les zones blaves i verdes d\u2019aparcament de L\u2019Hospitalet seran gratu\u00eftes.\" \/>\n<meta property=\"og:url\" content=\"https:\/\/www.lafarga.com\/corporatiu\/les-zones-blaves-i-verdes-daparcament-gratuites-a-lagost\/\" \/>\n<meta property=\"og:site_name\" content=\"La Farga Gesti\u00f3n de Equipamientos Municipales, S.A.\" \/>\n<meta property=\"article:published_time\" content=\"2022-07-29T08:12:31+00:00\" \/>\n<meta property=\"og:image\" content=\"https:\/\/www.lafarga.com\/corporatiu\/wp-content\/uploads\/2020\/07\/Zones-Aire-Farga-Agost.jpg\" \/>\n\t<meta property=\"og:image:width\" content=\"730\" \/>\n\t<meta property=\"og:image:height\" content=\"410\" \/>\n\t<meta property=\"og:image:type\" content=\"image\/jpeg\" \/>\n<meta name=\"author\" content=\"\u00d2scar Milla\" \/>\n<meta name=\"twitter:label1\" content=\"Escrit per\" \/>\n\t<meta name=\"twitter:data1\" content=\"\u00d2scar Milla\" \/>\n\t<meta name=\"twitter:label2\" content=\"Temps estimat de lectura\" \/>\n\t<meta name=\"twitter:data2\" content=\"2 minuts\" \/>\n<script type=\"application\/ld+json\" class=\"yoast-schema-graph\">{\"@context\":\"https:\\\/\\\/schema.org\",\"@graph\":[{\"@type\":\"Article\",\"@id\":\"https:\\\/\\\/www.lafarga.com\\\/corporatiu\\\/les-zones-blaves-i-verdes-daparcament-gratuites-a-lagost\\\/#article\",\"isPartOf\":{\"@id\":\"https:\\\/\\\/www.lafarga.com\\\/corporatiu\\\/les-zones-blaves-i-verdes-daparcament-gratuites-a-lagost\\\/\"},\"author\":{\"name\":\"\u00d2scar Milla\",\"@id\":\"https:\\\/\\\/www.lafarga.com\\\/corporatiu\\\/#\\\/schema\\\/person\\\/70d96fe17d0da1a9c9e80d232bdbcf33\"},\"headline\":\"Les zones blaves i verdes d\u2019aparcament, gratu\u00eftes a l\u2019agost\",\"datePublished\":\"2022-07-29T08:12:31+00:00\",\"mainEntityOfPage\":{\"@id\":\"https:\\\/\\\/www.lafarga.com\\\/corporatiu\\\/les-zones-blaves-i-verdes-daparcament-gratuites-a-lagost\\\/\"},\"wordCount\":256,\"publisher\":{\"@id\":\"https:\\\/\\\/www.lafarga.com\\\/corporatiu\\\/#organization\"},\"image\":{\"@id\":\"https:\\\/\\\/www.lafarga.com\\\/corporatiu\\\/les-zones-blaves-i-verdes-daparcament-gratuites-a-lagost\\\/#primaryimage\"},\"thumbnailUrl\":\"https:\\\/\\\/www.lafarga.com\\\/corporatiu\\\/wp-content\\\/uploads\\\/2020\\\/07\\\/Zones-Aire-Farga-Agost.jpg\",\"articleSection\":[\"Estacionaments Regulats\"],\"inLanguage\":\"ca\"},{\"@type\":\"WebPage\",\"@id\":\"https:\\\/\\\/www.lafarga.com\\\/corporatiu\\\/les-zones-blaves-i-verdes-daparcament-gratuites-a-lagost\\\/\",\"url\":\"https:\\\/\\\/www.lafarga.com\\\/corporatiu\\\/les-zones-blaves-i-verdes-daparcament-gratuites-a-lagost\\\/\",\"name\":\"Les zones blaves i verdes d\u2019aparcament, gratu\u00eftes a l\u2019agost - La Farga Gesti\u00f3n de Equipamientos Municipales, S.A.\",\"isPartOf\":{\"@id\":\"https:\\\/\\\/www.lafarga.com\\\/corporatiu\\\/#website\"},\"primaryImageOfPage\":{\"@id\":\"https:\\\/\\\/www.lafarga.com\\\/corporatiu\\\/les-zones-blaves-i-verdes-daparcament-gratuites-a-lagost\\\/#primaryimage\"},\"image\":{\"@id\":\"https:\\\/\\\/www.lafarga.com\\\/corporatiu\\\/les-zones-blaves-i-verdes-daparcament-gratuites-a-lagost\\\/#primaryimage\"},\"thumbnailUrl\":\"https:\\\/\\\/www.lafarga.com\\\/corporatiu\\\/wp-content\\\/uploads\\\/2020\\\/07\\\/Zones-Aire-Farga-Agost.jpg\",\"datePublished\":\"2022-07-29T08:12:31+00:00\",\"description\":\"De l\u20191 al 31 d\u2019agost, com \u00e9s habitual, les zones blaves i verdes d\u2019aparcament de L\u2019Hospitalet seran gratu\u00eftes.\",\"breadcrumb\":{\"@id\":\"https:\\\/\\\/www.lafarga.com\\\/corporatiu\\\/les-zones-blaves-i-verdes-daparcament-gratuites-a-lagost\\\/#breadcrumb\"},\"inLanguage\":\"ca\",\"potentialAction\":[{\"@type\":\"ReadAction\",\"target\":[\"https:\\\/\\\/www.lafarga.com\\\/corporatiu\\\/les-zones-blaves-i-verdes-daparcament-gratuites-a-lagost\\\/\"]}]},{\"@type\":\"ImageObject\",\"inLanguage\":\"ca\",\"@id\":\"https:\\\/\\\/www.lafarga.com\\\/corporatiu\\\/les-zones-blaves-i-verdes-daparcament-gratuites-a-lagost\\\/#primaryimage\",\"url\":\"https:\\\/\\\/www.lafarga.com\\\/corporatiu\\\/wp-content\\\/uploads\\\/2020\\\/07\\\/Zones-Aire-Farga-Agost.jpg\",\"contentUrl\":\"https:\\\/\\\/www.lafarga.com\\\/corporatiu\\\/wp-content\\\/uploads\\\/2020\\\/07\\\/Zones-Aire-Farga-Agost.jpg\",\"width\":730,\"height\":410,\"caption\":\"AIRE Farga\"},{\"@type\":\"BreadcrumbList\",\"@id\":\"https:\\\/\\\/www.lafarga.com\\\/corporatiu\\\/les-zones-blaves-i-verdes-daparcament-gratuites-a-lagost\\\/#breadcrumb\",\"itemListElement\":[{\"@type\":\"ListItem\",\"position\":1,\"name\":\"Home\",\"item\":\"https:\\\/\\\/www.lafarga.com\\\/corporatiu\\\/lafarga-hospitalet-llobregat\\\/\"},{\"@type\":\"ListItem\",\"position\":2,\"name\":\"Les zones blaves i verdes d\u2019aparcament, gratu\u00eftes a l\u2019agost\"}]},{\"@type\":\"WebSite\",\"@id\":\"https:\\\/\\\/www.lafarga.com\\\/corporatiu\\\/#website\",\"url\":\"https:\\\/\\\/www.lafarga.com\\\/corporatiu\\\/\",\"name\":\"La Farga Gesti\u00f3 d&#039;Equipaments Municipals, SA\",\"description\":\"\",\"publisher\":{\"@id\":\"https:\\\/\\\/www.lafarga.com\\\/corporatiu\\\/#organization\"},\"potentialAction\":[{\"@type\":\"SearchAction\",\"target\":{\"@type\":\"EntryPoint\",\"urlTemplate\":\"https:\\\/\\\/www.lafarga.com\\\/corporatiu\\\/?s={search_term_string}\"},\"query-input\":{\"@type\":\"PropertyValueSpecification\",\"valueRequired\":true,\"valueName\":\"search_term_string\"}}],\"inLanguage\":\"ca\"},{\"@type\":\"Organization\",\"@id\":\"https:\\\/\\\/www.lafarga.com\\\/corporatiu\\\/#organization\",\"name\":\"La Farga Gesti\u00f3 d&#039;Equipaments Municipals, SA\",\"url\":\"https:\\\/\\\/www.lafarga.com\\\/corporatiu\\\/\",\"logo\":{\"@type\":\"ImageObject\",\"inLanguage\":\"ca\",\"@id\":\"https:\\\/\\\/www.lafarga.com\\\/corporatiu\\\/#\\\/schema\\\/logo\\\/image\\\/\",\"url\":\"https:\\\/\\\/www.lafarga.com\\\/corporatiu\\\/wp-content\\\/uploads\\\/2023\\\/11\\\/logotipo_lafarga_gemsa.svg\",\"contentUrl\":\"https:\\\/\\\/www.lafarga.com\\\/corporatiu\\\/wp-content\\\/uploads\\\/2023\\\/11\\\/logotipo_lafarga_gemsa.svg\",\"width\":102,\"height\":103,\"caption\":\"La Farga Gesti\u00f3 d&#039;Equipaments Municipals, SA\"},\"image\":{\"@id\":\"https:\\\/\\\/www.lafarga.com\\\/corporatiu\\\/#\\\/schema\\\/logo\\\/image\\\/\"}},{\"@type\":\"Person\",\"@id\":\"https:\\\/\\\/www.lafarga.com\\\/corporatiu\\\/#\\\/schema\\\/person\\\/70d96fe17d0da1a9c9e80d232bdbcf33\",\"name\":\"\u00d2scar Milla\",\"image\":{\"@type\":\"ImageObject\",\"inLanguage\":\"ca\",\"@id\":\"https:\\\/\\\/secure.gravatar.com\\\/avatar\\\/92e75d184f9d5e0e403bd4ad075b080ad258344ddc259adddb579f6a3ba6494f?s=96&d=mm&r=g\",\"url\":\"https:\\\/\\\/secure.gravatar.com\\\/avatar\\\/92e75d184f9d5e0e403bd4ad075b080ad258344ddc259adddb579f6a3ba6494f?s=96&d=mm&r=g\",\"contentUrl\":\"https:\\\/\\\/secure.gravatar.com\\\/avatar\\\/92e75d184f9d5e0e403bd4ad075b080ad258344ddc259adddb579f6a3ba6494f?s=96&d=mm&r=g\",\"caption\":\"\u00d2scar Milla\"},\"url\":\"https:\\\/\\\/www.lafarga.com\\\/corporatiu\\\/author\\\/omilla\\\/\"}]}<\/script>\n<!-- \/ Yoast SEO plugin. -->","yoast_head_json":{"title":"Les zones blaves i verdes d\u2019aparcament, gratu\u00eftes a l\u2019agost - La Farga Gesti\u00f3n de Equipamientos Municipales, S.A.","description":"De l\u20191 al 31 d\u2019agost, com \u00e9s habitual, les zones blaves i verdes d\u2019aparcament de L\u2019Hospitalet seran gratu\u00eftes.","robots":{"index":"index","follow":"follow","max-snippet":"max-snippet:-1","max-image-preview":"max-image-preview:large","max-video-preview":"max-video-preview:-1"},"canonical":"https:\/\/www.lafarga.com\/corporatiu\/les-zones-blaves-i-verdes-daparcament-gratuites-a-lagost\/","og_locale":"ca_ES","og_type":"article","og_title":"Les zones blaves i verdes d\u2019aparcament, gratu\u00eftes a l\u2019agost - La Farga Gesti\u00f3n de Equipamientos Municipales, S.A.","og_description":"De l\u20191 al 31 d\u2019agost, com \u00e9s habitual, les zones blaves i verdes d\u2019aparcament de L\u2019Hospitalet seran gratu\u00eftes.","og_url":"https:\/\/www.lafarga.com\/corporatiu\/les-zones-blaves-i-verdes-daparcament-gratuites-a-lagost\/","og_site_name":"La Farga Gesti\u00f3n de Equipamientos Municipales, S.A.","article_published_time":"2022-07-29T08:12:31+00:00","og_image":[{"width":730,"height":410,"url":"https:\/\/www.lafarga.com\/corporatiu\/wp-content\/uploads\/2020\/07\/Zones-Aire-Farga-Agost.jpg","type":"image\/jpeg"}],"author":"\u00d2scar Milla","twitter_misc":{"Escrit per":"\u00d2scar Milla","Temps estimat de lectura":"2 minuts"},"schema":{"@context":"https:\/\/schema.org","@graph":[{"@type":"Article","@id":"https:\/\/www.lafarga.com\/corporatiu\/les-zones-blaves-i-verdes-daparcament-gratuites-a-lagost\/#article","isPartOf":{"@id":"https:\/\/www.lafarga.com\/corporatiu\/les-zones-blaves-i-verdes-daparcament-gratuites-a-lagost\/"},"author":{"name":"\u00d2scar Milla","@id":"https:\/\/www.lafarga.com\/corporatiu\/#\/schema\/person\/70d96fe17d0da1a9c9e80d232bdbcf33"},"headline":"Les zones blaves i verdes d\u2019aparcament, gratu\u00eftes a l\u2019agost","datePublished":"2022-07-29T08:12:31+00:00","mainEntityOfPage":{"@id":"https:\/\/www.lafarga.com\/corporatiu\/les-zones-blaves-i-verdes-daparcament-gratuites-a-lagost\/"},"wordCount":256,"publisher":{"@id":"https:\/\/www.lafarga.com\/corporatiu\/#organization"},"image":{"@id":"https:\/\/www.lafarga.com\/corporatiu\/les-zones-blaves-i-verdes-daparcament-gratuites-a-lagost\/#primaryimage"},"thumbnailUrl":"https:\/\/www.lafarga.com\/corporatiu\/wp-content\/uploads\/2020\/07\/Zones-Aire-Farga-Agost.jpg","articleSection":["Estacionaments Regulats"],"inLanguage":"ca"},{"@type":"WebPage","@id":"https:\/\/www.lafarga.com\/corporatiu\/les-zones-blaves-i-verdes-daparcament-gratuites-a-lagost\/","url":"https:\/\/www.lafarga.com\/corporatiu\/les-zones-blaves-i-verdes-daparcament-gratuites-a-lagost\/","name":"Les zones blaves i verdes d\u2019aparcament, gratu\u00eftes a l\u2019agost - La Farga Gesti\u00f3n de Equipamientos Municipales, S.A.","isPartOf":{"@id":"https:\/\/www.lafarga.com\/corporatiu\/#website"},"primaryImageOfPage":{"@id":"https:\/\/www.lafarga.com\/corporatiu\/les-zones-blaves-i-verdes-daparcament-gratuites-a-lagost\/#primaryimage"},"image":{"@id":"https:\/\/www.lafarga.com\/corporatiu\/les-zones-blaves-i-verdes-daparcament-gratuites-a-lagost\/#primaryimage"},"thumbnailUrl":"https:\/\/www.lafarga.com\/corporatiu\/wp-content\/uploads\/2020\/07\/Zones-Aire-Farga-Agost.jpg","datePublished":"2022-07-29T08:12:31+00:00","description":"De l\u20191 al 31 d\u2019agost, com \u00e9s habitual, les zones blaves i verdes d\u2019aparcament de L\u2019Hospitalet seran gratu\u00eftes.","breadcrumb":{"@id":"https:\/\/www.lafarga.com\/corporatiu\/les-zones-blaves-i-verdes-daparcament-gratuites-a-lagost\/#breadcrumb"},"inLanguage":"ca","potentialAction":[{"@type":"ReadAction","target":["https:\/\/www.lafarga.com\/corporatiu\/les-zones-blaves-i-verdes-daparcament-gratuites-a-lagost\/"]}]},{"@type":"ImageObject","inLanguage":"ca","@id":"https:\/\/www.lafarga.com\/corporatiu\/les-zones-blaves-i-verdes-daparcament-gratuites-a-lagost\/#primaryimage","url":"https:\/\/www.lafarga.com\/corporatiu\/wp-content\/uploads\/2020\/07\/Zones-Aire-Farga-Agost.jpg","contentUrl":"https:\/\/www.lafarga.com\/corporatiu\/wp-content\/uploads\/2020\/07\/Zones-Aire-Farga-Agost.jpg","width":730,"height":410,"caption":"AIRE Farga"},{"@type":"BreadcrumbList","@id":"https:\/\/www.lafarga.com\/corporatiu\/les-zones-blaves-i-verdes-daparcament-gratuites-a-lagost\/#breadcrumb","itemListElement":[{"@type":"ListItem","position":1,"name":"Home","item":"https:\/\/www.lafarga.com\/corporatiu\/lafarga-hospitalet-llobregat\/"},{"@type":"ListItem","position":2,"name":"Les zones blaves i verdes d\u2019aparcament, gratu\u00eftes a l\u2019agost"}]},{"@type":"WebSite","@id":"https:\/\/www.lafarga.com\/corporatiu\/#website","url":"https:\/\/www.lafarga.com\/corporatiu\/","name":"La Farga Gesti\u00f3 d&#039;Equipaments Municipals, SA","description":"","publisher":{"@id":"https:\/\/www.lafarga.com\/corporatiu\/#organization"},"potentialAction":[{"@type":"SearchAction","target":{"@type":"EntryPoint","urlTemplate":"https:\/\/www.lafarga.com\/corporatiu\/?s={search_term_string}"},"query-input":{"@type":"PropertyValueSpecification","valueRequired":true,"valueName":"search_term_string"}}],"inLanguage":"ca"},{"@type":"Organization","@id":"https:\/\/www.lafarga.com\/corporatiu\/#organization","name":"La Farga Gesti\u00f3 d&#039;Equipaments Municipals, SA","url":"https:\/\/www.lafarga.com\/corporatiu\/","logo":{"@type":"ImageObject","inLanguage":"ca","@id":"https:\/\/www.lafarga.com\/corporatiu\/#\/schema\/logo\/image\/","url":"https:\/\/www.lafarga.com\/corporatiu\/wp-content\/uploads\/2023\/11\/logotipo_lafarga_gemsa.svg","contentUrl":"https:\/\/www.lafarga.com\/corporatiu\/wp-content\/uploads\/2023\/11\/logotipo_lafarga_gemsa.svg","width":102,"height":103,"caption":"La Farga Gesti\u00f3 d&#039;Equipaments Municipals, SA"},"image":{"@id":"https:\/\/www.lafarga.com\/corporatiu\/#\/schema\/logo\/image\/"}},{"@type":"Person","@id":"https:\/\/www.lafarga.com\/corporatiu\/#\/schema\/person\/70d96fe17d0da1a9c9e80d232bdbcf33","name":"\u00d2scar Milla","image":{"@type":"ImageObject","inLanguage":"ca","@id":"https:\/\/secure.gravatar.com\/avatar\/92e75d184f9d5e0e403bd4ad075b080ad258344ddc259adddb579f6a3ba6494f?s=96&d=mm&r=g","url":"https:\/\/secure.gravatar.com\/avatar\/92e75d184f9d5e0e403bd4ad075b080ad258344ddc259adddb579f6a3ba6494f?s=96&d=mm&r=g","contentUrl":"https:\/\/secure.gravatar.com\/avatar\/92e75d184f9d5e0e403bd4ad075b080ad258344ddc259adddb579f6a3ba6494f?s=96&d=mm&r=g","caption":"\u00d2scar Milla"},"url":"https:\/\/www.lafarga.com\/corporatiu\/author\/omilla\/"}]}},"uagb_featured_image_src":{"full":["https:\/\/www.lafarga.com\/corporatiu\/wp-content\/uploads\/2020\/07\/Zones-Aire-Farga-Agost.jpg",730,410,false],"thumbnail":["https:\/\/www.lafarga.com\/corporatiu\/wp-content\/uploads\/2020\/07\/Zones-Aire-Farga-Agost-150x150.jpg",150,150,true],"medium":["https:\/\/www.lafarga.com\/corporatiu\/wp-content\/uploads\/2020\/07\/Zones-Aire-Farga-Agost-300x168.jpg",300,168,true],"medium_large":["https:\/\/www.lafarga.com\/corporatiu\/wp-content\/uploads\/2020\/07\/Zones-Aire-Farga-Agost.jpg",730,410,false],"large":["https:\/\/www.lafarga.com\/corporatiu\/wp-content\/uploads\/2020\/07\/Zones-Aire-Farga-Agost.jpg",730,410,false],"1536x1536":["https:\/\/www.lafarga.com\/corporatiu\/wp-content\/uploads\/2020\/07\/Zones-Aire-Farga-Agost.jpg",730,410,false],"2048x2048":["https:\/\/www.lafarga.com\/corporatiu\/wp-content\/uploads\/2020\/07\/Zones-Aire-Farga-Agost.jpg",730,410,false],"mailpoet_newsletter_max":["https:\/\/www.lafarga.com\/corporatiu\/wp-content\/uploads\/2020\/07\/Zones-Aire-Farga-Agost.jpg",730,410,false]},"uagb_author_info":{"display_name":"\u00d2scar Milla","author_link":"https:\/\/www.lafarga.com\/corporatiu\/author\/omilla\/"},"uagb_comment_info":0,"uagb_excerpt":"De l\u20191 al 31 d\u2019agost, com \u00e9s habitual, les zones blaves i verdes d\u2019aparcament de L\u2019Hospitalet seran gratu\u00eftes.","_links":{"self":[{"href":"https:\/\/www.lafarga.com\/corporatiu\/wp-json\/wp\/v2\/posts\/16678","targetHints":{"allow":["GET"]}}],"collection":[{"href":"https:\/\/www.lafarga.com\/corporatiu\/wp-json\/wp\/v2\/posts"}],"about":[{"href":"https:\/\/www.lafarga.com\/corporatiu\/wp-json\/wp\/v2\/types\/post"}],"author":[{"embeddable":true,"href":"https:\/\/www.lafarga.com\/corporatiu\/wp-json\/wp\/v2\/users\/5"}],"replies":[{"embeddable":true,"href":"https:\/\/www.lafarga.com\/corporatiu\/wp-json\/wp\/v2\/comments?post=16678"}],"version-history":[{"count":2,"href":"https:\/\/www.lafarga.com\/corporatiu\/wp-json\/wp\/v2\/posts\/16678\/revisions"}],"predecessor-version":[{"id":16680,"href":"https:\/\/www.lafarga.com\/corporatiu\/wp-json\/wp\/v2\/posts\/16678\/revisions\/16680"}],"wp:featuredmedia":[{"embeddable":true,"href":"https:\/\/www.lafarga.com\/corporatiu\/wp-json\/wp\/v2\/media\/14857"}],"wp:attachment":[{"href":"https:\/\/www.lafarga.com\/corporatiu\/wp-json\/wp\/v2\/media?parent=16678"}],"wp:term":[{"taxonomy":"category","embeddable":true,"href":"https:\/\/www.lafarga.com\/corporatiu\/wp-json\/wp\/v2\/categories?post=16678"},{"taxonomy":"post_tag","embeddable":true,"href":"https:\/\/www.lafarga.com\/corporatiu\/wp-json\/wp\/v2\/tags?post=16678"}],"curies":[{"name":"wp","href":"https:\/\/api.w.org\/{rel}","templated":true}]}}