{"id":16617,"date":"2022-06-21T12:04:11","date_gmt":"2022-06-21T12:04:11","guid":{"rendered":"http:\/\/www.lafarga.com\/corporatiu\/?p=16617"},"modified":"2022-06-21T12:05:03","modified_gmt":"2022-06-21T12:05:03","slug":"el-hospital-general-vuelve-a-abrir-quirofanos","status":"publish","type":"post","link":"https:\/\/www.lafarga.com\/corporatiu\/el-hospital-general-vuelve-a-abrir-quirofanos\/","title":{"rendered":"El Hospital General vuelve a abrir quir\u00f3fanos"},"content":{"rendered":"\n<h5 class=\"wp-block-heading\">Edici\u00f3n 379<\/h5>\n\n\n\n<p>&#8220;El Hospital General de L&#8217;Hospitalet vuelve a abrir los quir\u00f3fanos&#8221; es el principal tema de portada del <strong><a href=\"https:\/\/lhdigital.cat\/web\/diari\/diari-l-h\" target=\"_blank\" rel=\"noreferrer noopener\">Diari de L&#8217;Hospitalet<\/a><\/strong>. A partir de septiembre ser\u00e1 de nuevo centro de referencia para pacientes de la zona norte. Salut atiende a la reivindicaci\u00f3n de la ciudad para evitar traslados al Hospital Mois\u00e8s Broggi.<\/p>\n\n\n\n<p>Otros temas del Diari son la reforma de la Plaza Espa\u00f1ola; el dispositivo de seguridad para el verano en La Florida y Pubilla Cases; que L&#8217;Hospitalet tendr\u00e1 una carta de derechos para las personas mayores; y que se ha dado un paso adelante para el CAP de Sant Josep y un nuevo CUAP en la Av. Josep Tarradellas.<\/p>\n\n\n\n<p>El Diari recoge que ERC L&#8217;Hospitalet propone a Jaume Graells como alcaldable, despu\u00e9s de que el concejal abandonara el PSC. En esta edici\u00f3n tambi\u00e9n encontramos la entrevista a la portavoz del Grupo Municipal del Partido Popular, Sonia Esplugas.<\/p>\n\n\n\n<p>Esta edici\u00f3n del Diari tambi\u00e9n se hace eco de las Fiestas Mayores en los barrios de Granvia Sud, el Centre, Sanfeliu, Gornal y la Florida.<\/p>\n\n\n\n<p>En cultura, encontramos que vuelve el programa cultural Summer, preparando actividades en todos los distritos.<\/p>\n\n\n\n<p>En baloncesto, el CB L&#8217;Hospitalet consigue el ascenso a LEB Plata y busca financiaci\u00f3n para poder competir.<\/p>\n\n\n\n<p>El Diari de L&#8217;Hospitalet es un <strong><a href=\"https:\/\/www.lafarga.com\/corporatiu\/medios-comunicacion-hospitalet-la-farga\/\" target=\"_blank\" rel=\"noreferrer noopener\">medio<\/a><\/strong> editado por La Farga Gesti\u00f3n de Equipamientos Municipales y tiene una tirada de 105.000 ejemplares.<\/p>\n\n\n\n<p>Aqu\u00ed puede ver la <strong><a href=\"http:\/\/lhdigital.cat\/diarilh_digital\/379\/index.html\" target=\"_blank\" rel=\"noreferrer noopener\">versi\u00f3n digital<\/a><\/strong> del Diari de L&#8217;Hospitalet.<\/p>\n","protected":false},"excerpt":{"rendered":"<p>&#8220;El Hospital General de L&#8217;Hospitalet vuelve a abrir los quir\u00f3fanos&#8221; es el principal tema de portada del Diari de L&#8217;Hospitalet. A partir de septiembre ser\u00e1 de nuevo centro de referencia para pacientes de la zona norte.<\/p>\n","protected":false},"author":5,"featured_media":16615,"comment_status":"closed","ping_status":"closed","sticky":false,"template":"","format":"standard","meta":{"inline_featured_image":false,"_uag_custom_page_level_css":"","_monsterinsights_skip_tracking":false,"_monsterinsights_sitenote_active":false,"_monsterinsights_sitenote_note":"","_monsterinsights_sitenote_category":0,"site-sidebar-layout":"default","site-content-layout":"","ast-site-content-layout":"default","site-content-style":"default","site-sidebar-style":"default","ast-global-header-display":"","ast-banner-title-visibility":"","ast-main-header-display":"","ast-hfb-above-header-display":"","ast-hfb-below-header-display":"","ast-hfb-mobile-header-display":"","site-post-title":"","ast-breadcrumbs-content":"","ast-featured-img":"","footer-sml-layout":"","ast-disable-related-posts":"","theme-transparent-header-meta":"","adv-header-id-meta":"","stick-header-meta":"","header-above-stick-meta":"","header-main-stick-meta":"","header-below-stick-meta":"","astra-migrate-meta-layouts":"default","ast-page-background-enabled":"default","ast-page-background-meta":{"desktop":{"background-color":"var(--ast-global-color-4)","background-image":"","background-repeat":"repeat","background-position":"center center","background-size":"auto","background-attachment":"scroll","background-type":"","background-media":"","overlay-type":"","overlay-color":"","overlay-opacity":"","overlay-gradient":""},"tablet":{"background-color":"","background-image":"","background-repeat":"repeat","background-position":"center center","background-size":"auto","background-attachment":"scroll","background-type":"","background-media":"","overlay-type":"","overlay-color":"","overlay-opacity":"","overlay-gradient":""},"mobile":{"background-color":"","background-image":"","background-repeat":"repeat","background-position":"center center","background-size":"auto","background-attachment":"scroll","background-type":"","background-media":"","overlay-type":"","overlay-color":"","overlay-opacity":"","overlay-gradient":""}},"ast-content-background-meta":{"desktop":{"background-color":"var(--ast-global-color-5)","background-image":"","background-repeat":"repeat","background-position":"center center","background-size":"auto","background-attachment":"scroll","background-type":"","background-media":"","overlay-type":"","overlay-color":"","overlay-opacity":"","overlay-gradient":""},"tablet":{"background-color":"var(--ast-global-color-5)","background-image":"","background-repeat":"repeat","background-position":"center center","background-size":"auto","background-attachment":"scroll","background-type":"","background-media":"","overlay-type":"","overlay-color":"","overlay-opacity":"","overlay-gradient":""},"mobile":{"background-color":"var(--ast-global-color-5)","background-image":"","background-repeat":"repeat","background-position":"center center","background-size":"auto","background-attachment":"scroll","background-type":"","background-media":"","overlay-type":"","overlay-color":"","overlay-opacity":"","overlay-gradient":""}},"footnotes":""},"categories":[81],"tags":[],"class_list":["post-16617","post","type-post","status-publish","format-standard","has-post-thumbnail","hentry","category-medios-comunicacion"],"yoast_head":"<!-- This site is optimized with the Yoast SEO plugin v27.5 - https:\/\/yoast.com\/product\/yoast-seo-wordpress\/ -->\n<title>El Hospital General vuelve a abrir quir\u00f3fanos - La Farga Gesti\u00f3n de Equipamientos Municipales, S.A.<\/title>\n<meta name=\"description\" content=\"L\u2019Hospital General de L\u2019Hospitalet torna a obrir els quir\u00f2fans, \u00e9s el principal tema de portada del Diari de L&#039;Hospitalet.\" \/>\n<meta name=\"robots\" content=\"index, follow, max-snippet:-1, max-image-preview:large, max-video-preview:-1\" \/>\n<link rel=\"canonical\" href=\"https:\/\/www.lafarga.com\/corporatiu\/el-hospital-general-vuelve-a-abrir-quirofanos\/\" \/>\n<meta property=\"og:locale\" content=\"ca_ES\" \/>\n<meta property=\"og:type\" content=\"article\" \/>\n<meta property=\"og:title\" content=\"El Hospital General vuelve a abrir quir\u00f3fanos - La Farga Gesti\u00f3n de Equipamientos Municipales, S.A.\" \/>\n<meta property=\"og:description\" content=\"L\u2019Hospital General de L\u2019Hospitalet torna a obrir els quir\u00f2fans, \u00e9s el principal tema de portada del Diari de L&#039;Hospitalet.\" \/>\n<meta property=\"og:url\" content=\"https:\/\/www.lafarga.com\/corporatiu\/el-hospital-general-vuelve-a-abrir-quirofanos\/\" \/>\n<meta property=\"og:site_name\" content=\"La Farga Gesti\u00f3n de Equipamientos Municipales, S.A.\" \/>\n<meta property=\"article:published_time\" content=\"2022-06-21T12:04:11+00:00\" \/>\n<meta property=\"article:modified_time\" content=\"2022-06-21T12:05:03+00:00\" \/>\n<meta property=\"og:image\" content=\"https:\/\/www.lafarga.com\/corporatiu\/wp-content\/uploads\/2022\/06\/Diari-LH-Juny22.jpg\" \/>\n\t<meta property=\"og:image:width\" content=\"730\" \/>\n\t<meta property=\"og:image:height\" content=\"410\" \/>\n\t<meta property=\"og:image:type\" content=\"image\/jpeg\" \/>\n<meta name=\"author\" content=\"\u00d2scar Milla\" \/>\n<meta name=\"twitter:label1\" content=\"Escrit per\" \/>\n\t<meta name=\"twitter:data1\" content=\"\u00d2scar Milla\" \/>\n\t<meta name=\"twitter:label2\" content=\"Temps estimat de lectura\" \/>\n\t<meta name=\"twitter:data2\" content=\"2 minuts\" \/>\n<script type=\"application\/ld+json\" class=\"yoast-schema-graph\">{\"@context\":\"https:\\\/\\\/schema.org\",\"@graph\":[{\"@type\":\"Article\",\"@id\":\"https:\\\/\\\/www.lafarga.com\\\/corporatiu\\\/el-hospital-general-vuelve-a-abrir-quirofanos\\\/#article\",\"isPartOf\":{\"@id\":\"https:\\\/\\\/www.lafarga.com\\\/corporatiu\\\/el-hospital-general-vuelve-a-abrir-quirofanos\\\/\"},\"author\":{\"name\":\"\u00d2scar Milla\",\"@id\":\"https:\\\/\\\/www.lafarga.com\\\/corporatiu\\\/#\\\/schema\\\/person\\\/70d96fe17d0da1a9c9e80d232bdbcf33\"},\"headline\":\"El Hospital General vuelve a abrir quir\u00f3fanos\",\"datePublished\":\"2022-06-21T12:04:11+00:00\",\"dateModified\":\"2022-06-21T12:05:03+00:00\",\"mainEntityOfPage\":{\"@id\":\"https:\\\/\\\/www.lafarga.com\\\/corporatiu\\\/el-hospital-general-vuelve-a-abrir-quirofanos\\\/\"},\"wordCount\":264,\"publisher\":{\"@id\":\"https:\\\/\\\/www.lafarga.com\\\/corporatiu\\\/#organization\"},\"image\":{\"@id\":\"https:\\\/\\\/www.lafarga.com\\\/corporatiu\\\/el-hospital-general-vuelve-a-abrir-quirofanos\\\/#primaryimage\"},\"thumbnailUrl\":\"https:\\\/\\\/www.lafarga.com\\\/corporatiu\\\/wp-content\\\/uploads\\\/2022\\\/06\\\/Diari-LH-Juny22.jpg\",\"articleSection\":[\"Medios de Comunicaci\u00f3n\"],\"inLanguage\":\"ca\"},{\"@type\":\"WebPage\",\"@id\":\"https:\\\/\\\/www.lafarga.com\\\/corporatiu\\\/el-hospital-general-vuelve-a-abrir-quirofanos\\\/\",\"url\":\"https:\\\/\\\/www.lafarga.com\\\/corporatiu\\\/el-hospital-general-vuelve-a-abrir-quirofanos\\\/\",\"name\":\"El Hospital General vuelve a abrir quir\u00f3fanos - La Farga Gesti\u00f3n de Equipamientos Municipales, S.A.\",\"isPartOf\":{\"@id\":\"https:\\\/\\\/www.lafarga.com\\\/corporatiu\\\/#website\"},\"primaryImageOfPage\":{\"@id\":\"https:\\\/\\\/www.lafarga.com\\\/corporatiu\\\/el-hospital-general-vuelve-a-abrir-quirofanos\\\/#primaryimage\"},\"image\":{\"@id\":\"https:\\\/\\\/www.lafarga.com\\\/corporatiu\\\/el-hospital-general-vuelve-a-abrir-quirofanos\\\/#primaryimage\"},\"thumbnailUrl\":\"https:\\\/\\\/www.lafarga.com\\\/corporatiu\\\/wp-content\\\/uploads\\\/2022\\\/06\\\/Diari-LH-Juny22.jpg\",\"datePublished\":\"2022-06-21T12:04:11+00:00\",\"dateModified\":\"2022-06-21T12:05:03+00:00\",\"description\":\"L\u2019Hospital General de L\u2019Hospitalet torna a obrir els quir\u00f2fans, \u00e9s el principal tema de portada del Diari de L'Hospitalet.\",\"breadcrumb\":{\"@id\":\"https:\\\/\\\/www.lafarga.com\\\/corporatiu\\\/el-hospital-general-vuelve-a-abrir-quirofanos\\\/#breadcrumb\"},\"inLanguage\":\"ca\",\"potentialAction\":[{\"@type\":\"ReadAction\",\"target\":[\"https:\\\/\\\/www.lafarga.com\\\/corporatiu\\\/el-hospital-general-vuelve-a-abrir-quirofanos\\\/\"]}]},{\"@type\":\"ImageObject\",\"inLanguage\":\"ca\",\"@id\":\"https:\\\/\\\/www.lafarga.com\\\/corporatiu\\\/el-hospital-general-vuelve-a-abrir-quirofanos\\\/#primaryimage\",\"url\":\"https:\\\/\\\/www.lafarga.com\\\/corporatiu\\\/wp-content\\\/uploads\\\/2022\\\/06\\\/Diari-LH-Juny22.jpg\",\"contentUrl\":\"https:\\\/\\\/www.lafarga.com\\\/corporatiu\\\/wp-content\\\/uploads\\\/2022\\\/06\\\/Diari-LH-Juny22.jpg\",\"width\":730,\"height\":410,\"caption\":\"Hospital General Farga\"},{\"@type\":\"BreadcrumbList\",\"@id\":\"https:\\\/\\\/www.lafarga.com\\\/corporatiu\\\/el-hospital-general-vuelve-a-abrir-quirofanos\\\/#breadcrumb\",\"itemListElement\":[{\"@type\":\"ListItem\",\"position\":1,\"name\":\"Home\",\"item\":\"https:\\\/\\\/www.lafarga.com\\\/corporatiu\\\/lafarga-hospitalet-llobregat\\\/\"},{\"@type\":\"ListItem\",\"position\":2,\"name\":\"El Hospital General vuelve a abrir quir\u00f3fanos\"}]},{\"@type\":\"WebSite\",\"@id\":\"https:\\\/\\\/www.lafarga.com\\\/corporatiu\\\/#website\",\"url\":\"https:\\\/\\\/www.lafarga.com\\\/corporatiu\\\/\",\"name\":\"La Farga Gesti\u00f3 d&#039;Equipaments Municipals, SA\",\"description\":\"\",\"publisher\":{\"@id\":\"https:\\\/\\\/www.lafarga.com\\\/corporatiu\\\/#organization\"},\"potentialAction\":[{\"@type\":\"SearchAction\",\"target\":{\"@type\":\"EntryPoint\",\"urlTemplate\":\"https:\\\/\\\/www.lafarga.com\\\/corporatiu\\\/?s={search_term_string}\"},\"query-input\":{\"@type\":\"PropertyValueSpecification\",\"valueRequired\":true,\"valueName\":\"search_term_string\"}}],\"inLanguage\":\"ca\"},{\"@type\":\"Organization\",\"@id\":\"https:\\\/\\\/www.lafarga.com\\\/corporatiu\\\/#organization\",\"name\":\"La Farga Gesti\u00f3 d&#039;Equipaments Municipals, SA\",\"url\":\"https:\\\/\\\/www.lafarga.com\\\/corporatiu\\\/\",\"logo\":{\"@type\":\"ImageObject\",\"inLanguage\":\"ca\",\"@id\":\"https:\\\/\\\/www.lafarga.com\\\/corporatiu\\\/#\\\/schema\\\/logo\\\/image\\\/\",\"url\":\"https:\\\/\\\/www.lafarga.com\\\/corporatiu\\\/wp-content\\\/uploads\\\/2023\\\/11\\\/logotipo_lafarga_gemsa.svg\",\"contentUrl\":\"https:\\\/\\\/www.lafarga.com\\\/corporatiu\\\/wp-content\\\/uploads\\\/2023\\\/11\\\/logotipo_lafarga_gemsa.svg\",\"width\":102,\"height\":103,\"caption\":\"La Farga Gesti\u00f3 d&#039;Equipaments Municipals, SA\"},\"image\":{\"@id\":\"https:\\\/\\\/www.lafarga.com\\\/corporatiu\\\/#\\\/schema\\\/logo\\\/image\\\/\"}},{\"@type\":\"Person\",\"@id\":\"https:\\\/\\\/www.lafarga.com\\\/corporatiu\\\/#\\\/schema\\\/person\\\/70d96fe17d0da1a9c9e80d232bdbcf33\",\"name\":\"\u00d2scar Milla\",\"image\":{\"@type\":\"ImageObject\",\"inLanguage\":\"ca\",\"@id\":\"https:\\\/\\\/secure.gravatar.com\\\/avatar\\\/92e75d184f9d5e0e403bd4ad075b080ad258344ddc259adddb579f6a3ba6494f?s=96&d=mm&r=g\",\"url\":\"https:\\\/\\\/secure.gravatar.com\\\/avatar\\\/92e75d184f9d5e0e403bd4ad075b080ad258344ddc259adddb579f6a3ba6494f?s=96&d=mm&r=g\",\"contentUrl\":\"https:\\\/\\\/secure.gravatar.com\\\/avatar\\\/92e75d184f9d5e0e403bd4ad075b080ad258344ddc259adddb579f6a3ba6494f?s=96&d=mm&r=g\",\"caption\":\"\u00d2scar Milla\"},\"url\":\"https:\\\/\\\/www.lafarga.com\\\/corporatiu\\\/author\\\/omilla\\\/\"}]}<\/script>\n<!-- \/ Yoast SEO plugin. -->","yoast_head_json":{"title":"El Hospital General vuelve a abrir quir\u00f3fanos - La Farga Gesti\u00f3n de Equipamientos Municipales, S.A.","description":"L\u2019Hospital General de L\u2019Hospitalet torna a obrir els quir\u00f2fans, \u00e9s el principal tema de portada del Diari de L'Hospitalet.","robots":{"index":"index","follow":"follow","max-snippet":"max-snippet:-1","max-image-preview":"max-image-preview:large","max-video-preview":"max-video-preview:-1"},"canonical":"https:\/\/www.lafarga.com\/corporatiu\/el-hospital-general-vuelve-a-abrir-quirofanos\/","og_locale":"ca_ES","og_type":"article","og_title":"El Hospital General vuelve a abrir quir\u00f3fanos - La Farga Gesti\u00f3n de Equipamientos Municipales, S.A.","og_description":"L\u2019Hospital General de L\u2019Hospitalet torna a obrir els quir\u00f2fans, \u00e9s el principal tema de portada del Diari de L'Hospitalet.","og_url":"https:\/\/www.lafarga.com\/corporatiu\/el-hospital-general-vuelve-a-abrir-quirofanos\/","og_site_name":"La Farga Gesti\u00f3n de Equipamientos Municipales, S.A.","article_published_time":"2022-06-21T12:04:11+00:00","article_modified_time":"2022-06-21T12:05:03+00:00","og_image":[{"width":730,"height":410,"url":"https:\/\/www.lafarga.com\/corporatiu\/wp-content\/uploads\/2022\/06\/Diari-LH-Juny22.jpg","type":"image\/jpeg"}],"author":"\u00d2scar Milla","twitter_misc":{"Escrit per":"\u00d2scar Milla","Temps estimat de lectura":"2 minuts"},"schema":{"@context":"https:\/\/schema.org","@graph":[{"@type":"Article","@id":"https:\/\/www.lafarga.com\/corporatiu\/el-hospital-general-vuelve-a-abrir-quirofanos\/#article","isPartOf":{"@id":"https:\/\/www.lafarga.com\/corporatiu\/el-hospital-general-vuelve-a-abrir-quirofanos\/"},"author":{"name":"\u00d2scar Milla","@id":"https:\/\/www.lafarga.com\/corporatiu\/#\/schema\/person\/70d96fe17d0da1a9c9e80d232bdbcf33"},"headline":"El Hospital General vuelve a abrir quir\u00f3fanos","datePublished":"2022-06-21T12:04:11+00:00","dateModified":"2022-06-21T12:05:03+00:00","mainEntityOfPage":{"@id":"https:\/\/www.lafarga.com\/corporatiu\/el-hospital-general-vuelve-a-abrir-quirofanos\/"},"wordCount":264,"publisher":{"@id":"https:\/\/www.lafarga.com\/corporatiu\/#organization"},"image":{"@id":"https:\/\/www.lafarga.com\/corporatiu\/el-hospital-general-vuelve-a-abrir-quirofanos\/#primaryimage"},"thumbnailUrl":"https:\/\/www.lafarga.com\/corporatiu\/wp-content\/uploads\/2022\/06\/Diari-LH-Juny22.jpg","articleSection":["Medios de Comunicaci\u00f3n"],"inLanguage":"ca"},{"@type":"WebPage","@id":"https:\/\/www.lafarga.com\/corporatiu\/el-hospital-general-vuelve-a-abrir-quirofanos\/","url":"https:\/\/www.lafarga.com\/corporatiu\/el-hospital-general-vuelve-a-abrir-quirofanos\/","name":"El Hospital General vuelve a abrir quir\u00f3fanos - La Farga Gesti\u00f3n de Equipamientos Municipales, S.A.","isPartOf":{"@id":"https:\/\/www.lafarga.com\/corporatiu\/#website"},"primaryImageOfPage":{"@id":"https:\/\/www.lafarga.com\/corporatiu\/el-hospital-general-vuelve-a-abrir-quirofanos\/#primaryimage"},"image":{"@id":"https:\/\/www.lafarga.com\/corporatiu\/el-hospital-general-vuelve-a-abrir-quirofanos\/#primaryimage"},"thumbnailUrl":"https:\/\/www.lafarga.com\/corporatiu\/wp-content\/uploads\/2022\/06\/Diari-LH-Juny22.jpg","datePublished":"2022-06-21T12:04:11+00:00","dateModified":"2022-06-21T12:05:03+00:00","description":"L\u2019Hospital General de L\u2019Hospitalet torna a obrir els quir\u00f2fans, \u00e9s el principal tema de portada del Diari de L'Hospitalet.","breadcrumb":{"@id":"https:\/\/www.lafarga.com\/corporatiu\/el-hospital-general-vuelve-a-abrir-quirofanos\/#breadcrumb"},"inLanguage":"ca","potentialAction":[{"@type":"ReadAction","target":["https:\/\/www.lafarga.com\/corporatiu\/el-hospital-general-vuelve-a-abrir-quirofanos\/"]}]},{"@type":"ImageObject","inLanguage":"ca","@id":"https:\/\/www.lafarga.com\/corporatiu\/el-hospital-general-vuelve-a-abrir-quirofanos\/#primaryimage","url":"https:\/\/www.lafarga.com\/corporatiu\/wp-content\/uploads\/2022\/06\/Diari-LH-Juny22.jpg","contentUrl":"https:\/\/www.lafarga.com\/corporatiu\/wp-content\/uploads\/2022\/06\/Diari-LH-Juny22.jpg","width":730,"height":410,"caption":"Hospital General Farga"},{"@type":"BreadcrumbList","@id":"https:\/\/www.lafarga.com\/corporatiu\/el-hospital-general-vuelve-a-abrir-quirofanos\/#breadcrumb","itemListElement":[{"@type":"ListItem","position":1,"name":"Home","item":"https:\/\/www.lafarga.com\/corporatiu\/lafarga-hospitalet-llobregat\/"},{"@type":"ListItem","position":2,"name":"El Hospital General vuelve a abrir quir\u00f3fanos"}]},{"@type":"WebSite","@id":"https:\/\/www.lafarga.com\/corporatiu\/#website","url":"https:\/\/www.lafarga.com\/corporatiu\/","name":"La Farga Gesti\u00f3 d&#039;Equipaments Municipals, SA","description":"","publisher":{"@id":"https:\/\/www.lafarga.com\/corporatiu\/#organization"},"potentialAction":[{"@type":"SearchAction","target":{"@type":"EntryPoint","urlTemplate":"https:\/\/www.lafarga.com\/corporatiu\/?s={search_term_string}"},"query-input":{"@type":"PropertyValueSpecification","valueRequired":true,"valueName":"search_term_string"}}],"inLanguage":"ca"},{"@type":"Organization","@id":"https:\/\/www.lafarga.com\/corporatiu\/#organization","name":"La Farga Gesti\u00f3 d&#039;Equipaments Municipals, SA","url":"https:\/\/www.lafarga.com\/corporatiu\/","logo":{"@type":"ImageObject","inLanguage":"ca","@id":"https:\/\/www.lafarga.com\/corporatiu\/#\/schema\/logo\/image\/","url":"https:\/\/www.lafarga.com\/corporatiu\/wp-content\/uploads\/2023\/11\/logotipo_lafarga_gemsa.svg","contentUrl":"https:\/\/www.lafarga.com\/corporatiu\/wp-content\/uploads\/2023\/11\/logotipo_lafarga_gemsa.svg","width":102,"height":103,"caption":"La Farga Gesti\u00f3 d&#039;Equipaments Municipals, SA"},"image":{"@id":"https:\/\/www.lafarga.com\/corporatiu\/#\/schema\/logo\/image\/"}},{"@type":"Person","@id":"https:\/\/www.lafarga.com\/corporatiu\/#\/schema\/person\/70d96fe17d0da1a9c9e80d232bdbcf33","name":"\u00d2scar Milla","image":{"@type":"ImageObject","inLanguage":"ca","@id":"https:\/\/secure.gravatar.com\/avatar\/92e75d184f9d5e0e403bd4ad075b080ad258344ddc259adddb579f6a3ba6494f?s=96&d=mm&r=g","url":"https:\/\/secure.gravatar.com\/avatar\/92e75d184f9d5e0e403bd4ad075b080ad258344ddc259adddb579f6a3ba6494f?s=96&d=mm&r=g","contentUrl":"https:\/\/secure.gravatar.com\/avatar\/92e75d184f9d5e0e403bd4ad075b080ad258344ddc259adddb579f6a3ba6494f?s=96&d=mm&r=g","caption":"\u00d2scar Milla"},"url":"https:\/\/www.lafarga.com\/corporatiu\/author\/omilla\/"}]}},"uagb_featured_image_src":{"full":["https:\/\/www.lafarga.com\/corporatiu\/wp-content\/uploads\/2022\/06\/Diari-LH-Juny22.jpg",730,410,false],"thumbnail":["https:\/\/www.lafarga.com\/corporatiu\/wp-content\/uploads\/2022\/06\/Diari-LH-Juny22-150x150.jpg",150,150,true],"medium":["https:\/\/www.lafarga.com\/corporatiu\/wp-content\/uploads\/2022\/06\/Diari-LH-Juny22-300x168.jpg",300,168,true],"medium_large":["https:\/\/www.lafarga.com\/corporatiu\/wp-content\/uploads\/2022\/06\/Diari-LH-Juny22.jpg",730,410,false],"large":["https:\/\/www.lafarga.com\/corporatiu\/wp-content\/uploads\/2022\/06\/Diari-LH-Juny22.jpg",730,410,false],"1536x1536":["https:\/\/www.lafarga.com\/corporatiu\/wp-content\/uploads\/2022\/06\/Diari-LH-Juny22.jpg",730,410,false],"2048x2048":["https:\/\/www.lafarga.com\/corporatiu\/wp-content\/uploads\/2022\/06\/Diari-LH-Juny22.jpg",730,410,false],"mailpoet_newsletter_max":["https:\/\/www.lafarga.com\/corporatiu\/wp-content\/uploads\/2022\/06\/Diari-LH-Juny22.jpg",730,410,false]},"uagb_author_info":{"display_name":"\u00d2scar Milla","author_link":"https:\/\/www.lafarga.com\/corporatiu\/author\/omilla\/"},"uagb_comment_info":0,"uagb_excerpt":"\"El Hospital General de L'Hospitalet vuelve a abrir los quir\u00f3fanos\" es el principal tema de portada del Diari de L'Hospitalet. A partir de septiembre ser\u00e1 de nuevo centro de referencia para pacientes de la zona norte.","_links":{"self":[{"href":"https:\/\/www.lafarga.com\/corporatiu\/wp-json\/wp\/v2\/posts\/16617","targetHints":{"allow":["GET"]}}],"collection":[{"href":"https:\/\/www.lafarga.com\/corporatiu\/wp-json\/wp\/v2\/posts"}],"about":[{"href":"https:\/\/www.lafarga.com\/corporatiu\/wp-json\/wp\/v2\/types\/post"}],"author":[{"embeddable":true,"href":"https:\/\/www.lafarga.com\/corporatiu\/wp-json\/wp\/v2\/users\/5"}],"replies":[{"embeddable":true,"href":"https:\/\/www.lafarga.com\/corporatiu\/wp-json\/wp\/v2\/comments?post=16617"}],"version-history":[{"count":2,"href":"https:\/\/www.lafarga.com\/corporatiu\/wp-json\/wp\/v2\/posts\/16617\/revisions"}],"predecessor-version":[{"id":16619,"href":"https:\/\/www.lafarga.com\/corporatiu\/wp-json\/wp\/v2\/posts\/16617\/revisions\/16619"}],"wp:featuredmedia":[{"embeddable":true,"href":"https:\/\/www.lafarga.com\/corporatiu\/wp-json\/wp\/v2\/media\/16615"}],"wp:attachment":[{"href":"https:\/\/www.lafarga.com\/corporatiu\/wp-json\/wp\/v2\/media?parent=16617"}],"wp:term":[{"taxonomy":"category","embeddable":true,"href":"https:\/\/www.lafarga.com\/corporatiu\/wp-json\/wp\/v2\/categories?post=16617"},{"taxonomy":"post_tag","embeddable":true,"href":"https:\/\/www.lafarga.com\/corporatiu\/wp-json\/wp\/v2\/tags?post=16617"}],"curies":[{"name":"wp","href":"https:\/\/api.w.org\/{rel}","templated":true}]}}