{"id":16556,"date":"2022-05-05T08:26:20","date_gmt":"2022-05-05T08:26:20","guid":{"rendered":"http:\/\/www.lafarga.com\/corporatiu\/?p=16556"},"modified":"2022-05-05T08:26:21","modified_gmt":"2022-05-05T08:26:21","slug":"llega-el-salon-exposolidos-polusolidos-y-expofluidos-ampliado-y-mejorado","status":"publish","type":"post","link":"https:\/\/www.lafarga.com\/corporatiu\/llega-el-salon-exposolidos-polusolidos-y-expofluidos-ampliado-y-mejorado\/","title":{"rendered":"Llega el sal\u00f3n Expos\u00f3lidos, Polus\u00f3lidos y Expofluidos, ampliado y mejorado"},"content":{"rendered":"\n<h5 class=\"wp-block-heading\">En La Farga de L\u2019Hospitalet y Feria de Cornell\u00e0 del 10 al 12 de mayo<\/h5>\n\n\n\n<p>Todo est\u00e1 listo para la celebraci\u00f3n de Expos\u00f3lidos en su 10\u00aa edici\u00f3n, acompa\u00f1ado de la tercera edici\u00f3n de Polus\u00f3lidos y la primera de Expofluidos.<\/p>\n\n\n\n<p>El Sal\u00f3n de la Tecnolog\u00eda y el Procesamiento de S\u00f3lidos, es la principal feria de sur de Europa especializada en la manipulaci\u00f3n y procesamiento de s\u00f3lidos, materiales a granel, polvo seco, semi s\u00f3lidos y separaci\u00f3n de s\u00f3lidos y l\u00edquidos.<\/p>\n\n\n\n<p>Adem\u00e1s, el certamen tendr\u00e1 una nueva edici\u00f3n de los Almuerzos s\u00f3lidos, este a\u00f1o con dos protagonistas destacados como Ra\u00fal Blanco, secretario general de Industria y PYME del Ministerio de Industria, Comercio y Turismo del Gobierno de Espa\u00f1a (Martes 10), y Santiago Ni\u00f1o Becerra, economista y catedr\u00e1tico de Estructura Econ\u00f3mica en la Universidad Ramon Llull de Barcelona (Mi\u00e9rcoles 11).<\/p>\n\n\n\n<p>Expos\u00f3lidos (<strong><a href=\"https:\/\/exposolidos.com\/\" target=\"_blank\" rel=\"noreferrer noopener\">www.exposolidos.com<\/a><\/strong>) ha evolucionado hacia un evento integral que da respuestas tecnol\u00f3gicas a cualquier proceso industrial de cualquier sector.<\/p>\n\n\n\n<p>El objetivo de este ambicioso proyecto es ofrecer a los visitantes una respuesta integral a todas las necesidades tecnol\u00f3gicas en sus procesos industriales, ya sea en el uso de s\u00f3lidos, el de fluidos o en el de captar y filtrar cualquier contaminante que se produzca durante los procesos.<\/p>\n\n\n\n<h5 class=\"wp-block-heading\">Dos recintos para un gran sal\u00f3n<\/h5>\n\n\n\n<p>Esta ampliaci\u00f3n de la oferta ha captado el inter\u00e9s de las empresas expositoras potenciales y ya se ha superado la cifra de expositores de la \u00faltima edici\u00f3n, incrementando, el espacio ocupado y con un segundo recinto, como el de Fira de Cornell\u00e0 para satisfacer a expositores y visitantes.<\/p>\n\n\n\n<p>El \u00e9xito de la convocatoria tambi\u00e9n est\u00e1 motivado por la buena valoraci\u00f3n que los expositores que participaron en la&nbsp;<strong><a href=\"http:\/\/www.lafargalhospitalet.com\/exito-exposolidos-polusolidos-6000-visitantes\/\" target=\"_blank\" rel=\"noreferrer noopener\">\u00faltima edici\u00f3n<\/a><\/strong>&nbsp;realizaron del evento. Es una feria industrial donde se realizan negocios, en la que los profesionales que la visitan lo hacen para exponer las necesidades tecnol\u00f3gicas de sus procesos.<\/p>\n\n\n\n<p>Esto explica que EXPOS\u00d3LIDOS, POLUS\u00d3LIDOS y EXPOFLUIDOS sea considerado por los profesionales el evento industrial m\u00e1s \u00fatil y mejor valorado de Espa\u00f1a.<\/p>\n\n\n\n<p>En un momento donde se vislumbran a corto plazo grandes cambios en los procesos productivos, donde t\u00e9rminos como: Industria 5.0, implementaci\u00f3n de la rob\u00f3tica en todos los \u00e1mbitos de producci\u00f3n, uso del\u00a0<em>big data<\/em>\u00a0en la industria, emisiones cero, uso de energ\u00eda limpia, productos medioambientalmente sostenibles, entre otros, han motivado ampliar la capacidad del sal\u00f3n con los recintos de La Farga de L\u2019Hospitalet y Fira de Cornell\u00e0.<\/p>\n\n\n\n<figure class=\"wp-block-embed is-type-video is-provider-youtube wp-block-embed-youtube wp-embed-aspect-16-9 wp-has-aspect-ratio\"><div class=\"wp-block-embed__wrapper\">\n<iframe loading=\"lazy\" title=\"EXPOSOLIDOS \/ POLUSOLIDOS 2022\" width=\"500\" height=\"281\" src=\"https:\/\/www.youtube.com\/embed\/vyrDiqzT9hs?feature=oembed\" frameborder=\"0\" allow=\"accelerometer; autoplay; clipboard-write; encrypted-media; gyroscope; picture-in-picture; web-share\" referrerpolicy=\"strict-origin-when-cross-origin\" allowfullscreen><\/iframe>\n<\/div><\/figure>\n","protected":false},"excerpt":{"rendered":"<p>Todo est\u00e1 listo para la celebraci\u00f3n de Expos\u00f3lidos en su 10\u00aa edici\u00f3n, acompa\u00f1ado de la tercera edici\u00f3n de Polus\u00f3lidos y la primera de Expofluidos.<\/p>\n","protected":false},"author":5,"featured_media":12938,"comment_status":"closed","ping_status":"closed","sticky":false,"template":"","format":"standard","meta":{"inline_featured_image":false,"_uag_custom_page_level_css":"","_monsterinsights_skip_tracking":false,"_monsterinsights_sitenote_active":false,"_monsterinsights_sitenote_note":"","_monsterinsights_sitenote_category":0,"site-sidebar-layout":"default","site-content-layout":"","ast-site-content-layout":"default","site-content-style":"default","site-sidebar-style":"default","ast-global-header-display":"","ast-banner-title-visibility":"","ast-main-header-display":"","ast-hfb-above-header-display":"","ast-hfb-below-header-display":"","ast-hfb-mobile-header-display":"","site-post-title":"","ast-breadcrumbs-content":"","ast-featured-img":"","footer-sml-layout":"","ast-disable-related-posts":"","theme-transparent-header-meta":"","adv-header-id-meta":"","stick-header-meta":"","header-above-stick-meta":"","header-main-stick-meta":"","header-below-stick-meta":"","astra-migrate-meta-layouts":"default","ast-page-background-enabled":"default","ast-page-background-meta":{"desktop":{"background-color":"var(--ast-global-color-4)","background-image":"","background-repeat":"repeat","background-position":"center center","background-size":"auto","background-attachment":"scroll","background-type":"","background-media":"","overlay-type":"","overlay-color":"","overlay-opacity":"","overlay-gradient":""},"tablet":{"background-color":"","background-image":"","background-repeat":"repeat","background-position":"center center","background-size":"auto","background-attachment":"scroll","background-type":"","background-media":"","overlay-type":"","overlay-color":"","overlay-opacity":"","overlay-gradient":""},"mobile":{"background-color":"","background-image":"","background-repeat":"repeat","background-position":"center center","background-size":"auto","background-attachment":"scroll","background-type":"","background-media":"","overlay-type":"","overlay-color":"","overlay-opacity":"","overlay-gradient":""}},"ast-content-background-meta":{"desktop":{"background-color":"var(--ast-global-color-5)","background-image":"","background-repeat":"repeat","background-position":"center center","background-size":"auto","background-attachment":"scroll","background-type":"","background-media":"","overlay-type":"","overlay-color":"","overlay-opacity":"","overlay-gradient":""},"tablet":{"background-color":"var(--ast-global-color-5)","background-image":"","background-repeat":"repeat","background-position":"center center","background-size":"auto","background-attachment":"scroll","background-type":"","background-media":"","overlay-type":"","overlay-color":"","overlay-opacity":"","overlay-gradient":""},"mobile":{"background-color":"var(--ast-global-color-5)","background-image":"","background-repeat":"repeat","background-position":"center center","background-size":"auto","background-attachment":"scroll","background-type":"","background-media":"","overlay-type":"","overlay-color":"","overlay-opacity":"","overlay-gradient":""}},"footnotes":""},"categories":[73],"tags":[],"class_list":["post-16556","post","type-post","status-publish","format-standard","has-post-thumbnail","hentry","category-centro-de-actividades"],"yoast_head":"<!-- This site is optimized with the Yoast SEO plugin v27.5 - https:\/\/yoast.com\/product\/yoast-seo-wordpress\/ -->\n<title>Llega el sal\u00f3n Expos\u00f3lidos, Polus\u00f3lidos y Expofluidos, ampliado y mejorado - La Farga Gesti\u00f3n de Equipamientos Municipales, S.A.<\/title>\n<meta name=\"description\" content=\"Todo est\u00e1 listo para la celebraci\u00f3n de Expos\u00f3lidos en su 10\u00aa edici\u00f3n, acompa\u00f1ado de la tercera edici\u00f3n de Polus\u00f3lidos y la primera de Expofluidos.\" \/>\n<meta name=\"robots\" content=\"index, follow, max-snippet:-1, max-image-preview:large, max-video-preview:-1\" \/>\n<link rel=\"canonical\" href=\"https:\/\/www.lafarga.com\/corporatiu\/llega-el-salon-exposolidos-polusolidos-y-expofluidos-ampliado-y-mejorado\/\" \/>\n<meta property=\"og:locale\" content=\"ca_ES\" \/>\n<meta property=\"og:type\" content=\"article\" \/>\n<meta property=\"og:title\" content=\"Llega el sal\u00f3n Expos\u00f3lidos, Polus\u00f3lidos y Expofluidos, ampliado y mejorado - La Farga Gesti\u00f3n de Equipamientos Municipales, S.A.\" \/>\n<meta property=\"og:description\" content=\"Todo est\u00e1 listo para la celebraci\u00f3n de Expos\u00f3lidos en su 10\u00aa edici\u00f3n, acompa\u00f1ado de la tercera edici\u00f3n de Polus\u00f3lidos y la primera de Expofluidos.\" \/>\n<meta property=\"og:url\" content=\"https:\/\/www.lafarga.com\/corporatiu\/llega-el-salon-exposolidos-polusolidos-y-expofluidos-ampliado-y-mejorado\/\" \/>\n<meta property=\"og:site_name\" content=\"La Farga Gesti\u00f3n de Equipamientos Municipales, S.A.\" \/>\n<meta property=\"article:published_time\" content=\"2022-05-05T08:26:20+00:00\" \/>\n<meta property=\"article:modified_time\" content=\"2022-05-05T08:26:21+00:00\" \/>\n<meta property=\"og:image\" content=\"https:\/\/www.lafarga.com\/corporatiu\/wp-content\/uploads\/2019\/02\/exposolidos-farga.jpg\" \/>\n\t<meta property=\"og:image:width\" content=\"730\" \/>\n\t<meta property=\"og:image:height\" content=\"410\" \/>\n\t<meta property=\"og:image:type\" content=\"image\/jpeg\" \/>\n<meta name=\"author\" content=\"\u00d2scar Milla\" \/>\n<meta name=\"twitter:label1\" content=\"Escrit per\" \/>\n\t<meta name=\"twitter:data1\" content=\"\u00d2scar Milla\" \/>\n\t<meta name=\"twitter:label2\" content=\"Temps estimat de lectura\" \/>\n\t<meta name=\"twitter:data2\" content=\"3 minuts\" \/>\n<script type=\"application\/ld+json\" class=\"yoast-schema-graph\">{\"@context\":\"https:\\\/\\\/schema.org\",\"@graph\":[{\"@type\":\"Article\",\"@id\":\"https:\\\/\\\/www.lafarga.com\\\/corporatiu\\\/llega-el-salon-exposolidos-polusolidos-y-expofluidos-ampliado-y-mejorado\\\/#article\",\"isPartOf\":{\"@id\":\"https:\\\/\\\/www.lafarga.com\\\/corporatiu\\\/llega-el-salon-exposolidos-polusolidos-y-expofluidos-ampliado-y-mejorado\\\/\"},\"author\":{\"name\":\"\u00d2scar Milla\",\"@id\":\"https:\\\/\\\/www.lafarga.com\\\/corporatiu\\\/#\\\/schema\\\/person\\\/70d96fe17d0da1a9c9e80d232bdbcf33\"},\"headline\":\"Llega el sal\u00f3n Expos\u00f3lidos, Polus\u00f3lidos y Expofluidos, ampliado y mejorado\",\"datePublished\":\"2022-05-05T08:26:20+00:00\",\"dateModified\":\"2022-05-05T08:26:21+00:00\",\"mainEntityOfPage\":{\"@id\":\"https:\\\/\\\/www.lafarga.com\\\/corporatiu\\\/llega-el-salon-exposolidos-polusolidos-y-expofluidos-ampliado-y-mejorado\\\/\"},\"wordCount\":461,\"publisher\":{\"@id\":\"https:\\\/\\\/www.lafarga.com\\\/corporatiu\\\/#organization\"},\"image\":{\"@id\":\"https:\\\/\\\/www.lafarga.com\\\/corporatiu\\\/llega-el-salon-exposolidos-polusolidos-y-expofluidos-ampliado-y-mejorado\\\/#primaryimage\"},\"thumbnailUrl\":\"https:\\\/\\\/www.lafarga.com\\\/corporatiu\\\/wp-content\\\/uploads\\\/2019\\\/02\\\/exposolidos-farga.jpg\",\"articleSection\":[\"Centro de Actividades\"],\"inLanguage\":\"ca\"},{\"@type\":\"WebPage\",\"@id\":\"https:\\\/\\\/www.lafarga.com\\\/corporatiu\\\/llega-el-salon-exposolidos-polusolidos-y-expofluidos-ampliado-y-mejorado\\\/\",\"url\":\"https:\\\/\\\/www.lafarga.com\\\/corporatiu\\\/llega-el-salon-exposolidos-polusolidos-y-expofluidos-ampliado-y-mejorado\\\/\",\"name\":\"Llega el sal\u00f3n Expos\u00f3lidos, Polus\u00f3lidos y Expofluidos, ampliado y mejorado - La Farga Gesti\u00f3n de Equipamientos Municipales, S.A.\",\"isPartOf\":{\"@id\":\"https:\\\/\\\/www.lafarga.com\\\/corporatiu\\\/#website\"},\"primaryImageOfPage\":{\"@id\":\"https:\\\/\\\/www.lafarga.com\\\/corporatiu\\\/llega-el-salon-exposolidos-polusolidos-y-expofluidos-ampliado-y-mejorado\\\/#primaryimage\"},\"image\":{\"@id\":\"https:\\\/\\\/www.lafarga.com\\\/corporatiu\\\/llega-el-salon-exposolidos-polusolidos-y-expofluidos-ampliado-y-mejorado\\\/#primaryimage\"},\"thumbnailUrl\":\"https:\\\/\\\/www.lafarga.com\\\/corporatiu\\\/wp-content\\\/uploads\\\/2019\\\/02\\\/exposolidos-farga.jpg\",\"datePublished\":\"2022-05-05T08:26:20+00:00\",\"dateModified\":\"2022-05-05T08:26:21+00:00\",\"description\":\"Todo est\u00e1 listo para la celebraci\u00f3n de Expos\u00f3lidos en su 10\u00aa edici\u00f3n, acompa\u00f1ado de la tercera edici\u00f3n de Polus\u00f3lidos y la primera de Expofluidos.\",\"breadcrumb\":{\"@id\":\"https:\\\/\\\/www.lafarga.com\\\/corporatiu\\\/llega-el-salon-exposolidos-polusolidos-y-expofluidos-ampliado-y-mejorado\\\/#breadcrumb\"},\"inLanguage\":\"ca\",\"potentialAction\":[{\"@type\":\"ReadAction\",\"target\":[\"https:\\\/\\\/www.lafarga.com\\\/corporatiu\\\/llega-el-salon-exposolidos-polusolidos-y-expofluidos-ampliado-y-mejorado\\\/\"]}]},{\"@type\":\"ImageObject\",\"inLanguage\":\"ca\",\"@id\":\"https:\\\/\\\/www.lafarga.com\\\/corporatiu\\\/llega-el-salon-exposolidos-polusolidos-y-expofluidos-ampliado-y-mejorado\\\/#primaryimage\",\"url\":\"https:\\\/\\\/www.lafarga.com\\\/corporatiu\\\/wp-content\\\/uploads\\\/2019\\\/02\\\/exposolidos-farga.jpg\",\"contentUrl\":\"https:\\\/\\\/www.lafarga.com\\\/corporatiu\\\/wp-content\\\/uploads\\\/2019\\\/02\\\/exposolidos-farga.jpg\",\"width\":730,\"height\":410,\"caption\":\"Exposolidos Farga Polusolidos\"},{\"@type\":\"BreadcrumbList\",\"@id\":\"https:\\\/\\\/www.lafarga.com\\\/corporatiu\\\/llega-el-salon-exposolidos-polusolidos-y-expofluidos-ampliado-y-mejorado\\\/#breadcrumb\",\"itemListElement\":[{\"@type\":\"ListItem\",\"position\":1,\"name\":\"Home\",\"item\":\"https:\\\/\\\/www.lafarga.com\\\/corporatiu\\\/lafarga-hospitalet-llobregat\\\/\"},{\"@type\":\"ListItem\",\"position\":2,\"name\":\"Llega el sal\u00f3n Expos\u00f3lidos, Polus\u00f3lidos y Expofluidos, ampliado y mejorado\"}]},{\"@type\":\"WebSite\",\"@id\":\"https:\\\/\\\/www.lafarga.com\\\/corporatiu\\\/#website\",\"url\":\"https:\\\/\\\/www.lafarga.com\\\/corporatiu\\\/\",\"name\":\"La Farga Gesti\u00f3 d&#039;Equipaments Municipals, SA\",\"description\":\"\",\"publisher\":{\"@id\":\"https:\\\/\\\/www.lafarga.com\\\/corporatiu\\\/#organization\"},\"potentialAction\":[{\"@type\":\"SearchAction\",\"target\":{\"@type\":\"EntryPoint\",\"urlTemplate\":\"https:\\\/\\\/www.lafarga.com\\\/corporatiu\\\/?s={search_term_string}\"},\"query-input\":{\"@type\":\"PropertyValueSpecification\",\"valueRequired\":true,\"valueName\":\"search_term_string\"}}],\"inLanguage\":\"ca\"},{\"@type\":\"Organization\",\"@id\":\"https:\\\/\\\/www.lafarga.com\\\/corporatiu\\\/#organization\",\"name\":\"La Farga Gesti\u00f3 d&#039;Equipaments Municipals, SA\",\"url\":\"https:\\\/\\\/www.lafarga.com\\\/corporatiu\\\/\",\"logo\":{\"@type\":\"ImageObject\",\"inLanguage\":\"ca\",\"@id\":\"https:\\\/\\\/www.lafarga.com\\\/corporatiu\\\/#\\\/schema\\\/logo\\\/image\\\/\",\"url\":\"https:\\\/\\\/www.lafarga.com\\\/corporatiu\\\/wp-content\\\/uploads\\\/2023\\\/11\\\/logotipo_lafarga_gemsa.svg\",\"contentUrl\":\"https:\\\/\\\/www.lafarga.com\\\/corporatiu\\\/wp-content\\\/uploads\\\/2023\\\/11\\\/logotipo_lafarga_gemsa.svg\",\"width\":102,\"height\":103,\"caption\":\"La Farga Gesti\u00f3 d&#039;Equipaments Municipals, SA\"},\"image\":{\"@id\":\"https:\\\/\\\/www.lafarga.com\\\/corporatiu\\\/#\\\/schema\\\/logo\\\/image\\\/\"}},{\"@type\":\"Person\",\"@id\":\"https:\\\/\\\/www.lafarga.com\\\/corporatiu\\\/#\\\/schema\\\/person\\\/70d96fe17d0da1a9c9e80d232bdbcf33\",\"name\":\"\u00d2scar Milla\",\"image\":{\"@type\":\"ImageObject\",\"inLanguage\":\"ca\",\"@id\":\"https:\\\/\\\/secure.gravatar.com\\\/avatar\\\/92e75d184f9d5e0e403bd4ad075b080ad258344ddc259adddb579f6a3ba6494f?s=96&d=mm&r=g\",\"url\":\"https:\\\/\\\/secure.gravatar.com\\\/avatar\\\/92e75d184f9d5e0e403bd4ad075b080ad258344ddc259adddb579f6a3ba6494f?s=96&d=mm&r=g\",\"contentUrl\":\"https:\\\/\\\/secure.gravatar.com\\\/avatar\\\/92e75d184f9d5e0e403bd4ad075b080ad258344ddc259adddb579f6a3ba6494f?s=96&d=mm&r=g\",\"caption\":\"\u00d2scar Milla\"},\"url\":\"https:\\\/\\\/www.lafarga.com\\\/corporatiu\\\/author\\\/omilla\\\/\"}]}<\/script>\n<!-- \/ Yoast SEO plugin. -->","yoast_head_json":{"title":"Llega el sal\u00f3n Expos\u00f3lidos, Polus\u00f3lidos y Expofluidos, ampliado y mejorado - La Farga Gesti\u00f3n de Equipamientos Municipales, S.A.","description":"Todo est\u00e1 listo para la celebraci\u00f3n de Expos\u00f3lidos en su 10\u00aa edici\u00f3n, acompa\u00f1ado de la tercera edici\u00f3n de Polus\u00f3lidos y la primera de Expofluidos.","robots":{"index":"index","follow":"follow","max-snippet":"max-snippet:-1","max-image-preview":"max-image-preview:large","max-video-preview":"max-video-preview:-1"},"canonical":"https:\/\/www.lafarga.com\/corporatiu\/llega-el-salon-exposolidos-polusolidos-y-expofluidos-ampliado-y-mejorado\/","og_locale":"ca_ES","og_type":"article","og_title":"Llega el sal\u00f3n Expos\u00f3lidos, Polus\u00f3lidos y Expofluidos, ampliado y mejorado - La Farga Gesti\u00f3n de Equipamientos Municipales, S.A.","og_description":"Todo est\u00e1 listo para la celebraci\u00f3n de Expos\u00f3lidos en su 10\u00aa edici\u00f3n, acompa\u00f1ado de la tercera edici\u00f3n de Polus\u00f3lidos y la primera de Expofluidos.","og_url":"https:\/\/www.lafarga.com\/corporatiu\/llega-el-salon-exposolidos-polusolidos-y-expofluidos-ampliado-y-mejorado\/","og_site_name":"La Farga Gesti\u00f3n de Equipamientos Municipales, S.A.","article_published_time":"2022-05-05T08:26:20+00:00","article_modified_time":"2022-05-05T08:26:21+00:00","og_image":[{"width":730,"height":410,"url":"https:\/\/www.lafarga.com\/corporatiu\/wp-content\/uploads\/2019\/02\/exposolidos-farga.jpg","type":"image\/jpeg"}],"author":"\u00d2scar Milla","twitter_misc":{"Escrit per":"\u00d2scar Milla","Temps estimat de lectura":"3 minuts"},"schema":{"@context":"https:\/\/schema.org","@graph":[{"@type":"Article","@id":"https:\/\/www.lafarga.com\/corporatiu\/llega-el-salon-exposolidos-polusolidos-y-expofluidos-ampliado-y-mejorado\/#article","isPartOf":{"@id":"https:\/\/www.lafarga.com\/corporatiu\/llega-el-salon-exposolidos-polusolidos-y-expofluidos-ampliado-y-mejorado\/"},"author":{"name":"\u00d2scar Milla","@id":"https:\/\/www.lafarga.com\/corporatiu\/#\/schema\/person\/70d96fe17d0da1a9c9e80d232bdbcf33"},"headline":"Llega el sal\u00f3n Expos\u00f3lidos, Polus\u00f3lidos y Expofluidos, ampliado y mejorado","datePublished":"2022-05-05T08:26:20+00:00","dateModified":"2022-05-05T08:26:21+00:00","mainEntityOfPage":{"@id":"https:\/\/www.lafarga.com\/corporatiu\/llega-el-salon-exposolidos-polusolidos-y-expofluidos-ampliado-y-mejorado\/"},"wordCount":461,"publisher":{"@id":"https:\/\/www.lafarga.com\/corporatiu\/#organization"},"image":{"@id":"https:\/\/www.lafarga.com\/corporatiu\/llega-el-salon-exposolidos-polusolidos-y-expofluidos-ampliado-y-mejorado\/#primaryimage"},"thumbnailUrl":"https:\/\/www.lafarga.com\/corporatiu\/wp-content\/uploads\/2019\/02\/exposolidos-farga.jpg","articleSection":["Centro de Actividades"],"inLanguage":"ca"},{"@type":"WebPage","@id":"https:\/\/www.lafarga.com\/corporatiu\/llega-el-salon-exposolidos-polusolidos-y-expofluidos-ampliado-y-mejorado\/","url":"https:\/\/www.lafarga.com\/corporatiu\/llega-el-salon-exposolidos-polusolidos-y-expofluidos-ampliado-y-mejorado\/","name":"Llega el sal\u00f3n Expos\u00f3lidos, Polus\u00f3lidos y Expofluidos, ampliado y mejorado - La Farga Gesti\u00f3n de Equipamientos Municipales, S.A.","isPartOf":{"@id":"https:\/\/www.lafarga.com\/corporatiu\/#website"},"primaryImageOfPage":{"@id":"https:\/\/www.lafarga.com\/corporatiu\/llega-el-salon-exposolidos-polusolidos-y-expofluidos-ampliado-y-mejorado\/#primaryimage"},"image":{"@id":"https:\/\/www.lafarga.com\/corporatiu\/llega-el-salon-exposolidos-polusolidos-y-expofluidos-ampliado-y-mejorado\/#primaryimage"},"thumbnailUrl":"https:\/\/www.lafarga.com\/corporatiu\/wp-content\/uploads\/2019\/02\/exposolidos-farga.jpg","datePublished":"2022-05-05T08:26:20+00:00","dateModified":"2022-05-05T08:26:21+00:00","description":"Todo est\u00e1 listo para la celebraci\u00f3n de Expos\u00f3lidos en su 10\u00aa edici\u00f3n, acompa\u00f1ado de la tercera edici\u00f3n de Polus\u00f3lidos y la primera de Expofluidos.","breadcrumb":{"@id":"https:\/\/www.lafarga.com\/corporatiu\/llega-el-salon-exposolidos-polusolidos-y-expofluidos-ampliado-y-mejorado\/#breadcrumb"},"inLanguage":"ca","potentialAction":[{"@type":"ReadAction","target":["https:\/\/www.lafarga.com\/corporatiu\/llega-el-salon-exposolidos-polusolidos-y-expofluidos-ampliado-y-mejorado\/"]}]},{"@type":"ImageObject","inLanguage":"ca","@id":"https:\/\/www.lafarga.com\/corporatiu\/llega-el-salon-exposolidos-polusolidos-y-expofluidos-ampliado-y-mejorado\/#primaryimage","url":"https:\/\/www.lafarga.com\/corporatiu\/wp-content\/uploads\/2019\/02\/exposolidos-farga.jpg","contentUrl":"https:\/\/www.lafarga.com\/corporatiu\/wp-content\/uploads\/2019\/02\/exposolidos-farga.jpg","width":730,"height":410,"caption":"Exposolidos Farga Polusolidos"},{"@type":"BreadcrumbList","@id":"https:\/\/www.lafarga.com\/corporatiu\/llega-el-salon-exposolidos-polusolidos-y-expofluidos-ampliado-y-mejorado\/#breadcrumb","itemListElement":[{"@type":"ListItem","position":1,"name":"Home","item":"https:\/\/www.lafarga.com\/corporatiu\/lafarga-hospitalet-llobregat\/"},{"@type":"ListItem","position":2,"name":"Llega el sal\u00f3n Expos\u00f3lidos, Polus\u00f3lidos y Expofluidos, ampliado y mejorado"}]},{"@type":"WebSite","@id":"https:\/\/www.lafarga.com\/corporatiu\/#website","url":"https:\/\/www.lafarga.com\/corporatiu\/","name":"La Farga Gesti\u00f3 d&#039;Equipaments Municipals, SA","description":"","publisher":{"@id":"https:\/\/www.lafarga.com\/corporatiu\/#organization"},"potentialAction":[{"@type":"SearchAction","target":{"@type":"EntryPoint","urlTemplate":"https:\/\/www.lafarga.com\/corporatiu\/?s={search_term_string}"},"query-input":{"@type":"PropertyValueSpecification","valueRequired":true,"valueName":"search_term_string"}}],"inLanguage":"ca"},{"@type":"Organization","@id":"https:\/\/www.lafarga.com\/corporatiu\/#organization","name":"La Farga Gesti\u00f3 d&#039;Equipaments Municipals, SA","url":"https:\/\/www.lafarga.com\/corporatiu\/","logo":{"@type":"ImageObject","inLanguage":"ca","@id":"https:\/\/www.lafarga.com\/corporatiu\/#\/schema\/logo\/image\/","url":"https:\/\/www.lafarga.com\/corporatiu\/wp-content\/uploads\/2023\/11\/logotipo_lafarga_gemsa.svg","contentUrl":"https:\/\/www.lafarga.com\/corporatiu\/wp-content\/uploads\/2023\/11\/logotipo_lafarga_gemsa.svg","width":102,"height":103,"caption":"La Farga Gesti\u00f3 d&#039;Equipaments Municipals, SA"},"image":{"@id":"https:\/\/www.lafarga.com\/corporatiu\/#\/schema\/logo\/image\/"}},{"@type":"Person","@id":"https:\/\/www.lafarga.com\/corporatiu\/#\/schema\/person\/70d96fe17d0da1a9c9e80d232bdbcf33","name":"\u00d2scar Milla","image":{"@type":"ImageObject","inLanguage":"ca","@id":"https:\/\/secure.gravatar.com\/avatar\/92e75d184f9d5e0e403bd4ad075b080ad258344ddc259adddb579f6a3ba6494f?s=96&d=mm&r=g","url":"https:\/\/secure.gravatar.com\/avatar\/92e75d184f9d5e0e403bd4ad075b080ad258344ddc259adddb579f6a3ba6494f?s=96&d=mm&r=g","contentUrl":"https:\/\/secure.gravatar.com\/avatar\/92e75d184f9d5e0e403bd4ad075b080ad258344ddc259adddb579f6a3ba6494f?s=96&d=mm&r=g","caption":"\u00d2scar Milla"},"url":"https:\/\/www.lafarga.com\/corporatiu\/author\/omilla\/"}]}},"uagb_featured_image_src":{"full":["https:\/\/www.lafarga.com\/corporatiu\/wp-content\/uploads\/2019\/02\/exposolidos-farga.jpg",730,410,false],"thumbnail":["https:\/\/www.lafarga.com\/corporatiu\/wp-content\/uploads\/2019\/02\/exposolidos-farga-150x150.jpg",150,150,true],"medium":["https:\/\/www.lafarga.com\/corporatiu\/wp-content\/uploads\/2019\/02\/exposolidos-farga-300x168.jpg",300,168,true],"medium_large":["https:\/\/www.lafarga.com\/corporatiu\/wp-content\/uploads\/2019\/02\/exposolidos-farga.jpg",730,410,false],"large":["https:\/\/www.lafarga.com\/corporatiu\/wp-content\/uploads\/2019\/02\/exposolidos-farga.jpg",730,410,false],"1536x1536":["https:\/\/www.lafarga.com\/corporatiu\/wp-content\/uploads\/2019\/02\/exposolidos-farga.jpg",730,410,false],"2048x2048":["https:\/\/www.lafarga.com\/corporatiu\/wp-content\/uploads\/2019\/02\/exposolidos-farga.jpg",730,410,false],"mailpoet_newsletter_max":["https:\/\/www.lafarga.com\/corporatiu\/wp-content\/uploads\/2019\/02\/exposolidos-farga.jpg",730,410,false]},"uagb_author_info":{"display_name":"\u00d2scar Milla","author_link":"https:\/\/www.lafarga.com\/corporatiu\/author\/omilla\/"},"uagb_comment_info":0,"uagb_excerpt":"Todo est\u00e1 listo para la celebraci\u00f3n de Expos\u00f3lidos en su 10\u00aa edici\u00f3n, acompa\u00f1ado de la tercera edici\u00f3n de Polus\u00f3lidos y la primera de Expofluidos.","_links":{"self":[{"href":"https:\/\/www.lafarga.com\/corporatiu\/wp-json\/wp\/v2\/posts\/16556","targetHints":{"allow":["GET"]}}],"collection":[{"href":"https:\/\/www.lafarga.com\/corporatiu\/wp-json\/wp\/v2\/posts"}],"about":[{"href":"https:\/\/www.lafarga.com\/corporatiu\/wp-json\/wp\/v2\/types\/post"}],"author":[{"embeddable":true,"href":"https:\/\/www.lafarga.com\/corporatiu\/wp-json\/wp\/v2\/users\/5"}],"replies":[{"embeddable":true,"href":"https:\/\/www.lafarga.com\/corporatiu\/wp-json\/wp\/v2\/comments?post=16556"}],"version-history":[{"count":1,"href":"https:\/\/www.lafarga.com\/corporatiu\/wp-json\/wp\/v2\/posts\/16556\/revisions"}],"predecessor-version":[{"id":16557,"href":"https:\/\/www.lafarga.com\/corporatiu\/wp-json\/wp\/v2\/posts\/16556\/revisions\/16557"}],"wp:featuredmedia":[{"embeddable":true,"href":"https:\/\/www.lafarga.com\/corporatiu\/wp-json\/wp\/v2\/media\/12938"}],"wp:attachment":[{"href":"https:\/\/www.lafarga.com\/corporatiu\/wp-json\/wp\/v2\/media?parent=16556"}],"wp:term":[{"taxonomy":"category","embeddable":true,"href":"https:\/\/www.lafarga.com\/corporatiu\/wp-json\/wp\/v2\/categories?post=16556"},{"taxonomy":"post_tag","embeddable":true,"href":"https:\/\/www.lafarga.com\/corporatiu\/wp-json\/wp\/v2\/tags?post=16556"}],"curies":[{"name":"wp","href":"https:\/\/api.w.org\/{rel}","templated":true}]}}