{"id":16473,"date":"2022-03-23T11:16:54","date_gmt":"2022-03-23T11:16:54","guid":{"rendered":"http:\/\/www.lafarga.com\/corporatiu\/?p=16473"},"modified":"2022-03-23T11:16:56","modified_gmt":"2022-03-23T11:16:56","slug":"cuenta-atras-para-la-innbrew-the-brewers-convention","status":"publish","type":"post","link":"https:\/\/www.lafarga.com\/corporatiu\/cuenta-atras-para-la-innbrew-the-brewers-convention\/","title":{"rendered":"Cuenta atr\u00e1s para la InnBrew, The Brewers Convention"},"content":{"rendered":"\n<h5 class=\"wp-block-heading\">El certamen ser\u00e1 del 31 de marzo al 2 de abril y albergar\u00e1 la gran final del Barcelona Beer Challenge, que da a conocer la Mejor Cervecera del A\u00f1o, entre otros premios.<\/h5>\n\n\n\n<p>Tras el \u00e9xito de la\u00a0<strong><a href=\"https:\/\/www.lafarga.com\/corporatiu\/la-i-edicion-de-la-innbrew-se-estrena-con-exito-asegurando-su-continuidad\/\" target=\"_blank\" rel=\"noreferrer noopener\">primera edici\u00f3n<\/a><\/strong>, celebrada en julio de 2021, regresa a La Farga de L\u2019Hospitalet la\u00a0<strong><a href=\"https:\/\/innbrew.com\/es\/inicio\/\" target=\"_blank\" rel=\"noreferrer noopener\">InnBrew, The Brewers Convention<\/a><\/strong>, el punto de encuentro y de referencia del sector profesional de la cerveza artesana del Sur de Europa.<\/p>\n\n\n\n<p>En el marco de la InnBrew, tambi\u00e9n se har\u00e1 entrega del prestigioso Steve Huxley, el premio a toda una trayectoria en el mundo de la cerveza.<\/p>\n\n\n\n<p>Todo est\u00e1 preparado para una gala de entrega de los Barcelona Beer Challenge. De hecho, los jueces del concurso ya se dieron cita los pasados 3, 4 y 5 de marzo, en el Cluster Craft Beer de Lli\u00e7\u00e0 d\u2019Amunt, para catar y evaluar las 1.315 cervezas de 215 cerveceras participantes, n\u00fameros que han batido todos los r\u00e9cords de ediciones anteriores y que confirman al certamen como todo un referente cervecero del pa\u00eds.<\/p>\n\n\n\n<p>Y es que, este a\u00f1o, adem\u00e1s, el certamen ha podido recuperar al 100% su car\u00e1cter internacional, invitando a jueces de 15 nacionalidades diferentes, que han aportado su experiencia en la evaluaci\u00f3n organol\u00e9ptica de las cervezas. Han sido en total 60 jueces profesionales los encargados de evaluar y puntuar a las cervezas participantes, cuyos resultados se dar\u00e1n a conocer el pr\u00f3ximo s\u00e1bado 2 de abril.<\/p>\n\n\n\n<h5 class=\"wp-block-heading\">Mejor Cervecera del A\u00f1o<\/h5>\n\n\n\n<p>El concurso est\u00e1 dividido en 64 categor\u00edas de cervezas, en las que se conceden medallas de oro, plata y bronce. La cervecera con m\u00e1s medallas recibe el galard\u00f3n de Mejor Cervecera del A\u00f1o, t\u00edtulo que en la actualidad ostenta Basqueland Brewing. El mismo premio se establece para las f\u00e1bricas de reciente creaci\u00f3n, con el premio Cervecera Novel del A\u00f1o, que est\u00e1 en posesi\u00f3n actualmente de la italiana Torre Mozza. Finalmente, el tercer \u201cpremio gordo\u201d es el Premio a la Innovaci\u00f3n\u2013Molina for Brewers que distingue la creatividad en el proceso cervecero y que en la edici\u00f3n anterior gan\u00f3 la murciana C\u00e1tedra Beer.<br><br>En esta gala tambi\u00e9n se entregar\u00e1 el Premio Steve Huxley, a toda una trayectoria, un galard\u00f3n que normalmente se recibe con gran honor y emoci\u00f3n, como lo hizo su anterior ganador, Andrew Dougall. En esta edici\u00f3n, optan al prestigioso galard\u00f3n Guillem Laporta, de Homo Sibaris; Susana Giner, de 2D2Dspuma; Boris de Mesones, de Boris de Mesones Ingenieria Cervecera; Guzm\u00e1n Fern\u00e1ndez, del Cluster Craft Beer; y Salvador Marimon, de Install Beer.<\/p>\n\n\n\n<h5 class=\"wp-block-heading\">Una Innbrew con m\u00e1s formaci\u00f3n, debate e innovaci\u00f3n<\/h5>\n\n\n\n<p>Por lo que se refiere la Innbrew, sus organizadores (The Beer Events) est\u00e1n preparando una segunda edici\u00f3n con mucha m\u00e1s formaci\u00f3n, debate e innovaci\u00f3n. La convenci\u00f3n volver\u00e1 a estar articulada en tres ejes: el InnShow, la zona de exposici\u00f3n, con stands de productos y servicios para las cerveceras; las InnTalks, el programa de formaci\u00f3n y debate que invitar\u00e1 a la reflexi\u00f3n a los asistentes; y los InnMeet, que fue una de las partes m\u00e1s exitosas del a\u00f1o pasado, porque transcurre de forma transversal por toda la feria y es impulsada por los propios participantes (talleres, encuentros b2b donde los cerveceros se conocen y entablan reuniones interprofesionales con su propia din\u00e1mica).<\/p>\n\n\n\n<p>La sostenibilidad, la eficiencia energ\u00e9tica y el reciclaje ser\u00e1n algunos de los temas que protagonizar\u00e1n los coloquios y conferencias. Tambi\u00e9n se debatir\u00e1 sobre el papel de los festivales cerveceros en el sector, se hablar\u00e1 de turismo cervecero o se analizar\u00e1 la funci\u00f3n de las cooperativas cerveceras en la era post covid.<\/p>\n\n\n\n<p>La InnBreww, de hecho, se celebra este 2022 con la satisfacci\u00f3n de haberse consolidado como heredera del BBF Pro, como la \u00fanica feria profesional cervecera del Estado espa\u00f1ol, que ha revolucionado la industria cervecera. Y es que, tal y como se\u00f1alan desde la organizaci\u00f3n, \u201ces un gran logro celebrar una feria como \u00e9sta, en un sector relativamente nuevo y emergente como el de la cerveza artesana -con poco m\u00e1s de 15 a\u00f1os de recorrido en nuestro pa\u00eds-, por lo que celebrar ya la segunda edici\u00f3n de una convenci\u00f3n como la InnBrew da se\u00f1ales de la madurez del sector\u201d.<\/p>\n","protected":false},"excerpt":{"rendered":"<p>El certamen ser\u00e1 del 31 de marzo al 2 de abril y albergar\u00e1 la gran final del Barcelona Beer Challenge, que da a conocer la Mejor Cervecera del A\u00f1o, entre otros premios.<\/p>\n","protected":false},"author":5,"featured_media":16464,"comment_status":"closed","ping_status":"closed","sticky":false,"template":"","format":"standard","meta":{"inline_featured_image":false,"_uag_custom_page_level_css":"","_monsterinsights_skip_tracking":false,"_monsterinsights_sitenote_active":false,"_monsterinsights_sitenote_note":"","_monsterinsights_sitenote_category":0,"site-sidebar-layout":"default","site-content-layout":"","ast-site-content-layout":"default","site-content-style":"default","site-sidebar-style":"default","ast-global-header-display":"","ast-banner-title-visibility":"","ast-main-header-display":"","ast-hfb-above-header-display":"","ast-hfb-below-header-display":"","ast-hfb-mobile-header-display":"","site-post-title":"","ast-breadcrumbs-content":"","ast-featured-img":"","footer-sml-layout":"","ast-disable-related-posts":"","theme-transparent-header-meta":"","adv-header-id-meta":"","stick-header-meta":"","header-above-stick-meta":"","header-main-stick-meta":"","header-below-stick-meta":"","astra-migrate-meta-layouts":"default","ast-page-background-enabled":"default","ast-page-background-meta":{"desktop":{"background-color":"var(--ast-global-color-4)","background-image":"","background-repeat":"repeat","background-position":"center center","background-size":"auto","background-attachment":"scroll","background-type":"","background-media":"","overlay-type":"","overlay-color":"","overlay-opacity":"","overlay-gradient":""},"tablet":{"background-color":"","background-image":"","background-repeat":"repeat","background-position":"center center","background-size":"auto","background-attachment":"scroll","background-type":"","background-media":"","overlay-type":"","overlay-color":"","overlay-opacity":"","overlay-gradient":""},"mobile":{"background-color":"","background-image":"","background-repeat":"repeat","background-position":"center center","background-size":"auto","background-attachment":"scroll","background-type":"","background-media":"","overlay-type":"","overlay-color":"","overlay-opacity":"","overlay-gradient":""}},"ast-content-background-meta":{"desktop":{"background-color":"var(--ast-global-color-5)","background-image":"","background-repeat":"repeat","background-position":"center center","background-size":"auto","background-attachment":"scroll","background-type":"","background-media":"","overlay-type":"","overlay-color":"","overlay-opacity":"","overlay-gradient":""},"tablet":{"background-color":"var(--ast-global-color-5)","background-image":"","background-repeat":"repeat","background-position":"center center","background-size":"auto","background-attachment":"scroll","background-type":"","background-media":"","overlay-type":"","overlay-color":"","overlay-opacity":"","overlay-gradient":""},"mobile":{"background-color":"var(--ast-global-color-5)","background-image":"","background-repeat":"repeat","background-position":"center center","background-size":"auto","background-attachment":"scroll","background-type":"","background-media":"","overlay-type":"","overlay-color":"","overlay-opacity":"","overlay-gradient":""}},"footnotes":""},"categories":[73],"tags":[],"class_list":["post-16473","post","type-post","status-publish","format-standard","has-post-thumbnail","hentry","category-centro-de-actividades"],"yoast_head":"<!-- This site is optimized with the Yoast SEO plugin v27.5 - https:\/\/yoast.com\/product\/yoast-seo-wordpress\/ -->\n<title>Cuenta atr\u00e1s para la InnBrew, The Brewers Convention - La Farga Gesti\u00f3n de Equipamientos Municipales, S.A.<\/title>\n<meta name=\"description\" content=\"Despr\u00e9s de l\u2019\u00e8xit de la\u00a0primera edici\u00f3, celebrada al juliol de 2021, torna a La Farga de L\u2019Hospitalet la\u00a0InnBrew, The Brewers Convention.\" \/>\n<meta name=\"robots\" content=\"index, follow, max-snippet:-1, max-image-preview:large, max-video-preview:-1\" \/>\n<link rel=\"canonical\" href=\"https:\/\/www.lafarga.com\/corporatiu\/cuenta-atras-para-la-innbrew-the-brewers-convention\/\" \/>\n<meta property=\"og:locale\" content=\"ca_ES\" \/>\n<meta property=\"og:type\" content=\"article\" \/>\n<meta property=\"og:title\" content=\"Cuenta atr\u00e1s para la InnBrew, The Brewers Convention - La Farga Gesti\u00f3n de Equipamientos Municipales, S.A.\" \/>\n<meta property=\"og:description\" content=\"Despr\u00e9s de l\u2019\u00e8xit de la\u00a0primera edici\u00f3, celebrada al juliol de 2021, torna a La Farga de L\u2019Hospitalet la\u00a0InnBrew, The Brewers Convention.\" \/>\n<meta property=\"og:url\" content=\"https:\/\/www.lafarga.com\/corporatiu\/cuenta-atras-para-la-innbrew-the-brewers-convention\/\" \/>\n<meta property=\"og:site_name\" content=\"La Farga Gesti\u00f3n de Equipamientos Municipales, S.A.\" \/>\n<meta property=\"article:published_time\" content=\"2022-03-23T11:16:54+00:00\" \/>\n<meta property=\"article:modified_time\" content=\"2022-03-23T11:16:56+00:00\" \/>\n<meta property=\"og:image\" content=\"https:\/\/www.lafarga.com\/corporatiu\/wp-content\/uploads\/2022\/03\/Innbrew-Farga-22.jpg\" \/>\n\t<meta property=\"og:image:width\" content=\"730\" \/>\n\t<meta property=\"og:image:height\" content=\"410\" \/>\n\t<meta property=\"og:image:type\" content=\"image\/jpeg\" \/>\n<meta name=\"author\" content=\"\u00d2scar Milla\" \/>\n<meta name=\"twitter:label1\" content=\"Escrit per\" \/>\n\t<meta name=\"twitter:data1\" content=\"\u00d2scar Milla\" \/>\n\t<meta name=\"twitter:label2\" content=\"Temps estimat de lectura\" \/>\n\t<meta name=\"twitter:data2\" content=\"4 minuts\" \/>\n<script type=\"application\/ld+json\" class=\"yoast-schema-graph\">{\"@context\":\"https:\\\/\\\/schema.org\",\"@graph\":[{\"@type\":\"Article\",\"@id\":\"https:\\\/\\\/www.lafarga.com\\\/corporatiu\\\/cuenta-atras-para-la-innbrew-the-brewers-convention\\\/#article\",\"isPartOf\":{\"@id\":\"https:\\\/\\\/www.lafarga.com\\\/corporatiu\\\/cuenta-atras-para-la-innbrew-the-brewers-convention\\\/\"},\"author\":{\"name\":\"\u00d2scar Milla\",\"@id\":\"https:\\\/\\\/www.lafarga.com\\\/corporatiu\\\/#\\\/schema\\\/person\\\/70d96fe17d0da1a9c9e80d232bdbcf33\"},\"headline\":\"Cuenta atr\u00e1s para la InnBrew, The Brewers Convention\",\"datePublished\":\"2022-03-23T11:16:54+00:00\",\"dateModified\":\"2022-03-23T11:16:56+00:00\",\"mainEntityOfPage\":{\"@id\":\"https:\\\/\\\/www.lafarga.com\\\/corporatiu\\\/cuenta-atras-para-la-innbrew-the-brewers-convention\\\/\"},\"wordCount\":740,\"publisher\":{\"@id\":\"https:\\\/\\\/www.lafarga.com\\\/corporatiu\\\/#organization\"},\"image\":{\"@id\":\"https:\\\/\\\/www.lafarga.com\\\/corporatiu\\\/cuenta-atras-para-la-innbrew-the-brewers-convention\\\/#primaryimage\"},\"thumbnailUrl\":\"https:\\\/\\\/www.lafarga.com\\\/corporatiu\\\/wp-content\\\/uploads\\\/2022\\\/03\\\/Innbrew-Farga-22.jpg\",\"articleSection\":[\"Centro de Actividades\"],\"inLanguage\":\"ca\"},{\"@type\":\"WebPage\",\"@id\":\"https:\\\/\\\/www.lafarga.com\\\/corporatiu\\\/cuenta-atras-para-la-innbrew-the-brewers-convention\\\/\",\"url\":\"https:\\\/\\\/www.lafarga.com\\\/corporatiu\\\/cuenta-atras-para-la-innbrew-the-brewers-convention\\\/\",\"name\":\"Cuenta atr\u00e1s para la InnBrew, The Brewers Convention - La Farga Gesti\u00f3n de Equipamientos Municipales, S.A.\",\"isPartOf\":{\"@id\":\"https:\\\/\\\/www.lafarga.com\\\/corporatiu\\\/#website\"},\"primaryImageOfPage\":{\"@id\":\"https:\\\/\\\/www.lafarga.com\\\/corporatiu\\\/cuenta-atras-para-la-innbrew-the-brewers-convention\\\/#primaryimage\"},\"image\":{\"@id\":\"https:\\\/\\\/www.lafarga.com\\\/corporatiu\\\/cuenta-atras-para-la-innbrew-the-brewers-convention\\\/#primaryimage\"},\"thumbnailUrl\":\"https:\\\/\\\/www.lafarga.com\\\/corporatiu\\\/wp-content\\\/uploads\\\/2022\\\/03\\\/Innbrew-Farga-22.jpg\",\"datePublished\":\"2022-03-23T11:16:54+00:00\",\"dateModified\":\"2022-03-23T11:16:56+00:00\",\"description\":\"Despr\u00e9s de l\u2019\u00e8xit de la\u00a0primera edici\u00f3, celebrada al juliol de 2021, torna a La Farga de L\u2019Hospitalet la\u00a0InnBrew, The Brewers Convention.\",\"breadcrumb\":{\"@id\":\"https:\\\/\\\/www.lafarga.com\\\/corporatiu\\\/cuenta-atras-para-la-innbrew-the-brewers-convention\\\/#breadcrumb\"},\"inLanguage\":\"ca\",\"potentialAction\":[{\"@type\":\"ReadAction\",\"target\":[\"https:\\\/\\\/www.lafarga.com\\\/corporatiu\\\/cuenta-atras-para-la-innbrew-the-brewers-convention\\\/\"]}]},{\"@type\":\"ImageObject\",\"inLanguage\":\"ca\",\"@id\":\"https:\\\/\\\/www.lafarga.com\\\/corporatiu\\\/cuenta-atras-para-la-innbrew-the-brewers-convention\\\/#primaryimage\",\"url\":\"https:\\\/\\\/www.lafarga.com\\\/corporatiu\\\/wp-content\\\/uploads\\\/2022\\\/03\\\/Innbrew-Farga-22.jpg\",\"contentUrl\":\"https:\\\/\\\/www.lafarga.com\\\/corporatiu\\\/wp-content\\\/uploads\\\/2022\\\/03\\\/Innbrew-Farga-22.jpg\",\"width\":730,\"height\":410,\"caption\":\"Innbrew Farga\"},{\"@type\":\"BreadcrumbList\",\"@id\":\"https:\\\/\\\/www.lafarga.com\\\/corporatiu\\\/cuenta-atras-para-la-innbrew-the-brewers-convention\\\/#breadcrumb\",\"itemListElement\":[{\"@type\":\"ListItem\",\"position\":1,\"name\":\"Home\",\"item\":\"https:\\\/\\\/www.lafarga.com\\\/corporatiu\\\/lafarga-hospitalet-llobregat\\\/\"},{\"@type\":\"ListItem\",\"position\":2,\"name\":\"Cuenta atr\u00e1s para la InnBrew, The Brewers Convention\"}]},{\"@type\":\"WebSite\",\"@id\":\"https:\\\/\\\/www.lafarga.com\\\/corporatiu\\\/#website\",\"url\":\"https:\\\/\\\/www.lafarga.com\\\/corporatiu\\\/\",\"name\":\"La Farga Gesti\u00f3 d&#039;Equipaments Municipals, SA\",\"description\":\"\",\"publisher\":{\"@id\":\"https:\\\/\\\/www.lafarga.com\\\/corporatiu\\\/#organization\"},\"potentialAction\":[{\"@type\":\"SearchAction\",\"target\":{\"@type\":\"EntryPoint\",\"urlTemplate\":\"https:\\\/\\\/www.lafarga.com\\\/corporatiu\\\/?s={search_term_string}\"},\"query-input\":{\"@type\":\"PropertyValueSpecification\",\"valueRequired\":true,\"valueName\":\"search_term_string\"}}],\"inLanguage\":\"ca\"},{\"@type\":\"Organization\",\"@id\":\"https:\\\/\\\/www.lafarga.com\\\/corporatiu\\\/#organization\",\"name\":\"La Farga Gesti\u00f3 d&#039;Equipaments Municipals, SA\",\"url\":\"https:\\\/\\\/www.lafarga.com\\\/corporatiu\\\/\",\"logo\":{\"@type\":\"ImageObject\",\"inLanguage\":\"ca\",\"@id\":\"https:\\\/\\\/www.lafarga.com\\\/corporatiu\\\/#\\\/schema\\\/logo\\\/image\\\/\",\"url\":\"https:\\\/\\\/www.lafarga.com\\\/corporatiu\\\/wp-content\\\/uploads\\\/2023\\\/11\\\/logotipo_lafarga_gemsa.svg\",\"contentUrl\":\"https:\\\/\\\/www.lafarga.com\\\/corporatiu\\\/wp-content\\\/uploads\\\/2023\\\/11\\\/logotipo_lafarga_gemsa.svg\",\"width\":102,\"height\":103,\"caption\":\"La Farga Gesti\u00f3 d&#039;Equipaments Municipals, SA\"},\"image\":{\"@id\":\"https:\\\/\\\/www.lafarga.com\\\/corporatiu\\\/#\\\/schema\\\/logo\\\/image\\\/\"}},{\"@type\":\"Person\",\"@id\":\"https:\\\/\\\/www.lafarga.com\\\/corporatiu\\\/#\\\/schema\\\/person\\\/70d96fe17d0da1a9c9e80d232bdbcf33\",\"name\":\"\u00d2scar Milla\",\"image\":{\"@type\":\"ImageObject\",\"inLanguage\":\"ca\",\"@id\":\"https:\\\/\\\/secure.gravatar.com\\\/avatar\\\/92e75d184f9d5e0e403bd4ad075b080ad258344ddc259adddb579f6a3ba6494f?s=96&d=mm&r=g\",\"url\":\"https:\\\/\\\/secure.gravatar.com\\\/avatar\\\/92e75d184f9d5e0e403bd4ad075b080ad258344ddc259adddb579f6a3ba6494f?s=96&d=mm&r=g\",\"contentUrl\":\"https:\\\/\\\/secure.gravatar.com\\\/avatar\\\/92e75d184f9d5e0e403bd4ad075b080ad258344ddc259adddb579f6a3ba6494f?s=96&d=mm&r=g\",\"caption\":\"\u00d2scar Milla\"},\"url\":\"https:\\\/\\\/www.lafarga.com\\\/corporatiu\\\/author\\\/omilla\\\/\"}]}<\/script>\n<!-- \/ Yoast SEO plugin. -->","yoast_head_json":{"title":"Cuenta atr\u00e1s para la InnBrew, The Brewers Convention - La Farga Gesti\u00f3n de Equipamientos Municipales, S.A.","description":"Despr\u00e9s de l\u2019\u00e8xit de la\u00a0primera edici\u00f3, celebrada al juliol de 2021, torna a La Farga de L\u2019Hospitalet la\u00a0InnBrew, The Brewers Convention.","robots":{"index":"index","follow":"follow","max-snippet":"max-snippet:-1","max-image-preview":"max-image-preview:large","max-video-preview":"max-video-preview:-1"},"canonical":"https:\/\/www.lafarga.com\/corporatiu\/cuenta-atras-para-la-innbrew-the-brewers-convention\/","og_locale":"ca_ES","og_type":"article","og_title":"Cuenta atr\u00e1s para la InnBrew, The Brewers Convention - La Farga Gesti\u00f3n de Equipamientos Municipales, S.A.","og_description":"Despr\u00e9s de l\u2019\u00e8xit de la\u00a0primera edici\u00f3, celebrada al juliol de 2021, torna a La Farga de L\u2019Hospitalet la\u00a0InnBrew, The Brewers Convention.","og_url":"https:\/\/www.lafarga.com\/corporatiu\/cuenta-atras-para-la-innbrew-the-brewers-convention\/","og_site_name":"La Farga Gesti\u00f3n de Equipamientos Municipales, S.A.","article_published_time":"2022-03-23T11:16:54+00:00","article_modified_time":"2022-03-23T11:16:56+00:00","og_image":[{"width":730,"height":410,"url":"https:\/\/www.lafarga.com\/corporatiu\/wp-content\/uploads\/2022\/03\/Innbrew-Farga-22.jpg","type":"image\/jpeg"}],"author":"\u00d2scar Milla","twitter_misc":{"Escrit per":"\u00d2scar Milla","Temps estimat de lectura":"4 minuts"},"schema":{"@context":"https:\/\/schema.org","@graph":[{"@type":"Article","@id":"https:\/\/www.lafarga.com\/corporatiu\/cuenta-atras-para-la-innbrew-the-brewers-convention\/#article","isPartOf":{"@id":"https:\/\/www.lafarga.com\/corporatiu\/cuenta-atras-para-la-innbrew-the-brewers-convention\/"},"author":{"name":"\u00d2scar Milla","@id":"https:\/\/www.lafarga.com\/corporatiu\/#\/schema\/person\/70d96fe17d0da1a9c9e80d232bdbcf33"},"headline":"Cuenta atr\u00e1s para la InnBrew, The Brewers Convention","datePublished":"2022-03-23T11:16:54+00:00","dateModified":"2022-03-23T11:16:56+00:00","mainEntityOfPage":{"@id":"https:\/\/www.lafarga.com\/corporatiu\/cuenta-atras-para-la-innbrew-the-brewers-convention\/"},"wordCount":740,"publisher":{"@id":"https:\/\/www.lafarga.com\/corporatiu\/#organization"},"image":{"@id":"https:\/\/www.lafarga.com\/corporatiu\/cuenta-atras-para-la-innbrew-the-brewers-convention\/#primaryimage"},"thumbnailUrl":"https:\/\/www.lafarga.com\/corporatiu\/wp-content\/uploads\/2022\/03\/Innbrew-Farga-22.jpg","articleSection":["Centro de Actividades"],"inLanguage":"ca"},{"@type":"WebPage","@id":"https:\/\/www.lafarga.com\/corporatiu\/cuenta-atras-para-la-innbrew-the-brewers-convention\/","url":"https:\/\/www.lafarga.com\/corporatiu\/cuenta-atras-para-la-innbrew-the-brewers-convention\/","name":"Cuenta atr\u00e1s para la InnBrew, The Brewers Convention - La Farga Gesti\u00f3n de Equipamientos Municipales, S.A.","isPartOf":{"@id":"https:\/\/www.lafarga.com\/corporatiu\/#website"},"primaryImageOfPage":{"@id":"https:\/\/www.lafarga.com\/corporatiu\/cuenta-atras-para-la-innbrew-the-brewers-convention\/#primaryimage"},"image":{"@id":"https:\/\/www.lafarga.com\/corporatiu\/cuenta-atras-para-la-innbrew-the-brewers-convention\/#primaryimage"},"thumbnailUrl":"https:\/\/www.lafarga.com\/corporatiu\/wp-content\/uploads\/2022\/03\/Innbrew-Farga-22.jpg","datePublished":"2022-03-23T11:16:54+00:00","dateModified":"2022-03-23T11:16:56+00:00","description":"Despr\u00e9s de l\u2019\u00e8xit de la\u00a0primera edici\u00f3, celebrada al juliol de 2021, torna a La Farga de L\u2019Hospitalet la\u00a0InnBrew, The Brewers Convention.","breadcrumb":{"@id":"https:\/\/www.lafarga.com\/corporatiu\/cuenta-atras-para-la-innbrew-the-brewers-convention\/#breadcrumb"},"inLanguage":"ca","potentialAction":[{"@type":"ReadAction","target":["https:\/\/www.lafarga.com\/corporatiu\/cuenta-atras-para-la-innbrew-the-brewers-convention\/"]}]},{"@type":"ImageObject","inLanguage":"ca","@id":"https:\/\/www.lafarga.com\/corporatiu\/cuenta-atras-para-la-innbrew-the-brewers-convention\/#primaryimage","url":"https:\/\/www.lafarga.com\/corporatiu\/wp-content\/uploads\/2022\/03\/Innbrew-Farga-22.jpg","contentUrl":"https:\/\/www.lafarga.com\/corporatiu\/wp-content\/uploads\/2022\/03\/Innbrew-Farga-22.jpg","width":730,"height":410,"caption":"Innbrew Farga"},{"@type":"BreadcrumbList","@id":"https:\/\/www.lafarga.com\/corporatiu\/cuenta-atras-para-la-innbrew-the-brewers-convention\/#breadcrumb","itemListElement":[{"@type":"ListItem","position":1,"name":"Home","item":"https:\/\/www.lafarga.com\/corporatiu\/lafarga-hospitalet-llobregat\/"},{"@type":"ListItem","position":2,"name":"Cuenta atr\u00e1s para la InnBrew, The Brewers Convention"}]},{"@type":"WebSite","@id":"https:\/\/www.lafarga.com\/corporatiu\/#website","url":"https:\/\/www.lafarga.com\/corporatiu\/","name":"La Farga Gesti\u00f3 d&#039;Equipaments Municipals, SA","description":"","publisher":{"@id":"https:\/\/www.lafarga.com\/corporatiu\/#organization"},"potentialAction":[{"@type":"SearchAction","target":{"@type":"EntryPoint","urlTemplate":"https:\/\/www.lafarga.com\/corporatiu\/?s={search_term_string}"},"query-input":{"@type":"PropertyValueSpecification","valueRequired":true,"valueName":"search_term_string"}}],"inLanguage":"ca"},{"@type":"Organization","@id":"https:\/\/www.lafarga.com\/corporatiu\/#organization","name":"La Farga Gesti\u00f3 d&#039;Equipaments Municipals, SA","url":"https:\/\/www.lafarga.com\/corporatiu\/","logo":{"@type":"ImageObject","inLanguage":"ca","@id":"https:\/\/www.lafarga.com\/corporatiu\/#\/schema\/logo\/image\/","url":"https:\/\/www.lafarga.com\/corporatiu\/wp-content\/uploads\/2023\/11\/logotipo_lafarga_gemsa.svg","contentUrl":"https:\/\/www.lafarga.com\/corporatiu\/wp-content\/uploads\/2023\/11\/logotipo_lafarga_gemsa.svg","width":102,"height":103,"caption":"La Farga Gesti\u00f3 d&#039;Equipaments Municipals, SA"},"image":{"@id":"https:\/\/www.lafarga.com\/corporatiu\/#\/schema\/logo\/image\/"}},{"@type":"Person","@id":"https:\/\/www.lafarga.com\/corporatiu\/#\/schema\/person\/70d96fe17d0da1a9c9e80d232bdbcf33","name":"\u00d2scar Milla","image":{"@type":"ImageObject","inLanguage":"ca","@id":"https:\/\/secure.gravatar.com\/avatar\/92e75d184f9d5e0e403bd4ad075b080ad258344ddc259adddb579f6a3ba6494f?s=96&d=mm&r=g","url":"https:\/\/secure.gravatar.com\/avatar\/92e75d184f9d5e0e403bd4ad075b080ad258344ddc259adddb579f6a3ba6494f?s=96&d=mm&r=g","contentUrl":"https:\/\/secure.gravatar.com\/avatar\/92e75d184f9d5e0e403bd4ad075b080ad258344ddc259adddb579f6a3ba6494f?s=96&d=mm&r=g","caption":"\u00d2scar Milla"},"url":"https:\/\/www.lafarga.com\/corporatiu\/author\/omilla\/"}]}},"uagb_featured_image_src":{"full":["https:\/\/www.lafarga.com\/corporatiu\/wp-content\/uploads\/2022\/03\/Innbrew-Farga-22.jpg",730,410,false],"thumbnail":["https:\/\/www.lafarga.com\/corporatiu\/wp-content\/uploads\/2022\/03\/Innbrew-Farga-22-150x150.jpg",150,150,true],"medium":["https:\/\/www.lafarga.com\/corporatiu\/wp-content\/uploads\/2022\/03\/Innbrew-Farga-22-300x168.jpg",300,168,true],"medium_large":["https:\/\/www.lafarga.com\/corporatiu\/wp-content\/uploads\/2022\/03\/Innbrew-Farga-22.jpg",730,410,false],"large":["https:\/\/www.lafarga.com\/corporatiu\/wp-content\/uploads\/2022\/03\/Innbrew-Farga-22.jpg",730,410,false],"1536x1536":["https:\/\/www.lafarga.com\/corporatiu\/wp-content\/uploads\/2022\/03\/Innbrew-Farga-22.jpg",730,410,false],"2048x2048":["https:\/\/www.lafarga.com\/corporatiu\/wp-content\/uploads\/2022\/03\/Innbrew-Farga-22.jpg",730,410,false],"mailpoet_newsletter_max":["https:\/\/www.lafarga.com\/corporatiu\/wp-content\/uploads\/2022\/03\/Innbrew-Farga-22.jpg",730,410,false]},"uagb_author_info":{"display_name":"\u00d2scar Milla","author_link":"https:\/\/www.lafarga.com\/corporatiu\/author\/omilla\/"},"uagb_comment_info":0,"uagb_excerpt":"El certamen ser\u00e1 del 31 de marzo al 2 de abril y albergar\u00e1 la gran final del Barcelona Beer Challenge, que da a conocer la Mejor Cervecera del A\u00f1o, entre otros premios.","_links":{"self":[{"href":"https:\/\/www.lafarga.com\/corporatiu\/wp-json\/wp\/v2\/posts\/16473","targetHints":{"allow":["GET"]}}],"collection":[{"href":"https:\/\/www.lafarga.com\/corporatiu\/wp-json\/wp\/v2\/posts"}],"about":[{"href":"https:\/\/www.lafarga.com\/corporatiu\/wp-json\/wp\/v2\/types\/post"}],"author":[{"embeddable":true,"href":"https:\/\/www.lafarga.com\/corporatiu\/wp-json\/wp\/v2\/users\/5"}],"replies":[{"embeddable":true,"href":"https:\/\/www.lafarga.com\/corporatiu\/wp-json\/wp\/v2\/comments?post=16473"}],"version-history":[{"count":1,"href":"https:\/\/www.lafarga.com\/corporatiu\/wp-json\/wp\/v2\/posts\/16473\/revisions"}],"predecessor-version":[{"id":16474,"href":"https:\/\/www.lafarga.com\/corporatiu\/wp-json\/wp\/v2\/posts\/16473\/revisions\/16474"}],"wp:featuredmedia":[{"embeddable":true,"href":"https:\/\/www.lafarga.com\/corporatiu\/wp-json\/wp\/v2\/media\/16464"}],"wp:attachment":[{"href":"https:\/\/www.lafarga.com\/corporatiu\/wp-json\/wp\/v2\/media?parent=16473"}],"wp:term":[{"taxonomy":"category","embeddable":true,"href":"https:\/\/www.lafarga.com\/corporatiu\/wp-json\/wp\/v2\/categories?post=16473"},{"taxonomy":"post_tag","embeddable":true,"href":"https:\/\/www.lafarga.com\/corporatiu\/wp-json\/wp\/v2\/tags?post=16473"}],"curies":[{"name":"wp","href":"https:\/\/api.w.org\/{rel}","templated":true}]}}