{"id":16462,"date":"2022-03-23T10:50:44","date_gmt":"2022-03-23T10:50:44","guid":{"rendered":"http:\/\/www.lafarga.com\/corporatiu\/?p=16462"},"modified":"2022-03-23T11:19:26","modified_gmt":"2022-03-23T11:19:26","slug":"compte-enrere-per-a-innbrew-the-brewers-convention","status":"publish","type":"post","link":"https:\/\/www.lafarga.com\/corporatiu\/compte-enrere-per-a-innbrew-the-brewers-convention\/","title":{"rendered":"Compte enrere per a InnBrew, The Brewers Convention"},"content":{"rendered":"<p>[vc_row][vc_column][vc_column_text]<\/p>\r\n<h5>El certamen ser\u00e0 del 31 de mar\u00e7 al 2 d\u2019abril, i acollir\u00e0 la gran final del Barcelona Beer Challenge, que d\u00f3na a con\u00e8ixer la Millor Cervesera de l\u2019Any, entre altres premis.<\/h5>\r\n<!-- \/wp:post-content -->\r\n<p><!-- wp:paragraph -->Despr\u00e9s de l\u2019\u00e8xit de la\u00a0<a href=\"https:\/\/www.lafarga.com\/corporatiu\/exit-de-la-1a-edicio-de-la-innbrew-assegurant-la-seva-continuitat\/\" target=\"_blank\" rel=\"noopener\"><strong>primera edici\u00f3<\/strong><\/a>, celebrada al juliol de 2021, torna a La Farga de L\u2019Hospitalet la\u00a0<strong><a href=\"https:\/\/innbrew.com\/ca\/inici\/\" target=\"_blank\" rel=\"noreferrer noopener\">InnBrew, The Brewers Convention<\/a><\/strong>, el punt de trobada i de refer\u00e8ncia del sector professional de la cervesa artesana del Sud d\u2019Europa.<\/p>\r\n<!-- \/wp:paragraph -->\r\n<p><!-- wp:paragraph -->En el marc de la InnBrew, tamb\u00e9 es far\u00e0 lliurament del prestigi\u00f3s Steve Huxley, el premi a tota una traject\u00f2ria en el m\u00f3n de la cervesa.<\/p>\r\n<!-- \/wp:paragraph -->\r\n<p><!-- wp:paragraph -->Tot est\u00e0 a punt per a una gala de lliurament de premis. De fet, els jutges del concurs ja es van donar cita els passats 3, 4 i 5 de mar\u00e7, en el Cl\u00faster Craft Beer de Lli\u00e7\u00e0 d\u2019Amunt, per a tastar i avaluar les 1.315 cerveses de 215 cerveseres participants, n\u00fameros que han batut tots els r\u00e8cords d\u2019edicions anteriors i que confirmen al certamen com tot un referent cerveser del pa\u00eds.<\/p>\r\n<!-- \/wp:paragraph -->\r\n<p><!-- wp:paragraph -->En aquesta gala tamb\u00e9 es lliurar\u00e0 el Premi Steve Huxley, a tota una traject\u00f2ria, un guard\u00f3 que normalment es rep amb gran honor i emoci\u00f3, com ho va fer el seu anterior guanyador, Andrew Dougall. En aquesta edici\u00f3, opten al prestigi\u00f3s guard\u00f3 Guillem Laporta, de Homo Sibaris; Susana Giner, de 2D2Dspuma; Boris de Mesones, de Boris de Mesones Ingenieria Cervecera; Guzm\u00e1n Fern\u00e1ndez, del Cluster Craft Beer; i Salvador Marimon, de Install Beer.<\/p>\r\n<!-- wp:heading {\"level\":5} -->\r\n<h5>Una InnBrew amb m\u00e9s formaci\u00f3, debat i innovaci\u00f3<\/h5>\r\n<!-- \/wp:heading -->\r\n<p><!-- wp:paragraph -->Pel que es refereix la InnBrew, els seus organitzadors (The Beer Events) estan preparant una segona edici\u00f3 amb molta m\u00e9s formaci\u00f3, debat i innovaci\u00f3. La convenci\u00f3 tornar\u00e0 a estar articulada en tres eixos: el InnShow, la zona d\u2019exposici\u00f3, amb estands de productes i serveis per a les cerveseres; les InnTalks, el programa de formaci\u00f3 i debat que convidar\u00e0 a la reflexi\u00f3 als assistents; i els InnMeet, que va ser una de les parts m\u00e9s reeixides de l\u2019any passat, perqu\u00e8 transcorre de manera transversal per tota la fira i \u00e9s impulsada pels propis participants (tallers, trobades b2b on els cervesers es coneixen i entaulen reunions interprofessionals amb la seva pr\u00f2pia din\u00e0mica).<\/p>\r\n<!-- \/wp:paragraph -->\r\n<p><!-- wp:paragraph -->La sostenibilitat, l\u2019efici\u00e8ncia energ\u00e8tica i el reciclatge seran alguns dels temes que protagonitzaran els col\u00b7loquis i confer\u00e8ncies. Tamb\u00e9 es debatr\u00e0 sobre el paper dels festivals cervesers en el sector, es parlar\u00e0 de turisme cerveser o s\u2019analitzar\u00e0 la funci\u00f3 de les cooperatives cerveseres en l\u2019era post covid.<\/p>\r\n<!-- \/wp:paragraph -->\r\n<p><!-- wp:paragraph -->La InnBrew, de fet, se celebra aquest 2022 amb la satisfacci\u00f3 d\u2019haver-se consolidat com a hereva del BBF Pro, com l\u2019\u00fanica fira professional cervesera de l\u2019Estat espanyol, que ha revolucionat la ind\u00fastria cervesera. I \u00e9s que, tal com assenyalen des de l\u2019organitzaci\u00f3, \u201c\u00e9s un gran assoliment celebrar una fira com aquesta, en un sector relativament nou i emergent com el de la cervesa artesana -amb poc m\u00e9s de 15 anys de recorregut al nostre pa\u00eds-, per la qual cosa celebrar ja la segona edici\u00f3 d\u2019una convenci\u00f3 com la InnBrew dona senyals de la maduresa del sector\u201d.<\/p>\r\n<p>[\/vc_column_text][\/vc_column][\/vc_row]<\/p><!-- \/wp:paragraph --><!-- \/wp:paragraph -->\r\n<p><!-- wp:paragraph -->I \u00e9s que, enguany, a m\u00e9s, el certamen ha pogut recuperar al 100% el seu car\u00e0cter internacional, convidant a jutges de 15 nacionalitats diferents, que han aportat la seva experi\u00e8ncia en l\u2019avaluaci\u00f3 organol\u00e8ptica de les cerveses. Han estat en total 60 jutges professionals els encarregats d\u2019avaluar i puntuar a les cerveses participants, els resultats de les quals es donaran a con\u00e8ixer dissabte que ve 2 d\u2019abril.<\/p>\r\n<!-- wp:heading {\"level\":5} -->\r\n<h5>Millor Cervesera de l\u2019Any<\/h5>\r\n<!-- \/wp:heading -->\r\n<p><!-- wp:paragraph -->El concurs est\u00e0 dividit en 64 categories de cerveses, en les quals es concedeixen medalles d\u2019or, plata i bronze. La cervesera amb m\u00e9s medalles rep el guard\u00f3 de Millor Cervesera de l\u2019Any, t\u00edtol que en l\u2019actualitat ostenta Basqueland Brewing. El mateix premi s\u2019estableix per a les f\u00e0briques de recent creaci\u00f3, amb el premi Cervesera Novell de l\u2019Any, que est\u00e0 en possessi\u00f3 actualment de la italiana Torre Mozza. Finalment, el tercer \u201cde la Grossa\u201d \u00e9s el Premi a la Innovaci\u00f3 \u2013 Molina for Brewers que distingeix la creativitat en el proc\u00e9s cerveser i que en l\u2019edici\u00f3 anterior va guanyar la murciana C\u00e0tedra Beer.<\/p>\r\n<!-- \/wp:paragraph -->\r\n<p><!-- wp:paragraph -->En aquesta gala tamb\u00e9 es lliurar\u00e0 el Premi Steve Huxley, a tota una traject\u00f2ria, un guard\u00f3 que normalment es rep amb gran honor i emoci\u00f3, com ho va fer el seu anterior guanyador, Andrew Dougall. En aquesta edici\u00f3, opten al prestigi\u00f3s guard\u00f3 Guillem Laporta, de Homo Sibaris; Susana Giner, de 2D2Dspuma; Boris de Mesones, de Boris de Mesones Ingenieria Cervecera; Guzm\u00e1n Fern\u00e1ndez, del Cluster Craft Beer; i Salvador Marimon, de Install Beer.<\/p>\r\n<!-- wp:heading {\"level\":5} -->\r\n<h5>Una InnBrew amb m\u00e9s formaci\u00f3, debat i innovaci\u00f3<\/h5>\r\n<!-- \/wp:heading -->\r\n<p><!-- wp:paragraph -->Pel que es refereix la InnBrew, els seus organitzadors (The Beer Events) estan preparant una segona edici\u00f3 amb molta m\u00e9s formaci\u00f3, debat i innovaci\u00f3. La convenci\u00f3 tornar\u00e0 a estar articulada en tres eixos: el InnShow, la zona d\u2019exposici\u00f3, amb estands de productes i serveis per a les cerveseres; les InnTalks, el programa de formaci\u00f3 i debat que convidar\u00e0 a la reflexi\u00f3 als assistents; i els InnMeet, que va ser una de les parts m\u00e9s reeixides de l\u2019any passat, perqu\u00e8 transcorre de manera transversal per tota la fira i \u00e9s impulsada pels propis participants (tallers, trobades b2b on els cervesers es coneixen i entaulen reunions interprofessionals amb la seva pr\u00f2pia din\u00e0mica).<\/p>\r\n<!-- \/wp:paragraph -->\r\n<p><!-- wp:paragraph -->La sostenibilitat, l\u2019efici\u00e8ncia energ\u00e8tica i el reciclatge seran alguns dels temes que protagonitzaran els col\u00b7loquis i confer\u00e8ncies. Tamb\u00e9 es debatr\u00e0 sobre el paper dels festivals cervesers en el sector, es parlar\u00e0 de turisme cerveser o s\u2019analitzar\u00e0 la funci\u00f3 de les cooperatives cerveseres en l\u2019era post covid.<\/p>\r\n<!-- \/wp:paragraph -->\r\n<p><!-- wp:paragraph -->La InnBrew, de fet, se celebra aquest 2022 amb la satisfacci\u00f3 d\u2019haver-se consolidat com a hereva del BBF Pro, com l\u2019\u00fanica fira professional cervesera de l\u2019Estat espanyol, que ha revolucionat la ind\u00fastria cervesera. I \u00e9s que, tal com assenyalen des de l\u2019organitzaci\u00f3, \u201c\u00e9s un gran assoliment celebrar una fira com aquesta, en un sector relativament nou i emergent com el de la cervesa artesana -amb poc m\u00e9s de 15 anys de recorregut al nostre pa\u00eds-, per la qual cosa celebrar ja la segona edici\u00f3 d\u2019una convenci\u00f3 com la InnBrew dona senyals de la maduresa del sector\u201d.<\/p>\r\n<p>[\/vc_column_text][\/vc_column][\/vc_row]<\/p><!-- \/wp:post-content -->","protected":false},"excerpt":{"rendered":"<p>El certamen ser\u00e0 del 31 de mar\u00e7 al 2 d\u2019abril, i acollir\u00e0 la gran final del Barcelona Beer Challenge, que d\u00f3na a con\u00e8ixer la Millor Cervesera de l\u2019Any, entre altres premis.<\/p>\n","protected":false},"author":5,"featured_media":16464,"comment_status":"closed","ping_status":"closed","sticky":false,"template":"","format":"standard","meta":{"inline_featured_image":false,"_uag_custom_page_level_css":"","_monsterinsights_skip_tracking":false,"_monsterinsights_sitenote_active":false,"_monsterinsights_sitenote_note":"","_monsterinsights_sitenote_category":0,"site-sidebar-layout":"default","site-content-layout":"","ast-site-content-layout":"default","site-content-style":"default","site-sidebar-style":"default","ast-global-header-display":"","ast-banner-title-visibility":"","ast-main-header-display":"","ast-hfb-above-header-display":"","ast-hfb-below-header-display":"","ast-hfb-mobile-header-display":"","site-post-title":"","ast-breadcrumbs-content":"","ast-featured-img":"","footer-sml-layout":"","ast-disable-related-posts":"","theme-transparent-header-meta":"","adv-header-id-meta":"","stick-header-meta":"","header-above-stick-meta":"","header-main-stick-meta":"","header-below-stick-meta":"","astra-migrate-meta-layouts":"default","ast-page-background-enabled":"default","ast-page-background-meta":{"desktop":{"background-color":"var(--ast-global-color-4)","background-image":"","background-repeat":"repeat","background-position":"center center","background-size":"auto","background-attachment":"scroll","background-type":"","background-media":"","overlay-type":"","overlay-color":"","overlay-opacity":"","overlay-gradient":""},"tablet":{"background-color":"","background-image":"","background-repeat":"repeat","background-position":"center center","background-size":"auto","background-attachment":"scroll","background-type":"","background-media":"","overlay-type":"","overlay-color":"","overlay-opacity":"","overlay-gradient":""},"mobile":{"background-color":"","background-image":"","background-repeat":"repeat","background-position":"center center","background-size":"auto","background-attachment":"scroll","background-type":"","background-media":"","overlay-type":"","overlay-color":"","overlay-opacity":"","overlay-gradient":""}},"ast-content-background-meta":{"desktop":{"background-color":"var(--ast-global-color-5)","background-image":"","background-repeat":"repeat","background-position":"center center","background-size":"auto","background-attachment":"scroll","background-type":"","background-media":"","overlay-type":"","overlay-color":"","overlay-opacity":"","overlay-gradient":""},"tablet":{"background-color":"var(--ast-global-color-5)","background-image":"","background-repeat":"repeat","background-position":"center center","background-size":"auto","background-attachment":"scroll","background-type":"","background-media":"","overlay-type":"","overlay-color":"","overlay-opacity":"","overlay-gradient":""},"mobile":{"background-color":"var(--ast-global-color-5)","background-image":"","background-repeat":"repeat","background-position":"center center","background-size":"auto","background-attachment":"scroll","background-type":"","background-media":"","overlay-type":"","overlay-color":"","overlay-opacity":"","overlay-gradient":""}},"footnotes":""},"categories":[49],"tags":[],"class_list":["post-16462","post","type-post","status-publish","format-standard","has-post-thumbnail","hentry","category-centre-activitats"],"yoast_head":"<!-- This site is optimized with the Yoast SEO plugin v27.5 - https:\/\/yoast.com\/product\/yoast-seo-wordpress\/ -->\n<title>Compte enrere per a InnBrew, The Brewers Convention - La Farga Gesti\u00f3n de Equipamientos Municipales, S.A.<\/title>\n<meta name=\"description\" content=\"Despr\u00e9s de l\u2019\u00e8xit de la\u00a0primera edici\u00f3, celebrada al juliol de 2021, torna a La Farga de L\u2019Hospitalet la\u00a0InnBrew, The Brewers Convention.\" \/>\n<meta name=\"robots\" content=\"index, follow, max-snippet:-1, max-image-preview:large, max-video-preview:-1\" \/>\n<link rel=\"canonical\" href=\"https:\/\/www.lafarga.com\/corporatiu\/compte-enrere-per-a-innbrew-the-brewers-convention\/\" \/>\n<meta property=\"og:locale\" content=\"ca_ES\" \/>\n<meta property=\"og:type\" content=\"article\" \/>\n<meta property=\"og:title\" content=\"Compte enrere per a InnBrew, The Brewers Convention - La Farga Gesti\u00f3n de Equipamientos Municipales, S.A.\" \/>\n<meta property=\"og:description\" content=\"Despr\u00e9s de l\u2019\u00e8xit de la\u00a0primera edici\u00f3, celebrada al juliol de 2021, torna a La Farga de L\u2019Hospitalet la\u00a0InnBrew, The Brewers Convention.\" \/>\n<meta property=\"og:url\" content=\"https:\/\/www.lafarga.com\/corporatiu\/compte-enrere-per-a-innbrew-the-brewers-convention\/\" \/>\n<meta property=\"og:site_name\" content=\"La Farga Gesti\u00f3n de Equipamientos Municipales, S.A.\" \/>\n<meta property=\"article:published_time\" content=\"2022-03-23T10:50:44+00:00\" \/>\n<meta property=\"article:modified_time\" content=\"2022-03-23T11:19:26+00:00\" \/>\n<meta property=\"og:image\" content=\"https:\/\/www.lafarga.com\/corporatiu\/wp-content\/uploads\/2022\/03\/Innbrew-Farga-22.jpg\" \/>\n\t<meta property=\"og:image:width\" content=\"730\" \/>\n\t<meta property=\"og:image:height\" content=\"410\" \/>\n\t<meta property=\"og:image:type\" content=\"image\/jpeg\" \/>\n<meta name=\"author\" content=\"\u00d2scar Milla\" \/>\n<meta name=\"twitter:label1\" content=\"Escrit per\" \/>\n\t<meta name=\"twitter:data1\" content=\"\u00d2scar Milla\" \/>\n\t<meta name=\"twitter:label2\" content=\"Temps estimat de lectura\" \/>\n\t<meta name=\"twitter:data2\" content=\"4 minuts\" \/>\n<script type=\"application\/ld+json\" class=\"yoast-schema-graph\">{\"@context\":\"https:\\\/\\\/schema.org\",\"@graph\":[{\"@type\":\"Article\",\"@id\":\"https:\\\/\\\/www.lafarga.com\\\/corporatiu\\\/compte-enrere-per-a-innbrew-the-brewers-convention\\\/#article\",\"isPartOf\":{\"@id\":\"https:\\\/\\\/www.lafarga.com\\\/corporatiu\\\/compte-enrere-per-a-innbrew-the-brewers-convention\\\/\"},\"author\":{\"name\":\"\u00d2scar Milla\",\"@id\":\"https:\\\/\\\/www.lafarga.com\\\/corporatiu\\\/#\\\/schema\\\/person\\\/70d96fe17d0da1a9c9e80d232bdbcf33\"},\"headline\":\"Compte enrere per a InnBrew, The Brewers Convention\",\"datePublished\":\"2022-03-23T10:50:44+00:00\",\"dateModified\":\"2022-03-23T11:19:26+00:00\",\"mainEntityOfPage\":{\"@id\":\"https:\\\/\\\/www.lafarga.com\\\/corporatiu\\\/compte-enrere-per-a-innbrew-the-brewers-convention\\\/\"},\"wordCount\":745,\"publisher\":{\"@id\":\"https:\\\/\\\/www.lafarga.com\\\/corporatiu\\\/#organization\"},\"image\":{\"@id\":\"https:\\\/\\\/www.lafarga.com\\\/corporatiu\\\/compte-enrere-per-a-innbrew-the-brewers-convention\\\/#primaryimage\"},\"thumbnailUrl\":\"https:\\\/\\\/www.lafarga.com\\\/corporatiu\\\/wp-content\\\/uploads\\\/2022\\\/03\\\/Innbrew-Farga-22.jpg\",\"articleSection\":[\"Centre d'Activitats\"],\"inLanguage\":\"ca\"},{\"@type\":\"WebPage\",\"@id\":\"https:\\\/\\\/www.lafarga.com\\\/corporatiu\\\/compte-enrere-per-a-innbrew-the-brewers-convention\\\/\",\"url\":\"https:\\\/\\\/www.lafarga.com\\\/corporatiu\\\/compte-enrere-per-a-innbrew-the-brewers-convention\\\/\",\"name\":\"Compte enrere per a InnBrew, The Brewers Convention - La Farga Gesti\u00f3n de Equipamientos Municipales, S.A.\",\"isPartOf\":{\"@id\":\"https:\\\/\\\/www.lafarga.com\\\/corporatiu\\\/#website\"},\"primaryImageOfPage\":{\"@id\":\"https:\\\/\\\/www.lafarga.com\\\/corporatiu\\\/compte-enrere-per-a-innbrew-the-brewers-convention\\\/#primaryimage\"},\"image\":{\"@id\":\"https:\\\/\\\/www.lafarga.com\\\/corporatiu\\\/compte-enrere-per-a-innbrew-the-brewers-convention\\\/#primaryimage\"},\"thumbnailUrl\":\"https:\\\/\\\/www.lafarga.com\\\/corporatiu\\\/wp-content\\\/uploads\\\/2022\\\/03\\\/Innbrew-Farga-22.jpg\",\"datePublished\":\"2022-03-23T10:50:44+00:00\",\"dateModified\":\"2022-03-23T11:19:26+00:00\",\"description\":\"Despr\u00e9s de l\u2019\u00e8xit de la\u00a0primera edici\u00f3, celebrada al juliol de 2021, torna a La Farga de L\u2019Hospitalet la\u00a0InnBrew, The Brewers Convention.\",\"breadcrumb\":{\"@id\":\"https:\\\/\\\/www.lafarga.com\\\/corporatiu\\\/compte-enrere-per-a-innbrew-the-brewers-convention\\\/#breadcrumb\"},\"inLanguage\":\"ca\",\"potentialAction\":[{\"@type\":\"ReadAction\",\"target\":[\"https:\\\/\\\/www.lafarga.com\\\/corporatiu\\\/compte-enrere-per-a-innbrew-the-brewers-convention\\\/\"]}]},{\"@type\":\"ImageObject\",\"inLanguage\":\"ca\",\"@id\":\"https:\\\/\\\/www.lafarga.com\\\/corporatiu\\\/compte-enrere-per-a-innbrew-the-brewers-convention\\\/#primaryimage\",\"url\":\"https:\\\/\\\/www.lafarga.com\\\/corporatiu\\\/wp-content\\\/uploads\\\/2022\\\/03\\\/Innbrew-Farga-22.jpg\",\"contentUrl\":\"https:\\\/\\\/www.lafarga.com\\\/corporatiu\\\/wp-content\\\/uploads\\\/2022\\\/03\\\/Innbrew-Farga-22.jpg\",\"width\":730,\"height\":410,\"caption\":\"Innbrew Farga\"},{\"@type\":\"BreadcrumbList\",\"@id\":\"https:\\\/\\\/www.lafarga.com\\\/corporatiu\\\/compte-enrere-per-a-innbrew-the-brewers-convention\\\/#breadcrumb\",\"itemListElement\":[{\"@type\":\"ListItem\",\"position\":1,\"name\":\"Home\",\"item\":\"https:\\\/\\\/www.lafarga.com\\\/corporatiu\\\/lafarga-hospitalet-llobregat\\\/\"},{\"@type\":\"ListItem\",\"position\":2,\"name\":\"Compte enrere per a InnBrew, The Brewers Convention\"}]},{\"@type\":\"WebSite\",\"@id\":\"https:\\\/\\\/www.lafarga.com\\\/corporatiu\\\/#website\",\"url\":\"https:\\\/\\\/www.lafarga.com\\\/corporatiu\\\/\",\"name\":\"La Farga Gesti\u00f3 d&#039;Equipaments Municipals, SA\",\"description\":\"\",\"publisher\":{\"@id\":\"https:\\\/\\\/www.lafarga.com\\\/corporatiu\\\/#organization\"},\"potentialAction\":[{\"@type\":\"SearchAction\",\"target\":{\"@type\":\"EntryPoint\",\"urlTemplate\":\"https:\\\/\\\/www.lafarga.com\\\/corporatiu\\\/?s={search_term_string}\"},\"query-input\":{\"@type\":\"PropertyValueSpecification\",\"valueRequired\":true,\"valueName\":\"search_term_string\"}}],\"inLanguage\":\"ca\"},{\"@type\":\"Organization\",\"@id\":\"https:\\\/\\\/www.lafarga.com\\\/corporatiu\\\/#organization\",\"name\":\"La Farga Gesti\u00f3 d&#039;Equipaments Municipals, SA\",\"url\":\"https:\\\/\\\/www.lafarga.com\\\/corporatiu\\\/\",\"logo\":{\"@type\":\"ImageObject\",\"inLanguage\":\"ca\",\"@id\":\"https:\\\/\\\/www.lafarga.com\\\/corporatiu\\\/#\\\/schema\\\/logo\\\/image\\\/\",\"url\":\"https:\\\/\\\/www.lafarga.com\\\/corporatiu\\\/wp-content\\\/uploads\\\/2023\\\/11\\\/logotipo_lafarga_gemsa.svg\",\"contentUrl\":\"https:\\\/\\\/www.lafarga.com\\\/corporatiu\\\/wp-content\\\/uploads\\\/2023\\\/11\\\/logotipo_lafarga_gemsa.svg\",\"width\":102,\"height\":103,\"caption\":\"La Farga Gesti\u00f3 d&#039;Equipaments Municipals, SA\"},\"image\":{\"@id\":\"https:\\\/\\\/www.lafarga.com\\\/corporatiu\\\/#\\\/schema\\\/logo\\\/image\\\/\"}},{\"@type\":\"Person\",\"@id\":\"https:\\\/\\\/www.lafarga.com\\\/corporatiu\\\/#\\\/schema\\\/person\\\/70d96fe17d0da1a9c9e80d232bdbcf33\",\"name\":\"\u00d2scar Milla\",\"image\":{\"@type\":\"ImageObject\",\"inLanguage\":\"ca\",\"@id\":\"https:\\\/\\\/secure.gravatar.com\\\/avatar\\\/92e75d184f9d5e0e403bd4ad075b080ad258344ddc259adddb579f6a3ba6494f?s=96&d=mm&r=g\",\"url\":\"https:\\\/\\\/secure.gravatar.com\\\/avatar\\\/92e75d184f9d5e0e403bd4ad075b080ad258344ddc259adddb579f6a3ba6494f?s=96&d=mm&r=g\",\"contentUrl\":\"https:\\\/\\\/secure.gravatar.com\\\/avatar\\\/92e75d184f9d5e0e403bd4ad075b080ad258344ddc259adddb579f6a3ba6494f?s=96&d=mm&r=g\",\"caption\":\"\u00d2scar Milla\"},\"url\":\"https:\\\/\\\/www.lafarga.com\\\/corporatiu\\\/author\\\/omilla\\\/\"}]}<\/script>\n<!-- \/ Yoast SEO plugin. -->","yoast_head_json":{"title":"Compte enrere per a InnBrew, The Brewers Convention - La Farga Gesti\u00f3n de Equipamientos Municipales, S.A.","description":"Despr\u00e9s de l\u2019\u00e8xit de la\u00a0primera edici\u00f3, celebrada al juliol de 2021, torna a La Farga de L\u2019Hospitalet la\u00a0InnBrew, The Brewers Convention.","robots":{"index":"index","follow":"follow","max-snippet":"max-snippet:-1","max-image-preview":"max-image-preview:large","max-video-preview":"max-video-preview:-1"},"canonical":"https:\/\/www.lafarga.com\/corporatiu\/compte-enrere-per-a-innbrew-the-brewers-convention\/","og_locale":"ca_ES","og_type":"article","og_title":"Compte enrere per a InnBrew, The Brewers Convention - La Farga Gesti\u00f3n de Equipamientos Municipales, S.A.","og_description":"Despr\u00e9s de l\u2019\u00e8xit de la\u00a0primera edici\u00f3, celebrada al juliol de 2021, torna a La Farga de L\u2019Hospitalet la\u00a0InnBrew, The Brewers Convention.","og_url":"https:\/\/www.lafarga.com\/corporatiu\/compte-enrere-per-a-innbrew-the-brewers-convention\/","og_site_name":"La Farga Gesti\u00f3n de Equipamientos Municipales, S.A.","article_published_time":"2022-03-23T10:50:44+00:00","article_modified_time":"2022-03-23T11:19:26+00:00","og_image":[{"width":730,"height":410,"url":"https:\/\/www.lafarga.com\/corporatiu\/wp-content\/uploads\/2022\/03\/Innbrew-Farga-22.jpg","type":"image\/jpeg"}],"author":"\u00d2scar Milla","twitter_misc":{"Escrit per":"\u00d2scar Milla","Temps estimat de lectura":"4 minuts"},"schema":{"@context":"https:\/\/schema.org","@graph":[{"@type":"Article","@id":"https:\/\/www.lafarga.com\/corporatiu\/compte-enrere-per-a-innbrew-the-brewers-convention\/#article","isPartOf":{"@id":"https:\/\/www.lafarga.com\/corporatiu\/compte-enrere-per-a-innbrew-the-brewers-convention\/"},"author":{"name":"\u00d2scar Milla","@id":"https:\/\/www.lafarga.com\/corporatiu\/#\/schema\/person\/70d96fe17d0da1a9c9e80d232bdbcf33"},"headline":"Compte enrere per a InnBrew, The Brewers Convention","datePublished":"2022-03-23T10:50:44+00:00","dateModified":"2022-03-23T11:19:26+00:00","mainEntityOfPage":{"@id":"https:\/\/www.lafarga.com\/corporatiu\/compte-enrere-per-a-innbrew-the-brewers-convention\/"},"wordCount":745,"publisher":{"@id":"https:\/\/www.lafarga.com\/corporatiu\/#organization"},"image":{"@id":"https:\/\/www.lafarga.com\/corporatiu\/compte-enrere-per-a-innbrew-the-brewers-convention\/#primaryimage"},"thumbnailUrl":"https:\/\/www.lafarga.com\/corporatiu\/wp-content\/uploads\/2022\/03\/Innbrew-Farga-22.jpg","articleSection":["Centre d'Activitats"],"inLanguage":"ca"},{"@type":"WebPage","@id":"https:\/\/www.lafarga.com\/corporatiu\/compte-enrere-per-a-innbrew-the-brewers-convention\/","url":"https:\/\/www.lafarga.com\/corporatiu\/compte-enrere-per-a-innbrew-the-brewers-convention\/","name":"Compte enrere per a InnBrew, The Brewers Convention - La Farga Gesti\u00f3n de Equipamientos Municipales, S.A.","isPartOf":{"@id":"https:\/\/www.lafarga.com\/corporatiu\/#website"},"primaryImageOfPage":{"@id":"https:\/\/www.lafarga.com\/corporatiu\/compte-enrere-per-a-innbrew-the-brewers-convention\/#primaryimage"},"image":{"@id":"https:\/\/www.lafarga.com\/corporatiu\/compte-enrere-per-a-innbrew-the-brewers-convention\/#primaryimage"},"thumbnailUrl":"https:\/\/www.lafarga.com\/corporatiu\/wp-content\/uploads\/2022\/03\/Innbrew-Farga-22.jpg","datePublished":"2022-03-23T10:50:44+00:00","dateModified":"2022-03-23T11:19:26+00:00","description":"Despr\u00e9s de l\u2019\u00e8xit de la\u00a0primera edici\u00f3, celebrada al juliol de 2021, torna a La Farga de L\u2019Hospitalet la\u00a0InnBrew, The Brewers Convention.","breadcrumb":{"@id":"https:\/\/www.lafarga.com\/corporatiu\/compte-enrere-per-a-innbrew-the-brewers-convention\/#breadcrumb"},"inLanguage":"ca","potentialAction":[{"@type":"ReadAction","target":["https:\/\/www.lafarga.com\/corporatiu\/compte-enrere-per-a-innbrew-the-brewers-convention\/"]}]},{"@type":"ImageObject","inLanguage":"ca","@id":"https:\/\/www.lafarga.com\/corporatiu\/compte-enrere-per-a-innbrew-the-brewers-convention\/#primaryimage","url":"https:\/\/www.lafarga.com\/corporatiu\/wp-content\/uploads\/2022\/03\/Innbrew-Farga-22.jpg","contentUrl":"https:\/\/www.lafarga.com\/corporatiu\/wp-content\/uploads\/2022\/03\/Innbrew-Farga-22.jpg","width":730,"height":410,"caption":"Innbrew Farga"},{"@type":"BreadcrumbList","@id":"https:\/\/www.lafarga.com\/corporatiu\/compte-enrere-per-a-innbrew-the-brewers-convention\/#breadcrumb","itemListElement":[{"@type":"ListItem","position":1,"name":"Home","item":"https:\/\/www.lafarga.com\/corporatiu\/lafarga-hospitalet-llobregat\/"},{"@type":"ListItem","position":2,"name":"Compte enrere per a InnBrew, The Brewers Convention"}]},{"@type":"WebSite","@id":"https:\/\/www.lafarga.com\/corporatiu\/#website","url":"https:\/\/www.lafarga.com\/corporatiu\/","name":"La Farga Gesti\u00f3 d&#039;Equipaments Municipals, SA","description":"","publisher":{"@id":"https:\/\/www.lafarga.com\/corporatiu\/#organization"},"potentialAction":[{"@type":"SearchAction","target":{"@type":"EntryPoint","urlTemplate":"https:\/\/www.lafarga.com\/corporatiu\/?s={search_term_string}"},"query-input":{"@type":"PropertyValueSpecification","valueRequired":true,"valueName":"search_term_string"}}],"inLanguage":"ca"},{"@type":"Organization","@id":"https:\/\/www.lafarga.com\/corporatiu\/#organization","name":"La Farga Gesti\u00f3 d&#039;Equipaments Municipals, SA","url":"https:\/\/www.lafarga.com\/corporatiu\/","logo":{"@type":"ImageObject","inLanguage":"ca","@id":"https:\/\/www.lafarga.com\/corporatiu\/#\/schema\/logo\/image\/","url":"https:\/\/www.lafarga.com\/corporatiu\/wp-content\/uploads\/2023\/11\/logotipo_lafarga_gemsa.svg","contentUrl":"https:\/\/www.lafarga.com\/corporatiu\/wp-content\/uploads\/2023\/11\/logotipo_lafarga_gemsa.svg","width":102,"height":103,"caption":"La Farga Gesti\u00f3 d&#039;Equipaments Municipals, SA"},"image":{"@id":"https:\/\/www.lafarga.com\/corporatiu\/#\/schema\/logo\/image\/"}},{"@type":"Person","@id":"https:\/\/www.lafarga.com\/corporatiu\/#\/schema\/person\/70d96fe17d0da1a9c9e80d232bdbcf33","name":"\u00d2scar Milla","image":{"@type":"ImageObject","inLanguage":"ca","@id":"https:\/\/secure.gravatar.com\/avatar\/92e75d184f9d5e0e403bd4ad075b080ad258344ddc259adddb579f6a3ba6494f?s=96&d=mm&r=g","url":"https:\/\/secure.gravatar.com\/avatar\/92e75d184f9d5e0e403bd4ad075b080ad258344ddc259adddb579f6a3ba6494f?s=96&d=mm&r=g","contentUrl":"https:\/\/secure.gravatar.com\/avatar\/92e75d184f9d5e0e403bd4ad075b080ad258344ddc259adddb579f6a3ba6494f?s=96&d=mm&r=g","caption":"\u00d2scar Milla"},"url":"https:\/\/www.lafarga.com\/corporatiu\/author\/omilla\/"}]}},"uagb_featured_image_src":{"full":["https:\/\/www.lafarga.com\/corporatiu\/wp-content\/uploads\/2022\/03\/Innbrew-Farga-22.jpg",730,410,false],"thumbnail":["https:\/\/www.lafarga.com\/corporatiu\/wp-content\/uploads\/2022\/03\/Innbrew-Farga-22-150x150.jpg",150,150,true],"medium":["https:\/\/www.lafarga.com\/corporatiu\/wp-content\/uploads\/2022\/03\/Innbrew-Farga-22-300x168.jpg",300,168,true],"medium_large":["https:\/\/www.lafarga.com\/corporatiu\/wp-content\/uploads\/2022\/03\/Innbrew-Farga-22.jpg",730,410,false],"large":["https:\/\/www.lafarga.com\/corporatiu\/wp-content\/uploads\/2022\/03\/Innbrew-Farga-22.jpg",730,410,false],"1536x1536":["https:\/\/www.lafarga.com\/corporatiu\/wp-content\/uploads\/2022\/03\/Innbrew-Farga-22.jpg",730,410,false],"2048x2048":["https:\/\/www.lafarga.com\/corporatiu\/wp-content\/uploads\/2022\/03\/Innbrew-Farga-22.jpg",730,410,false],"mailpoet_newsletter_max":["https:\/\/www.lafarga.com\/corporatiu\/wp-content\/uploads\/2022\/03\/Innbrew-Farga-22.jpg",730,410,false]},"uagb_author_info":{"display_name":"\u00d2scar Milla","author_link":"https:\/\/www.lafarga.com\/corporatiu\/author\/omilla\/"},"uagb_comment_info":0,"uagb_excerpt":"El certamen ser\u00e0 del 31 de mar\u00e7 al 2 d\u2019abril, i acollir\u00e0 la gran final del Barcelona Beer Challenge, que d\u00f3na a con\u00e8ixer la Millor Cervesera de l\u2019Any, entre altres premis.","_links":{"self":[{"href":"https:\/\/www.lafarga.com\/corporatiu\/wp-json\/wp\/v2\/posts\/16462","targetHints":{"allow":["GET"]}}],"collection":[{"href":"https:\/\/www.lafarga.com\/corporatiu\/wp-json\/wp\/v2\/posts"}],"about":[{"href":"https:\/\/www.lafarga.com\/corporatiu\/wp-json\/wp\/v2\/types\/post"}],"author":[{"embeddable":true,"href":"https:\/\/www.lafarga.com\/corporatiu\/wp-json\/wp\/v2\/users\/5"}],"replies":[{"embeddable":true,"href":"https:\/\/www.lafarga.com\/corporatiu\/wp-json\/wp\/v2\/comments?post=16462"}],"version-history":[{"count":8,"href":"https:\/\/www.lafarga.com\/corporatiu\/wp-json\/wp\/v2\/posts\/16462\/revisions"}],"predecessor-version":[{"id":16475,"href":"https:\/\/www.lafarga.com\/corporatiu\/wp-json\/wp\/v2\/posts\/16462\/revisions\/16475"}],"wp:featuredmedia":[{"embeddable":true,"href":"https:\/\/www.lafarga.com\/corporatiu\/wp-json\/wp\/v2\/media\/16464"}],"wp:attachment":[{"href":"https:\/\/www.lafarga.com\/corporatiu\/wp-json\/wp\/v2\/media?parent=16462"}],"wp:term":[{"taxonomy":"category","embeddable":true,"href":"https:\/\/www.lafarga.com\/corporatiu\/wp-json\/wp\/v2\/categories?post=16462"},{"taxonomy":"post_tag","embeddable":true,"href":"https:\/\/www.lafarga.com\/corporatiu\/wp-json\/wp\/v2\/tags?post=16462"}],"curies":[{"name":"wp","href":"https:\/\/api.w.org\/{rel}","templated":true}]}}