{"id":15930,"date":"2021-07-20T19:53:00","date_gmt":"2021-07-20T19:53:00","guid":{"rendered":"http:\/\/www.lafarga.com\/corporatiu\/?p=15930"},"modified":"2021-07-28T10:26:42","modified_gmt":"2021-07-28T10:26:42","slug":"toque-de-queda-para-frenar-la-quinta-ola","status":"publish","type":"post","link":"https:\/\/www.lafarga.com\/corporatiu\/toque-de-queda-para-frenar-la-quinta-ola\/","title":{"rendered":"Toque de queda para frenar la quinta ola, portada del Diari de L&#8217;Hospitalet"},"content":{"rendered":"\n<h5 class=\"wp-block-heading\">Toque de queda para frenar la quinta ola es el principal tema de portada del Diari de L&#8217;Hospitalet de este mes de julio.<\/h5>\n\n\n\n<p>El TSJC autoriza a la Generalitat a limitar la circulaci\u00f3n de 1 a 6 de la madrugada, mientras que la restauraci\u00f3n y ocio cierran a las 0.30 h y tambi\u00e9n se limitan las reuniones a 10 personas. El objetivo es reducir la interacci\u00f3n social ante la explosi\u00f3n de casos de Covid de julio. El alto n\u00famero de contagios colapsa los CAP y comienza a llegar a los hospitales.<\/p>\n\n\n\n<p>En este sentido el recinto de La Farga seguir\u00e1, durante todo el verano, siendo uno de los centros de <strong><a href=\"https:\/\/www.lafarga.com\/corporatiu\/muy-buen-ritmo-de-vacunacion-en-la-farga\/\" target=\"_blank\" rel=\"noreferrer noopener\">vacunaci\u00f3n masiva<\/a><\/strong> dispuestos por CatSalut.<\/p>\n\n\n\n<p>Otras informaciones del Diari son que la estaci\u00f3n Ernest Lluch de la L5 del metro entre Collblanc y Pubilla Cases est\u00e1 previsto que empiece a funcionar a finales de julio; que el Ayuntamiento abrir\u00e1 el nuevo PDU Granvia a la participaci\u00f3n; y que se ha abierto un Plan de capacitaci\u00f3n digital para 400 j\u00f3venes de la ciudad sin trabajo.<\/p>\n\n\n\n<p>En esta edici\u00f3n del Diari tambi\u00e9n encontramos que entidades LGTBI+ e instituciones alzan la voz el D\u00eda del Orgullo contra el aumento de agresiones al colectivo; y el homenaje a los m\u00e1s de 1.500 voluntarios que ayudaron durante el confinamiento, entre los que se encuentra <strong><a href=\"https:\/\/www.lafarga.com\/corporatiu\/reconocimiento-a-las-personas-voluntarias-de-la-farga\/\" target=\"_blank\" rel=\"noreferrer noopener\">personal de La Farga GEM, S.A.<\/a><\/strong><\/p>\n\n\n\n<p>En cuanto al espacio de la entrevista encontramos este mes la de la alcaldesa de L&#8217;Hospitalet, N\u00faria Mar\u00edn.<\/p>\n\n\n\n<h5 class=\"wp-block-heading\">Cultura, deportes y &#8220;Et recomamen&#8221;<\/h5>\n\n\n\n<p>En cultura, destaca el diario el libro que recoge 100 a\u00f1os de historia de arte moderno en L&#8217;Hospitalet desde 1912 y Ramon Puig y Gairalt.<\/p>\n\n\n\n<p>En el apartado deportivo, especial en p\u00e1ginas centrales, del deporte hospitalense presente en los Juegos Ol\u00edmpicos de Tokio y que el Club B\u00e0squet L&#8217;Hospitalet forma el equipo que competir\u00e1 en la Liga EBA, bajo las \u00f3rdenes del t\u00e9cnico Xavi Carvajal.<\/p>\n\n\n\n<p>En el apartado &#8220;Et recomanem&#8221;, el diario recoge que La Farga ser\u00e1 escenario del 22 al 24 de julio de la <strong><a href=\"http:\/\/www.lafargalhospitalet.com\/presentada-la-innbrew-the-brewers-convention-que-nace-en-la-farga\/\" target=\"_blank\" rel=\"noreferrer noopener\">Innbrew<\/a><\/strong>, feria profesional del sector cervecero.<\/p>\n\n\n\n<p>El Diari de L&#8217;Hospitalet es un medio editado por La Farga Gesti\u00f3n de Equipamientos Municipales, y tiene una tirada de 105.000 ejemplares.<\/p>\n\n\n\n<p>Aqu\u00ed puede ver la <strong><a href=\"http:\/\/lhdigital.cat\/diarilh_digital\/369\/index.html\" target=\"_blank\" rel=\"noreferrer noopener\">versi\u00f3n digital<\/a><\/strong> del Diari de L&#8217;Hospitalet.<\/p>\n","protected":false},"excerpt":{"rendered":"<p>Toque de queda para frenar la quinta ola es el principal tema de portada del Diari de L&#8217;Hospitalet de este mes de julio.<\/p>\n","protected":false},"author":5,"featured_media":15924,"comment_status":"closed","ping_status":"closed","sticky":false,"template":"","format":"standard","meta":{"inline_featured_image":false,"_uag_custom_page_level_css":"","_monsterinsights_skip_tracking":false,"_monsterinsights_sitenote_active":false,"_monsterinsights_sitenote_note":"","_monsterinsights_sitenote_category":0,"site-sidebar-layout":"default","site-content-layout":"","ast-site-content-layout":"default","site-content-style":"default","site-sidebar-style":"default","ast-global-header-display":"","ast-banner-title-visibility":"","ast-main-header-display":"","ast-hfb-above-header-display":"","ast-hfb-below-header-display":"","ast-hfb-mobile-header-display":"","site-post-title":"","ast-breadcrumbs-content":"","ast-featured-img":"","footer-sml-layout":"","ast-disable-related-posts":"","theme-transparent-header-meta":"","adv-header-id-meta":"","stick-header-meta":"","header-above-stick-meta":"","header-main-stick-meta":"","header-below-stick-meta":"","astra-migrate-meta-layouts":"default","ast-page-background-enabled":"default","ast-page-background-meta":{"desktop":{"background-color":"var(--ast-global-color-4)","background-image":"","background-repeat":"repeat","background-position":"center center","background-size":"auto","background-attachment":"scroll","background-type":"","background-media":"","overlay-type":"","overlay-color":"","overlay-opacity":"","overlay-gradient":""},"tablet":{"background-color":"","background-image":"","background-repeat":"repeat","background-position":"center center","background-size":"auto","background-attachment":"scroll","background-type":"","background-media":"","overlay-type":"","overlay-color":"","overlay-opacity":"","overlay-gradient":""},"mobile":{"background-color":"","background-image":"","background-repeat":"repeat","background-position":"center center","background-size":"auto","background-attachment":"scroll","background-type":"","background-media":"","overlay-type":"","overlay-color":"","overlay-opacity":"","overlay-gradient":""}},"ast-content-background-meta":{"desktop":{"background-color":"var(--ast-global-color-5)","background-image":"","background-repeat":"repeat","background-position":"center center","background-size":"auto","background-attachment":"scroll","background-type":"","background-media":"","overlay-type":"","overlay-color":"","overlay-opacity":"","overlay-gradient":""},"tablet":{"background-color":"var(--ast-global-color-5)","background-image":"","background-repeat":"repeat","background-position":"center center","background-size":"auto","background-attachment":"scroll","background-type":"","background-media":"","overlay-type":"","overlay-color":"","overlay-opacity":"","overlay-gradient":""},"mobile":{"background-color":"var(--ast-global-color-5)","background-image":"","background-repeat":"repeat","background-position":"center center","background-size":"auto","background-attachment":"scroll","background-type":"","background-media":"","overlay-type":"","overlay-color":"","overlay-opacity":"","overlay-gradient":""}},"footnotes":""},"categories":[81],"tags":[],"class_list":["post-15930","post","type-post","status-publish","format-standard","has-post-thumbnail","hentry","category-medios-comunicacion"],"yoast_head":"<!-- This site is optimized with the Yoast SEO plugin v27.4 - https:\/\/yoast.com\/product\/yoast-seo-wordpress\/ -->\n<title>Toque de queda para frenar la quinta ola, portada del Diari de L&#039;Hospitalet - La Farga Gesti\u00f3n de Equipamientos Municipales, S.A.<\/title>\n<meta name=\"description\" content=\"Toque de queda para frenar la quinta ola es el principal tema de portada del Diari de L&#039;Hospitalet de la edici\u00f3n de julio.\" \/>\n<meta name=\"robots\" content=\"index, follow, max-snippet:-1, max-image-preview:large, max-video-preview:-1\" \/>\n<link rel=\"canonical\" href=\"https:\/\/www.lafarga.com\/corporatiu\/toque-de-queda-para-frenar-la-quinta-ola\/\" \/>\n<meta property=\"og:locale\" content=\"ca_ES\" \/>\n<meta property=\"og:type\" content=\"article\" \/>\n<meta property=\"og:title\" content=\"Toque de queda para frenar la quinta ola, portada del Diari de L&#039;Hospitalet - La Farga Gesti\u00f3n de Equipamientos Municipales, S.A.\" \/>\n<meta property=\"og:description\" content=\"Toque de queda para frenar la quinta ola es el principal tema de portada del Diari de L&#039;Hospitalet de la edici\u00f3n de julio.\" \/>\n<meta property=\"og:url\" content=\"https:\/\/www.lafarga.com\/corporatiu\/toque-de-queda-para-frenar-la-quinta-ola\/\" \/>\n<meta property=\"og:site_name\" content=\"La Farga Gesti\u00f3n de Equipamientos Municipales, S.A.\" \/>\n<meta property=\"article:published_time\" content=\"2021-07-20T19:53:00+00:00\" \/>\n<meta property=\"article:modified_time\" content=\"2021-07-28T10:26:42+00:00\" \/>\n<meta property=\"og:image\" content=\"https:\/\/www.lafarga.com\/corporatiu\/wp-content\/uploads\/2021\/07\/Diari-LH-Juliol-21.jpg\" \/>\n\t<meta property=\"og:image:width\" content=\"730\" \/>\n\t<meta property=\"og:image:height\" content=\"410\" \/>\n\t<meta property=\"og:image:type\" content=\"image\/jpeg\" \/>\n<meta name=\"author\" content=\"\u00d2scar Milla\" \/>\n<meta name=\"twitter:label1\" content=\"Escrit per\" \/>\n\t<meta name=\"twitter:data1\" content=\"\u00d2scar Milla\" \/>\n\t<meta name=\"twitter:label2\" content=\"Temps estimat de lectura\" \/>\n\t<meta name=\"twitter:data2\" content=\"2 minuts\" \/>\n<script type=\"application\/ld+json\" class=\"yoast-schema-graph\">{\"@context\":\"https:\\\/\\\/schema.org\",\"@graph\":[{\"@type\":\"Article\",\"@id\":\"https:\\\/\\\/www.lafarga.com\\\/corporatiu\\\/toque-de-queda-para-frenar-la-quinta-ola\\\/#article\",\"isPartOf\":{\"@id\":\"https:\\\/\\\/www.lafarga.com\\\/corporatiu\\\/toque-de-queda-para-frenar-la-quinta-ola\\\/\"},\"author\":{\"name\":\"\u00d2scar Milla\",\"@id\":\"https:\\\/\\\/www.lafarga.com\\\/corporatiu\\\/#\\\/schema\\\/person\\\/70d96fe17d0da1a9c9e80d232bdbcf33\"},\"headline\":\"Toque de queda para frenar la quinta ola, portada del Diari de L&#8217;Hospitalet\",\"datePublished\":\"2021-07-20T19:53:00+00:00\",\"dateModified\":\"2021-07-28T10:26:42+00:00\",\"mainEntityOfPage\":{\"@id\":\"https:\\\/\\\/www.lafarga.com\\\/corporatiu\\\/toque-de-queda-para-frenar-la-quinta-ola\\\/\"},\"wordCount\":406,\"publisher\":{\"@id\":\"https:\\\/\\\/www.lafarga.com\\\/corporatiu\\\/#organization\"},\"image\":{\"@id\":\"https:\\\/\\\/www.lafarga.com\\\/corporatiu\\\/toque-de-queda-para-frenar-la-quinta-ola\\\/#primaryimage\"},\"thumbnailUrl\":\"https:\\\/\\\/www.lafarga.com\\\/corporatiu\\\/wp-content\\\/uploads\\\/2021\\\/07\\\/Diari-LH-Juliol-21.jpg\",\"articleSection\":[\"Medios de Comunicaci\u00f3n\"],\"inLanguage\":\"ca\"},{\"@type\":\"WebPage\",\"@id\":\"https:\\\/\\\/www.lafarga.com\\\/corporatiu\\\/toque-de-queda-para-frenar-la-quinta-ola\\\/\",\"url\":\"https:\\\/\\\/www.lafarga.com\\\/corporatiu\\\/toque-de-queda-para-frenar-la-quinta-ola\\\/\",\"name\":\"Toque de queda para frenar la quinta ola, portada del Diari de L'Hospitalet - La Farga Gesti\u00f3n de Equipamientos Municipales, S.A.\",\"isPartOf\":{\"@id\":\"https:\\\/\\\/www.lafarga.com\\\/corporatiu\\\/#website\"},\"primaryImageOfPage\":{\"@id\":\"https:\\\/\\\/www.lafarga.com\\\/corporatiu\\\/toque-de-queda-para-frenar-la-quinta-ola\\\/#primaryimage\"},\"image\":{\"@id\":\"https:\\\/\\\/www.lafarga.com\\\/corporatiu\\\/toque-de-queda-para-frenar-la-quinta-ola\\\/#primaryimage\"},\"thumbnailUrl\":\"https:\\\/\\\/www.lafarga.com\\\/corporatiu\\\/wp-content\\\/uploads\\\/2021\\\/07\\\/Diari-LH-Juliol-21.jpg\",\"datePublished\":\"2021-07-20T19:53:00+00:00\",\"dateModified\":\"2021-07-28T10:26:42+00:00\",\"description\":\"Toque de queda para frenar la quinta ola es el principal tema de portada del Diari de L'Hospitalet de la edici\u00f3n de julio.\",\"breadcrumb\":{\"@id\":\"https:\\\/\\\/www.lafarga.com\\\/corporatiu\\\/toque-de-queda-para-frenar-la-quinta-ola\\\/#breadcrumb\"},\"inLanguage\":\"ca\",\"potentialAction\":[{\"@type\":\"ReadAction\",\"target\":[\"https:\\\/\\\/www.lafarga.com\\\/corporatiu\\\/toque-de-queda-para-frenar-la-quinta-ola\\\/\"]}]},{\"@type\":\"ImageObject\",\"inLanguage\":\"ca\",\"@id\":\"https:\\\/\\\/www.lafarga.com\\\/corporatiu\\\/toque-de-queda-para-frenar-la-quinta-ola\\\/#primaryimage\",\"url\":\"https:\\\/\\\/www.lafarga.com\\\/corporatiu\\\/wp-content\\\/uploads\\\/2021\\\/07\\\/Diari-LH-Juliol-21.jpg\",\"contentUrl\":\"https:\\\/\\\/www.lafarga.com\\\/corporatiu\\\/wp-content\\\/uploads\\\/2021\\\/07\\\/Diari-LH-Juliol-21.jpg\",\"width\":730,\"height\":410,\"caption\":\"Toc de queda Diari\"},{\"@type\":\"BreadcrumbList\",\"@id\":\"https:\\\/\\\/www.lafarga.com\\\/corporatiu\\\/toque-de-queda-para-frenar-la-quinta-ola\\\/#breadcrumb\",\"itemListElement\":[{\"@type\":\"ListItem\",\"position\":1,\"name\":\"Home\",\"item\":\"https:\\\/\\\/www.lafarga.com\\\/corporatiu\\\/lafarga-hospitalet-llobregat\\\/\"},{\"@type\":\"ListItem\",\"position\":2,\"name\":\"Toque de queda para frenar la quinta ola, portada del Diari de L&#8217;Hospitalet\"}]},{\"@type\":\"WebSite\",\"@id\":\"https:\\\/\\\/www.lafarga.com\\\/corporatiu\\\/#website\",\"url\":\"https:\\\/\\\/www.lafarga.com\\\/corporatiu\\\/\",\"name\":\"La Farga Gesti\u00f3 d&#039;Equipaments Municipals, SA\",\"description\":\"\",\"publisher\":{\"@id\":\"https:\\\/\\\/www.lafarga.com\\\/corporatiu\\\/#organization\"},\"potentialAction\":[{\"@type\":\"SearchAction\",\"target\":{\"@type\":\"EntryPoint\",\"urlTemplate\":\"https:\\\/\\\/www.lafarga.com\\\/corporatiu\\\/?s={search_term_string}\"},\"query-input\":{\"@type\":\"PropertyValueSpecification\",\"valueRequired\":true,\"valueName\":\"search_term_string\"}}],\"inLanguage\":\"ca\"},{\"@type\":\"Organization\",\"@id\":\"https:\\\/\\\/www.lafarga.com\\\/corporatiu\\\/#organization\",\"name\":\"La Farga Gesti\u00f3 d&#039;Equipaments Municipals, SA\",\"url\":\"https:\\\/\\\/www.lafarga.com\\\/corporatiu\\\/\",\"logo\":{\"@type\":\"ImageObject\",\"inLanguage\":\"ca\",\"@id\":\"https:\\\/\\\/www.lafarga.com\\\/corporatiu\\\/#\\\/schema\\\/logo\\\/image\\\/\",\"url\":\"https:\\\/\\\/www.lafarga.com\\\/corporatiu\\\/wp-content\\\/uploads\\\/2023\\\/11\\\/logotipo_lafarga_gemsa.svg\",\"contentUrl\":\"https:\\\/\\\/www.lafarga.com\\\/corporatiu\\\/wp-content\\\/uploads\\\/2023\\\/11\\\/logotipo_lafarga_gemsa.svg\",\"width\":102,\"height\":103,\"caption\":\"La Farga Gesti\u00f3 d&#039;Equipaments Municipals, SA\"},\"image\":{\"@id\":\"https:\\\/\\\/www.lafarga.com\\\/corporatiu\\\/#\\\/schema\\\/logo\\\/image\\\/\"}},{\"@type\":\"Person\",\"@id\":\"https:\\\/\\\/www.lafarga.com\\\/corporatiu\\\/#\\\/schema\\\/person\\\/70d96fe17d0da1a9c9e80d232bdbcf33\",\"name\":\"\u00d2scar Milla\",\"image\":{\"@type\":\"ImageObject\",\"inLanguage\":\"ca\",\"@id\":\"https:\\\/\\\/secure.gravatar.com\\\/avatar\\\/92e75d184f9d5e0e403bd4ad075b080ad258344ddc259adddb579f6a3ba6494f?s=96&d=mm&r=g\",\"url\":\"https:\\\/\\\/secure.gravatar.com\\\/avatar\\\/92e75d184f9d5e0e403bd4ad075b080ad258344ddc259adddb579f6a3ba6494f?s=96&d=mm&r=g\",\"contentUrl\":\"https:\\\/\\\/secure.gravatar.com\\\/avatar\\\/92e75d184f9d5e0e403bd4ad075b080ad258344ddc259adddb579f6a3ba6494f?s=96&d=mm&r=g\",\"caption\":\"\u00d2scar Milla\"},\"url\":\"https:\\\/\\\/www.lafarga.com\\\/corporatiu\\\/author\\\/omilla\\\/\"}]}<\/script>\n<!-- \/ Yoast SEO plugin. -->","yoast_head_json":{"title":"Toque de queda para frenar la quinta ola, portada del Diari de L'Hospitalet - La Farga Gesti\u00f3n de Equipamientos Municipales, S.A.","description":"Toque de queda para frenar la quinta ola es el principal tema de portada del Diari de L'Hospitalet de la edici\u00f3n de julio.","robots":{"index":"index","follow":"follow","max-snippet":"max-snippet:-1","max-image-preview":"max-image-preview:large","max-video-preview":"max-video-preview:-1"},"canonical":"https:\/\/www.lafarga.com\/corporatiu\/toque-de-queda-para-frenar-la-quinta-ola\/","og_locale":"ca_ES","og_type":"article","og_title":"Toque de queda para frenar la quinta ola, portada del Diari de L'Hospitalet - La Farga Gesti\u00f3n de Equipamientos Municipales, S.A.","og_description":"Toque de queda para frenar la quinta ola es el principal tema de portada del Diari de L'Hospitalet de la edici\u00f3n de julio.","og_url":"https:\/\/www.lafarga.com\/corporatiu\/toque-de-queda-para-frenar-la-quinta-ola\/","og_site_name":"La Farga Gesti\u00f3n de Equipamientos Municipales, S.A.","article_published_time":"2021-07-20T19:53:00+00:00","article_modified_time":"2021-07-28T10:26:42+00:00","og_image":[{"width":730,"height":410,"url":"https:\/\/www.lafarga.com\/corporatiu\/wp-content\/uploads\/2021\/07\/Diari-LH-Juliol-21.jpg","type":"image\/jpeg"}],"author":"\u00d2scar Milla","twitter_misc":{"Escrit per":"\u00d2scar Milla","Temps estimat de lectura":"2 minuts"},"schema":{"@context":"https:\/\/schema.org","@graph":[{"@type":"Article","@id":"https:\/\/www.lafarga.com\/corporatiu\/toque-de-queda-para-frenar-la-quinta-ola\/#article","isPartOf":{"@id":"https:\/\/www.lafarga.com\/corporatiu\/toque-de-queda-para-frenar-la-quinta-ola\/"},"author":{"name":"\u00d2scar Milla","@id":"https:\/\/www.lafarga.com\/corporatiu\/#\/schema\/person\/70d96fe17d0da1a9c9e80d232bdbcf33"},"headline":"Toque de queda para frenar la quinta ola, portada del Diari de L&#8217;Hospitalet","datePublished":"2021-07-20T19:53:00+00:00","dateModified":"2021-07-28T10:26:42+00:00","mainEntityOfPage":{"@id":"https:\/\/www.lafarga.com\/corporatiu\/toque-de-queda-para-frenar-la-quinta-ola\/"},"wordCount":406,"publisher":{"@id":"https:\/\/www.lafarga.com\/corporatiu\/#organization"},"image":{"@id":"https:\/\/www.lafarga.com\/corporatiu\/toque-de-queda-para-frenar-la-quinta-ola\/#primaryimage"},"thumbnailUrl":"https:\/\/www.lafarga.com\/corporatiu\/wp-content\/uploads\/2021\/07\/Diari-LH-Juliol-21.jpg","articleSection":["Medios de Comunicaci\u00f3n"],"inLanguage":"ca"},{"@type":"WebPage","@id":"https:\/\/www.lafarga.com\/corporatiu\/toque-de-queda-para-frenar-la-quinta-ola\/","url":"https:\/\/www.lafarga.com\/corporatiu\/toque-de-queda-para-frenar-la-quinta-ola\/","name":"Toque de queda para frenar la quinta ola, portada del Diari de L'Hospitalet - La Farga Gesti\u00f3n de Equipamientos Municipales, S.A.","isPartOf":{"@id":"https:\/\/www.lafarga.com\/corporatiu\/#website"},"primaryImageOfPage":{"@id":"https:\/\/www.lafarga.com\/corporatiu\/toque-de-queda-para-frenar-la-quinta-ola\/#primaryimage"},"image":{"@id":"https:\/\/www.lafarga.com\/corporatiu\/toque-de-queda-para-frenar-la-quinta-ola\/#primaryimage"},"thumbnailUrl":"https:\/\/www.lafarga.com\/corporatiu\/wp-content\/uploads\/2021\/07\/Diari-LH-Juliol-21.jpg","datePublished":"2021-07-20T19:53:00+00:00","dateModified":"2021-07-28T10:26:42+00:00","description":"Toque de queda para frenar la quinta ola es el principal tema de portada del Diari de L'Hospitalet de la edici\u00f3n de julio.","breadcrumb":{"@id":"https:\/\/www.lafarga.com\/corporatiu\/toque-de-queda-para-frenar-la-quinta-ola\/#breadcrumb"},"inLanguage":"ca","potentialAction":[{"@type":"ReadAction","target":["https:\/\/www.lafarga.com\/corporatiu\/toque-de-queda-para-frenar-la-quinta-ola\/"]}]},{"@type":"ImageObject","inLanguage":"ca","@id":"https:\/\/www.lafarga.com\/corporatiu\/toque-de-queda-para-frenar-la-quinta-ola\/#primaryimage","url":"https:\/\/www.lafarga.com\/corporatiu\/wp-content\/uploads\/2021\/07\/Diari-LH-Juliol-21.jpg","contentUrl":"https:\/\/www.lafarga.com\/corporatiu\/wp-content\/uploads\/2021\/07\/Diari-LH-Juliol-21.jpg","width":730,"height":410,"caption":"Toc de queda Diari"},{"@type":"BreadcrumbList","@id":"https:\/\/www.lafarga.com\/corporatiu\/toque-de-queda-para-frenar-la-quinta-ola\/#breadcrumb","itemListElement":[{"@type":"ListItem","position":1,"name":"Home","item":"https:\/\/www.lafarga.com\/corporatiu\/lafarga-hospitalet-llobregat\/"},{"@type":"ListItem","position":2,"name":"Toque de queda para frenar la quinta ola, portada del Diari de L&#8217;Hospitalet"}]},{"@type":"WebSite","@id":"https:\/\/www.lafarga.com\/corporatiu\/#website","url":"https:\/\/www.lafarga.com\/corporatiu\/","name":"La Farga Gesti\u00f3 d&#039;Equipaments Municipals, SA","description":"","publisher":{"@id":"https:\/\/www.lafarga.com\/corporatiu\/#organization"},"potentialAction":[{"@type":"SearchAction","target":{"@type":"EntryPoint","urlTemplate":"https:\/\/www.lafarga.com\/corporatiu\/?s={search_term_string}"},"query-input":{"@type":"PropertyValueSpecification","valueRequired":true,"valueName":"search_term_string"}}],"inLanguage":"ca"},{"@type":"Organization","@id":"https:\/\/www.lafarga.com\/corporatiu\/#organization","name":"La Farga Gesti\u00f3 d&#039;Equipaments Municipals, SA","url":"https:\/\/www.lafarga.com\/corporatiu\/","logo":{"@type":"ImageObject","inLanguage":"ca","@id":"https:\/\/www.lafarga.com\/corporatiu\/#\/schema\/logo\/image\/","url":"https:\/\/www.lafarga.com\/corporatiu\/wp-content\/uploads\/2023\/11\/logotipo_lafarga_gemsa.svg","contentUrl":"https:\/\/www.lafarga.com\/corporatiu\/wp-content\/uploads\/2023\/11\/logotipo_lafarga_gemsa.svg","width":102,"height":103,"caption":"La Farga Gesti\u00f3 d&#039;Equipaments Municipals, SA"},"image":{"@id":"https:\/\/www.lafarga.com\/corporatiu\/#\/schema\/logo\/image\/"}},{"@type":"Person","@id":"https:\/\/www.lafarga.com\/corporatiu\/#\/schema\/person\/70d96fe17d0da1a9c9e80d232bdbcf33","name":"\u00d2scar Milla","image":{"@type":"ImageObject","inLanguage":"ca","@id":"https:\/\/secure.gravatar.com\/avatar\/92e75d184f9d5e0e403bd4ad075b080ad258344ddc259adddb579f6a3ba6494f?s=96&d=mm&r=g","url":"https:\/\/secure.gravatar.com\/avatar\/92e75d184f9d5e0e403bd4ad075b080ad258344ddc259adddb579f6a3ba6494f?s=96&d=mm&r=g","contentUrl":"https:\/\/secure.gravatar.com\/avatar\/92e75d184f9d5e0e403bd4ad075b080ad258344ddc259adddb579f6a3ba6494f?s=96&d=mm&r=g","caption":"\u00d2scar Milla"},"url":"https:\/\/www.lafarga.com\/corporatiu\/author\/omilla\/"}]}},"uagb_featured_image_src":{"full":["https:\/\/www.lafarga.com\/corporatiu\/wp-content\/uploads\/2021\/07\/Diari-LH-Juliol-21.jpg",730,410,false],"thumbnail":["https:\/\/www.lafarga.com\/corporatiu\/wp-content\/uploads\/2021\/07\/Diari-LH-Juliol-21-150x150.jpg",150,150,true],"medium":["https:\/\/www.lafarga.com\/corporatiu\/wp-content\/uploads\/2021\/07\/Diari-LH-Juliol-21-300x168.jpg",300,168,true],"medium_large":["https:\/\/www.lafarga.com\/corporatiu\/wp-content\/uploads\/2021\/07\/Diari-LH-Juliol-21.jpg",730,410,false],"large":["https:\/\/www.lafarga.com\/corporatiu\/wp-content\/uploads\/2021\/07\/Diari-LH-Juliol-21.jpg",730,410,false],"1536x1536":["https:\/\/www.lafarga.com\/corporatiu\/wp-content\/uploads\/2021\/07\/Diari-LH-Juliol-21.jpg",730,410,false],"2048x2048":["https:\/\/www.lafarga.com\/corporatiu\/wp-content\/uploads\/2021\/07\/Diari-LH-Juliol-21.jpg",730,410,false],"mailpoet_newsletter_max":["https:\/\/www.lafarga.com\/corporatiu\/wp-content\/uploads\/2021\/07\/Diari-LH-Juliol-21.jpg",730,410,false]},"uagb_author_info":{"display_name":"\u00d2scar Milla","author_link":"https:\/\/www.lafarga.com\/corporatiu\/author\/omilla\/"},"uagb_comment_info":0,"uagb_excerpt":"Toque de queda para frenar la quinta ola es el principal tema de portada del Diari de L'Hospitalet de este mes de julio.","_links":{"self":[{"href":"https:\/\/www.lafarga.com\/corporatiu\/wp-json\/wp\/v2\/posts\/15930","targetHints":{"allow":["GET"]}}],"collection":[{"href":"https:\/\/www.lafarga.com\/corporatiu\/wp-json\/wp\/v2\/posts"}],"about":[{"href":"https:\/\/www.lafarga.com\/corporatiu\/wp-json\/wp\/v2\/types\/post"}],"author":[{"embeddable":true,"href":"https:\/\/www.lafarga.com\/corporatiu\/wp-json\/wp\/v2\/users\/5"}],"replies":[{"embeddable":true,"href":"https:\/\/www.lafarga.com\/corporatiu\/wp-json\/wp\/v2\/comments?post=15930"}],"version-history":[{"count":3,"href":"https:\/\/www.lafarga.com\/corporatiu\/wp-json\/wp\/v2\/posts\/15930\/revisions"}],"predecessor-version":[{"id":15953,"href":"https:\/\/www.lafarga.com\/corporatiu\/wp-json\/wp\/v2\/posts\/15930\/revisions\/15953"}],"wp:featuredmedia":[{"embeddable":true,"href":"https:\/\/www.lafarga.com\/corporatiu\/wp-json\/wp\/v2\/media\/15924"}],"wp:attachment":[{"href":"https:\/\/www.lafarga.com\/corporatiu\/wp-json\/wp\/v2\/media?parent=15930"}],"wp:term":[{"taxonomy":"category","embeddable":true,"href":"https:\/\/www.lafarga.com\/corporatiu\/wp-json\/wp\/v2\/categories?post=15930"},{"taxonomy":"post_tag","embeddable":true,"href":"https:\/\/www.lafarga.com\/corporatiu\/wp-json\/wp\/v2\/tags?post=15930"}],"curies":[{"name":"wp","href":"https:\/\/api.w.org\/{rel}","templated":true}]}}