{"id":15920,"date":"2021-07-26T11:26:27","date_gmt":"2021-07-26T11:26:27","guid":{"rendered":"http:\/\/www.lafarga.com\/corporatiu\/?p=15920"},"modified":"2021-07-26T11:26:29","modified_gmt":"2021-07-26T11:26:29","slug":"la-i-edicion-de-la-innbrew-se-estrena-con-exito-asegurando-su-continuidad","status":"publish","type":"post","link":"https:\/\/www.lafarga.com\/corporatiu\/la-i-edicion-de-la-innbrew-se-estrena-con-exito-asegurando-su-continuidad\/","title":{"rendered":"La I edici\u00f3n de la InnBrew se estrena con \u00e9xito asegurando su continuidad"},"content":{"rendered":"\n<h5 class=\"wp-block-heading\">La InnBrew, certamen organizado por\u00a0<a href=\"https:\/\/innbrew.com\/es\/inicio\/\" target=\"_blank\" rel=\"noreferrer noopener\">Beer Events S.L.<\/a>, ha demostrado que el sector de la cerveza artesana tiene suficiente madurez como para contar con un sal\u00f3n profesional propio e independiente.<\/h5>\n\n\n\n<p>La primera edici\u00f3n de la InnBrew,\u00a0<strong><a href=\"https:\/\/www.lafarga.com\/corporatiu\/presentada-la-innbrew-the-brewers-convention-que-se-celebrara-en-la-farga\/\" target=\"_blank\" rel=\"noreferrer noopener\">The Brewers Convention<\/a><\/strong>, certamen dirigido a los profesionales de la cerveza, ha cerrado puertas despu\u00e9s de dos d\u00edas y medio de intensa actividad. El \u00e9xito de asistentes y el inter\u00e9s generado permite mirar con optimismo hacia la continuidad de este evento, nacido como una evoluci\u00f3n del BBFPro. Tal y como ha subrayado Mikel Rius, codirector de la InnBrew,\u00a0<em>\u201cestos d\u00edas nos permiten pensar que el sector de la cerveza artesana tiene suficiente madurez y es suficientemente potente como para tener una feria propia, por ello, podemos empezar a pensar ya en la continuidad del certamen\u201d<\/em>.<\/p>\n\n\n\n<p>M\u00e1s de un millar de profesionales han pasado a lo largo de los tres d\u00edas por la convenci\u00f3n celebrada en La Farga Centro de Activiades. Los visitantes han podido \u201chacer negocio\u201d, conocer las ultimas innovaciones, probar algunas novedades y, sobre todo, aprender y crecer profesionalmente.<\/p>\n\n\n\n<p><em>\u201cEl sector ha logrado salir de la crisis, ha conseguido sobrevivir, pero el camino para seguir creciendo y para mantenerse pasa por la formaci\u00f3n, la innovaci\u00f3n y el intercambio de conocimiento\u201d<\/em>, ha destacado Mikel Rius. Precisamente, los tres ejes de la InnBrew se han sustentado en estos par\u00e1metros.<\/p>\n\n\n\n<h5 class=\"wp-block-heading\">Tres ejes: Innshow, InnTalks i InnMeet<\/h5>\n\n\n\n<p>As\u00ed, los asistentes han podido visitar tanto los 35 stands de la zona del InnShow, espacio expositivo con marcas de fabricantes, distribuidores y asociaciones, como asistir a las formaciones, ponencias y debates de las InnTalks, m\u00e1s de 20 ponencias y mesas redondas con debates de reflexi\u00f3n que se han convertido en las grandes protagonistas de la convenci\u00f3n, junto con las InnMeet, un continuo tejido de conexi\u00f3n creado para fomentar los v\u00ednculos profesionales y maximizar el n\u00famero de contactos.<\/p>\n\n\n\n<p>De hecho, los WorkShops, reuniones en peque\u00f1o comit\u00e9 entre expositores y asistentes, se han convertido en la revelaci\u00f3n de la oferta formativa del certamen, lo que hace pensar que ganar\u00e1 espacio y horarios en futuras ediciones.<\/p>\n\n\n\n<p><em>\u201cHa sido una sensaci\u00f3n brutal reencontrarnos despu\u00e9s de meses aislados en nuestras f\u00e1bricas -ha concluido Mikel Rius\u201d<\/em>-.&nbsp;<em>\u201cRealmente, este espacio de reencuentro del sector ha significado para muchos un momento muy emotivo\u201d<\/em>.<\/p>\n\n\n\n<h5 class=\"wp-block-heading\">Final de la Cornhole Brewers Cup by KeyKeg<\/h5>\n\n\n\n<p>La \u00faltima jornada ha sido el marco de la gran final del Cornhole Brewers Cup by KeyKeg, un certamen que naci\u00f3 en el a\u00f1o 2019 de la mano del Barcelona Beer Festival. En esta edici\u00f3n han participado 16 equipos, formados por parejas de diferentes cerveceras. A la final del campeonato llegaron los participantes de Cervesa del Montseny, Freddo Fox, Dehum y Octavo Arte. Finalmente, la copa se la ha llevado la pareja de la cervecera segoviana Octavo Arte.<\/p>\n\n\n\n<p>Pero no ha sido el \u00fanico premio entregado en este certamen. El viernes se celebr\u00f3 la gala de entrega del Premio Steve Huxley, un reconocimiento del sector a toda una trayectoria cervecera, a los que trabajan para y por el universo de la cerveza artesana. En esta tercera edici\u00f3n, el Steve Huxley ha sido para una de las figuras m\u00e1s reconocidas actualmente del mundo cervecero Andrew Dougall, creador de Cervezas DouGall\u2019s. El maestro cervecero recogi\u00f3 el galard\u00f3n de manos de Carlos Rodr\u00edguez, de Ales Agullons, primer ganador del certamen.<\/p>\n","protected":false},"excerpt":{"rendered":"<p>La InnBrew, certamen organizado por Beer Events S.L., ha demostrado que el sector de la cerveza artesana tiene suficiente madurez como para contar con un sal\u00f3n profesional propio e independiente.<\/p>\n","protected":false},"author":5,"featured_media":15918,"comment_status":"closed","ping_status":"closed","sticky":false,"template":"","format":"standard","meta":{"inline_featured_image":false,"_uag_custom_page_level_css":"","_monsterinsights_skip_tracking":false,"_monsterinsights_sitenote_active":false,"_monsterinsights_sitenote_note":"","_monsterinsights_sitenote_category":0,"site-sidebar-layout":"default","site-content-layout":"","ast-site-content-layout":"default","site-content-style":"default","site-sidebar-style":"default","ast-global-header-display":"","ast-banner-title-visibility":"","ast-main-header-display":"","ast-hfb-above-header-display":"","ast-hfb-below-header-display":"","ast-hfb-mobile-header-display":"","site-post-title":"","ast-breadcrumbs-content":"","ast-featured-img":"","footer-sml-layout":"","ast-disable-related-posts":"","theme-transparent-header-meta":"","adv-header-id-meta":"","stick-header-meta":"","header-above-stick-meta":"","header-main-stick-meta":"","header-below-stick-meta":"","astra-migrate-meta-layouts":"default","ast-page-background-enabled":"default","ast-page-background-meta":{"desktop":{"background-color":"var(--ast-global-color-4)","background-image":"","background-repeat":"repeat","background-position":"center center","background-size":"auto","background-attachment":"scroll","background-type":"","background-media":"","overlay-type":"","overlay-color":"","overlay-opacity":"","overlay-gradient":""},"tablet":{"background-color":"","background-image":"","background-repeat":"repeat","background-position":"center center","background-size":"auto","background-attachment":"scroll","background-type":"","background-media":"","overlay-type":"","overlay-color":"","overlay-opacity":"","overlay-gradient":""},"mobile":{"background-color":"","background-image":"","background-repeat":"repeat","background-position":"center center","background-size":"auto","background-attachment":"scroll","background-type":"","background-media":"","overlay-type":"","overlay-color":"","overlay-opacity":"","overlay-gradient":""}},"ast-content-background-meta":{"desktop":{"background-color":"var(--ast-global-color-5)","background-image":"","background-repeat":"repeat","background-position":"center center","background-size":"auto","background-attachment":"scroll","background-type":"","background-media":"","overlay-type":"","overlay-color":"","overlay-opacity":"","overlay-gradient":""},"tablet":{"background-color":"var(--ast-global-color-5)","background-image":"","background-repeat":"repeat","background-position":"center center","background-size":"auto","background-attachment":"scroll","background-type":"","background-media":"","overlay-type":"","overlay-color":"","overlay-opacity":"","overlay-gradient":""},"mobile":{"background-color":"var(--ast-global-color-5)","background-image":"","background-repeat":"repeat","background-position":"center center","background-size":"auto","background-attachment":"scroll","background-type":"","background-media":"","overlay-type":"","overlay-color":"","overlay-opacity":"","overlay-gradient":""}},"footnotes":""},"categories":[73],"tags":[],"class_list":["post-15920","post","type-post","status-publish","format-standard","has-post-thumbnail","hentry","category-centro-de-actividades"],"yoast_head":"<!-- This site is optimized with the Yoast SEO plugin v27.4 - https:\/\/yoast.com\/product\/yoast-seo-wordpress\/ -->\n<title>La I edici\u00f3n de la InnBrew se estrena con \u00e9xito asegurando su continuidad - La Farga Gesti\u00f3n de Equipamientos Municipales, S.A.<\/title>\n<meta name=\"description\" content=\"La Innbrew ha demostrat que el sector de la cervesa artesana t\u00e9 prou maduresa com per comptar amb un sal\u00f3 professional propi i independent.\" \/>\n<meta name=\"robots\" content=\"index, follow, max-snippet:-1, max-image-preview:large, max-video-preview:-1\" \/>\n<link rel=\"canonical\" href=\"https:\/\/www.lafarga.com\/corporatiu\/la-i-edicion-de-la-innbrew-se-estrena-con-exito-asegurando-su-continuidad\/\" \/>\n<meta property=\"og:locale\" content=\"ca_ES\" \/>\n<meta property=\"og:type\" content=\"article\" \/>\n<meta property=\"og:title\" content=\"La I edici\u00f3n de la InnBrew se estrena con \u00e9xito asegurando su continuidad - La Farga Gesti\u00f3n de Equipamientos Municipales, S.A.\" \/>\n<meta property=\"og:description\" content=\"La Innbrew ha demostrat que el sector de la cervesa artesana t\u00e9 prou maduresa com per comptar amb un sal\u00f3 professional propi i independent.\" \/>\n<meta property=\"og:url\" content=\"https:\/\/www.lafarga.com\/corporatiu\/la-i-edicion-de-la-innbrew-se-estrena-con-exito-asegurando-su-continuidad\/\" \/>\n<meta property=\"og:site_name\" content=\"La Farga Gesti\u00f3n de Equipamientos Municipales, S.A.\" \/>\n<meta property=\"article:published_time\" content=\"2021-07-26T11:26:27+00:00\" \/>\n<meta property=\"article:modified_time\" content=\"2021-07-26T11:26:29+00:00\" \/>\n<meta property=\"og:image\" content=\"https:\/\/www.lafarga.com\/corporatiu\/wp-content\/uploads\/2021\/07\/InnBrew-La-Farga-resum.jpg\" \/>\n\t<meta property=\"og:image:width\" content=\"730\" \/>\n\t<meta property=\"og:image:height\" content=\"410\" \/>\n\t<meta property=\"og:image:type\" content=\"image\/jpeg\" \/>\n<meta name=\"author\" content=\"\u00d2scar Milla\" \/>\n<meta name=\"twitter:label1\" content=\"Escrit per\" \/>\n\t<meta name=\"twitter:data1\" content=\"\u00d2scar Milla\" \/>\n\t<meta name=\"twitter:label2\" content=\"Temps estimat de lectura\" \/>\n\t<meta name=\"twitter:data2\" content=\"3 minuts\" \/>\n<script type=\"application\/ld+json\" class=\"yoast-schema-graph\">{\"@context\":\"https:\\\/\\\/schema.org\",\"@graph\":[{\"@type\":\"Article\",\"@id\":\"https:\\\/\\\/www.lafarga.com\\\/corporatiu\\\/la-i-edicion-de-la-innbrew-se-estrena-con-exito-asegurando-su-continuidad\\\/#article\",\"isPartOf\":{\"@id\":\"https:\\\/\\\/www.lafarga.com\\\/corporatiu\\\/la-i-edicion-de-la-innbrew-se-estrena-con-exito-asegurando-su-continuidad\\\/\"},\"author\":{\"name\":\"\u00d2scar Milla\",\"@id\":\"https:\\\/\\\/www.lafarga.com\\\/corporatiu\\\/#\\\/schema\\\/person\\\/70d96fe17d0da1a9c9e80d232bdbcf33\"},\"headline\":\"La I edici\u00f3n de la InnBrew se estrena con \u00e9xito asegurando su continuidad\",\"datePublished\":\"2021-07-26T11:26:27+00:00\",\"dateModified\":\"2021-07-26T11:26:29+00:00\",\"mainEntityOfPage\":{\"@id\":\"https:\\\/\\\/www.lafarga.com\\\/corporatiu\\\/la-i-edicion-de-la-innbrew-se-estrena-con-exito-asegurando-su-continuidad\\\/\"},\"wordCount\":595,\"publisher\":{\"@id\":\"https:\\\/\\\/www.lafarga.com\\\/corporatiu\\\/#organization\"},\"image\":{\"@id\":\"https:\\\/\\\/www.lafarga.com\\\/corporatiu\\\/la-i-edicion-de-la-innbrew-se-estrena-con-exito-asegurando-su-continuidad\\\/#primaryimage\"},\"thumbnailUrl\":\"https:\\\/\\\/www.lafarga.com\\\/corporatiu\\\/wp-content\\\/uploads\\\/2021\\\/07\\\/InnBrew-La-Farga-resum.jpg\",\"articleSection\":[\"Centro de Actividades\"],\"inLanguage\":\"ca\"},{\"@type\":\"WebPage\",\"@id\":\"https:\\\/\\\/www.lafarga.com\\\/corporatiu\\\/la-i-edicion-de-la-innbrew-se-estrena-con-exito-asegurando-su-continuidad\\\/\",\"url\":\"https:\\\/\\\/www.lafarga.com\\\/corporatiu\\\/la-i-edicion-de-la-innbrew-se-estrena-con-exito-asegurando-su-continuidad\\\/\",\"name\":\"La I edici\u00f3n de la InnBrew se estrena con \u00e9xito asegurando su continuidad - La Farga Gesti\u00f3n de Equipamientos Municipales, S.A.\",\"isPartOf\":{\"@id\":\"https:\\\/\\\/www.lafarga.com\\\/corporatiu\\\/#website\"},\"primaryImageOfPage\":{\"@id\":\"https:\\\/\\\/www.lafarga.com\\\/corporatiu\\\/la-i-edicion-de-la-innbrew-se-estrena-con-exito-asegurando-su-continuidad\\\/#primaryimage\"},\"image\":{\"@id\":\"https:\\\/\\\/www.lafarga.com\\\/corporatiu\\\/la-i-edicion-de-la-innbrew-se-estrena-con-exito-asegurando-su-continuidad\\\/#primaryimage\"},\"thumbnailUrl\":\"https:\\\/\\\/www.lafarga.com\\\/corporatiu\\\/wp-content\\\/uploads\\\/2021\\\/07\\\/InnBrew-La-Farga-resum.jpg\",\"datePublished\":\"2021-07-26T11:26:27+00:00\",\"dateModified\":\"2021-07-26T11:26:29+00:00\",\"description\":\"La Innbrew ha demostrat que el sector de la cervesa artesana t\u00e9 prou maduresa com per comptar amb un sal\u00f3 professional propi i independent.\",\"breadcrumb\":{\"@id\":\"https:\\\/\\\/www.lafarga.com\\\/corporatiu\\\/la-i-edicion-de-la-innbrew-se-estrena-con-exito-asegurando-su-continuidad\\\/#breadcrumb\"},\"inLanguage\":\"ca\",\"potentialAction\":[{\"@type\":\"ReadAction\",\"target\":[\"https:\\\/\\\/www.lafarga.com\\\/corporatiu\\\/la-i-edicion-de-la-innbrew-se-estrena-con-exito-asegurando-su-continuidad\\\/\"]}]},{\"@type\":\"ImageObject\",\"inLanguage\":\"ca\",\"@id\":\"https:\\\/\\\/www.lafarga.com\\\/corporatiu\\\/la-i-edicion-de-la-innbrew-se-estrena-con-exito-asegurando-su-continuidad\\\/#primaryimage\",\"url\":\"https:\\\/\\\/www.lafarga.com\\\/corporatiu\\\/wp-content\\\/uploads\\\/2021\\\/07\\\/InnBrew-La-Farga-resum.jpg\",\"contentUrl\":\"https:\\\/\\\/www.lafarga.com\\\/corporatiu\\\/wp-content\\\/uploads\\\/2021\\\/07\\\/InnBrew-La-Farga-resum.jpg\",\"width\":730,\"height\":410,\"caption\":\"Innbrew Farga Cervesa\"},{\"@type\":\"BreadcrumbList\",\"@id\":\"https:\\\/\\\/www.lafarga.com\\\/corporatiu\\\/la-i-edicion-de-la-innbrew-se-estrena-con-exito-asegurando-su-continuidad\\\/#breadcrumb\",\"itemListElement\":[{\"@type\":\"ListItem\",\"position\":1,\"name\":\"Home\",\"item\":\"https:\\\/\\\/www.lafarga.com\\\/corporatiu\\\/lafarga-hospitalet-llobregat\\\/\"},{\"@type\":\"ListItem\",\"position\":2,\"name\":\"La I edici\u00f3n de la InnBrew se estrena con \u00e9xito asegurando su continuidad\"}]},{\"@type\":\"WebSite\",\"@id\":\"https:\\\/\\\/www.lafarga.com\\\/corporatiu\\\/#website\",\"url\":\"https:\\\/\\\/www.lafarga.com\\\/corporatiu\\\/\",\"name\":\"La Farga Gesti\u00f3 d&#039;Equipaments Municipals, SA\",\"description\":\"\",\"publisher\":{\"@id\":\"https:\\\/\\\/www.lafarga.com\\\/corporatiu\\\/#organization\"},\"potentialAction\":[{\"@type\":\"SearchAction\",\"target\":{\"@type\":\"EntryPoint\",\"urlTemplate\":\"https:\\\/\\\/www.lafarga.com\\\/corporatiu\\\/?s={search_term_string}\"},\"query-input\":{\"@type\":\"PropertyValueSpecification\",\"valueRequired\":true,\"valueName\":\"search_term_string\"}}],\"inLanguage\":\"ca\"},{\"@type\":\"Organization\",\"@id\":\"https:\\\/\\\/www.lafarga.com\\\/corporatiu\\\/#organization\",\"name\":\"La Farga Gesti\u00f3 d&#039;Equipaments Municipals, SA\",\"url\":\"https:\\\/\\\/www.lafarga.com\\\/corporatiu\\\/\",\"logo\":{\"@type\":\"ImageObject\",\"inLanguage\":\"ca\",\"@id\":\"https:\\\/\\\/www.lafarga.com\\\/corporatiu\\\/#\\\/schema\\\/logo\\\/image\\\/\",\"url\":\"https:\\\/\\\/www.lafarga.com\\\/corporatiu\\\/wp-content\\\/uploads\\\/2023\\\/11\\\/logotipo_lafarga_gemsa.svg\",\"contentUrl\":\"https:\\\/\\\/www.lafarga.com\\\/corporatiu\\\/wp-content\\\/uploads\\\/2023\\\/11\\\/logotipo_lafarga_gemsa.svg\",\"width\":102,\"height\":103,\"caption\":\"La Farga Gesti\u00f3 d&#039;Equipaments Municipals, SA\"},\"image\":{\"@id\":\"https:\\\/\\\/www.lafarga.com\\\/corporatiu\\\/#\\\/schema\\\/logo\\\/image\\\/\"}},{\"@type\":\"Person\",\"@id\":\"https:\\\/\\\/www.lafarga.com\\\/corporatiu\\\/#\\\/schema\\\/person\\\/70d96fe17d0da1a9c9e80d232bdbcf33\",\"name\":\"\u00d2scar Milla\",\"image\":{\"@type\":\"ImageObject\",\"inLanguage\":\"ca\",\"@id\":\"https:\\\/\\\/secure.gravatar.com\\\/avatar\\\/92e75d184f9d5e0e403bd4ad075b080ad258344ddc259adddb579f6a3ba6494f?s=96&d=mm&r=g\",\"url\":\"https:\\\/\\\/secure.gravatar.com\\\/avatar\\\/92e75d184f9d5e0e403bd4ad075b080ad258344ddc259adddb579f6a3ba6494f?s=96&d=mm&r=g\",\"contentUrl\":\"https:\\\/\\\/secure.gravatar.com\\\/avatar\\\/92e75d184f9d5e0e403bd4ad075b080ad258344ddc259adddb579f6a3ba6494f?s=96&d=mm&r=g\",\"caption\":\"\u00d2scar Milla\"},\"url\":\"https:\\\/\\\/www.lafarga.com\\\/corporatiu\\\/author\\\/omilla\\\/\"}]}<\/script>\n<!-- \/ Yoast SEO plugin. -->","yoast_head_json":{"title":"La I edici\u00f3n de la InnBrew se estrena con \u00e9xito asegurando su continuidad - La Farga Gesti\u00f3n de Equipamientos Municipales, S.A.","description":"La Innbrew ha demostrat que el sector de la cervesa artesana t\u00e9 prou maduresa com per comptar amb un sal\u00f3 professional propi i independent.","robots":{"index":"index","follow":"follow","max-snippet":"max-snippet:-1","max-image-preview":"max-image-preview:large","max-video-preview":"max-video-preview:-1"},"canonical":"https:\/\/www.lafarga.com\/corporatiu\/la-i-edicion-de-la-innbrew-se-estrena-con-exito-asegurando-su-continuidad\/","og_locale":"ca_ES","og_type":"article","og_title":"La I edici\u00f3n de la InnBrew se estrena con \u00e9xito asegurando su continuidad - La Farga Gesti\u00f3n de Equipamientos Municipales, S.A.","og_description":"La Innbrew ha demostrat que el sector de la cervesa artesana t\u00e9 prou maduresa com per comptar amb un sal\u00f3 professional propi i independent.","og_url":"https:\/\/www.lafarga.com\/corporatiu\/la-i-edicion-de-la-innbrew-se-estrena-con-exito-asegurando-su-continuidad\/","og_site_name":"La Farga Gesti\u00f3n de Equipamientos Municipales, S.A.","article_published_time":"2021-07-26T11:26:27+00:00","article_modified_time":"2021-07-26T11:26:29+00:00","og_image":[{"width":730,"height":410,"url":"https:\/\/www.lafarga.com\/corporatiu\/wp-content\/uploads\/2021\/07\/InnBrew-La-Farga-resum.jpg","type":"image\/jpeg"}],"author":"\u00d2scar Milla","twitter_misc":{"Escrit per":"\u00d2scar Milla","Temps estimat de lectura":"3 minuts"},"schema":{"@context":"https:\/\/schema.org","@graph":[{"@type":"Article","@id":"https:\/\/www.lafarga.com\/corporatiu\/la-i-edicion-de-la-innbrew-se-estrena-con-exito-asegurando-su-continuidad\/#article","isPartOf":{"@id":"https:\/\/www.lafarga.com\/corporatiu\/la-i-edicion-de-la-innbrew-se-estrena-con-exito-asegurando-su-continuidad\/"},"author":{"name":"\u00d2scar Milla","@id":"https:\/\/www.lafarga.com\/corporatiu\/#\/schema\/person\/70d96fe17d0da1a9c9e80d232bdbcf33"},"headline":"La I edici\u00f3n de la InnBrew se estrena con \u00e9xito asegurando su continuidad","datePublished":"2021-07-26T11:26:27+00:00","dateModified":"2021-07-26T11:26:29+00:00","mainEntityOfPage":{"@id":"https:\/\/www.lafarga.com\/corporatiu\/la-i-edicion-de-la-innbrew-se-estrena-con-exito-asegurando-su-continuidad\/"},"wordCount":595,"publisher":{"@id":"https:\/\/www.lafarga.com\/corporatiu\/#organization"},"image":{"@id":"https:\/\/www.lafarga.com\/corporatiu\/la-i-edicion-de-la-innbrew-se-estrena-con-exito-asegurando-su-continuidad\/#primaryimage"},"thumbnailUrl":"https:\/\/www.lafarga.com\/corporatiu\/wp-content\/uploads\/2021\/07\/InnBrew-La-Farga-resum.jpg","articleSection":["Centro de Actividades"],"inLanguage":"ca"},{"@type":"WebPage","@id":"https:\/\/www.lafarga.com\/corporatiu\/la-i-edicion-de-la-innbrew-se-estrena-con-exito-asegurando-su-continuidad\/","url":"https:\/\/www.lafarga.com\/corporatiu\/la-i-edicion-de-la-innbrew-se-estrena-con-exito-asegurando-su-continuidad\/","name":"La I edici\u00f3n de la InnBrew se estrena con \u00e9xito asegurando su continuidad - La Farga Gesti\u00f3n de Equipamientos Municipales, S.A.","isPartOf":{"@id":"https:\/\/www.lafarga.com\/corporatiu\/#website"},"primaryImageOfPage":{"@id":"https:\/\/www.lafarga.com\/corporatiu\/la-i-edicion-de-la-innbrew-se-estrena-con-exito-asegurando-su-continuidad\/#primaryimage"},"image":{"@id":"https:\/\/www.lafarga.com\/corporatiu\/la-i-edicion-de-la-innbrew-se-estrena-con-exito-asegurando-su-continuidad\/#primaryimage"},"thumbnailUrl":"https:\/\/www.lafarga.com\/corporatiu\/wp-content\/uploads\/2021\/07\/InnBrew-La-Farga-resum.jpg","datePublished":"2021-07-26T11:26:27+00:00","dateModified":"2021-07-26T11:26:29+00:00","description":"La Innbrew ha demostrat que el sector de la cervesa artesana t\u00e9 prou maduresa com per comptar amb un sal\u00f3 professional propi i independent.","breadcrumb":{"@id":"https:\/\/www.lafarga.com\/corporatiu\/la-i-edicion-de-la-innbrew-se-estrena-con-exito-asegurando-su-continuidad\/#breadcrumb"},"inLanguage":"ca","potentialAction":[{"@type":"ReadAction","target":["https:\/\/www.lafarga.com\/corporatiu\/la-i-edicion-de-la-innbrew-se-estrena-con-exito-asegurando-su-continuidad\/"]}]},{"@type":"ImageObject","inLanguage":"ca","@id":"https:\/\/www.lafarga.com\/corporatiu\/la-i-edicion-de-la-innbrew-se-estrena-con-exito-asegurando-su-continuidad\/#primaryimage","url":"https:\/\/www.lafarga.com\/corporatiu\/wp-content\/uploads\/2021\/07\/InnBrew-La-Farga-resum.jpg","contentUrl":"https:\/\/www.lafarga.com\/corporatiu\/wp-content\/uploads\/2021\/07\/InnBrew-La-Farga-resum.jpg","width":730,"height":410,"caption":"Innbrew Farga Cervesa"},{"@type":"BreadcrumbList","@id":"https:\/\/www.lafarga.com\/corporatiu\/la-i-edicion-de-la-innbrew-se-estrena-con-exito-asegurando-su-continuidad\/#breadcrumb","itemListElement":[{"@type":"ListItem","position":1,"name":"Home","item":"https:\/\/www.lafarga.com\/corporatiu\/lafarga-hospitalet-llobregat\/"},{"@type":"ListItem","position":2,"name":"La I edici\u00f3n de la InnBrew se estrena con \u00e9xito asegurando su continuidad"}]},{"@type":"WebSite","@id":"https:\/\/www.lafarga.com\/corporatiu\/#website","url":"https:\/\/www.lafarga.com\/corporatiu\/","name":"La Farga Gesti\u00f3 d&#039;Equipaments Municipals, SA","description":"","publisher":{"@id":"https:\/\/www.lafarga.com\/corporatiu\/#organization"},"potentialAction":[{"@type":"SearchAction","target":{"@type":"EntryPoint","urlTemplate":"https:\/\/www.lafarga.com\/corporatiu\/?s={search_term_string}"},"query-input":{"@type":"PropertyValueSpecification","valueRequired":true,"valueName":"search_term_string"}}],"inLanguage":"ca"},{"@type":"Organization","@id":"https:\/\/www.lafarga.com\/corporatiu\/#organization","name":"La Farga Gesti\u00f3 d&#039;Equipaments Municipals, SA","url":"https:\/\/www.lafarga.com\/corporatiu\/","logo":{"@type":"ImageObject","inLanguage":"ca","@id":"https:\/\/www.lafarga.com\/corporatiu\/#\/schema\/logo\/image\/","url":"https:\/\/www.lafarga.com\/corporatiu\/wp-content\/uploads\/2023\/11\/logotipo_lafarga_gemsa.svg","contentUrl":"https:\/\/www.lafarga.com\/corporatiu\/wp-content\/uploads\/2023\/11\/logotipo_lafarga_gemsa.svg","width":102,"height":103,"caption":"La Farga Gesti\u00f3 d&#039;Equipaments Municipals, SA"},"image":{"@id":"https:\/\/www.lafarga.com\/corporatiu\/#\/schema\/logo\/image\/"}},{"@type":"Person","@id":"https:\/\/www.lafarga.com\/corporatiu\/#\/schema\/person\/70d96fe17d0da1a9c9e80d232bdbcf33","name":"\u00d2scar Milla","image":{"@type":"ImageObject","inLanguage":"ca","@id":"https:\/\/secure.gravatar.com\/avatar\/92e75d184f9d5e0e403bd4ad075b080ad258344ddc259adddb579f6a3ba6494f?s=96&d=mm&r=g","url":"https:\/\/secure.gravatar.com\/avatar\/92e75d184f9d5e0e403bd4ad075b080ad258344ddc259adddb579f6a3ba6494f?s=96&d=mm&r=g","contentUrl":"https:\/\/secure.gravatar.com\/avatar\/92e75d184f9d5e0e403bd4ad075b080ad258344ddc259adddb579f6a3ba6494f?s=96&d=mm&r=g","caption":"\u00d2scar Milla"},"url":"https:\/\/www.lafarga.com\/corporatiu\/author\/omilla\/"}]}},"uagb_featured_image_src":{"full":["https:\/\/www.lafarga.com\/corporatiu\/wp-content\/uploads\/2021\/07\/InnBrew-La-Farga-resum.jpg",730,410,false],"thumbnail":["https:\/\/www.lafarga.com\/corporatiu\/wp-content\/uploads\/2021\/07\/InnBrew-La-Farga-resum-150x150.jpg",150,150,true],"medium":["https:\/\/www.lafarga.com\/corporatiu\/wp-content\/uploads\/2021\/07\/InnBrew-La-Farga-resum-300x168.jpg",300,168,true],"medium_large":["https:\/\/www.lafarga.com\/corporatiu\/wp-content\/uploads\/2021\/07\/InnBrew-La-Farga-resum.jpg",730,410,false],"large":["https:\/\/www.lafarga.com\/corporatiu\/wp-content\/uploads\/2021\/07\/InnBrew-La-Farga-resum.jpg",730,410,false],"1536x1536":["https:\/\/www.lafarga.com\/corporatiu\/wp-content\/uploads\/2021\/07\/InnBrew-La-Farga-resum.jpg",730,410,false],"2048x2048":["https:\/\/www.lafarga.com\/corporatiu\/wp-content\/uploads\/2021\/07\/InnBrew-La-Farga-resum.jpg",730,410,false],"mailpoet_newsletter_max":["https:\/\/www.lafarga.com\/corporatiu\/wp-content\/uploads\/2021\/07\/InnBrew-La-Farga-resum.jpg",730,410,false]},"uagb_author_info":{"display_name":"\u00d2scar Milla","author_link":"https:\/\/www.lafarga.com\/corporatiu\/author\/omilla\/"},"uagb_comment_info":0,"uagb_excerpt":"La InnBrew, certamen organizado por Beer Events S.L., ha demostrado que el sector de la cerveza artesana tiene suficiente madurez como para contar con un sal\u00f3n profesional propio e independiente.","_links":{"self":[{"href":"https:\/\/www.lafarga.com\/corporatiu\/wp-json\/wp\/v2\/posts\/15920","targetHints":{"allow":["GET"]}}],"collection":[{"href":"https:\/\/www.lafarga.com\/corporatiu\/wp-json\/wp\/v2\/posts"}],"about":[{"href":"https:\/\/www.lafarga.com\/corporatiu\/wp-json\/wp\/v2\/types\/post"}],"author":[{"embeddable":true,"href":"https:\/\/www.lafarga.com\/corporatiu\/wp-json\/wp\/v2\/users\/5"}],"replies":[{"embeddable":true,"href":"https:\/\/www.lafarga.com\/corporatiu\/wp-json\/wp\/v2\/comments?post=15920"}],"version-history":[{"count":1,"href":"https:\/\/www.lafarga.com\/corporatiu\/wp-json\/wp\/v2\/posts\/15920\/revisions"}],"predecessor-version":[{"id":15921,"href":"https:\/\/www.lafarga.com\/corporatiu\/wp-json\/wp\/v2\/posts\/15920\/revisions\/15921"}],"wp:featuredmedia":[{"embeddable":true,"href":"https:\/\/www.lafarga.com\/corporatiu\/wp-json\/wp\/v2\/media\/15918"}],"wp:attachment":[{"href":"https:\/\/www.lafarga.com\/corporatiu\/wp-json\/wp\/v2\/media?parent=15920"}],"wp:term":[{"taxonomy":"category","embeddable":true,"href":"https:\/\/www.lafarga.com\/corporatiu\/wp-json\/wp\/v2\/categories?post=15920"},{"taxonomy":"post_tag","embeddable":true,"href":"https:\/\/www.lafarga.com\/corporatiu\/wp-json\/wp\/v2\/tags?post=15920"}],"curies":[{"name":"wp","href":"https:\/\/api.w.org\/{rel}","templated":true}]}}