{"id":15905,"date":"2021-07-20T09:57:13","date_gmt":"2021-07-20T09:57:13","guid":{"rendered":"http:\/\/www.lafarga.com\/corporatiu\/?p=15905"},"modified":"2021-07-20T09:57:16","modified_gmt":"2021-07-20T09:57:16","slug":"muy-buen-ritmo-de-vacunacion-en-la-farga","status":"publish","type":"post","link":"https:\/\/www.lafarga.com\/corporatiu\/muy-buen-ritmo-de-vacunacion-en-la-farga\/","title":{"rendered":"Muy buen ritmo de vacunaci\u00f3n en La Farga"},"content":{"rendered":"\n<h5 class=\"wp-block-heading\">Actualmente la media de vacunados es de 5.000 personas diarias y durante agosto ser\u00e1 de 3.000<\/h5>\n\n\n\n<p>La Farga Centro de Actividades seguir\u00e1 durante el verano siendo uno de los puntos de vacunaci\u00f3n <strong><a href=\"https:\/\/www.lafarga.com\/corporatiu\/la-farga-preparada-para-vacunar-6-000-personas-diarias\/\" target=\"_blank\" rel=\"noreferrer noopener\">masiva<\/a><\/strong> que ha dispuesto el Departamento de Salud para todo el territorio.<\/p>\n\n\n\n<p>Ahora con la vacunaci\u00f3n abierta tambi\u00e9n para los j\u00f3venes de la franja de 16 a 29 a\u00f1os, Catalu\u00f1a ha iniciado la vacunaci\u00f3n de la \u00faltima franja de poblaci\u00f3n que queda pendiente de vacunarse tras el repunte de contagios, precisamente entre los m\u00e1s j\u00f3venes.<\/p>\n\n\n\n<p>Durante la segunda quincena de julio la media de vacunaci\u00f3n en La Farga ronda los 5.000 diarios de media, mientras que durante el mes de agosto est\u00e1 previsto vacunar de media diaria a unas 3.000 personas.<\/p>\n\n\n\n<p><strong>Marta Pallar\u00e9s<\/strong>, coordinadora del punto de vacunaci\u00f3n de La Farga, ha se\u00f1alado en declaraciones a <strong><a href=\"https:\/\/lhdigital.cat\/web\/digital-h\/noticia\/ciutat\/-\/journal_content\/56_INSTANCE_43Th\/11023\/15012685\" target=\"_blank\" rel=\"noreferrer noopener\">TV L&#8217;Hospitalet<\/a><\/strong> que <em>&#8220;ya llevamos unos d\u00edas vacunando a los m\u00e1s j\u00f3venes y la verdad es que estando respondiendo bastante bien a la llamada que se ha hecho desde salud y todas las citas que se ofertan acaban llen\u00e1ndose<\/em>&#8220;.<\/p>\n\n\n\n<p>Pallar\u00e9s ha asegurado que se insista en la web de Salud para encontrar cita y aunque durante estas d\u00edas es complicado, finalmente siempre se acaba encontrando lugar y d\u00eda para poder vacunarse.<\/p>\n\n\n\n<p>Recordemos que para pedir cita hay que hacerlo a trav\u00e9s del portal:\u00a0<strong><a href=\"https:\/\/vacunacovid.catsalut.gencat.cat\/\" target=\"_blank\" rel=\"noreferrer noopener\">vacunacovidsalut.cat<\/a><\/strong><\/p>\n","protected":false},"excerpt":{"rendered":"<p>Actualmente la media de vacunados es de 5.000 personas diarias y durante agosto ser\u00e1 de 3.000. La Farga Centro de Actividades seguir\u00e1 durante el verano siendo uno de los puntos de vacunaci\u00f3n masiva que ha dispuesto el Departamento de Salud.<\/p>\n","protected":false},"author":5,"featured_media":15901,"comment_status":"closed","ping_status":"closed","sticky":false,"template":"","format":"standard","meta":{"inline_featured_image":false,"_uag_custom_page_level_css":"","_monsterinsights_skip_tracking":false,"_monsterinsights_sitenote_active":false,"_monsterinsights_sitenote_note":"","_monsterinsights_sitenote_category":0,"site-sidebar-layout":"default","site-content-layout":"","ast-site-content-layout":"default","site-content-style":"default","site-sidebar-style":"default","ast-global-header-display":"","ast-banner-title-visibility":"","ast-main-header-display":"","ast-hfb-above-header-display":"","ast-hfb-below-header-display":"","ast-hfb-mobile-header-display":"","site-post-title":"","ast-breadcrumbs-content":"","ast-featured-img":"","footer-sml-layout":"","ast-disable-related-posts":"","theme-transparent-header-meta":"","adv-header-id-meta":"","stick-header-meta":"","header-above-stick-meta":"","header-main-stick-meta":"","header-below-stick-meta":"","astra-migrate-meta-layouts":"default","ast-page-background-enabled":"default","ast-page-background-meta":{"desktop":{"background-color":"var(--ast-global-color-4)","background-image":"","background-repeat":"repeat","background-position":"center center","background-size":"auto","background-attachment":"scroll","background-type":"","background-media":"","overlay-type":"","overlay-color":"","overlay-opacity":"","overlay-gradient":""},"tablet":{"background-color":"","background-image":"","background-repeat":"repeat","background-position":"center center","background-size":"auto","background-attachment":"scroll","background-type":"","background-media":"","overlay-type":"","overlay-color":"","overlay-opacity":"","overlay-gradient":""},"mobile":{"background-color":"","background-image":"","background-repeat":"repeat","background-position":"center center","background-size":"auto","background-attachment":"scroll","background-type":"","background-media":"","overlay-type":"","overlay-color":"","overlay-opacity":"","overlay-gradient":""}},"ast-content-background-meta":{"desktop":{"background-color":"var(--ast-global-color-5)","background-image":"","background-repeat":"repeat","background-position":"center center","background-size":"auto","background-attachment":"scroll","background-type":"","background-media":"","overlay-type":"","overlay-color":"","overlay-opacity":"","overlay-gradient":""},"tablet":{"background-color":"var(--ast-global-color-5)","background-image":"","background-repeat":"repeat","background-position":"center center","background-size":"auto","background-attachment":"scroll","background-type":"","background-media":"","overlay-type":"","overlay-color":"","overlay-opacity":"","overlay-gradient":""},"mobile":{"background-color":"var(--ast-global-color-5)","background-image":"","background-repeat":"repeat","background-position":"center center","background-size":"auto","background-attachment":"scroll","background-type":"","background-media":"","overlay-type":"","overlay-color":"","overlay-opacity":"","overlay-gradient":""}},"footnotes":""},"categories":[73],"tags":[],"class_list":["post-15905","post","type-post","status-publish","format-standard","has-post-thumbnail","hentry","category-centro-de-actividades"],"yoast_head":"<!-- This site is optimized with the Yoast SEO plugin v27.4 - https:\/\/yoast.com\/product\/yoast-seo-wordpress\/ -->\n<title>Muy buen ritmo de vacunaci\u00f3n en La Farga - La Farga Gesti\u00f3n de Equipamientos Municipales, S.A.<\/title>\n<meta name=\"description\" content=\"Actualmente la media de vacunaci\u00f3n en La Farga Centro de Actividades es de 5.000 personas diarias y durante agosto ser\u00e1 de 3.000.\" \/>\n<meta name=\"robots\" content=\"index, follow, max-snippet:-1, max-image-preview:large, max-video-preview:-1\" \/>\n<link rel=\"canonical\" href=\"https:\/\/www.lafarga.com\/corporatiu\/muy-buen-ritmo-de-vacunacion-en-la-farga\/\" \/>\n<meta property=\"og:locale\" content=\"ca_ES\" \/>\n<meta property=\"og:type\" content=\"article\" \/>\n<meta property=\"og:title\" content=\"Muy buen ritmo de vacunaci\u00f3n en La Farga - La Farga Gesti\u00f3n de Equipamientos Municipales, S.A.\" \/>\n<meta property=\"og:description\" content=\"Actualmente la media de vacunaci\u00f3n en La Farga Centro de Actividades es de 5.000 personas diarias y durante agosto ser\u00e1 de 3.000.\" \/>\n<meta property=\"og:url\" content=\"https:\/\/www.lafarga.com\/corporatiu\/muy-buen-ritmo-de-vacunacion-en-la-farga\/\" \/>\n<meta property=\"og:site_name\" content=\"La Farga Gesti\u00f3n de Equipamientos Municipales, S.A.\" \/>\n<meta property=\"article:published_time\" content=\"2021-07-20T09:57:13+00:00\" \/>\n<meta property=\"article:modified_time\" content=\"2021-07-20T09:57:16+00:00\" \/>\n<meta property=\"og:image\" content=\"https:\/\/www.lafarga.com\/corporatiu\/wp-content\/uploads\/2021\/07\/Vacunacio-Farga-2-Covid.jpg\" \/>\n\t<meta property=\"og:image:width\" content=\"730\" \/>\n\t<meta property=\"og:image:height\" content=\"410\" \/>\n\t<meta property=\"og:image:type\" content=\"image\/jpeg\" \/>\n<meta name=\"author\" content=\"\u00d2scar Milla\" \/>\n<meta name=\"twitter:label1\" content=\"Escrit per\" \/>\n\t<meta name=\"twitter:data1\" content=\"\u00d2scar Milla\" \/>\n\t<meta name=\"twitter:label2\" content=\"Temps estimat de lectura\" \/>\n\t<meta name=\"twitter:data2\" content=\"1 minut\" \/>\n<script type=\"application\/ld+json\" class=\"yoast-schema-graph\">{\"@context\":\"https:\\\/\\\/schema.org\",\"@graph\":[{\"@type\":\"Article\",\"@id\":\"https:\\\/\\\/www.lafarga.com\\\/corporatiu\\\/muy-buen-ritmo-de-vacunacion-en-la-farga\\\/#article\",\"isPartOf\":{\"@id\":\"https:\\\/\\\/www.lafarga.com\\\/corporatiu\\\/muy-buen-ritmo-de-vacunacion-en-la-farga\\\/\"},\"author\":{\"name\":\"\u00d2scar Milla\",\"@id\":\"https:\\\/\\\/www.lafarga.com\\\/corporatiu\\\/#\\\/schema\\\/person\\\/70d96fe17d0da1a9c9e80d232bdbcf33\"},\"headline\":\"Muy buen ritmo de vacunaci\u00f3n en La Farga\",\"datePublished\":\"2021-07-20T09:57:13+00:00\",\"dateModified\":\"2021-07-20T09:57:16+00:00\",\"mainEntityOfPage\":{\"@id\":\"https:\\\/\\\/www.lafarga.com\\\/corporatiu\\\/muy-buen-ritmo-de-vacunacion-en-la-farga\\\/\"},\"wordCount\":249,\"publisher\":{\"@id\":\"https:\\\/\\\/www.lafarga.com\\\/corporatiu\\\/#organization\"},\"image\":{\"@id\":\"https:\\\/\\\/www.lafarga.com\\\/corporatiu\\\/muy-buen-ritmo-de-vacunacion-en-la-farga\\\/#primaryimage\"},\"thumbnailUrl\":\"https:\\\/\\\/www.lafarga.com\\\/corporatiu\\\/wp-content\\\/uploads\\\/2021\\\/07\\\/Vacunacio-Farga-2-Covid.jpg\",\"articleSection\":[\"Centro de Actividades\"],\"inLanguage\":\"ca\"},{\"@type\":\"WebPage\",\"@id\":\"https:\\\/\\\/www.lafarga.com\\\/corporatiu\\\/muy-buen-ritmo-de-vacunacion-en-la-farga\\\/\",\"url\":\"https:\\\/\\\/www.lafarga.com\\\/corporatiu\\\/muy-buen-ritmo-de-vacunacion-en-la-farga\\\/\",\"name\":\"Muy buen ritmo de vacunaci\u00f3n en La Farga - La Farga Gesti\u00f3n de Equipamientos Municipales, S.A.\",\"isPartOf\":{\"@id\":\"https:\\\/\\\/www.lafarga.com\\\/corporatiu\\\/#website\"},\"primaryImageOfPage\":{\"@id\":\"https:\\\/\\\/www.lafarga.com\\\/corporatiu\\\/muy-buen-ritmo-de-vacunacion-en-la-farga\\\/#primaryimage\"},\"image\":{\"@id\":\"https:\\\/\\\/www.lafarga.com\\\/corporatiu\\\/muy-buen-ritmo-de-vacunacion-en-la-farga\\\/#primaryimage\"},\"thumbnailUrl\":\"https:\\\/\\\/www.lafarga.com\\\/corporatiu\\\/wp-content\\\/uploads\\\/2021\\\/07\\\/Vacunacio-Farga-2-Covid.jpg\",\"datePublished\":\"2021-07-20T09:57:13+00:00\",\"dateModified\":\"2021-07-20T09:57:16+00:00\",\"description\":\"Actualmente la media de vacunaci\u00f3n en La Farga Centro de Actividades es de 5.000 personas diarias y durante agosto ser\u00e1 de 3.000.\",\"breadcrumb\":{\"@id\":\"https:\\\/\\\/www.lafarga.com\\\/corporatiu\\\/muy-buen-ritmo-de-vacunacion-en-la-farga\\\/#breadcrumb\"},\"inLanguage\":\"ca\",\"potentialAction\":[{\"@type\":\"ReadAction\",\"target\":[\"https:\\\/\\\/www.lafarga.com\\\/corporatiu\\\/muy-buen-ritmo-de-vacunacion-en-la-farga\\\/\"]}]},{\"@type\":\"ImageObject\",\"inLanguage\":\"ca\",\"@id\":\"https:\\\/\\\/www.lafarga.com\\\/corporatiu\\\/muy-buen-ritmo-de-vacunacion-en-la-farga\\\/#primaryimage\",\"url\":\"https:\\\/\\\/www.lafarga.com\\\/corporatiu\\\/wp-content\\\/uploads\\\/2021\\\/07\\\/Vacunacio-Farga-2-Covid.jpg\",\"contentUrl\":\"https:\\\/\\\/www.lafarga.com\\\/corporatiu\\\/wp-content\\\/uploads\\\/2021\\\/07\\\/Vacunacio-Farga-2-Covid.jpg\",\"width\":730,\"height\":410,\"caption\":\"vacunaci\u00f3 vacunaci\u00f3n Farga\"},{\"@type\":\"BreadcrumbList\",\"@id\":\"https:\\\/\\\/www.lafarga.com\\\/corporatiu\\\/muy-buen-ritmo-de-vacunacion-en-la-farga\\\/#breadcrumb\",\"itemListElement\":[{\"@type\":\"ListItem\",\"position\":1,\"name\":\"Home\",\"item\":\"https:\\\/\\\/www.lafarga.com\\\/corporatiu\\\/lafarga-hospitalet-llobregat\\\/\"},{\"@type\":\"ListItem\",\"position\":2,\"name\":\"Muy buen ritmo de vacunaci\u00f3n en La Farga\"}]},{\"@type\":\"WebSite\",\"@id\":\"https:\\\/\\\/www.lafarga.com\\\/corporatiu\\\/#website\",\"url\":\"https:\\\/\\\/www.lafarga.com\\\/corporatiu\\\/\",\"name\":\"La Farga Gesti\u00f3 d&#039;Equipaments Municipals, SA\",\"description\":\"\",\"publisher\":{\"@id\":\"https:\\\/\\\/www.lafarga.com\\\/corporatiu\\\/#organization\"},\"potentialAction\":[{\"@type\":\"SearchAction\",\"target\":{\"@type\":\"EntryPoint\",\"urlTemplate\":\"https:\\\/\\\/www.lafarga.com\\\/corporatiu\\\/?s={search_term_string}\"},\"query-input\":{\"@type\":\"PropertyValueSpecification\",\"valueRequired\":true,\"valueName\":\"search_term_string\"}}],\"inLanguage\":\"ca\"},{\"@type\":\"Organization\",\"@id\":\"https:\\\/\\\/www.lafarga.com\\\/corporatiu\\\/#organization\",\"name\":\"La Farga Gesti\u00f3 d&#039;Equipaments Municipals, SA\",\"url\":\"https:\\\/\\\/www.lafarga.com\\\/corporatiu\\\/\",\"logo\":{\"@type\":\"ImageObject\",\"inLanguage\":\"ca\",\"@id\":\"https:\\\/\\\/www.lafarga.com\\\/corporatiu\\\/#\\\/schema\\\/logo\\\/image\\\/\",\"url\":\"https:\\\/\\\/www.lafarga.com\\\/corporatiu\\\/wp-content\\\/uploads\\\/2023\\\/11\\\/logotipo_lafarga_gemsa.svg\",\"contentUrl\":\"https:\\\/\\\/www.lafarga.com\\\/corporatiu\\\/wp-content\\\/uploads\\\/2023\\\/11\\\/logotipo_lafarga_gemsa.svg\",\"width\":102,\"height\":103,\"caption\":\"La Farga Gesti\u00f3 d&#039;Equipaments Municipals, SA\"},\"image\":{\"@id\":\"https:\\\/\\\/www.lafarga.com\\\/corporatiu\\\/#\\\/schema\\\/logo\\\/image\\\/\"}},{\"@type\":\"Person\",\"@id\":\"https:\\\/\\\/www.lafarga.com\\\/corporatiu\\\/#\\\/schema\\\/person\\\/70d96fe17d0da1a9c9e80d232bdbcf33\",\"name\":\"\u00d2scar Milla\",\"image\":{\"@type\":\"ImageObject\",\"inLanguage\":\"ca\",\"@id\":\"https:\\\/\\\/secure.gravatar.com\\\/avatar\\\/92e75d184f9d5e0e403bd4ad075b080ad258344ddc259adddb579f6a3ba6494f?s=96&d=mm&r=g\",\"url\":\"https:\\\/\\\/secure.gravatar.com\\\/avatar\\\/92e75d184f9d5e0e403bd4ad075b080ad258344ddc259adddb579f6a3ba6494f?s=96&d=mm&r=g\",\"contentUrl\":\"https:\\\/\\\/secure.gravatar.com\\\/avatar\\\/92e75d184f9d5e0e403bd4ad075b080ad258344ddc259adddb579f6a3ba6494f?s=96&d=mm&r=g\",\"caption\":\"\u00d2scar Milla\"},\"url\":\"https:\\\/\\\/www.lafarga.com\\\/corporatiu\\\/author\\\/omilla\\\/\"}]}<\/script>\n<!-- \/ Yoast SEO plugin. -->","yoast_head_json":{"title":"Muy buen ritmo de vacunaci\u00f3n en La Farga - La Farga Gesti\u00f3n de Equipamientos Municipales, S.A.","description":"Actualmente la media de vacunaci\u00f3n en La Farga Centro de Actividades es de 5.000 personas diarias y durante agosto ser\u00e1 de 3.000.","robots":{"index":"index","follow":"follow","max-snippet":"max-snippet:-1","max-image-preview":"max-image-preview:large","max-video-preview":"max-video-preview:-1"},"canonical":"https:\/\/www.lafarga.com\/corporatiu\/muy-buen-ritmo-de-vacunacion-en-la-farga\/","og_locale":"ca_ES","og_type":"article","og_title":"Muy buen ritmo de vacunaci\u00f3n en La Farga - La Farga Gesti\u00f3n de Equipamientos Municipales, S.A.","og_description":"Actualmente la media de vacunaci\u00f3n en La Farga Centro de Actividades es de 5.000 personas diarias y durante agosto ser\u00e1 de 3.000.","og_url":"https:\/\/www.lafarga.com\/corporatiu\/muy-buen-ritmo-de-vacunacion-en-la-farga\/","og_site_name":"La Farga Gesti\u00f3n de Equipamientos Municipales, S.A.","article_published_time":"2021-07-20T09:57:13+00:00","article_modified_time":"2021-07-20T09:57:16+00:00","og_image":[{"width":730,"height":410,"url":"https:\/\/www.lafarga.com\/corporatiu\/wp-content\/uploads\/2021\/07\/Vacunacio-Farga-2-Covid.jpg","type":"image\/jpeg"}],"author":"\u00d2scar Milla","twitter_misc":{"Escrit per":"\u00d2scar Milla","Temps estimat de lectura":"1 minut"},"schema":{"@context":"https:\/\/schema.org","@graph":[{"@type":"Article","@id":"https:\/\/www.lafarga.com\/corporatiu\/muy-buen-ritmo-de-vacunacion-en-la-farga\/#article","isPartOf":{"@id":"https:\/\/www.lafarga.com\/corporatiu\/muy-buen-ritmo-de-vacunacion-en-la-farga\/"},"author":{"name":"\u00d2scar Milla","@id":"https:\/\/www.lafarga.com\/corporatiu\/#\/schema\/person\/70d96fe17d0da1a9c9e80d232bdbcf33"},"headline":"Muy buen ritmo de vacunaci\u00f3n en La Farga","datePublished":"2021-07-20T09:57:13+00:00","dateModified":"2021-07-20T09:57:16+00:00","mainEntityOfPage":{"@id":"https:\/\/www.lafarga.com\/corporatiu\/muy-buen-ritmo-de-vacunacion-en-la-farga\/"},"wordCount":249,"publisher":{"@id":"https:\/\/www.lafarga.com\/corporatiu\/#organization"},"image":{"@id":"https:\/\/www.lafarga.com\/corporatiu\/muy-buen-ritmo-de-vacunacion-en-la-farga\/#primaryimage"},"thumbnailUrl":"https:\/\/www.lafarga.com\/corporatiu\/wp-content\/uploads\/2021\/07\/Vacunacio-Farga-2-Covid.jpg","articleSection":["Centro de Actividades"],"inLanguage":"ca"},{"@type":"WebPage","@id":"https:\/\/www.lafarga.com\/corporatiu\/muy-buen-ritmo-de-vacunacion-en-la-farga\/","url":"https:\/\/www.lafarga.com\/corporatiu\/muy-buen-ritmo-de-vacunacion-en-la-farga\/","name":"Muy buen ritmo de vacunaci\u00f3n en La Farga - La Farga Gesti\u00f3n de Equipamientos Municipales, S.A.","isPartOf":{"@id":"https:\/\/www.lafarga.com\/corporatiu\/#website"},"primaryImageOfPage":{"@id":"https:\/\/www.lafarga.com\/corporatiu\/muy-buen-ritmo-de-vacunacion-en-la-farga\/#primaryimage"},"image":{"@id":"https:\/\/www.lafarga.com\/corporatiu\/muy-buen-ritmo-de-vacunacion-en-la-farga\/#primaryimage"},"thumbnailUrl":"https:\/\/www.lafarga.com\/corporatiu\/wp-content\/uploads\/2021\/07\/Vacunacio-Farga-2-Covid.jpg","datePublished":"2021-07-20T09:57:13+00:00","dateModified":"2021-07-20T09:57:16+00:00","description":"Actualmente la media de vacunaci\u00f3n en La Farga Centro de Actividades es de 5.000 personas diarias y durante agosto ser\u00e1 de 3.000.","breadcrumb":{"@id":"https:\/\/www.lafarga.com\/corporatiu\/muy-buen-ritmo-de-vacunacion-en-la-farga\/#breadcrumb"},"inLanguage":"ca","potentialAction":[{"@type":"ReadAction","target":["https:\/\/www.lafarga.com\/corporatiu\/muy-buen-ritmo-de-vacunacion-en-la-farga\/"]}]},{"@type":"ImageObject","inLanguage":"ca","@id":"https:\/\/www.lafarga.com\/corporatiu\/muy-buen-ritmo-de-vacunacion-en-la-farga\/#primaryimage","url":"https:\/\/www.lafarga.com\/corporatiu\/wp-content\/uploads\/2021\/07\/Vacunacio-Farga-2-Covid.jpg","contentUrl":"https:\/\/www.lafarga.com\/corporatiu\/wp-content\/uploads\/2021\/07\/Vacunacio-Farga-2-Covid.jpg","width":730,"height":410,"caption":"vacunaci\u00f3 vacunaci\u00f3n Farga"},{"@type":"BreadcrumbList","@id":"https:\/\/www.lafarga.com\/corporatiu\/muy-buen-ritmo-de-vacunacion-en-la-farga\/#breadcrumb","itemListElement":[{"@type":"ListItem","position":1,"name":"Home","item":"https:\/\/www.lafarga.com\/corporatiu\/lafarga-hospitalet-llobregat\/"},{"@type":"ListItem","position":2,"name":"Muy buen ritmo de vacunaci\u00f3n en La Farga"}]},{"@type":"WebSite","@id":"https:\/\/www.lafarga.com\/corporatiu\/#website","url":"https:\/\/www.lafarga.com\/corporatiu\/","name":"La Farga Gesti\u00f3 d&#039;Equipaments Municipals, SA","description":"","publisher":{"@id":"https:\/\/www.lafarga.com\/corporatiu\/#organization"},"potentialAction":[{"@type":"SearchAction","target":{"@type":"EntryPoint","urlTemplate":"https:\/\/www.lafarga.com\/corporatiu\/?s={search_term_string}"},"query-input":{"@type":"PropertyValueSpecification","valueRequired":true,"valueName":"search_term_string"}}],"inLanguage":"ca"},{"@type":"Organization","@id":"https:\/\/www.lafarga.com\/corporatiu\/#organization","name":"La Farga Gesti\u00f3 d&#039;Equipaments Municipals, SA","url":"https:\/\/www.lafarga.com\/corporatiu\/","logo":{"@type":"ImageObject","inLanguage":"ca","@id":"https:\/\/www.lafarga.com\/corporatiu\/#\/schema\/logo\/image\/","url":"https:\/\/www.lafarga.com\/corporatiu\/wp-content\/uploads\/2023\/11\/logotipo_lafarga_gemsa.svg","contentUrl":"https:\/\/www.lafarga.com\/corporatiu\/wp-content\/uploads\/2023\/11\/logotipo_lafarga_gemsa.svg","width":102,"height":103,"caption":"La Farga Gesti\u00f3 d&#039;Equipaments Municipals, SA"},"image":{"@id":"https:\/\/www.lafarga.com\/corporatiu\/#\/schema\/logo\/image\/"}},{"@type":"Person","@id":"https:\/\/www.lafarga.com\/corporatiu\/#\/schema\/person\/70d96fe17d0da1a9c9e80d232bdbcf33","name":"\u00d2scar Milla","image":{"@type":"ImageObject","inLanguage":"ca","@id":"https:\/\/secure.gravatar.com\/avatar\/92e75d184f9d5e0e403bd4ad075b080ad258344ddc259adddb579f6a3ba6494f?s=96&d=mm&r=g","url":"https:\/\/secure.gravatar.com\/avatar\/92e75d184f9d5e0e403bd4ad075b080ad258344ddc259adddb579f6a3ba6494f?s=96&d=mm&r=g","contentUrl":"https:\/\/secure.gravatar.com\/avatar\/92e75d184f9d5e0e403bd4ad075b080ad258344ddc259adddb579f6a3ba6494f?s=96&d=mm&r=g","caption":"\u00d2scar Milla"},"url":"https:\/\/www.lafarga.com\/corporatiu\/author\/omilla\/"}]}},"uagb_featured_image_src":{"full":["https:\/\/www.lafarga.com\/corporatiu\/wp-content\/uploads\/2021\/07\/Vacunacio-Farga-2-Covid.jpg",730,410,false],"thumbnail":["https:\/\/www.lafarga.com\/corporatiu\/wp-content\/uploads\/2021\/07\/Vacunacio-Farga-2-Covid-150x150.jpg",150,150,true],"medium":["https:\/\/www.lafarga.com\/corporatiu\/wp-content\/uploads\/2021\/07\/Vacunacio-Farga-2-Covid-300x168.jpg",300,168,true],"medium_large":["https:\/\/www.lafarga.com\/corporatiu\/wp-content\/uploads\/2021\/07\/Vacunacio-Farga-2-Covid.jpg",730,410,false],"large":["https:\/\/www.lafarga.com\/corporatiu\/wp-content\/uploads\/2021\/07\/Vacunacio-Farga-2-Covid.jpg",730,410,false],"1536x1536":["https:\/\/www.lafarga.com\/corporatiu\/wp-content\/uploads\/2021\/07\/Vacunacio-Farga-2-Covid.jpg",730,410,false],"2048x2048":["https:\/\/www.lafarga.com\/corporatiu\/wp-content\/uploads\/2021\/07\/Vacunacio-Farga-2-Covid.jpg",730,410,false],"mailpoet_newsletter_max":["https:\/\/www.lafarga.com\/corporatiu\/wp-content\/uploads\/2021\/07\/Vacunacio-Farga-2-Covid.jpg",730,410,false]},"uagb_author_info":{"display_name":"\u00d2scar Milla","author_link":"https:\/\/www.lafarga.com\/corporatiu\/author\/omilla\/"},"uagb_comment_info":0,"uagb_excerpt":"Actualmente la media de vacunados es de 5.000 personas diarias y durante agosto ser\u00e1 de 3.000. La Farga Centro de Actividades seguir\u00e1 durante el verano siendo uno de los puntos de vacunaci\u00f3n masiva que ha dispuesto el Departamento de Salud.","_links":{"self":[{"href":"https:\/\/www.lafarga.com\/corporatiu\/wp-json\/wp\/v2\/posts\/15905","targetHints":{"allow":["GET"]}}],"collection":[{"href":"https:\/\/www.lafarga.com\/corporatiu\/wp-json\/wp\/v2\/posts"}],"about":[{"href":"https:\/\/www.lafarga.com\/corporatiu\/wp-json\/wp\/v2\/types\/post"}],"author":[{"embeddable":true,"href":"https:\/\/www.lafarga.com\/corporatiu\/wp-json\/wp\/v2\/users\/5"}],"replies":[{"embeddable":true,"href":"https:\/\/www.lafarga.com\/corporatiu\/wp-json\/wp\/v2\/comments?post=15905"}],"version-history":[{"count":1,"href":"https:\/\/www.lafarga.com\/corporatiu\/wp-json\/wp\/v2\/posts\/15905\/revisions"}],"predecessor-version":[{"id":15906,"href":"https:\/\/www.lafarga.com\/corporatiu\/wp-json\/wp\/v2\/posts\/15905\/revisions\/15906"}],"wp:featuredmedia":[{"embeddable":true,"href":"https:\/\/www.lafarga.com\/corporatiu\/wp-json\/wp\/v2\/media\/15901"}],"wp:attachment":[{"href":"https:\/\/www.lafarga.com\/corporatiu\/wp-json\/wp\/v2\/media?parent=15905"}],"wp:term":[{"taxonomy":"category","embeddable":true,"href":"https:\/\/www.lafarga.com\/corporatiu\/wp-json\/wp\/v2\/categories?post=15905"},{"taxonomy":"post_tag","embeddable":true,"href":"https:\/\/www.lafarga.com\/corporatiu\/wp-json\/wp\/v2\/tags?post=15905"}],"curies":[{"name":"wp","href":"https:\/\/api.w.org\/{rel}","templated":true}]}}