{"id":15890,"date":"2021-07-14T11:51:37","date_gmt":"2021-07-14T11:51:37","guid":{"rendered":"http:\/\/www.lafarga.com\/corporatiu\/?p=15890"},"modified":"2021-07-14T11:52:51","modified_gmt":"2021-07-14T11:52:51","slug":"reconeixement-a-les-persones-voluntaries-de-la-farga","status":"publish","type":"post","link":"https:\/\/www.lafarga.com\/corporatiu\/reconeixement-a-les-persones-voluntaries-de-la-farga\/","title":{"rendered":"Reconeixement a les persones volunt\u00e0ries de La Farga"},"content":{"rendered":"\n<h5 class=\"wp-block-heading\">L\u2019Hospitalet ha fet un reconeixement a les persones volunt\u00e0ries que durant el confinament van realitzar diferents tasques de suport a la ciutadania i als professionals de la sanitat.<\/h5>\n\n\n\n<p>Un total de 1.150 persones volunt\u00e0ries, s\u00f2cies d\u2019entitats i institucions de la ciutat, entre elles personal de La Farga Gesti\u00f3 d&#8217;Equipaments Municipals, van dur a terme diferents tasques com ara la distribuci\u00f3 d\u2019aliments, la compra i el lliurament de medicaments i el repartiment de mascaretes i altres materials de protecci\u00f3.<\/p>\n\n\n\n<p>Els Jardins de Can Sumarro han acollit un <strong><a href=\"https:\/\/lhdigital.cat\/web\/digital-h\/veure-multimedia?xarxaId=60eead917c44ba2ae464487a&amp;vimeoId=undefined&amp;video=&amp;titol=Reconeixement%20als%20voluntaris%20en%20l%27any%20m%C3%A9s%20dif%C3%ADcil\" target=\"_blank\" rel=\"noreferrer noopener\">acte<\/a><\/strong>, presidit per l\u2019alcaldessa, N\u00faria Mar\u00edn, en el qual ha expressat p\u00fablicament l\u2019agra\u00efment de la ciutat a la seva dedicaci\u00f3. Tamb\u00e9 han assistit els regidors d\u2019Equitat, Drets Socials i Recursos Humans, Jes\u00fas Husillos, i d\u2019Igualtat i Joventut, Laura Garc\u00eda Manota. <\/p>\n\n\n\n<p>Des de l\u2019inici del confinament, el mar\u00e7 de 2020, aquestes persones, principalment, han distribu\u00eft aliments entre les persones m\u00e9s necessitades de la ciutat. Tamb\u00e9 han fet altres tasques com ara el repartiment de material de protecci\u00f3 a la ciutadania i a personal sanitari i de targetes menjador; fabricaci\u00f3 de material de protecci\u00f3; recollida i lliurament de medicaments a particulars, farm\u00e0cies i hospitals; compra d\u2019aliments i lliurament a domicili per a persones a\u00efllades; recollida d\u2019escombraries; atenci\u00f3 telef\u00f2nica a persones grans i\/o afectades per tal de mitigar la soledat; acompanyament a persones hospitalitzades; passeig d\u2019animals de companyia; acompanyament a visites m\u00e8diques, i campanyes d\u2019informaci\u00f3 i prevenci\u00f3.<\/p>\n\n\n\n<p>Entre les prop de 50 entitats i institucions que van aportar persones volunt\u00e0ries hi ha associacions ve\u00efnals i de comerciants, de paradistes dels mercats, entitats solid\u00e0ries i de dones, esplais, els voluntaris de l\u2019Hospital de Bellvitge, associacions de mares i pares i entitats de malalts, entre d\u2019altres.<br><br>Han recollit el guard\u00f3, representant tot el personal voluntari de La Farga GEM, S.A, els treballadors de <strong><a href=\"https:\/\/www.lafarga.com\/corporatiu\/estacionaments-regulats-hospitalet\/\" target=\"_blank\" rel=\"noreferrer noopener\">Zones AIRE<\/a><\/strong>, Mar\u00eda Jes\u00fas L\u00f3pez i Jordi Gregorio.<\/p>\n","protected":false},"excerpt":{"rendered":"<p>L\u2019Hospitalet ha fet un reconeixement a les persones volunt\u00e0ries que durant el confinament van realitzar diferents tasques de suport a la ciutadania i als professionals de la sanitat.<\/p>\n","protected":false},"author":5,"featured_media":15891,"comment_status":"closed","ping_status":"closed","sticky":false,"template":"","format":"standard","meta":{"inline_featured_image":false,"_uag_custom_page_level_css":"","_monsterinsights_skip_tracking":false,"_monsterinsights_sitenote_active":false,"_monsterinsights_sitenote_note":"","_monsterinsights_sitenote_category":0,"site-sidebar-layout":"default","site-content-layout":"","ast-site-content-layout":"default","site-content-style":"default","site-sidebar-style":"default","ast-global-header-display":"","ast-banner-title-visibility":"","ast-main-header-display":"","ast-hfb-above-header-display":"","ast-hfb-below-header-display":"","ast-hfb-mobile-header-display":"","site-post-title":"","ast-breadcrumbs-content":"","ast-featured-img":"","footer-sml-layout":"","ast-disable-related-posts":"","theme-transparent-header-meta":"","adv-header-id-meta":"","stick-header-meta":"","header-above-stick-meta":"","header-main-stick-meta":"","header-below-stick-meta":"","astra-migrate-meta-layouts":"default","ast-page-background-enabled":"default","ast-page-background-meta":{"desktop":{"background-color":"var(--ast-global-color-4)","background-image":"","background-repeat":"repeat","background-position":"center center","background-size":"auto","background-attachment":"scroll","background-type":"","background-media":"","overlay-type":"","overlay-color":"","overlay-opacity":"","overlay-gradient":""},"tablet":{"background-color":"","background-image":"","background-repeat":"repeat","background-position":"center center","background-size":"auto","background-attachment":"scroll","background-type":"","background-media":"","overlay-type":"","overlay-color":"","overlay-opacity":"","overlay-gradient":""},"mobile":{"background-color":"","background-image":"","background-repeat":"repeat","background-position":"center center","background-size":"auto","background-attachment":"scroll","background-type":"","background-media":"","overlay-type":"","overlay-color":"","overlay-opacity":"","overlay-gradient":""}},"ast-content-background-meta":{"desktop":{"background-color":"var(--ast-global-color-5)","background-image":"","background-repeat":"repeat","background-position":"center center","background-size":"auto","background-attachment":"scroll","background-type":"","background-media":"","overlay-type":"","overlay-color":"","overlay-opacity":"","overlay-gradient":""},"tablet":{"background-color":"var(--ast-global-color-5)","background-image":"","background-repeat":"repeat","background-position":"center center","background-size":"auto","background-attachment":"scroll","background-type":"","background-media":"","overlay-type":"","overlay-color":"","overlay-opacity":"","overlay-gradient":""},"mobile":{"background-color":"var(--ast-global-color-5)","background-image":"","background-repeat":"repeat","background-position":"center center","background-size":"auto","background-attachment":"scroll","background-type":"","background-media":"","overlay-type":"","overlay-color":"","overlay-opacity":"","overlay-gradient":""}},"footnotes":""},"categories":[55],"tags":[],"class_list":["post-15890","post","type-post","status-publish","format-standard","has-post-thumbnail","hentry","category-mobilitat"],"yoast_head":"<!-- This site is optimized with the Yoast SEO plugin v27.4 - https:\/\/yoast.com\/product\/yoast-seo-wordpress\/ -->\n<title>Reconeixement a les persones volunt\u00e0ries de La Farga - La Farga Gesti\u00f3n de Equipamientos Municipales, S.A.<\/title>\n<meta name=\"description\" content=\"L\u2019H ha fet avui un reconeixement a les persones volunt\u00e0ries que durant el confinament van realitzar diferents tasques de suport a la ciutadania i professionals de la sanitat.\" \/>\n<meta name=\"robots\" content=\"index, follow, max-snippet:-1, max-image-preview:large, max-video-preview:-1\" \/>\n<link rel=\"canonical\" href=\"https:\/\/www.lafarga.com\/corporatiu\/reconeixement-a-les-persones-voluntaries-de-la-farga\/\" \/>\n<meta property=\"og:locale\" content=\"ca_ES\" \/>\n<meta property=\"og:type\" content=\"article\" \/>\n<meta property=\"og:title\" content=\"Reconeixement a les persones volunt\u00e0ries de La Farga - La Farga Gesti\u00f3n de Equipamientos Municipales, S.A.\" \/>\n<meta property=\"og:description\" content=\"L\u2019H ha fet avui un reconeixement a les persones volunt\u00e0ries que durant el confinament van realitzar diferents tasques de suport a la ciutadania i professionals de la sanitat.\" \/>\n<meta property=\"og:url\" content=\"https:\/\/www.lafarga.com\/corporatiu\/reconeixement-a-les-persones-voluntaries-de-la-farga\/\" \/>\n<meta property=\"og:site_name\" content=\"La Farga Gesti\u00f3n de Equipamientos Municipales, S.A.\" \/>\n<meta property=\"article:published_time\" content=\"2021-07-14T11:51:37+00:00\" \/>\n<meta property=\"article:modified_time\" content=\"2021-07-14T11:52:51+00:00\" \/>\n<meta property=\"og:image\" content=\"https:\/\/www.lafarga.com\/corporatiu\/wp-content\/uploads\/2021\/07\/ZONES-AIRE-Guardo.jpg\" \/>\n\t<meta property=\"og:image:width\" content=\"730\" \/>\n\t<meta property=\"og:image:height\" content=\"410\" \/>\n\t<meta property=\"og:image:type\" content=\"image\/jpeg\" \/>\n<meta name=\"author\" content=\"\u00d2scar Milla\" \/>\n<meta name=\"twitter:label1\" content=\"Escrit per\" \/>\n\t<meta name=\"twitter:data1\" content=\"\u00d2scar Milla\" \/>\n\t<meta name=\"twitter:label2\" content=\"Temps estimat de lectura\" \/>\n\t<meta name=\"twitter:data2\" content=\"2 minuts\" \/>\n<script type=\"application\/ld+json\" class=\"yoast-schema-graph\">{\"@context\":\"https:\\\/\\\/schema.org\",\"@graph\":[{\"@type\":\"Article\",\"@id\":\"https:\\\/\\\/www.lafarga.com\\\/corporatiu\\\/reconeixement-a-les-persones-voluntaries-de-la-farga\\\/#article\",\"isPartOf\":{\"@id\":\"https:\\\/\\\/www.lafarga.com\\\/corporatiu\\\/reconeixement-a-les-persones-voluntaries-de-la-farga\\\/\"},\"author\":{\"name\":\"\u00d2scar Milla\",\"@id\":\"https:\\\/\\\/www.lafarga.com\\\/corporatiu\\\/#\\\/schema\\\/person\\\/70d96fe17d0da1a9c9e80d232bdbcf33\"},\"headline\":\"Reconeixement a les persones volunt\u00e0ries de La Farga\",\"datePublished\":\"2021-07-14T11:51:37+00:00\",\"dateModified\":\"2021-07-14T11:52:51+00:00\",\"mainEntityOfPage\":{\"@id\":\"https:\\\/\\\/www.lafarga.com\\\/corporatiu\\\/reconeixement-a-les-persones-voluntaries-de-la-farga\\\/\"},\"wordCount\":346,\"publisher\":{\"@id\":\"https:\\\/\\\/www.lafarga.com\\\/corporatiu\\\/#organization\"},\"image\":{\"@id\":\"https:\\\/\\\/www.lafarga.com\\\/corporatiu\\\/reconeixement-a-les-persones-voluntaries-de-la-farga\\\/#primaryimage\"},\"thumbnailUrl\":\"https:\\\/\\\/www.lafarga.com\\\/corporatiu\\\/wp-content\\\/uploads\\\/2021\\\/07\\\/ZONES-AIRE-Guardo.jpg\",\"articleSection\":[\"Estacionaments Regulats\"],\"inLanguage\":\"ca\"},{\"@type\":\"WebPage\",\"@id\":\"https:\\\/\\\/www.lafarga.com\\\/corporatiu\\\/reconeixement-a-les-persones-voluntaries-de-la-farga\\\/\",\"url\":\"https:\\\/\\\/www.lafarga.com\\\/corporatiu\\\/reconeixement-a-les-persones-voluntaries-de-la-farga\\\/\",\"name\":\"Reconeixement a les persones volunt\u00e0ries de La Farga - La Farga Gesti\u00f3n de Equipamientos Municipales, S.A.\",\"isPartOf\":{\"@id\":\"https:\\\/\\\/www.lafarga.com\\\/corporatiu\\\/#website\"},\"primaryImageOfPage\":{\"@id\":\"https:\\\/\\\/www.lafarga.com\\\/corporatiu\\\/reconeixement-a-les-persones-voluntaries-de-la-farga\\\/#primaryimage\"},\"image\":{\"@id\":\"https:\\\/\\\/www.lafarga.com\\\/corporatiu\\\/reconeixement-a-les-persones-voluntaries-de-la-farga\\\/#primaryimage\"},\"thumbnailUrl\":\"https:\\\/\\\/www.lafarga.com\\\/corporatiu\\\/wp-content\\\/uploads\\\/2021\\\/07\\\/ZONES-AIRE-Guardo.jpg\",\"datePublished\":\"2021-07-14T11:51:37+00:00\",\"dateModified\":\"2021-07-14T11:52:51+00:00\",\"description\":\"L\u2019H ha fet avui un reconeixement a les persones volunt\u00e0ries que durant el confinament van realitzar diferents tasques de suport a la ciutadania i professionals de la sanitat.\",\"breadcrumb\":{\"@id\":\"https:\\\/\\\/www.lafarga.com\\\/corporatiu\\\/reconeixement-a-les-persones-voluntaries-de-la-farga\\\/#breadcrumb\"},\"inLanguage\":\"ca\",\"potentialAction\":[{\"@type\":\"ReadAction\",\"target\":[\"https:\\\/\\\/www.lafarga.com\\\/corporatiu\\\/reconeixement-a-les-persones-voluntaries-de-la-farga\\\/\"]}]},{\"@type\":\"ImageObject\",\"inLanguage\":\"ca\",\"@id\":\"https:\\\/\\\/www.lafarga.com\\\/corporatiu\\\/reconeixement-a-les-persones-voluntaries-de-la-farga\\\/#primaryimage\",\"url\":\"https:\\\/\\\/www.lafarga.com\\\/corporatiu\\\/wp-content\\\/uploads\\\/2021\\\/07\\\/ZONES-AIRE-Guardo.jpg\",\"contentUrl\":\"https:\\\/\\\/www.lafarga.com\\\/corporatiu\\\/wp-content\\\/uploads\\\/2021\\\/07\\\/ZONES-AIRE-Guardo.jpg\",\"width\":730,\"height\":410,\"caption\":\"Volunt\u00e0ries Farga\"},{\"@type\":\"BreadcrumbList\",\"@id\":\"https:\\\/\\\/www.lafarga.com\\\/corporatiu\\\/reconeixement-a-les-persones-voluntaries-de-la-farga\\\/#breadcrumb\",\"itemListElement\":[{\"@type\":\"ListItem\",\"position\":1,\"name\":\"Home\",\"item\":\"https:\\\/\\\/www.lafarga.com\\\/corporatiu\\\/lafarga-hospitalet-llobregat\\\/\"},{\"@type\":\"ListItem\",\"position\":2,\"name\":\"Reconeixement a les persones volunt\u00e0ries de La Farga\"}]},{\"@type\":\"WebSite\",\"@id\":\"https:\\\/\\\/www.lafarga.com\\\/corporatiu\\\/#website\",\"url\":\"https:\\\/\\\/www.lafarga.com\\\/corporatiu\\\/\",\"name\":\"La Farga Gesti\u00f3 d&#039;Equipaments Municipals, SA\",\"description\":\"\",\"publisher\":{\"@id\":\"https:\\\/\\\/www.lafarga.com\\\/corporatiu\\\/#organization\"},\"potentialAction\":[{\"@type\":\"SearchAction\",\"target\":{\"@type\":\"EntryPoint\",\"urlTemplate\":\"https:\\\/\\\/www.lafarga.com\\\/corporatiu\\\/?s={search_term_string}\"},\"query-input\":{\"@type\":\"PropertyValueSpecification\",\"valueRequired\":true,\"valueName\":\"search_term_string\"}}],\"inLanguage\":\"ca\"},{\"@type\":\"Organization\",\"@id\":\"https:\\\/\\\/www.lafarga.com\\\/corporatiu\\\/#organization\",\"name\":\"La Farga Gesti\u00f3 d&#039;Equipaments Municipals, SA\",\"url\":\"https:\\\/\\\/www.lafarga.com\\\/corporatiu\\\/\",\"logo\":{\"@type\":\"ImageObject\",\"inLanguage\":\"ca\",\"@id\":\"https:\\\/\\\/www.lafarga.com\\\/corporatiu\\\/#\\\/schema\\\/logo\\\/image\\\/\",\"url\":\"https:\\\/\\\/www.lafarga.com\\\/corporatiu\\\/wp-content\\\/uploads\\\/2023\\\/11\\\/logotipo_lafarga_gemsa.svg\",\"contentUrl\":\"https:\\\/\\\/www.lafarga.com\\\/corporatiu\\\/wp-content\\\/uploads\\\/2023\\\/11\\\/logotipo_lafarga_gemsa.svg\",\"width\":102,\"height\":103,\"caption\":\"La Farga Gesti\u00f3 d&#039;Equipaments Municipals, SA\"},\"image\":{\"@id\":\"https:\\\/\\\/www.lafarga.com\\\/corporatiu\\\/#\\\/schema\\\/logo\\\/image\\\/\"}},{\"@type\":\"Person\",\"@id\":\"https:\\\/\\\/www.lafarga.com\\\/corporatiu\\\/#\\\/schema\\\/person\\\/70d96fe17d0da1a9c9e80d232bdbcf33\",\"name\":\"\u00d2scar Milla\",\"image\":{\"@type\":\"ImageObject\",\"inLanguage\":\"ca\",\"@id\":\"https:\\\/\\\/secure.gravatar.com\\\/avatar\\\/92e75d184f9d5e0e403bd4ad075b080ad258344ddc259adddb579f6a3ba6494f?s=96&d=mm&r=g\",\"url\":\"https:\\\/\\\/secure.gravatar.com\\\/avatar\\\/92e75d184f9d5e0e403bd4ad075b080ad258344ddc259adddb579f6a3ba6494f?s=96&d=mm&r=g\",\"contentUrl\":\"https:\\\/\\\/secure.gravatar.com\\\/avatar\\\/92e75d184f9d5e0e403bd4ad075b080ad258344ddc259adddb579f6a3ba6494f?s=96&d=mm&r=g\",\"caption\":\"\u00d2scar Milla\"},\"url\":\"https:\\\/\\\/www.lafarga.com\\\/corporatiu\\\/author\\\/omilla\\\/\"}]}<\/script>\n<!-- \/ Yoast SEO plugin. -->","yoast_head_json":{"title":"Reconeixement a les persones volunt\u00e0ries de La Farga - La Farga Gesti\u00f3n de Equipamientos Municipales, S.A.","description":"L\u2019H ha fet avui un reconeixement a les persones volunt\u00e0ries que durant el confinament van realitzar diferents tasques de suport a la ciutadania i professionals de la sanitat.","robots":{"index":"index","follow":"follow","max-snippet":"max-snippet:-1","max-image-preview":"max-image-preview:large","max-video-preview":"max-video-preview:-1"},"canonical":"https:\/\/www.lafarga.com\/corporatiu\/reconeixement-a-les-persones-voluntaries-de-la-farga\/","og_locale":"ca_ES","og_type":"article","og_title":"Reconeixement a les persones volunt\u00e0ries de La Farga - La Farga Gesti\u00f3n de Equipamientos Municipales, S.A.","og_description":"L\u2019H ha fet avui un reconeixement a les persones volunt\u00e0ries que durant el confinament van realitzar diferents tasques de suport a la ciutadania i professionals de la sanitat.","og_url":"https:\/\/www.lafarga.com\/corporatiu\/reconeixement-a-les-persones-voluntaries-de-la-farga\/","og_site_name":"La Farga Gesti\u00f3n de Equipamientos Municipales, S.A.","article_published_time":"2021-07-14T11:51:37+00:00","article_modified_time":"2021-07-14T11:52:51+00:00","og_image":[{"width":730,"height":410,"url":"https:\/\/www.lafarga.com\/corporatiu\/wp-content\/uploads\/2021\/07\/ZONES-AIRE-Guardo.jpg","type":"image\/jpeg"}],"author":"\u00d2scar Milla","twitter_misc":{"Escrit per":"\u00d2scar Milla","Temps estimat de lectura":"2 minuts"},"schema":{"@context":"https:\/\/schema.org","@graph":[{"@type":"Article","@id":"https:\/\/www.lafarga.com\/corporatiu\/reconeixement-a-les-persones-voluntaries-de-la-farga\/#article","isPartOf":{"@id":"https:\/\/www.lafarga.com\/corporatiu\/reconeixement-a-les-persones-voluntaries-de-la-farga\/"},"author":{"name":"\u00d2scar Milla","@id":"https:\/\/www.lafarga.com\/corporatiu\/#\/schema\/person\/70d96fe17d0da1a9c9e80d232bdbcf33"},"headline":"Reconeixement a les persones volunt\u00e0ries de La Farga","datePublished":"2021-07-14T11:51:37+00:00","dateModified":"2021-07-14T11:52:51+00:00","mainEntityOfPage":{"@id":"https:\/\/www.lafarga.com\/corporatiu\/reconeixement-a-les-persones-voluntaries-de-la-farga\/"},"wordCount":346,"publisher":{"@id":"https:\/\/www.lafarga.com\/corporatiu\/#organization"},"image":{"@id":"https:\/\/www.lafarga.com\/corporatiu\/reconeixement-a-les-persones-voluntaries-de-la-farga\/#primaryimage"},"thumbnailUrl":"https:\/\/www.lafarga.com\/corporatiu\/wp-content\/uploads\/2021\/07\/ZONES-AIRE-Guardo.jpg","articleSection":["Estacionaments Regulats"],"inLanguage":"ca"},{"@type":"WebPage","@id":"https:\/\/www.lafarga.com\/corporatiu\/reconeixement-a-les-persones-voluntaries-de-la-farga\/","url":"https:\/\/www.lafarga.com\/corporatiu\/reconeixement-a-les-persones-voluntaries-de-la-farga\/","name":"Reconeixement a les persones volunt\u00e0ries de La Farga - La Farga Gesti\u00f3n de Equipamientos Municipales, S.A.","isPartOf":{"@id":"https:\/\/www.lafarga.com\/corporatiu\/#website"},"primaryImageOfPage":{"@id":"https:\/\/www.lafarga.com\/corporatiu\/reconeixement-a-les-persones-voluntaries-de-la-farga\/#primaryimage"},"image":{"@id":"https:\/\/www.lafarga.com\/corporatiu\/reconeixement-a-les-persones-voluntaries-de-la-farga\/#primaryimage"},"thumbnailUrl":"https:\/\/www.lafarga.com\/corporatiu\/wp-content\/uploads\/2021\/07\/ZONES-AIRE-Guardo.jpg","datePublished":"2021-07-14T11:51:37+00:00","dateModified":"2021-07-14T11:52:51+00:00","description":"L\u2019H ha fet avui un reconeixement a les persones volunt\u00e0ries que durant el confinament van realitzar diferents tasques de suport a la ciutadania i professionals de la sanitat.","breadcrumb":{"@id":"https:\/\/www.lafarga.com\/corporatiu\/reconeixement-a-les-persones-voluntaries-de-la-farga\/#breadcrumb"},"inLanguage":"ca","potentialAction":[{"@type":"ReadAction","target":["https:\/\/www.lafarga.com\/corporatiu\/reconeixement-a-les-persones-voluntaries-de-la-farga\/"]}]},{"@type":"ImageObject","inLanguage":"ca","@id":"https:\/\/www.lafarga.com\/corporatiu\/reconeixement-a-les-persones-voluntaries-de-la-farga\/#primaryimage","url":"https:\/\/www.lafarga.com\/corporatiu\/wp-content\/uploads\/2021\/07\/ZONES-AIRE-Guardo.jpg","contentUrl":"https:\/\/www.lafarga.com\/corporatiu\/wp-content\/uploads\/2021\/07\/ZONES-AIRE-Guardo.jpg","width":730,"height":410,"caption":"Volunt\u00e0ries Farga"},{"@type":"BreadcrumbList","@id":"https:\/\/www.lafarga.com\/corporatiu\/reconeixement-a-les-persones-voluntaries-de-la-farga\/#breadcrumb","itemListElement":[{"@type":"ListItem","position":1,"name":"Home","item":"https:\/\/www.lafarga.com\/corporatiu\/lafarga-hospitalet-llobregat\/"},{"@type":"ListItem","position":2,"name":"Reconeixement a les persones volunt\u00e0ries de La Farga"}]},{"@type":"WebSite","@id":"https:\/\/www.lafarga.com\/corporatiu\/#website","url":"https:\/\/www.lafarga.com\/corporatiu\/","name":"La Farga Gesti\u00f3 d&#039;Equipaments Municipals, SA","description":"","publisher":{"@id":"https:\/\/www.lafarga.com\/corporatiu\/#organization"},"potentialAction":[{"@type":"SearchAction","target":{"@type":"EntryPoint","urlTemplate":"https:\/\/www.lafarga.com\/corporatiu\/?s={search_term_string}"},"query-input":{"@type":"PropertyValueSpecification","valueRequired":true,"valueName":"search_term_string"}}],"inLanguage":"ca"},{"@type":"Organization","@id":"https:\/\/www.lafarga.com\/corporatiu\/#organization","name":"La Farga Gesti\u00f3 d&#039;Equipaments Municipals, SA","url":"https:\/\/www.lafarga.com\/corporatiu\/","logo":{"@type":"ImageObject","inLanguage":"ca","@id":"https:\/\/www.lafarga.com\/corporatiu\/#\/schema\/logo\/image\/","url":"https:\/\/www.lafarga.com\/corporatiu\/wp-content\/uploads\/2023\/11\/logotipo_lafarga_gemsa.svg","contentUrl":"https:\/\/www.lafarga.com\/corporatiu\/wp-content\/uploads\/2023\/11\/logotipo_lafarga_gemsa.svg","width":102,"height":103,"caption":"La Farga Gesti\u00f3 d&#039;Equipaments Municipals, SA"},"image":{"@id":"https:\/\/www.lafarga.com\/corporatiu\/#\/schema\/logo\/image\/"}},{"@type":"Person","@id":"https:\/\/www.lafarga.com\/corporatiu\/#\/schema\/person\/70d96fe17d0da1a9c9e80d232bdbcf33","name":"\u00d2scar Milla","image":{"@type":"ImageObject","inLanguage":"ca","@id":"https:\/\/secure.gravatar.com\/avatar\/92e75d184f9d5e0e403bd4ad075b080ad258344ddc259adddb579f6a3ba6494f?s=96&d=mm&r=g","url":"https:\/\/secure.gravatar.com\/avatar\/92e75d184f9d5e0e403bd4ad075b080ad258344ddc259adddb579f6a3ba6494f?s=96&d=mm&r=g","contentUrl":"https:\/\/secure.gravatar.com\/avatar\/92e75d184f9d5e0e403bd4ad075b080ad258344ddc259adddb579f6a3ba6494f?s=96&d=mm&r=g","caption":"\u00d2scar Milla"},"url":"https:\/\/www.lafarga.com\/corporatiu\/author\/omilla\/"}]}},"uagb_featured_image_src":{"full":["https:\/\/www.lafarga.com\/corporatiu\/wp-content\/uploads\/2021\/07\/ZONES-AIRE-Guardo.jpg",730,410,false],"thumbnail":["https:\/\/www.lafarga.com\/corporatiu\/wp-content\/uploads\/2021\/07\/ZONES-AIRE-Guardo-150x150.jpg",150,150,true],"medium":["https:\/\/www.lafarga.com\/corporatiu\/wp-content\/uploads\/2021\/07\/ZONES-AIRE-Guardo-300x168.jpg",300,168,true],"medium_large":["https:\/\/www.lafarga.com\/corporatiu\/wp-content\/uploads\/2021\/07\/ZONES-AIRE-Guardo.jpg",730,410,false],"large":["https:\/\/www.lafarga.com\/corporatiu\/wp-content\/uploads\/2021\/07\/ZONES-AIRE-Guardo.jpg",730,410,false],"1536x1536":["https:\/\/www.lafarga.com\/corporatiu\/wp-content\/uploads\/2021\/07\/ZONES-AIRE-Guardo.jpg",730,410,false],"2048x2048":["https:\/\/www.lafarga.com\/corporatiu\/wp-content\/uploads\/2021\/07\/ZONES-AIRE-Guardo.jpg",730,410,false],"mailpoet_newsletter_max":["https:\/\/www.lafarga.com\/corporatiu\/wp-content\/uploads\/2021\/07\/ZONES-AIRE-Guardo.jpg",730,410,false]},"uagb_author_info":{"display_name":"\u00d2scar Milla","author_link":"https:\/\/www.lafarga.com\/corporatiu\/author\/omilla\/"},"uagb_comment_info":0,"uagb_excerpt":"L\u2019Hospitalet ha fet un reconeixement a les persones volunt\u00e0ries que durant el confinament van realitzar diferents tasques de suport a la ciutadania i als professionals de la sanitat.","_links":{"self":[{"href":"https:\/\/www.lafarga.com\/corporatiu\/wp-json\/wp\/v2\/posts\/15890","targetHints":{"allow":["GET"]}}],"collection":[{"href":"https:\/\/www.lafarga.com\/corporatiu\/wp-json\/wp\/v2\/posts"}],"about":[{"href":"https:\/\/www.lafarga.com\/corporatiu\/wp-json\/wp\/v2\/types\/post"}],"author":[{"embeddable":true,"href":"https:\/\/www.lafarga.com\/corporatiu\/wp-json\/wp\/v2\/users\/5"}],"replies":[{"embeddable":true,"href":"https:\/\/www.lafarga.com\/corporatiu\/wp-json\/wp\/v2\/comments?post=15890"}],"version-history":[{"count":2,"href":"https:\/\/www.lafarga.com\/corporatiu\/wp-json\/wp\/v2\/posts\/15890\/revisions"}],"predecessor-version":[{"id":15893,"href":"https:\/\/www.lafarga.com\/corporatiu\/wp-json\/wp\/v2\/posts\/15890\/revisions\/15893"}],"wp:featuredmedia":[{"embeddable":true,"href":"https:\/\/www.lafarga.com\/corporatiu\/wp-json\/wp\/v2\/media\/15891"}],"wp:attachment":[{"href":"https:\/\/www.lafarga.com\/corporatiu\/wp-json\/wp\/v2\/media?parent=15890"}],"wp:term":[{"taxonomy":"category","embeddable":true,"href":"https:\/\/www.lafarga.com\/corporatiu\/wp-json\/wp\/v2\/categories?post=15890"},{"taxonomy":"post_tag","embeddable":true,"href":"https:\/\/www.lafarga.com\/corporatiu\/wp-json\/wp\/v2\/tags?post=15890"}],"curies":[{"name":"wp","href":"https:\/\/api.w.org\/{rel}","templated":true}]}}