{"id":15885,"date":"2021-07-07T11:49:00","date_gmt":"2021-07-07T11:49:00","guid":{"rendered":"http:\/\/www.lafarga.com\/corporatiu\/?p=15885"},"modified":"2021-07-08T11:52:45","modified_gmt":"2021-07-08T11:52:45","slug":"presentada-la-innbrew-the-brewers-convention-que-se-celebrara-en-la-farga","status":"publish","type":"post","link":"https:\/\/www.lafarga.com\/corporatiu\/presentada-la-innbrew-the-brewers-convention-que-se-celebrara-en-la-farga\/","title":{"rendered":"Presentada la InnBrew, The Brewers Convention que se celebrar\u00e1 en La Farga"},"content":{"rendered":"\n<h5 class=\"wp-block-heading\">La Farga Centro de Actividades acoge la 1\u00aa edici\u00f3n de la InnBrew, The Brewers Convention, un evento que nace de la mano de Beer Events, empresa impulsora del Barcelona Beer Festival y del Barcelona Beer Challenge, con el objetivo de convertirse en el punto de encuentro y de referencia del sector profesional de la cerveza tanto de Espa\u00f1a, as\u00ed como del Sur de Europa.<\/h5>\n\n\n\n<p>La InnBreew es un evento B2B creado para satisfacer las necesidades de las empresas dedicadas al sector de la cerveza, en un momento en el que, por una parte el sector craft est\u00e1 en plena expansi\u00f3n y crecimiento, y por otro lado, la coyuntura provocada por la pandemia ha frenado las expectativas y metas de muchos. Esta primera convenci\u00f3n se presenta como\u00a0<em><strong><a href=\"https:\/\/www.lafarga.com\/corporatiu\/mikel-rius-innbrew-es-la-evolucion-del-barcelona-beer-festival\/\" target=\"_blank\" rel=\"noreferrer noopener\">\u201cla evoluci\u00f3n del Barcelona Beer Festival Pro\u201d<\/a><\/strong><\/em>, seg\u00fan sus propios organizadores,\u00a0<strong>Mikel Rius<\/strong>\u00a0y\u00a0<strong>Joan Fiol<\/strong>.<\/p>\n\n\n\n<p>De hecho, precisamente, InnBrew nace de este nuevo entorno, ya que tras la cancelaci\u00f3n en 2020 del Barcelona Beer Festival a causa de la pandemia del COVID19 y la falta de fechas concretas para la celebraci\u00f3n este a\u00f1o de este evento multitudinario, los impulsores de Beer Events quer\u00edan, de alguna manera, poder dar respuesta a las necesidades del sector. Y lo hacen con este nuevo evento exclusivamente de perfil profesional. Seg\u00fan Mikel Rius, InnBrew surge precisamente en estos momentos, como reflejo de&nbsp;<em>\u201cla madurez del sector cervecero de este pa\u00eds, ya est\u00e1 a la altura de otros como para tener una convenci\u00f3n independiente donde los cerveceros puedan asistir para formarse y para hacer negocios como ya sucede en otros pa\u00edses\u201d<\/em>.<\/p>\n\n\n\n<p>Y es que, el proyecto, efectivamente, se nutre de la experiencia del BBF Pro, pero sin duda, nace con una personalidad propia, y con la clara vocaci\u00f3n de convertirse en el evento profesional m\u00e1s importante del sector cervecero artesano en nuestro pa\u00eds. Cabe recordar que en la edici\u00f3n de 2019 -la \u00faltima que se celebr\u00f3 del BBF Pro-, recibi\u00f3 a m\u00e1s de 1.500 profesionales acreditados.<\/p>\n\n\n\n<p>Para conseguir ser un aut\u00e9ntico punto de encuentro para el crecimiento profesional del cervecero, la InnBrew se articula en tres ejes:<\/p>\n\n\n\n<p>-La InnShow, que ser\u00e1 propiamente dicha la zona de exposici\u00f3n, con stands de productos y servicios para las cerveceras.<br>-Las InnTalks, el programa de formaci\u00f3n y debate que invitar\u00e1 a la reflexi\u00f3n a los asistentes.<br>-El InnMeet, que recorrer\u00e1 toda la convenci\u00f3n ya que se pretende que el Networking sea tratado transversalmente en todas las acciones.<\/p>\n\n\n\n<h5 class=\"wp-block-heading\">La evoluci\u00f3n del BBFPro<\/h5>\n\n\n\n<p>Efectivamente, la InnBrew es la evoluci\u00f3n del Barcelona Beer Festival Pro, un evento que tras seis a\u00f1os desde su creaci\u00f3n apuesta por mantenerse como el encuentro profesional m\u00e1s importante del pa\u00eds, por ello, apuesta por independizarse del Barcelona Beer Festival y aportar su propia identidad.<\/p>\n\n\n\n<p>Para esta primera edici\u00f3n de la InnBrew el evento desarrolla una parrilla de conferencias en varios \u00e1mbitos, apostando especialmente por la formaci\u00f3n y el crecimiento empresarial. Se dirige a alrededor 1.500 profesionales que se re\u00fanen para exprimir todas las oportunidades de negocio que se ofrecen.<\/p>\n\n\n\n<h5 class=\"wp-block-heading\">InnShow<\/h5>\n\n\n\n<p>La InnShow es como se denomina a la zona de exposici\u00f3n, stands de productos y servicios para las cerveceras. El espacio expositivo cuenta con 35 stands de marcas de fabricantes, distribuidores y asociaciones que son una aut\u00e9ntica radiograf\u00eda del sector. De hecho, en el BBF Pro de 2019 la zona expositiva contaba con menos representantes, con 32, mientras que en 2016, solo expusieron 12.<\/p>\n\n\n\n<p>Entre las empresas con stand en la InnShow, de visita imprescindible son:<\/p>\n\n\n\n<p>\u25cf&nbsp;<strong>Agrovin<\/strong>, equipamiento para la elaboraci\u00f3n de cerveza, desde la sala de cocci\u00f3n y bodega, hasta el embotellamiento. Con amplia Red de servicio t\u00e9cnico y postventa por todo el Estado.<br>\u25cf&nbsp;<strong>Brew&amp;Hub<\/strong>&nbsp;en C\u00f3rdoba es una instalaci\u00f3n innovadora. Proporcionan un espacio donde los cerveceros pueden distribuir sus cervezas con todos los controles de calidad y garant\u00edas que se definen despu\u00e9s de m\u00e1s de 125 a\u00f1os en el sector.<br>\u25cf&nbsp;<strong>Molina for Brewers<\/strong>, empresa que ayuda a desarrollar nuevos productos, ofreciendo las marcas m\u00e1s reconocidas de ingredientes de especialidad para la elaboraci\u00f3n de las mejores cervezas con un servicio de calidad.<br>\u25cf&nbsp;<strong>Biolupulus<\/strong>. Productores de l\u00fapulo local de m\u00e1xima calidad y libre de trazas de productos qu\u00edmicos. Un producto ideal para producir cervezas artesanas de alta calidad.<br>\u25cf&nbsp;<strong>EasyBr\u00e4u<\/strong>. La Divisi\u00f3n de TMCI Padovan dedicada a la cerveza artesana.<br>\u25cf&nbsp;<strong>Wild Goose Canning<\/strong>. Dise\u00f1a y construye sistemas flexibles de enlatado y embotellado de bebidas artesanales que se expanden con tu negocio. Pioneros de los primeros sistemas de llenado artesanal.<br>\u25cf&nbsp;<strong>Casttle Malting<\/strong>. Es la empresa productora de maltas m\u00e1s antigua de B\u00e9lgica, creada en 1868. Ofrecen una amplia gama de maltas de Calidad Premium para cualquier tipo de cerveza.<br>\u25cf&nbsp;<strong>InterMaltaCraft<\/strong>. Con m\u00e1s de 40 a\u00f1os de experiencia en el sector, es uno de los proveedores de maltas de primera calidad m\u00e1s destacados del pa\u00eds.<br>\u25cf&nbsp;<strong>Asociaci\u00f3n Espa\u00f1ola de T\u00e9cnicos de Cerveza y Malta<\/strong>. Asociaci\u00f3n t\u00e9cnica de car\u00e1cter privado, sin \u00e1nimo de lucro, constituida para la promoci\u00f3n, gesti\u00f3n, fomento y defensa de los intereses comunes de todos sus miembros.<\/p>\n\n\n\n<h5 class=\"wp-block-heading\">InnTalks<\/h5>\n\n\n\n<p>Si algo distingue y diferencia la InnBrew del BBFPro es el peso de la formaci\u00f3n y la voluntad de divulgaci\u00f3n, que tendr\u00e1n cabida, principalmente, en las InnTalks.<\/p>\n\n\n\n<p>Se presentar\u00e1n en varios espacios del certamen y albergar\u00e1n formaciones, ponencias y mesas redondas con debates de reflexi\u00f3n en diversos formatos, desde las din\u00e1micas TED-Talks, de apenas 20-30 minutos, donde los ponentes deben exponer sus ponencias de forma concisa y muy din\u00e1mica, a los debates de 90 minutos, donde la reflexi\u00f3n, el di\u00e1logo y la interacci\u00f3n con los participantes ser\u00e1n los protagonistas.<\/p>\n\n\n\n<p>El objetivo, que la InnBrew se convierta en el punto de reuni\u00f3n anual donde descubrir nuevas tendencias, formarse, reflexionar y, en definitiva, crecer profesionalmente tanto a nivel individual como empresarial.<\/p>\n\n\n\n<p>En el marco de las&nbsp;<strong>InnTalks<\/strong>, el escenario principal albergar\u00e1 en horarios matutinos, las&nbsp;<strong>Brew&amp;Hub Talks<\/strong>&nbsp;y las&nbsp;<strong>AETCM Talks<\/strong>, ponencias inspiracionales y formativas para profesionales de la cerveza. Tendr\u00e1n el formato TED-Talks, por lo que ser\u00e1n muy \u00e1giles, din\u00e1micas y en formato breve, para dar cabida a m\u00e1s contenido. Tambi\u00e9n se celebrar\u00e1n en este espacio, pero en horario vespertino, los debates y mesas redondas en las que podr\u00e1n participar activamente los asistentes.<\/p>\n\n\n\n<p>Entre los ponentes de las Brew&amp;Hub Talks, a destacar nombres de la talla&nbsp;<strong>Giovanni Campari<\/strong>, de Biomerieux , que vendr\u00e1 con una ponencia titulada \u201cLos pilares fundamentales para una cervecera de \u00e9xito\u201d; el chef&nbsp;<strong>Fran Vicente<\/strong>&nbsp;y el Manager del Brew&amp;Hub de Mahou San Miguel&nbsp;<strong>Javier Aldea<\/strong>, que hablar\u00e1n de \u201cLa Cerveza en la Alta Cocina\u201d; o&nbsp;<strong>Cristina S\u00e1ez<\/strong>, de B&amp;B, que expondr\u00e1 una ponencia sobre \u201cNuevas Tendencias: bebidas fermentadas de bajo o cero contenido alcoh\u00f3lico\u201d.<\/p>\n\n\n\n<p>Son solo tres ejemplos de un nutrido programa de conferencias y ponencias destinadas al crecimiento profesional de los cerveceros. Y es que ser\u00e1n tres d\u00edas fren\u00e9ticos y muy nutritivos, en donde tambi\u00e9n se podr\u00e1 escuchar, por ejemplo, a la chef&nbsp;<strong>Ada Parellada<\/strong>&nbsp;hablando sobre los \u201cRetos de la cerveza Artesana en la restauraci\u00f3n\u201d; a&nbsp;<strong>Joan Montasell Colomer<\/strong>&nbsp;(Lallemand), versando sobre \u201cLa levadura seca o l\u00edquida y las 10 cosas que todo cervecero deber\u00eda conocer\u201d; a&nbsp;<strong>Fernando G\u00f3mez<\/strong>&nbsp;(Wild Goose ), exponiendo su ponencia sobre la \u201cGesti\u00f3n de ox\u00edgeno disuelto en envases de bebidas\u201d; a&nbsp;<strong>Beatriz Carvalho<\/strong>&nbsp;(Amazing Brewmastery Brewing Consultancy) con \u201cLa evoluci\u00f3n de los ingredientes cerveceros\u201d; a&nbsp;<strong>Andreas Hauri<\/strong>&nbsp;(Bucher Unipektin) hablando sobre la durabilidad de la cerveza; o a&nbsp;<strong>Santiago Fern\u00e1ndez<\/strong>&nbsp;(BWT Iberica), explicando la importancia del agua en la cerveza.<\/p>\n\n\n\n<p>En las tardes de las dos primeras jornadas los protagonistas ser\u00e1n los debates, que moderar\u00e1&nbsp;<strong>Judit Cartex&nbsp;<\/strong>(vicepresidenta de GECAN, y directora comercial de Cervesa del Montseny).<\/p>\n\n\n\n<p>La idea es crear un espacio de di\u00e1logo, de reflexi\u00f3n y de debate entre ponentes y asistentes al evento. Por ello, se han ideado estos foros que versar\u00e1n en torno a temas como por ejemplo&nbsp;<em>\u201cEl turismo cervecero\u201d<\/em>, con la presencia de&nbsp;<strong>Dami\u00e0 Serrano, Judit Pi\u00f1ol&nbsp;<\/strong>i<strong>&nbsp;Mikel Rius<\/strong>;&nbsp;<em>\u201cLa Comunicaci\u00f3n y digitalizaci\u00f3n en las cerveceras\u201d<\/em>, con&nbsp;<strong>Enric Soldevila<\/strong>&nbsp;y&nbsp;<strong>Xavi Vinaixa<\/strong>; o&nbsp;<em>\u201cLa ra\u00edz del acoso las nuevas tipolog\u00edas y protocolos en las cerveceras\u201d<\/em>, con&nbsp;<strong>Natxo Parra<\/strong>&nbsp;y&nbsp;<strong>Solange Hilbert<\/strong>, abogada social de la SCCLP.<\/p>\n\n\n\n<p>Tambi\u00e9n en este espacio, el viernes por la tarde, se celebrar\u00e1 el Primer Encuentro de Asociaciones de F\u00e1bricas Elaboradoras de Cerveza Artesana del Estado, que agrupa a las principales entidades del Estado:&nbsp;<strong>GECAN<\/strong>&nbsp;(Catalunya),&nbsp;<strong>EGE Euskal Garagardo Elkartea Basque Beer<\/strong>&nbsp;(Euskadi),&nbsp;<strong>AECAI<\/strong>,&nbsp;<strong>Cerveseres Valencianes<\/strong>&nbsp;(Valencia) y la&nbsp;<strong>Asociaci\u00f3n de Cerveceros Artesanos de Mallorca<\/strong>. Se trata de una gran novedad, ya que por primera vez se reunir\u00e1n las principales asociaciones de cerveza artesana con el fin de debatir c\u00f3mo trabajar los puntos en com\u00fan, c\u00f3mo organizarse y c\u00f3mo mostrarse unidas ante las administraciones, conservando la idiosincrasia de cada entidad.<\/p>\n\n\n\n<p>Otra de las ramas importantes de las InnTalks ser\u00e1n los WorkShops, que se celebrar\u00e1n en otro espacio reservado para los expositores, y que tendr\u00e1n una capacidad para un m\u00e1ximo de 8 asistentes. Ser\u00e1n espacios donde los fabricantes y elaboradores podr\u00e1n presentar sus novedades a trav\u00e9s de talleres m\u00e1s participativos e interactivos, en los que los asistentes tendr\u00e1n tambi\u00e9n un papel importante.<\/p>\n\n\n\n<p>De hecho, a pocos d\u00edas de la celebraci\u00f3n de la InnBrew, los organizadores afirman que los WorkShops est\u00e1n siendo de gran \u00e9xito, ya que quedan pocos espacios horarios por cubrir, por lo que tendr\u00e1n un horario ininterrumpido a lo largo de las tres jornadas de la Convenci\u00f3n.<\/p>\n\n\n\n<h5 class=\"wp-block-heading\">InnMeet<\/h5>\n\n\n\n<p>El InnMeet es el tercer eje de la InnBrew, un eje adem\u00e1s que tiene vocaci\u00f3n de ser transversal en todo el certamen.<\/p>\n\n\n\n<p>El InnMeet, de hecho, es un continuo tejido de conexi\u00f3n creado para fomentar los v\u00ednculos profesionales y maximizar el n\u00famero de contactos; cada asistente tendr\u00e1 acceso a una herramienta online desde la cual podr\u00e1 contactar con los otros profesionales asistentes que sean de su inter\u00e9s, solicitarles una reuni\u00f3n y elaborarse su propia agenda.<\/p>\n\n\n\n<p>La idea es que haya diversos espacios reservados para que, precisamente, las empresas y los cerveceros puedan conocerse y entablar reuniones interprofesionales, con su propia din\u00e1mica. Zonas reservadas donde las principales asociaciones de productores tendr\u00e1n un punto de encuentro para darse a conocer.<\/p>\n\n\n\n<p>En esta edici\u00f3n, adem\u00e1s, para que los asistentes puedan estar mejor conectados y conocer o conectar con el resto de participantes, y tener informaci\u00f3n al minuto sobre el certamen, se ha puesto en marcha una App exclusiva (disponible para Android e IOS).<\/p>\n\n\n\n<p>Se trata de una herramienta imprescindible para que todos los asistentes puedan sacar el m\u00e1ximo provecho de su participaci\u00f3n a la InnBrew. Permite tanto conocer las novedades de expositores, como estar al corriente de los contenidos de las ponencias, mesas redondas, etc. Adem\u00e1s, permitir\u00e1 a los usuarios contactar directamente con los ponentes y con los expositores.<\/p>\n\n\n\n<h5 class=\"wp-block-heading\">Premio Steve Huxley<\/h5>\n\n\n\n<p>En el a\u00f1o 2019, el Barcelona Beer Festival cre\u00f3 el&nbsp;<strong>Premio Steve Huxley<\/strong>&nbsp;a toda una Trayectoria, con el objetivo de enaltecer la figura de personas que trabajan para y por el mundo de la cerveza. Una distinci\u00f3n que no pod\u00eda recibir otro nombre que el de Steve Huxley (Liverpool, 1950 \u2013 Barcelona 2015) divulgador, agitador, inspirador, conocido como padre del sector cervecero artesano del pa\u00eds.<\/p>\n\n\n\n<p>En la primera edici\u00f3n, el reconocimiento fue para&nbsp;<strong>Carlos Rodr\u00edguez de Ales Agullons<\/strong>, impulsor y organizador, junto con&nbsp;<strong>Montse Virgili<\/strong>, de la Muestra de la Cerveza Artesana de Mediona. En la segunda edici\u00f3n, el galard\u00f3n fue para&nbsp;<strong>Albert Barrachina (Art Cervesers)<\/strong>, estudioso y divulgador de la cerveza (Cervesa en catal\u00e0), una de las personas que m\u00e1s ha contribuido al desarrollo del an\u00e1lisis sensorial y de la cata de cervezas.<\/p>\n\n\n\n<p>Este a\u00f1o, en su tercera edici\u00f3n, el nombre del o de la profesional merecedor\/a del premio Steve Huxley se dar\u00e1 a conocer en el marco de la InnBrew (viernes a las 14h).<\/p>\n\n\n\n<p>Este 2021, el jurado del&nbsp;<strong>Steve Huxley<\/strong>&nbsp;ha estado formado por 137 profesionales del sector, elegidos por su trayectoria de sobrado reconocimiento. Los miembros del jurado son los que presentaron 47 candidaturas al premio. Posteriormente, se seleccionaron de todos ellos a solo seis aspirantes al t\u00edtulo, los seis con m\u00e1s apoyos.<\/p>\n\n\n\n<p>Los candidatos este a\u00f1o al Premio Steve Huxley son:<\/p>\n\n\n\n<p>\u25cf&nbsp;<strong>Guillem Laporta (Homo Sibaris)<\/strong>, defensor y divulgador de la cervezas artesanas, haciendo un gran trabajo en todos los niveles. Siempre activo, desde los inicios en Humulus Lupulus, Cerveteca hasta Homo Sibaris.<br>\u25cf&nbsp;<strong>Montserrat Virgili (Ales Agullons)<\/strong>, alma mater de la Feria de Mediona y pilar fundamental en el proyecto Ales Agullons. Precursora de la GECAN y todo un referente del sector.<br>\u25cf&nbsp;<strong>Boris de Mesones (Boris Brew)<\/strong>, por su importante huella en las cerveceras artesanas espa\u00f1olas, tanto desde el \u00e1mbito formativo como en el de creaci\u00f3n de cervezas.<br>\u25cf&nbsp;<strong>Manuel Baltasar (Biercab)<\/strong>, la \u201csonrisa del craft\u201d gracias a sus a\u00f1os de buen hacer detr\u00e1s de la barra, por poner a la Barcelona craft en el mapa del universo cervecero.<br>\u25cf&nbsp;<strong>Salvador Marimon (Install Beer)<\/strong>, fundador de Humulus Lupulus, persona clave en el desarrollo inicial del movimiento microcervecer\u00edas.<br>\u25cf&nbsp;<strong>Andrew Dougall (Cervezas Dougall\u2019s)<\/strong>, pionero y veterano cervecero, de calidad innegable, creador de una de las mejores cervezas del pa\u00eds, hecha en un entorno rural.<\/p>\n\n\n\n<p><strong><a href=\"https:\/\/innbrew.com\/es\/inicio\/\" target=\"_blank\" rel=\"noreferrer noopener\">M\u00e1s informaci\u00f3n<\/a><\/strong>&nbsp;sobre la InnBrew, The Brewers Convention.<\/p>\n","protected":false},"excerpt":{"rendered":"<p>La Farga Centro de Actividades acoge la 1\u00aa edici\u00f3n de la InnBrew, The Brewers Convention, un evento que nace de la mano de Beer Events, empresa impulsora del Barcelona Beer Festival y del Barcelona Beer Challenge.<\/p>\n","protected":false},"author":5,"featured_media":15882,"comment_status":"closed","ping_status":"closed","sticky":false,"template":"","format":"standard","meta":{"inline_featured_image":false,"_uag_custom_page_level_css":"","_monsterinsights_skip_tracking":false,"_monsterinsights_sitenote_active":false,"_monsterinsights_sitenote_note":"","_monsterinsights_sitenote_category":0,"site-sidebar-layout":"default","site-content-layout":"","ast-site-content-layout":"default","site-content-style":"default","site-sidebar-style":"default","ast-global-header-display":"","ast-banner-title-visibility":"","ast-main-header-display":"","ast-hfb-above-header-display":"","ast-hfb-below-header-display":"","ast-hfb-mobile-header-display":"","site-post-title":"","ast-breadcrumbs-content":"","ast-featured-img":"","footer-sml-layout":"","ast-disable-related-posts":"","theme-transparent-header-meta":"","adv-header-id-meta":"","stick-header-meta":"","header-above-stick-meta":"","header-main-stick-meta":"","header-below-stick-meta":"","astra-migrate-meta-layouts":"default","ast-page-background-enabled":"default","ast-page-background-meta":{"desktop":{"background-color":"var(--ast-global-color-4)","background-image":"","background-repeat":"repeat","background-position":"center center","background-size":"auto","background-attachment":"scroll","background-type":"","background-media":"","overlay-type":"","overlay-color":"","overlay-opacity":"","overlay-gradient":""},"tablet":{"background-color":"","background-image":"","background-repeat":"repeat","background-position":"center center","background-size":"auto","background-attachment":"scroll","background-type":"","background-media":"","overlay-type":"","overlay-color":"","overlay-opacity":"","overlay-gradient":""},"mobile":{"background-color":"","background-image":"","background-repeat":"repeat","background-position":"center center","background-size":"auto","background-attachment":"scroll","background-type":"","background-media":"","overlay-type":"","overlay-color":"","overlay-opacity":"","overlay-gradient":""}},"ast-content-background-meta":{"desktop":{"background-color":"var(--ast-global-color-5)","background-image":"","background-repeat":"repeat","background-position":"center center","background-size":"auto","background-attachment":"scroll","background-type":"","background-media":"","overlay-type":"","overlay-color":"","overlay-opacity":"","overlay-gradient":""},"tablet":{"background-color":"var(--ast-global-color-5)","background-image":"","background-repeat":"repeat","background-position":"center center","background-size":"auto","background-attachment":"scroll","background-type":"","background-media":"","overlay-type":"","overlay-color":"","overlay-opacity":"","overlay-gradient":""},"mobile":{"background-color":"var(--ast-global-color-5)","background-image":"","background-repeat":"repeat","background-position":"center center","background-size":"auto","background-attachment":"scroll","background-type":"","background-media":"","overlay-type":"","overlay-color":"","overlay-opacity":"","overlay-gradient":""}},"footnotes":""},"categories":[73],"tags":[],"class_list":["post-15885","post","type-post","status-publish","format-standard","has-post-thumbnail","hentry","category-centro-de-actividades"],"yoast_head":"<!-- This site is optimized with the Yoast SEO plugin v27.4 - https:\/\/yoast.com\/product\/yoast-seo-wordpress\/ -->\n<title>Presentada la InnBrew, The Brewers Convention que se celebrar\u00e1 en La Farga - La Farga Gesti\u00f3n de Equipamientos Municipales, S.A.<\/title>\n<meta name=\"description\" content=\"La Farga Centre d\u2019Activitats acull la 1a edici\u00f3 de la InnBrew, The Brewers Convention, un esdeveniment que neix de la m\u00e0 de Beer Events.\" \/>\n<meta name=\"robots\" content=\"index, follow, max-snippet:-1, max-image-preview:large, max-video-preview:-1\" \/>\n<link rel=\"canonical\" href=\"https:\/\/www.lafarga.com\/corporatiu\/presentada-la-innbrew-the-brewers-convention-que-se-celebrara-en-la-farga\/\" \/>\n<meta property=\"og:locale\" content=\"ca_ES\" \/>\n<meta property=\"og:type\" content=\"article\" \/>\n<meta property=\"og:title\" content=\"Presentada la InnBrew, The Brewers Convention que se celebrar\u00e1 en La Farga - La Farga Gesti\u00f3n de Equipamientos Municipales, S.A.\" \/>\n<meta property=\"og:description\" content=\"La Farga Centre d\u2019Activitats acull la 1a edici\u00f3 de la InnBrew, The Brewers Convention, un esdeveniment que neix de la m\u00e0 de Beer Events.\" \/>\n<meta property=\"og:url\" content=\"https:\/\/www.lafarga.com\/corporatiu\/presentada-la-innbrew-the-brewers-convention-que-se-celebrara-en-la-farga\/\" \/>\n<meta property=\"og:site_name\" content=\"La Farga Gesti\u00f3n de Equipamientos Municipales, S.A.\" \/>\n<meta property=\"article:published_time\" content=\"2021-07-07T11:49:00+00:00\" \/>\n<meta property=\"article:modified_time\" content=\"2021-07-08T11:52:45+00:00\" \/>\n<meta property=\"og:image\" content=\"https:\/\/www.lafarga.com\/corporatiu\/wp-content\/uploads\/2021\/07\/InnBrew-Presentacio.jpg\" \/>\n\t<meta property=\"og:image:width\" content=\"730\" \/>\n\t<meta property=\"og:image:height\" content=\"410\" \/>\n\t<meta property=\"og:image:type\" content=\"image\/jpeg\" \/>\n<meta name=\"author\" content=\"\u00d2scar Milla\" \/>\n<meta name=\"twitter:label1\" content=\"Escrit per\" \/>\n\t<meta name=\"twitter:data1\" content=\"\u00d2scar Milla\" \/>\n\t<meta name=\"twitter:label2\" content=\"Temps estimat de lectura\" \/>\n\t<meta name=\"twitter:data2\" content=\"10 minuts\" \/>\n<script type=\"application\/ld+json\" class=\"yoast-schema-graph\">{\"@context\":\"https:\\\/\\\/schema.org\",\"@graph\":[{\"@type\":\"Article\",\"@id\":\"https:\\\/\\\/www.lafarga.com\\\/corporatiu\\\/presentada-la-innbrew-the-brewers-convention-que-se-celebrara-en-la-farga\\\/#article\",\"isPartOf\":{\"@id\":\"https:\\\/\\\/www.lafarga.com\\\/corporatiu\\\/presentada-la-innbrew-the-brewers-convention-que-se-celebrara-en-la-farga\\\/\"},\"author\":{\"name\":\"\u00d2scar Milla\",\"@id\":\"https:\\\/\\\/www.lafarga.com\\\/corporatiu\\\/#\\\/schema\\\/person\\\/70d96fe17d0da1a9c9e80d232bdbcf33\"},\"headline\":\"Presentada la InnBrew, The Brewers Convention que se celebrar\u00e1 en La Farga\",\"datePublished\":\"2021-07-07T11:49:00+00:00\",\"dateModified\":\"2021-07-08T11:52:45+00:00\",\"mainEntityOfPage\":{\"@id\":\"https:\\\/\\\/www.lafarga.com\\\/corporatiu\\\/presentada-la-innbrew-the-brewers-convention-que-se-celebrara-en-la-farga\\\/\"},\"wordCount\":2398,\"publisher\":{\"@id\":\"https:\\\/\\\/www.lafarga.com\\\/corporatiu\\\/#organization\"},\"image\":{\"@id\":\"https:\\\/\\\/www.lafarga.com\\\/corporatiu\\\/presentada-la-innbrew-the-brewers-convention-que-se-celebrara-en-la-farga\\\/#primaryimage\"},\"thumbnailUrl\":\"https:\\\/\\\/www.lafarga.com\\\/corporatiu\\\/wp-content\\\/uploads\\\/2021\\\/07\\\/InnBrew-Presentacio.jpg\",\"articleSection\":[\"Centro de Actividades\"],\"inLanguage\":\"ca\"},{\"@type\":\"WebPage\",\"@id\":\"https:\\\/\\\/www.lafarga.com\\\/corporatiu\\\/presentada-la-innbrew-the-brewers-convention-que-se-celebrara-en-la-farga\\\/\",\"url\":\"https:\\\/\\\/www.lafarga.com\\\/corporatiu\\\/presentada-la-innbrew-the-brewers-convention-que-se-celebrara-en-la-farga\\\/\",\"name\":\"Presentada la InnBrew, The Brewers Convention que se celebrar\u00e1 en La Farga - La Farga Gesti\u00f3n de Equipamientos Municipales, S.A.\",\"isPartOf\":{\"@id\":\"https:\\\/\\\/www.lafarga.com\\\/corporatiu\\\/#website\"},\"primaryImageOfPage\":{\"@id\":\"https:\\\/\\\/www.lafarga.com\\\/corporatiu\\\/presentada-la-innbrew-the-brewers-convention-que-se-celebrara-en-la-farga\\\/#primaryimage\"},\"image\":{\"@id\":\"https:\\\/\\\/www.lafarga.com\\\/corporatiu\\\/presentada-la-innbrew-the-brewers-convention-que-se-celebrara-en-la-farga\\\/#primaryimage\"},\"thumbnailUrl\":\"https:\\\/\\\/www.lafarga.com\\\/corporatiu\\\/wp-content\\\/uploads\\\/2021\\\/07\\\/InnBrew-Presentacio.jpg\",\"datePublished\":\"2021-07-07T11:49:00+00:00\",\"dateModified\":\"2021-07-08T11:52:45+00:00\",\"description\":\"La Farga Centre d\u2019Activitats acull la 1a edici\u00f3 de la InnBrew, The Brewers Convention, un esdeveniment que neix de la m\u00e0 de Beer Events.\",\"breadcrumb\":{\"@id\":\"https:\\\/\\\/www.lafarga.com\\\/corporatiu\\\/presentada-la-innbrew-the-brewers-convention-que-se-celebrara-en-la-farga\\\/#breadcrumb\"},\"inLanguage\":\"ca\",\"potentialAction\":[{\"@type\":\"ReadAction\",\"target\":[\"https:\\\/\\\/www.lafarga.com\\\/corporatiu\\\/presentada-la-innbrew-the-brewers-convention-que-se-celebrara-en-la-farga\\\/\"]}]},{\"@type\":\"ImageObject\",\"inLanguage\":\"ca\",\"@id\":\"https:\\\/\\\/www.lafarga.com\\\/corporatiu\\\/presentada-la-innbrew-the-brewers-convention-que-se-celebrara-en-la-farga\\\/#primaryimage\",\"url\":\"https:\\\/\\\/www.lafarga.com\\\/corporatiu\\\/wp-content\\\/uploads\\\/2021\\\/07\\\/InnBrew-Presentacio.jpg\",\"contentUrl\":\"https:\\\/\\\/www.lafarga.com\\\/corporatiu\\\/wp-content\\\/uploads\\\/2021\\\/07\\\/InnBrew-Presentacio.jpg\",\"width\":730,\"height\":410,\"caption\":\"InnBrew Convention Farga\"},{\"@type\":\"BreadcrumbList\",\"@id\":\"https:\\\/\\\/www.lafarga.com\\\/corporatiu\\\/presentada-la-innbrew-the-brewers-convention-que-se-celebrara-en-la-farga\\\/#breadcrumb\",\"itemListElement\":[{\"@type\":\"ListItem\",\"position\":1,\"name\":\"Home\",\"item\":\"https:\\\/\\\/www.lafarga.com\\\/corporatiu\\\/lafarga-hospitalet-llobregat\\\/\"},{\"@type\":\"ListItem\",\"position\":2,\"name\":\"Presentada la InnBrew, The Brewers Convention que se celebrar\u00e1 en La Farga\"}]},{\"@type\":\"WebSite\",\"@id\":\"https:\\\/\\\/www.lafarga.com\\\/corporatiu\\\/#website\",\"url\":\"https:\\\/\\\/www.lafarga.com\\\/corporatiu\\\/\",\"name\":\"La Farga Gesti\u00f3 d&#039;Equipaments Municipals, SA\",\"description\":\"\",\"publisher\":{\"@id\":\"https:\\\/\\\/www.lafarga.com\\\/corporatiu\\\/#organization\"},\"potentialAction\":[{\"@type\":\"SearchAction\",\"target\":{\"@type\":\"EntryPoint\",\"urlTemplate\":\"https:\\\/\\\/www.lafarga.com\\\/corporatiu\\\/?s={search_term_string}\"},\"query-input\":{\"@type\":\"PropertyValueSpecification\",\"valueRequired\":true,\"valueName\":\"search_term_string\"}}],\"inLanguage\":\"ca\"},{\"@type\":\"Organization\",\"@id\":\"https:\\\/\\\/www.lafarga.com\\\/corporatiu\\\/#organization\",\"name\":\"La Farga Gesti\u00f3 d&#039;Equipaments Municipals, SA\",\"url\":\"https:\\\/\\\/www.lafarga.com\\\/corporatiu\\\/\",\"logo\":{\"@type\":\"ImageObject\",\"inLanguage\":\"ca\",\"@id\":\"https:\\\/\\\/www.lafarga.com\\\/corporatiu\\\/#\\\/schema\\\/logo\\\/image\\\/\",\"url\":\"https:\\\/\\\/www.lafarga.com\\\/corporatiu\\\/wp-content\\\/uploads\\\/2023\\\/11\\\/logotipo_lafarga_gemsa.svg\",\"contentUrl\":\"https:\\\/\\\/www.lafarga.com\\\/corporatiu\\\/wp-content\\\/uploads\\\/2023\\\/11\\\/logotipo_lafarga_gemsa.svg\",\"width\":102,\"height\":103,\"caption\":\"La Farga Gesti\u00f3 d&#039;Equipaments Municipals, SA\"},\"image\":{\"@id\":\"https:\\\/\\\/www.lafarga.com\\\/corporatiu\\\/#\\\/schema\\\/logo\\\/image\\\/\"}},{\"@type\":\"Person\",\"@id\":\"https:\\\/\\\/www.lafarga.com\\\/corporatiu\\\/#\\\/schema\\\/person\\\/70d96fe17d0da1a9c9e80d232bdbcf33\",\"name\":\"\u00d2scar Milla\",\"image\":{\"@type\":\"ImageObject\",\"inLanguage\":\"ca\",\"@id\":\"https:\\\/\\\/secure.gravatar.com\\\/avatar\\\/92e75d184f9d5e0e403bd4ad075b080ad258344ddc259adddb579f6a3ba6494f?s=96&d=mm&r=g\",\"url\":\"https:\\\/\\\/secure.gravatar.com\\\/avatar\\\/92e75d184f9d5e0e403bd4ad075b080ad258344ddc259adddb579f6a3ba6494f?s=96&d=mm&r=g\",\"contentUrl\":\"https:\\\/\\\/secure.gravatar.com\\\/avatar\\\/92e75d184f9d5e0e403bd4ad075b080ad258344ddc259adddb579f6a3ba6494f?s=96&d=mm&r=g\",\"caption\":\"\u00d2scar Milla\"},\"url\":\"https:\\\/\\\/www.lafarga.com\\\/corporatiu\\\/author\\\/omilla\\\/\"}]}<\/script>\n<!-- \/ Yoast SEO plugin. -->","yoast_head_json":{"title":"Presentada la InnBrew, The Brewers Convention que se celebrar\u00e1 en La Farga - La Farga Gesti\u00f3n de Equipamientos Municipales, S.A.","description":"La Farga Centre d\u2019Activitats acull la 1a edici\u00f3 de la InnBrew, The Brewers Convention, un esdeveniment que neix de la m\u00e0 de Beer Events.","robots":{"index":"index","follow":"follow","max-snippet":"max-snippet:-1","max-image-preview":"max-image-preview:large","max-video-preview":"max-video-preview:-1"},"canonical":"https:\/\/www.lafarga.com\/corporatiu\/presentada-la-innbrew-the-brewers-convention-que-se-celebrara-en-la-farga\/","og_locale":"ca_ES","og_type":"article","og_title":"Presentada la InnBrew, The Brewers Convention que se celebrar\u00e1 en La Farga - La Farga Gesti\u00f3n de Equipamientos Municipales, S.A.","og_description":"La Farga Centre d\u2019Activitats acull la 1a edici\u00f3 de la InnBrew, The Brewers Convention, un esdeveniment que neix de la m\u00e0 de Beer Events.","og_url":"https:\/\/www.lafarga.com\/corporatiu\/presentada-la-innbrew-the-brewers-convention-que-se-celebrara-en-la-farga\/","og_site_name":"La Farga Gesti\u00f3n de Equipamientos Municipales, S.A.","article_published_time":"2021-07-07T11:49:00+00:00","article_modified_time":"2021-07-08T11:52:45+00:00","og_image":[{"width":730,"height":410,"url":"https:\/\/www.lafarga.com\/corporatiu\/wp-content\/uploads\/2021\/07\/InnBrew-Presentacio.jpg","type":"image\/jpeg"}],"author":"\u00d2scar Milla","twitter_misc":{"Escrit per":"\u00d2scar Milla","Temps estimat de lectura":"10 minuts"},"schema":{"@context":"https:\/\/schema.org","@graph":[{"@type":"Article","@id":"https:\/\/www.lafarga.com\/corporatiu\/presentada-la-innbrew-the-brewers-convention-que-se-celebrara-en-la-farga\/#article","isPartOf":{"@id":"https:\/\/www.lafarga.com\/corporatiu\/presentada-la-innbrew-the-brewers-convention-que-se-celebrara-en-la-farga\/"},"author":{"name":"\u00d2scar Milla","@id":"https:\/\/www.lafarga.com\/corporatiu\/#\/schema\/person\/70d96fe17d0da1a9c9e80d232bdbcf33"},"headline":"Presentada la InnBrew, The Brewers Convention que se celebrar\u00e1 en La Farga","datePublished":"2021-07-07T11:49:00+00:00","dateModified":"2021-07-08T11:52:45+00:00","mainEntityOfPage":{"@id":"https:\/\/www.lafarga.com\/corporatiu\/presentada-la-innbrew-the-brewers-convention-que-se-celebrara-en-la-farga\/"},"wordCount":2398,"publisher":{"@id":"https:\/\/www.lafarga.com\/corporatiu\/#organization"},"image":{"@id":"https:\/\/www.lafarga.com\/corporatiu\/presentada-la-innbrew-the-brewers-convention-que-se-celebrara-en-la-farga\/#primaryimage"},"thumbnailUrl":"https:\/\/www.lafarga.com\/corporatiu\/wp-content\/uploads\/2021\/07\/InnBrew-Presentacio.jpg","articleSection":["Centro de Actividades"],"inLanguage":"ca"},{"@type":"WebPage","@id":"https:\/\/www.lafarga.com\/corporatiu\/presentada-la-innbrew-the-brewers-convention-que-se-celebrara-en-la-farga\/","url":"https:\/\/www.lafarga.com\/corporatiu\/presentada-la-innbrew-the-brewers-convention-que-se-celebrara-en-la-farga\/","name":"Presentada la InnBrew, The Brewers Convention que se celebrar\u00e1 en La Farga - La Farga Gesti\u00f3n de Equipamientos Municipales, S.A.","isPartOf":{"@id":"https:\/\/www.lafarga.com\/corporatiu\/#website"},"primaryImageOfPage":{"@id":"https:\/\/www.lafarga.com\/corporatiu\/presentada-la-innbrew-the-brewers-convention-que-se-celebrara-en-la-farga\/#primaryimage"},"image":{"@id":"https:\/\/www.lafarga.com\/corporatiu\/presentada-la-innbrew-the-brewers-convention-que-se-celebrara-en-la-farga\/#primaryimage"},"thumbnailUrl":"https:\/\/www.lafarga.com\/corporatiu\/wp-content\/uploads\/2021\/07\/InnBrew-Presentacio.jpg","datePublished":"2021-07-07T11:49:00+00:00","dateModified":"2021-07-08T11:52:45+00:00","description":"La Farga Centre d\u2019Activitats acull la 1a edici\u00f3 de la InnBrew, The Brewers Convention, un esdeveniment que neix de la m\u00e0 de Beer Events.","breadcrumb":{"@id":"https:\/\/www.lafarga.com\/corporatiu\/presentada-la-innbrew-the-brewers-convention-que-se-celebrara-en-la-farga\/#breadcrumb"},"inLanguage":"ca","potentialAction":[{"@type":"ReadAction","target":["https:\/\/www.lafarga.com\/corporatiu\/presentada-la-innbrew-the-brewers-convention-que-se-celebrara-en-la-farga\/"]}]},{"@type":"ImageObject","inLanguage":"ca","@id":"https:\/\/www.lafarga.com\/corporatiu\/presentada-la-innbrew-the-brewers-convention-que-se-celebrara-en-la-farga\/#primaryimage","url":"https:\/\/www.lafarga.com\/corporatiu\/wp-content\/uploads\/2021\/07\/InnBrew-Presentacio.jpg","contentUrl":"https:\/\/www.lafarga.com\/corporatiu\/wp-content\/uploads\/2021\/07\/InnBrew-Presentacio.jpg","width":730,"height":410,"caption":"InnBrew Convention Farga"},{"@type":"BreadcrumbList","@id":"https:\/\/www.lafarga.com\/corporatiu\/presentada-la-innbrew-the-brewers-convention-que-se-celebrara-en-la-farga\/#breadcrumb","itemListElement":[{"@type":"ListItem","position":1,"name":"Home","item":"https:\/\/www.lafarga.com\/corporatiu\/lafarga-hospitalet-llobregat\/"},{"@type":"ListItem","position":2,"name":"Presentada la InnBrew, The Brewers Convention que se celebrar\u00e1 en La Farga"}]},{"@type":"WebSite","@id":"https:\/\/www.lafarga.com\/corporatiu\/#website","url":"https:\/\/www.lafarga.com\/corporatiu\/","name":"La Farga Gesti\u00f3 d&#039;Equipaments Municipals, SA","description":"","publisher":{"@id":"https:\/\/www.lafarga.com\/corporatiu\/#organization"},"potentialAction":[{"@type":"SearchAction","target":{"@type":"EntryPoint","urlTemplate":"https:\/\/www.lafarga.com\/corporatiu\/?s={search_term_string}"},"query-input":{"@type":"PropertyValueSpecification","valueRequired":true,"valueName":"search_term_string"}}],"inLanguage":"ca"},{"@type":"Organization","@id":"https:\/\/www.lafarga.com\/corporatiu\/#organization","name":"La Farga Gesti\u00f3 d&#039;Equipaments Municipals, SA","url":"https:\/\/www.lafarga.com\/corporatiu\/","logo":{"@type":"ImageObject","inLanguage":"ca","@id":"https:\/\/www.lafarga.com\/corporatiu\/#\/schema\/logo\/image\/","url":"https:\/\/www.lafarga.com\/corporatiu\/wp-content\/uploads\/2023\/11\/logotipo_lafarga_gemsa.svg","contentUrl":"https:\/\/www.lafarga.com\/corporatiu\/wp-content\/uploads\/2023\/11\/logotipo_lafarga_gemsa.svg","width":102,"height":103,"caption":"La Farga Gesti\u00f3 d&#039;Equipaments Municipals, SA"},"image":{"@id":"https:\/\/www.lafarga.com\/corporatiu\/#\/schema\/logo\/image\/"}},{"@type":"Person","@id":"https:\/\/www.lafarga.com\/corporatiu\/#\/schema\/person\/70d96fe17d0da1a9c9e80d232bdbcf33","name":"\u00d2scar Milla","image":{"@type":"ImageObject","inLanguage":"ca","@id":"https:\/\/secure.gravatar.com\/avatar\/92e75d184f9d5e0e403bd4ad075b080ad258344ddc259adddb579f6a3ba6494f?s=96&d=mm&r=g","url":"https:\/\/secure.gravatar.com\/avatar\/92e75d184f9d5e0e403bd4ad075b080ad258344ddc259adddb579f6a3ba6494f?s=96&d=mm&r=g","contentUrl":"https:\/\/secure.gravatar.com\/avatar\/92e75d184f9d5e0e403bd4ad075b080ad258344ddc259adddb579f6a3ba6494f?s=96&d=mm&r=g","caption":"\u00d2scar Milla"},"url":"https:\/\/www.lafarga.com\/corporatiu\/author\/omilla\/"}]}},"uagb_featured_image_src":{"full":["https:\/\/www.lafarga.com\/corporatiu\/wp-content\/uploads\/2021\/07\/InnBrew-Presentacio.jpg",730,410,false],"thumbnail":["https:\/\/www.lafarga.com\/corporatiu\/wp-content\/uploads\/2021\/07\/InnBrew-Presentacio-150x150.jpg",150,150,true],"medium":["https:\/\/www.lafarga.com\/corporatiu\/wp-content\/uploads\/2021\/07\/InnBrew-Presentacio-300x168.jpg",300,168,true],"medium_large":["https:\/\/www.lafarga.com\/corporatiu\/wp-content\/uploads\/2021\/07\/InnBrew-Presentacio.jpg",730,410,false],"large":["https:\/\/www.lafarga.com\/corporatiu\/wp-content\/uploads\/2021\/07\/InnBrew-Presentacio.jpg",730,410,false],"1536x1536":["https:\/\/www.lafarga.com\/corporatiu\/wp-content\/uploads\/2021\/07\/InnBrew-Presentacio.jpg",730,410,false],"2048x2048":["https:\/\/www.lafarga.com\/corporatiu\/wp-content\/uploads\/2021\/07\/InnBrew-Presentacio.jpg",730,410,false],"mailpoet_newsletter_max":["https:\/\/www.lafarga.com\/corporatiu\/wp-content\/uploads\/2021\/07\/InnBrew-Presentacio.jpg",730,410,false]},"uagb_author_info":{"display_name":"\u00d2scar Milla","author_link":"https:\/\/www.lafarga.com\/corporatiu\/author\/omilla\/"},"uagb_comment_info":0,"uagb_excerpt":"La Farga Centro de Actividades acoge la 1\u00aa edici\u00f3n de la InnBrew, The Brewers Convention, un evento que nace de la mano de Beer Events, empresa impulsora del Barcelona Beer Festival y del Barcelona Beer Challenge.","_links":{"self":[{"href":"https:\/\/www.lafarga.com\/corporatiu\/wp-json\/wp\/v2\/posts\/15885","targetHints":{"allow":["GET"]}}],"collection":[{"href":"https:\/\/www.lafarga.com\/corporatiu\/wp-json\/wp\/v2\/posts"}],"about":[{"href":"https:\/\/www.lafarga.com\/corporatiu\/wp-json\/wp\/v2\/types\/post"}],"author":[{"embeddable":true,"href":"https:\/\/www.lafarga.com\/corporatiu\/wp-json\/wp\/v2\/users\/5"}],"replies":[{"embeddable":true,"href":"https:\/\/www.lafarga.com\/corporatiu\/wp-json\/wp\/v2\/comments?post=15885"}],"version-history":[{"count":1,"href":"https:\/\/www.lafarga.com\/corporatiu\/wp-json\/wp\/v2\/posts\/15885\/revisions"}],"predecessor-version":[{"id":15886,"href":"https:\/\/www.lafarga.com\/corporatiu\/wp-json\/wp\/v2\/posts\/15885\/revisions\/15886"}],"wp:featuredmedia":[{"embeddable":true,"href":"https:\/\/www.lafarga.com\/corporatiu\/wp-json\/wp\/v2\/media\/15882"}],"wp:attachment":[{"href":"https:\/\/www.lafarga.com\/corporatiu\/wp-json\/wp\/v2\/media?parent=15885"}],"wp:term":[{"taxonomy":"category","embeddable":true,"href":"https:\/\/www.lafarga.com\/corporatiu\/wp-json\/wp\/v2\/categories?post=15885"},{"taxonomy":"post_tag","embeddable":true,"href":"https:\/\/www.lafarga.com\/corporatiu\/wp-json\/wp\/v2\/tags?post=15885"}],"curies":[{"name":"wp","href":"https:\/\/api.w.org\/{rel}","templated":true}]}}