{"id":15808,"date":"2021-06-16T10:44:38","date_gmt":"2021-06-16T10:44:38","guid":{"rendered":"http:\/\/www.lafarga.com\/corporatiu\/?p=15808"},"modified":"2021-06-16T11:41:50","modified_gmt":"2021-06-16T11:41:50","slug":"torre-barrina-escenario-de-lhospitalet-6-0","status":"publish","type":"post","link":"https:\/\/www.lafarga.com\/corporatiu\/torre-barrina-escenario-de-lhospitalet-6-0\/","title":{"rendered":"Torre Barrina, escenario de #LHospitalet 6.0"},"content":{"rendered":"\n<h5 class=\"wp-block-heading\">Torre Barrina, &#8220;Experiencias de Innovaci\u00f3n Social&#8221; acoge las jornadas #LHospitalet 6.0, preludio del Mobile World Congress 2021. Organizadas por el Ayuntamiento de L&#8217;H y GSMA, est\u00e1n protagonizadas por mujeres expertas en tecnolog\u00eda e impacto social.<\/h5>\n\n\n\n<p>Del 15 al 22 de junio, el Ayuntamiento de L&#8217;Hospitalet y GSMA organizan el programa #LHospitalet 6.0, con motivo de la celebraci\u00f3n del MWC2021. Se trata de una serie de conferencias y mesas redondas que quieren explorar y analizar, de la mano de 14 mujeres, c\u00f3mo influir\u00e1n las tecnolog\u00edas emergentes en aspectos fundamentales de la sociedad. Todas las sesiones son emitidas desde <strong><a href=\"https:\/\/torrebarrina.l-h.cat\/inici_2.aspx\" target=\"_blank\" rel=\"noreferrer noopener\">Torre Barrina<\/a><\/strong> en formato virtual.<\/p>\n\n\n\n<p>La alcaldesa de L&#8217;Hospitalet, N\u00faria Mar\u00edn; Laia Ripoll, Head of Events Europe de GSMA, y la secretaria de estado de Digitalizaci\u00f3n e Inteligencia Artificial del Ministerio de Asuntos Econ\u00f3micos y Transformaci\u00f3n Digital, Carmen Artigas, han abierto este martes las jornadas &#8220;El impacto conectado: una transformaci\u00f3n tecnol\u00f3gica a escala humana&#8221;.<\/p>\n\n\n\n<h5 class=\"wp-block-heading\">Nuria Marino, Laia Ripoll y Carmen Artigas abren las jornadas<\/h5>\n\n\n\n<p>En su intervenci\u00f3n, la alcaldesa N\u00faria Mar\u00edn ha destacado el hecho de que todas las ponentes sean <em>&#8220;mujeres con un inmenso talento. Para que la tecnolog\u00eda no entiende de g\u00e9nero y es nuestra responsabilidad transmitirlo a las ni\u00f1as y j\u00f3venes para que ning\u00fan estereotipo de g\u00e9nero termine con una vocaci\u00f3n vinculada a las STEAM&#8221;<\/em>.<\/p>\n\n\n\n<p>Por su parte, la representante de GSMA, Laia Ripoll, ha manifestado el compromiso de GSMA de <em>&#8220;hacer de catalizador de este cambio social&#8221;<\/em>, que tiene que venir de la mano de las nuevas tecnolog\u00edas, y ha puesto en valor el hecho de contar en las jornadas con 14 mujeres brillantes, referentes en diferentes \u00e1mbitos de las tecnolog\u00edas.<\/p>\n\n\n\n<p>Finalmente, Carmen Artigas felicit\u00f3 a los organizadores por las jornadas y ha destacado que el Gobierno de Espa\u00f1a destinar\u00e1 un tercio de los fondos europeos a <em>&#8220;inversiones digitales con impacto social&#8221;<\/em>. Tambi\u00e9n ha puesto el ejemplo del proyecto #LHospitalet 6.0 como <em>&#8220;una apuesta por el fomento y la innovaci\u00f3n al servicio de los vecinos y las vecinas de la ciudad&#8221;<\/em> en l\u00ednea con la estrategia del Ministerio de Transformaci\u00f3n Digital de <em>&#8220;hacer de la digitalizaci\u00f3n una pieza clave contra las brechas de desigualdad, con el fin de convertir nuestro pa\u00eds en un pa\u00eds m\u00e1s justo, m\u00e1s competitivo de cara a la revoluci\u00f3n digital que ya est\u00e1 en marcha&#8221;<\/em>.<\/p>\n\n\n\n<h5 class=\"wp-block-heading\">Segunda sesi\u00f3n, este mi\u00e9rcoles<\/h5>\n\n\n\n<p>La segunda sesi\u00f3n, &#8220;Ciudades conectadas, sostenibles y resilientes&#8221;, tiene lugar este mi\u00e9rcoles, 16 de junio, y tratar\u00e1 c\u00f3mo las tecnolog\u00edas pueden transformar en positivo el presente y el futuro del desarrollo urbano con las personas en el centro. Con <strong>Areti Markopoulou<\/strong>, directora acad\u00e9mica del Instituto de Arquitectura Avanzada de Catalu\u00f1a (IAAC), y <strong>Rosa Suri\u00f1ach<\/strong>, de UN Habitat Outreach. <strong>Pilar Conesa<\/strong>, comisar\u00eda del Smart City Expo World Congress, moderar\u00e1 la sesi\u00f3n.<\/p>\n\n\n\n<p>Las jornadas se inscriben en la hoja de ruta de #LHospitalet 6.0, la nueva estrategia de digitalizaci\u00f3n y conectividad de todo el municipio que el Ayuntamiento de L&#8217;Hospitalet est\u00e1 poniendo en marcha.<\/p>\n\n\n\n<p>Todas las sesiones de las jornadas #LHospitalet 6.0 son en formato streaming y se pueden seguir por el canal de Youtube y la p\u00e1gina web de Torre Barrina.<\/p>\n\n\n\n<figure class=\"wp-block-embed is-type-rich is-provider-twitter wp-block-embed-twitter\"><div class=\"wp-block-embed__wrapper\">\n<blockquote class=\"twitter-tweet\" data-width=\"500\" data-dnt=\"true\"><p lang=\"ca\" dir=\"ltr\">El futur ja \u00e9s aqu\u00ed! L\u2019IMPACTE CONNECTAT. T\u2019esperem online a <a href=\"https:\/\/t.co\/t6d4azjW1P\">https:\/\/t.co\/t6d4azjW1P<\/a><a href=\"https:\/\/twitter.com\/hashtag\/LHospitalet6_0?src=hash&amp;ref_src=twsrc%5Etfw\">#LHospitalet6_0<\/a> <a href=\"https:\/\/twitter.com\/hashtag\/MWC21?src=hash&amp;ref_src=twsrc%5Etfw\">#MWC21<\/a> <a href=\"https:\/\/t.co\/YpgI3YJK2N\">pic.twitter.com\/YpgI3YJK2N<\/a><\/p>&mdash; Torre Barrina L&#39;H (@torrebarrinalh) <a href=\"https:\/\/twitter.com\/torrebarrinalh\/status\/1404417864279498762?ref_src=twsrc%5Etfw\">June 14, 2021<\/a><\/blockquote><script async src=\"https:\/\/platform.twitter.com\/widgets.js\" charset=\"utf-8\"><\/script>\n<\/div><\/figure>\n","protected":false},"excerpt":{"rendered":"<p>Torre Barrina, &#8220;Experiencias de Innovaci\u00f3n Social&#8221; acoge las jornadas #LHospitalet 6.0, preludio del Mobile World Congress 2021. Organizadas por el Ayuntamiento de L&#8217;H y GSMA, est\u00e1n protagonizadas por mujeres expertas en tecnolog\u00eda e impacto social.<\/p>\n","protected":false},"author":5,"featured_media":15805,"comment_status":"closed","ping_status":"closed","sticky":false,"template":"","format":"standard","meta":{"inline_featured_image":false,"_uag_custom_page_level_css":"","_monsterinsights_skip_tracking":false,"_monsterinsights_sitenote_active":false,"_monsterinsights_sitenote_note":"","_monsterinsights_sitenote_category":0,"site-sidebar-layout":"default","site-content-layout":"","ast-site-content-layout":"default","site-content-style":"default","site-sidebar-style":"default","ast-global-header-display":"","ast-banner-title-visibility":"","ast-main-header-display":"","ast-hfb-above-header-display":"","ast-hfb-below-header-display":"","ast-hfb-mobile-header-display":"","site-post-title":"","ast-breadcrumbs-content":"","ast-featured-img":"","footer-sml-layout":"","ast-disable-related-posts":"","theme-transparent-header-meta":"","adv-header-id-meta":"","stick-header-meta":"","header-above-stick-meta":"","header-main-stick-meta":"","header-below-stick-meta":"","astra-migrate-meta-layouts":"default","ast-page-background-enabled":"default","ast-page-background-meta":{"desktop":{"background-color":"var(--ast-global-color-4)","background-image":"","background-repeat":"repeat","background-position":"center center","background-size":"auto","background-attachment":"scroll","background-type":"","background-media":"","overlay-type":"","overlay-color":"","overlay-opacity":"","overlay-gradient":""},"tablet":{"background-color":"","background-image":"","background-repeat":"repeat","background-position":"center center","background-size":"auto","background-attachment":"scroll","background-type":"","background-media":"","overlay-type":"","overlay-color":"","overlay-opacity":"","overlay-gradient":""},"mobile":{"background-color":"","background-image":"","background-repeat":"repeat","background-position":"center center","background-size":"auto","background-attachment":"scroll","background-type":"","background-media":"","overlay-type":"","overlay-color":"","overlay-opacity":"","overlay-gradient":""}},"ast-content-background-meta":{"desktop":{"background-color":"var(--ast-global-color-5)","background-image":"","background-repeat":"repeat","background-position":"center center","background-size":"auto","background-attachment":"scroll","background-type":"","background-media":"","overlay-type":"","overlay-color":"","overlay-opacity":"","overlay-gradient":""},"tablet":{"background-color":"var(--ast-global-color-5)","background-image":"","background-repeat":"repeat","background-position":"center center","background-size":"auto","background-attachment":"scroll","background-type":"","background-media":"","overlay-type":"","overlay-color":"","overlay-opacity":"","overlay-gradient":""},"mobile":{"background-color":"var(--ast-global-color-5)","background-image":"","background-repeat":"repeat","background-position":"center center","background-size":"auto","background-attachment":"scroll","background-type":"","background-media":"","overlay-type":"","overlay-color":"","overlay-opacity":"","overlay-gradient":""}},"footnotes":""},"categories":[87],"tags":[],"class_list":["post-15808","post","type-post","status-publish","format-standard","has-post-thumbnail","hentry","category-torre-barrina-cas"],"yoast_head":"<!-- This site is optimized with the Yoast SEO plugin v27.4 - https:\/\/yoast.com\/product\/yoast-seo-wordpress\/ -->\n<title>Torre Barrina, escenario de #LHospitalet 6.0 - La Farga Gesti\u00f3n de Equipamientos Municipales, S.A.<\/title>\n<meta name=\"description\" content=\"Torre Barrina. Experi\u00e8ncies d&#039;Innovaci\u00f3 Social acull les jornades #LHospitalet 6.0, preludi del Mobile World Congress 2021.\" \/>\n<meta name=\"robots\" content=\"index, follow, max-snippet:-1, max-image-preview:large, max-video-preview:-1\" \/>\n<link rel=\"canonical\" href=\"https:\/\/www.lafarga.com\/corporatiu\/torre-barrina-escenario-de-lhospitalet-6-0\/\" \/>\n<meta property=\"og:locale\" content=\"ca_ES\" \/>\n<meta property=\"og:type\" content=\"article\" \/>\n<meta property=\"og:title\" content=\"Torre Barrina, escenario de #LHospitalet 6.0 - La Farga Gesti\u00f3n de Equipamientos Municipales, S.A.\" \/>\n<meta property=\"og:description\" content=\"Torre Barrina. Experi\u00e8ncies d&#039;Innovaci\u00f3 Social acull les jornades #LHospitalet 6.0, preludi del Mobile World Congress 2021.\" \/>\n<meta property=\"og:url\" content=\"https:\/\/www.lafarga.com\/corporatiu\/torre-barrina-escenario-de-lhospitalet-6-0\/\" \/>\n<meta property=\"og:site_name\" content=\"La Farga Gesti\u00f3n de Equipamientos Municipales, S.A.\" \/>\n<meta property=\"article:published_time\" content=\"2021-06-16T10:44:38+00:00\" \/>\n<meta property=\"article:modified_time\" content=\"2021-06-16T11:41:50+00:00\" \/>\n<meta property=\"og:image\" content=\"https:\/\/www.lafarga.com\/corporatiu\/wp-content\/uploads\/2021\/06\/Torre-Barrina-LH6.0.jpg\" \/>\n\t<meta property=\"og:image:width\" content=\"730\" \/>\n\t<meta property=\"og:image:height\" content=\"410\" \/>\n\t<meta property=\"og:image:type\" content=\"image\/jpeg\" \/>\n<meta name=\"author\" content=\"\u00d2scar Milla\" \/>\n<meta name=\"twitter:label1\" content=\"Escrit per\" \/>\n\t<meta name=\"twitter:data1\" content=\"\u00d2scar Milla\" \/>\n\t<meta name=\"twitter:label2\" content=\"Temps estimat de lectura\" \/>\n\t<meta name=\"twitter:data2\" content=\"3 minuts\" \/>\n<script type=\"application\/ld+json\" class=\"yoast-schema-graph\">{\"@context\":\"https:\\\/\\\/schema.org\",\"@graph\":[{\"@type\":\"Article\",\"@id\":\"https:\\\/\\\/www.lafarga.com\\\/corporatiu\\\/torre-barrina-escenario-de-lhospitalet-6-0\\\/#article\",\"isPartOf\":{\"@id\":\"https:\\\/\\\/www.lafarga.com\\\/corporatiu\\\/torre-barrina-escenario-de-lhospitalet-6-0\\\/\"},\"author\":{\"name\":\"\u00d2scar Milla\",\"@id\":\"https:\\\/\\\/www.lafarga.com\\\/corporatiu\\\/#\\\/schema\\\/person\\\/70d96fe17d0da1a9c9e80d232bdbcf33\"},\"headline\":\"Torre Barrina, escenario de #LHospitalet 6.0\",\"datePublished\":\"2021-06-16T10:44:38+00:00\",\"dateModified\":\"2021-06-16T11:41:50+00:00\",\"mainEntityOfPage\":{\"@id\":\"https:\\\/\\\/www.lafarga.com\\\/corporatiu\\\/torre-barrina-escenario-de-lhospitalet-6-0\\\/\"},\"wordCount\":568,\"publisher\":{\"@id\":\"https:\\\/\\\/www.lafarga.com\\\/corporatiu\\\/#organization\"},\"image\":{\"@id\":\"https:\\\/\\\/www.lafarga.com\\\/corporatiu\\\/torre-barrina-escenario-de-lhospitalet-6-0\\\/#primaryimage\"},\"thumbnailUrl\":\"https:\\\/\\\/www.lafarga.com\\\/corporatiu\\\/wp-content\\\/uploads\\\/2021\\\/06\\\/Torre-Barrina-LH6.0.jpg\",\"articleSection\":[\"Torre Barrina.\"],\"inLanguage\":\"ca\"},{\"@type\":\"WebPage\",\"@id\":\"https:\\\/\\\/www.lafarga.com\\\/corporatiu\\\/torre-barrina-escenario-de-lhospitalet-6-0\\\/\",\"url\":\"https:\\\/\\\/www.lafarga.com\\\/corporatiu\\\/torre-barrina-escenario-de-lhospitalet-6-0\\\/\",\"name\":\"Torre Barrina, escenario de #LHospitalet 6.0 - La Farga Gesti\u00f3n de Equipamientos Municipales, S.A.\",\"isPartOf\":{\"@id\":\"https:\\\/\\\/www.lafarga.com\\\/corporatiu\\\/#website\"},\"primaryImageOfPage\":{\"@id\":\"https:\\\/\\\/www.lafarga.com\\\/corporatiu\\\/torre-barrina-escenario-de-lhospitalet-6-0\\\/#primaryimage\"},\"image\":{\"@id\":\"https:\\\/\\\/www.lafarga.com\\\/corporatiu\\\/torre-barrina-escenario-de-lhospitalet-6-0\\\/#primaryimage\"},\"thumbnailUrl\":\"https:\\\/\\\/www.lafarga.com\\\/corporatiu\\\/wp-content\\\/uploads\\\/2021\\\/06\\\/Torre-Barrina-LH6.0.jpg\",\"datePublished\":\"2021-06-16T10:44:38+00:00\",\"dateModified\":\"2021-06-16T11:41:50+00:00\",\"description\":\"Torre Barrina. Experi\u00e8ncies d'Innovaci\u00f3 Social acull les jornades #LHospitalet 6.0, preludi del Mobile World Congress 2021.\",\"breadcrumb\":{\"@id\":\"https:\\\/\\\/www.lafarga.com\\\/corporatiu\\\/torre-barrina-escenario-de-lhospitalet-6-0\\\/#breadcrumb\"},\"inLanguage\":\"ca\",\"potentialAction\":[{\"@type\":\"ReadAction\",\"target\":[\"https:\\\/\\\/www.lafarga.com\\\/corporatiu\\\/torre-barrina-escenario-de-lhospitalet-6-0\\\/\"]}]},{\"@type\":\"ImageObject\",\"inLanguage\":\"ca\",\"@id\":\"https:\\\/\\\/www.lafarga.com\\\/corporatiu\\\/torre-barrina-escenario-de-lhospitalet-6-0\\\/#primaryimage\",\"url\":\"https:\\\/\\\/www.lafarga.com\\\/corporatiu\\\/wp-content\\\/uploads\\\/2021\\\/06\\\/Torre-Barrina-LH6.0.jpg\",\"contentUrl\":\"https:\\\/\\\/www.lafarga.com\\\/corporatiu\\\/wp-content\\\/uploads\\\/2021\\\/06\\\/Torre-Barrina-LH6.0.jpg\",\"width\":730,\"height\":410,\"caption\":\"Torre Barrina #LHospitalet 6.0\"},{\"@type\":\"BreadcrumbList\",\"@id\":\"https:\\\/\\\/www.lafarga.com\\\/corporatiu\\\/torre-barrina-escenario-de-lhospitalet-6-0\\\/#breadcrumb\",\"itemListElement\":[{\"@type\":\"ListItem\",\"position\":1,\"name\":\"Home\",\"item\":\"https:\\\/\\\/www.lafarga.com\\\/corporatiu\\\/lafarga-hospitalet-llobregat\\\/\"},{\"@type\":\"ListItem\",\"position\":2,\"name\":\"Torre Barrina, escenario de #LHospitalet 6.0\"}]},{\"@type\":\"WebSite\",\"@id\":\"https:\\\/\\\/www.lafarga.com\\\/corporatiu\\\/#website\",\"url\":\"https:\\\/\\\/www.lafarga.com\\\/corporatiu\\\/\",\"name\":\"La Farga Gesti\u00f3 d&#039;Equipaments Municipals, SA\",\"description\":\"\",\"publisher\":{\"@id\":\"https:\\\/\\\/www.lafarga.com\\\/corporatiu\\\/#organization\"},\"potentialAction\":[{\"@type\":\"SearchAction\",\"target\":{\"@type\":\"EntryPoint\",\"urlTemplate\":\"https:\\\/\\\/www.lafarga.com\\\/corporatiu\\\/?s={search_term_string}\"},\"query-input\":{\"@type\":\"PropertyValueSpecification\",\"valueRequired\":true,\"valueName\":\"search_term_string\"}}],\"inLanguage\":\"ca\"},{\"@type\":\"Organization\",\"@id\":\"https:\\\/\\\/www.lafarga.com\\\/corporatiu\\\/#organization\",\"name\":\"La Farga Gesti\u00f3 d&#039;Equipaments Municipals, SA\",\"url\":\"https:\\\/\\\/www.lafarga.com\\\/corporatiu\\\/\",\"logo\":{\"@type\":\"ImageObject\",\"inLanguage\":\"ca\",\"@id\":\"https:\\\/\\\/www.lafarga.com\\\/corporatiu\\\/#\\\/schema\\\/logo\\\/image\\\/\",\"url\":\"https:\\\/\\\/www.lafarga.com\\\/corporatiu\\\/wp-content\\\/uploads\\\/2023\\\/11\\\/logotipo_lafarga_gemsa.svg\",\"contentUrl\":\"https:\\\/\\\/www.lafarga.com\\\/corporatiu\\\/wp-content\\\/uploads\\\/2023\\\/11\\\/logotipo_lafarga_gemsa.svg\",\"width\":102,\"height\":103,\"caption\":\"La Farga Gesti\u00f3 d&#039;Equipaments Municipals, SA\"},\"image\":{\"@id\":\"https:\\\/\\\/www.lafarga.com\\\/corporatiu\\\/#\\\/schema\\\/logo\\\/image\\\/\"}},{\"@type\":\"Person\",\"@id\":\"https:\\\/\\\/www.lafarga.com\\\/corporatiu\\\/#\\\/schema\\\/person\\\/70d96fe17d0da1a9c9e80d232bdbcf33\",\"name\":\"\u00d2scar Milla\",\"image\":{\"@type\":\"ImageObject\",\"inLanguage\":\"ca\",\"@id\":\"https:\\\/\\\/secure.gravatar.com\\\/avatar\\\/92e75d184f9d5e0e403bd4ad075b080ad258344ddc259adddb579f6a3ba6494f?s=96&d=mm&r=g\",\"url\":\"https:\\\/\\\/secure.gravatar.com\\\/avatar\\\/92e75d184f9d5e0e403bd4ad075b080ad258344ddc259adddb579f6a3ba6494f?s=96&d=mm&r=g\",\"contentUrl\":\"https:\\\/\\\/secure.gravatar.com\\\/avatar\\\/92e75d184f9d5e0e403bd4ad075b080ad258344ddc259adddb579f6a3ba6494f?s=96&d=mm&r=g\",\"caption\":\"\u00d2scar Milla\"},\"url\":\"https:\\\/\\\/www.lafarga.com\\\/corporatiu\\\/author\\\/omilla\\\/\"}]}<\/script>\n<!-- \/ Yoast SEO plugin. -->","yoast_head_json":{"title":"Torre Barrina, escenario de #LHospitalet 6.0 - La Farga Gesti\u00f3n de Equipamientos Municipales, S.A.","description":"Torre Barrina. Experi\u00e8ncies d'Innovaci\u00f3 Social acull les jornades #LHospitalet 6.0, preludi del Mobile World Congress 2021.","robots":{"index":"index","follow":"follow","max-snippet":"max-snippet:-1","max-image-preview":"max-image-preview:large","max-video-preview":"max-video-preview:-1"},"canonical":"https:\/\/www.lafarga.com\/corporatiu\/torre-barrina-escenario-de-lhospitalet-6-0\/","og_locale":"ca_ES","og_type":"article","og_title":"Torre Barrina, escenario de #LHospitalet 6.0 - La Farga Gesti\u00f3n de Equipamientos Municipales, S.A.","og_description":"Torre Barrina. Experi\u00e8ncies d'Innovaci\u00f3 Social acull les jornades #LHospitalet 6.0, preludi del Mobile World Congress 2021.","og_url":"https:\/\/www.lafarga.com\/corporatiu\/torre-barrina-escenario-de-lhospitalet-6-0\/","og_site_name":"La Farga Gesti\u00f3n de Equipamientos Municipales, S.A.","article_published_time":"2021-06-16T10:44:38+00:00","article_modified_time":"2021-06-16T11:41:50+00:00","og_image":[{"width":730,"height":410,"url":"https:\/\/www.lafarga.com\/corporatiu\/wp-content\/uploads\/2021\/06\/Torre-Barrina-LH6.0.jpg","type":"image\/jpeg"}],"author":"\u00d2scar Milla","twitter_misc":{"Escrit per":"\u00d2scar Milla","Temps estimat de lectura":"3 minuts"},"schema":{"@context":"https:\/\/schema.org","@graph":[{"@type":"Article","@id":"https:\/\/www.lafarga.com\/corporatiu\/torre-barrina-escenario-de-lhospitalet-6-0\/#article","isPartOf":{"@id":"https:\/\/www.lafarga.com\/corporatiu\/torre-barrina-escenario-de-lhospitalet-6-0\/"},"author":{"name":"\u00d2scar Milla","@id":"https:\/\/www.lafarga.com\/corporatiu\/#\/schema\/person\/70d96fe17d0da1a9c9e80d232bdbcf33"},"headline":"Torre Barrina, escenario de #LHospitalet 6.0","datePublished":"2021-06-16T10:44:38+00:00","dateModified":"2021-06-16T11:41:50+00:00","mainEntityOfPage":{"@id":"https:\/\/www.lafarga.com\/corporatiu\/torre-barrina-escenario-de-lhospitalet-6-0\/"},"wordCount":568,"publisher":{"@id":"https:\/\/www.lafarga.com\/corporatiu\/#organization"},"image":{"@id":"https:\/\/www.lafarga.com\/corporatiu\/torre-barrina-escenario-de-lhospitalet-6-0\/#primaryimage"},"thumbnailUrl":"https:\/\/www.lafarga.com\/corporatiu\/wp-content\/uploads\/2021\/06\/Torre-Barrina-LH6.0.jpg","articleSection":["Torre Barrina."],"inLanguage":"ca"},{"@type":"WebPage","@id":"https:\/\/www.lafarga.com\/corporatiu\/torre-barrina-escenario-de-lhospitalet-6-0\/","url":"https:\/\/www.lafarga.com\/corporatiu\/torre-barrina-escenario-de-lhospitalet-6-0\/","name":"Torre Barrina, escenario de #LHospitalet 6.0 - La Farga Gesti\u00f3n de Equipamientos Municipales, S.A.","isPartOf":{"@id":"https:\/\/www.lafarga.com\/corporatiu\/#website"},"primaryImageOfPage":{"@id":"https:\/\/www.lafarga.com\/corporatiu\/torre-barrina-escenario-de-lhospitalet-6-0\/#primaryimage"},"image":{"@id":"https:\/\/www.lafarga.com\/corporatiu\/torre-barrina-escenario-de-lhospitalet-6-0\/#primaryimage"},"thumbnailUrl":"https:\/\/www.lafarga.com\/corporatiu\/wp-content\/uploads\/2021\/06\/Torre-Barrina-LH6.0.jpg","datePublished":"2021-06-16T10:44:38+00:00","dateModified":"2021-06-16T11:41:50+00:00","description":"Torre Barrina. Experi\u00e8ncies d'Innovaci\u00f3 Social acull les jornades #LHospitalet 6.0, preludi del Mobile World Congress 2021.","breadcrumb":{"@id":"https:\/\/www.lafarga.com\/corporatiu\/torre-barrina-escenario-de-lhospitalet-6-0\/#breadcrumb"},"inLanguage":"ca","potentialAction":[{"@type":"ReadAction","target":["https:\/\/www.lafarga.com\/corporatiu\/torre-barrina-escenario-de-lhospitalet-6-0\/"]}]},{"@type":"ImageObject","inLanguage":"ca","@id":"https:\/\/www.lafarga.com\/corporatiu\/torre-barrina-escenario-de-lhospitalet-6-0\/#primaryimage","url":"https:\/\/www.lafarga.com\/corporatiu\/wp-content\/uploads\/2021\/06\/Torre-Barrina-LH6.0.jpg","contentUrl":"https:\/\/www.lafarga.com\/corporatiu\/wp-content\/uploads\/2021\/06\/Torre-Barrina-LH6.0.jpg","width":730,"height":410,"caption":"Torre Barrina #LHospitalet 6.0"},{"@type":"BreadcrumbList","@id":"https:\/\/www.lafarga.com\/corporatiu\/torre-barrina-escenario-de-lhospitalet-6-0\/#breadcrumb","itemListElement":[{"@type":"ListItem","position":1,"name":"Home","item":"https:\/\/www.lafarga.com\/corporatiu\/lafarga-hospitalet-llobregat\/"},{"@type":"ListItem","position":2,"name":"Torre Barrina, escenario de #LHospitalet 6.0"}]},{"@type":"WebSite","@id":"https:\/\/www.lafarga.com\/corporatiu\/#website","url":"https:\/\/www.lafarga.com\/corporatiu\/","name":"La Farga Gesti\u00f3 d&#039;Equipaments Municipals, SA","description":"","publisher":{"@id":"https:\/\/www.lafarga.com\/corporatiu\/#organization"},"potentialAction":[{"@type":"SearchAction","target":{"@type":"EntryPoint","urlTemplate":"https:\/\/www.lafarga.com\/corporatiu\/?s={search_term_string}"},"query-input":{"@type":"PropertyValueSpecification","valueRequired":true,"valueName":"search_term_string"}}],"inLanguage":"ca"},{"@type":"Organization","@id":"https:\/\/www.lafarga.com\/corporatiu\/#organization","name":"La Farga Gesti\u00f3 d&#039;Equipaments Municipals, SA","url":"https:\/\/www.lafarga.com\/corporatiu\/","logo":{"@type":"ImageObject","inLanguage":"ca","@id":"https:\/\/www.lafarga.com\/corporatiu\/#\/schema\/logo\/image\/","url":"https:\/\/www.lafarga.com\/corporatiu\/wp-content\/uploads\/2023\/11\/logotipo_lafarga_gemsa.svg","contentUrl":"https:\/\/www.lafarga.com\/corporatiu\/wp-content\/uploads\/2023\/11\/logotipo_lafarga_gemsa.svg","width":102,"height":103,"caption":"La Farga Gesti\u00f3 d&#039;Equipaments Municipals, SA"},"image":{"@id":"https:\/\/www.lafarga.com\/corporatiu\/#\/schema\/logo\/image\/"}},{"@type":"Person","@id":"https:\/\/www.lafarga.com\/corporatiu\/#\/schema\/person\/70d96fe17d0da1a9c9e80d232bdbcf33","name":"\u00d2scar Milla","image":{"@type":"ImageObject","inLanguage":"ca","@id":"https:\/\/secure.gravatar.com\/avatar\/92e75d184f9d5e0e403bd4ad075b080ad258344ddc259adddb579f6a3ba6494f?s=96&d=mm&r=g","url":"https:\/\/secure.gravatar.com\/avatar\/92e75d184f9d5e0e403bd4ad075b080ad258344ddc259adddb579f6a3ba6494f?s=96&d=mm&r=g","contentUrl":"https:\/\/secure.gravatar.com\/avatar\/92e75d184f9d5e0e403bd4ad075b080ad258344ddc259adddb579f6a3ba6494f?s=96&d=mm&r=g","caption":"\u00d2scar Milla"},"url":"https:\/\/www.lafarga.com\/corporatiu\/author\/omilla\/"}]}},"uagb_featured_image_src":{"full":["https:\/\/www.lafarga.com\/corporatiu\/wp-content\/uploads\/2021\/06\/Torre-Barrina-LH6.0.jpg",730,410,false],"thumbnail":["https:\/\/www.lafarga.com\/corporatiu\/wp-content\/uploads\/2021\/06\/Torre-Barrina-LH6.0-150x150.jpg",150,150,true],"medium":["https:\/\/www.lafarga.com\/corporatiu\/wp-content\/uploads\/2021\/06\/Torre-Barrina-LH6.0-300x168.jpg",300,168,true],"medium_large":["https:\/\/www.lafarga.com\/corporatiu\/wp-content\/uploads\/2021\/06\/Torre-Barrina-LH6.0.jpg",730,410,false],"large":["https:\/\/www.lafarga.com\/corporatiu\/wp-content\/uploads\/2021\/06\/Torre-Barrina-LH6.0.jpg",730,410,false],"1536x1536":["https:\/\/www.lafarga.com\/corporatiu\/wp-content\/uploads\/2021\/06\/Torre-Barrina-LH6.0.jpg",730,410,false],"2048x2048":["https:\/\/www.lafarga.com\/corporatiu\/wp-content\/uploads\/2021\/06\/Torre-Barrina-LH6.0.jpg",730,410,false],"mailpoet_newsletter_max":["https:\/\/www.lafarga.com\/corporatiu\/wp-content\/uploads\/2021\/06\/Torre-Barrina-LH6.0.jpg",730,410,false]},"uagb_author_info":{"display_name":"\u00d2scar Milla","author_link":"https:\/\/www.lafarga.com\/corporatiu\/author\/omilla\/"},"uagb_comment_info":0,"uagb_excerpt":"Torre Barrina, \"Experiencias de Innovaci\u00f3n Social\" acoge las jornadas #LHospitalet 6.0, preludio del Mobile World Congress 2021. Organizadas por el Ayuntamiento de L'H y GSMA, est\u00e1n protagonizadas por mujeres expertas en tecnolog\u00eda e impacto social.","_links":{"self":[{"href":"https:\/\/www.lafarga.com\/corporatiu\/wp-json\/wp\/v2\/posts\/15808","targetHints":{"allow":["GET"]}}],"collection":[{"href":"https:\/\/www.lafarga.com\/corporatiu\/wp-json\/wp\/v2\/posts"}],"about":[{"href":"https:\/\/www.lafarga.com\/corporatiu\/wp-json\/wp\/v2\/types\/post"}],"author":[{"embeddable":true,"href":"https:\/\/www.lafarga.com\/corporatiu\/wp-json\/wp\/v2\/users\/5"}],"replies":[{"embeddable":true,"href":"https:\/\/www.lafarga.com\/corporatiu\/wp-json\/wp\/v2\/comments?post=15808"}],"version-history":[{"count":1,"href":"https:\/\/www.lafarga.com\/corporatiu\/wp-json\/wp\/v2\/posts\/15808\/revisions"}],"predecessor-version":[{"id":15809,"href":"https:\/\/www.lafarga.com\/corporatiu\/wp-json\/wp\/v2\/posts\/15808\/revisions\/15809"}],"wp:featuredmedia":[{"embeddable":true,"href":"https:\/\/www.lafarga.com\/corporatiu\/wp-json\/wp\/v2\/media\/15805"}],"wp:attachment":[{"href":"https:\/\/www.lafarga.com\/corporatiu\/wp-json\/wp\/v2\/media?parent=15808"}],"wp:term":[{"taxonomy":"category","embeddable":true,"href":"https:\/\/www.lafarga.com\/corporatiu\/wp-json\/wp\/v2\/categories?post=15808"},{"taxonomy":"post_tag","embeddable":true,"href":"https:\/\/www.lafarga.com\/corporatiu\/wp-json\/wp\/v2\/tags?post=15808"}],"curies":[{"name":"wp","href":"https:\/\/api.w.org\/{rel}","templated":true}]}}