{"id":15801,"date":"2021-06-15T15:52:46","date_gmt":"2021-06-15T15:52:46","guid":{"rendered":"http:\/\/www.lafarga.com\/corporatiu\/?p=15801"},"modified":"2021-06-15T15:52:49","modified_gmt":"2021-06-15T15:52:49","slug":"mikel-rius-innbrew-es-la-evolucion-del-barcelona-beer-festival","status":"publish","type":"post","link":"https:\/\/www.lafarga.com\/corporatiu\/mikel-rius-innbrew-es-la-evolucion-del-barcelona-beer-festival\/","title":{"rendered":"Mikel Rius: \u201cInnBrew es la evoluci\u00f3n del Barcelona Beer Festival\u201d"},"content":{"rendered":"\n<h4 class=\"wp-block-heading\">Beer Events, empresa impulsora del Barcelona Beer Festival y del Barcelona Beer Challenge, organizar\u00e1 los pr\u00f3ximos 22, 23 y 24 de julio la primera edici\u00f3n del InnBrew, The Brewers Convention, un evento que nace con el objetivo de convertirse en el punto de encuentro y de referencia del sector profesional de la cerveza artesanal tanto de Espa\u00f1a, como del Sur de Europa.<\/h4>\n\n\n\n<p>La Farga Centro de Actividades acoger\u00e1 la celebraci\u00f3n del InnBrew, primera convenci\u00f3n que se presenta, claramente, como\u00a0<em>\u201cla evoluci\u00f3n del Barcelona Beer Festival Pro\u201d<\/em>, seg\u00fan sus propios organizadores,\u00a0<strong>Mikel Rius<\/strong>\u00a0y\u00a0<strong>Joan Fiol<\/strong>.<\/p>\n\n\n\n<p>En este sentido, Mikel Rius, subraya que&nbsp;<strong><a href=\"http:\/\/www.lafargalhospitalet.com\/innbrew-convencion-profesional-del-mundo-cervecero-en-julio\/\" target=\"_blank\" rel=\"noreferrer noopener\">InnBrew<\/a><\/strong>&nbsp;nace precisamente en estos momentos, porque&nbsp;<em>\u201cla madurez del sector cervecero de este pa\u00eds, ya est\u00e1 a la altura de otros como para tener una convenci\u00f3n separada e independiente donde los cerveceros puedan asistir para formarse y para hacer negocios como ya sucede en otros pa\u00edses\u201d<\/em>. Rius explica, adem\u00e1s, que&nbsp;<em>\u201cel nuevo proyecto, efectivamente puede nutrirse de la experiencia del BBF Pro, pero sin duda, nace con una personalidad propia\u201d<\/em>, y con la clara vocaci\u00f3n de convertirse en el evento profesional m\u00e1s importante del sector cervecero artesano en nuestro pa\u00eds. Cabe recordar que en la edici\u00f3n de 2019 -la \u00faltima que se celebr\u00f3 del BBF Pro-, recibi\u00f3 a m\u00e1s de 1.500 profesionales acreditados.<\/p>\n\n\n\n<h5 class=\"wp-block-heading\">Tres ejes: InnShow, InnTalks, InnMeet<\/h5>\n\n\n\n<p>La\u00a0<strong><a href=\"https:\/\/www.lafarga.com\/corporatiu\/innbrew-convencion-profesional-del-mundo-cervecero-en-julio\/\" target=\"_blank\" rel=\"noreferrer noopener\">convenci\u00f3n InnBrew<\/a><\/strong>\u00a0se articular\u00e1 en tres ejes:\u00a0<strong>InnShow,<\/strong>\u00a0que ser\u00e1 propiamente la zona de exposici\u00f3n, con stands de productos y servicios para las cerveceras;\u00a0<strong>InnTalks<\/strong>, el programa de formaci\u00f3n y debate que invitar\u00e1 a la reflexi\u00f3n a los asistentes; e\u00a0<strong>InnMeet<\/strong>, que recorrer\u00e1 toda la convenci\u00f3n ya que se pretende que el\u00a0<em>Networking<\/em>\u00a0sea tratado transversalmente en todas las acciones.<\/p>\n\n\n\n<h5 class=\"wp-block-heading\">InnShow ya cuenta con 35 stands confirmados<\/h5>\n\n\n\n<p>A fecha actual, el espacio expositivo que dispone el InnShow, ya cuenta con 35 stands confirmados, de marcas y empresas como por ejemplo Molina for Brewers, Easybrau, WildGoose Canning, o Brew &amp; Hub, principal impulsor y patrocinador de las InnTalks. La idea es que el visitante pueda descubrir las novedades de los principales proveedores del mundo cervecero y poderse \u201cllevar a casa\u201d las innovaciones e ingredientes que le ayuden a continuar haciendo o empezar a hacer la mejor cerveza artesanal.<\/p>\n\n\n\n<h5 class=\"wp-block-heading\">InnTalks, el punto de reuni\u00f3n<\/h5>\n\n\n\n<p>Pero si algo distingue y diferencia del InnBrew del BBFPro es la parte de formaci\u00f3n y divulgaci\u00f3n. Las InnTalks se presentar\u00e1n en diversos espacios, que albergar\u00e1n formaciones, ponencias o mesas redondas con debates de reflexi\u00f3n. El objetivo de las InnTalks es convertirse en el punto de reuni\u00f3n anual para descubrir nuevas tendencias, formarse, reflexionar y en definitiva crecer profesionalmente tanto a nivel individual como empresarial.<\/p>\n\n\n\n<p>Durante los tres d\u00edas de certamen en el marco de las InnTalks, el escenario principal acoger\u00e1 ponencias inspiracionales y formativas para profesionales de la cerveza artesana. Tambi\u00e9n se celebrar\u00e1n en este espacio, pero en otro horario, debates y mesas redondas en las que podr\u00e1n participar activamente los asistentes. En las InnTalks tambi\u00e9n se incluyen los workshop, que se celebrar\u00e1n en otro espacio reservado para los expositores, y con capacidad para un m\u00e1ximo de 10 asistentes, donde podr\u00e1n presentar sus novedades a trav\u00e9s de talleres m\u00e1s participativos e interactivos. Los workshop tendr\u00e1n un horario ininterrumpido a lo largo de las tres jornadas de la convenci\u00f3n.<\/p>\n\n\n\n<h5 class=\"wp-block-heading\">InnMeet ser\u00e1 el tercer eje<\/h5>\n\n\n\n<p>Finalmente, el InnMeet ser\u00e1 el tercer eje, un eje adem\u00e1s que tiene vocaci\u00f3n de ser transversal. Dispondr\u00e1 de espacios reservados para que las empresas y los cerveceros puedan conocerse y entablar reuniones interprofesionales, con su propia din\u00e1mica. Espacios donde las principales asociaciones de productores tendr\u00e1n un punto de encuentro para darse a conocer. De hecho, uno de los platos fuertes del InnMeet ser\u00e1 la celebraci\u00f3n de la 1\u00aa Encuentro de Asociaciones de Productoras de Cerveza Artesana, que agrupa las principales entidades del Estado: GECAN (Catalu\u00f1a), EGE (Euskadi), AECA (nacional), Cerveceras Valencianas (Valencia) y la Asociaci\u00f3n de Cerveceros Artesanos de Mallorca.<\/p>\n","protected":false},"excerpt":{"rendered":"<p>Beer Events, empresa impulsora del Barcelona Beer Festival y del Barcelona Beer Challenge, organizar\u00e1 los pr\u00f3ximos 22, 23 y 24 de julio la primera edici\u00f3n del InnBrew, The Brewers Convention.<\/p>\n","protected":false},"author":5,"featured_media":15799,"comment_status":"closed","ping_status":"closed","sticky":false,"template":"","format":"standard","meta":{"inline_featured_image":false,"_uag_custom_page_level_css":"","_monsterinsights_skip_tracking":false,"_monsterinsights_sitenote_active":false,"_monsterinsights_sitenote_note":"","_monsterinsights_sitenote_category":0,"site-sidebar-layout":"default","site-content-layout":"","ast-site-content-layout":"default","site-content-style":"default","site-sidebar-style":"default","ast-global-header-display":"","ast-banner-title-visibility":"","ast-main-header-display":"","ast-hfb-above-header-display":"","ast-hfb-below-header-display":"","ast-hfb-mobile-header-display":"","site-post-title":"","ast-breadcrumbs-content":"","ast-featured-img":"","footer-sml-layout":"","ast-disable-related-posts":"","theme-transparent-header-meta":"","adv-header-id-meta":"","stick-header-meta":"","header-above-stick-meta":"","header-main-stick-meta":"","header-below-stick-meta":"","astra-migrate-meta-layouts":"default","ast-page-background-enabled":"default","ast-page-background-meta":{"desktop":{"background-color":"var(--ast-global-color-4)","background-image":"","background-repeat":"repeat","background-position":"center center","background-size":"auto","background-attachment":"scroll","background-type":"","background-media":"","overlay-type":"","overlay-color":"","overlay-opacity":"","overlay-gradient":""},"tablet":{"background-color":"","background-image":"","background-repeat":"repeat","background-position":"center center","background-size":"auto","background-attachment":"scroll","background-type":"","background-media":"","overlay-type":"","overlay-color":"","overlay-opacity":"","overlay-gradient":""},"mobile":{"background-color":"","background-image":"","background-repeat":"repeat","background-position":"center center","background-size":"auto","background-attachment":"scroll","background-type":"","background-media":"","overlay-type":"","overlay-color":"","overlay-opacity":"","overlay-gradient":""}},"ast-content-background-meta":{"desktop":{"background-color":"var(--ast-global-color-5)","background-image":"","background-repeat":"repeat","background-position":"center center","background-size":"auto","background-attachment":"scroll","background-type":"","background-media":"","overlay-type":"","overlay-color":"","overlay-opacity":"","overlay-gradient":""},"tablet":{"background-color":"var(--ast-global-color-5)","background-image":"","background-repeat":"repeat","background-position":"center center","background-size":"auto","background-attachment":"scroll","background-type":"","background-media":"","overlay-type":"","overlay-color":"","overlay-opacity":"","overlay-gradient":""},"mobile":{"background-color":"var(--ast-global-color-5)","background-image":"","background-repeat":"repeat","background-position":"center center","background-size":"auto","background-attachment":"scroll","background-type":"","background-media":"","overlay-type":"","overlay-color":"","overlay-opacity":"","overlay-gradient":""}},"footnotes":""},"categories":[73],"tags":[],"class_list":["post-15801","post","type-post","status-publish","format-standard","has-post-thumbnail","hentry","category-centro-de-actividades"],"yoast_head":"<!-- This site is optimized with the Yoast SEO plugin v27.4 - https:\/\/yoast.com\/product\/yoast-seo-wordpress\/ -->\n<title>Mikel Rius: \u201cInnBrew es la evoluci\u00f3n del Barcelona Beer Festival\u201d - La Farga Gesti\u00f3n de Equipamientos Municipales, S.A.<\/title>\n<meta name=\"description\" content=\"Beer Events, empresa impulsora del Barcelona Beer Festival i del Barcelona Beer Challenge, organitzar\u00e0 els pr\u00f2xims 22, 23 i 24 juliol la primera edici\u00f3 de l\u2019InnBrew, The Brewers Convention.\" \/>\n<meta name=\"robots\" content=\"index, follow, max-snippet:-1, max-image-preview:large, max-video-preview:-1\" \/>\n<link rel=\"canonical\" href=\"https:\/\/www.lafarga.com\/corporatiu\/mikel-rius-innbrew-es-la-evolucion-del-barcelona-beer-festival\/\" \/>\n<meta property=\"og:locale\" content=\"ca_ES\" \/>\n<meta property=\"og:type\" content=\"article\" \/>\n<meta property=\"og:title\" content=\"Mikel Rius: \u201cInnBrew es la evoluci\u00f3n del Barcelona Beer Festival\u201d - La Farga Gesti\u00f3n de Equipamientos Municipales, S.A.\" \/>\n<meta property=\"og:description\" content=\"Beer Events, empresa impulsora del Barcelona Beer Festival i del Barcelona Beer Challenge, organitzar\u00e0 els pr\u00f2xims 22, 23 i 24 juliol la primera edici\u00f3 de l\u2019InnBrew, The Brewers Convention.\" \/>\n<meta property=\"og:url\" content=\"https:\/\/www.lafarga.com\/corporatiu\/mikel-rius-innbrew-es-la-evolucion-del-barcelona-beer-festival\/\" \/>\n<meta property=\"og:site_name\" content=\"La Farga Gesti\u00f3n de Equipamientos Municipales, S.A.\" \/>\n<meta property=\"article:published_time\" content=\"2021-06-15T15:52:46+00:00\" \/>\n<meta property=\"article:modified_time\" content=\"2021-06-15T15:52:49+00:00\" \/>\n<meta property=\"og:image\" content=\"https:\/\/www.lafarga.com\/corporatiu\/wp-content\/uploads\/2021\/06\/InnBrew-La-Farga.jpg\" \/>\n\t<meta property=\"og:image:width\" content=\"730\" \/>\n\t<meta property=\"og:image:height\" content=\"410\" \/>\n\t<meta property=\"og:image:type\" content=\"image\/jpeg\" \/>\n<meta name=\"author\" content=\"\u00d2scar Milla\" \/>\n<meta name=\"twitter:label1\" content=\"Escrit per\" \/>\n\t<meta name=\"twitter:data1\" content=\"\u00d2scar Milla\" \/>\n\t<meta name=\"twitter:label2\" content=\"Temps estimat de lectura\" \/>\n\t<meta name=\"twitter:data2\" content=\"3 minuts\" \/>\n<script type=\"application\/ld+json\" class=\"yoast-schema-graph\">{\"@context\":\"https:\\\/\\\/schema.org\",\"@graph\":[{\"@type\":\"Article\",\"@id\":\"https:\\\/\\\/www.lafarga.com\\\/corporatiu\\\/mikel-rius-innbrew-es-la-evolucion-del-barcelona-beer-festival\\\/#article\",\"isPartOf\":{\"@id\":\"https:\\\/\\\/www.lafarga.com\\\/corporatiu\\\/mikel-rius-innbrew-es-la-evolucion-del-barcelona-beer-festival\\\/\"},\"author\":{\"name\":\"\u00d2scar Milla\",\"@id\":\"https:\\\/\\\/www.lafarga.com\\\/corporatiu\\\/#\\\/schema\\\/person\\\/70d96fe17d0da1a9c9e80d232bdbcf33\"},\"headline\":\"Mikel Rius: \u201cInnBrew es la evoluci\u00f3n del Barcelona Beer Festival\u201d\",\"datePublished\":\"2021-06-15T15:52:46+00:00\",\"dateModified\":\"2021-06-15T15:52:49+00:00\",\"mainEntityOfPage\":{\"@id\":\"https:\\\/\\\/www.lafarga.com\\\/corporatiu\\\/mikel-rius-innbrew-es-la-evolucion-del-barcelona-beer-festival\\\/\"},\"wordCount\":701,\"publisher\":{\"@id\":\"https:\\\/\\\/www.lafarga.com\\\/corporatiu\\\/#organization\"},\"image\":{\"@id\":\"https:\\\/\\\/www.lafarga.com\\\/corporatiu\\\/mikel-rius-innbrew-es-la-evolucion-del-barcelona-beer-festival\\\/#primaryimage\"},\"thumbnailUrl\":\"https:\\\/\\\/www.lafarga.com\\\/corporatiu\\\/wp-content\\\/uploads\\\/2021\\\/06\\\/InnBrew-La-Farga.jpg\",\"articleSection\":[\"Centro de Actividades\"],\"inLanguage\":\"ca\"},{\"@type\":\"WebPage\",\"@id\":\"https:\\\/\\\/www.lafarga.com\\\/corporatiu\\\/mikel-rius-innbrew-es-la-evolucion-del-barcelona-beer-festival\\\/\",\"url\":\"https:\\\/\\\/www.lafarga.com\\\/corporatiu\\\/mikel-rius-innbrew-es-la-evolucion-del-barcelona-beer-festival\\\/\",\"name\":\"Mikel Rius: \u201cInnBrew es la evoluci\u00f3n del Barcelona Beer Festival\u201d - La Farga Gesti\u00f3n de Equipamientos Municipales, S.A.\",\"isPartOf\":{\"@id\":\"https:\\\/\\\/www.lafarga.com\\\/corporatiu\\\/#website\"},\"primaryImageOfPage\":{\"@id\":\"https:\\\/\\\/www.lafarga.com\\\/corporatiu\\\/mikel-rius-innbrew-es-la-evolucion-del-barcelona-beer-festival\\\/#primaryimage\"},\"image\":{\"@id\":\"https:\\\/\\\/www.lafarga.com\\\/corporatiu\\\/mikel-rius-innbrew-es-la-evolucion-del-barcelona-beer-festival\\\/#primaryimage\"},\"thumbnailUrl\":\"https:\\\/\\\/www.lafarga.com\\\/corporatiu\\\/wp-content\\\/uploads\\\/2021\\\/06\\\/InnBrew-La-Farga.jpg\",\"datePublished\":\"2021-06-15T15:52:46+00:00\",\"dateModified\":\"2021-06-15T15:52:49+00:00\",\"description\":\"Beer Events, empresa impulsora del Barcelona Beer Festival i del Barcelona Beer Challenge, organitzar\u00e0 els pr\u00f2xims 22, 23 i 24 juliol la primera edici\u00f3 de l\u2019InnBrew, The Brewers Convention.\",\"breadcrumb\":{\"@id\":\"https:\\\/\\\/www.lafarga.com\\\/corporatiu\\\/mikel-rius-innbrew-es-la-evolucion-del-barcelona-beer-festival\\\/#breadcrumb\"},\"inLanguage\":\"ca\",\"potentialAction\":[{\"@type\":\"ReadAction\",\"target\":[\"https:\\\/\\\/www.lafarga.com\\\/corporatiu\\\/mikel-rius-innbrew-es-la-evolucion-del-barcelona-beer-festival\\\/\"]}]},{\"@type\":\"ImageObject\",\"inLanguage\":\"ca\",\"@id\":\"https:\\\/\\\/www.lafarga.com\\\/corporatiu\\\/mikel-rius-innbrew-es-la-evolucion-del-barcelona-beer-festival\\\/#primaryimage\",\"url\":\"https:\\\/\\\/www.lafarga.com\\\/corporatiu\\\/wp-content\\\/uploads\\\/2021\\\/06\\\/InnBrew-La-Farga.jpg\",\"contentUrl\":\"https:\\\/\\\/www.lafarga.com\\\/corporatiu\\\/wp-content\\\/uploads\\\/2021\\\/06\\\/InnBrew-La-Farga.jpg\",\"width\":730,\"height\":410,\"caption\":\"Innbrew Farga\"},{\"@type\":\"BreadcrumbList\",\"@id\":\"https:\\\/\\\/www.lafarga.com\\\/corporatiu\\\/mikel-rius-innbrew-es-la-evolucion-del-barcelona-beer-festival\\\/#breadcrumb\",\"itemListElement\":[{\"@type\":\"ListItem\",\"position\":1,\"name\":\"Home\",\"item\":\"https:\\\/\\\/www.lafarga.com\\\/corporatiu\\\/lafarga-hospitalet-llobregat\\\/\"},{\"@type\":\"ListItem\",\"position\":2,\"name\":\"Mikel Rius: \u201cInnBrew es la evoluci\u00f3n del Barcelona Beer Festival\u201d\"}]},{\"@type\":\"WebSite\",\"@id\":\"https:\\\/\\\/www.lafarga.com\\\/corporatiu\\\/#website\",\"url\":\"https:\\\/\\\/www.lafarga.com\\\/corporatiu\\\/\",\"name\":\"La Farga Gesti\u00f3 d&#039;Equipaments Municipals, SA\",\"description\":\"\",\"publisher\":{\"@id\":\"https:\\\/\\\/www.lafarga.com\\\/corporatiu\\\/#organization\"},\"potentialAction\":[{\"@type\":\"SearchAction\",\"target\":{\"@type\":\"EntryPoint\",\"urlTemplate\":\"https:\\\/\\\/www.lafarga.com\\\/corporatiu\\\/?s={search_term_string}\"},\"query-input\":{\"@type\":\"PropertyValueSpecification\",\"valueRequired\":true,\"valueName\":\"search_term_string\"}}],\"inLanguage\":\"ca\"},{\"@type\":\"Organization\",\"@id\":\"https:\\\/\\\/www.lafarga.com\\\/corporatiu\\\/#organization\",\"name\":\"La Farga Gesti\u00f3 d&#039;Equipaments Municipals, SA\",\"url\":\"https:\\\/\\\/www.lafarga.com\\\/corporatiu\\\/\",\"logo\":{\"@type\":\"ImageObject\",\"inLanguage\":\"ca\",\"@id\":\"https:\\\/\\\/www.lafarga.com\\\/corporatiu\\\/#\\\/schema\\\/logo\\\/image\\\/\",\"url\":\"https:\\\/\\\/www.lafarga.com\\\/corporatiu\\\/wp-content\\\/uploads\\\/2023\\\/11\\\/logotipo_lafarga_gemsa.svg\",\"contentUrl\":\"https:\\\/\\\/www.lafarga.com\\\/corporatiu\\\/wp-content\\\/uploads\\\/2023\\\/11\\\/logotipo_lafarga_gemsa.svg\",\"width\":102,\"height\":103,\"caption\":\"La Farga Gesti\u00f3 d&#039;Equipaments Municipals, SA\"},\"image\":{\"@id\":\"https:\\\/\\\/www.lafarga.com\\\/corporatiu\\\/#\\\/schema\\\/logo\\\/image\\\/\"}},{\"@type\":\"Person\",\"@id\":\"https:\\\/\\\/www.lafarga.com\\\/corporatiu\\\/#\\\/schema\\\/person\\\/70d96fe17d0da1a9c9e80d232bdbcf33\",\"name\":\"\u00d2scar Milla\",\"image\":{\"@type\":\"ImageObject\",\"inLanguage\":\"ca\",\"@id\":\"https:\\\/\\\/secure.gravatar.com\\\/avatar\\\/92e75d184f9d5e0e403bd4ad075b080ad258344ddc259adddb579f6a3ba6494f?s=96&d=mm&r=g\",\"url\":\"https:\\\/\\\/secure.gravatar.com\\\/avatar\\\/92e75d184f9d5e0e403bd4ad075b080ad258344ddc259adddb579f6a3ba6494f?s=96&d=mm&r=g\",\"contentUrl\":\"https:\\\/\\\/secure.gravatar.com\\\/avatar\\\/92e75d184f9d5e0e403bd4ad075b080ad258344ddc259adddb579f6a3ba6494f?s=96&d=mm&r=g\",\"caption\":\"\u00d2scar Milla\"},\"url\":\"https:\\\/\\\/www.lafarga.com\\\/corporatiu\\\/author\\\/omilla\\\/\"}]}<\/script>\n<!-- \/ Yoast SEO plugin. -->","yoast_head_json":{"title":"Mikel Rius: \u201cInnBrew es la evoluci\u00f3n del Barcelona Beer Festival\u201d - La Farga Gesti\u00f3n de Equipamientos Municipales, S.A.","description":"Beer Events, empresa impulsora del Barcelona Beer Festival i del Barcelona Beer Challenge, organitzar\u00e0 els pr\u00f2xims 22, 23 i 24 juliol la primera edici\u00f3 de l\u2019InnBrew, The Brewers Convention.","robots":{"index":"index","follow":"follow","max-snippet":"max-snippet:-1","max-image-preview":"max-image-preview:large","max-video-preview":"max-video-preview:-1"},"canonical":"https:\/\/www.lafarga.com\/corporatiu\/mikel-rius-innbrew-es-la-evolucion-del-barcelona-beer-festival\/","og_locale":"ca_ES","og_type":"article","og_title":"Mikel Rius: \u201cInnBrew es la evoluci\u00f3n del Barcelona Beer Festival\u201d - La Farga Gesti\u00f3n de Equipamientos Municipales, S.A.","og_description":"Beer Events, empresa impulsora del Barcelona Beer Festival i del Barcelona Beer Challenge, organitzar\u00e0 els pr\u00f2xims 22, 23 i 24 juliol la primera edici\u00f3 de l\u2019InnBrew, The Brewers Convention.","og_url":"https:\/\/www.lafarga.com\/corporatiu\/mikel-rius-innbrew-es-la-evolucion-del-barcelona-beer-festival\/","og_site_name":"La Farga Gesti\u00f3n de Equipamientos Municipales, S.A.","article_published_time":"2021-06-15T15:52:46+00:00","article_modified_time":"2021-06-15T15:52:49+00:00","og_image":[{"width":730,"height":410,"url":"https:\/\/www.lafarga.com\/corporatiu\/wp-content\/uploads\/2021\/06\/InnBrew-La-Farga.jpg","type":"image\/jpeg"}],"author":"\u00d2scar Milla","twitter_misc":{"Escrit per":"\u00d2scar Milla","Temps estimat de lectura":"3 minuts"},"schema":{"@context":"https:\/\/schema.org","@graph":[{"@type":"Article","@id":"https:\/\/www.lafarga.com\/corporatiu\/mikel-rius-innbrew-es-la-evolucion-del-barcelona-beer-festival\/#article","isPartOf":{"@id":"https:\/\/www.lafarga.com\/corporatiu\/mikel-rius-innbrew-es-la-evolucion-del-barcelona-beer-festival\/"},"author":{"name":"\u00d2scar Milla","@id":"https:\/\/www.lafarga.com\/corporatiu\/#\/schema\/person\/70d96fe17d0da1a9c9e80d232bdbcf33"},"headline":"Mikel Rius: \u201cInnBrew es la evoluci\u00f3n del Barcelona Beer Festival\u201d","datePublished":"2021-06-15T15:52:46+00:00","dateModified":"2021-06-15T15:52:49+00:00","mainEntityOfPage":{"@id":"https:\/\/www.lafarga.com\/corporatiu\/mikel-rius-innbrew-es-la-evolucion-del-barcelona-beer-festival\/"},"wordCount":701,"publisher":{"@id":"https:\/\/www.lafarga.com\/corporatiu\/#organization"},"image":{"@id":"https:\/\/www.lafarga.com\/corporatiu\/mikel-rius-innbrew-es-la-evolucion-del-barcelona-beer-festival\/#primaryimage"},"thumbnailUrl":"https:\/\/www.lafarga.com\/corporatiu\/wp-content\/uploads\/2021\/06\/InnBrew-La-Farga.jpg","articleSection":["Centro de Actividades"],"inLanguage":"ca"},{"@type":"WebPage","@id":"https:\/\/www.lafarga.com\/corporatiu\/mikel-rius-innbrew-es-la-evolucion-del-barcelona-beer-festival\/","url":"https:\/\/www.lafarga.com\/corporatiu\/mikel-rius-innbrew-es-la-evolucion-del-barcelona-beer-festival\/","name":"Mikel Rius: \u201cInnBrew es la evoluci\u00f3n del Barcelona Beer Festival\u201d - La Farga Gesti\u00f3n de Equipamientos Municipales, S.A.","isPartOf":{"@id":"https:\/\/www.lafarga.com\/corporatiu\/#website"},"primaryImageOfPage":{"@id":"https:\/\/www.lafarga.com\/corporatiu\/mikel-rius-innbrew-es-la-evolucion-del-barcelona-beer-festival\/#primaryimage"},"image":{"@id":"https:\/\/www.lafarga.com\/corporatiu\/mikel-rius-innbrew-es-la-evolucion-del-barcelona-beer-festival\/#primaryimage"},"thumbnailUrl":"https:\/\/www.lafarga.com\/corporatiu\/wp-content\/uploads\/2021\/06\/InnBrew-La-Farga.jpg","datePublished":"2021-06-15T15:52:46+00:00","dateModified":"2021-06-15T15:52:49+00:00","description":"Beer Events, empresa impulsora del Barcelona Beer Festival i del Barcelona Beer Challenge, organitzar\u00e0 els pr\u00f2xims 22, 23 i 24 juliol la primera edici\u00f3 de l\u2019InnBrew, The Brewers Convention.","breadcrumb":{"@id":"https:\/\/www.lafarga.com\/corporatiu\/mikel-rius-innbrew-es-la-evolucion-del-barcelona-beer-festival\/#breadcrumb"},"inLanguage":"ca","potentialAction":[{"@type":"ReadAction","target":["https:\/\/www.lafarga.com\/corporatiu\/mikel-rius-innbrew-es-la-evolucion-del-barcelona-beer-festival\/"]}]},{"@type":"ImageObject","inLanguage":"ca","@id":"https:\/\/www.lafarga.com\/corporatiu\/mikel-rius-innbrew-es-la-evolucion-del-barcelona-beer-festival\/#primaryimage","url":"https:\/\/www.lafarga.com\/corporatiu\/wp-content\/uploads\/2021\/06\/InnBrew-La-Farga.jpg","contentUrl":"https:\/\/www.lafarga.com\/corporatiu\/wp-content\/uploads\/2021\/06\/InnBrew-La-Farga.jpg","width":730,"height":410,"caption":"Innbrew Farga"},{"@type":"BreadcrumbList","@id":"https:\/\/www.lafarga.com\/corporatiu\/mikel-rius-innbrew-es-la-evolucion-del-barcelona-beer-festival\/#breadcrumb","itemListElement":[{"@type":"ListItem","position":1,"name":"Home","item":"https:\/\/www.lafarga.com\/corporatiu\/lafarga-hospitalet-llobregat\/"},{"@type":"ListItem","position":2,"name":"Mikel Rius: \u201cInnBrew es la evoluci\u00f3n del Barcelona Beer Festival\u201d"}]},{"@type":"WebSite","@id":"https:\/\/www.lafarga.com\/corporatiu\/#website","url":"https:\/\/www.lafarga.com\/corporatiu\/","name":"La Farga Gesti\u00f3 d&#039;Equipaments Municipals, SA","description":"","publisher":{"@id":"https:\/\/www.lafarga.com\/corporatiu\/#organization"},"potentialAction":[{"@type":"SearchAction","target":{"@type":"EntryPoint","urlTemplate":"https:\/\/www.lafarga.com\/corporatiu\/?s={search_term_string}"},"query-input":{"@type":"PropertyValueSpecification","valueRequired":true,"valueName":"search_term_string"}}],"inLanguage":"ca"},{"@type":"Organization","@id":"https:\/\/www.lafarga.com\/corporatiu\/#organization","name":"La Farga Gesti\u00f3 d&#039;Equipaments Municipals, SA","url":"https:\/\/www.lafarga.com\/corporatiu\/","logo":{"@type":"ImageObject","inLanguage":"ca","@id":"https:\/\/www.lafarga.com\/corporatiu\/#\/schema\/logo\/image\/","url":"https:\/\/www.lafarga.com\/corporatiu\/wp-content\/uploads\/2023\/11\/logotipo_lafarga_gemsa.svg","contentUrl":"https:\/\/www.lafarga.com\/corporatiu\/wp-content\/uploads\/2023\/11\/logotipo_lafarga_gemsa.svg","width":102,"height":103,"caption":"La Farga Gesti\u00f3 d&#039;Equipaments Municipals, SA"},"image":{"@id":"https:\/\/www.lafarga.com\/corporatiu\/#\/schema\/logo\/image\/"}},{"@type":"Person","@id":"https:\/\/www.lafarga.com\/corporatiu\/#\/schema\/person\/70d96fe17d0da1a9c9e80d232bdbcf33","name":"\u00d2scar Milla","image":{"@type":"ImageObject","inLanguage":"ca","@id":"https:\/\/secure.gravatar.com\/avatar\/92e75d184f9d5e0e403bd4ad075b080ad258344ddc259adddb579f6a3ba6494f?s=96&d=mm&r=g","url":"https:\/\/secure.gravatar.com\/avatar\/92e75d184f9d5e0e403bd4ad075b080ad258344ddc259adddb579f6a3ba6494f?s=96&d=mm&r=g","contentUrl":"https:\/\/secure.gravatar.com\/avatar\/92e75d184f9d5e0e403bd4ad075b080ad258344ddc259adddb579f6a3ba6494f?s=96&d=mm&r=g","caption":"\u00d2scar Milla"},"url":"https:\/\/www.lafarga.com\/corporatiu\/author\/omilla\/"}]}},"uagb_featured_image_src":{"full":["https:\/\/www.lafarga.com\/corporatiu\/wp-content\/uploads\/2021\/06\/InnBrew-La-Farga.jpg",730,410,false],"thumbnail":["https:\/\/www.lafarga.com\/corporatiu\/wp-content\/uploads\/2021\/06\/InnBrew-La-Farga-150x150.jpg",150,150,true],"medium":["https:\/\/www.lafarga.com\/corporatiu\/wp-content\/uploads\/2021\/06\/InnBrew-La-Farga-300x168.jpg",300,168,true],"medium_large":["https:\/\/www.lafarga.com\/corporatiu\/wp-content\/uploads\/2021\/06\/InnBrew-La-Farga.jpg",730,410,false],"large":["https:\/\/www.lafarga.com\/corporatiu\/wp-content\/uploads\/2021\/06\/InnBrew-La-Farga.jpg",730,410,false],"1536x1536":["https:\/\/www.lafarga.com\/corporatiu\/wp-content\/uploads\/2021\/06\/InnBrew-La-Farga.jpg",730,410,false],"2048x2048":["https:\/\/www.lafarga.com\/corporatiu\/wp-content\/uploads\/2021\/06\/InnBrew-La-Farga.jpg",730,410,false],"mailpoet_newsletter_max":["https:\/\/www.lafarga.com\/corporatiu\/wp-content\/uploads\/2021\/06\/InnBrew-La-Farga.jpg",730,410,false]},"uagb_author_info":{"display_name":"\u00d2scar Milla","author_link":"https:\/\/www.lafarga.com\/corporatiu\/author\/omilla\/"},"uagb_comment_info":0,"uagb_excerpt":"Beer Events, empresa impulsora del Barcelona Beer Festival y del Barcelona Beer Challenge, organizar\u00e1 los pr\u00f3ximos 22, 23 y 24 de julio la primera edici\u00f3n del InnBrew, The Brewers Convention.","_links":{"self":[{"href":"https:\/\/www.lafarga.com\/corporatiu\/wp-json\/wp\/v2\/posts\/15801","targetHints":{"allow":["GET"]}}],"collection":[{"href":"https:\/\/www.lafarga.com\/corporatiu\/wp-json\/wp\/v2\/posts"}],"about":[{"href":"https:\/\/www.lafarga.com\/corporatiu\/wp-json\/wp\/v2\/types\/post"}],"author":[{"embeddable":true,"href":"https:\/\/www.lafarga.com\/corporatiu\/wp-json\/wp\/v2\/users\/5"}],"replies":[{"embeddable":true,"href":"https:\/\/www.lafarga.com\/corporatiu\/wp-json\/wp\/v2\/comments?post=15801"}],"version-history":[{"count":1,"href":"https:\/\/www.lafarga.com\/corporatiu\/wp-json\/wp\/v2\/posts\/15801\/revisions"}],"predecessor-version":[{"id":15802,"href":"https:\/\/www.lafarga.com\/corporatiu\/wp-json\/wp\/v2\/posts\/15801\/revisions\/15802"}],"wp:featuredmedia":[{"embeddable":true,"href":"https:\/\/www.lafarga.com\/corporatiu\/wp-json\/wp\/v2\/media\/15799"}],"wp:attachment":[{"href":"https:\/\/www.lafarga.com\/corporatiu\/wp-json\/wp\/v2\/media?parent=15801"}],"wp:term":[{"taxonomy":"category","embeddable":true,"href":"https:\/\/www.lafarga.com\/corporatiu\/wp-json\/wp\/v2\/categories?post=15801"},{"taxonomy":"post_tag","embeddable":true,"href":"https:\/\/www.lafarga.com\/corporatiu\/wp-json\/wp\/v2\/tags?post=15801"}],"curies":[{"name":"wp","href":"https:\/\/api.w.org\/{rel}","templated":true}]}}