{"id":15731,"date":"2021-05-19T07:47:11","date_gmt":"2021-05-19T07:47:11","guid":{"rendered":"http:\/\/www.lafarga.com\/corporatiu\/?p=15731"},"modified":"2021-05-19T07:47:16","modified_gmt":"2021-05-19T07:47:16","slug":"innbrew-convencion-profesional-del-mundo-cervecero-en-julio","status":"publish","type":"post","link":"https:\/\/www.lafarga.com\/corporatiu\/innbrew-convencion-profesional-del-mundo-cervecero-en-julio\/","title":{"rendered":"InnBrew, convenci\u00f3n profesional del mundo cervecero, en julio"},"content":{"rendered":"\n<h5 class=\"wp-block-heading\">La Farga Centro de Actividades acoger\u00e1, del 22 al 24 de julio, el InnBrew,\u00a0<em>The Brewers Convention<\/em>, evento de car\u00e1cter profesional que organiza Beer Events, impulsor del Barcelona Beer Festival.<\/h5>\n\n\n\n<p>InnBrew es una convenci\u00f3n exclusivamente profesional pensada para satisfacer las necesidades de las empresas dedicadas al sector cervecero. Bajo esta nomenclatura se agrupan todas las acciones que se llevan a cabo desde la organizaci\u00f3n, con el fin de maximizar las oportunidades a todos los profesionales asistentes y hacer que la experiencia InnBrew sea lo m\u00e1s provechosa posible.<\/p>\n\n\n\n<p><strong><a href=\"https:\/\/innbrew.com\/es\/inicio\/\" target=\"_blank\" rel=\"noreferrer noopener\">Desarrollado por Beer Events<\/a><\/strong>, empresa organizadora del Barcelona Beer Festival (principal evento de cerveza artesanal), el InnBrew se consolida como el punto de encuentro profesional m\u00e1s importante del sector en el pa\u00eds.<\/p>\n\n\n\n<p>El InnBrew es la evoluci\u00f3n natural del BBFPRO, evento que despu\u00e9s de 6 a\u00f1os desde su aparici\u00f3n y afianzado por una clara tendencia de crecimiento constante, apuesta por mantenerse como evento profesional principal de pa\u00eds y por ello crea su propia identidad, separ\u00e1ndose del\u00a0<strong><a href=\"https:\/\/www.lafarga.com\/corporatiu\/el-beer-festival-vuelve-a-crecer\/\" target=\"_blank\" rel=\"noreferrer noopener\">Barcelona Beer Festival<\/a><\/strong>.<\/p>\n\n\n\n<p>Para esta nueva edici\u00f3n el evento desarrolla una parrilla de conferencias en diversos \u00e1mbitos, aportando formaci\u00f3n y crecimiento empresarial alrededor de 1.500 profesionales que se re\u00fanen para exprimir todas las oportunidades de negocio que se ofrecen.<\/p>\n\n\n\n<p>Desde sus inicios, la evoluci\u00f3n del evento cervecero ha sido una tendencia de crecimiento lineal y ha obtenido una respuesta muy positiva tanto por parte del expositor como por parte del asistente.<\/p>\n\n\n\n<p>La Farga Centro de Actividades ha acogido con \u00e9xito, y constante crecimiento, las \u00faltimos 3 ediciones del Barcelona Beer Festival. Aparte, del InnBrew del mes de julio, en el pr\u00f3ximo oto\u00f1o se celebrar\u00e1 una nueva edici\u00f3n del BBF, tras la cancelaci\u00f3n de 2020 por la crisis sanitaria.<\/p>\n\n\n\n<p>Con el InnBrew, el calendario, en La Farga Centro de Actividades, se ampl\u00eda a dos eventos anuales relacionados con el mundo de la cerveza artesanal.<\/p>\n\n\n\n<figure class=\"wp-block-embed is-type-rich is-provider-twitter wp-block-embed-twitter\"><div class=\"wp-block-embed__wrapper\">\n<blockquote class=\"twitter-tweet\" data-width=\"500\" data-dnt=\"true\"><p lang=\"es\" dir=\"ltr\"><a href=\"https:\/\/twitter.com\/hashtag\/SaveTheDate?src=hash&amp;ref_src=twsrc%5Etfw\">#SaveTheDate<\/a><br>El equipo del BBF tiene el honor de anunciar&#8230;. QUE VUELVE A CABALGAR! <br>Meses y meses sin parar de trabajar por y para la cerveza pero sin poder hacer lo que m\u00e1s nos gusta: Plantear eventos para juntar a la familia cervecera. <a href=\"https:\/\/t.co\/BMh2KRbM30\">pic.twitter.com\/BMh2KRbM30<\/a><\/p>&mdash; Barcelona Beer Festival (@BcnBeerFest) <a href=\"https:\/\/twitter.com\/BcnBeerFest\/status\/1394578059454566401?ref_src=twsrc%5Etfw\">May 18, 2021<\/a><\/blockquote><script async src=\"https:\/\/platform.twitter.com\/widgets.js\" charset=\"utf-8\"><\/script>\n<\/div><\/figure>\n","protected":false},"excerpt":{"rendered":"<p>La Farga Centro de Actividades acoger\u00e1, del 22 al 24 de julio, el InnBrew, The Brewers Convention, evento de car\u00e1cter profesional que organiza Beer Events, impulsor del Barcelona Beer Festival.<\/p>\n","protected":false},"author":5,"featured_media":15729,"comment_status":"closed","ping_status":"closed","sticky":false,"template":"","format":"standard","meta":{"inline_featured_image":false,"_uag_custom_page_level_css":"","_monsterinsights_skip_tracking":false,"_monsterinsights_sitenote_active":false,"_monsterinsights_sitenote_note":"","_monsterinsights_sitenote_category":0,"site-sidebar-layout":"default","site-content-layout":"","ast-site-content-layout":"default","site-content-style":"default","site-sidebar-style":"default","ast-global-header-display":"","ast-banner-title-visibility":"","ast-main-header-display":"","ast-hfb-above-header-display":"","ast-hfb-below-header-display":"","ast-hfb-mobile-header-display":"","site-post-title":"","ast-breadcrumbs-content":"","ast-featured-img":"","footer-sml-layout":"","ast-disable-related-posts":"","theme-transparent-header-meta":"","adv-header-id-meta":"","stick-header-meta":"","header-above-stick-meta":"","header-main-stick-meta":"","header-below-stick-meta":"","astra-migrate-meta-layouts":"default","ast-page-background-enabled":"default","ast-page-background-meta":{"desktop":{"background-color":"var(--ast-global-color-4)","background-image":"","background-repeat":"repeat","background-position":"center center","background-size":"auto","background-attachment":"scroll","background-type":"","background-media":"","overlay-type":"","overlay-color":"","overlay-opacity":"","overlay-gradient":""},"tablet":{"background-color":"","background-image":"","background-repeat":"repeat","background-position":"center center","background-size":"auto","background-attachment":"scroll","background-type":"","background-media":"","overlay-type":"","overlay-color":"","overlay-opacity":"","overlay-gradient":""},"mobile":{"background-color":"","background-image":"","background-repeat":"repeat","background-position":"center center","background-size":"auto","background-attachment":"scroll","background-type":"","background-media":"","overlay-type":"","overlay-color":"","overlay-opacity":"","overlay-gradient":""}},"ast-content-background-meta":{"desktop":{"background-color":"var(--ast-global-color-5)","background-image":"","background-repeat":"repeat","background-position":"center center","background-size":"auto","background-attachment":"scroll","background-type":"","background-media":"","overlay-type":"","overlay-color":"","overlay-opacity":"","overlay-gradient":""},"tablet":{"background-color":"var(--ast-global-color-5)","background-image":"","background-repeat":"repeat","background-position":"center center","background-size":"auto","background-attachment":"scroll","background-type":"","background-media":"","overlay-type":"","overlay-color":"","overlay-opacity":"","overlay-gradient":""},"mobile":{"background-color":"var(--ast-global-color-5)","background-image":"","background-repeat":"repeat","background-position":"center center","background-size":"auto","background-attachment":"scroll","background-type":"","background-media":"","overlay-type":"","overlay-color":"","overlay-opacity":"","overlay-gradient":""}},"footnotes":""},"categories":[73],"tags":[],"class_list":["post-15731","post","type-post","status-publish","format-standard","has-post-thumbnail","hentry","category-centro-de-actividades"],"yoast_head":"<!-- This site is optimized with the Yoast SEO plugin v27.4 - https:\/\/yoast.com\/product\/yoast-seo-wordpress\/ -->\n<title>InnBrew, convenci\u00f3n profesional del mundo cervecero, en julio - La Farga Gesti\u00f3n de Equipamientos Municipales, S.A.<\/title>\n<meta name=\"description\" content=\"La Farga Centre d\u2019Activitats acollir\u00e0 l\u2019InnBrew, The Brewers Convention, esdeveniment de car\u00e0cter professional que organitza Beer Events.\" \/>\n<meta name=\"robots\" content=\"index, follow, max-snippet:-1, max-image-preview:large, max-video-preview:-1\" \/>\n<link rel=\"canonical\" href=\"https:\/\/www.lafarga.com\/corporatiu\/innbrew-convencion-profesional-del-mundo-cervecero-en-julio\/\" \/>\n<meta property=\"og:locale\" content=\"ca_ES\" \/>\n<meta property=\"og:type\" content=\"article\" \/>\n<meta property=\"og:title\" content=\"InnBrew, convenci\u00f3n profesional del mundo cervecero, en julio - La Farga Gesti\u00f3n de Equipamientos Municipales, S.A.\" \/>\n<meta property=\"og:description\" content=\"La Farga Centre d\u2019Activitats acollir\u00e0 l\u2019InnBrew, The Brewers Convention, esdeveniment de car\u00e0cter professional que organitza Beer Events.\" \/>\n<meta property=\"og:url\" content=\"https:\/\/www.lafarga.com\/corporatiu\/innbrew-convencion-profesional-del-mundo-cervecero-en-julio\/\" \/>\n<meta property=\"og:site_name\" content=\"La Farga Gesti\u00f3n de Equipamientos Municipales, S.A.\" \/>\n<meta property=\"article:published_time\" content=\"2021-05-19T07:47:11+00:00\" \/>\n<meta property=\"article:modified_time\" content=\"2021-05-19T07:47:16+00:00\" \/>\n<meta property=\"og:image\" content=\"https:\/\/www.lafarga.com\/corporatiu\/wp-content\/uploads\/2021\/05\/InnBrew-Farga.jpg\" \/>\n\t<meta property=\"og:image:width\" content=\"730\" \/>\n\t<meta property=\"og:image:height\" content=\"410\" \/>\n\t<meta property=\"og:image:type\" content=\"image\/jpeg\" \/>\n<meta name=\"author\" content=\"\u00d2scar Milla\" \/>\n<meta name=\"twitter:label1\" content=\"Escrit per\" \/>\n\t<meta name=\"twitter:data1\" content=\"\u00d2scar Milla\" \/>\n\t<meta name=\"twitter:label2\" content=\"Temps estimat de lectura\" \/>\n\t<meta name=\"twitter:data2\" content=\"2 minuts\" \/>\n<script type=\"application\/ld+json\" class=\"yoast-schema-graph\">{\"@context\":\"https:\\\/\\\/schema.org\",\"@graph\":[{\"@type\":\"Article\",\"@id\":\"https:\\\/\\\/www.lafarga.com\\\/corporatiu\\\/innbrew-convencion-profesional-del-mundo-cervecero-en-julio\\\/#article\",\"isPartOf\":{\"@id\":\"https:\\\/\\\/www.lafarga.com\\\/corporatiu\\\/innbrew-convencion-profesional-del-mundo-cervecero-en-julio\\\/\"},\"author\":{\"name\":\"\u00d2scar Milla\",\"@id\":\"https:\\\/\\\/www.lafarga.com\\\/corporatiu\\\/#\\\/schema\\\/person\\\/70d96fe17d0da1a9c9e80d232bdbcf33\"},\"headline\":\"InnBrew, convenci\u00f3n profesional del mundo cervecero, en julio\",\"datePublished\":\"2021-05-19T07:47:11+00:00\",\"dateModified\":\"2021-05-19T07:47:16+00:00\",\"mainEntityOfPage\":{\"@id\":\"https:\\\/\\\/www.lafarga.com\\\/corporatiu\\\/innbrew-convencion-profesional-del-mundo-cervecero-en-julio\\\/\"},\"wordCount\":336,\"publisher\":{\"@id\":\"https:\\\/\\\/www.lafarga.com\\\/corporatiu\\\/#organization\"},\"image\":{\"@id\":\"https:\\\/\\\/www.lafarga.com\\\/corporatiu\\\/innbrew-convencion-profesional-del-mundo-cervecero-en-julio\\\/#primaryimage\"},\"thumbnailUrl\":\"https:\\\/\\\/www.lafarga.com\\\/corporatiu\\\/wp-content\\\/uploads\\\/2021\\\/05\\\/InnBrew-Farga.jpg\",\"articleSection\":[\"Centro de Actividades\"],\"inLanguage\":\"ca\"},{\"@type\":\"WebPage\",\"@id\":\"https:\\\/\\\/www.lafarga.com\\\/corporatiu\\\/innbrew-convencion-profesional-del-mundo-cervecero-en-julio\\\/\",\"url\":\"https:\\\/\\\/www.lafarga.com\\\/corporatiu\\\/innbrew-convencion-profesional-del-mundo-cervecero-en-julio\\\/\",\"name\":\"InnBrew, convenci\u00f3n profesional del mundo cervecero, en julio - La Farga Gesti\u00f3n de Equipamientos Municipales, S.A.\",\"isPartOf\":{\"@id\":\"https:\\\/\\\/www.lafarga.com\\\/corporatiu\\\/#website\"},\"primaryImageOfPage\":{\"@id\":\"https:\\\/\\\/www.lafarga.com\\\/corporatiu\\\/innbrew-convencion-profesional-del-mundo-cervecero-en-julio\\\/#primaryimage\"},\"image\":{\"@id\":\"https:\\\/\\\/www.lafarga.com\\\/corporatiu\\\/innbrew-convencion-profesional-del-mundo-cervecero-en-julio\\\/#primaryimage\"},\"thumbnailUrl\":\"https:\\\/\\\/www.lafarga.com\\\/corporatiu\\\/wp-content\\\/uploads\\\/2021\\\/05\\\/InnBrew-Farga.jpg\",\"datePublished\":\"2021-05-19T07:47:11+00:00\",\"dateModified\":\"2021-05-19T07:47:16+00:00\",\"description\":\"La Farga Centre d\u2019Activitats acollir\u00e0 l\u2019InnBrew, The Brewers Convention, esdeveniment de car\u00e0cter professional que organitza Beer Events.\",\"breadcrumb\":{\"@id\":\"https:\\\/\\\/www.lafarga.com\\\/corporatiu\\\/innbrew-convencion-profesional-del-mundo-cervecero-en-julio\\\/#breadcrumb\"},\"inLanguage\":\"ca\",\"potentialAction\":[{\"@type\":\"ReadAction\",\"target\":[\"https:\\\/\\\/www.lafarga.com\\\/corporatiu\\\/innbrew-convencion-profesional-del-mundo-cervecero-en-julio\\\/\"]}]},{\"@type\":\"ImageObject\",\"inLanguage\":\"ca\",\"@id\":\"https:\\\/\\\/www.lafarga.com\\\/corporatiu\\\/innbrew-convencion-profesional-del-mundo-cervecero-en-julio\\\/#primaryimage\",\"url\":\"https:\\\/\\\/www.lafarga.com\\\/corporatiu\\\/wp-content\\\/uploads\\\/2021\\\/05\\\/InnBrew-Farga.jpg\",\"contentUrl\":\"https:\\\/\\\/www.lafarga.com\\\/corporatiu\\\/wp-content\\\/uploads\\\/2021\\\/05\\\/InnBrew-Farga.jpg\",\"width\":730,\"height\":410,\"caption\":\"InnBrew Farga\"},{\"@type\":\"BreadcrumbList\",\"@id\":\"https:\\\/\\\/www.lafarga.com\\\/corporatiu\\\/innbrew-convencion-profesional-del-mundo-cervecero-en-julio\\\/#breadcrumb\",\"itemListElement\":[{\"@type\":\"ListItem\",\"position\":1,\"name\":\"Home\",\"item\":\"https:\\\/\\\/www.lafarga.com\\\/corporatiu\\\/lafarga-hospitalet-llobregat\\\/\"},{\"@type\":\"ListItem\",\"position\":2,\"name\":\"InnBrew, convenci\u00f3n profesional del mundo cervecero, en julio\"}]},{\"@type\":\"WebSite\",\"@id\":\"https:\\\/\\\/www.lafarga.com\\\/corporatiu\\\/#website\",\"url\":\"https:\\\/\\\/www.lafarga.com\\\/corporatiu\\\/\",\"name\":\"La Farga Gesti\u00f3 d&#039;Equipaments Municipals, SA\",\"description\":\"\",\"publisher\":{\"@id\":\"https:\\\/\\\/www.lafarga.com\\\/corporatiu\\\/#organization\"},\"potentialAction\":[{\"@type\":\"SearchAction\",\"target\":{\"@type\":\"EntryPoint\",\"urlTemplate\":\"https:\\\/\\\/www.lafarga.com\\\/corporatiu\\\/?s={search_term_string}\"},\"query-input\":{\"@type\":\"PropertyValueSpecification\",\"valueRequired\":true,\"valueName\":\"search_term_string\"}}],\"inLanguage\":\"ca\"},{\"@type\":\"Organization\",\"@id\":\"https:\\\/\\\/www.lafarga.com\\\/corporatiu\\\/#organization\",\"name\":\"La Farga Gesti\u00f3 d&#039;Equipaments Municipals, SA\",\"url\":\"https:\\\/\\\/www.lafarga.com\\\/corporatiu\\\/\",\"logo\":{\"@type\":\"ImageObject\",\"inLanguage\":\"ca\",\"@id\":\"https:\\\/\\\/www.lafarga.com\\\/corporatiu\\\/#\\\/schema\\\/logo\\\/image\\\/\",\"url\":\"https:\\\/\\\/www.lafarga.com\\\/corporatiu\\\/wp-content\\\/uploads\\\/2023\\\/11\\\/logotipo_lafarga_gemsa.svg\",\"contentUrl\":\"https:\\\/\\\/www.lafarga.com\\\/corporatiu\\\/wp-content\\\/uploads\\\/2023\\\/11\\\/logotipo_lafarga_gemsa.svg\",\"width\":102,\"height\":103,\"caption\":\"La Farga Gesti\u00f3 d&#039;Equipaments Municipals, SA\"},\"image\":{\"@id\":\"https:\\\/\\\/www.lafarga.com\\\/corporatiu\\\/#\\\/schema\\\/logo\\\/image\\\/\"}},{\"@type\":\"Person\",\"@id\":\"https:\\\/\\\/www.lafarga.com\\\/corporatiu\\\/#\\\/schema\\\/person\\\/70d96fe17d0da1a9c9e80d232bdbcf33\",\"name\":\"\u00d2scar Milla\",\"image\":{\"@type\":\"ImageObject\",\"inLanguage\":\"ca\",\"@id\":\"https:\\\/\\\/secure.gravatar.com\\\/avatar\\\/92e75d184f9d5e0e403bd4ad075b080ad258344ddc259adddb579f6a3ba6494f?s=96&d=mm&r=g\",\"url\":\"https:\\\/\\\/secure.gravatar.com\\\/avatar\\\/92e75d184f9d5e0e403bd4ad075b080ad258344ddc259adddb579f6a3ba6494f?s=96&d=mm&r=g\",\"contentUrl\":\"https:\\\/\\\/secure.gravatar.com\\\/avatar\\\/92e75d184f9d5e0e403bd4ad075b080ad258344ddc259adddb579f6a3ba6494f?s=96&d=mm&r=g\",\"caption\":\"\u00d2scar Milla\"},\"url\":\"https:\\\/\\\/www.lafarga.com\\\/corporatiu\\\/author\\\/omilla\\\/\"}]}<\/script>\n<!-- \/ Yoast SEO plugin. -->","yoast_head_json":{"title":"InnBrew, convenci\u00f3n profesional del mundo cervecero, en julio - La Farga Gesti\u00f3n de Equipamientos Municipales, S.A.","description":"La Farga Centre d\u2019Activitats acollir\u00e0 l\u2019InnBrew, The Brewers Convention, esdeveniment de car\u00e0cter professional que organitza Beer Events.","robots":{"index":"index","follow":"follow","max-snippet":"max-snippet:-1","max-image-preview":"max-image-preview:large","max-video-preview":"max-video-preview:-1"},"canonical":"https:\/\/www.lafarga.com\/corporatiu\/innbrew-convencion-profesional-del-mundo-cervecero-en-julio\/","og_locale":"ca_ES","og_type":"article","og_title":"InnBrew, convenci\u00f3n profesional del mundo cervecero, en julio - La Farga Gesti\u00f3n de Equipamientos Municipales, S.A.","og_description":"La Farga Centre d\u2019Activitats acollir\u00e0 l\u2019InnBrew, The Brewers Convention, esdeveniment de car\u00e0cter professional que organitza Beer Events.","og_url":"https:\/\/www.lafarga.com\/corporatiu\/innbrew-convencion-profesional-del-mundo-cervecero-en-julio\/","og_site_name":"La Farga Gesti\u00f3n de Equipamientos Municipales, S.A.","article_published_time":"2021-05-19T07:47:11+00:00","article_modified_time":"2021-05-19T07:47:16+00:00","og_image":[{"width":730,"height":410,"url":"https:\/\/www.lafarga.com\/corporatiu\/wp-content\/uploads\/2021\/05\/InnBrew-Farga.jpg","type":"image\/jpeg"}],"author":"\u00d2scar Milla","twitter_misc":{"Escrit per":"\u00d2scar Milla","Temps estimat de lectura":"2 minuts"},"schema":{"@context":"https:\/\/schema.org","@graph":[{"@type":"Article","@id":"https:\/\/www.lafarga.com\/corporatiu\/innbrew-convencion-profesional-del-mundo-cervecero-en-julio\/#article","isPartOf":{"@id":"https:\/\/www.lafarga.com\/corporatiu\/innbrew-convencion-profesional-del-mundo-cervecero-en-julio\/"},"author":{"name":"\u00d2scar Milla","@id":"https:\/\/www.lafarga.com\/corporatiu\/#\/schema\/person\/70d96fe17d0da1a9c9e80d232bdbcf33"},"headline":"InnBrew, convenci\u00f3n profesional del mundo cervecero, en julio","datePublished":"2021-05-19T07:47:11+00:00","dateModified":"2021-05-19T07:47:16+00:00","mainEntityOfPage":{"@id":"https:\/\/www.lafarga.com\/corporatiu\/innbrew-convencion-profesional-del-mundo-cervecero-en-julio\/"},"wordCount":336,"publisher":{"@id":"https:\/\/www.lafarga.com\/corporatiu\/#organization"},"image":{"@id":"https:\/\/www.lafarga.com\/corporatiu\/innbrew-convencion-profesional-del-mundo-cervecero-en-julio\/#primaryimage"},"thumbnailUrl":"https:\/\/www.lafarga.com\/corporatiu\/wp-content\/uploads\/2021\/05\/InnBrew-Farga.jpg","articleSection":["Centro de Actividades"],"inLanguage":"ca"},{"@type":"WebPage","@id":"https:\/\/www.lafarga.com\/corporatiu\/innbrew-convencion-profesional-del-mundo-cervecero-en-julio\/","url":"https:\/\/www.lafarga.com\/corporatiu\/innbrew-convencion-profesional-del-mundo-cervecero-en-julio\/","name":"InnBrew, convenci\u00f3n profesional del mundo cervecero, en julio - La Farga Gesti\u00f3n de Equipamientos Municipales, S.A.","isPartOf":{"@id":"https:\/\/www.lafarga.com\/corporatiu\/#website"},"primaryImageOfPage":{"@id":"https:\/\/www.lafarga.com\/corporatiu\/innbrew-convencion-profesional-del-mundo-cervecero-en-julio\/#primaryimage"},"image":{"@id":"https:\/\/www.lafarga.com\/corporatiu\/innbrew-convencion-profesional-del-mundo-cervecero-en-julio\/#primaryimage"},"thumbnailUrl":"https:\/\/www.lafarga.com\/corporatiu\/wp-content\/uploads\/2021\/05\/InnBrew-Farga.jpg","datePublished":"2021-05-19T07:47:11+00:00","dateModified":"2021-05-19T07:47:16+00:00","description":"La Farga Centre d\u2019Activitats acollir\u00e0 l\u2019InnBrew, The Brewers Convention, esdeveniment de car\u00e0cter professional que organitza Beer Events.","breadcrumb":{"@id":"https:\/\/www.lafarga.com\/corporatiu\/innbrew-convencion-profesional-del-mundo-cervecero-en-julio\/#breadcrumb"},"inLanguage":"ca","potentialAction":[{"@type":"ReadAction","target":["https:\/\/www.lafarga.com\/corporatiu\/innbrew-convencion-profesional-del-mundo-cervecero-en-julio\/"]}]},{"@type":"ImageObject","inLanguage":"ca","@id":"https:\/\/www.lafarga.com\/corporatiu\/innbrew-convencion-profesional-del-mundo-cervecero-en-julio\/#primaryimage","url":"https:\/\/www.lafarga.com\/corporatiu\/wp-content\/uploads\/2021\/05\/InnBrew-Farga.jpg","contentUrl":"https:\/\/www.lafarga.com\/corporatiu\/wp-content\/uploads\/2021\/05\/InnBrew-Farga.jpg","width":730,"height":410,"caption":"InnBrew Farga"},{"@type":"BreadcrumbList","@id":"https:\/\/www.lafarga.com\/corporatiu\/innbrew-convencion-profesional-del-mundo-cervecero-en-julio\/#breadcrumb","itemListElement":[{"@type":"ListItem","position":1,"name":"Home","item":"https:\/\/www.lafarga.com\/corporatiu\/lafarga-hospitalet-llobregat\/"},{"@type":"ListItem","position":2,"name":"InnBrew, convenci\u00f3n profesional del mundo cervecero, en julio"}]},{"@type":"WebSite","@id":"https:\/\/www.lafarga.com\/corporatiu\/#website","url":"https:\/\/www.lafarga.com\/corporatiu\/","name":"La Farga Gesti\u00f3 d&#039;Equipaments Municipals, SA","description":"","publisher":{"@id":"https:\/\/www.lafarga.com\/corporatiu\/#organization"},"potentialAction":[{"@type":"SearchAction","target":{"@type":"EntryPoint","urlTemplate":"https:\/\/www.lafarga.com\/corporatiu\/?s={search_term_string}"},"query-input":{"@type":"PropertyValueSpecification","valueRequired":true,"valueName":"search_term_string"}}],"inLanguage":"ca"},{"@type":"Organization","@id":"https:\/\/www.lafarga.com\/corporatiu\/#organization","name":"La Farga Gesti\u00f3 d&#039;Equipaments Municipals, SA","url":"https:\/\/www.lafarga.com\/corporatiu\/","logo":{"@type":"ImageObject","inLanguage":"ca","@id":"https:\/\/www.lafarga.com\/corporatiu\/#\/schema\/logo\/image\/","url":"https:\/\/www.lafarga.com\/corporatiu\/wp-content\/uploads\/2023\/11\/logotipo_lafarga_gemsa.svg","contentUrl":"https:\/\/www.lafarga.com\/corporatiu\/wp-content\/uploads\/2023\/11\/logotipo_lafarga_gemsa.svg","width":102,"height":103,"caption":"La Farga Gesti\u00f3 d&#039;Equipaments Municipals, SA"},"image":{"@id":"https:\/\/www.lafarga.com\/corporatiu\/#\/schema\/logo\/image\/"}},{"@type":"Person","@id":"https:\/\/www.lafarga.com\/corporatiu\/#\/schema\/person\/70d96fe17d0da1a9c9e80d232bdbcf33","name":"\u00d2scar Milla","image":{"@type":"ImageObject","inLanguage":"ca","@id":"https:\/\/secure.gravatar.com\/avatar\/92e75d184f9d5e0e403bd4ad075b080ad258344ddc259adddb579f6a3ba6494f?s=96&d=mm&r=g","url":"https:\/\/secure.gravatar.com\/avatar\/92e75d184f9d5e0e403bd4ad075b080ad258344ddc259adddb579f6a3ba6494f?s=96&d=mm&r=g","contentUrl":"https:\/\/secure.gravatar.com\/avatar\/92e75d184f9d5e0e403bd4ad075b080ad258344ddc259adddb579f6a3ba6494f?s=96&d=mm&r=g","caption":"\u00d2scar Milla"},"url":"https:\/\/www.lafarga.com\/corporatiu\/author\/omilla\/"}]}},"uagb_featured_image_src":{"full":["https:\/\/www.lafarga.com\/corporatiu\/wp-content\/uploads\/2021\/05\/InnBrew-Farga.jpg",730,410,false],"thumbnail":["https:\/\/www.lafarga.com\/corporatiu\/wp-content\/uploads\/2021\/05\/InnBrew-Farga-150x150.jpg",150,150,true],"medium":["https:\/\/www.lafarga.com\/corporatiu\/wp-content\/uploads\/2021\/05\/InnBrew-Farga-300x168.jpg",300,168,true],"medium_large":["https:\/\/www.lafarga.com\/corporatiu\/wp-content\/uploads\/2021\/05\/InnBrew-Farga.jpg",730,410,false],"large":["https:\/\/www.lafarga.com\/corporatiu\/wp-content\/uploads\/2021\/05\/InnBrew-Farga.jpg",730,410,false],"1536x1536":["https:\/\/www.lafarga.com\/corporatiu\/wp-content\/uploads\/2021\/05\/InnBrew-Farga.jpg",730,410,false],"2048x2048":["https:\/\/www.lafarga.com\/corporatiu\/wp-content\/uploads\/2021\/05\/InnBrew-Farga.jpg",730,410,false],"mailpoet_newsletter_max":["https:\/\/www.lafarga.com\/corporatiu\/wp-content\/uploads\/2021\/05\/InnBrew-Farga.jpg",730,410,false]},"uagb_author_info":{"display_name":"\u00d2scar Milla","author_link":"https:\/\/www.lafarga.com\/corporatiu\/author\/omilla\/"},"uagb_comment_info":0,"uagb_excerpt":"La Farga Centro de Actividades acoger\u00e1, del 22 al 24 de julio, el InnBrew, The Brewers Convention, evento de car\u00e1cter profesional que organiza Beer Events, impulsor del Barcelona Beer Festival.","_links":{"self":[{"href":"https:\/\/www.lafarga.com\/corporatiu\/wp-json\/wp\/v2\/posts\/15731","targetHints":{"allow":["GET"]}}],"collection":[{"href":"https:\/\/www.lafarga.com\/corporatiu\/wp-json\/wp\/v2\/posts"}],"about":[{"href":"https:\/\/www.lafarga.com\/corporatiu\/wp-json\/wp\/v2\/types\/post"}],"author":[{"embeddable":true,"href":"https:\/\/www.lafarga.com\/corporatiu\/wp-json\/wp\/v2\/users\/5"}],"replies":[{"embeddable":true,"href":"https:\/\/www.lafarga.com\/corporatiu\/wp-json\/wp\/v2\/comments?post=15731"}],"version-history":[{"count":1,"href":"https:\/\/www.lafarga.com\/corporatiu\/wp-json\/wp\/v2\/posts\/15731\/revisions"}],"predecessor-version":[{"id":15732,"href":"https:\/\/www.lafarga.com\/corporatiu\/wp-json\/wp\/v2\/posts\/15731\/revisions\/15732"}],"wp:featuredmedia":[{"embeddable":true,"href":"https:\/\/www.lafarga.com\/corporatiu\/wp-json\/wp\/v2\/media\/15729"}],"wp:attachment":[{"href":"https:\/\/www.lafarga.com\/corporatiu\/wp-json\/wp\/v2\/media?parent=15731"}],"wp:term":[{"taxonomy":"category","embeddable":true,"href":"https:\/\/www.lafarga.com\/corporatiu\/wp-json\/wp\/v2\/categories?post=15731"},{"taxonomy":"post_tag","embeddable":true,"href":"https:\/\/www.lafarga.com\/corporatiu\/wp-json\/wp\/v2\/tags?post=15731"}],"curies":[{"name":"wp","href":"https:\/\/api.w.org\/{rel}","templated":true}]}}