{"id":15715,"date":"2021-05-17T10:36:00","date_gmt":"2021-05-17T10:36:00","guid":{"rendered":"http:\/\/www.lafarga.com\/corporatiu\/?p=15715"},"modified":"2021-05-18T10:46:36","modified_gmt":"2021-05-18T10:46:36","slug":"lh-pide-mas-centros-educativos-portada-del-diario","status":"publish","type":"post","link":"https:\/\/www.lafarga.com\/corporatiu\/lh-pide-mas-centros-educativos-portada-del-diario\/","title":{"rendered":"LH pide m\u00e1s centros educativos, portada del Diario"},"content":{"rendered":"\n<p><strong><em>L&#8217;Hospitalet pide m\u00e1s centros educativos<\/em><\/strong> es el principal tema de portada de Diari de L&#8217;Hospitalet de este mes de mayo. La oferta actual cubre la demanda de plazas escolares, pero algunas zonas est\u00e1n al l\u00edmite en P3 y en la ESO. El Ayuntamiento solicita a la Generalitat dos nuevas escuelas en los distritos II y IV y prev\u00e9 una tercera en el Distrito I. Las matr\u00edculas en los ciclos de formaci\u00f3n profesional han aumentado un 60% en los \u00faltimos 10 a\u00f1os.<\/p>\n\n\n\n<p>Otros temas educativos que recoge el Diari, es el principio de acuerdo para mantener abierto el centro concertado Academia Cultura de la Torrassa.<\/p>\n\n\n\n<p>En esta edici\u00f3n del rotativo tambi\u00e9n encontramos que el Pacto de Ciudad ha iniciado el 60% de sus medidas; el balance de 2020 de la S\u00edndica de L&#8217;Hospitalet; y que acaba el estado de alarma pero siguen las restricciones para garantizar la seguridad mientras avanza la vacunaci\u00f3n.<\/p>\n\n\n\n<p>En cuanto a la entrevista, encontramos la de la portavoz de L&#8217;Hospitalet en Com\u00fa Podem, Ana Mar\u00eda Gonz\u00e1lez.<\/p>\n\n\n\n<p>L&#8217;Hospitalet ha celebrado el 17 de mayo el D\u00eda contra la LGTBI-fobia para reclamar la igualdad de derechos y combatir la violencia y la discriminaci\u00f3n.<\/p>\n\n\n\n<p>En cultura, el Diari informa de la agenda musical con el ciclo Sala L&#8217;H, la semana de Canto Coral y el Memorial Mairena flamenco. Tambi\u00e9n destaca los veinte a\u00f1os de la gu\u00eda de autores y autoras locales y de libros plurales y singulares; y que las Fiestas de Primavera se han celebrado con el aforo lleno, como el de La Farga Centro de Actividades que ha acogido <strong><a href=\"https:\/\/www.lafarga.com\/corporatiu\/el-publico-vibra-en-el-retorno-de-la-musica-en-la-farga\/\" target=\"_blank\" rel=\"noreferrer noopener\">tres conciertos<\/a><\/strong>, con unas 2.900 personas.<\/p>\n\n\n\n<p>En deportes, L&#8217;Hospitalet Atletisme pugna por mantenerse en la Divisi\u00f3n de Honor de las ligas de clubes masculina y femenina.<\/p>\n\n\n\n<h5 class=\"wp-block-heading\">Lengua de signos en TV L&#8217;Hospitalet<\/h5>\n\n\n\n<p>En cuanto a los Medios de Comunicaci\u00f3n, cabe destacar que el resumen de l&#8217;Informatiu de fin de semana de <strong><a href=\"https:\/\/lhdigital.cat\/web\/digital-h\/televisio\/veure-video\/-\/journal_content\/56_INSTANCE_ZrP3\/11023\/15000709\" target=\"_blank\" rel=\"noreferrer noopener\">TV L&#8217;Hospitalet<\/a><\/strong> incorpora, a partir de ahora, la lengua de signos catalana, en colaboraci\u00f3n con la organizaci\u00f3n Inclusivxs.<\/p>\n\n\n\n<p>El Diari de L&#8217;Hospitalet es un medio editado por La Farga Gesti\u00f3n de Equipamientos Municipales y tiene una tirada de 105.000 ejemplares, que llegan a todos los hogares de la ciudad.<\/p>\n\n\n\n<p>Aqu\u00ed puede ver la <strong><a href=\"http:\/\/lhdigital.cat\/diarilh_digital\/367\/index.html\" target=\"_blank\" rel=\"noreferrer noopener\">versi\u00f3n digital<\/a><\/strong> del Diari de L&#8217;Hospitalet.<\/p>\n","protected":false},"excerpt":{"rendered":"<p>L&#8217;Hospitalet pide m\u00e1s centros educativos es el principal tema de portada de Diari de L&#8217;Hospitalet de este mes de mayo.<\/p>\n","protected":false},"author":5,"featured_media":15713,"comment_status":"closed","ping_status":"closed","sticky":false,"template":"","format":"standard","meta":{"inline_featured_image":false,"_uag_custom_page_level_css":"","_monsterinsights_skip_tracking":false,"_monsterinsights_sitenote_active":false,"_monsterinsights_sitenote_note":"","_monsterinsights_sitenote_category":0,"site-sidebar-layout":"default","site-content-layout":"","ast-site-content-layout":"default","site-content-style":"default","site-sidebar-style":"default","ast-global-header-display":"","ast-banner-title-visibility":"","ast-main-header-display":"","ast-hfb-above-header-display":"","ast-hfb-below-header-display":"","ast-hfb-mobile-header-display":"","site-post-title":"","ast-breadcrumbs-content":"","ast-featured-img":"","footer-sml-layout":"","ast-disable-related-posts":"","theme-transparent-header-meta":"","adv-header-id-meta":"","stick-header-meta":"","header-above-stick-meta":"","header-main-stick-meta":"","header-below-stick-meta":"","astra-migrate-meta-layouts":"default","ast-page-background-enabled":"default","ast-page-background-meta":{"desktop":{"background-color":"var(--ast-global-color-4)","background-image":"","background-repeat":"repeat","background-position":"center center","background-size":"auto","background-attachment":"scroll","background-type":"","background-media":"","overlay-type":"","overlay-color":"","overlay-opacity":"","overlay-gradient":""},"tablet":{"background-color":"","background-image":"","background-repeat":"repeat","background-position":"center center","background-size":"auto","background-attachment":"scroll","background-type":"","background-media":"","overlay-type":"","overlay-color":"","overlay-opacity":"","overlay-gradient":""},"mobile":{"background-color":"","background-image":"","background-repeat":"repeat","background-position":"center center","background-size":"auto","background-attachment":"scroll","background-type":"","background-media":"","overlay-type":"","overlay-color":"","overlay-opacity":"","overlay-gradient":""}},"ast-content-background-meta":{"desktop":{"background-color":"var(--ast-global-color-5)","background-image":"","background-repeat":"repeat","background-position":"center center","background-size":"auto","background-attachment":"scroll","background-type":"","background-media":"","overlay-type":"","overlay-color":"","overlay-opacity":"","overlay-gradient":""},"tablet":{"background-color":"var(--ast-global-color-5)","background-image":"","background-repeat":"repeat","background-position":"center center","background-size":"auto","background-attachment":"scroll","background-type":"","background-media":"","overlay-type":"","overlay-color":"","overlay-opacity":"","overlay-gradient":""},"mobile":{"background-color":"var(--ast-global-color-5)","background-image":"","background-repeat":"repeat","background-position":"center center","background-size":"auto","background-attachment":"scroll","background-type":"","background-media":"","overlay-type":"","overlay-color":"","overlay-opacity":"","overlay-gradient":""}},"footnotes":""},"categories":[81],"tags":[],"class_list":["post-15715","post","type-post","status-publish","format-standard","has-post-thumbnail","hentry","category-medios-comunicacion"],"yoast_head":"<!-- This site is optimized with the Yoast SEO plugin v27.4 - https:\/\/yoast.com\/product\/yoast-seo-wordpress\/ -->\n<title>LH pide m\u00e1s centros educativos, portada del Diario - La Farga Gesti\u00f3n de Equipamientos Municipales, S.A.<\/title>\n<meta name=\"description\" content=\"L&#039;Hospitalet pide m\u00e1s centros educativos es el principal tema de portada de Diari de L&#039;Hospitalet correspondiente al mes de mayo.\" \/>\n<meta name=\"robots\" content=\"index, follow, max-snippet:-1, max-image-preview:large, max-video-preview:-1\" \/>\n<link rel=\"canonical\" href=\"https:\/\/www.lafarga.com\/corporatiu\/lh-pide-mas-centros-educativos-portada-del-diario\/\" \/>\n<meta property=\"og:locale\" content=\"ca_ES\" \/>\n<meta property=\"og:type\" content=\"article\" \/>\n<meta property=\"og:title\" content=\"LH pide m\u00e1s centros educativos, portada del Diario - La Farga Gesti\u00f3n de Equipamientos Municipales, S.A.\" \/>\n<meta property=\"og:description\" content=\"L&#039;Hospitalet pide m\u00e1s centros educativos es el principal tema de portada de Diari de L&#039;Hospitalet correspondiente al mes de mayo.\" \/>\n<meta property=\"og:url\" content=\"https:\/\/www.lafarga.com\/corporatiu\/lh-pide-mas-centros-educativos-portada-del-diario\/\" \/>\n<meta property=\"og:site_name\" content=\"La Farga Gesti\u00f3n de Equipamientos Municipales, S.A.\" \/>\n<meta property=\"article:published_time\" content=\"2021-05-17T10:36:00+00:00\" \/>\n<meta property=\"article:modified_time\" content=\"2021-05-18T10:46:36+00:00\" \/>\n<meta property=\"og:image\" content=\"https:\/\/www.lafarga.com\/corporatiu\/wp-content\/uploads\/2021\/05\/Diari-LH-Maig21.png\" \/>\n\t<meta property=\"og:image:width\" content=\"730\" \/>\n\t<meta property=\"og:image:height\" content=\"410\" \/>\n\t<meta property=\"og:image:type\" content=\"image\/png\" \/>\n<meta name=\"author\" content=\"\u00d2scar Milla\" \/>\n<meta name=\"twitter:label1\" content=\"Escrit per\" \/>\n\t<meta name=\"twitter:data1\" content=\"\u00d2scar Milla\" \/>\n\t<meta name=\"twitter:label2\" content=\"Temps estimat de lectura\" \/>\n\t<meta name=\"twitter:data2\" content=\"2 minuts\" \/>\n<script type=\"application\/ld+json\" class=\"yoast-schema-graph\">{\"@context\":\"https:\\\/\\\/schema.org\",\"@graph\":[{\"@type\":\"Article\",\"@id\":\"https:\\\/\\\/www.lafarga.com\\\/corporatiu\\\/lh-pide-mas-centros-educativos-portada-del-diario\\\/#article\",\"isPartOf\":{\"@id\":\"https:\\\/\\\/www.lafarga.com\\\/corporatiu\\\/lh-pide-mas-centros-educativos-portada-del-diario\\\/\"},\"author\":{\"name\":\"\u00d2scar Milla\",\"@id\":\"https:\\\/\\\/www.lafarga.com\\\/corporatiu\\\/#\\\/schema\\\/person\\\/70d96fe17d0da1a9c9e80d232bdbcf33\"},\"headline\":\"LH pide m\u00e1s centros educativos, portada del Diario\",\"datePublished\":\"2021-05-17T10:36:00+00:00\",\"dateModified\":\"2021-05-18T10:46:36+00:00\",\"mainEntityOfPage\":{\"@id\":\"https:\\\/\\\/www.lafarga.com\\\/corporatiu\\\/lh-pide-mas-centros-educativos-portada-del-diario\\\/\"},\"wordCount\":408,\"publisher\":{\"@id\":\"https:\\\/\\\/www.lafarga.com\\\/corporatiu\\\/#organization\"},\"image\":{\"@id\":\"https:\\\/\\\/www.lafarga.com\\\/corporatiu\\\/lh-pide-mas-centros-educativos-portada-del-diario\\\/#primaryimage\"},\"thumbnailUrl\":\"https:\\\/\\\/www.lafarga.com\\\/corporatiu\\\/wp-content\\\/uploads\\\/2021\\\/05\\\/Diari-LH-Maig21.png\",\"articleSection\":[\"Medios de Comunicaci\u00f3n\"],\"inLanguage\":\"ca\"},{\"@type\":\"WebPage\",\"@id\":\"https:\\\/\\\/www.lafarga.com\\\/corporatiu\\\/lh-pide-mas-centros-educativos-portada-del-diario\\\/\",\"url\":\"https:\\\/\\\/www.lafarga.com\\\/corporatiu\\\/lh-pide-mas-centros-educativos-portada-del-diario\\\/\",\"name\":\"LH pide m\u00e1s centros educativos, portada del Diario - La Farga Gesti\u00f3n de Equipamientos Municipales, S.A.\",\"isPartOf\":{\"@id\":\"https:\\\/\\\/www.lafarga.com\\\/corporatiu\\\/#website\"},\"primaryImageOfPage\":{\"@id\":\"https:\\\/\\\/www.lafarga.com\\\/corporatiu\\\/lh-pide-mas-centros-educativos-portada-del-diario\\\/#primaryimage\"},\"image\":{\"@id\":\"https:\\\/\\\/www.lafarga.com\\\/corporatiu\\\/lh-pide-mas-centros-educativos-portada-del-diario\\\/#primaryimage\"},\"thumbnailUrl\":\"https:\\\/\\\/www.lafarga.com\\\/corporatiu\\\/wp-content\\\/uploads\\\/2021\\\/05\\\/Diari-LH-Maig21.png\",\"datePublished\":\"2021-05-17T10:36:00+00:00\",\"dateModified\":\"2021-05-18T10:46:36+00:00\",\"description\":\"L'Hospitalet pide m\u00e1s centros educativos es el principal tema de portada de Diari de L'Hospitalet correspondiente al mes de mayo.\",\"breadcrumb\":{\"@id\":\"https:\\\/\\\/www.lafarga.com\\\/corporatiu\\\/lh-pide-mas-centros-educativos-portada-del-diario\\\/#breadcrumb\"},\"inLanguage\":\"ca\",\"potentialAction\":[{\"@type\":\"ReadAction\",\"target\":[\"https:\\\/\\\/www.lafarga.com\\\/corporatiu\\\/lh-pide-mas-centros-educativos-portada-del-diario\\\/\"]}]},{\"@type\":\"ImageObject\",\"inLanguage\":\"ca\",\"@id\":\"https:\\\/\\\/www.lafarga.com\\\/corporatiu\\\/lh-pide-mas-centros-educativos-portada-del-diario\\\/#primaryimage\",\"url\":\"https:\\\/\\\/www.lafarga.com\\\/corporatiu\\\/wp-content\\\/uploads\\\/2021\\\/05\\\/Diari-LH-Maig21.png\",\"contentUrl\":\"https:\\\/\\\/www.lafarga.com\\\/corporatiu\\\/wp-content\\\/uploads\\\/2021\\\/05\\\/Diari-LH-Maig21.png\",\"width\":730,\"height\":410,\"caption\":\"Educatius Educativos\"},{\"@type\":\"BreadcrumbList\",\"@id\":\"https:\\\/\\\/www.lafarga.com\\\/corporatiu\\\/lh-pide-mas-centros-educativos-portada-del-diario\\\/#breadcrumb\",\"itemListElement\":[{\"@type\":\"ListItem\",\"position\":1,\"name\":\"Home\",\"item\":\"https:\\\/\\\/www.lafarga.com\\\/corporatiu\\\/lafarga-hospitalet-llobregat\\\/\"},{\"@type\":\"ListItem\",\"position\":2,\"name\":\"LH pide m\u00e1s centros educativos, portada del Diario\"}]},{\"@type\":\"WebSite\",\"@id\":\"https:\\\/\\\/www.lafarga.com\\\/corporatiu\\\/#website\",\"url\":\"https:\\\/\\\/www.lafarga.com\\\/corporatiu\\\/\",\"name\":\"La Farga Gesti\u00f3 d&#039;Equipaments Municipals, SA\",\"description\":\"\",\"publisher\":{\"@id\":\"https:\\\/\\\/www.lafarga.com\\\/corporatiu\\\/#organization\"},\"potentialAction\":[{\"@type\":\"SearchAction\",\"target\":{\"@type\":\"EntryPoint\",\"urlTemplate\":\"https:\\\/\\\/www.lafarga.com\\\/corporatiu\\\/?s={search_term_string}\"},\"query-input\":{\"@type\":\"PropertyValueSpecification\",\"valueRequired\":true,\"valueName\":\"search_term_string\"}}],\"inLanguage\":\"ca\"},{\"@type\":\"Organization\",\"@id\":\"https:\\\/\\\/www.lafarga.com\\\/corporatiu\\\/#organization\",\"name\":\"La Farga Gesti\u00f3 d&#039;Equipaments Municipals, SA\",\"url\":\"https:\\\/\\\/www.lafarga.com\\\/corporatiu\\\/\",\"logo\":{\"@type\":\"ImageObject\",\"inLanguage\":\"ca\",\"@id\":\"https:\\\/\\\/www.lafarga.com\\\/corporatiu\\\/#\\\/schema\\\/logo\\\/image\\\/\",\"url\":\"https:\\\/\\\/www.lafarga.com\\\/corporatiu\\\/wp-content\\\/uploads\\\/2023\\\/11\\\/logotipo_lafarga_gemsa.svg\",\"contentUrl\":\"https:\\\/\\\/www.lafarga.com\\\/corporatiu\\\/wp-content\\\/uploads\\\/2023\\\/11\\\/logotipo_lafarga_gemsa.svg\",\"width\":102,\"height\":103,\"caption\":\"La Farga Gesti\u00f3 d&#039;Equipaments Municipals, SA\"},\"image\":{\"@id\":\"https:\\\/\\\/www.lafarga.com\\\/corporatiu\\\/#\\\/schema\\\/logo\\\/image\\\/\"}},{\"@type\":\"Person\",\"@id\":\"https:\\\/\\\/www.lafarga.com\\\/corporatiu\\\/#\\\/schema\\\/person\\\/70d96fe17d0da1a9c9e80d232bdbcf33\",\"name\":\"\u00d2scar Milla\",\"image\":{\"@type\":\"ImageObject\",\"inLanguage\":\"ca\",\"@id\":\"https:\\\/\\\/secure.gravatar.com\\\/avatar\\\/92e75d184f9d5e0e403bd4ad075b080ad258344ddc259adddb579f6a3ba6494f?s=96&d=mm&r=g\",\"url\":\"https:\\\/\\\/secure.gravatar.com\\\/avatar\\\/92e75d184f9d5e0e403bd4ad075b080ad258344ddc259adddb579f6a3ba6494f?s=96&d=mm&r=g\",\"contentUrl\":\"https:\\\/\\\/secure.gravatar.com\\\/avatar\\\/92e75d184f9d5e0e403bd4ad075b080ad258344ddc259adddb579f6a3ba6494f?s=96&d=mm&r=g\",\"caption\":\"\u00d2scar Milla\"},\"url\":\"https:\\\/\\\/www.lafarga.com\\\/corporatiu\\\/author\\\/omilla\\\/\"}]}<\/script>\n<!-- \/ Yoast SEO plugin. -->","yoast_head_json":{"title":"LH pide m\u00e1s centros educativos, portada del Diario - La Farga Gesti\u00f3n de Equipamientos Municipales, S.A.","description":"L'Hospitalet pide m\u00e1s centros educativos es el principal tema de portada de Diari de L'Hospitalet correspondiente al mes de mayo.","robots":{"index":"index","follow":"follow","max-snippet":"max-snippet:-1","max-image-preview":"max-image-preview:large","max-video-preview":"max-video-preview:-1"},"canonical":"https:\/\/www.lafarga.com\/corporatiu\/lh-pide-mas-centros-educativos-portada-del-diario\/","og_locale":"ca_ES","og_type":"article","og_title":"LH pide m\u00e1s centros educativos, portada del Diario - La Farga Gesti\u00f3n de Equipamientos Municipales, S.A.","og_description":"L'Hospitalet pide m\u00e1s centros educativos es el principal tema de portada de Diari de L'Hospitalet correspondiente al mes de mayo.","og_url":"https:\/\/www.lafarga.com\/corporatiu\/lh-pide-mas-centros-educativos-portada-del-diario\/","og_site_name":"La Farga Gesti\u00f3n de Equipamientos Municipales, S.A.","article_published_time":"2021-05-17T10:36:00+00:00","article_modified_time":"2021-05-18T10:46:36+00:00","og_image":[{"width":730,"height":410,"url":"https:\/\/www.lafarga.com\/corporatiu\/wp-content\/uploads\/2021\/05\/Diari-LH-Maig21.png","type":"image\/png"}],"author":"\u00d2scar Milla","twitter_misc":{"Escrit per":"\u00d2scar Milla","Temps estimat de lectura":"2 minuts"},"schema":{"@context":"https:\/\/schema.org","@graph":[{"@type":"Article","@id":"https:\/\/www.lafarga.com\/corporatiu\/lh-pide-mas-centros-educativos-portada-del-diario\/#article","isPartOf":{"@id":"https:\/\/www.lafarga.com\/corporatiu\/lh-pide-mas-centros-educativos-portada-del-diario\/"},"author":{"name":"\u00d2scar Milla","@id":"https:\/\/www.lafarga.com\/corporatiu\/#\/schema\/person\/70d96fe17d0da1a9c9e80d232bdbcf33"},"headline":"LH pide m\u00e1s centros educativos, portada del Diario","datePublished":"2021-05-17T10:36:00+00:00","dateModified":"2021-05-18T10:46:36+00:00","mainEntityOfPage":{"@id":"https:\/\/www.lafarga.com\/corporatiu\/lh-pide-mas-centros-educativos-portada-del-diario\/"},"wordCount":408,"publisher":{"@id":"https:\/\/www.lafarga.com\/corporatiu\/#organization"},"image":{"@id":"https:\/\/www.lafarga.com\/corporatiu\/lh-pide-mas-centros-educativos-portada-del-diario\/#primaryimage"},"thumbnailUrl":"https:\/\/www.lafarga.com\/corporatiu\/wp-content\/uploads\/2021\/05\/Diari-LH-Maig21.png","articleSection":["Medios de Comunicaci\u00f3n"],"inLanguage":"ca"},{"@type":"WebPage","@id":"https:\/\/www.lafarga.com\/corporatiu\/lh-pide-mas-centros-educativos-portada-del-diario\/","url":"https:\/\/www.lafarga.com\/corporatiu\/lh-pide-mas-centros-educativos-portada-del-diario\/","name":"LH pide m\u00e1s centros educativos, portada del Diario - La Farga Gesti\u00f3n de Equipamientos Municipales, S.A.","isPartOf":{"@id":"https:\/\/www.lafarga.com\/corporatiu\/#website"},"primaryImageOfPage":{"@id":"https:\/\/www.lafarga.com\/corporatiu\/lh-pide-mas-centros-educativos-portada-del-diario\/#primaryimage"},"image":{"@id":"https:\/\/www.lafarga.com\/corporatiu\/lh-pide-mas-centros-educativos-portada-del-diario\/#primaryimage"},"thumbnailUrl":"https:\/\/www.lafarga.com\/corporatiu\/wp-content\/uploads\/2021\/05\/Diari-LH-Maig21.png","datePublished":"2021-05-17T10:36:00+00:00","dateModified":"2021-05-18T10:46:36+00:00","description":"L'Hospitalet pide m\u00e1s centros educativos es el principal tema de portada de Diari de L'Hospitalet correspondiente al mes de mayo.","breadcrumb":{"@id":"https:\/\/www.lafarga.com\/corporatiu\/lh-pide-mas-centros-educativos-portada-del-diario\/#breadcrumb"},"inLanguage":"ca","potentialAction":[{"@type":"ReadAction","target":["https:\/\/www.lafarga.com\/corporatiu\/lh-pide-mas-centros-educativos-portada-del-diario\/"]}]},{"@type":"ImageObject","inLanguage":"ca","@id":"https:\/\/www.lafarga.com\/corporatiu\/lh-pide-mas-centros-educativos-portada-del-diario\/#primaryimage","url":"https:\/\/www.lafarga.com\/corporatiu\/wp-content\/uploads\/2021\/05\/Diari-LH-Maig21.png","contentUrl":"https:\/\/www.lafarga.com\/corporatiu\/wp-content\/uploads\/2021\/05\/Diari-LH-Maig21.png","width":730,"height":410,"caption":"Educatius Educativos"},{"@type":"BreadcrumbList","@id":"https:\/\/www.lafarga.com\/corporatiu\/lh-pide-mas-centros-educativos-portada-del-diario\/#breadcrumb","itemListElement":[{"@type":"ListItem","position":1,"name":"Home","item":"https:\/\/www.lafarga.com\/corporatiu\/lafarga-hospitalet-llobregat\/"},{"@type":"ListItem","position":2,"name":"LH pide m\u00e1s centros educativos, portada del Diario"}]},{"@type":"WebSite","@id":"https:\/\/www.lafarga.com\/corporatiu\/#website","url":"https:\/\/www.lafarga.com\/corporatiu\/","name":"La Farga Gesti\u00f3 d&#039;Equipaments Municipals, SA","description":"","publisher":{"@id":"https:\/\/www.lafarga.com\/corporatiu\/#organization"},"potentialAction":[{"@type":"SearchAction","target":{"@type":"EntryPoint","urlTemplate":"https:\/\/www.lafarga.com\/corporatiu\/?s={search_term_string}"},"query-input":{"@type":"PropertyValueSpecification","valueRequired":true,"valueName":"search_term_string"}}],"inLanguage":"ca"},{"@type":"Organization","@id":"https:\/\/www.lafarga.com\/corporatiu\/#organization","name":"La Farga Gesti\u00f3 d&#039;Equipaments Municipals, SA","url":"https:\/\/www.lafarga.com\/corporatiu\/","logo":{"@type":"ImageObject","inLanguage":"ca","@id":"https:\/\/www.lafarga.com\/corporatiu\/#\/schema\/logo\/image\/","url":"https:\/\/www.lafarga.com\/corporatiu\/wp-content\/uploads\/2023\/11\/logotipo_lafarga_gemsa.svg","contentUrl":"https:\/\/www.lafarga.com\/corporatiu\/wp-content\/uploads\/2023\/11\/logotipo_lafarga_gemsa.svg","width":102,"height":103,"caption":"La Farga Gesti\u00f3 d&#039;Equipaments Municipals, SA"},"image":{"@id":"https:\/\/www.lafarga.com\/corporatiu\/#\/schema\/logo\/image\/"}},{"@type":"Person","@id":"https:\/\/www.lafarga.com\/corporatiu\/#\/schema\/person\/70d96fe17d0da1a9c9e80d232bdbcf33","name":"\u00d2scar Milla","image":{"@type":"ImageObject","inLanguage":"ca","@id":"https:\/\/secure.gravatar.com\/avatar\/92e75d184f9d5e0e403bd4ad075b080ad258344ddc259adddb579f6a3ba6494f?s=96&d=mm&r=g","url":"https:\/\/secure.gravatar.com\/avatar\/92e75d184f9d5e0e403bd4ad075b080ad258344ddc259adddb579f6a3ba6494f?s=96&d=mm&r=g","contentUrl":"https:\/\/secure.gravatar.com\/avatar\/92e75d184f9d5e0e403bd4ad075b080ad258344ddc259adddb579f6a3ba6494f?s=96&d=mm&r=g","caption":"\u00d2scar Milla"},"url":"https:\/\/www.lafarga.com\/corporatiu\/author\/omilla\/"}]}},"uagb_featured_image_src":{"full":["https:\/\/www.lafarga.com\/corporatiu\/wp-content\/uploads\/2021\/05\/Diari-LH-Maig21.png",730,410,false],"thumbnail":["https:\/\/www.lafarga.com\/corporatiu\/wp-content\/uploads\/2021\/05\/Diari-LH-Maig21-150x150.png",150,150,true],"medium":["https:\/\/www.lafarga.com\/corporatiu\/wp-content\/uploads\/2021\/05\/Diari-LH-Maig21-300x168.png",300,168,true],"medium_large":["https:\/\/www.lafarga.com\/corporatiu\/wp-content\/uploads\/2021\/05\/Diari-LH-Maig21.png",730,410,false],"large":["https:\/\/www.lafarga.com\/corporatiu\/wp-content\/uploads\/2021\/05\/Diari-LH-Maig21.png",730,410,false],"1536x1536":["https:\/\/www.lafarga.com\/corporatiu\/wp-content\/uploads\/2021\/05\/Diari-LH-Maig21.png",730,410,false],"2048x2048":["https:\/\/www.lafarga.com\/corporatiu\/wp-content\/uploads\/2021\/05\/Diari-LH-Maig21.png",730,410,false],"mailpoet_newsletter_max":["https:\/\/www.lafarga.com\/corporatiu\/wp-content\/uploads\/2021\/05\/Diari-LH-Maig21.png",730,410,false]},"uagb_author_info":{"display_name":"\u00d2scar Milla","author_link":"https:\/\/www.lafarga.com\/corporatiu\/author\/omilla\/"},"uagb_comment_info":0,"uagb_excerpt":"L'Hospitalet pide m\u00e1s centros educativos es el principal tema de portada de Diari de L'Hospitalet de este mes de mayo.","_links":{"self":[{"href":"https:\/\/www.lafarga.com\/corporatiu\/wp-json\/wp\/v2\/posts\/15715","targetHints":{"allow":["GET"]}}],"collection":[{"href":"https:\/\/www.lafarga.com\/corporatiu\/wp-json\/wp\/v2\/posts"}],"about":[{"href":"https:\/\/www.lafarga.com\/corporatiu\/wp-json\/wp\/v2\/types\/post"}],"author":[{"embeddable":true,"href":"https:\/\/www.lafarga.com\/corporatiu\/wp-json\/wp\/v2\/users\/5"}],"replies":[{"embeddable":true,"href":"https:\/\/www.lafarga.com\/corporatiu\/wp-json\/wp\/v2\/comments?post=15715"}],"version-history":[{"count":1,"href":"https:\/\/www.lafarga.com\/corporatiu\/wp-json\/wp\/v2\/posts\/15715\/revisions"}],"predecessor-version":[{"id":15716,"href":"https:\/\/www.lafarga.com\/corporatiu\/wp-json\/wp\/v2\/posts\/15715\/revisions\/15716"}],"wp:featuredmedia":[{"embeddable":true,"href":"https:\/\/www.lafarga.com\/corporatiu\/wp-json\/wp\/v2\/media\/15713"}],"wp:attachment":[{"href":"https:\/\/www.lafarga.com\/corporatiu\/wp-json\/wp\/v2\/media?parent=15715"}],"wp:term":[{"taxonomy":"category","embeddable":true,"href":"https:\/\/www.lafarga.com\/corporatiu\/wp-json\/wp\/v2\/categories?post=15715"},{"taxonomy":"post_tag","embeddable":true,"href":"https:\/\/www.lafarga.com\/corporatiu\/wp-json\/wp\/v2\/tags?post=15715"}],"curies":[{"name":"wp","href":"https:\/\/api.w.org\/{rel}","templated":true}]}}