{"id":15712,"date":"2021-05-17T10:35:00","date_gmt":"2021-05-17T10:35:00","guid":{"rendered":"http:\/\/www.lafarga.com\/corporatiu\/?p=15712"},"modified":"2021-05-18T10:50:25","modified_gmt":"2021-05-18T10:50:25","slug":"lh-demana-mes-centres-educatius-portada-del-diari","status":"publish","type":"post","link":"https:\/\/www.lafarga.com\/corporatiu\/lh-demana-mes-centres-educatius-portada-del-diari\/","title":{"rendered":"L&#8217;H demana m\u00e9s centres educatius, portada del Diari"},"content":{"rendered":"\n<p><em><strong>L\u2019Hospitalet demana m\u00e9s centres educatius<\/strong><\/em> \u00e9s el principal tema de portada de Diari de L\u2019Hospitalet d\u2019aquest mes de maig. L\u2019oferta actual cobreix la demanda de places escolars, per\u00f2 algunes zones estan al l\u00edmit a P3 i a l\u2019ESO. L\u2019Ajuntament sol\u00b7licita a la Generalitat dues noves escoles als districtes II i IV i en preveu una tercera al Districte I. Les matr\u00edcules als cicles de formaci\u00f3 professional han augmentat un 60% els darrers 10 anys.<\/p>\n\n\n\n<p>Altres temes educatius que recull el Diari, \u00e9s el principi d\u2019acord per mantenir obert el centre concertat Acad\u00e8mia Cultura de la Torrassa.<\/p>\n\n\n\n<p>En aquesta edici\u00f3 del rotatiu tamb\u00e9 trobem que el Pacte de Ciutat ha iniciat el 60% de les seves mesures; el balan\u00e7 de 2020 de la Sindicatura de Greuges de L\u2019Hospitalet; i que acaba l\u2019estat d\u2019alarma per\u00f2 segueixen les restriccions per garantir la seguretat mentre avan\u00e7a la vacunaci\u00f3. &nbsp;<\/p>\n\n\n\n<p>Pel que fa l\u2019entrevista, trobem la de la portaveu de L\u2019Hospitalet en Com\u00fa Podem, Ana Mar\u00eda Gonz\u00e1lez.<\/p>\n\n\n\n<p>L\u2019Hospitalet ha celebrat el 17 maig el Dia contra l\u2019LGTBI-f\u00f2bia per reclamar la igualat de drets i combatre la viol\u00e8ncia i la discriminaci\u00f3.<\/p>\n\n\n\n<p>En cultura, el diari informa de l\u2019agenda musical amb el cicle Sala L\u2019H, la setmana de Cant Coral i el Memorial Mairena de flamenc. Tamb\u00e9 destaca els vint anys de la guia d\u2019autors i autores locals i de llibres plurals i singulars; i que les Festes de Primavera s\u2019han celebrat amb l\u2019aforament ple, com el de La Farga Centre d\u2019Activitats que ha acollit <strong><a href=\"https:\/\/www.lafarga.com\/corporatiu\/el-public-vibra-en-el-retorn-de-la-musica-a-la-farga\/\" target=\"_blank\" rel=\"noreferrer noopener\">tres concerts,<\/a><\/strong> amb unes 2.900 persones.<\/p>\n\n\n\n<p>En esports, L\u2019Hospitalet Atletisme pugna per mantenir-se a la Divisi\u00f3 d\u2019Honor de les lligues de clubs masculina i femenina.<\/p>\n\n\n\n<h5 class=\"wp-block-heading\">Llengua de signes a TV L&#8217;Hospitalet<\/h5>\n\n\n\n<p>Pel que fa als Mitjans de Comunicaci\u00f3, cal destacar que el resum de l\u2019Informatiu de cap de setmana de <strong><a href=\"https:\/\/lhdigital.cat\/web\/digital-h\/televisio\/veure-video\/-\/journal_content\/56_INSTANCE_ZrP3\/11023\/15000709\" target=\"_blank\" rel=\"noreferrer noopener\">TV L\u2019Hospitalet<\/a><\/strong> incorpora, a partir d\u2019ara, la llengua de signes catalana, en col\u00b7laboraci\u00f3 amb l\u2019organitzaci\u00f3 Inclusivxs.<\/p>\n\n\n\n<p>El Diari de L\u2019Hospitalet \u00e9s un mitj\u00e0 editat per La Farga Gesti\u00f3 d\u2019Equipaments Municipals i t\u00e9 una tirada de 105.000 exemplars, que arriben a totes les llars de la ciutat.<\/p>\n\n\n\n<p>Aqu\u00ed podeu veure la <strong><a href=\"http:\/\/lhdigital.cat\/diarilh_digital\/367\/index.html\" target=\"_blank\" rel=\"noreferrer noopener\">versi\u00f3 digital<\/a><\/strong> del Diari de L\u2019Hospitalet.<\/p>\n","protected":false},"excerpt":{"rendered":"<p>L\u2019Hospitalet demana m\u00e9s centres educatius \u00e9s el principal tema de portada de Diari de L\u2019Hospitalet d\u2019aquest mes de maig.<\/p>\n","protected":false},"author":5,"featured_media":15713,"comment_status":"closed","ping_status":"closed","sticky":false,"template":"","format":"standard","meta":{"inline_featured_image":false,"_uag_custom_page_level_css":"","_monsterinsights_skip_tracking":false,"_monsterinsights_sitenote_active":false,"_monsterinsights_sitenote_note":"","_monsterinsights_sitenote_category":0,"site-sidebar-layout":"default","site-content-layout":"","ast-site-content-layout":"default","site-content-style":"default","site-sidebar-style":"default","ast-global-header-display":"","ast-banner-title-visibility":"","ast-main-header-display":"","ast-hfb-above-header-display":"","ast-hfb-below-header-display":"","ast-hfb-mobile-header-display":"","site-post-title":"","ast-breadcrumbs-content":"","ast-featured-img":"","footer-sml-layout":"","ast-disable-related-posts":"","theme-transparent-header-meta":"","adv-header-id-meta":"","stick-header-meta":"","header-above-stick-meta":"","header-main-stick-meta":"","header-below-stick-meta":"","astra-migrate-meta-layouts":"default","ast-page-background-enabled":"default","ast-page-background-meta":{"desktop":{"background-color":"var(--ast-global-color-4)","background-image":"","background-repeat":"repeat","background-position":"center center","background-size":"auto","background-attachment":"scroll","background-type":"","background-media":"","overlay-type":"","overlay-color":"","overlay-opacity":"","overlay-gradient":""},"tablet":{"background-color":"","background-image":"","background-repeat":"repeat","background-position":"center center","background-size":"auto","background-attachment":"scroll","background-type":"","background-media":"","overlay-type":"","overlay-color":"","overlay-opacity":"","overlay-gradient":""},"mobile":{"background-color":"","background-image":"","background-repeat":"repeat","background-position":"center center","background-size":"auto","background-attachment":"scroll","background-type":"","background-media":"","overlay-type":"","overlay-color":"","overlay-opacity":"","overlay-gradient":""}},"ast-content-background-meta":{"desktop":{"background-color":"var(--ast-global-color-5)","background-image":"","background-repeat":"repeat","background-position":"center center","background-size":"auto","background-attachment":"scroll","background-type":"","background-media":"","overlay-type":"","overlay-color":"","overlay-opacity":"","overlay-gradient":""},"tablet":{"background-color":"var(--ast-global-color-5)","background-image":"","background-repeat":"repeat","background-position":"center center","background-size":"auto","background-attachment":"scroll","background-type":"","background-media":"","overlay-type":"","overlay-color":"","overlay-opacity":"","overlay-gradient":""},"mobile":{"background-color":"var(--ast-global-color-5)","background-image":"","background-repeat":"repeat","background-position":"center center","background-size":"auto","background-attachment":"scroll","background-type":"","background-media":"","overlay-type":"","overlay-color":"","overlay-opacity":"","overlay-gradient":""}},"footnotes":""},"categories":[51],"tags":[],"class_list":["post-15712","post","type-post","status-publish","format-standard","has-post-thumbnail","hentry","category-mitjans-comunicacio"],"yoast_head":"<!-- This site is optimized with the Yoast SEO plugin v27.4 - https:\/\/yoast.com\/product\/yoast-seo-wordpress\/ -->\n<title>L&#039;H demana m\u00e9s centres educatius, portada del Diari - La Farga Gesti\u00f3n de Equipamientos Municipales, S.A.<\/title>\n<meta name=\"description\" content=\"L\u2019Hospitalet demana m\u00e9s centres educatius \u00e9s el principal tema de portada de Diari de L\u2019Hospitalet d\u2019aquest mes de maig.\" \/>\n<meta name=\"robots\" content=\"index, follow, max-snippet:-1, max-image-preview:large, max-video-preview:-1\" \/>\n<link rel=\"canonical\" href=\"https:\/\/www.lafarga.com\/corporatiu\/lh-demana-mes-centres-educatius-portada-del-diari\/\" \/>\n<meta property=\"og:locale\" content=\"ca_ES\" \/>\n<meta property=\"og:type\" content=\"article\" \/>\n<meta property=\"og:title\" content=\"L&#039;H demana m\u00e9s centres educatius, portada del Diari - La Farga Gesti\u00f3n de Equipamientos Municipales, S.A.\" \/>\n<meta property=\"og:description\" content=\"L\u2019Hospitalet demana m\u00e9s centres educatius \u00e9s el principal tema de portada de Diari de L\u2019Hospitalet d\u2019aquest mes de maig.\" \/>\n<meta property=\"og:url\" content=\"https:\/\/www.lafarga.com\/corporatiu\/lh-demana-mes-centres-educatius-portada-del-diari\/\" \/>\n<meta property=\"og:site_name\" content=\"La Farga Gesti\u00f3n de Equipamientos Municipales, S.A.\" \/>\n<meta property=\"article:published_time\" content=\"2021-05-17T10:35:00+00:00\" \/>\n<meta property=\"article:modified_time\" content=\"2021-05-18T10:50:25+00:00\" \/>\n<meta property=\"og:image\" content=\"https:\/\/www.lafarga.com\/corporatiu\/wp-content\/uploads\/2021\/05\/Diari-LH-Maig21.png\" \/>\n\t<meta property=\"og:image:width\" content=\"730\" \/>\n\t<meta property=\"og:image:height\" content=\"410\" \/>\n\t<meta property=\"og:image:type\" content=\"image\/png\" \/>\n<meta name=\"author\" content=\"\u00d2scar Milla\" \/>\n<meta name=\"twitter:label1\" content=\"Escrit per\" \/>\n\t<meta name=\"twitter:data1\" content=\"\u00d2scar Milla\" \/>\n\t<meta name=\"twitter:label2\" content=\"Temps estimat de lectura\" \/>\n\t<meta name=\"twitter:data2\" content=\"2 minuts\" \/>\n<script type=\"application\/ld+json\" class=\"yoast-schema-graph\">{\"@context\":\"https:\\\/\\\/schema.org\",\"@graph\":[{\"@type\":\"Article\",\"@id\":\"https:\\\/\\\/www.lafarga.com\\\/corporatiu\\\/lh-demana-mes-centres-educatius-portada-del-diari\\\/#article\",\"isPartOf\":{\"@id\":\"https:\\\/\\\/www.lafarga.com\\\/corporatiu\\\/lh-demana-mes-centres-educatius-portada-del-diari\\\/\"},\"author\":{\"name\":\"\u00d2scar Milla\",\"@id\":\"https:\\\/\\\/www.lafarga.com\\\/corporatiu\\\/#\\\/schema\\\/person\\\/70d96fe17d0da1a9c9e80d232bdbcf33\"},\"headline\":\"L&#8217;H demana m\u00e9s centres educatius, portada del Diari\",\"datePublished\":\"2021-05-17T10:35:00+00:00\",\"dateModified\":\"2021-05-18T10:50:25+00:00\",\"mainEntityOfPage\":{\"@id\":\"https:\\\/\\\/www.lafarga.com\\\/corporatiu\\\/lh-demana-mes-centres-educatius-portada-del-diari\\\/\"},\"wordCount\":398,\"publisher\":{\"@id\":\"https:\\\/\\\/www.lafarga.com\\\/corporatiu\\\/#organization\"},\"image\":{\"@id\":\"https:\\\/\\\/www.lafarga.com\\\/corporatiu\\\/lh-demana-mes-centres-educatius-portada-del-diari\\\/#primaryimage\"},\"thumbnailUrl\":\"https:\\\/\\\/www.lafarga.com\\\/corporatiu\\\/wp-content\\\/uploads\\\/2021\\\/05\\\/Diari-LH-Maig21.png\",\"articleSection\":[\"Mitjans de Comunicaci\u00f3\"],\"inLanguage\":\"ca\"},{\"@type\":\"WebPage\",\"@id\":\"https:\\\/\\\/www.lafarga.com\\\/corporatiu\\\/lh-demana-mes-centres-educatius-portada-del-diari\\\/\",\"url\":\"https:\\\/\\\/www.lafarga.com\\\/corporatiu\\\/lh-demana-mes-centres-educatius-portada-del-diari\\\/\",\"name\":\"L'H demana m\u00e9s centres educatius, portada del Diari - La Farga Gesti\u00f3n de Equipamientos Municipales, S.A.\",\"isPartOf\":{\"@id\":\"https:\\\/\\\/www.lafarga.com\\\/corporatiu\\\/#website\"},\"primaryImageOfPage\":{\"@id\":\"https:\\\/\\\/www.lafarga.com\\\/corporatiu\\\/lh-demana-mes-centres-educatius-portada-del-diari\\\/#primaryimage\"},\"image\":{\"@id\":\"https:\\\/\\\/www.lafarga.com\\\/corporatiu\\\/lh-demana-mes-centres-educatius-portada-del-diari\\\/#primaryimage\"},\"thumbnailUrl\":\"https:\\\/\\\/www.lafarga.com\\\/corporatiu\\\/wp-content\\\/uploads\\\/2021\\\/05\\\/Diari-LH-Maig21.png\",\"datePublished\":\"2021-05-17T10:35:00+00:00\",\"dateModified\":\"2021-05-18T10:50:25+00:00\",\"description\":\"L\u2019Hospitalet demana m\u00e9s centres educatius \u00e9s el principal tema de portada de Diari de L\u2019Hospitalet d\u2019aquest mes de maig.\",\"breadcrumb\":{\"@id\":\"https:\\\/\\\/www.lafarga.com\\\/corporatiu\\\/lh-demana-mes-centres-educatius-portada-del-diari\\\/#breadcrumb\"},\"inLanguage\":\"ca\",\"potentialAction\":[{\"@type\":\"ReadAction\",\"target\":[\"https:\\\/\\\/www.lafarga.com\\\/corporatiu\\\/lh-demana-mes-centres-educatius-portada-del-diari\\\/\"]}]},{\"@type\":\"ImageObject\",\"inLanguage\":\"ca\",\"@id\":\"https:\\\/\\\/www.lafarga.com\\\/corporatiu\\\/lh-demana-mes-centres-educatius-portada-del-diari\\\/#primaryimage\",\"url\":\"https:\\\/\\\/www.lafarga.com\\\/corporatiu\\\/wp-content\\\/uploads\\\/2021\\\/05\\\/Diari-LH-Maig21.png\",\"contentUrl\":\"https:\\\/\\\/www.lafarga.com\\\/corporatiu\\\/wp-content\\\/uploads\\\/2021\\\/05\\\/Diari-LH-Maig21.png\",\"width\":730,\"height\":410,\"caption\":\"Educatius Educativos\"},{\"@type\":\"BreadcrumbList\",\"@id\":\"https:\\\/\\\/www.lafarga.com\\\/corporatiu\\\/lh-demana-mes-centres-educatius-portada-del-diari\\\/#breadcrumb\",\"itemListElement\":[{\"@type\":\"ListItem\",\"position\":1,\"name\":\"Home\",\"item\":\"https:\\\/\\\/www.lafarga.com\\\/corporatiu\\\/lafarga-hospitalet-llobregat\\\/\"},{\"@type\":\"ListItem\",\"position\":2,\"name\":\"L&#8217;H demana m\u00e9s centres educatius, portada del Diari\"}]},{\"@type\":\"WebSite\",\"@id\":\"https:\\\/\\\/www.lafarga.com\\\/corporatiu\\\/#website\",\"url\":\"https:\\\/\\\/www.lafarga.com\\\/corporatiu\\\/\",\"name\":\"La Farga Gesti\u00f3 d&#039;Equipaments Municipals, SA\",\"description\":\"\",\"publisher\":{\"@id\":\"https:\\\/\\\/www.lafarga.com\\\/corporatiu\\\/#organization\"},\"potentialAction\":[{\"@type\":\"SearchAction\",\"target\":{\"@type\":\"EntryPoint\",\"urlTemplate\":\"https:\\\/\\\/www.lafarga.com\\\/corporatiu\\\/?s={search_term_string}\"},\"query-input\":{\"@type\":\"PropertyValueSpecification\",\"valueRequired\":true,\"valueName\":\"search_term_string\"}}],\"inLanguage\":\"ca\"},{\"@type\":\"Organization\",\"@id\":\"https:\\\/\\\/www.lafarga.com\\\/corporatiu\\\/#organization\",\"name\":\"La Farga Gesti\u00f3 d&#039;Equipaments Municipals, SA\",\"url\":\"https:\\\/\\\/www.lafarga.com\\\/corporatiu\\\/\",\"logo\":{\"@type\":\"ImageObject\",\"inLanguage\":\"ca\",\"@id\":\"https:\\\/\\\/www.lafarga.com\\\/corporatiu\\\/#\\\/schema\\\/logo\\\/image\\\/\",\"url\":\"https:\\\/\\\/www.lafarga.com\\\/corporatiu\\\/wp-content\\\/uploads\\\/2023\\\/11\\\/logotipo_lafarga_gemsa.svg\",\"contentUrl\":\"https:\\\/\\\/www.lafarga.com\\\/corporatiu\\\/wp-content\\\/uploads\\\/2023\\\/11\\\/logotipo_lafarga_gemsa.svg\",\"width\":102,\"height\":103,\"caption\":\"La Farga Gesti\u00f3 d&#039;Equipaments Municipals, SA\"},\"image\":{\"@id\":\"https:\\\/\\\/www.lafarga.com\\\/corporatiu\\\/#\\\/schema\\\/logo\\\/image\\\/\"}},{\"@type\":\"Person\",\"@id\":\"https:\\\/\\\/www.lafarga.com\\\/corporatiu\\\/#\\\/schema\\\/person\\\/70d96fe17d0da1a9c9e80d232bdbcf33\",\"name\":\"\u00d2scar Milla\",\"image\":{\"@type\":\"ImageObject\",\"inLanguage\":\"ca\",\"@id\":\"https:\\\/\\\/secure.gravatar.com\\\/avatar\\\/92e75d184f9d5e0e403bd4ad075b080ad258344ddc259adddb579f6a3ba6494f?s=96&d=mm&r=g\",\"url\":\"https:\\\/\\\/secure.gravatar.com\\\/avatar\\\/92e75d184f9d5e0e403bd4ad075b080ad258344ddc259adddb579f6a3ba6494f?s=96&d=mm&r=g\",\"contentUrl\":\"https:\\\/\\\/secure.gravatar.com\\\/avatar\\\/92e75d184f9d5e0e403bd4ad075b080ad258344ddc259adddb579f6a3ba6494f?s=96&d=mm&r=g\",\"caption\":\"\u00d2scar Milla\"},\"url\":\"https:\\\/\\\/www.lafarga.com\\\/corporatiu\\\/author\\\/omilla\\\/\"}]}<\/script>\n<!-- \/ Yoast SEO plugin. -->","yoast_head_json":{"title":"L'H demana m\u00e9s centres educatius, portada del Diari - La Farga Gesti\u00f3n de Equipamientos Municipales, S.A.","description":"L\u2019Hospitalet demana m\u00e9s centres educatius \u00e9s el principal tema de portada de Diari de L\u2019Hospitalet d\u2019aquest mes de maig.","robots":{"index":"index","follow":"follow","max-snippet":"max-snippet:-1","max-image-preview":"max-image-preview:large","max-video-preview":"max-video-preview:-1"},"canonical":"https:\/\/www.lafarga.com\/corporatiu\/lh-demana-mes-centres-educatius-portada-del-diari\/","og_locale":"ca_ES","og_type":"article","og_title":"L'H demana m\u00e9s centres educatius, portada del Diari - La Farga Gesti\u00f3n de Equipamientos Municipales, S.A.","og_description":"L\u2019Hospitalet demana m\u00e9s centres educatius \u00e9s el principal tema de portada de Diari de L\u2019Hospitalet d\u2019aquest mes de maig.","og_url":"https:\/\/www.lafarga.com\/corporatiu\/lh-demana-mes-centres-educatius-portada-del-diari\/","og_site_name":"La Farga Gesti\u00f3n de Equipamientos Municipales, S.A.","article_published_time":"2021-05-17T10:35:00+00:00","article_modified_time":"2021-05-18T10:50:25+00:00","og_image":[{"width":730,"height":410,"url":"https:\/\/www.lafarga.com\/corporatiu\/wp-content\/uploads\/2021\/05\/Diari-LH-Maig21.png","type":"image\/png"}],"author":"\u00d2scar Milla","twitter_misc":{"Escrit per":"\u00d2scar Milla","Temps estimat de lectura":"2 minuts"},"schema":{"@context":"https:\/\/schema.org","@graph":[{"@type":"Article","@id":"https:\/\/www.lafarga.com\/corporatiu\/lh-demana-mes-centres-educatius-portada-del-diari\/#article","isPartOf":{"@id":"https:\/\/www.lafarga.com\/corporatiu\/lh-demana-mes-centres-educatius-portada-del-diari\/"},"author":{"name":"\u00d2scar Milla","@id":"https:\/\/www.lafarga.com\/corporatiu\/#\/schema\/person\/70d96fe17d0da1a9c9e80d232bdbcf33"},"headline":"L&#8217;H demana m\u00e9s centres educatius, portada del Diari","datePublished":"2021-05-17T10:35:00+00:00","dateModified":"2021-05-18T10:50:25+00:00","mainEntityOfPage":{"@id":"https:\/\/www.lafarga.com\/corporatiu\/lh-demana-mes-centres-educatius-portada-del-diari\/"},"wordCount":398,"publisher":{"@id":"https:\/\/www.lafarga.com\/corporatiu\/#organization"},"image":{"@id":"https:\/\/www.lafarga.com\/corporatiu\/lh-demana-mes-centres-educatius-portada-del-diari\/#primaryimage"},"thumbnailUrl":"https:\/\/www.lafarga.com\/corporatiu\/wp-content\/uploads\/2021\/05\/Diari-LH-Maig21.png","articleSection":["Mitjans de Comunicaci\u00f3"],"inLanguage":"ca"},{"@type":"WebPage","@id":"https:\/\/www.lafarga.com\/corporatiu\/lh-demana-mes-centres-educatius-portada-del-diari\/","url":"https:\/\/www.lafarga.com\/corporatiu\/lh-demana-mes-centres-educatius-portada-del-diari\/","name":"L'H demana m\u00e9s centres educatius, portada del Diari - La Farga Gesti\u00f3n de Equipamientos Municipales, S.A.","isPartOf":{"@id":"https:\/\/www.lafarga.com\/corporatiu\/#website"},"primaryImageOfPage":{"@id":"https:\/\/www.lafarga.com\/corporatiu\/lh-demana-mes-centres-educatius-portada-del-diari\/#primaryimage"},"image":{"@id":"https:\/\/www.lafarga.com\/corporatiu\/lh-demana-mes-centres-educatius-portada-del-diari\/#primaryimage"},"thumbnailUrl":"https:\/\/www.lafarga.com\/corporatiu\/wp-content\/uploads\/2021\/05\/Diari-LH-Maig21.png","datePublished":"2021-05-17T10:35:00+00:00","dateModified":"2021-05-18T10:50:25+00:00","description":"L\u2019Hospitalet demana m\u00e9s centres educatius \u00e9s el principal tema de portada de Diari de L\u2019Hospitalet d\u2019aquest mes de maig.","breadcrumb":{"@id":"https:\/\/www.lafarga.com\/corporatiu\/lh-demana-mes-centres-educatius-portada-del-diari\/#breadcrumb"},"inLanguage":"ca","potentialAction":[{"@type":"ReadAction","target":["https:\/\/www.lafarga.com\/corporatiu\/lh-demana-mes-centres-educatius-portada-del-diari\/"]}]},{"@type":"ImageObject","inLanguage":"ca","@id":"https:\/\/www.lafarga.com\/corporatiu\/lh-demana-mes-centres-educatius-portada-del-diari\/#primaryimage","url":"https:\/\/www.lafarga.com\/corporatiu\/wp-content\/uploads\/2021\/05\/Diari-LH-Maig21.png","contentUrl":"https:\/\/www.lafarga.com\/corporatiu\/wp-content\/uploads\/2021\/05\/Diari-LH-Maig21.png","width":730,"height":410,"caption":"Educatius Educativos"},{"@type":"BreadcrumbList","@id":"https:\/\/www.lafarga.com\/corporatiu\/lh-demana-mes-centres-educatius-portada-del-diari\/#breadcrumb","itemListElement":[{"@type":"ListItem","position":1,"name":"Home","item":"https:\/\/www.lafarga.com\/corporatiu\/lafarga-hospitalet-llobregat\/"},{"@type":"ListItem","position":2,"name":"L&#8217;H demana m\u00e9s centres educatius, portada del Diari"}]},{"@type":"WebSite","@id":"https:\/\/www.lafarga.com\/corporatiu\/#website","url":"https:\/\/www.lafarga.com\/corporatiu\/","name":"La Farga Gesti\u00f3 d&#039;Equipaments Municipals, SA","description":"","publisher":{"@id":"https:\/\/www.lafarga.com\/corporatiu\/#organization"},"potentialAction":[{"@type":"SearchAction","target":{"@type":"EntryPoint","urlTemplate":"https:\/\/www.lafarga.com\/corporatiu\/?s={search_term_string}"},"query-input":{"@type":"PropertyValueSpecification","valueRequired":true,"valueName":"search_term_string"}}],"inLanguage":"ca"},{"@type":"Organization","@id":"https:\/\/www.lafarga.com\/corporatiu\/#organization","name":"La Farga Gesti\u00f3 d&#039;Equipaments Municipals, SA","url":"https:\/\/www.lafarga.com\/corporatiu\/","logo":{"@type":"ImageObject","inLanguage":"ca","@id":"https:\/\/www.lafarga.com\/corporatiu\/#\/schema\/logo\/image\/","url":"https:\/\/www.lafarga.com\/corporatiu\/wp-content\/uploads\/2023\/11\/logotipo_lafarga_gemsa.svg","contentUrl":"https:\/\/www.lafarga.com\/corporatiu\/wp-content\/uploads\/2023\/11\/logotipo_lafarga_gemsa.svg","width":102,"height":103,"caption":"La Farga Gesti\u00f3 d&#039;Equipaments Municipals, SA"},"image":{"@id":"https:\/\/www.lafarga.com\/corporatiu\/#\/schema\/logo\/image\/"}},{"@type":"Person","@id":"https:\/\/www.lafarga.com\/corporatiu\/#\/schema\/person\/70d96fe17d0da1a9c9e80d232bdbcf33","name":"\u00d2scar Milla","image":{"@type":"ImageObject","inLanguage":"ca","@id":"https:\/\/secure.gravatar.com\/avatar\/92e75d184f9d5e0e403bd4ad075b080ad258344ddc259adddb579f6a3ba6494f?s=96&d=mm&r=g","url":"https:\/\/secure.gravatar.com\/avatar\/92e75d184f9d5e0e403bd4ad075b080ad258344ddc259adddb579f6a3ba6494f?s=96&d=mm&r=g","contentUrl":"https:\/\/secure.gravatar.com\/avatar\/92e75d184f9d5e0e403bd4ad075b080ad258344ddc259adddb579f6a3ba6494f?s=96&d=mm&r=g","caption":"\u00d2scar Milla"},"url":"https:\/\/www.lafarga.com\/corporatiu\/author\/omilla\/"}]}},"uagb_featured_image_src":{"full":["https:\/\/www.lafarga.com\/corporatiu\/wp-content\/uploads\/2021\/05\/Diari-LH-Maig21.png",730,410,false],"thumbnail":["https:\/\/www.lafarga.com\/corporatiu\/wp-content\/uploads\/2021\/05\/Diari-LH-Maig21-150x150.png",150,150,true],"medium":["https:\/\/www.lafarga.com\/corporatiu\/wp-content\/uploads\/2021\/05\/Diari-LH-Maig21-300x168.png",300,168,true],"medium_large":["https:\/\/www.lafarga.com\/corporatiu\/wp-content\/uploads\/2021\/05\/Diari-LH-Maig21.png",730,410,false],"large":["https:\/\/www.lafarga.com\/corporatiu\/wp-content\/uploads\/2021\/05\/Diari-LH-Maig21.png",730,410,false],"1536x1536":["https:\/\/www.lafarga.com\/corporatiu\/wp-content\/uploads\/2021\/05\/Diari-LH-Maig21.png",730,410,false],"2048x2048":["https:\/\/www.lafarga.com\/corporatiu\/wp-content\/uploads\/2021\/05\/Diari-LH-Maig21.png",730,410,false],"mailpoet_newsletter_max":["https:\/\/www.lafarga.com\/corporatiu\/wp-content\/uploads\/2021\/05\/Diari-LH-Maig21.png",730,410,false]},"uagb_author_info":{"display_name":"\u00d2scar Milla","author_link":"https:\/\/www.lafarga.com\/corporatiu\/author\/omilla\/"},"uagb_comment_info":0,"uagb_excerpt":"L\u2019Hospitalet demana m\u00e9s centres educatius \u00e9s el principal tema de portada de Diari de L\u2019Hospitalet d\u2019aquest mes de maig.","_links":{"self":[{"href":"https:\/\/www.lafarga.com\/corporatiu\/wp-json\/wp\/v2\/posts\/15712","targetHints":{"allow":["GET"]}}],"collection":[{"href":"https:\/\/www.lafarga.com\/corporatiu\/wp-json\/wp\/v2\/posts"}],"about":[{"href":"https:\/\/www.lafarga.com\/corporatiu\/wp-json\/wp\/v2\/types\/post"}],"author":[{"embeddable":true,"href":"https:\/\/www.lafarga.com\/corporatiu\/wp-json\/wp\/v2\/users\/5"}],"replies":[{"embeddable":true,"href":"https:\/\/www.lafarga.com\/corporatiu\/wp-json\/wp\/v2\/comments?post=15712"}],"version-history":[{"count":2,"href":"https:\/\/www.lafarga.com\/corporatiu\/wp-json\/wp\/v2\/posts\/15712\/revisions"}],"predecessor-version":[{"id":15718,"href":"https:\/\/www.lafarga.com\/corporatiu\/wp-json\/wp\/v2\/posts\/15712\/revisions\/15718"}],"wp:featuredmedia":[{"embeddable":true,"href":"https:\/\/www.lafarga.com\/corporatiu\/wp-json\/wp\/v2\/media\/15713"}],"wp:attachment":[{"href":"https:\/\/www.lafarga.com\/corporatiu\/wp-json\/wp\/v2\/media?parent=15712"}],"wp:term":[{"taxonomy":"category","embeddable":true,"href":"https:\/\/www.lafarga.com\/corporatiu\/wp-json\/wp\/v2\/categories?post=15712"},{"taxonomy":"post_tag","embeddable":true,"href":"https:\/\/www.lafarga.com\/corporatiu\/wp-json\/wp\/v2\/tags?post=15712"}],"curies":[{"name":"wp","href":"https:\/\/api.w.org\/{rel}","templated":true}]}}