{"id":15706,"date":"2021-05-14T11:52:43","date_gmt":"2021-05-14T11:52:43","guid":{"rendered":"http:\/\/www.lafarga.com\/corporatiu\/?p=15706"},"modified":"2021-05-14T11:55:19","modified_gmt":"2021-05-14T11:55:19","slug":"primera-setmana-de-vacunacio-en-la-franja-de-50-a-59-anys","status":"publish","type":"post","link":"https:\/\/www.lafarga.com\/corporatiu\/primera-setmana-de-vacunacio-en-la-franja-de-50-a-59-anys\/","title":{"rendered":"Primera setmana de vacunaci\u00f3 en la franja de 50 a 59 anys"},"content":{"rendered":"\n<p>Ja est\u00e0 en marxa a&nbsp;<strong><a href=\"http:\/\/www.lafargalhospitalet.com\/la-farga-congress-centre-de-vacunacio-contra-el-covid-19\/\" target=\"_blank\" rel=\"noreferrer noopener\">La Farga&nbsp;Congress<\/a><\/strong>&nbsp;la vacunaci\u00f3 per a les persones de la franja d\u2019edat entre 50 i 59 anys. Durant aquest dies les persones nascudes entre els anys 1962-1970 reben un missatge&nbsp;SMS que les redirigir\u00e0 a una aplicaci\u00f3 per reservar hora, dia i lloc. Les persones d\u2019aquesta franja d\u2019edat&nbsp;rebran la vacuna Pfizer, Moderna o Janssen.<\/p>\n\n\n\n<p>La vacunaci\u00f3 va a bon ritme,&nbsp;a La Farga, passen m\u00e9s de 1.000 persones di\u00e0riament&nbsp;per rebre la vacuna. Segons Marta Pallar\u00e8s, responsable del Punt de Vacunaci\u00f3 de La Farga,&nbsp;<em>\u201c\u2018l\u2019oferta de vacunes \u00e9s en funci\u00f3 dels vials que arriben, i \u00e9s veritat que ara s\u00f3n una mica m\u00e9s estables i que aix\u00f2 ens permet realitzar moltes vacunacions al dia\u201d.<\/em><\/p>\n\n\n\n<p>A L\u2019Hospitalet m\u00e9s de 73.000 persones,un 27% de la poblaci\u00f3, ja n\u2019ha rebut una primera dosi de la vacuna&nbsp;i 37.000, prop d\u2019un 14%, ja tenen la pauta completa.&nbsp;<\/p>\n\n\n\n<p>Recordem que per a demanar cita cal fer-ho a trav\u00e9s del portal:&nbsp;<strong><a href=\"https:\/\/vacunacovid.catsalut.gencat.cat\/inici?qtoken=2d2632a8-4627-42a1-8393-b29076cd45c2\" target=\"_blank\" rel=\"noreferrer noopener\">vacunacovidsalut.cat<\/a><\/strong><\/p>\n","protected":false},"excerpt":{"rendered":"<p>Ja est\u00e0 en marxa a La Farga Congress la vacunaci\u00f3 per a les persones de la franja d\u2019edat entre 50 i 59 anys. Durant aquest dies les persones nascudes entre els anys 1962-1970 reben un missatge SMS.<\/p>\n","protected":false},"author":5,"featured_media":15707,"comment_status":"closed","ping_status":"closed","sticky":false,"template":"","format":"standard","meta":{"inline_featured_image":false,"_uag_custom_page_level_css":"","_monsterinsights_skip_tracking":false,"_monsterinsights_sitenote_active":false,"_monsterinsights_sitenote_note":"","_monsterinsights_sitenote_category":0,"site-sidebar-layout":"default","site-content-layout":"","ast-site-content-layout":"default","site-content-style":"default","site-sidebar-style":"default","ast-global-header-display":"","ast-banner-title-visibility":"","ast-main-header-display":"","ast-hfb-above-header-display":"","ast-hfb-below-header-display":"","ast-hfb-mobile-header-display":"","site-post-title":"","ast-breadcrumbs-content":"","ast-featured-img":"","footer-sml-layout":"","ast-disable-related-posts":"","theme-transparent-header-meta":"","adv-header-id-meta":"","stick-header-meta":"","header-above-stick-meta":"","header-main-stick-meta":"","header-below-stick-meta":"","astra-migrate-meta-layouts":"default","ast-page-background-enabled":"default","ast-page-background-meta":{"desktop":{"background-color":"var(--ast-global-color-4)","background-image":"","background-repeat":"repeat","background-position":"center center","background-size":"auto","background-attachment":"scroll","background-type":"","background-media":"","overlay-type":"","overlay-color":"","overlay-opacity":"","overlay-gradient":""},"tablet":{"background-color":"","background-image":"","background-repeat":"repeat","background-position":"center center","background-size":"auto","background-attachment":"scroll","background-type":"","background-media":"","overlay-type":"","overlay-color":"","overlay-opacity":"","overlay-gradient":""},"mobile":{"background-color":"","background-image":"","background-repeat":"repeat","background-position":"center center","background-size":"auto","background-attachment":"scroll","background-type":"","background-media":"","overlay-type":"","overlay-color":"","overlay-opacity":"","overlay-gradient":""}},"ast-content-background-meta":{"desktop":{"background-color":"var(--ast-global-color-5)","background-image":"","background-repeat":"repeat","background-position":"center center","background-size":"auto","background-attachment":"scroll","background-type":"","background-media":"","overlay-type":"","overlay-color":"","overlay-opacity":"","overlay-gradient":""},"tablet":{"background-color":"var(--ast-global-color-5)","background-image":"","background-repeat":"repeat","background-position":"center center","background-size":"auto","background-attachment":"scroll","background-type":"","background-media":"","overlay-type":"","overlay-color":"","overlay-opacity":"","overlay-gradient":""},"mobile":{"background-color":"var(--ast-global-color-5)","background-image":"","background-repeat":"repeat","background-position":"center center","background-size":"auto","background-attachment":"scroll","background-type":"","background-media":"","overlay-type":"","overlay-color":"","overlay-opacity":"","overlay-gradient":""}},"footnotes":""},"categories":[49],"tags":[],"class_list":["post-15706","post","type-post","status-publish","format-standard","has-post-thumbnail","hentry","category-centre-activitats"],"yoast_head":"<!-- This site is optimized with the Yoast SEO plugin v27.4 - https:\/\/yoast.com\/product\/yoast-seo-wordpress\/ -->\n<title>Primera setmana de vacunaci\u00f3 en la franja de 50 a 59 anys - La Farga Gesti\u00f3n de Equipamientos Municipales, S.A.<\/title>\n<meta name=\"description\" content=\"Ja est\u00e0 en marxa a La Farga Congress la vacunaci\u00f3 per a les persones de la franja d\u2019edat entre 50 i 59 anys.\" \/>\n<meta name=\"robots\" content=\"index, follow, max-snippet:-1, max-image-preview:large, max-video-preview:-1\" \/>\n<link rel=\"canonical\" href=\"https:\/\/www.lafarga.com\/corporatiu\/primera-setmana-de-vacunacio-en-la-franja-de-50-a-59-anys\/\" \/>\n<meta property=\"og:locale\" content=\"ca_ES\" \/>\n<meta property=\"og:type\" content=\"article\" \/>\n<meta property=\"og:title\" content=\"Primera setmana de vacunaci\u00f3 en la franja de 50 a 59 anys - La Farga Gesti\u00f3n de Equipamientos Municipales, S.A.\" \/>\n<meta property=\"og:description\" content=\"Ja est\u00e0 en marxa a La Farga Congress la vacunaci\u00f3 per a les persones de la franja d\u2019edat entre 50 i 59 anys.\" \/>\n<meta property=\"og:url\" content=\"https:\/\/www.lafarga.com\/corporatiu\/primera-setmana-de-vacunacio-en-la-franja-de-50-a-59-anys\/\" \/>\n<meta property=\"og:site_name\" content=\"La Farga Gesti\u00f3n de Equipamientos Municipales, S.A.\" \/>\n<meta property=\"article:published_time\" content=\"2021-05-14T11:52:43+00:00\" \/>\n<meta property=\"article:modified_time\" content=\"2021-05-14T11:55:19+00:00\" \/>\n<meta property=\"og:image\" content=\"https:\/\/www.lafarga.com\/corporatiu\/wp-content\/uploads\/2021\/05\/Vacunacio-Farga-1-Covid.png\" \/>\n\t<meta property=\"og:image:width\" content=\"730\" \/>\n\t<meta property=\"og:image:height\" content=\"410\" \/>\n\t<meta property=\"og:image:type\" content=\"image\/png\" \/>\n<meta name=\"author\" content=\"\u00d2scar Milla\" \/>\n<meta name=\"twitter:label1\" content=\"Escrit per\" \/>\n\t<meta name=\"twitter:data1\" content=\"\u00d2scar Milla\" \/>\n\t<meta name=\"twitter:label2\" content=\"Temps estimat de lectura\" \/>\n\t<meta name=\"twitter:data2\" content=\"1 minut\" \/>\n<script type=\"application\/ld+json\" class=\"yoast-schema-graph\">{\"@context\":\"https:\\\/\\\/schema.org\",\"@graph\":[{\"@type\":\"Article\",\"@id\":\"https:\\\/\\\/www.lafarga.com\\\/corporatiu\\\/primera-setmana-de-vacunacio-en-la-franja-de-50-a-59-anys\\\/#article\",\"isPartOf\":{\"@id\":\"https:\\\/\\\/www.lafarga.com\\\/corporatiu\\\/primera-setmana-de-vacunacio-en-la-franja-de-50-a-59-anys\\\/\"},\"author\":{\"name\":\"\u00d2scar Milla\",\"@id\":\"https:\\\/\\\/www.lafarga.com\\\/corporatiu\\\/#\\\/schema\\\/person\\\/70d96fe17d0da1a9c9e80d232bdbcf33\"},\"headline\":\"Primera setmana de vacunaci\u00f3 en la franja de 50 a 59 anys\",\"datePublished\":\"2021-05-14T11:52:43+00:00\",\"dateModified\":\"2021-05-14T11:55:19+00:00\",\"mainEntityOfPage\":{\"@id\":\"https:\\\/\\\/www.lafarga.com\\\/corporatiu\\\/primera-setmana-de-vacunacio-en-la-franja-de-50-a-59-anys\\\/\"},\"wordCount\":193,\"publisher\":{\"@id\":\"https:\\\/\\\/www.lafarga.com\\\/corporatiu\\\/#organization\"},\"image\":{\"@id\":\"https:\\\/\\\/www.lafarga.com\\\/corporatiu\\\/primera-setmana-de-vacunacio-en-la-franja-de-50-a-59-anys\\\/#primaryimage\"},\"thumbnailUrl\":\"https:\\\/\\\/www.lafarga.com\\\/corporatiu\\\/wp-content\\\/uploads\\\/2021\\\/05\\\/Vacunacio-Farga-1-Covid.png\",\"articleSection\":[\"Centre d'Activitats\"],\"inLanguage\":\"ca\"},{\"@type\":\"WebPage\",\"@id\":\"https:\\\/\\\/www.lafarga.com\\\/corporatiu\\\/primera-setmana-de-vacunacio-en-la-franja-de-50-a-59-anys\\\/\",\"url\":\"https:\\\/\\\/www.lafarga.com\\\/corporatiu\\\/primera-setmana-de-vacunacio-en-la-franja-de-50-a-59-anys\\\/\",\"name\":\"Primera setmana de vacunaci\u00f3 en la franja de 50 a 59 anys - La Farga Gesti\u00f3n de Equipamientos Municipales, S.A.\",\"isPartOf\":{\"@id\":\"https:\\\/\\\/www.lafarga.com\\\/corporatiu\\\/#website\"},\"primaryImageOfPage\":{\"@id\":\"https:\\\/\\\/www.lafarga.com\\\/corporatiu\\\/primera-setmana-de-vacunacio-en-la-franja-de-50-a-59-anys\\\/#primaryimage\"},\"image\":{\"@id\":\"https:\\\/\\\/www.lafarga.com\\\/corporatiu\\\/primera-setmana-de-vacunacio-en-la-franja-de-50-a-59-anys\\\/#primaryimage\"},\"thumbnailUrl\":\"https:\\\/\\\/www.lafarga.com\\\/corporatiu\\\/wp-content\\\/uploads\\\/2021\\\/05\\\/Vacunacio-Farga-1-Covid.png\",\"datePublished\":\"2021-05-14T11:52:43+00:00\",\"dateModified\":\"2021-05-14T11:55:19+00:00\",\"description\":\"Ja est\u00e0 en marxa a La Farga Congress la vacunaci\u00f3 per a les persones de la franja d\u2019edat entre 50 i 59 anys.\",\"breadcrumb\":{\"@id\":\"https:\\\/\\\/www.lafarga.com\\\/corporatiu\\\/primera-setmana-de-vacunacio-en-la-franja-de-50-a-59-anys\\\/#breadcrumb\"},\"inLanguage\":\"ca\",\"potentialAction\":[{\"@type\":\"ReadAction\",\"target\":[\"https:\\\/\\\/www.lafarga.com\\\/corporatiu\\\/primera-setmana-de-vacunacio-en-la-franja-de-50-a-59-anys\\\/\"]}]},{\"@type\":\"ImageObject\",\"inLanguage\":\"ca\",\"@id\":\"https:\\\/\\\/www.lafarga.com\\\/corporatiu\\\/primera-setmana-de-vacunacio-en-la-franja-de-50-a-59-anys\\\/#primaryimage\",\"url\":\"https:\\\/\\\/www.lafarga.com\\\/corporatiu\\\/wp-content\\\/uploads\\\/2021\\\/05\\\/Vacunacio-Farga-1-Covid.png\",\"contentUrl\":\"https:\\\/\\\/www.lafarga.com\\\/corporatiu\\\/wp-content\\\/uploads\\\/2021\\\/05\\\/Vacunacio-Farga-1-Covid.png\",\"width\":730,\"height\":410,\"caption\":\"Vacunacio 50 59 anys\"},{\"@type\":\"BreadcrumbList\",\"@id\":\"https:\\\/\\\/www.lafarga.com\\\/corporatiu\\\/primera-setmana-de-vacunacio-en-la-franja-de-50-a-59-anys\\\/#breadcrumb\",\"itemListElement\":[{\"@type\":\"ListItem\",\"position\":1,\"name\":\"Home\",\"item\":\"https:\\\/\\\/www.lafarga.com\\\/corporatiu\\\/lafarga-hospitalet-llobregat\\\/\"},{\"@type\":\"ListItem\",\"position\":2,\"name\":\"Primera setmana de vacunaci\u00f3 en la franja de 50 a 59 anys\"}]},{\"@type\":\"WebSite\",\"@id\":\"https:\\\/\\\/www.lafarga.com\\\/corporatiu\\\/#website\",\"url\":\"https:\\\/\\\/www.lafarga.com\\\/corporatiu\\\/\",\"name\":\"La Farga Gesti\u00f3 d&#039;Equipaments Municipals, SA\",\"description\":\"\",\"publisher\":{\"@id\":\"https:\\\/\\\/www.lafarga.com\\\/corporatiu\\\/#organization\"},\"potentialAction\":[{\"@type\":\"SearchAction\",\"target\":{\"@type\":\"EntryPoint\",\"urlTemplate\":\"https:\\\/\\\/www.lafarga.com\\\/corporatiu\\\/?s={search_term_string}\"},\"query-input\":{\"@type\":\"PropertyValueSpecification\",\"valueRequired\":true,\"valueName\":\"search_term_string\"}}],\"inLanguage\":\"ca\"},{\"@type\":\"Organization\",\"@id\":\"https:\\\/\\\/www.lafarga.com\\\/corporatiu\\\/#organization\",\"name\":\"La Farga Gesti\u00f3 d&#039;Equipaments Municipals, SA\",\"url\":\"https:\\\/\\\/www.lafarga.com\\\/corporatiu\\\/\",\"logo\":{\"@type\":\"ImageObject\",\"inLanguage\":\"ca\",\"@id\":\"https:\\\/\\\/www.lafarga.com\\\/corporatiu\\\/#\\\/schema\\\/logo\\\/image\\\/\",\"url\":\"https:\\\/\\\/www.lafarga.com\\\/corporatiu\\\/wp-content\\\/uploads\\\/2023\\\/11\\\/logotipo_lafarga_gemsa.svg\",\"contentUrl\":\"https:\\\/\\\/www.lafarga.com\\\/corporatiu\\\/wp-content\\\/uploads\\\/2023\\\/11\\\/logotipo_lafarga_gemsa.svg\",\"width\":102,\"height\":103,\"caption\":\"La Farga Gesti\u00f3 d&#039;Equipaments Municipals, SA\"},\"image\":{\"@id\":\"https:\\\/\\\/www.lafarga.com\\\/corporatiu\\\/#\\\/schema\\\/logo\\\/image\\\/\"}},{\"@type\":\"Person\",\"@id\":\"https:\\\/\\\/www.lafarga.com\\\/corporatiu\\\/#\\\/schema\\\/person\\\/70d96fe17d0da1a9c9e80d232bdbcf33\",\"name\":\"\u00d2scar Milla\",\"image\":{\"@type\":\"ImageObject\",\"inLanguage\":\"ca\",\"@id\":\"https:\\\/\\\/secure.gravatar.com\\\/avatar\\\/92e75d184f9d5e0e403bd4ad075b080ad258344ddc259adddb579f6a3ba6494f?s=96&d=mm&r=g\",\"url\":\"https:\\\/\\\/secure.gravatar.com\\\/avatar\\\/92e75d184f9d5e0e403bd4ad075b080ad258344ddc259adddb579f6a3ba6494f?s=96&d=mm&r=g\",\"contentUrl\":\"https:\\\/\\\/secure.gravatar.com\\\/avatar\\\/92e75d184f9d5e0e403bd4ad075b080ad258344ddc259adddb579f6a3ba6494f?s=96&d=mm&r=g\",\"caption\":\"\u00d2scar Milla\"},\"url\":\"https:\\\/\\\/www.lafarga.com\\\/corporatiu\\\/author\\\/omilla\\\/\"}]}<\/script>\n<!-- \/ Yoast SEO plugin. -->","yoast_head_json":{"title":"Primera setmana de vacunaci\u00f3 en la franja de 50 a 59 anys - La Farga Gesti\u00f3n de Equipamientos Municipales, S.A.","description":"Ja est\u00e0 en marxa a La Farga Congress la vacunaci\u00f3 per a les persones de la franja d\u2019edat entre 50 i 59 anys.","robots":{"index":"index","follow":"follow","max-snippet":"max-snippet:-1","max-image-preview":"max-image-preview:large","max-video-preview":"max-video-preview:-1"},"canonical":"https:\/\/www.lafarga.com\/corporatiu\/primera-setmana-de-vacunacio-en-la-franja-de-50-a-59-anys\/","og_locale":"ca_ES","og_type":"article","og_title":"Primera setmana de vacunaci\u00f3 en la franja de 50 a 59 anys - La Farga Gesti\u00f3n de Equipamientos Municipales, S.A.","og_description":"Ja est\u00e0 en marxa a La Farga Congress la vacunaci\u00f3 per a les persones de la franja d\u2019edat entre 50 i 59 anys.","og_url":"https:\/\/www.lafarga.com\/corporatiu\/primera-setmana-de-vacunacio-en-la-franja-de-50-a-59-anys\/","og_site_name":"La Farga Gesti\u00f3n de Equipamientos Municipales, S.A.","article_published_time":"2021-05-14T11:52:43+00:00","article_modified_time":"2021-05-14T11:55:19+00:00","og_image":[{"width":730,"height":410,"url":"https:\/\/www.lafarga.com\/corporatiu\/wp-content\/uploads\/2021\/05\/Vacunacio-Farga-1-Covid.png","type":"image\/png"}],"author":"\u00d2scar Milla","twitter_misc":{"Escrit per":"\u00d2scar Milla","Temps estimat de lectura":"1 minut"},"schema":{"@context":"https:\/\/schema.org","@graph":[{"@type":"Article","@id":"https:\/\/www.lafarga.com\/corporatiu\/primera-setmana-de-vacunacio-en-la-franja-de-50-a-59-anys\/#article","isPartOf":{"@id":"https:\/\/www.lafarga.com\/corporatiu\/primera-setmana-de-vacunacio-en-la-franja-de-50-a-59-anys\/"},"author":{"name":"\u00d2scar Milla","@id":"https:\/\/www.lafarga.com\/corporatiu\/#\/schema\/person\/70d96fe17d0da1a9c9e80d232bdbcf33"},"headline":"Primera setmana de vacunaci\u00f3 en la franja de 50 a 59 anys","datePublished":"2021-05-14T11:52:43+00:00","dateModified":"2021-05-14T11:55:19+00:00","mainEntityOfPage":{"@id":"https:\/\/www.lafarga.com\/corporatiu\/primera-setmana-de-vacunacio-en-la-franja-de-50-a-59-anys\/"},"wordCount":193,"publisher":{"@id":"https:\/\/www.lafarga.com\/corporatiu\/#organization"},"image":{"@id":"https:\/\/www.lafarga.com\/corporatiu\/primera-setmana-de-vacunacio-en-la-franja-de-50-a-59-anys\/#primaryimage"},"thumbnailUrl":"https:\/\/www.lafarga.com\/corporatiu\/wp-content\/uploads\/2021\/05\/Vacunacio-Farga-1-Covid.png","articleSection":["Centre d'Activitats"],"inLanguage":"ca"},{"@type":"WebPage","@id":"https:\/\/www.lafarga.com\/corporatiu\/primera-setmana-de-vacunacio-en-la-franja-de-50-a-59-anys\/","url":"https:\/\/www.lafarga.com\/corporatiu\/primera-setmana-de-vacunacio-en-la-franja-de-50-a-59-anys\/","name":"Primera setmana de vacunaci\u00f3 en la franja de 50 a 59 anys - La Farga Gesti\u00f3n de Equipamientos Municipales, S.A.","isPartOf":{"@id":"https:\/\/www.lafarga.com\/corporatiu\/#website"},"primaryImageOfPage":{"@id":"https:\/\/www.lafarga.com\/corporatiu\/primera-setmana-de-vacunacio-en-la-franja-de-50-a-59-anys\/#primaryimage"},"image":{"@id":"https:\/\/www.lafarga.com\/corporatiu\/primera-setmana-de-vacunacio-en-la-franja-de-50-a-59-anys\/#primaryimage"},"thumbnailUrl":"https:\/\/www.lafarga.com\/corporatiu\/wp-content\/uploads\/2021\/05\/Vacunacio-Farga-1-Covid.png","datePublished":"2021-05-14T11:52:43+00:00","dateModified":"2021-05-14T11:55:19+00:00","description":"Ja est\u00e0 en marxa a La Farga Congress la vacunaci\u00f3 per a les persones de la franja d\u2019edat entre 50 i 59 anys.","breadcrumb":{"@id":"https:\/\/www.lafarga.com\/corporatiu\/primera-setmana-de-vacunacio-en-la-franja-de-50-a-59-anys\/#breadcrumb"},"inLanguage":"ca","potentialAction":[{"@type":"ReadAction","target":["https:\/\/www.lafarga.com\/corporatiu\/primera-setmana-de-vacunacio-en-la-franja-de-50-a-59-anys\/"]}]},{"@type":"ImageObject","inLanguage":"ca","@id":"https:\/\/www.lafarga.com\/corporatiu\/primera-setmana-de-vacunacio-en-la-franja-de-50-a-59-anys\/#primaryimage","url":"https:\/\/www.lafarga.com\/corporatiu\/wp-content\/uploads\/2021\/05\/Vacunacio-Farga-1-Covid.png","contentUrl":"https:\/\/www.lafarga.com\/corporatiu\/wp-content\/uploads\/2021\/05\/Vacunacio-Farga-1-Covid.png","width":730,"height":410,"caption":"Vacunacio 50 59 anys"},{"@type":"BreadcrumbList","@id":"https:\/\/www.lafarga.com\/corporatiu\/primera-setmana-de-vacunacio-en-la-franja-de-50-a-59-anys\/#breadcrumb","itemListElement":[{"@type":"ListItem","position":1,"name":"Home","item":"https:\/\/www.lafarga.com\/corporatiu\/lafarga-hospitalet-llobregat\/"},{"@type":"ListItem","position":2,"name":"Primera setmana de vacunaci\u00f3 en la franja de 50 a 59 anys"}]},{"@type":"WebSite","@id":"https:\/\/www.lafarga.com\/corporatiu\/#website","url":"https:\/\/www.lafarga.com\/corporatiu\/","name":"La Farga Gesti\u00f3 d&#039;Equipaments Municipals, SA","description":"","publisher":{"@id":"https:\/\/www.lafarga.com\/corporatiu\/#organization"},"potentialAction":[{"@type":"SearchAction","target":{"@type":"EntryPoint","urlTemplate":"https:\/\/www.lafarga.com\/corporatiu\/?s={search_term_string}"},"query-input":{"@type":"PropertyValueSpecification","valueRequired":true,"valueName":"search_term_string"}}],"inLanguage":"ca"},{"@type":"Organization","@id":"https:\/\/www.lafarga.com\/corporatiu\/#organization","name":"La Farga Gesti\u00f3 d&#039;Equipaments Municipals, SA","url":"https:\/\/www.lafarga.com\/corporatiu\/","logo":{"@type":"ImageObject","inLanguage":"ca","@id":"https:\/\/www.lafarga.com\/corporatiu\/#\/schema\/logo\/image\/","url":"https:\/\/www.lafarga.com\/corporatiu\/wp-content\/uploads\/2023\/11\/logotipo_lafarga_gemsa.svg","contentUrl":"https:\/\/www.lafarga.com\/corporatiu\/wp-content\/uploads\/2023\/11\/logotipo_lafarga_gemsa.svg","width":102,"height":103,"caption":"La Farga Gesti\u00f3 d&#039;Equipaments Municipals, SA"},"image":{"@id":"https:\/\/www.lafarga.com\/corporatiu\/#\/schema\/logo\/image\/"}},{"@type":"Person","@id":"https:\/\/www.lafarga.com\/corporatiu\/#\/schema\/person\/70d96fe17d0da1a9c9e80d232bdbcf33","name":"\u00d2scar Milla","image":{"@type":"ImageObject","inLanguage":"ca","@id":"https:\/\/secure.gravatar.com\/avatar\/92e75d184f9d5e0e403bd4ad075b080ad258344ddc259adddb579f6a3ba6494f?s=96&d=mm&r=g","url":"https:\/\/secure.gravatar.com\/avatar\/92e75d184f9d5e0e403bd4ad075b080ad258344ddc259adddb579f6a3ba6494f?s=96&d=mm&r=g","contentUrl":"https:\/\/secure.gravatar.com\/avatar\/92e75d184f9d5e0e403bd4ad075b080ad258344ddc259adddb579f6a3ba6494f?s=96&d=mm&r=g","caption":"\u00d2scar Milla"},"url":"https:\/\/www.lafarga.com\/corporatiu\/author\/omilla\/"}]}},"uagb_featured_image_src":{"full":["https:\/\/www.lafarga.com\/corporatiu\/wp-content\/uploads\/2021\/05\/Vacunacio-Farga-1-Covid.png",730,410,false],"thumbnail":["https:\/\/www.lafarga.com\/corporatiu\/wp-content\/uploads\/2021\/05\/Vacunacio-Farga-1-Covid-150x150.png",150,150,true],"medium":["https:\/\/www.lafarga.com\/corporatiu\/wp-content\/uploads\/2021\/05\/Vacunacio-Farga-1-Covid-300x168.png",300,168,true],"medium_large":["https:\/\/www.lafarga.com\/corporatiu\/wp-content\/uploads\/2021\/05\/Vacunacio-Farga-1-Covid.png",730,410,false],"large":["https:\/\/www.lafarga.com\/corporatiu\/wp-content\/uploads\/2021\/05\/Vacunacio-Farga-1-Covid.png",730,410,false],"1536x1536":["https:\/\/www.lafarga.com\/corporatiu\/wp-content\/uploads\/2021\/05\/Vacunacio-Farga-1-Covid.png",730,410,false],"2048x2048":["https:\/\/www.lafarga.com\/corporatiu\/wp-content\/uploads\/2021\/05\/Vacunacio-Farga-1-Covid.png",730,410,false],"mailpoet_newsletter_max":["https:\/\/www.lafarga.com\/corporatiu\/wp-content\/uploads\/2021\/05\/Vacunacio-Farga-1-Covid.png",730,410,false]},"uagb_author_info":{"display_name":"\u00d2scar Milla","author_link":"https:\/\/www.lafarga.com\/corporatiu\/author\/omilla\/"},"uagb_comment_info":0,"uagb_excerpt":"Ja est\u00e0 en marxa a La Farga Congress la vacunaci\u00f3 per a les persones de la franja d\u2019edat entre 50 i 59 anys. Durant aquest dies les persones nascudes entre els anys 1962-1970 reben un missatge SMS.","_links":{"self":[{"href":"https:\/\/www.lafarga.com\/corporatiu\/wp-json\/wp\/v2\/posts\/15706","targetHints":{"allow":["GET"]}}],"collection":[{"href":"https:\/\/www.lafarga.com\/corporatiu\/wp-json\/wp\/v2\/posts"}],"about":[{"href":"https:\/\/www.lafarga.com\/corporatiu\/wp-json\/wp\/v2\/types\/post"}],"author":[{"embeddable":true,"href":"https:\/\/www.lafarga.com\/corporatiu\/wp-json\/wp\/v2\/users\/5"}],"replies":[{"embeddable":true,"href":"https:\/\/www.lafarga.com\/corporatiu\/wp-json\/wp\/v2\/comments?post=15706"}],"version-history":[{"count":2,"href":"https:\/\/www.lafarga.com\/corporatiu\/wp-json\/wp\/v2\/posts\/15706\/revisions"}],"predecessor-version":[{"id":15711,"href":"https:\/\/www.lafarga.com\/corporatiu\/wp-json\/wp\/v2\/posts\/15706\/revisions\/15711"}],"wp:featuredmedia":[{"embeddable":true,"href":"https:\/\/www.lafarga.com\/corporatiu\/wp-json\/wp\/v2\/media\/15707"}],"wp:attachment":[{"href":"https:\/\/www.lafarga.com\/corporatiu\/wp-json\/wp\/v2\/media?parent=15706"}],"wp:term":[{"taxonomy":"category","embeddable":true,"href":"https:\/\/www.lafarga.com\/corporatiu\/wp-json\/wp\/v2\/categories?post=15706"},{"taxonomy":"post_tag","embeddable":true,"href":"https:\/\/www.lafarga.com\/corporatiu\/wp-json\/wp\/v2\/tags?post=15706"}],"curies":[{"name":"wp","href":"https:\/\/api.w.org\/{rel}","templated":true}]}}