{"id":15702,"date":"2021-05-13T10:58:13","date_gmt":"2021-05-13T10:58:13","guid":{"rendered":"http:\/\/www.lafarga.com\/corporatiu\/?p=15702"},"modified":"2021-05-13T11:24:40","modified_gmt":"2021-05-13T11:24:40","slug":"nuevas-actividades-en-la-farga-adaptadas-y-seguras","status":"publish","type":"post","link":"https:\/\/www.lafarga.com\/corporatiu\/nuevas-actividades-en-la-farga-adaptadas-y-seguras\/","title":{"rendered":"Nuevas actividades en La Farga, adaptadas y seguras"},"content":{"rendered":"\n<h5 class=\"wp-block-heading\">Vuelven los actos multitudinarios en un recinto preparado y adaptado a las circunstancias<\/h5>\n\n\n\n<p><strong><a href=\"https:\/\/www.omnium.cat\/es\/omnium\/\" target=\"_blank\" rel=\"noreferrer noopener\">\u00d2mnium Cultural<\/a><\/strong>&nbsp;ha celebrado este mi\u00e9rcoles un acto de posicionamiento p\u00fablico bajo el lema \u201cFem-nos lliures\u201d, con la asistencia de diferentes personalidades del Gobierno de Catalu\u00f1a y del Parlamento de Catalu\u00f1a, as\u00ed como los representantes de la sociedad civil, desde sindicatos a entidades sociales, culturales y deportivas, y la Junta Nacional de \u00d2mnium, con su presidente al frente Jordi Cuixart.<\/p>\n\n\n\n<p>Este acto ha confirmado que, en este escenario de pandemia, se pueden celebrar diferentes actividades adaptadas, en diferentes formatos, de forma segura y cumpliendo con las medidas vigentes marcadas por las autoridades sanitarias.<\/p>\n\n\n\n<p>El acto de \u00d2mnium ha acogido unas 250 personas, todas sentadas, con la distancia de 2 metros entre silla y filas. El equipo t\u00e9cnico de La Farga Centro de Actividades ha colaborado estrechamente con el organizador, tal y como es habitual, en la implementaci\u00f3n y dise\u00f1o del acontecimento.<\/p>\n\n\n\n<p>Este acto tambi\u00e9n ha sido transmitido en directo v\u00eda streaming, con lo cual diferentes salas del recinto tambi\u00e9n han servido para situar todos los controles de realizaci\u00f3n y producci\u00f3n, as\u00ed como las salas para la organizaci\u00f3n.<\/p>\n\n\n\n<p>La Farga Centro de Actividades ha sido y est\u00e1 a punto para poder hacer celebraciones adaptadas de todo tipo con la asistencia de p\u00fablico, desde conciertos, convenciones, congresos y jornadas, tal y como se ha podido comprobar en los recientes conciertos de Fiestas de Primavera, con la asistencia de 1.000 personas en cada concierto, y el acto de este mi\u00e9rcoles de \u00d2mnium Cultural.<\/p>\n\n\n\n<p>La amplitud de sus espacios y los diferentes accesos al recinto permiten que La Farga sea un espacio seguro, con el cumplimiento de las medidas actuales, y que a medida que avance la vacunaci\u00f3n se ir\u00e1n relajando. A estas alturas, esto permite seguir celebrando diferentes ex\u00e1menes multitudinarios de varias administraciones, que ya tenemos en&nbsp;agenda, correspondientes a pruebas de selecci\u00f3n de personal.<\/p>\n","protected":false},"excerpt":{"rendered":"<p>\u00d2mnium Cultural ha celebrado este mi\u00e9rcoles un acto de posicionamiento p\u00fablico. Esta actividad ha confirmado que, en este escenario de pandemia, se pueden celebrar diferentes actos, en diferentes formatos.<\/p>\n","protected":false},"author":5,"featured_media":15700,"comment_status":"closed","ping_status":"closed","sticky":false,"template":"","format":"standard","meta":{"inline_featured_image":false,"_uag_custom_page_level_css":"","_monsterinsights_skip_tracking":false,"_monsterinsights_sitenote_active":false,"_monsterinsights_sitenote_note":"","_monsterinsights_sitenote_category":0,"site-sidebar-layout":"default","site-content-layout":"","ast-site-content-layout":"default","site-content-style":"default","site-sidebar-style":"default","ast-global-header-display":"","ast-banner-title-visibility":"","ast-main-header-display":"","ast-hfb-above-header-display":"","ast-hfb-below-header-display":"","ast-hfb-mobile-header-display":"","site-post-title":"","ast-breadcrumbs-content":"","ast-featured-img":"","footer-sml-layout":"","ast-disable-related-posts":"","theme-transparent-header-meta":"","adv-header-id-meta":"","stick-header-meta":"","header-above-stick-meta":"","header-main-stick-meta":"","header-below-stick-meta":"","astra-migrate-meta-layouts":"default","ast-page-background-enabled":"default","ast-page-background-meta":{"desktop":{"background-color":"var(--ast-global-color-4)","background-image":"","background-repeat":"repeat","background-position":"center center","background-size":"auto","background-attachment":"scroll","background-type":"","background-media":"","overlay-type":"","overlay-color":"","overlay-opacity":"","overlay-gradient":""},"tablet":{"background-color":"","background-image":"","background-repeat":"repeat","background-position":"center center","background-size":"auto","background-attachment":"scroll","background-type":"","background-media":"","overlay-type":"","overlay-color":"","overlay-opacity":"","overlay-gradient":""},"mobile":{"background-color":"","background-image":"","background-repeat":"repeat","background-position":"center center","background-size":"auto","background-attachment":"scroll","background-type":"","background-media":"","overlay-type":"","overlay-color":"","overlay-opacity":"","overlay-gradient":""}},"ast-content-background-meta":{"desktop":{"background-color":"var(--ast-global-color-5)","background-image":"","background-repeat":"repeat","background-position":"center center","background-size":"auto","background-attachment":"scroll","background-type":"","background-media":"","overlay-type":"","overlay-color":"","overlay-opacity":"","overlay-gradient":""},"tablet":{"background-color":"var(--ast-global-color-5)","background-image":"","background-repeat":"repeat","background-position":"center center","background-size":"auto","background-attachment":"scroll","background-type":"","background-media":"","overlay-type":"","overlay-color":"","overlay-opacity":"","overlay-gradient":""},"mobile":{"background-color":"var(--ast-global-color-5)","background-image":"","background-repeat":"repeat","background-position":"center center","background-size":"auto","background-attachment":"scroll","background-type":"","background-media":"","overlay-type":"","overlay-color":"","overlay-opacity":"","overlay-gradient":""}},"footnotes":""},"categories":[73],"tags":[],"class_list":["post-15702","post","type-post","status-publish","format-standard","has-post-thumbnail","hentry","category-centro-de-actividades"],"yoast_head":"<!-- This site is optimized with the Yoast SEO plugin v27.4 - https:\/\/yoast.com\/product\/yoast-seo-wordpress\/ -->\n<title>Nuevas actividades en La Farga, adaptadas y seguras - La Farga Gesti\u00f3n de Equipamientos Municipales, S.A.<\/title>\n<meta name=\"description\" content=\"La Farga Centre d\u2019Activitats est\u00e0 a punt per fer celebracions adaptades de tot tipus amb p\u00fablic com concerts, congressos i jornades.\" \/>\n<meta name=\"robots\" content=\"index, follow, max-snippet:-1, max-image-preview:large, max-video-preview:-1\" \/>\n<link rel=\"canonical\" href=\"https:\/\/www.lafarga.com\/corporatiu\/nuevas-actividades-en-la-farga-adaptadas-y-seguras\/\" \/>\n<meta property=\"og:locale\" content=\"ca_ES\" \/>\n<meta property=\"og:type\" content=\"article\" \/>\n<meta property=\"og:title\" content=\"Nuevas actividades en La Farga, adaptadas y seguras - La Farga Gesti\u00f3n de Equipamientos Municipales, S.A.\" \/>\n<meta property=\"og:description\" content=\"La Farga Centre d\u2019Activitats est\u00e0 a punt per fer celebracions adaptades de tot tipus amb p\u00fablic com concerts, congressos i jornades.\" \/>\n<meta property=\"og:url\" content=\"https:\/\/www.lafarga.com\/corporatiu\/nuevas-actividades-en-la-farga-adaptadas-y-seguras\/\" \/>\n<meta property=\"og:site_name\" content=\"La Farga Gesti\u00f3n de Equipamientos Municipales, S.A.\" \/>\n<meta property=\"article:published_time\" content=\"2021-05-13T10:58:13+00:00\" \/>\n<meta property=\"article:modified_time\" content=\"2021-05-13T11:24:40+00:00\" \/>\n<meta property=\"og:image\" content=\"https:\/\/www.lafarga.com\/corporatiu\/wp-content\/uploads\/2021\/05\/Omnium-Farga.png\" \/>\n\t<meta property=\"og:image:width\" content=\"730\" \/>\n\t<meta property=\"og:image:height\" content=\"410\" \/>\n\t<meta property=\"og:image:type\" content=\"image\/png\" \/>\n<meta name=\"author\" content=\"\u00d2scar Milla\" \/>\n<meta name=\"twitter:label1\" content=\"Escrit per\" \/>\n\t<meta name=\"twitter:data1\" content=\"\u00d2scar Milla\" \/>\n\t<meta name=\"twitter:label2\" content=\"Temps estimat de lectura\" \/>\n\t<meta name=\"twitter:data2\" content=\"2 minuts\" \/>\n<script type=\"application\/ld+json\" class=\"yoast-schema-graph\">{\"@context\":\"https:\\\/\\\/schema.org\",\"@graph\":[{\"@type\":\"Article\",\"@id\":\"https:\\\/\\\/www.lafarga.com\\\/corporatiu\\\/nuevas-actividades-en-la-farga-adaptadas-y-seguras\\\/#article\",\"isPartOf\":{\"@id\":\"https:\\\/\\\/www.lafarga.com\\\/corporatiu\\\/nuevas-actividades-en-la-farga-adaptadas-y-seguras\\\/\"},\"author\":{\"name\":\"\u00d2scar Milla\",\"@id\":\"https:\\\/\\\/www.lafarga.com\\\/corporatiu\\\/#\\\/schema\\\/person\\\/70d96fe17d0da1a9c9e80d232bdbcf33\"},\"headline\":\"Nuevas actividades en La Farga, adaptadas y seguras\",\"datePublished\":\"2021-05-13T10:58:13+00:00\",\"dateModified\":\"2021-05-13T11:24:40+00:00\",\"mainEntityOfPage\":{\"@id\":\"https:\\\/\\\/www.lafarga.com\\\/corporatiu\\\/nuevas-actividades-en-la-farga-adaptadas-y-seguras\\\/\"},\"wordCount\":341,\"publisher\":{\"@id\":\"https:\\\/\\\/www.lafarga.com\\\/corporatiu\\\/#organization\"},\"image\":{\"@id\":\"https:\\\/\\\/www.lafarga.com\\\/corporatiu\\\/nuevas-actividades-en-la-farga-adaptadas-y-seguras\\\/#primaryimage\"},\"thumbnailUrl\":\"https:\\\/\\\/www.lafarga.com\\\/corporatiu\\\/wp-content\\\/uploads\\\/2021\\\/05\\\/Omnium-Farga.png\",\"articleSection\":[\"Centro de Actividades\"],\"inLanguage\":\"ca\"},{\"@type\":\"WebPage\",\"@id\":\"https:\\\/\\\/www.lafarga.com\\\/corporatiu\\\/nuevas-actividades-en-la-farga-adaptadas-y-seguras\\\/\",\"url\":\"https:\\\/\\\/www.lafarga.com\\\/corporatiu\\\/nuevas-actividades-en-la-farga-adaptadas-y-seguras\\\/\",\"name\":\"Nuevas actividades en La Farga, adaptadas y seguras - La Farga Gesti\u00f3n de Equipamientos Municipales, S.A.\",\"isPartOf\":{\"@id\":\"https:\\\/\\\/www.lafarga.com\\\/corporatiu\\\/#website\"},\"primaryImageOfPage\":{\"@id\":\"https:\\\/\\\/www.lafarga.com\\\/corporatiu\\\/nuevas-actividades-en-la-farga-adaptadas-y-seguras\\\/#primaryimage\"},\"image\":{\"@id\":\"https:\\\/\\\/www.lafarga.com\\\/corporatiu\\\/nuevas-actividades-en-la-farga-adaptadas-y-seguras\\\/#primaryimage\"},\"thumbnailUrl\":\"https:\\\/\\\/www.lafarga.com\\\/corporatiu\\\/wp-content\\\/uploads\\\/2021\\\/05\\\/Omnium-Farga.png\",\"datePublished\":\"2021-05-13T10:58:13+00:00\",\"dateModified\":\"2021-05-13T11:24:40+00:00\",\"description\":\"La Farga Centre d\u2019Activitats est\u00e0 a punt per fer celebracions adaptades de tot tipus amb p\u00fablic com concerts, congressos i jornades.\",\"breadcrumb\":{\"@id\":\"https:\\\/\\\/www.lafarga.com\\\/corporatiu\\\/nuevas-actividades-en-la-farga-adaptadas-y-seguras\\\/#breadcrumb\"},\"inLanguage\":\"ca\",\"potentialAction\":[{\"@type\":\"ReadAction\",\"target\":[\"https:\\\/\\\/www.lafarga.com\\\/corporatiu\\\/nuevas-actividades-en-la-farga-adaptadas-y-seguras\\\/\"]}]},{\"@type\":\"ImageObject\",\"inLanguage\":\"ca\",\"@id\":\"https:\\\/\\\/www.lafarga.com\\\/corporatiu\\\/nuevas-actividades-en-la-farga-adaptadas-y-seguras\\\/#primaryimage\",\"url\":\"https:\\\/\\\/www.lafarga.com\\\/corporatiu\\\/wp-content\\\/uploads\\\/2021\\\/05\\\/Omnium-Farga.png\",\"contentUrl\":\"https:\\\/\\\/www.lafarga.com\\\/corporatiu\\\/wp-content\\\/uploads\\\/2021\\\/05\\\/Omnium-Farga.png\",\"width\":730,\"height\":410,\"caption\":\"Activitats adaptades\"},{\"@type\":\"BreadcrumbList\",\"@id\":\"https:\\\/\\\/www.lafarga.com\\\/corporatiu\\\/nuevas-actividades-en-la-farga-adaptadas-y-seguras\\\/#breadcrumb\",\"itemListElement\":[{\"@type\":\"ListItem\",\"position\":1,\"name\":\"Home\",\"item\":\"https:\\\/\\\/www.lafarga.com\\\/corporatiu\\\/lafarga-hospitalet-llobregat\\\/\"},{\"@type\":\"ListItem\",\"position\":2,\"name\":\"Nuevas actividades en La Farga, adaptadas y seguras\"}]},{\"@type\":\"WebSite\",\"@id\":\"https:\\\/\\\/www.lafarga.com\\\/corporatiu\\\/#website\",\"url\":\"https:\\\/\\\/www.lafarga.com\\\/corporatiu\\\/\",\"name\":\"La Farga Gesti\u00f3 d&#039;Equipaments Municipals, SA\",\"description\":\"\",\"publisher\":{\"@id\":\"https:\\\/\\\/www.lafarga.com\\\/corporatiu\\\/#organization\"},\"potentialAction\":[{\"@type\":\"SearchAction\",\"target\":{\"@type\":\"EntryPoint\",\"urlTemplate\":\"https:\\\/\\\/www.lafarga.com\\\/corporatiu\\\/?s={search_term_string}\"},\"query-input\":{\"@type\":\"PropertyValueSpecification\",\"valueRequired\":true,\"valueName\":\"search_term_string\"}}],\"inLanguage\":\"ca\"},{\"@type\":\"Organization\",\"@id\":\"https:\\\/\\\/www.lafarga.com\\\/corporatiu\\\/#organization\",\"name\":\"La Farga Gesti\u00f3 d&#039;Equipaments Municipals, SA\",\"url\":\"https:\\\/\\\/www.lafarga.com\\\/corporatiu\\\/\",\"logo\":{\"@type\":\"ImageObject\",\"inLanguage\":\"ca\",\"@id\":\"https:\\\/\\\/www.lafarga.com\\\/corporatiu\\\/#\\\/schema\\\/logo\\\/image\\\/\",\"url\":\"https:\\\/\\\/www.lafarga.com\\\/corporatiu\\\/wp-content\\\/uploads\\\/2023\\\/11\\\/logotipo_lafarga_gemsa.svg\",\"contentUrl\":\"https:\\\/\\\/www.lafarga.com\\\/corporatiu\\\/wp-content\\\/uploads\\\/2023\\\/11\\\/logotipo_lafarga_gemsa.svg\",\"width\":102,\"height\":103,\"caption\":\"La Farga Gesti\u00f3 d&#039;Equipaments Municipals, SA\"},\"image\":{\"@id\":\"https:\\\/\\\/www.lafarga.com\\\/corporatiu\\\/#\\\/schema\\\/logo\\\/image\\\/\"}},{\"@type\":\"Person\",\"@id\":\"https:\\\/\\\/www.lafarga.com\\\/corporatiu\\\/#\\\/schema\\\/person\\\/70d96fe17d0da1a9c9e80d232bdbcf33\",\"name\":\"\u00d2scar Milla\",\"image\":{\"@type\":\"ImageObject\",\"inLanguage\":\"ca\",\"@id\":\"https:\\\/\\\/secure.gravatar.com\\\/avatar\\\/92e75d184f9d5e0e403bd4ad075b080ad258344ddc259adddb579f6a3ba6494f?s=96&d=mm&r=g\",\"url\":\"https:\\\/\\\/secure.gravatar.com\\\/avatar\\\/92e75d184f9d5e0e403bd4ad075b080ad258344ddc259adddb579f6a3ba6494f?s=96&d=mm&r=g\",\"contentUrl\":\"https:\\\/\\\/secure.gravatar.com\\\/avatar\\\/92e75d184f9d5e0e403bd4ad075b080ad258344ddc259adddb579f6a3ba6494f?s=96&d=mm&r=g\",\"caption\":\"\u00d2scar Milla\"},\"url\":\"https:\\\/\\\/www.lafarga.com\\\/corporatiu\\\/author\\\/omilla\\\/\"}]}<\/script>\n<!-- \/ Yoast SEO plugin. -->","yoast_head_json":{"title":"Nuevas actividades en La Farga, adaptadas y seguras - La Farga Gesti\u00f3n de Equipamientos Municipales, S.A.","description":"La Farga Centre d\u2019Activitats est\u00e0 a punt per fer celebracions adaptades de tot tipus amb p\u00fablic com concerts, congressos i jornades.","robots":{"index":"index","follow":"follow","max-snippet":"max-snippet:-1","max-image-preview":"max-image-preview:large","max-video-preview":"max-video-preview:-1"},"canonical":"https:\/\/www.lafarga.com\/corporatiu\/nuevas-actividades-en-la-farga-adaptadas-y-seguras\/","og_locale":"ca_ES","og_type":"article","og_title":"Nuevas actividades en La Farga, adaptadas y seguras - La Farga Gesti\u00f3n de Equipamientos Municipales, S.A.","og_description":"La Farga Centre d\u2019Activitats est\u00e0 a punt per fer celebracions adaptades de tot tipus amb p\u00fablic com concerts, congressos i jornades.","og_url":"https:\/\/www.lafarga.com\/corporatiu\/nuevas-actividades-en-la-farga-adaptadas-y-seguras\/","og_site_name":"La Farga Gesti\u00f3n de Equipamientos Municipales, S.A.","article_published_time":"2021-05-13T10:58:13+00:00","article_modified_time":"2021-05-13T11:24:40+00:00","og_image":[{"width":730,"height":410,"url":"https:\/\/www.lafarga.com\/corporatiu\/wp-content\/uploads\/2021\/05\/Omnium-Farga.png","type":"image\/png"}],"author":"\u00d2scar Milla","twitter_misc":{"Escrit per":"\u00d2scar Milla","Temps estimat de lectura":"2 minuts"},"schema":{"@context":"https:\/\/schema.org","@graph":[{"@type":"Article","@id":"https:\/\/www.lafarga.com\/corporatiu\/nuevas-actividades-en-la-farga-adaptadas-y-seguras\/#article","isPartOf":{"@id":"https:\/\/www.lafarga.com\/corporatiu\/nuevas-actividades-en-la-farga-adaptadas-y-seguras\/"},"author":{"name":"\u00d2scar Milla","@id":"https:\/\/www.lafarga.com\/corporatiu\/#\/schema\/person\/70d96fe17d0da1a9c9e80d232bdbcf33"},"headline":"Nuevas actividades en La Farga, adaptadas y seguras","datePublished":"2021-05-13T10:58:13+00:00","dateModified":"2021-05-13T11:24:40+00:00","mainEntityOfPage":{"@id":"https:\/\/www.lafarga.com\/corporatiu\/nuevas-actividades-en-la-farga-adaptadas-y-seguras\/"},"wordCount":341,"publisher":{"@id":"https:\/\/www.lafarga.com\/corporatiu\/#organization"},"image":{"@id":"https:\/\/www.lafarga.com\/corporatiu\/nuevas-actividades-en-la-farga-adaptadas-y-seguras\/#primaryimage"},"thumbnailUrl":"https:\/\/www.lafarga.com\/corporatiu\/wp-content\/uploads\/2021\/05\/Omnium-Farga.png","articleSection":["Centro de Actividades"],"inLanguage":"ca"},{"@type":"WebPage","@id":"https:\/\/www.lafarga.com\/corporatiu\/nuevas-actividades-en-la-farga-adaptadas-y-seguras\/","url":"https:\/\/www.lafarga.com\/corporatiu\/nuevas-actividades-en-la-farga-adaptadas-y-seguras\/","name":"Nuevas actividades en La Farga, adaptadas y seguras - La Farga Gesti\u00f3n de Equipamientos Municipales, S.A.","isPartOf":{"@id":"https:\/\/www.lafarga.com\/corporatiu\/#website"},"primaryImageOfPage":{"@id":"https:\/\/www.lafarga.com\/corporatiu\/nuevas-actividades-en-la-farga-adaptadas-y-seguras\/#primaryimage"},"image":{"@id":"https:\/\/www.lafarga.com\/corporatiu\/nuevas-actividades-en-la-farga-adaptadas-y-seguras\/#primaryimage"},"thumbnailUrl":"https:\/\/www.lafarga.com\/corporatiu\/wp-content\/uploads\/2021\/05\/Omnium-Farga.png","datePublished":"2021-05-13T10:58:13+00:00","dateModified":"2021-05-13T11:24:40+00:00","description":"La Farga Centre d\u2019Activitats est\u00e0 a punt per fer celebracions adaptades de tot tipus amb p\u00fablic com concerts, congressos i jornades.","breadcrumb":{"@id":"https:\/\/www.lafarga.com\/corporatiu\/nuevas-actividades-en-la-farga-adaptadas-y-seguras\/#breadcrumb"},"inLanguage":"ca","potentialAction":[{"@type":"ReadAction","target":["https:\/\/www.lafarga.com\/corporatiu\/nuevas-actividades-en-la-farga-adaptadas-y-seguras\/"]}]},{"@type":"ImageObject","inLanguage":"ca","@id":"https:\/\/www.lafarga.com\/corporatiu\/nuevas-actividades-en-la-farga-adaptadas-y-seguras\/#primaryimage","url":"https:\/\/www.lafarga.com\/corporatiu\/wp-content\/uploads\/2021\/05\/Omnium-Farga.png","contentUrl":"https:\/\/www.lafarga.com\/corporatiu\/wp-content\/uploads\/2021\/05\/Omnium-Farga.png","width":730,"height":410,"caption":"Activitats adaptades"},{"@type":"BreadcrumbList","@id":"https:\/\/www.lafarga.com\/corporatiu\/nuevas-actividades-en-la-farga-adaptadas-y-seguras\/#breadcrumb","itemListElement":[{"@type":"ListItem","position":1,"name":"Home","item":"https:\/\/www.lafarga.com\/corporatiu\/lafarga-hospitalet-llobregat\/"},{"@type":"ListItem","position":2,"name":"Nuevas actividades en La Farga, adaptadas y seguras"}]},{"@type":"WebSite","@id":"https:\/\/www.lafarga.com\/corporatiu\/#website","url":"https:\/\/www.lafarga.com\/corporatiu\/","name":"La Farga Gesti\u00f3 d&#039;Equipaments Municipals, SA","description":"","publisher":{"@id":"https:\/\/www.lafarga.com\/corporatiu\/#organization"},"potentialAction":[{"@type":"SearchAction","target":{"@type":"EntryPoint","urlTemplate":"https:\/\/www.lafarga.com\/corporatiu\/?s={search_term_string}"},"query-input":{"@type":"PropertyValueSpecification","valueRequired":true,"valueName":"search_term_string"}}],"inLanguage":"ca"},{"@type":"Organization","@id":"https:\/\/www.lafarga.com\/corporatiu\/#organization","name":"La Farga Gesti\u00f3 d&#039;Equipaments Municipals, SA","url":"https:\/\/www.lafarga.com\/corporatiu\/","logo":{"@type":"ImageObject","inLanguage":"ca","@id":"https:\/\/www.lafarga.com\/corporatiu\/#\/schema\/logo\/image\/","url":"https:\/\/www.lafarga.com\/corporatiu\/wp-content\/uploads\/2023\/11\/logotipo_lafarga_gemsa.svg","contentUrl":"https:\/\/www.lafarga.com\/corporatiu\/wp-content\/uploads\/2023\/11\/logotipo_lafarga_gemsa.svg","width":102,"height":103,"caption":"La Farga Gesti\u00f3 d&#039;Equipaments Municipals, SA"},"image":{"@id":"https:\/\/www.lafarga.com\/corporatiu\/#\/schema\/logo\/image\/"}},{"@type":"Person","@id":"https:\/\/www.lafarga.com\/corporatiu\/#\/schema\/person\/70d96fe17d0da1a9c9e80d232bdbcf33","name":"\u00d2scar Milla","image":{"@type":"ImageObject","inLanguage":"ca","@id":"https:\/\/secure.gravatar.com\/avatar\/92e75d184f9d5e0e403bd4ad075b080ad258344ddc259adddb579f6a3ba6494f?s=96&d=mm&r=g","url":"https:\/\/secure.gravatar.com\/avatar\/92e75d184f9d5e0e403bd4ad075b080ad258344ddc259adddb579f6a3ba6494f?s=96&d=mm&r=g","contentUrl":"https:\/\/secure.gravatar.com\/avatar\/92e75d184f9d5e0e403bd4ad075b080ad258344ddc259adddb579f6a3ba6494f?s=96&d=mm&r=g","caption":"\u00d2scar Milla"},"url":"https:\/\/www.lafarga.com\/corporatiu\/author\/omilla\/"}]}},"uagb_featured_image_src":{"full":["https:\/\/www.lafarga.com\/corporatiu\/wp-content\/uploads\/2021\/05\/Omnium-Farga.png",730,410,false],"thumbnail":["https:\/\/www.lafarga.com\/corporatiu\/wp-content\/uploads\/2021\/05\/Omnium-Farga-150x150.png",150,150,true],"medium":["https:\/\/www.lafarga.com\/corporatiu\/wp-content\/uploads\/2021\/05\/Omnium-Farga-300x168.png",300,168,true],"medium_large":["https:\/\/www.lafarga.com\/corporatiu\/wp-content\/uploads\/2021\/05\/Omnium-Farga.png",730,410,false],"large":["https:\/\/www.lafarga.com\/corporatiu\/wp-content\/uploads\/2021\/05\/Omnium-Farga.png",730,410,false],"1536x1536":["https:\/\/www.lafarga.com\/corporatiu\/wp-content\/uploads\/2021\/05\/Omnium-Farga.png",730,410,false],"2048x2048":["https:\/\/www.lafarga.com\/corporatiu\/wp-content\/uploads\/2021\/05\/Omnium-Farga.png",730,410,false],"mailpoet_newsletter_max":["https:\/\/www.lafarga.com\/corporatiu\/wp-content\/uploads\/2021\/05\/Omnium-Farga.png",730,410,false]},"uagb_author_info":{"display_name":"\u00d2scar Milla","author_link":"https:\/\/www.lafarga.com\/corporatiu\/author\/omilla\/"},"uagb_comment_info":0,"uagb_excerpt":"\u00d2mnium Cultural ha celebrado este mi\u00e9rcoles un acto de posicionamiento p\u00fablico. Esta actividad ha confirmado que, en este escenario de pandemia, se pueden celebrar diferentes actos, en diferentes formatos.","_links":{"self":[{"href":"https:\/\/www.lafarga.com\/corporatiu\/wp-json\/wp\/v2\/posts\/15702","targetHints":{"allow":["GET"]}}],"collection":[{"href":"https:\/\/www.lafarga.com\/corporatiu\/wp-json\/wp\/v2\/posts"}],"about":[{"href":"https:\/\/www.lafarga.com\/corporatiu\/wp-json\/wp\/v2\/types\/post"}],"author":[{"embeddable":true,"href":"https:\/\/www.lafarga.com\/corporatiu\/wp-json\/wp\/v2\/users\/5"}],"replies":[{"embeddable":true,"href":"https:\/\/www.lafarga.com\/corporatiu\/wp-json\/wp\/v2\/comments?post=15702"}],"version-history":[{"count":2,"href":"https:\/\/www.lafarga.com\/corporatiu\/wp-json\/wp\/v2\/posts\/15702\/revisions"}],"predecessor-version":[{"id":15704,"href":"https:\/\/www.lafarga.com\/corporatiu\/wp-json\/wp\/v2\/posts\/15702\/revisions\/15704"}],"wp:featuredmedia":[{"embeddable":true,"href":"https:\/\/www.lafarga.com\/corporatiu\/wp-json\/wp\/v2\/media\/15700"}],"wp:attachment":[{"href":"https:\/\/www.lafarga.com\/corporatiu\/wp-json\/wp\/v2\/media?parent=15702"}],"wp:term":[{"taxonomy":"category","embeddable":true,"href":"https:\/\/www.lafarga.com\/corporatiu\/wp-json\/wp\/v2\/categories?post=15702"},{"taxonomy":"post_tag","embeddable":true,"href":"https:\/\/www.lafarga.com\/corporatiu\/wp-json\/wp\/v2\/tags?post=15702"}],"curies":[{"name":"wp","href":"https:\/\/api.w.org\/{rel}","templated":true}]}}