{"id":15699,"date":"2021-05-13T10:52:56","date_gmt":"2021-05-13T10:52:56","guid":{"rendered":"http:\/\/www.lafarga.com\/corporatiu\/?p=15699"},"modified":"2021-05-13T11:25:35","modified_gmt":"2021-05-13T11:25:35","slug":"noves-activitats-a-la-farga-adaptades-i-segures","status":"publish","type":"post","link":"https:\/\/www.lafarga.com\/corporatiu\/noves-activitats-a-la-farga-adaptades-i-segures\/","title":{"rendered":"Noves activitats a La Farga, adaptades i segures"},"content":{"rendered":"\n<h5 class=\"wp-block-heading\"><strong>Tornen els actes multitudinaris en un recinte preparat i adaptat a les circumst\u00e0ncies<\/strong><\/h5>\n\n\n\n<p><strong><a href=\"https:\/\/www.omnium.cat\/ca\/\" target=\"_blank\" rel=\"noreferrer noopener\">\u00d2mnium Cultural<\/a><\/strong>&nbsp;ha celebrat aquest dimecres un acte de posicionament p\u00fablic sota el lema \u201cFem-nos lliures\u201d, amb l\u2019assist\u00e8ncia de diferents personalitats del Govern de Catalunya i del Parlament de Catalunya, aix\u00ed com els representants de la societat civil, des de sindicats a entitats socials, culturals i esportives, i la Junta Nacional d\u2019\u00d2mnium, amb el seu president al capdavant Jordi Cuixart.<\/p>\n\n\n\n<p>Aquest acte ha confirmat que, en aquest escenari de pand\u00e8mia, es poden celebrar diferents activitats adaptades, en diferents formats, de forma segura i complint amb les mesures vigents marcades per les autoritats sanit\u00e0ries.<\/p>\n\n\n\n<p>L\u2019acte d\u2019\u00d2mnium ha acollit unes 250 persones, totes assegudes, amb la dist\u00e0ncia de 2 metres entre cadira i files. L\u2019equip t\u00e8cnic de La Farga Centre d\u2019Activitats ha col\u00b7laborat estretament amb l\u2019organitzador, tal i com \u00e9s habitual, en la implementaci\u00f3 i disseny de l\u2019esdeveniment.<\/p>\n\n\n\n<p>Aquest acte tamb\u00e9 ha estat transm\u00e8s en directe via streaming, amb la qual cosa diferents sales del recinte tamb\u00e9 han servit per situar tots els controls de realitzaci\u00f3 i producci\u00f3, aix\u00ed com les sales per a l\u2019organitzaci\u00f3.<\/p>\n\n\n\n<p>La Farga Centre d\u2019Activitats ha estat i est\u00e0 a punt per poder fer celebracions adaptades de tot tipus amb l\u2019assist\u00e8ncia de p\u00fablic, des de concerts, convencions, congressos i jornades, tal i com s\u2019ha pogut comprovar en els recents concerts de Festes de Primavera, amb l\u2019assist\u00e8ncia de 1.000 persones en cada concert, i l\u2019acte d\u2019aquest dimecres d\u2019\u00d2mnium Cultural.<\/p>\n\n\n\n<p>L\u2019amplitud dels seus espais, i els diferents accessos al recinte permeten que La Farga sigui un espai segur, amb el compliment de les mesures actuals, que a mesura que avanci la vacunaci\u00f3 s\u2019aniran relaxant. A hores d\u2019ara, aix\u00f2 permet seguir celebrant diferents ex\u00e0mens multitudinaris de diverses administracions, que ja tenim en&nbsp;agenda, corresponents a proves de selecci\u00f3 de personal.<\/p>\n","protected":false},"excerpt":{"rendered":"<p>\u00d2mnium Cultural ha celebrat aquest dimecres un acte de posicionament p\u00fablic. Aquesta activitat ha confirmat que, en aquest escenari de pand\u00e8mia, es poden celebrar diferents actes, en diferents formats.<\/p>\n","protected":false},"author":5,"featured_media":15700,"comment_status":"closed","ping_status":"closed","sticky":false,"template":"","format":"standard","meta":{"inline_featured_image":false,"_uag_custom_page_level_css":"","_monsterinsights_skip_tracking":false,"_monsterinsights_sitenote_active":false,"_monsterinsights_sitenote_note":"","_monsterinsights_sitenote_category":0,"site-sidebar-layout":"default","site-content-layout":"","ast-site-content-layout":"default","site-content-style":"default","site-sidebar-style":"default","ast-global-header-display":"","ast-banner-title-visibility":"","ast-main-header-display":"","ast-hfb-above-header-display":"","ast-hfb-below-header-display":"","ast-hfb-mobile-header-display":"","site-post-title":"","ast-breadcrumbs-content":"","ast-featured-img":"","footer-sml-layout":"","ast-disable-related-posts":"","theme-transparent-header-meta":"","adv-header-id-meta":"","stick-header-meta":"","header-above-stick-meta":"","header-main-stick-meta":"","header-below-stick-meta":"","astra-migrate-meta-layouts":"default","ast-page-background-enabled":"default","ast-page-background-meta":{"desktop":{"background-color":"var(--ast-global-color-4)","background-image":"","background-repeat":"repeat","background-position":"center center","background-size":"auto","background-attachment":"scroll","background-type":"","background-media":"","overlay-type":"","overlay-color":"","overlay-opacity":"","overlay-gradient":""},"tablet":{"background-color":"","background-image":"","background-repeat":"repeat","background-position":"center center","background-size":"auto","background-attachment":"scroll","background-type":"","background-media":"","overlay-type":"","overlay-color":"","overlay-opacity":"","overlay-gradient":""},"mobile":{"background-color":"","background-image":"","background-repeat":"repeat","background-position":"center center","background-size":"auto","background-attachment":"scroll","background-type":"","background-media":"","overlay-type":"","overlay-color":"","overlay-opacity":"","overlay-gradient":""}},"ast-content-background-meta":{"desktop":{"background-color":"var(--ast-global-color-5)","background-image":"","background-repeat":"repeat","background-position":"center center","background-size":"auto","background-attachment":"scroll","background-type":"","background-media":"","overlay-type":"","overlay-color":"","overlay-opacity":"","overlay-gradient":""},"tablet":{"background-color":"var(--ast-global-color-5)","background-image":"","background-repeat":"repeat","background-position":"center center","background-size":"auto","background-attachment":"scroll","background-type":"","background-media":"","overlay-type":"","overlay-color":"","overlay-opacity":"","overlay-gradient":""},"mobile":{"background-color":"var(--ast-global-color-5)","background-image":"","background-repeat":"repeat","background-position":"center center","background-size":"auto","background-attachment":"scroll","background-type":"","background-media":"","overlay-type":"","overlay-color":"","overlay-opacity":"","overlay-gradient":""}},"footnotes":""},"categories":[49],"tags":[],"class_list":["post-15699","post","type-post","status-publish","format-standard","has-post-thumbnail","hentry","category-centre-activitats"],"yoast_head":"<!-- This site is optimized with the Yoast SEO plugin v27.4 - https:\/\/yoast.com\/product\/yoast-seo-wordpress\/ -->\n<title>Noves activitats a La Farga, adaptades i segures - La Farga Gesti\u00f3n de Equipamientos Municipales, S.A.<\/title>\n<meta name=\"description\" content=\"La Farga Centre d\u2019Activitats est\u00e0 a punt per fer celebracions adaptades de tot tipus amb p\u00fablic com concerts, congressos i jornades.\" \/>\n<meta name=\"robots\" content=\"index, follow, max-snippet:-1, max-image-preview:large, max-video-preview:-1\" \/>\n<link rel=\"canonical\" href=\"https:\/\/www.lafarga.com\/corporatiu\/noves-activitats-a-la-farga-adaptades-i-segures\/\" \/>\n<meta property=\"og:locale\" content=\"ca_ES\" \/>\n<meta property=\"og:type\" content=\"article\" \/>\n<meta property=\"og:title\" content=\"Noves activitats a La Farga, adaptades i segures - La Farga Gesti\u00f3n de Equipamientos Municipales, S.A.\" \/>\n<meta property=\"og:description\" content=\"La Farga Centre d\u2019Activitats est\u00e0 a punt per fer celebracions adaptades de tot tipus amb p\u00fablic com concerts, congressos i jornades.\" \/>\n<meta property=\"og:url\" content=\"https:\/\/www.lafarga.com\/corporatiu\/noves-activitats-a-la-farga-adaptades-i-segures\/\" \/>\n<meta property=\"og:site_name\" content=\"La Farga Gesti\u00f3n de Equipamientos Municipales, S.A.\" \/>\n<meta property=\"article:published_time\" content=\"2021-05-13T10:52:56+00:00\" \/>\n<meta property=\"article:modified_time\" content=\"2021-05-13T11:25:35+00:00\" \/>\n<meta property=\"og:image\" content=\"https:\/\/www.lafarga.com\/corporatiu\/wp-content\/uploads\/2021\/05\/Omnium-Farga.png\" \/>\n\t<meta property=\"og:image:width\" content=\"730\" \/>\n\t<meta property=\"og:image:height\" content=\"410\" \/>\n\t<meta property=\"og:image:type\" content=\"image\/png\" \/>\n<meta name=\"author\" content=\"\u00d2scar Milla\" \/>\n<meta name=\"twitter:label1\" content=\"Escrit per\" \/>\n\t<meta name=\"twitter:data1\" content=\"\u00d2scar Milla\" \/>\n\t<meta name=\"twitter:label2\" content=\"Temps estimat de lectura\" \/>\n\t<meta name=\"twitter:data2\" content=\"2 minuts\" \/>\n<script type=\"application\/ld+json\" class=\"yoast-schema-graph\">{\"@context\":\"https:\\\/\\\/schema.org\",\"@graph\":[{\"@type\":\"Article\",\"@id\":\"https:\\\/\\\/www.lafarga.com\\\/corporatiu\\\/noves-activitats-a-la-farga-adaptades-i-segures\\\/#article\",\"isPartOf\":{\"@id\":\"https:\\\/\\\/www.lafarga.com\\\/corporatiu\\\/noves-activitats-a-la-farga-adaptades-i-segures\\\/\"},\"author\":{\"name\":\"\u00d2scar Milla\",\"@id\":\"https:\\\/\\\/www.lafarga.com\\\/corporatiu\\\/#\\\/schema\\\/person\\\/70d96fe17d0da1a9c9e80d232bdbcf33\"},\"headline\":\"Noves activitats a La Farga, adaptades i segures\",\"datePublished\":\"2021-05-13T10:52:56+00:00\",\"dateModified\":\"2021-05-13T11:25:35+00:00\",\"mainEntityOfPage\":{\"@id\":\"https:\\\/\\\/www.lafarga.com\\\/corporatiu\\\/noves-activitats-a-la-farga-adaptades-i-segures\\\/\"},\"wordCount\":341,\"publisher\":{\"@id\":\"https:\\\/\\\/www.lafarga.com\\\/corporatiu\\\/#organization\"},\"image\":{\"@id\":\"https:\\\/\\\/www.lafarga.com\\\/corporatiu\\\/noves-activitats-a-la-farga-adaptades-i-segures\\\/#primaryimage\"},\"thumbnailUrl\":\"https:\\\/\\\/www.lafarga.com\\\/corporatiu\\\/wp-content\\\/uploads\\\/2021\\\/05\\\/Omnium-Farga.png\",\"articleSection\":[\"Centre d'Activitats\"],\"inLanguage\":\"ca\"},{\"@type\":\"WebPage\",\"@id\":\"https:\\\/\\\/www.lafarga.com\\\/corporatiu\\\/noves-activitats-a-la-farga-adaptades-i-segures\\\/\",\"url\":\"https:\\\/\\\/www.lafarga.com\\\/corporatiu\\\/noves-activitats-a-la-farga-adaptades-i-segures\\\/\",\"name\":\"Noves activitats a La Farga, adaptades i segures - La Farga Gesti\u00f3n de Equipamientos Municipales, S.A.\",\"isPartOf\":{\"@id\":\"https:\\\/\\\/www.lafarga.com\\\/corporatiu\\\/#website\"},\"primaryImageOfPage\":{\"@id\":\"https:\\\/\\\/www.lafarga.com\\\/corporatiu\\\/noves-activitats-a-la-farga-adaptades-i-segures\\\/#primaryimage\"},\"image\":{\"@id\":\"https:\\\/\\\/www.lafarga.com\\\/corporatiu\\\/noves-activitats-a-la-farga-adaptades-i-segures\\\/#primaryimage\"},\"thumbnailUrl\":\"https:\\\/\\\/www.lafarga.com\\\/corporatiu\\\/wp-content\\\/uploads\\\/2021\\\/05\\\/Omnium-Farga.png\",\"datePublished\":\"2021-05-13T10:52:56+00:00\",\"dateModified\":\"2021-05-13T11:25:35+00:00\",\"description\":\"La Farga Centre d\u2019Activitats est\u00e0 a punt per fer celebracions adaptades de tot tipus amb p\u00fablic com concerts, congressos i jornades.\",\"breadcrumb\":{\"@id\":\"https:\\\/\\\/www.lafarga.com\\\/corporatiu\\\/noves-activitats-a-la-farga-adaptades-i-segures\\\/#breadcrumb\"},\"inLanguage\":\"ca\",\"potentialAction\":[{\"@type\":\"ReadAction\",\"target\":[\"https:\\\/\\\/www.lafarga.com\\\/corporatiu\\\/noves-activitats-a-la-farga-adaptades-i-segures\\\/\"]}]},{\"@type\":\"ImageObject\",\"inLanguage\":\"ca\",\"@id\":\"https:\\\/\\\/www.lafarga.com\\\/corporatiu\\\/noves-activitats-a-la-farga-adaptades-i-segures\\\/#primaryimage\",\"url\":\"https:\\\/\\\/www.lafarga.com\\\/corporatiu\\\/wp-content\\\/uploads\\\/2021\\\/05\\\/Omnium-Farga.png\",\"contentUrl\":\"https:\\\/\\\/www.lafarga.com\\\/corporatiu\\\/wp-content\\\/uploads\\\/2021\\\/05\\\/Omnium-Farga.png\",\"width\":730,\"height\":410,\"caption\":\"Activitats adaptades\"},{\"@type\":\"BreadcrumbList\",\"@id\":\"https:\\\/\\\/www.lafarga.com\\\/corporatiu\\\/noves-activitats-a-la-farga-adaptades-i-segures\\\/#breadcrumb\",\"itemListElement\":[{\"@type\":\"ListItem\",\"position\":1,\"name\":\"Home\",\"item\":\"https:\\\/\\\/www.lafarga.com\\\/corporatiu\\\/lafarga-hospitalet-llobregat\\\/\"},{\"@type\":\"ListItem\",\"position\":2,\"name\":\"Noves activitats a La Farga, adaptades i segures\"}]},{\"@type\":\"WebSite\",\"@id\":\"https:\\\/\\\/www.lafarga.com\\\/corporatiu\\\/#website\",\"url\":\"https:\\\/\\\/www.lafarga.com\\\/corporatiu\\\/\",\"name\":\"La Farga Gesti\u00f3 d&#039;Equipaments Municipals, SA\",\"description\":\"\",\"publisher\":{\"@id\":\"https:\\\/\\\/www.lafarga.com\\\/corporatiu\\\/#organization\"},\"potentialAction\":[{\"@type\":\"SearchAction\",\"target\":{\"@type\":\"EntryPoint\",\"urlTemplate\":\"https:\\\/\\\/www.lafarga.com\\\/corporatiu\\\/?s={search_term_string}\"},\"query-input\":{\"@type\":\"PropertyValueSpecification\",\"valueRequired\":true,\"valueName\":\"search_term_string\"}}],\"inLanguage\":\"ca\"},{\"@type\":\"Organization\",\"@id\":\"https:\\\/\\\/www.lafarga.com\\\/corporatiu\\\/#organization\",\"name\":\"La Farga Gesti\u00f3 d&#039;Equipaments Municipals, SA\",\"url\":\"https:\\\/\\\/www.lafarga.com\\\/corporatiu\\\/\",\"logo\":{\"@type\":\"ImageObject\",\"inLanguage\":\"ca\",\"@id\":\"https:\\\/\\\/www.lafarga.com\\\/corporatiu\\\/#\\\/schema\\\/logo\\\/image\\\/\",\"url\":\"https:\\\/\\\/www.lafarga.com\\\/corporatiu\\\/wp-content\\\/uploads\\\/2023\\\/11\\\/logotipo_lafarga_gemsa.svg\",\"contentUrl\":\"https:\\\/\\\/www.lafarga.com\\\/corporatiu\\\/wp-content\\\/uploads\\\/2023\\\/11\\\/logotipo_lafarga_gemsa.svg\",\"width\":102,\"height\":103,\"caption\":\"La Farga Gesti\u00f3 d&#039;Equipaments Municipals, SA\"},\"image\":{\"@id\":\"https:\\\/\\\/www.lafarga.com\\\/corporatiu\\\/#\\\/schema\\\/logo\\\/image\\\/\"}},{\"@type\":\"Person\",\"@id\":\"https:\\\/\\\/www.lafarga.com\\\/corporatiu\\\/#\\\/schema\\\/person\\\/70d96fe17d0da1a9c9e80d232bdbcf33\",\"name\":\"\u00d2scar Milla\",\"image\":{\"@type\":\"ImageObject\",\"inLanguage\":\"ca\",\"@id\":\"https:\\\/\\\/secure.gravatar.com\\\/avatar\\\/92e75d184f9d5e0e403bd4ad075b080ad258344ddc259adddb579f6a3ba6494f?s=96&d=mm&r=g\",\"url\":\"https:\\\/\\\/secure.gravatar.com\\\/avatar\\\/92e75d184f9d5e0e403bd4ad075b080ad258344ddc259adddb579f6a3ba6494f?s=96&d=mm&r=g\",\"contentUrl\":\"https:\\\/\\\/secure.gravatar.com\\\/avatar\\\/92e75d184f9d5e0e403bd4ad075b080ad258344ddc259adddb579f6a3ba6494f?s=96&d=mm&r=g\",\"caption\":\"\u00d2scar Milla\"},\"url\":\"https:\\\/\\\/www.lafarga.com\\\/corporatiu\\\/author\\\/omilla\\\/\"}]}<\/script>\n<!-- \/ Yoast SEO plugin. -->","yoast_head_json":{"title":"Noves activitats a La Farga, adaptades i segures - La Farga Gesti\u00f3n de Equipamientos Municipales, S.A.","description":"La Farga Centre d\u2019Activitats est\u00e0 a punt per fer celebracions adaptades de tot tipus amb p\u00fablic com concerts, congressos i jornades.","robots":{"index":"index","follow":"follow","max-snippet":"max-snippet:-1","max-image-preview":"max-image-preview:large","max-video-preview":"max-video-preview:-1"},"canonical":"https:\/\/www.lafarga.com\/corporatiu\/noves-activitats-a-la-farga-adaptades-i-segures\/","og_locale":"ca_ES","og_type":"article","og_title":"Noves activitats a La Farga, adaptades i segures - La Farga Gesti\u00f3n de Equipamientos Municipales, S.A.","og_description":"La Farga Centre d\u2019Activitats est\u00e0 a punt per fer celebracions adaptades de tot tipus amb p\u00fablic com concerts, congressos i jornades.","og_url":"https:\/\/www.lafarga.com\/corporatiu\/noves-activitats-a-la-farga-adaptades-i-segures\/","og_site_name":"La Farga Gesti\u00f3n de Equipamientos Municipales, S.A.","article_published_time":"2021-05-13T10:52:56+00:00","article_modified_time":"2021-05-13T11:25:35+00:00","og_image":[{"width":730,"height":410,"url":"https:\/\/www.lafarga.com\/corporatiu\/wp-content\/uploads\/2021\/05\/Omnium-Farga.png","type":"image\/png"}],"author":"\u00d2scar Milla","twitter_misc":{"Escrit per":"\u00d2scar Milla","Temps estimat de lectura":"2 minuts"},"schema":{"@context":"https:\/\/schema.org","@graph":[{"@type":"Article","@id":"https:\/\/www.lafarga.com\/corporatiu\/noves-activitats-a-la-farga-adaptades-i-segures\/#article","isPartOf":{"@id":"https:\/\/www.lafarga.com\/corporatiu\/noves-activitats-a-la-farga-adaptades-i-segures\/"},"author":{"name":"\u00d2scar Milla","@id":"https:\/\/www.lafarga.com\/corporatiu\/#\/schema\/person\/70d96fe17d0da1a9c9e80d232bdbcf33"},"headline":"Noves activitats a La Farga, adaptades i segures","datePublished":"2021-05-13T10:52:56+00:00","dateModified":"2021-05-13T11:25:35+00:00","mainEntityOfPage":{"@id":"https:\/\/www.lafarga.com\/corporatiu\/noves-activitats-a-la-farga-adaptades-i-segures\/"},"wordCount":341,"publisher":{"@id":"https:\/\/www.lafarga.com\/corporatiu\/#organization"},"image":{"@id":"https:\/\/www.lafarga.com\/corporatiu\/noves-activitats-a-la-farga-adaptades-i-segures\/#primaryimage"},"thumbnailUrl":"https:\/\/www.lafarga.com\/corporatiu\/wp-content\/uploads\/2021\/05\/Omnium-Farga.png","articleSection":["Centre d'Activitats"],"inLanguage":"ca"},{"@type":"WebPage","@id":"https:\/\/www.lafarga.com\/corporatiu\/noves-activitats-a-la-farga-adaptades-i-segures\/","url":"https:\/\/www.lafarga.com\/corporatiu\/noves-activitats-a-la-farga-adaptades-i-segures\/","name":"Noves activitats a La Farga, adaptades i segures - La Farga Gesti\u00f3n de Equipamientos Municipales, S.A.","isPartOf":{"@id":"https:\/\/www.lafarga.com\/corporatiu\/#website"},"primaryImageOfPage":{"@id":"https:\/\/www.lafarga.com\/corporatiu\/noves-activitats-a-la-farga-adaptades-i-segures\/#primaryimage"},"image":{"@id":"https:\/\/www.lafarga.com\/corporatiu\/noves-activitats-a-la-farga-adaptades-i-segures\/#primaryimage"},"thumbnailUrl":"https:\/\/www.lafarga.com\/corporatiu\/wp-content\/uploads\/2021\/05\/Omnium-Farga.png","datePublished":"2021-05-13T10:52:56+00:00","dateModified":"2021-05-13T11:25:35+00:00","description":"La Farga Centre d\u2019Activitats est\u00e0 a punt per fer celebracions adaptades de tot tipus amb p\u00fablic com concerts, congressos i jornades.","breadcrumb":{"@id":"https:\/\/www.lafarga.com\/corporatiu\/noves-activitats-a-la-farga-adaptades-i-segures\/#breadcrumb"},"inLanguage":"ca","potentialAction":[{"@type":"ReadAction","target":["https:\/\/www.lafarga.com\/corporatiu\/noves-activitats-a-la-farga-adaptades-i-segures\/"]}]},{"@type":"ImageObject","inLanguage":"ca","@id":"https:\/\/www.lafarga.com\/corporatiu\/noves-activitats-a-la-farga-adaptades-i-segures\/#primaryimage","url":"https:\/\/www.lafarga.com\/corporatiu\/wp-content\/uploads\/2021\/05\/Omnium-Farga.png","contentUrl":"https:\/\/www.lafarga.com\/corporatiu\/wp-content\/uploads\/2021\/05\/Omnium-Farga.png","width":730,"height":410,"caption":"Activitats adaptades"},{"@type":"BreadcrumbList","@id":"https:\/\/www.lafarga.com\/corporatiu\/noves-activitats-a-la-farga-adaptades-i-segures\/#breadcrumb","itemListElement":[{"@type":"ListItem","position":1,"name":"Home","item":"https:\/\/www.lafarga.com\/corporatiu\/lafarga-hospitalet-llobregat\/"},{"@type":"ListItem","position":2,"name":"Noves activitats a La Farga, adaptades i segures"}]},{"@type":"WebSite","@id":"https:\/\/www.lafarga.com\/corporatiu\/#website","url":"https:\/\/www.lafarga.com\/corporatiu\/","name":"La Farga Gesti\u00f3 d&#039;Equipaments Municipals, SA","description":"","publisher":{"@id":"https:\/\/www.lafarga.com\/corporatiu\/#organization"},"potentialAction":[{"@type":"SearchAction","target":{"@type":"EntryPoint","urlTemplate":"https:\/\/www.lafarga.com\/corporatiu\/?s={search_term_string}"},"query-input":{"@type":"PropertyValueSpecification","valueRequired":true,"valueName":"search_term_string"}}],"inLanguage":"ca"},{"@type":"Organization","@id":"https:\/\/www.lafarga.com\/corporatiu\/#organization","name":"La Farga Gesti\u00f3 d&#039;Equipaments Municipals, SA","url":"https:\/\/www.lafarga.com\/corporatiu\/","logo":{"@type":"ImageObject","inLanguage":"ca","@id":"https:\/\/www.lafarga.com\/corporatiu\/#\/schema\/logo\/image\/","url":"https:\/\/www.lafarga.com\/corporatiu\/wp-content\/uploads\/2023\/11\/logotipo_lafarga_gemsa.svg","contentUrl":"https:\/\/www.lafarga.com\/corporatiu\/wp-content\/uploads\/2023\/11\/logotipo_lafarga_gemsa.svg","width":102,"height":103,"caption":"La Farga Gesti\u00f3 d&#039;Equipaments Municipals, SA"},"image":{"@id":"https:\/\/www.lafarga.com\/corporatiu\/#\/schema\/logo\/image\/"}},{"@type":"Person","@id":"https:\/\/www.lafarga.com\/corporatiu\/#\/schema\/person\/70d96fe17d0da1a9c9e80d232bdbcf33","name":"\u00d2scar Milla","image":{"@type":"ImageObject","inLanguage":"ca","@id":"https:\/\/secure.gravatar.com\/avatar\/92e75d184f9d5e0e403bd4ad075b080ad258344ddc259adddb579f6a3ba6494f?s=96&d=mm&r=g","url":"https:\/\/secure.gravatar.com\/avatar\/92e75d184f9d5e0e403bd4ad075b080ad258344ddc259adddb579f6a3ba6494f?s=96&d=mm&r=g","contentUrl":"https:\/\/secure.gravatar.com\/avatar\/92e75d184f9d5e0e403bd4ad075b080ad258344ddc259adddb579f6a3ba6494f?s=96&d=mm&r=g","caption":"\u00d2scar Milla"},"url":"https:\/\/www.lafarga.com\/corporatiu\/author\/omilla\/"}]}},"uagb_featured_image_src":{"full":["https:\/\/www.lafarga.com\/corporatiu\/wp-content\/uploads\/2021\/05\/Omnium-Farga.png",730,410,false],"thumbnail":["https:\/\/www.lafarga.com\/corporatiu\/wp-content\/uploads\/2021\/05\/Omnium-Farga-150x150.png",150,150,true],"medium":["https:\/\/www.lafarga.com\/corporatiu\/wp-content\/uploads\/2021\/05\/Omnium-Farga-300x168.png",300,168,true],"medium_large":["https:\/\/www.lafarga.com\/corporatiu\/wp-content\/uploads\/2021\/05\/Omnium-Farga.png",730,410,false],"large":["https:\/\/www.lafarga.com\/corporatiu\/wp-content\/uploads\/2021\/05\/Omnium-Farga.png",730,410,false],"1536x1536":["https:\/\/www.lafarga.com\/corporatiu\/wp-content\/uploads\/2021\/05\/Omnium-Farga.png",730,410,false],"2048x2048":["https:\/\/www.lafarga.com\/corporatiu\/wp-content\/uploads\/2021\/05\/Omnium-Farga.png",730,410,false],"mailpoet_newsletter_max":["https:\/\/www.lafarga.com\/corporatiu\/wp-content\/uploads\/2021\/05\/Omnium-Farga.png",730,410,false]},"uagb_author_info":{"display_name":"\u00d2scar Milla","author_link":"https:\/\/www.lafarga.com\/corporatiu\/author\/omilla\/"},"uagb_comment_info":0,"uagb_excerpt":"\u00d2mnium Cultural ha celebrat aquest dimecres un acte de posicionament p\u00fablic. Aquesta activitat ha confirmat que, en aquest escenari de pand\u00e8mia, es poden celebrar diferents actes, en diferents formats.","_links":{"self":[{"href":"https:\/\/www.lafarga.com\/corporatiu\/wp-json\/wp\/v2\/posts\/15699","targetHints":{"allow":["GET"]}}],"collection":[{"href":"https:\/\/www.lafarga.com\/corporatiu\/wp-json\/wp\/v2\/posts"}],"about":[{"href":"https:\/\/www.lafarga.com\/corporatiu\/wp-json\/wp\/v2\/types\/post"}],"author":[{"embeddable":true,"href":"https:\/\/www.lafarga.com\/corporatiu\/wp-json\/wp\/v2\/users\/5"}],"replies":[{"embeddable":true,"href":"https:\/\/www.lafarga.com\/corporatiu\/wp-json\/wp\/v2\/comments?post=15699"}],"version-history":[{"count":2,"href":"https:\/\/www.lafarga.com\/corporatiu\/wp-json\/wp\/v2\/posts\/15699\/revisions"}],"predecessor-version":[{"id":15705,"href":"https:\/\/www.lafarga.com\/corporatiu\/wp-json\/wp\/v2\/posts\/15699\/revisions\/15705"}],"wp:featuredmedia":[{"embeddable":true,"href":"https:\/\/www.lafarga.com\/corporatiu\/wp-json\/wp\/v2\/media\/15700"}],"wp:attachment":[{"href":"https:\/\/www.lafarga.com\/corporatiu\/wp-json\/wp\/v2\/media?parent=15699"}],"wp:term":[{"taxonomy":"category","embeddable":true,"href":"https:\/\/www.lafarga.com\/corporatiu\/wp-json\/wp\/v2\/categories?post=15699"},{"taxonomy":"post_tag","embeddable":true,"href":"https:\/\/www.lafarga.com\/corporatiu\/wp-json\/wp\/v2\/tags?post=15699"}],"curies":[{"name":"wp","href":"https:\/\/api.w.org\/{rel}","templated":true}]}}