{"id":15591,"date":"2021-04-23T08:07:32","date_gmt":"2021-04-23T08:07:32","guid":{"rendered":"http:\/\/www.lafarga.com\/corporatiu\/?p=15591"},"modified":"2021-04-23T08:09:10","modified_gmt":"2021-04-23T08:09:10","slug":"vuelve-la-musica-a-la-farga-con-los-conciertos-de-fiestas","status":"publish","type":"post","link":"https:\/\/www.lafarga.com\/corporatiu\/vuelve-la-musica-a-la-farga-con-los-conciertos-de-fiestas\/","title":{"rendered":"Vuelve la m\u00fasica a La Farga con los conciertos de Fiestas"},"content":{"rendered":"\n<h5 class=\"wp-block-heading\">Miki N\u00fa\u00f1ez, Miguel Poveda y El Pot Petit son los protagonistas de este a\u00f1o<\/h5>\n\n\n\n<p>La Farga Centro de Actividades vuelve a ser escenario de los conciertos de Fiestas de Primavera, este a\u00f1o marcados por la situaci\u00f3n sanitaria que permite, con todas las medidas necesarias, que vuelva la m\u00fasica en directo en el recinto.<\/p>\n\n\n\n<p>El Ayuntamiento de L&#8217;Hospitalet, organizador de las Fiestas de Primavera, da un paso adelante en la irreversible vuelta a la normalidad y apuesta abiertamente por la cultura y la m\u00fasica en directo con todas las medidas necesarias.<\/p>\n\n\n\n<p>Esta <strong><a href=\"https:\/\/www.lafarga.com\/corporatiu\/miki-nunez-miguel-poveda-y-el-pot-petit-conciertos-de-fiestas-de-primavera\/\" target=\"_blank\" rel=\"noreferrer noopener\">edici\u00f3n<\/a><\/strong> 2021, con un recinto especialmente adaptado para establecer todos los protocolos sanitarios, de aforo (con sillas numeradas) y de distancia social, tendr\u00e1 lugar los d\u00edas 23 y 24 de abril y la programaci\u00f3n incluye 3 nombres muy atractivos a sus respectivos \u00e1mbitos.<\/p>\n\n\n\n<p>El viernes, 23 de abril, Miki N\u00fa\u00f1ez (20h.) llevar\u00e1 toda su energ\u00eda y buenas vibraciones a La Farga, abriendo el ciclo con una propuesta llena de colores. El s\u00e1bado, 24 de abril, sesi\u00f3n matinal y familiar con El Pot Petit (12h.), uno de los espect\u00e1culos favoritos de los m\u00e1s j\u00f3venes de la casa. Y por la tarde, el gran Miguel Poveda (20h.) despedir\u00e1 los Conciertos de Primavera con toda la calidad de su cante: indiscutiblemente, una de las voces m\u00e1s destacadas y reconocidas del flamenco a nivel mundial.<\/p>\n\n\n\n<p>Las entradas para los conciertos de Miki N\u00fa\u00f1ez, Miguel Poveda y El Pot Petit se est\u00e1n a la venta en <strong><a href=\"https:\/\/www.theproject.es\/es\/a-1109\/LLEGAN-LOS-CONCIERTOS-DE-PRIMAVERA-DE-HOSPITALET-2021\" target=\"_blank\" rel=\"noreferrer noopener\">theproject.es<\/a><\/strong>.<\/p>\n","protected":false},"excerpt":{"rendered":"<p>La Farga Centro de Actividades vuelve a ser escenario de los conciertos de Fiestas de Primavera, este a\u00f1o marcados por la situaci\u00f3n sanitaria que permite, con todas las medidas necesarias, que vuelva la m\u00fasica en directo en el recinto.<\/p>\n","protected":false},"author":5,"featured_media":15589,"comment_status":"closed","ping_status":"closed","sticky":false,"template":"","format":"standard","meta":{"inline_featured_image":false,"_uag_custom_page_level_css":"","_monsterinsights_skip_tracking":false,"_monsterinsights_sitenote_active":false,"_monsterinsights_sitenote_note":"","_monsterinsights_sitenote_category":0,"site-sidebar-layout":"default","site-content-layout":"","ast-site-content-layout":"default","site-content-style":"default","site-sidebar-style":"default","ast-global-header-display":"","ast-banner-title-visibility":"","ast-main-header-display":"","ast-hfb-above-header-display":"","ast-hfb-below-header-display":"","ast-hfb-mobile-header-display":"","site-post-title":"","ast-breadcrumbs-content":"","ast-featured-img":"","footer-sml-layout":"","ast-disable-related-posts":"","theme-transparent-header-meta":"","adv-header-id-meta":"","stick-header-meta":"","header-above-stick-meta":"","header-main-stick-meta":"","header-below-stick-meta":"","astra-migrate-meta-layouts":"default","ast-page-background-enabled":"default","ast-page-background-meta":{"desktop":{"background-color":"var(--ast-global-color-4)","background-image":"","background-repeat":"repeat","background-position":"center center","background-size":"auto","background-attachment":"scroll","background-type":"","background-media":"","overlay-type":"","overlay-color":"","overlay-opacity":"","overlay-gradient":""},"tablet":{"background-color":"","background-image":"","background-repeat":"repeat","background-position":"center center","background-size":"auto","background-attachment":"scroll","background-type":"","background-media":"","overlay-type":"","overlay-color":"","overlay-opacity":"","overlay-gradient":""},"mobile":{"background-color":"","background-image":"","background-repeat":"repeat","background-position":"center center","background-size":"auto","background-attachment":"scroll","background-type":"","background-media":"","overlay-type":"","overlay-color":"","overlay-opacity":"","overlay-gradient":""}},"ast-content-background-meta":{"desktop":{"background-color":"var(--ast-global-color-5)","background-image":"","background-repeat":"repeat","background-position":"center center","background-size":"auto","background-attachment":"scroll","background-type":"","background-media":"","overlay-type":"","overlay-color":"","overlay-opacity":"","overlay-gradient":""},"tablet":{"background-color":"var(--ast-global-color-5)","background-image":"","background-repeat":"repeat","background-position":"center center","background-size":"auto","background-attachment":"scroll","background-type":"","background-media":"","overlay-type":"","overlay-color":"","overlay-opacity":"","overlay-gradient":""},"mobile":{"background-color":"var(--ast-global-color-5)","background-image":"","background-repeat":"repeat","background-position":"center center","background-size":"auto","background-attachment":"scroll","background-type":"","background-media":"","overlay-type":"","overlay-color":"","overlay-opacity":"","overlay-gradient":""}},"footnotes":""},"categories":[73],"tags":[],"class_list":["post-15591","post","type-post","status-publish","format-standard","has-post-thumbnail","hentry","category-centro-de-actividades"],"yoast_head":"<!-- This site is optimized with the Yoast SEO plugin v27.4 - https:\/\/yoast.com\/product\/yoast-seo-wordpress\/ -->\n<title>Vuelve la m\u00fasica a La Farga con los conciertos de Fiestas - La Farga Gesti\u00f3n de Equipamientos Municipales, S.A.<\/title>\n<meta name=\"description\" content=\"La m\u00fasica torna a La Farga amb Miki N\u00fa\u00f1ez, Miguel Poveda i El Pot Petit, protagonistes d\u2019enguany de les Festes de Primavera.\" \/>\n<meta name=\"robots\" content=\"index, follow, max-snippet:-1, max-image-preview:large, max-video-preview:-1\" \/>\n<link rel=\"canonical\" href=\"https:\/\/www.lafarga.com\/corporatiu\/vuelve-la-musica-a-la-farga-con-los-conciertos-de-fiestas\/\" \/>\n<meta property=\"og:locale\" content=\"ca_ES\" \/>\n<meta property=\"og:type\" content=\"article\" \/>\n<meta property=\"og:title\" content=\"Vuelve la m\u00fasica a La Farga con los conciertos de Fiestas - La Farga Gesti\u00f3n de Equipamientos Municipales, S.A.\" \/>\n<meta property=\"og:description\" content=\"La m\u00fasica torna a La Farga amb Miki N\u00fa\u00f1ez, Miguel Poveda i El Pot Petit, protagonistes d\u2019enguany de les Festes de Primavera.\" \/>\n<meta property=\"og:url\" content=\"https:\/\/www.lafarga.com\/corporatiu\/vuelve-la-musica-a-la-farga-con-los-conciertos-de-fiestas\/\" \/>\n<meta property=\"og:site_name\" content=\"La Farga Gesti\u00f3n de Equipamientos Municipales, S.A.\" \/>\n<meta property=\"article:published_time\" content=\"2021-04-23T08:07:32+00:00\" \/>\n<meta property=\"article:modified_time\" content=\"2021-04-23T08:09:10+00:00\" \/>\n<meta property=\"og:image\" content=\"https:\/\/www.lafarga.com\/corporatiu\/wp-content\/uploads\/2021\/04\/Concerts-Festes-Farga-21.jpg\" \/>\n\t<meta property=\"og:image:width\" content=\"730\" \/>\n\t<meta property=\"og:image:height\" content=\"410\" \/>\n\t<meta property=\"og:image:type\" content=\"image\/jpeg\" \/>\n<meta name=\"author\" content=\"\u00d2scar Milla\" \/>\n<meta name=\"twitter:label1\" content=\"Escrit per\" \/>\n\t<meta name=\"twitter:data1\" content=\"\u00d2scar Milla\" \/>\n\t<meta name=\"twitter:label2\" content=\"Temps estimat de lectura\" \/>\n\t<meta name=\"twitter:data2\" content=\"2 minuts\" \/>\n<script type=\"application\/ld+json\" class=\"yoast-schema-graph\">{\"@context\":\"https:\\\/\\\/schema.org\",\"@graph\":[{\"@type\":\"Article\",\"@id\":\"https:\\\/\\\/www.lafarga.com\\\/corporatiu\\\/vuelve-la-musica-a-la-farga-con-los-conciertos-de-fiestas\\\/#article\",\"isPartOf\":{\"@id\":\"https:\\\/\\\/www.lafarga.com\\\/corporatiu\\\/vuelve-la-musica-a-la-farga-con-los-conciertos-de-fiestas\\\/\"},\"author\":{\"name\":\"\u00d2scar Milla\",\"@id\":\"https:\\\/\\\/www.lafarga.com\\\/corporatiu\\\/#\\\/schema\\\/person\\\/70d96fe17d0da1a9c9e80d232bdbcf33\"},\"headline\":\"Vuelve la m\u00fasica a La Farga con los conciertos de Fiestas\",\"datePublished\":\"2021-04-23T08:07:32+00:00\",\"dateModified\":\"2021-04-23T08:09:10+00:00\",\"mainEntityOfPage\":{\"@id\":\"https:\\\/\\\/www.lafarga.com\\\/corporatiu\\\/vuelve-la-musica-a-la-farga-con-los-conciertos-de-fiestas\\\/\"},\"wordCount\":270,\"publisher\":{\"@id\":\"https:\\\/\\\/www.lafarga.com\\\/corporatiu\\\/#organization\"},\"image\":{\"@id\":\"https:\\\/\\\/www.lafarga.com\\\/corporatiu\\\/vuelve-la-musica-a-la-farga-con-los-conciertos-de-fiestas\\\/#primaryimage\"},\"thumbnailUrl\":\"https:\\\/\\\/www.lafarga.com\\\/corporatiu\\\/wp-content\\\/uploads\\\/2021\\\/04\\\/Concerts-Festes-Farga-21.jpg\",\"articleSection\":[\"Centro de Actividades\"],\"inLanguage\":\"ca\"},{\"@type\":\"WebPage\",\"@id\":\"https:\\\/\\\/www.lafarga.com\\\/corporatiu\\\/vuelve-la-musica-a-la-farga-con-los-conciertos-de-fiestas\\\/\",\"url\":\"https:\\\/\\\/www.lafarga.com\\\/corporatiu\\\/vuelve-la-musica-a-la-farga-con-los-conciertos-de-fiestas\\\/\",\"name\":\"Vuelve la m\u00fasica a La Farga con los conciertos de Fiestas - La Farga Gesti\u00f3n de Equipamientos Municipales, S.A.\",\"isPartOf\":{\"@id\":\"https:\\\/\\\/www.lafarga.com\\\/corporatiu\\\/#website\"},\"primaryImageOfPage\":{\"@id\":\"https:\\\/\\\/www.lafarga.com\\\/corporatiu\\\/vuelve-la-musica-a-la-farga-con-los-conciertos-de-fiestas\\\/#primaryimage\"},\"image\":{\"@id\":\"https:\\\/\\\/www.lafarga.com\\\/corporatiu\\\/vuelve-la-musica-a-la-farga-con-los-conciertos-de-fiestas\\\/#primaryimage\"},\"thumbnailUrl\":\"https:\\\/\\\/www.lafarga.com\\\/corporatiu\\\/wp-content\\\/uploads\\\/2021\\\/04\\\/Concerts-Festes-Farga-21.jpg\",\"datePublished\":\"2021-04-23T08:07:32+00:00\",\"dateModified\":\"2021-04-23T08:09:10+00:00\",\"description\":\"La m\u00fasica torna a La Farga amb Miki N\u00fa\u00f1ez, Miguel Poveda i El Pot Petit, protagonistes d\u2019enguany de les Festes de Primavera.\",\"breadcrumb\":{\"@id\":\"https:\\\/\\\/www.lafarga.com\\\/corporatiu\\\/vuelve-la-musica-a-la-farga-con-los-conciertos-de-fiestas\\\/#breadcrumb\"},\"inLanguage\":\"ca\",\"potentialAction\":[{\"@type\":\"ReadAction\",\"target\":[\"https:\\\/\\\/www.lafarga.com\\\/corporatiu\\\/vuelve-la-musica-a-la-farga-con-los-conciertos-de-fiestas\\\/\"]}]},{\"@type\":\"ImageObject\",\"inLanguage\":\"ca\",\"@id\":\"https:\\\/\\\/www.lafarga.com\\\/corporatiu\\\/vuelve-la-musica-a-la-farga-con-los-conciertos-de-fiestas\\\/#primaryimage\",\"url\":\"https:\\\/\\\/www.lafarga.com\\\/corporatiu\\\/wp-content\\\/uploads\\\/2021\\\/04\\\/Concerts-Festes-Farga-21.jpg\",\"contentUrl\":\"https:\\\/\\\/www.lafarga.com\\\/corporatiu\\\/wp-content\\\/uploads\\\/2021\\\/04\\\/Concerts-Festes-Farga-21.jpg\",\"width\":730,\"height\":410,\"caption\":\"M\u00fasica Farga\"},{\"@type\":\"BreadcrumbList\",\"@id\":\"https:\\\/\\\/www.lafarga.com\\\/corporatiu\\\/vuelve-la-musica-a-la-farga-con-los-conciertos-de-fiestas\\\/#breadcrumb\",\"itemListElement\":[{\"@type\":\"ListItem\",\"position\":1,\"name\":\"Home\",\"item\":\"https:\\\/\\\/www.lafarga.com\\\/corporatiu\\\/lafarga-hospitalet-llobregat\\\/\"},{\"@type\":\"ListItem\",\"position\":2,\"name\":\"Vuelve la m\u00fasica a La Farga con los conciertos de Fiestas\"}]},{\"@type\":\"WebSite\",\"@id\":\"https:\\\/\\\/www.lafarga.com\\\/corporatiu\\\/#website\",\"url\":\"https:\\\/\\\/www.lafarga.com\\\/corporatiu\\\/\",\"name\":\"La Farga Gesti\u00f3 d&#039;Equipaments Municipals, SA\",\"description\":\"\",\"publisher\":{\"@id\":\"https:\\\/\\\/www.lafarga.com\\\/corporatiu\\\/#organization\"},\"potentialAction\":[{\"@type\":\"SearchAction\",\"target\":{\"@type\":\"EntryPoint\",\"urlTemplate\":\"https:\\\/\\\/www.lafarga.com\\\/corporatiu\\\/?s={search_term_string}\"},\"query-input\":{\"@type\":\"PropertyValueSpecification\",\"valueRequired\":true,\"valueName\":\"search_term_string\"}}],\"inLanguage\":\"ca\"},{\"@type\":\"Organization\",\"@id\":\"https:\\\/\\\/www.lafarga.com\\\/corporatiu\\\/#organization\",\"name\":\"La Farga Gesti\u00f3 d&#039;Equipaments Municipals, SA\",\"url\":\"https:\\\/\\\/www.lafarga.com\\\/corporatiu\\\/\",\"logo\":{\"@type\":\"ImageObject\",\"inLanguage\":\"ca\",\"@id\":\"https:\\\/\\\/www.lafarga.com\\\/corporatiu\\\/#\\\/schema\\\/logo\\\/image\\\/\",\"url\":\"https:\\\/\\\/www.lafarga.com\\\/corporatiu\\\/wp-content\\\/uploads\\\/2023\\\/11\\\/logotipo_lafarga_gemsa.svg\",\"contentUrl\":\"https:\\\/\\\/www.lafarga.com\\\/corporatiu\\\/wp-content\\\/uploads\\\/2023\\\/11\\\/logotipo_lafarga_gemsa.svg\",\"width\":102,\"height\":103,\"caption\":\"La Farga Gesti\u00f3 d&#039;Equipaments Municipals, SA\"},\"image\":{\"@id\":\"https:\\\/\\\/www.lafarga.com\\\/corporatiu\\\/#\\\/schema\\\/logo\\\/image\\\/\"}},{\"@type\":\"Person\",\"@id\":\"https:\\\/\\\/www.lafarga.com\\\/corporatiu\\\/#\\\/schema\\\/person\\\/70d96fe17d0da1a9c9e80d232bdbcf33\",\"name\":\"\u00d2scar Milla\",\"image\":{\"@type\":\"ImageObject\",\"inLanguage\":\"ca\",\"@id\":\"https:\\\/\\\/secure.gravatar.com\\\/avatar\\\/92e75d184f9d5e0e403bd4ad075b080ad258344ddc259adddb579f6a3ba6494f?s=96&d=mm&r=g\",\"url\":\"https:\\\/\\\/secure.gravatar.com\\\/avatar\\\/92e75d184f9d5e0e403bd4ad075b080ad258344ddc259adddb579f6a3ba6494f?s=96&d=mm&r=g\",\"contentUrl\":\"https:\\\/\\\/secure.gravatar.com\\\/avatar\\\/92e75d184f9d5e0e403bd4ad075b080ad258344ddc259adddb579f6a3ba6494f?s=96&d=mm&r=g\",\"caption\":\"\u00d2scar Milla\"},\"url\":\"https:\\\/\\\/www.lafarga.com\\\/corporatiu\\\/author\\\/omilla\\\/\"}]}<\/script>\n<!-- \/ Yoast SEO plugin. -->","yoast_head_json":{"title":"Vuelve la m\u00fasica a La Farga con los conciertos de Fiestas - La Farga Gesti\u00f3n de Equipamientos Municipales, S.A.","description":"La m\u00fasica torna a La Farga amb Miki N\u00fa\u00f1ez, Miguel Poveda i El Pot Petit, protagonistes d\u2019enguany de les Festes de Primavera.","robots":{"index":"index","follow":"follow","max-snippet":"max-snippet:-1","max-image-preview":"max-image-preview:large","max-video-preview":"max-video-preview:-1"},"canonical":"https:\/\/www.lafarga.com\/corporatiu\/vuelve-la-musica-a-la-farga-con-los-conciertos-de-fiestas\/","og_locale":"ca_ES","og_type":"article","og_title":"Vuelve la m\u00fasica a La Farga con los conciertos de Fiestas - La Farga Gesti\u00f3n de Equipamientos Municipales, S.A.","og_description":"La m\u00fasica torna a La Farga amb Miki N\u00fa\u00f1ez, Miguel Poveda i El Pot Petit, protagonistes d\u2019enguany de les Festes de Primavera.","og_url":"https:\/\/www.lafarga.com\/corporatiu\/vuelve-la-musica-a-la-farga-con-los-conciertos-de-fiestas\/","og_site_name":"La Farga Gesti\u00f3n de Equipamientos Municipales, S.A.","article_published_time":"2021-04-23T08:07:32+00:00","article_modified_time":"2021-04-23T08:09:10+00:00","og_image":[{"width":730,"height":410,"url":"https:\/\/www.lafarga.com\/corporatiu\/wp-content\/uploads\/2021\/04\/Concerts-Festes-Farga-21.jpg","type":"image\/jpeg"}],"author":"\u00d2scar Milla","twitter_misc":{"Escrit per":"\u00d2scar Milla","Temps estimat de lectura":"2 minuts"},"schema":{"@context":"https:\/\/schema.org","@graph":[{"@type":"Article","@id":"https:\/\/www.lafarga.com\/corporatiu\/vuelve-la-musica-a-la-farga-con-los-conciertos-de-fiestas\/#article","isPartOf":{"@id":"https:\/\/www.lafarga.com\/corporatiu\/vuelve-la-musica-a-la-farga-con-los-conciertos-de-fiestas\/"},"author":{"name":"\u00d2scar Milla","@id":"https:\/\/www.lafarga.com\/corporatiu\/#\/schema\/person\/70d96fe17d0da1a9c9e80d232bdbcf33"},"headline":"Vuelve la m\u00fasica a La Farga con los conciertos de Fiestas","datePublished":"2021-04-23T08:07:32+00:00","dateModified":"2021-04-23T08:09:10+00:00","mainEntityOfPage":{"@id":"https:\/\/www.lafarga.com\/corporatiu\/vuelve-la-musica-a-la-farga-con-los-conciertos-de-fiestas\/"},"wordCount":270,"publisher":{"@id":"https:\/\/www.lafarga.com\/corporatiu\/#organization"},"image":{"@id":"https:\/\/www.lafarga.com\/corporatiu\/vuelve-la-musica-a-la-farga-con-los-conciertos-de-fiestas\/#primaryimage"},"thumbnailUrl":"https:\/\/www.lafarga.com\/corporatiu\/wp-content\/uploads\/2021\/04\/Concerts-Festes-Farga-21.jpg","articleSection":["Centro de Actividades"],"inLanguage":"ca"},{"@type":"WebPage","@id":"https:\/\/www.lafarga.com\/corporatiu\/vuelve-la-musica-a-la-farga-con-los-conciertos-de-fiestas\/","url":"https:\/\/www.lafarga.com\/corporatiu\/vuelve-la-musica-a-la-farga-con-los-conciertos-de-fiestas\/","name":"Vuelve la m\u00fasica a La Farga con los conciertos de Fiestas - La Farga Gesti\u00f3n de Equipamientos Municipales, S.A.","isPartOf":{"@id":"https:\/\/www.lafarga.com\/corporatiu\/#website"},"primaryImageOfPage":{"@id":"https:\/\/www.lafarga.com\/corporatiu\/vuelve-la-musica-a-la-farga-con-los-conciertos-de-fiestas\/#primaryimage"},"image":{"@id":"https:\/\/www.lafarga.com\/corporatiu\/vuelve-la-musica-a-la-farga-con-los-conciertos-de-fiestas\/#primaryimage"},"thumbnailUrl":"https:\/\/www.lafarga.com\/corporatiu\/wp-content\/uploads\/2021\/04\/Concerts-Festes-Farga-21.jpg","datePublished":"2021-04-23T08:07:32+00:00","dateModified":"2021-04-23T08:09:10+00:00","description":"La m\u00fasica torna a La Farga amb Miki N\u00fa\u00f1ez, Miguel Poveda i El Pot Petit, protagonistes d\u2019enguany de les Festes de Primavera.","breadcrumb":{"@id":"https:\/\/www.lafarga.com\/corporatiu\/vuelve-la-musica-a-la-farga-con-los-conciertos-de-fiestas\/#breadcrumb"},"inLanguage":"ca","potentialAction":[{"@type":"ReadAction","target":["https:\/\/www.lafarga.com\/corporatiu\/vuelve-la-musica-a-la-farga-con-los-conciertos-de-fiestas\/"]}]},{"@type":"ImageObject","inLanguage":"ca","@id":"https:\/\/www.lafarga.com\/corporatiu\/vuelve-la-musica-a-la-farga-con-los-conciertos-de-fiestas\/#primaryimage","url":"https:\/\/www.lafarga.com\/corporatiu\/wp-content\/uploads\/2021\/04\/Concerts-Festes-Farga-21.jpg","contentUrl":"https:\/\/www.lafarga.com\/corporatiu\/wp-content\/uploads\/2021\/04\/Concerts-Festes-Farga-21.jpg","width":730,"height":410,"caption":"M\u00fasica Farga"},{"@type":"BreadcrumbList","@id":"https:\/\/www.lafarga.com\/corporatiu\/vuelve-la-musica-a-la-farga-con-los-conciertos-de-fiestas\/#breadcrumb","itemListElement":[{"@type":"ListItem","position":1,"name":"Home","item":"https:\/\/www.lafarga.com\/corporatiu\/lafarga-hospitalet-llobregat\/"},{"@type":"ListItem","position":2,"name":"Vuelve la m\u00fasica a La Farga con los conciertos de Fiestas"}]},{"@type":"WebSite","@id":"https:\/\/www.lafarga.com\/corporatiu\/#website","url":"https:\/\/www.lafarga.com\/corporatiu\/","name":"La Farga Gesti\u00f3 d&#039;Equipaments Municipals, SA","description":"","publisher":{"@id":"https:\/\/www.lafarga.com\/corporatiu\/#organization"},"potentialAction":[{"@type":"SearchAction","target":{"@type":"EntryPoint","urlTemplate":"https:\/\/www.lafarga.com\/corporatiu\/?s={search_term_string}"},"query-input":{"@type":"PropertyValueSpecification","valueRequired":true,"valueName":"search_term_string"}}],"inLanguage":"ca"},{"@type":"Organization","@id":"https:\/\/www.lafarga.com\/corporatiu\/#organization","name":"La Farga Gesti\u00f3 d&#039;Equipaments Municipals, SA","url":"https:\/\/www.lafarga.com\/corporatiu\/","logo":{"@type":"ImageObject","inLanguage":"ca","@id":"https:\/\/www.lafarga.com\/corporatiu\/#\/schema\/logo\/image\/","url":"https:\/\/www.lafarga.com\/corporatiu\/wp-content\/uploads\/2023\/11\/logotipo_lafarga_gemsa.svg","contentUrl":"https:\/\/www.lafarga.com\/corporatiu\/wp-content\/uploads\/2023\/11\/logotipo_lafarga_gemsa.svg","width":102,"height":103,"caption":"La Farga Gesti\u00f3 d&#039;Equipaments Municipals, SA"},"image":{"@id":"https:\/\/www.lafarga.com\/corporatiu\/#\/schema\/logo\/image\/"}},{"@type":"Person","@id":"https:\/\/www.lafarga.com\/corporatiu\/#\/schema\/person\/70d96fe17d0da1a9c9e80d232bdbcf33","name":"\u00d2scar Milla","image":{"@type":"ImageObject","inLanguage":"ca","@id":"https:\/\/secure.gravatar.com\/avatar\/92e75d184f9d5e0e403bd4ad075b080ad258344ddc259adddb579f6a3ba6494f?s=96&d=mm&r=g","url":"https:\/\/secure.gravatar.com\/avatar\/92e75d184f9d5e0e403bd4ad075b080ad258344ddc259adddb579f6a3ba6494f?s=96&d=mm&r=g","contentUrl":"https:\/\/secure.gravatar.com\/avatar\/92e75d184f9d5e0e403bd4ad075b080ad258344ddc259adddb579f6a3ba6494f?s=96&d=mm&r=g","caption":"\u00d2scar Milla"},"url":"https:\/\/www.lafarga.com\/corporatiu\/author\/omilla\/"}]}},"uagb_featured_image_src":{"full":["https:\/\/www.lafarga.com\/corporatiu\/wp-content\/uploads\/2021\/04\/Concerts-Festes-Farga-21.jpg",730,410,false],"thumbnail":["https:\/\/www.lafarga.com\/corporatiu\/wp-content\/uploads\/2021\/04\/Concerts-Festes-Farga-21-150x150.jpg",150,150,true],"medium":["https:\/\/www.lafarga.com\/corporatiu\/wp-content\/uploads\/2021\/04\/Concerts-Festes-Farga-21-300x168.jpg",300,168,true],"medium_large":["https:\/\/www.lafarga.com\/corporatiu\/wp-content\/uploads\/2021\/04\/Concerts-Festes-Farga-21.jpg",730,410,false],"large":["https:\/\/www.lafarga.com\/corporatiu\/wp-content\/uploads\/2021\/04\/Concerts-Festes-Farga-21.jpg",730,410,false],"1536x1536":["https:\/\/www.lafarga.com\/corporatiu\/wp-content\/uploads\/2021\/04\/Concerts-Festes-Farga-21.jpg",730,410,false],"2048x2048":["https:\/\/www.lafarga.com\/corporatiu\/wp-content\/uploads\/2021\/04\/Concerts-Festes-Farga-21.jpg",730,410,false],"mailpoet_newsletter_max":["https:\/\/www.lafarga.com\/corporatiu\/wp-content\/uploads\/2021\/04\/Concerts-Festes-Farga-21.jpg",730,410,false]},"uagb_author_info":{"display_name":"\u00d2scar Milla","author_link":"https:\/\/www.lafarga.com\/corporatiu\/author\/omilla\/"},"uagb_comment_info":0,"uagb_excerpt":"La Farga Centro de Actividades vuelve a ser escenario de los conciertos de Fiestas de Primavera, este a\u00f1o marcados por la situaci\u00f3n sanitaria que permite, con todas las medidas necesarias, que vuelva la m\u00fasica en directo en el recinto.","_links":{"self":[{"href":"https:\/\/www.lafarga.com\/corporatiu\/wp-json\/wp\/v2\/posts\/15591","targetHints":{"allow":["GET"]}}],"collection":[{"href":"https:\/\/www.lafarga.com\/corporatiu\/wp-json\/wp\/v2\/posts"}],"about":[{"href":"https:\/\/www.lafarga.com\/corporatiu\/wp-json\/wp\/v2\/types\/post"}],"author":[{"embeddable":true,"href":"https:\/\/www.lafarga.com\/corporatiu\/wp-json\/wp\/v2\/users\/5"}],"replies":[{"embeddable":true,"href":"https:\/\/www.lafarga.com\/corporatiu\/wp-json\/wp\/v2\/comments?post=15591"}],"version-history":[{"count":2,"href":"https:\/\/www.lafarga.com\/corporatiu\/wp-json\/wp\/v2\/posts\/15591\/revisions"}],"predecessor-version":[{"id":15593,"href":"https:\/\/www.lafarga.com\/corporatiu\/wp-json\/wp\/v2\/posts\/15591\/revisions\/15593"}],"wp:featuredmedia":[{"embeddable":true,"href":"https:\/\/www.lafarga.com\/corporatiu\/wp-json\/wp\/v2\/media\/15589"}],"wp:attachment":[{"href":"https:\/\/www.lafarga.com\/corporatiu\/wp-json\/wp\/v2\/media?parent=15591"}],"wp:term":[{"taxonomy":"category","embeddable":true,"href":"https:\/\/www.lafarga.com\/corporatiu\/wp-json\/wp\/v2\/categories?post=15591"},{"taxonomy":"post_tag","embeddable":true,"href":"https:\/\/www.lafarga.com\/corporatiu\/wp-json\/wp\/v2\/tags?post=15591"}],"curies":[{"name":"wp","href":"https:\/\/api.w.org\/{rel}","templated":true}]}}