{"id":15538,"date":"2021-04-09T10:25:23","date_gmt":"2021-04-09T10:25:23","guid":{"rendered":"http:\/\/www.lafarga.com\/corporatiu\/?p=15538"},"modified":"2021-04-09T10:25:25","modified_gmt":"2021-04-09T10:25:25","slug":"11-604-persones-vacunades-a-la-farga-en-una-setmana","status":"publish","type":"post","link":"https:\/\/www.lafarga.com\/corporatiu\/11-604-persones-vacunades-a-la-farga-en-una-setmana\/","title":{"rendered":"11.604 persones vacunades a La Farga en una setmana"},"content":{"rendered":"\n<h5 class=\"wp-block-heading\">Aquesta setmana finalitza el proc\u00e9s de vacunaci\u00f3 de les persones de m\u00e9s de 80 anys i dilluns comen\u00e7a el del grup de 70 a 79 anys\u00a0<\/h5>\n\n\n\n<p><strong><a href=\"https:\/\/www.lafarga.com\/corporatiu\/la-farga-congress-centre-de-vacunacio-contra-el-covid-19\/\" target=\"_blank\" rel=\"noreferrer noopener\">La Farga<\/a><\/strong>\u00a0ha inoculat la vacuna contra la Covid a 11.604 persones en la setmana que porta com a centre de vacunaci\u00f3 intermedi. La Farga Congress, que va substituir el passat 1 d\u2019abril l\u2019Hotel Salut, compta amb vuit boxes de vacunaci\u00f3 i amb una capacitat m\u00e0xima di\u00e0ria de 2.400 dosis. En data 8 d\u2019abril, 40.612 persones de L\u2019Hospitalet han rebut la primera dosi de la vacuna i 14.409, les dues dosis.<\/p>\n\n\n\n<p>A L\u2019Hospitalet, CatSalut preveu finalitzar aquesta setmana el proc\u00e9s d\u2019administraci\u00f3 de la primera dosi a les persones de m\u00e9s de 80 anys i dilluns es preveu que es comenci amb el tram de 70 a 79 anys. Primer es citaran les persones de 79 anys i se seguir\u00e0 en sentit descendent fins a arribar a les de 70 anys. En tots els casos rebran una trucada del seu CAP per concertar cita pr\u00e8via i se\u2019ls administrar\u00e0 la vacuna Pfizer.<\/p>\n\n\n\n<h5 class=\"wp-block-heading\">Altres punts a la ciutat<\/h5>\n\n\n\n<p>A m\u00e9s de La Farga i de l\u2019antic Casal de Can Serra aquesta setmana han funcionat a L\u2019Hospitalet com a nous punts de vacunaci\u00f3 el Casal d\u2019Entitats de Collblanc-la Torrassa i els casals de la gent gran Ermita (a Bellvitge), de Ca n\u2019Ar\u00fas, de Pubilla Casas i de Proven\u00e7ana. Aquests tres darrers casals, Ca n\u2019Ar\u00fas, Pubilla Casas i Proven\u00e7ana, s\u00f3n tamb\u00e9 punts de proves PCR Covid.&nbsp;<\/p>\n\n\n\n<p>L\u2019Ajuntament i CatSalut signaran la setmana propera un conveni de col\u00b7laboraci\u00f3 pel qual La Farga \u00e9s un punt de vacunaci\u00f3 intermedi, que podria arribar a tenir capacitat per posar m\u00e9s de 5.000 dosis di\u00e0ries, en el marc de la campanya de vacunaci\u00f3 que el Departament de Salut dur\u00e0 a terme entre els mesos d\u2019abril i setembre, sempre que hi hagi prou vacunes. D\u2019entrada, l\u2019Ajuntament avan\u00e7ar\u00e0 les despeses que generi aquest punt de vacunaci\u00f3 (neteja, seguretat, etc.).&nbsp;<\/p>\n\n\n\n<p>Per a m\u00e9s informaci\u00f3, es pot consultar el web&nbsp;<a href=\"https:\/\/canalsalut.gencat.cat\/ca\/salut-a-z\/v\/vacuna-covid-19\" target=\"_blank\" rel=\"noreferrer noopener\"><strong>CanalSalut<\/strong><\/a><\/p>\n","protected":false},"excerpt":{"rendered":"<p>La Farga ha inoculat la vacuna contra la Covid a 11.604 persones en la setmana que porta com a centre de vacunaci\u00f3 intermedi.<\/p>\n","protected":false},"author":5,"featured_media":15539,"comment_status":"closed","ping_status":"closed","sticky":false,"template":"","format":"standard","meta":{"inline_featured_image":false,"_uag_custom_page_level_css":"","_monsterinsights_skip_tracking":false,"_monsterinsights_sitenote_active":false,"_monsterinsights_sitenote_note":"","_monsterinsights_sitenote_category":0,"site-sidebar-layout":"default","site-content-layout":"","ast-site-content-layout":"default","site-content-style":"default","site-sidebar-style":"default","ast-global-header-display":"","ast-banner-title-visibility":"","ast-main-header-display":"","ast-hfb-above-header-display":"","ast-hfb-below-header-display":"","ast-hfb-mobile-header-display":"","site-post-title":"","ast-breadcrumbs-content":"","ast-featured-img":"","footer-sml-layout":"","ast-disable-related-posts":"","theme-transparent-header-meta":"","adv-header-id-meta":"","stick-header-meta":"","header-above-stick-meta":"","header-main-stick-meta":"","header-below-stick-meta":"","astra-migrate-meta-layouts":"default","ast-page-background-enabled":"default","ast-page-background-meta":{"desktop":{"background-color":"var(--ast-global-color-4)","background-image":"","background-repeat":"repeat","background-position":"center center","background-size":"auto","background-attachment":"scroll","background-type":"","background-media":"","overlay-type":"","overlay-color":"","overlay-opacity":"","overlay-gradient":""},"tablet":{"background-color":"","background-image":"","background-repeat":"repeat","background-position":"center center","background-size":"auto","background-attachment":"scroll","background-type":"","background-media":"","overlay-type":"","overlay-color":"","overlay-opacity":"","overlay-gradient":""},"mobile":{"background-color":"","background-image":"","background-repeat":"repeat","background-position":"center center","background-size":"auto","background-attachment":"scroll","background-type":"","background-media":"","overlay-type":"","overlay-color":"","overlay-opacity":"","overlay-gradient":""}},"ast-content-background-meta":{"desktop":{"background-color":"var(--ast-global-color-5)","background-image":"","background-repeat":"repeat","background-position":"center center","background-size":"auto","background-attachment":"scroll","background-type":"","background-media":"","overlay-type":"","overlay-color":"","overlay-opacity":"","overlay-gradient":""},"tablet":{"background-color":"var(--ast-global-color-5)","background-image":"","background-repeat":"repeat","background-position":"center center","background-size":"auto","background-attachment":"scroll","background-type":"","background-media":"","overlay-type":"","overlay-color":"","overlay-opacity":"","overlay-gradient":""},"mobile":{"background-color":"var(--ast-global-color-5)","background-image":"","background-repeat":"repeat","background-position":"center center","background-size":"auto","background-attachment":"scroll","background-type":"","background-media":"","overlay-type":"","overlay-color":"","overlay-opacity":"","overlay-gradient":""}},"footnotes":""},"categories":[49],"tags":[],"class_list":["post-15538","post","type-post","status-publish","format-standard","has-post-thumbnail","hentry","category-centre-activitats"],"yoast_head":"<!-- This site is optimized with the Yoast SEO plugin v27.4 - https:\/\/yoast.com\/product\/yoast-seo-wordpress\/ -->\n<title>11.604 persones vacunades a La Farga en una setmana - La Farga Gesti\u00f3n de Equipamientos Municipales, S.A.<\/title>\n<meta name=\"description\" content=\"La Farga ha inoculat la vacuna contra la Covid a 11.604 persones en la setmana que porta com a centre de vacunaci\u00f3 intermedi.\" \/>\n<meta name=\"robots\" content=\"index, follow, max-snippet:-1, max-image-preview:large, max-video-preview:-1\" \/>\n<link rel=\"canonical\" href=\"https:\/\/www.lafarga.com\/corporatiu\/11-604-persones-vacunades-a-la-farga-en-una-setmana\/\" \/>\n<meta property=\"og:locale\" content=\"ca_ES\" \/>\n<meta property=\"og:type\" content=\"article\" \/>\n<meta property=\"og:title\" content=\"11.604 persones vacunades a La Farga en una setmana - La Farga Gesti\u00f3n de Equipamientos Municipales, S.A.\" \/>\n<meta property=\"og:description\" content=\"La Farga ha inoculat la vacuna contra la Covid a 11.604 persones en la setmana que porta com a centre de vacunaci\u00f3 intermedi.\" \/>\n<meta property=\"og:url\" content=\"https:\/\/www.lafarga.com\/corporatiu\/11-604-persones-vacunades-a-la-farga-en-una-setmana\/\" \/>\n<meta property=\"og:site_name\" content=\"La Farga Gesti\u00f3n de Equipamientos Municipales, S.A.\" \/>\n<meta property=\"article:published_time\" content=\"2021-04-09T10:25:23+00:00\" \/>\n<meta property=\"article:modified_time\" content=\"2021-04-09T10:25:25+00:00\" \/>\n<meta property=\"og:image\" content=\"https:\/\/www.lafarga.com\/corporatiu\/wp-content\/uploads\/2021\/04\/Vacunacio-LaFarga.jpg\" \/>\n\t<meta property=\"og:image:width\" content=\"730\" \/>\n\t<meta property=\"og:image:height\" content=\"410\" \/>\n\t<meta property=\"og:image:type\" content=\"image\/jpeg\" \/>\n<meta name=\"author\" content=\"\u00d2scar Milla\" \/>\n<meta name=\"twitter:label1\" content=\"Escrit per\" \/>\n\t<meta name=\"twitter:data1\" content=\"\u00d2scar Milla\" \/>\n\t<meta name=\"twitter:label2\" content=\"Temps estimat de lectura\" \/>\n\t<meta name=\"twitter:data2\" content=\"2 minuts\" \/>\n<script type=\"application\/ld+json\" class=\"yoast-schema-graph\">{\"@context\":\"https:\\\/\\\/schema.org\",\"@graph\":[{\"@type\":\"Article\",\"@id\":\"https:\\\/\\\/www.lafarga.com\\\/corporatiu\\\/11-604-persones-vacunades-a-la-farga-en-una-setmana\\\/#article\",\"isPartOf\":{\"@id\":\"https:\\\/\\\/www.lafarga.com\\\/corporatiu\\\/11-604-persones-vacunades-a-la-farga-en-una-setmana\\\/\"},\"author\":{\"name\":\"\u00d2scar Milla\",\"@id\":\"https:\\\/\\\/www.lafarga.com\\\/corporatiu\\\/#\\\/schema\\\/person\\\/70d96fe17d0da1a9c9e80d232bdbcf33\"},\"headline\":\"11.604 persones vacunades a La Farga en una setmana\",\"datePublished\":\"2021-04-09T10:25:23+00:00\",\"dateModified\":\"2021-04-09T10:25:25+00:00\",\"mainEntityOfPage\":{\"@id\":\"https:\\\/\\\/www.lafarga.com\\\/corporatiu\\\/11-604-persones-vacunades-a-la-farga-en-una-setmana\\\/\"},\"wordCount\":364,\"publisher\":{\"@id\":\"https:\\\/\\\/www.lafarga.com\\\/corporatiu\\\/#organization\"},\"image\":{\"@id\":\"https:\\\/\\\/www.lafarga.com\\\/corporatiu\\\/11-604-persones-vacunades-a-la-farga-en-una-setmana\\\/#primaryimage\"},\"thumbnailUrl\":\"https:\\\/\\\/www.lafarga.com\\\/corporatiu\\\/wp-content\\\/uploads\\\/2021\\\/04\\\/Vacunacio-LaFarga.jpg\",\"articleSection\":[\"Centre d'Activitats\"],\"inLanguage\":\"ca\"},{\"@type\":\"WebPage\",\"@id\":\"https:\\\/\\\/www.lafarga.com\\\/corporatiu\\\/11-604-persones-vacunades-a-la-farga-en-una-setmana\\\/\",\"url\":\"https:\\\/\\\/www.lafarga.com\\\/corporatiu\\\/11-604-persones-vacunades-a-la-farga-en-una-setmana\\\/\",\"name\":\"11.604 persones vacunades a La Farga en una setmana - La Farga Gesti\u00f3n de Equipamientos Municipales, S.A.\",\"isPartOf\":{\"@id\":\"https:\\\/\\\/www.lafarga.com\\\/corporatiu\\\/#website\"},\"primaryImageOfPage\":{\"@id\":\"https:\\\/\\\/www.lafarga.com\\\/corporatiu\\\/11-604-persones-vacunades-a-la-farga-en-una-setmana\\\/#primaryimage\"},\"image\":{\"@id\":\"https:\\\/\\\/www.lafarga.com\\\/corporatiu\\\/11-604-persones-vacunades-a-la-farga-en-una-setmana\\\/#primaryimage\"},\"thumbnailUrl\":\"https:\\\/\\\/www.lafarga.com\\\/corporatiu\\\/wp-content\\\/uploads\\\/2021\\\/04\\\/Vacunacio-LaFarga.jpg\",\"datePublished\":\"2021-04-09T10:25:23+00:00\",\"dateModified\":\"2021-04-09T10:25:25+00:00\",\"description\":\"La Farga ha inoculat la vacuna contra la Covid a 11.604 persones en la setmana que porta com a centre de vacunaci\u00f3 intermedi.\",\"breadcrumb\":{\"@id\":\"https:\\\/\\\/www.lafarga.com\\\/corporatiu\\\/11-604-persones-vacunades-a-la-farga-en-una-setmana\\\/#breadcrumb\"},\"inLanguage\":\"ca\",\"potentialAction\":[{\"@type\":\"ReadAction\",\"target\":[\"https:\\\/\\\/www.lafarga.com\\\/corporatiu\\\/11-604-persones-vacunades-a-la-farga-en-una-setmana\\\/\"]}]},{\"@type\":\"ImageObject\",\"inLanguage\":\"ca\",\"@id\":\"https:\\\/\\\/www.lafarga.com\\\/corporatiu\\\/11-604-persones-vacunades-a-la-farga-en-una-setmana\\\/#primaryimage\",\"url\":\"https:\\\/\\\/www.lafarga.com\\\/corporatiu\\\/wp-content\\\/uploads\\\/2021\\\/04\\\/Vacunacio-LaFarga.jpg\",\"contentUrl\":\"https:\\\/\\\/www.lafarga.com\\\/corporatiu\\\/wp-content\\\/uploads\\\/2021\\\/04\\\/Vacunacio-LaFarga.jpg\",\"width\":730,\"height\":410,\"caption\":\"vacunaci\u00f3 Setmana Farga Semana\"},{\"@type\":\"BreadcrumbList\",\"@id\":\"https:\\\/\\\/www.lafarga.com\\\/corporatiu\\\/11-604-persones-vacunades-a-la-farga-en-una-setmana\\\/#breadcrumb\",\"itemListElement\":[{\"@type\":\"ListItem\",\"position\":1,\"name\":\"Home\",\"item\":\"https:\\\/\\\/www.lafarga.com\\\/corporatiu\\\/lafarga-hospitalet-llobregat\\\/\"},{\"@type\":\"ListItem\",\"position\":2,\"name\":\"11.604 persones vacunades a La Farga en una setmana\"}]},{\"@type\":\"WebSite\",\"@id\":\"https:\\\/\\\/www.lafarga.com\\\/corporatiu\\\/#website\",\"url\":\"https:\\\/\\\/www.lafarga.com\\\/corporatiu\\\/\",\"name\":\"La Farga Gesti\u00f3 d&#039;Equipaments Municipals, SA\",\"description\":\"\",\"publisher\":{\"@id\":\"https:\\\/\\\/www.lafarga.com\\\/corporatiu\\\/#organization\"},\"potentialAction\":[{\"@type\":\"SearchAction\",\"target\":{\"@type\":\"EntryPoint\",\"urlTemplate\":\"https:\\\/\\\/www.lafarga.com\\\/corporatiu\\\/?s={search_term_string}\"},\"query-input\":{\"@type\":\"PropertyValueSpecification\",\"valueRequired\":true,\"valueName\":\"search_term_string\"}}],\"inLanguage\":\"ca\"},{\"@type\":\"Organization\",\"@id\":\"https:\\\/\\\/www.lafarga.com\\\/corporatiu\\\/#organization\",\"name\":\"La Farga Gesti\u00f3 d&#039;Equipaments Municipals, SA\",\"url\":\"https:\\\/\\\/www.lafarga.com\\\/corporatiu\\\/\",\"logo\":{\"@type\":\"ImageObject\",\"inLanguage\":\"ca\",\"@id\":\"https:\\\/\\\/www.lafarga.com\\\/corporatiu\\\/#\\\/schema\\\/logo\\\/image\\\/\",\"url\":\"https:\\\/\\\/www.lafarga.com\\\/corporatiu\\\/wp-content\\\/uploads\\\/2023\\\/11\\\/logotipo_lafarga_gemsa.svg\",\"contentUrl\":\"https:\\\/\\\/www.lafarga.com\\\/corporatiu\\\/wp-content\\\/uploads\\\/2023\\\/11\\\/logotipo_lafarga_gemsa.svg\",\"width\":102,\"height\":103,\"caption\":\"La Farga Gesti\u00f3 d&#039;Equipaments Municipals, SA\"},\"image\":{\"@id\":\"https:\\\/\\\/www.lafarga.com\\\/corporatiu\\\/#\\\/schema\\\/logo\\\/image\\\/\"}},{\"@type\":\"Person\",\"@id\":\"https:\\\/\\\/www.lafarga.com\\\/corporatiu\\\/#\\\/schema\\\/person\\\/70d96fe17d0da1a9c9e80d232bdbcf33\",\"name\":\"\u00d2scar Milla\",\"image\":{\"@type\":\"ImageObject\",\"inLanguage\":\"ca\",\"@id\":\"https:\\\/\\\/secure.gravatar.com\\\/avatar\\\/92e75d184f9d5e0e403bd4ad075b080ad258344ddc259adddb579f6a3ba6494f?s=96&d=mm&r=g\",\"url\":\"https:\\\/\\\/secure.gravatar.com\\\/avatar\\\/92e75d184f9d5e0e403bd4ad075b080ad258344ddc259adddb579f6a3ba6494f?s=96&d=mm&r=g\",\"contentUrl\":\"https:\\\/\\\/secure.gravatar.com\\\/avatar\\\/92e75d184f9d5e0e403bd4ad075b080ad258344ddc259adddb579f6a3ba6494f?s=96&d=mm&r=g\",\"caption\":\"\u00d2scar Milla\"},\"url\":\"https:\\\/\\\/www.lafarga.com\\\/corporatiu\\\/author\\\/omilla\\\/\"}]}<\/script>\n<!-- \/ Yoast SEO plugin. -->","yoast_head_json":{"title":"11.604 persones vacunades a La Farga en una setmana - La Farga Gesti\u00f3n de Equipamientos Municipales, S.A.","description":"La Farga ha inoculat la vacuna contra la Covid a 11.604 persones en la setmana que porta com a centre de vacunaci\u00f3 intermedi.","robots":{"index":"index","follow":"follow","max-snippet":"max-snippet:-1","max-image-preview":"max-image-preview:large","max-video-preview":"max-video-preview:-1"},"canonical":"https:\/\/www.lafarga.com\/corporatiu\/11-604-persones-vacunades-a-la-farga-en-una-setmana\/","og_locale":"ca_ES","og_type":"article","og_title":"11.604 persones vacunades a La Farga en una setmana - La Farga Gesti\u00f3n de Equipamientos Municipales, S.A.","og_description":"La Farga ha inoculat la vacuna contra la Covid a 11.604 persones en la setmana que porta com a centre de vacunaci\u00f3 intermedi.","og_url":"https:\/\/www.lafarga.com\/corporatiu\/11-604-persones-vacunades-a-la-farga-en-una-setmana\/","og_site_name":"La Farga Gesti\u00f3n de Equipamientos Municipales, S.A.","article_published_time":"2021-04-09T10:25:23+00:00","article_modified_time":"2021-04-09T10:25:25+00:00","og_image":[{"width":730,"height":410,"url":"https:\/\/www.lafarga.com\/corporatiu\/wp-content\/uploads\/2021\/04\/Vacunacio-LaFarga.jpg","type":"image\/jpeg"}],"author":"\u00d2scar Milla","twitter_misc":{"Escrit per":"\u00d2scar Milla","Temps estimat de lectura":"2 minuts"},"schema":{"@context":"https:\/\/schema.org","@graph":[{"@type":"Article","@id":"https:\/\/www.lafarga.com\/corporatiu\/11-604-persones-vacunades-a-la-farga-en-una-setmana\/#article","isPartOf":{"@id":"https:\/\/www.lafarga.com\/corporatiu\/11-604-persones-vacunades-a-la-farga-en-una-setmana\/"},"author":{"name":"\u00d2scar Milla","@id":"https:\/\/www.lafarga.com\/corporatiu\/#\/schema\/person\/70d96fe17d0da1a9c9e80d232bdbcf33"},"headline":"11.604 persones vacunades a La Farga en una setmana","datePublished":"2021-04-09T10:25:23+00:00","dateModified":"2021-04-09T10:25:25+00:00","mainEntityOfPage":{"@id":"https:\/\/www.lafarga.com\/corporatiu\/11-604-persones-vacunades-a-la-farga-en-una-setmana\/"},"wordCount":364,"publisher":{"@id":"https:\/\/www.lafarga.com\/corporatiu\/#organization"},"image":{"@id":"https:\/\/www.lafarga.com\/corporatiu\/11-604-persones-vacunades-a-la-farga-en-una-setmana\/#primaryimage"},"thumbnailUrl":"https:\/\/www.lafarga.com\/corporatiu\/wp-content\/uploads\/2021\/04\/Vacunacio-LaFarga.jpg","articleSection":["Centre d'Activitats"],"inLanguage":"ca"},{"@type":"WebPage","@id":"https:\/\/www.lafarga.com\/corporatiu\/11-604-persones-vacunades-a-la-farga-en-una-setmana\/","url":"https:\/\/www.lafarga.com\/corporatiu\/11-604-persones-vacunades-a-la-farga-en-una-setmana\/","name":"11.604 persones vacunades a La Farga en una setmana - La Farga Gesti\u00f3n de Equipamientos Municipales, S.A.","isPartOf":{"@id":"https:\/\/www.lafarga.com\/corporatiu\/#website"},"primaryImageOfPage":{"@id":"https:\/\/www.lafarga.com\/corporatiu\/11-604-persones-vacunades-a-la-farga-en-una-setmana\/#primaryimage"},"image":{"@id":"https:\/\/www.lafarga.com\/corporatiu\/11-604-persones-vacunades-a-la-farga-en-una-setmana\/#primaryimage"},"thumbnailUrl":"https:\/\/www.lafarga.com\/corporatiu\/wp-content\/uploads\/2021\/04\/Vacunacio-LaFarga.jpg","datePublished":"2021-04-09T10:25:23+00:00","dateModified":"2021-04-09T10:25:25+00:00","description":"La Farga ha inoculat la vacuna contra la Covid a 11.604 persones en la setmana que porta com a centre de vacunaci\u00f3 intermedi.","breadcrumb":{"@id":"https:\/\/www.lafarga.com\/corporatiu\/11-604-persones-vacunades-a-la-farga-en-una-setmana\/#breadcrumb"},"inLanguage":"ca","potentialAction":[{"@type":"ReadAction","target":["https:\/\/www.lafarga.com\/corporatiu\/11-604-persones-vacunades-a-la-farga-en-una-setmana\/"]}]},{"@type":"ImageObject","inLanguage":"ca","@id":"https:\/\/www.lafarga.com\/corporatiu\/11-604-persones-vacunades-a-la-farga-en-una-setmana\/#primaryimage","url":"https:\/\/www.lafarga.com\/corporatiu\/wp-content\/uploads\/2021\/04\/Vacunacio-LaFarga.jpg","contentUrl":"https:\/\/www.lafarga.com\/corporatiu\/wp-content\/uploads\/2021\/04\/Vacunacio-LaFarga.jpg","width":730,"height":410,"caption":"vacunaci\u00f3 Setmana Farga Semana"},{"@type":"BreadcrumbList","@id":"https:\/\/www.lafarga.com\/corporatiu\/11-604-persones-vacunades-a-la-farga-en-una-setmana\/#breadcrumb","itemListElement":[{"@type":"ListItem","position":1,"name":"Home","item":"https:\/\/www.lafarga.com\/corporatiu\/lafarga-hospitalet-llobregat\/"},{"@type":"ListItem","position":2,"name":"11.604 persones vacunades a La Farga en una setmana"}]},{"@type":"WebSite","@id":"https:\/\/www.lafarga.com\/corporatiu\/#website","url":"https:\/\/www.lafarga.com\/corporatiu\/","name":"La Farga Gesti\u00f3 d&#039;Equipaments Municipals, SA","description":"","publisher":{"@id":"https:\/\/www.lafarga.com\/corporatiu\/#organization"},"potentialAction":[{"@type":"SearchAction","target":{"@type":"EntryPoint","urlTemplate":"https:\/\/www.lafarga.com\/corporatiu\/?s={search_term_string}"},"query-input":{"@type":"PropertyValueSpecification","valueRequired":true,"valueName":"search_term_string"}}],"inLanguage":"ca"},{"@type":"Organization","@id":"https:\/\/www.lafarga.com\/corporatiu\/#organization","name":"La Farga Gesti\u00f3 d&#039;Equipaments Municipals, SA","url":"https:\/\/www.lafarga.com\/corporatiu\/","logo":{"@type":"ImageObject","inLanguage":"ca","@id":"https:\/\/www.lafarga.com\/corporatiu\/#\/schema\/logo\/image\/","url":"https:\/\/www.lafarga.com\/corporatiu\/wp-content\/uploads\/2023\/11\/logotipo_lafarga_gemsa.svg","contentUrl":"https:\/\/www.lafarga.com\/corporatiu\/wp-content\/uploads\/2023\/11\/logotipo_lafarga_gemsa.svg","width":102,"height":103,"caption":"La Farga Gesti\u00f3 d&#039;Equipaments Municipals, SA"},"image":{"@id":"https:\/\/www.lafarga.com\/corporatiu\/#\/schema\/logo\/image\/"}},{"@type":"Person","@id":"https:\/\/www.lafarga.com\/corporatiu\/#\/schema\/person\/70d96fe17d0da1a9c9e80d232bdbcf33","name":"\u00d2scar Milla","image":{"@type":"ImageObject","inLanguage":"ca","@id":"https:\/\/secure.gravatar.com\/avatar\/92e75d184f9d5e0e403bd4ad075b080ad258344ddc259adddb579f6a3ba6494f?s=96&d=mm&r=g","url":"https:\/\/secure.gravatar.com\/avatar\/92e75d184f9d5e0e403bd4ad075b080ad258344ddc259adddb579f6a3ba6494f?s=96&d=mm&r=g","contentUrl":"https:\/\/secure.gravatar.com\/avatar\/92e75d184f9d5e0e403bd4ad075b080ad258344ddc259adddb579f6a3ba6494f?s=96&d=mm&r=g","caption":"\u00d2scar Milla"},"url":"https:\/\/www.lafarga.com\/corporatiu\/author\/omilla\/"}]}},"uagb_featured_image_src":{"full":["https:\/\/www.lafarga.com\/corporatiu\/wp-content\/uploads\/2021\/04\/Vacunacio-LaFarga.jpg",730,410,false],"thumbnail":["https:\/\/www.lafarga.com\/corporatiu\/wp-content\/uploads\/2021\/04\/Vacunacio-LaFarga-150x150.jpg",150,150,true],"medium":["https:\/\/www.lafarga.com\/corporatiu\/wp-content\/uploads\/2021\/04\/Vacunacio-LaFarga-300x168.jpg",300,168,true],"medium_large":["https:\/\/www.lafarga.com\/corporatiu\/wp-content\/uploads\/2021\/04\/Vacunacio-LaFarga.jpg",730,410,false],"large":["https:\/\/www.lafarga.com\/corporatiu\/wp-content\/uploads\/2021\/04\/Vacunacio-LaFarga.jpg",730,410,false],"1536x1536":["https:\/\/www.lafarga.com\/corporatiu\/wp-content\/uploads\/2021\/04\/Vacunacio-LaFarga.jpg",730,410,false],"2048x2048":["https:\/\/www.lafarga.com\/corporatiu\/wp-content\/uploads\/2021\/04\/Vacunacio-LaFarga.jpg",730,410,false],"mailpoet_newsletter_max":["https:\/\/www.lafarga.com\/corporatiu\/wp-content\/uploads\/2021\/04\/Vacunacio-LaFarga.jpg",730,410,false]},"uagb_author_info":{"display_name":"\u00d2scar Milla","author_link":"https:\/\/www.lafarga.com\/corporatiu\/author\/omilla\/"},"uagb_comment_info":0,"uagb_excerpt":"La Farga ha inoculat la vacuna contra la Covid a 11.604 persones en la setmana que porta com a centre de vacunaci\u00f3 intermedi.","_links":{"self":[{"href":"https:\/\/www.lafarga.com\/corporatiu\/wp-json\/wp\/v2\/posts\/15538","targetHints":{"allow":["GET"]}}],"collection":[{"href":"https:\/\/www.lafarga.com\/corporatiu\/wp-json\/wp\/v2\/posts"}],"about":[{"href":"https:\/\/www.lafarga.com\/corporatiu\/wp-json\/wp\/v2\/types\/post"}],"author":[{"embeddable":true,"href":"https:\/\/www.lafarga.com\/corporatiu\/wp-json\/wp\/v2\/users\/5"}],"replies":[{"embeddable":true,"href":"https:\/\/www.lafarga.com\/corporatiu\/wp-json\/wp\/v2\/comments?post=15538"}],"version-history":[{"count":1,"href":"https:\/\/www.lafarga.com\/corporatiu\/wp-json\/wp\/v2\/posts\/15538\/revisions"}],"predecessor-version":[{"id":15540,"href":"https:\/\/www.lafarga.com\/corporatiu\/wp-json\/wp\/v2\/posts\/15538\/revisions\/15540"}],"wp:featuredmedia":[{"embeddable":true,"href":"https:\/\/www.lafarga.com\/corporatiu\/wp-json\/wp\/v2\/media\/15539"}],"wp:attachment":[{"href":"https:\/\/www.lafarga.com\/corporatiu\/wp-json\/wp\/v2\/media?parent=15538"}],"wp:term":[{"taxonomy":"category","embeddable":true,"href":"https:\/\/www.lafarga.com\/corporatiu\/wp-json\/wp\/v2\/categories?post=15538"},{"taxonomy":"post_tag","embeddable":true,"href":"https:\/\/www.lafarga.com\/corporatiu\/wp-json\/wp\/v2\/tags?post=15538"}],"curies":[{"name":"wp","href":"https:\/\/api.w.org\/{rel}","templated":true}]}}