{"id":15282,"date":"2021-01-15T11:00:00","date_gmt":"2021-01-15T11:00:00","guid":{"rendered":"http:\/\/www.lafarga.com\/corporatiu\/?p=15282"},"modified":"2021-01-20T11:16:48","modified_gmt":"2021-01-20T11:16:48","slug":"nova-app-metropolitana-residents-arees-verdes","status":"publish","type":"post","link":"https:\/\/www.lafarga.com\/corporatiu\/nova-app-metropolitana-residents-arees-verdes\/","title":{"rendered":"Nova app metropolitana per a residents a les \u00e0rees verdes"},"content":{"rendered":"<h5>L\u2019\u00fas de l&#8217;estacionament regulat es podr\u00e0 gestionar amb el m\u00f2bil<\/h5>\n<p>L\u2019AMB estrena l\u2019app AMB Aparcament Residents amb l\u2019objectiu de facilitar als residents de diferents municipis de l\u2019\u00e0rea metropolitana de Barcelona, entre els quals hi ha L\u2019Hospitalet de Llobregat, la gesti\u00f3 i el pagament de l\u2019estacionament dels seus vehicles en determinades zones sense que calgui utilitzar els parqu\u00edmetres situats a la via p\u00fablica.<\/p>\n<p>Des de principis d&#8217;any els residents que vulguin aparcar a les <a href=\"https:\/\/www.lafarga.com\/corporatiu\/estacionaments-regulats-hospitalet\/\" target=\"_blank\" rel=\"noopener noreferrer\"><strong>zones verdes d\u2019aparcament de L\u2019Hospitalet<\/strong><\/a> ja podran gestionar l\u2019\u00fas d\u2019aquestes \u00e0rees d\u2019estacionament regulat per mitj\u00e0 del tel\u00e8fon m\u00f2bil, amb la nova aplicaci\u00f3 AMB Aparcament Residents.<\/p>\n<p>L\u2019app metropolitana ha estat creada per l\u2019AMB a sol\u00b7licitud de l\u2019Ajuntament de L\u2019Hospitalet i respon a la demanda ve\u00efnal arran de la implementaci\u00f3 a la ciutat d\u2019aquestes \u00e0rees d\u2019estacionament preferent per a residents. A la ciutat funcionen \u00e0rees verdes d\u2019estacionament regulat a Granvia Sud i Can Serra, que s\u00f3n gratu\u00eftes per als residents i ofereixen tarifes especials per als vehicles que siguin propietat de familiars de primer grau dels residents.<\/p>\n<p>Fins ara, els usuaris havien d\u2019anar al parqu\u00edmetre a treure el tiquet i posar-lo al parabrisa del vehicle, tal com fixa l\u2019Ordenan\u00e7a de mobilitat d\u2019aquest municipi. Amb l\u2019aplicaci\u00f3 AMB Aparcament Residents, disponible per a dispositius amb sistema operatiu Android i iOS, es podr\u00e0 gestionar l\u2019estacionament des del m\u00f2bil de manera c\u00f2moda i segura, amb estalvi de temps i diners, a m\u00e9s de guanyar en seguretat.<\/p>\n<h5>Prova pilot pionera a L\u2019Hospitalet<\/h5>\n<p>Des de l\u2019Ajuntament es recorda que, en primer lloc, es far\u00e0 la prova pilot amb els controladors d\u2019aquestes \u00e0rees d\u2019estacionament i, a continuaci\u00f3, es donar\u00e0 d\u2019alta la plataforma per posar-la a disposici\u00f3 de tots els usuaris que desitgin fer-la servir.<\/p>\n<p>Tot i la nova funcionalitat, els usuaris hauran de continuar movent el seu vehicle a les zones verdes d\u2019aparcament, amb la finalitat que no estigui estacionat en un mateix lloc m\u00e9s de set dies.<\/p>\n<p>L\u2019any passat, L\u2019Hospitalet ja es va adherir a l\u2019aplicaci\u00f3 metropolitana AMB Aparcament Metropolit\u00e0, que permet pagar l\u2019estacionament de rotaci\u00f3 a les \u00e0rees blaves i verdes mitjan\u00e7ant el tel\u00e8fon m\u00f2bil, i ara es fa un pas endavant amb la nova app, espec\u00edfica per a residents, de les \u00e0rees verdes.<\/p>\n<p>Podeu trobar m\u00e9s informaci\u00f3 d\u2019aquest servei a\u00a0 <strong><a href=\"http:\/\/www.amb.cat\/aparcamentresidents\" target=\"_blank\" rel=\"noopener noreferrer\">www.amb.cat\/aparcamentresidents<\/a><\/strong><\/p>\n","protected":false},"excerpt":{"rendered":"<p>L\u2019AMB estrena l\u2019app AMB Aparcament Residents amb l\u2019objectiu de facilitar als residents de diferents municipis de l\u2019\u00e0rea metropolitana de Barcelona, entre els quals hi ha L\u2019Hospitalet de Llobregat, la gesti\u00f3 i el pagament de l\u2019estacionament.<\/p>\n","protected":false},"author":5,"featured_media":15283,"comment_status":"closed","ping_status":"closed","sticky":false,"template":"","format":"standard","meta":{"inline_featured_image":false,"_uag_custom_page_level_css":"","_monsterinsights_skip_tracking":false,"_monsterinsights_sitenote_active":false,"_monsterinsights_sitenote_note":"","_monsterinsights_sitenote_category":0,"site-sidebar-layout":"default","site-content-layout":"","ast-site-content-layout":"default","site-content-style":"default","site-sidebar-style":"default","ast-global-header-display":"","ast-banner-title-visibility":"","ast-main-header-display":"","ast-hfb-above-header-display":"","ast-hfb-below-header-display":"","ast-hfb-mobile-header-display":"","site-post-title":"","ast-breadcrumbs-content":"","ast-featured-img":"","footer-sml-layout":"","ast-disable-related-posts":"","theme-transparent-header-meta":"","adv-header-id-meta":"","stick-header-meta":"","header-above-stick-meta":"","header-main-stick-meta":"","header-below-stick-meta":"","astra-migrate-meta-layouts":"default","ast-page-background-enabled":"default","ast-page-background-meta":{"desktop":{"background-color":"var(--ast-global-color-4)","background-image":"","background-repeat":"repeat","background-position":"center center","background-size":"auto","background-attachment":"scroll","background-type":"","background-media":"","overlay-type":"","overlay-color":"","overlay-opacity":"","overlay-gradient":""},"tablet":{"background-color":"","background-image":"","background-repeat":"repeat","background-position":"center center","background-size":"auto","background-attachment":"scroll","background-type":"","background-media":"","overlay-type":"","overlay-color":"","overlay-opacity":"","overlay-gradient":""},"mobile":{"background-color":"","background-image":"","background-repeat":"repeat","background-position":"center center","background-size":"auto","background-attachment":"scroll","background-type":"","background-media":"","overlay-type":"","overlay-color":"","overlay-opacity":"","overlay-gradient":""}},"ast-content-background-meta":{"desktop":{"background-color":"var(--ast-global-color-5)","background-image":"","background-repeat":"repeat","background-position":"center center","background-size":"auto","background-attachment":"scroll","background-type":"","background-media":"","overlay-type":"","overlay-color":"","overlay-opacity":"","overlay-gradient":""},"tablet":{"background-color":"var(--ast-global-color-5)","background-image":"","background-repeat":"repeat","background-position":"center center","background-size":"auto","background-attachment":"scroll","background-type":"","background-media":"","overlay-type":"","overlay-color":"","overlay-opacity":"","overlay-gradient":""},"mobile":{"background-color":"var(--ast-global-color-5)","background-image":"","background-repeat":"repeat","background-position":"center center","background-size":"auto","background-attachment":"scroll","background-type":"","background-media":"","overlay-type":"","overlay-color":"","overlay-opacity":"","overlay-gradient":""}},"footnotes":""},"categories":[55],"tags":[],"class_list":["post-15282","post","type-post","status-publish","format-standard","has-post-thumbnail","hentry","category-mobilitat"],"yoast_head":"<!-- This site is optimized with the Yoast SEO plugin v27.4 - https:\/\/yoast.com\/product\/yoast-seo-wordpress\/ -->\n<title>Nova app metropolitana per a residents a les \u00e0rees verdes - La Farga Gesti\u00f3n de Equipamientos Municipales, S.A.<\/title>\n<meta name=\"description\" content=\"L\u2019AMB estrena l\u2019app AMB Aparcament Residents amb l\u2019objectiu de facilitar als residents la gesti\u00f3 i el pagament de l\u2019estacionament.\" \/>\n<meta name=\"robots\" content=\"index, follow, max-snippet:-1, max-image-preview:large, max-video-preview:-1\" \/>\n<link rel=\"canonical\" href=\"https:\/\/www.lafarga.com\/corporatiu\/nova-app-metropolitana-residents-arees-verdes\/\" \/>\n<meta property=\"og:locale\" content=\"ca_ES\" \/>\n<meta property=\"og:type\" content=\"article\" \/>\n<meta property=\"og:title\" content=\"Nova app metropolitana per a residents a les \u00e0rees verdes - La Farga Gesti\u00f3n de Equipamientos Municipales, S.A.\" \/>\n<meta property=\"og:description\" content=\"L\u2019AMB estrena l\u2019app AMB Aparcament Residents amb l\u2019objectiu de facilitar als residents la gesti\u00f3 i el pagament de l\u2019estacionament.\" \/>\n<meta property=\"og:url\" content=\"https:\/\/www.lafarga.com\/corporatiu\/nova-app-metropolitana-residents-arees-verdes\/\" \/>\n<meta property=\"og:site_name\" content=\"La Farga Gesti\u00f3n de Equipamientos Municipales, S.A.\" \/>\n<meta property=\"article:published_time\" content=\"2021-01-15T11:00:00+00:00\" \/>\n<meta property=\"article:modified_time\" content=\"2021-01-20T11:16:48+00:00\" \/>\n<meta property=\"og:image\" content=\"https:\/\/www.lafarga.com\/corporatiu\/wp-content\/uploads\/2021\/01\/Zones-Aire-Farga-Verda.jpg\" \/>\n\t<meta property=\"og:image:width\" content=\"730\" \/>\n\t<meta property=\"og:image:height\" content=\"410\" \/>\n\t<meta property=\"og:image:type\" content=\"image\/jpeg\" \/>\n<meta name=\"author\" content=\"\u00d2scar Milla\" \/>\n<meta name=\"twitter:label1\" content=\"Escrit per\" \/>\n\t<meta name=\"twitter:data1\" content=\"\u00d2scar Milla\" \/>\n\t<meta name=\"twitter:label2\" content=\"Temps estimat de lectura\" \/>\n\t<meta name=\"twitter:data2\" content=\"2 minuts\" \/>\n<script type=\"application\/ld+json\" class=\"yoast-schema-graph\">{\"@context\":\"https:\\\/\\\/schema.org\",\"@graph\":[{\"@type\":\"Article\",\"@id\":\"https:\\\/\\\/www.lafarga.com\\\/corporatiu\\\/nova-app-metropolitana-residents-arees-verdes\\\/#article\",\"isPartOf\":{\"@id\":\"https:\\\/\\\/www.lafarga.com\\\/corporatiu\\\/nova-app-metropolitana-residents-arees-verdes\\\/\"},\"author\":{\"name\":\"\u00d2scar Milla\",\"@id\":\"https:\\\/\\\/www.lafarga.com\\\/corporatiu\\\/#\\\/schema\\\/person\\\/70d96fe17d0da1a9c9e80d232bdbcf33\"},\"headline\":\"Nova app metropolitana per a residents a les \u00e0rees verdes\",\"datePublished\":\"2021-01-15T11:00:00+00:00\",\"dateModified\":\"2021-01-20T11:16:48+00:00\",\"mainEntityOfPage\":{\"@id\":\"https:\\\/\\\/www.lafarga.com\\\/corporatiu\\\/nova-app-metropolitana-residents-arees-verdes\\\/\"},\"wordCount\":438,\"publisher\":{\"@id\":\"https:\\\/\\\/www.lafarga.com\\\/corporatiu\\\/#organization\"},\"image\":{\"@id\":\"https:\\\/\\\/www.lafarga.com\\\/corporatiu\\\/nova-app-metropolitana-residents-arees-verdes\\\/#primaryimage\"},\"thumbnailUrl\":\"https:\\\/\\\/www.lafarga.com\\\/corporatiu\\\/wp-content\\\/uploads\\\/2021\\\/01\\\/Zones-Aire-Farga-Verda.jpg\",\"articleSection\":[\"Estacionaments Regulats\"],\"inLanguage\":\"ca\"},{\"@type\":\"WebPage\",\"@id\":\"https:\\\/\\\/www.lafarga.com\\\/corporatiu\\\/nova-app-metropolitana-residents-arees-verdes\\\/\",\"url\":\"https:\\\/\\\/www.lafarga.com\\\/corporatiu\\\/nova-app-metropolitana-residents-arees-verdes\\\/\",\"name\":\"Nova app metropolitana per a residents a les \u00e0rees verdes - La Farga Gesti\u00f3n de Equipamientos Municipales, S.A.\",\"isPartOf\":{\"@id\":\"https:\\\/\\\/www.lafarga.com\\\/corporatiu\\\/#website\"},\"primaryImageOfPage\":{\"@id\":\"https:\\\/\\\/www.lafarga.com\\\/corporatiu\\\/nova-app-metropolitana-residents-arees-verdes\\\/#primaryimage\"},\"image\":{\"@id\":\"https:\\\/\\\/www.lafarga.com\\\/corporatiu\\\/nova-app-metropolitana-residents-arees-verdes\\\/#primaryimage\"},\"thumbnailUrl\":\"https:\\\/\\\/www.lafarga.com\\\/corporatiu\\\/wp-content\\\/uploads\\\/2021\\\/01\\\/Zones-Aire-Farga-Verda.jpg\",\"datePublished\":\"2021-01-15T11:00:00+00:00\",\"dateModified\":\"2021-01-20T11:16:48+00:00\",\"description\":\"L\u2019AMB estrena l\u2019app AMB Aparcament Residents amb l\u2019objectiu de facilitar als residents la gesti\u00f3 i el pagament de l\u2019estacionament.\",\"breadcrumb\":{\"@id\":\"https:\\\/\\\/www.lafarga.com\\\/corporatiu\\\/nova-app-metropolitana-residents-arees-verdes\\\/#breadcrumb\"},\"inLanguage\":\"ca\",\"potentialAction\":[{\"@type\":\"ReadAction\",\"target\":[\"https:\\\/\\\/www.lafarga.com\\\/corporatiu\\\/nova-app-metropolitana-residents-arees-verdes\\\/\"]}]},{\"@type\":\"ImageObject\",\"inLanguage\":\"ca\",\"@id\":\"https:\\\/\\\/www.lafarga.com\\\/corporatiu\\\/nova-app-metropolitana-residents-arees-verdes\\\/#primaryimage\",\"url\":\"https:\\\/\\\/www.lafarga.com\\\/corporatiu\\\/wp-content\\\/uploads\\\/2021\\\/01\\\/Zones-Aire-Farga-Verda.jpg\",\"contentUrl\":\"https:\\\/\\\/www.lafarga.com\\\/corporatiu\\\/wp-content\\\/uploads\\\/2021\\\/01\\\/Zones-Aire-Farga-Verda.jpg\",\"width\":730,\"height\":410,\"caption\":\"Zones Aire residents residentes\"},{\"@type\":\"BreadcrumbList\",\"@id\":\"https:\\\/\\\/www.lafarga.com\\\/corporatiu\\\/nova-app-metropolitana-residents-arees-verdes\\\/#breadcrumb\",\"itemListElement\":[{\"@type\":\"ListItem\",\"position\":1,\"name\":\"Home\",\"item\":\"https:\\\/\\\/www.lafarga.com\\\/corporatiu\\\/lafarga-hospitalet-llobregat\\\/\"},{\"@type\":\"ListItem\",\"position\":2,\"name\":\"Nova app metropolitana per a residents a les \u00e0rees verdes\"}]},{\"@type\":\"WebSite\",\"@id\":\"https:\\\/\\\/www.lafarga.com\\\/corporatiu\\\/#website\",\"url\":\"https:\\\/\\\/www.lafarga.com\\\/corporatiu\\\/\",\"name\":\"La Farga Gesti\u00f3 d&#039;Equipaments Municipals, SA\",\"description\":\"\",\"publisher\":{\"@id\":\"https:\\\/\\\/www.lafarga.com\\\/corporatiu\\\/#organization\"},\"potentialAction\":[{\"@type\":\"SearchAction\",\"target\":{\"@type\":\"EntryPoint\",\"urlTemplate\":\"https:\\\/\\\/www.lafarga.com\\\/corporatiu\\\/?s={search_term_string}\"},\"query-input\":{\"@type\":\"PropertyValueSpecification\",\"valueRequired\":true,\"valueName\":\"search_term_string\"}}],\"inLanguage\":\"ca\"},{\"@type\":\"Organization\",\"@id\":\"https:\\\/\\\/www.lafarga.com\\\/corporatiu\\\/#organization\",\"name\":\"La Farga Gesti\u00f3 d&#039;Equipaments Municipals, SA\",\"url\":\"https:\\\/\\\/www.lafarga.com\\\/corporatiu\\\/\",\"logo\":{\"@type\":\"ImageObject\",\"inLanguage\":\"ca\",\"@id\":\"https:\\\/\\\/www.lafarga.com\\\/corporatiu\\\/#\\\/schema\\\/logo\\\/image\\\/\",\"url\":\"https:\\\/\\\/www.lafarga.com\\\/corporatiu\\\/wp-content\\\/uploads\\\/2023\\\/11\\\/logotipo_lafarga_gemsa.svg\",\"contentUrl\":\"https:\\\/\\\/www.lafarga.com\\\/corporatiu\\\/wp-content\\\/uploads\\\/2023\\\/11\\\/logotipo_lafarga_gemsa.svg\",\"width\":102,\"height\":103,\"caption\":\"La Farga Gesti\u00f3 d&#039;Equipaments Municipals, SA\"},\"image\":{\"@id\":\"https:\\\/\\\/www.lafarga.com\\\/corporatiu\\\/#\\\/schema\\\/logo\\\/image\\\/\"}},{\"@type\":\"Person\",\"@id\":\"https:\\\/\\\/www.lafarga.com\\\/corporatiu\\\/#\\\/schema\\\/person\\\/70d96fe17d0da1a9c9e80d232bdbcf33\",\"name\":\"\u00d2scar Milla\",\"image\":{\"@type\":\"ImageObject\",\"inLanguage\":\"ca\",\"@id\":\"https:\\\/\\\/secure.gravatar.com\\\/avatar\\\/92e75d184f9d5e0e403bd4ad075b080ad258344ddc259adddb579f6a3ba6494f?s=96&d=mm&r=g\",\"url\":\"https:\\\/\\\/secure.gravatar.com\\\/avatar\\\/92e75d184f9d5e0e403bd4ad075b080ad258344ddc259adddb579f6a3ba6494f?s=96&d=mm&r=g\",\"contentUrl\":\"https:\\\/\\\/secure.gravatar.com\\\/avatar\\\/92e75d184f9d5e0e403bd4ad075b080ad258344ddc259adddb579f6a3ba6494f?s=96&d=mm&r=g\",\"caption\":\"\u00d2scar Milla\"},\"url\":\"https:\\\/\\\/www.lafarga.com\\\/corporatiu\\\/author\\\/omilla\\\/\"}]}<\/script>\n<!-- \/ Yoast SEO plugin. -->","yoast_head_json":{"title":"Nova app metropolitana per a residents a les \u00e0rees verdes - La Farga Gesti\u00f3n de Equipamientos Municipales, S.A.","description":"L\u2019AMB estrena l\u2019app AMB Aparcament Residents amb l\u2019objectiu de facilitar als residents la gesti\u00f3 i el pagament de l\u2019estacionament.","robots":{"index":"index","follow":"follow","max-snippet":"max-snippet:-1","max-image-preview":"max-image-preview:large","max-video-preview":"max-video-preview:-1"},"canonical":"https:\/\/www.lafarga.com\/corporatiu\/nova-app-metropolitana-residents-arees-verdes\/","og_locale":"ca_ES","og_type":"article","og_title":"Nova app metropolitana per a residents a les \u00e0rees verdes - La Farga Gesti\u00f3n de Equipamientos Municipales, S.A.","og_description":"L\u2019AMB estrena l\u2019app AMB Aparcament Residents amb l\u2019objectiu de facilitar als residents la gesti\u00f3 i el pagament de l\u2019estacionament.","og_url":"https:\/\/www.lafarga.com\/corporatiu\/nova-app-metropolitana-residents-arees-verdes\/","og_site_name":"La Farga Gesti\u00f3n de Equipamientos Municipales, S.A.","article_published_time":"2021-01-15T11:00:00+00:00","article_modified_time":"2021-01-20T11:16:48+00:00","og_image":[{"width":730,"height":410,"url":"https:\/\/www.lafarga.com\/corporatiu\/wp-content\/uploads\/2021\/01\/Zones-Aire-Farga-Verda.jpg","type":"image\/jpeg"}],"author":"\u00d2scar Milla","twitter_misc":{"Escrit per":"\u00d2scar Milla","Temps estimat de lectura":"2 minuts"},"schema":{"@context":"https:\/\/schema.org","@graph":[{"@type":"Article","@id":"https:\/\/www.lafarga.com\/corporatiu\/nova-app-metropolitana-residents-arees-verdes\/#article","isPartOf":{"@id":"https:\/\/www.lafarga.com\/corporatiu\/nova-app-metropolitana-residents-arees-verdes\/"},"author":{"name":"\u00d2scar Milla","@id":"https:\/\/www.lafarga.com\/corporatiu\/#\/schema\/person\/70d96fe17d0da1a9c9e80d232bdbcf33"},"headline":"Nova app metropolitana per a residents a les \u00e0rees verdes","datePublished":"2021-01-15T11:00:00+00:00","dateModified":"2021-01-20T11:16:48+00:00","mainEntityOfPage":{"@id":"https:\/\/www.lafarga.com\/corporatiu\/nova-app-metropolitana-residents-arees-verdes\/"},"wordCount":438,"publisher":{"@id":"https:\/\/www.lafarga.com\/corporatiu\/#organization"},"image":{"@id":"https:\/\/www.lafarga.com\/corporatiu\/nova-app-metropolitana-residents-arees-verdes\/#primaryimage"},"thumbnailUrl":"https:\/\/www.lafarga.com\/corporatiu\/wp-content\/uploads\/2021\/01\/Zones-Aire-Farga-Verda.jpg","articleSection":["Estacionaments Regulats"],"inLanguage":"ca"},{"@type":"WebPage","@id":"https:\/\/www.lafarga.com\/corporatiu\/nova-app-metropolitana-residents-arees-verdes\/","url":"https:\/\/www.lafarga.com\/corporatiu\/nova-app-metropolitana-residents-arees-verdes\/","name":"Nova app metropolitana per a residents a les \u00e0rees verdes - La Farga Gesti\u00f3n de Equipamientos Municipales, S.A.","isPartOf":{"@id":"https:\/\/www.lafarga.com\/corporatiu\/#website"},"primaryImageOfPage":{"@id":"https:\/\/www.lafarga.com\/corporatiu\/nova-app-metropolitana-residents-arees-verdes\/#primaryimage"},"image":{"@id":"https:\/\/www.lafarga.com\/corporatiu\/nova-app-metropolitana-residents-arees-verdes\/#primaryimage"},"thumbnailUrl":"https:\/\/www.lafarga.com\/corporatiu\/wp-content\/uploads\/2021\/01\/Zones-Aire-Farga-Verda.jpg","datePublished":"2021-01-15T11:00:00+00:00","dateModified":"2021-01-20T11:16:48+00:00","description":"L\u2019AMB estrena l\u2019app AMB Aparcament Residents amb l\u2019objectiu de facilitar als residents la gesti\u00f3 i el pagament de l\u2019estacionament.","breadcrumb":{"@id":"https:\/\/www.lafarga.com\/corporatiu\/nova-app-metropolitana-residents-arees-verdes\/#breadcrumb"},"inLanguage":"ca","potentialAction":[{"@type":"ReadAction","target":["https:\/\/www.lafarga.com\/corporatiu\/nova-app-metropolitana-residents-arees-verdes\/"]}]},{"@type":"ImageObject","inLanguage":"ca","@id":"https:\/\/www.lafarga.com\/corporatiu\/nova-app-metropolitana-residents-arees-verdes\/#primaryimage","url":"https:\/\/www.lafarga.com\/corporatiu\/wp-content\/uploads\/2021\/01\/Zones-Aire-Farga-Verda.jpg","contentUrl":"https:\/\/www.lafarga.com\/corporatiu\/wp-content\/uploads\/2021\/01\/Zones-Aire-Farga-Verda.jpg","width":730,"height":410,"caption":"Zones Aire residents residentes"},{"@type":"BreadcrumbList","@id":"https:\/\/www.lafarga.com\/corporatiu\/nova-app-metropolitana-residents-arees-verdes\/#breadcrumb","itemListElement":[{"@type":"ListItem","position":1,"name":"Home","item":"https:\/\/www.lafarga.com\/corporatiu\/lafarga-hospitalet-llobregat\/"},{"@type":"ListItem","position":2,"name":"Nova app metropolitana per a residents a les \u00e0rees verdes"}]},{"@type":"WebSite","@id":"https:\/\/www.lafarga.com\/corporatiu\/#website","url":"https:\/\/www.lafarga.com\/corporatiu\/","name":"La Farga Gesti\u00f3 d&#039;Equipaments Municipals, SA","description":"","publisher":{"@id":"https:\/\/www.lafarga.com\/corporatiu\/#organization"},"potentialAction":[{"@type":"SearchAction","target":{"@type":"EntryPoint","urlTemplate":"https:\/\/www.lafarga.com\/corporatiu\/?s={search_term_string}"},"query-input":{"@type":"PropertyValueSpecification","valueRequired":true,"valueName":"search_term_string"}}],"inLanguage":"ca"},{"@type":"Organization","@id":"https:\/\/www.lafarga.com\/corporatiu\/#organization","name":"La Farga Gesti\u00f3 d&#039;Equipaments Municipals, SA","url":"https:\/\/www.lafarga.com\/corporatiu\/","logo":{"@type":"ImageObject","inLanguage":"ca","@id":"https:\/\/www.lafarga.com\/corporatiu\/#\/schema\/logo\/image\/","url":"https:\/\/www.lafarga.com\/corporatiu\/wp-content\/uploads\/2023\/11\/logotipo_lafarga_gemsa.svg","contentUrl":"https:\/\/www.lafarga.com\/corporatiu\/wp-content\/uploads\/2023\/11\/logotipo_lafarga_gemsa.svg","width":102,"height":103,"caption":"La Farga Gesti\u00f3 d&#039;Equipaments Municipals, SA"},"image":{"@id":"https:\/\/www.lafarga.com\/corporatiu\/#\/schema\/logo\/image\/"}},{"@type":"Person","@id":"https:\/\/www.lafarga.com\/corporatiu\/#\/schema\/person\/70d96fe17d0da1a9c9e80d232bdbcf33","name":"\u00d2scar Milla","image":{"@type":"ImageObject","inLanguage":"ca","@id":"https:\/\/secure.gravatar.com\/avatar\/92e75d184f9d5e0e403bd4ad075b080ad258344ddc259adddb579f6a3ba6494f?s=96&d=mm&r=g","url":"https:\/\/secure.gravatar.com\/avatar\/92e75d184f9d5e0e403bd4ad075b080ad258344ddc259adddb579f6a3ba6494f?s=96&d=mm&r=g","contentUrl":"https:\/\/secure.gravatar.com\/avatar\/92e75d184f9d5e0e403bd4ad075b080ad258344ddc259adddb579f6a3ba6494f?s=96&d=mm&r=g","caption":"\u00d2scar Milla"},"url":"https:\/\/www.lafarga.com\/corporatiu\/author\/omilla\/"}]}},"uagb_featured_image_src":{"full":["https:\/\/www.lafarga.com\/corporatiu\/wp-content\/uploads\/2021\/01\/Zones-Aire-Farga-Verda.jpg",730,410,false],"thumbnail":["https:\/\/www.lafarga.com\/corporatiu\/wp-content\/uploads\/2021\/01\/Zones-Aire-Farga-Verda-150x150.jpg",150,150,true],"medium":["https:\/\/www.lafarga.com\/corporatiu\/wp-content\/uploads\/2021\/01\/Zones-Aire-Farga-Verda-300x168.jpg",300,168,true],"medium_large":["https:\/\/www.lafarga.com\/corporatiu\/wp-content\/uploads\/2021\/01\/Zones-Aire-Farga-Verda.jpg",730,410,false],"large":["https:\/\/www.lafarga.com\/corporatiu\/wp-content\/uploads\/2021\/01\/Zones-Aire-Farga-Verda.jpg",730,410,false],"1536x1536":["https:\/\/www.lafarga.com\/corporatiu\/wp-content\/uploads\/2021\/01\/Zones-Aire-Farga-Verda.jpg",730,410,false],"2048x2048":["https:\/\/www.lafarga.com\/corporatiu\/wp-content\/uploads\/2021\/01\/Zones-Aire-Farga-Verda.jpg",730,410,false],"mailpoet_newsletter_max":["https:\/\/www.lafarga.com\/corporatiu\/wp-content\/uploads\/2021\/01\/Zones-Aire-Farga-Verda.jpg",730,410,false]},"uagb_author_info":{"display_name":"\u00d2scar Milla","author_link":"https:\/\/www.lafarga.com\/corporatiu\/author\/omilla\/"},"uagb_comment_info":0,"uagb_excerpt":"L\u2019AMB estrena l\u2019app AMB Aparcament Residents amb l\u2019objectiu de facilitar als residents de diferents municipis de l\u2019\u00e0rea metropolitana de Barcelona, entre els quals hi ha L\u2019Hospitalet de Llobregat, la gesti\u00f3 i el pagament de l\u2019estacionament.","_links":{"self":[{"href":"https:\/\/www.lafarga.com\/corporatiu\/wp-json\/wp\/v2\/posts\/15282","targetHints":{"allow":["GET"]}}],"collection":[{"href":"https:\/\/www.lafarga.com\/corporatiu\/wp-json\/wp\/v2\/posts"}],"about":[{"href":"https:\/\/www.lafarga.com\/corporatiu\/wp-json\/wp\/v2\/types\/post"}],"author":[{"embeddable":true,"href":"https:\/\/www.lafarga.com\/corporatiu\/wp-json\/wp\/v2\/users\/5"}],"replies":[{"embeddable":true,"href":"https:\/\/www.lafarga.com\/corporatiu\/wp-json\/wp\/v2\/comments?post=15282"}],"version-history":[{"count":3,"href":"https:\/\/www.lafarga.com\/corporatiu\/wp-json\/wp\/v2\/posts\/15282\/revisions"}],"predecessor-version":[{"id":15293,"href":"https:\/\/www.lafarga.com\/corporatiu\/wp-json\/wp\/v2\/posts\/15282\/revisions\/15293"}],"wp:featuredmedia":[{"embeddable":true,"href":"https:\/\/www.lafarga.com\/corporatiu\/wp-json\/wp\/v2\/media\/15283"}],"wp:attachment":[{"href":"https:\/\/www.lafarga.com\/corporatiu\/wp-json\/wp\/v2\/media?parent=15282"}],"wp:term":[{"taxonomy":"category","embeddable":true,"href":"https:\/\/www.lafarga.com\/corporatiu\/wp-json\/wp\/v2\/categories?post=15282"},{"taxonomy":"post_tag","embeddable":true,"href":"https:\/\/www.lafarga.com\/corporatiu\/wp-json\/wp\/v2\/tags?post=15282"}],"curies":[{"name":"wp","href":"https:\/\/api.w.org\/{rel}","templated":true}]}}