{"id":15271,"date":"2021-01-18T11:00:05","date_gmt":"2021-01-18T11:00:05","guid":{"rendered":"http:\/\/www.lafarga.com\/corporatiu\/?p=15271"},"modified":"2021-01-19T11:06:49","modified_gmt":"2021-01-19T11:06:49","slug":"vacuna-tercera-ola-cara-cruz-pandemia","status":"publish","type":"post","link":"https:\/\/www.lafarga.com\/corporatiu\/vacuna-tercera-ola-cara-cruz-pandemia\/","title":{"rendered":"Vacuna y tercera ola: cara y cruz de la pandemia"},"content":{"rendered":"\r\n<h5>Edici\u00f3n 363<\/h5>\r\n<p>La llegada de la vacuna y tambi\u00e9n de la tercera ola de la pandemia es el principal tema de portada del Diari de L&#8217;Hospitalet de este mes de enero.<\/p>\r\n\r\n\r\n\r\n<p>Ha comenzado la campa\u00f1a de inmunizaci\u00f3n de sanitarios y residencias de ancianos. El a\u00f1o comienza con altos registros de contagios despu\u00e9s de la Navidad, m\u00e1s de 800 a la semana en la ciudad.<\/p>\r\n\r\n\r\n\r\n<p>La inmunidad de grupo no llegar\u00e1 hasta finales de 2021, seg\u00fan los expertos epidemi\u00f3logos. El Hospital de Bellvitge y los CAP preparan anexos para tratar el Covid-19.<\/p>\r\n\r\n\r\n\r\n<p>Otras cuestiones que expone el Diari en portada, aparte de la pandemia, son que el presupuesto municipal para el 2021 es de 259,3 millones de euros, dos menos que el a\u00f1o pasado; y que el Pleno acuerda formar una comisi\u00f3n para analizar el caso del Consell Esportiu.<\/p>\r\n\r\n\r\n\r\n<p>En este diario tambi\u00e9n encontramos que la Fundaci\u00f3n Johan Cruyff har\u00e1 un espacio deportivo en la plaza de Granada dedicado al futbolista Jordi Alba; que el Castell de Bellv\u00eds se rehabilitar\u00e1 y ser\u00e1 un centro de divulgaci\u00f3n de la \u00e9poca medieval en la ciudad; y que la Associaci\u00f3 de Dones de Sant Josep edita una gu\u00eda para detectar la violencia machista y denunciarla.<\/p>\r\n\r\n\r\n\r\n<h5>Informaci\u00f3n de Zonas AIRE y Medios de Comunicaci\u00f3n<\/h5>\r\n<p>Dos nuevas &#8220;APPS&#8221;, creadas por el \u00c1rea Metropolitana, gestionan el aparcamiento de las <a href=\"https:\/\/www.lafarga.com\/corporatiu\/estacionamientos-regulados-hospitalet\/\" target=\"_blank\" rel=\"noopener noreferrer\"><strong>Zonas AIRE<\/strong><\/a> de Can Serra y Granvia Sud, destinada a los vecinos y vecinas residentes, y el estacionamiento en las zonas de carga y descarga para los transportistas. Esta \u00faltima herramienta, llamada SPRO, est\u00e1 en per\u00edodo de pruebas.<\/p>\r\n\r\n\r\n\r\n<p>En informaci\u00f3n sobre los <a href=\"https:\/\/www.lafarga.com\/corporatiu\/medios-comunicacion-hospitalet-la-farga\/\" target=\"_blank\" rel=\"noopener noreferrer\"><strong>Medios de Comunicaci\u00f3n<\/strong><\/a> de la ciudad se informa que Televisi\u00f3n de L&#8217;Hospitalet, que llega a su 20 aniversario, emite a partir de ahora en directo por internet.<\/p>\r\n\r\n\r\n\r\n<p>En el apartado de deportes se destaca que la situaci\u00f3n sanitaria condiciona la actividad y amenaza la supervivencia de las entidades deportivas.<\/p>\r\n\r\n\r\n\r\n<p>El Diari de L&#8217;Hospitalet tiene una tirada de 105.000 ejemplares y est\u00e1 editado y gestionado por La Farga Gesti\u00f3n de Equipamientos Municipales.<\/p>\r\n\r\n\r\n\r\n<p>Aqu\u00ed puede consultar la <a href=\"http:\/\/lhdigital.cat\/diarilh_digital\/362\/index.html\" target=\"_blank\" rel=\"noopener noreferrer\"><strong>versi\u00f3n digital<\/strong><\/a> del Diari de L&#8217;Hospitalet.<\/p>\r\n","protected":false},"excerpt":{"rendered":"<p>La llegada de la vacuna y tambi\u00e9n de la tercera ola de la pandemia es el principal tema de portada del Diari de L&#8217;Hospitalet de este mes de enero.<\/p>\n","protected":false},"author":5,"featured_media":15269,"comment_status":"closed","ping_status":"closed","sticky":false,"template":"","format":"standard","meta":{"inline_featured_image":false,"_uag_custom_page_level_css":"","_monsterinsights_skip_tracking":false,"_monsterinsights_sitenote_active":false,"_monsterinsights_sitenote_note":"","_monsterinsights_sitenote_category":0,"site-sidebar-layout":"default","site-content-layout":"","ast-site-content-layout":"default","site-content-style":"default","site-sidebar-style":"default","ast-global-header-display":"","ast-banner-title-visibility":"","ast-main-header-display":"","ast-hfb-above-header-display":"","ast-hfb-below-header-display":"","ast-hfb-mobile-header-display":"","site-post-title":"","ast-breadcrumbs-content":"","ast-featured-img":"","footer-sml-layout":"","ast-disable-related-posts":"","theme-transparent-header-meta":"","adv-header-id-meta":"","stick-header-meta":"","header-above-stick-meta":"","header-main-stick-meta":"","header-below-stick-meta":"","astra-migrate-meta-layouts":"default","ast-page-background-enabled":"default","ast-page-background-meta":{"desktop":{"background-color":"var(--ast-global-color-4)","background-image":"","background-repeat":"repeat","background-position":"center center","background-size":"auto","background-attachment":"scroll","background-type":"","background-media":"","overlay-type":"","overlay-color":"","overlay-opacity":"","overlay-gradient":""},"tablet":{"background-color":"","background-image":"","background-repeat":"repeat","background-position":"center center","background-size":"auto","background-attachment":"scroll","background-type":"","background-media":"","overlay-type":"","overlay-color":"","overlay-opacity":"","overlay-gradient":""},"mobile":{"background-color":"","background-image":"","background-repeat":"repeat","background-position":"center center","background-size":"auto","background-attachment":"scroll","background-type":"","background-media":"","overlay-type":"","overlay-color":"","overlay-opacity":"","overlay-gradient":""}},"ast-content-background-meta":{"desktop":{"background-color":"var(--ast-global-color-5)","background-image":"","background-repeat":"repeat","background-position":"center center","background-size":"auto","background-attachment":"scroll","background-type":"","background-media":"","overlay-type":"","overlay-color":"","overlay-opacity":"","overlay-gradient":""},"tablet":{"background-color":"var(--ast-global-color-5)","background-image":"","background-repeat":"repeat","background-position":"center center","background-size":"auto","background-attachment":"scroll","background-type":"","background-media":"","overlay-type":"","overlay-color":"","overlay-opacity":"","overlay-gradient":""},"mobile":{"background-color":"var(--ast-global-color-5)","background-image":"","background-repeat":"repeat","background-position":"center center","background-size":"auto","background-attachment":"scroll","background-type":"","background-media":"","overlay-type":"","overlay-color":"","overlay-opacity":"","overlay-gradient":""}},"footnotes":""},"categories":[81],"tags":[],"class_list":["post-15271","post","type-post","status-publish","format-standard","has-post-thumbnail","hentry","category-medios-comunicacion"],"yoast_head":"<!-- This site is optimized with the Yoast SEO plugin v27.4 - https:\/\/yoast.com\/product\/yoast-seo-wordpress\/ -->\n<title>Vacuna y tercera ola: cara y cruz de la pandemia - La Farga Gesti\u00f3n de Equipamientos Municipales, S.A.<\/title>\n<meta name=\"description\" content=\"L\u2019arribada de la vacuna i tamb\u00e9 de la tercera onada de la pand\u00e8mia es el principal tema de portada del Diari de L\u2019Hospitalet.\" \/>\n<meta name=\"robots\" content=\"index, follow, max-snippet:-1, max-image-preview:large, max-video-preview:-1\" \/>\n<link rel=\"canonical\" href=\"https:\/\/www.lafarga.com\/corporatiu\/vacuna-tercera-ola-cara-cruz-pandemia\/\" \/>\n<meta property=\"og:locale\" content=\"ca_ES\" \/>\n<meta property=\"og:type\" content=\"article\" \/>\n<meta property=\"og:title\" content=\"Vacuna y tercera ola: cara y cruz de la pandemia - La Farga Gesti\u00f3n de Equipamientos Municipales, S.A.\" \/>\n<meta property=\"og:description\" content=\"L\u2019arribada de la vacuna i tamb\u00e9 de la tercera onada de la pand\u00e8mia es el principal tema de portada del Diari de L\u2019Hospitalet.\" \/>\n<meta property=\"og:url\" content=\"https:\/\/www.lafarga.com\/corporatiu\/vacuna-tercera-ola-cara-cruz-pandemia\/\" \/>\n<meta property=\"og:site_name\" content=\"La Farga Gesti\u00f3n de Equipamientos Municipales, S.A.\" \/>\n<meta property=\"article:published_time\" content=\"2021-01-18T11:00:05+00:00\" \/>\n<meta property=\"article:modified_time\" content=\"2021-01-19T11:06:49+00:00\" \/>\n<meta property=\"og:image\" content=\"https:\/\/www.lafarga.com\/corporatiu\/wp-content\/uploads\/2021\/01\/Diari-LH-Gener-21.jpg\" \/>\n\t<meta property=\"og:image:width\" content=\"730\" \/>\n\t<meta property=\"og:image:height\" content=\"410\" \/>\n\t<meta property=\"og:image:type\" content=\"image\/jpeg\" \/>\n<meta name=\"author\" content=\"\u00d2scar Milla\" \/>\n<meta name=\"twitter:label1\" content=\"Escrit per\" \/>\n\t<meta name=\"twitter:data1\" content=\"\u00d2scar Milla\" \/>\n\t<meta name=\"twitter:label2\" content=\"Temps estimat de lectura\" \/>\n\t<meta name=\"twitter:data2\" content=\"2 minuts\" \/>\n<script type=\"application\/ld+json\" class=\"yoast-schema-graph\">{\"@context\":\"https:\\\/\\\/schema.org\",\"@graph\":[{\"@type\":\"Article\",\"@id\":\"https:\\\/\\\/www.lafarga.com\\\/corporatiu\\\/vacuna-tercera-ola-cara-cruz-pandemia\\\/#article\",\"isPartOf\":{\"@id\":\"https:\\\/\\\/www.lafarga.com\\\/corporatiu\\\/vacuna-tercera-ola-cara-cruz-pandemia\\\/\"},\"author\":{\"name\":\"\u00d2scar Milla\",\"@id\":\"https:\\\/\\\/www.lafarga.com\\\/corporatiu\\\/#\\\/schema\\\/person\\\/70d96fe17d0da1a9c9e80d232bdbcf33\"},\"headline\":\"Vacuna y tercera ola: cara y cruz de la pandemia\",\"datePublished\":\"2021-01-18T11:00:05+00:00\",\"dateModified\":\"2021-01-19T11:06:49+00:00\",\"mainEntityOfPage\":{\"@id\":\"https:\\\/\\\/www.lafarga.com\\\/corporatiu\\\/vacuna-tercera-ola-cara-cruz-pandemia\\\/\"},\"wordCount\":377,\"publisher\":{\"@id\":\"https:\\\/\\\/www.lafarga.com\\\/corporatiu\\\/#organization\"},\"image\":{\"@id\":\"https:\\\/\\\/www.lafarga.com\\\/corporatiu\\\/vacuna-tercera-ola-cara-cruz-pandemia\\\/#primaryimage\"},\"thumbnailUrl\":\"https:\\\/\\\/www.lafarga.com\\\/corporatiu\\\/wp-content\\\/uploads\\\/2021\\\/01\\\/Diari-LH-Gener-21.jpg\",\"articleSection\":[\"Medios de Comunicaci\u00f3n\"],\"inLanguage\":\"ca\"},{\"@type\":\"WebPage\",\"@id\":\"https:\\\/\\\/www.lafarga.com\\\/corporatiu\\\/vacuna-tercera-ola-cara-cruz-pandemia\\\/\",\"url\":\"https:\\\/\\\/www.lafarga.com\\\/corporatiu\\\/vacuna-tercera-ola-cara-cruz-pandemia\\\/\",\"name\":\"Vacuna y tercera ola: cara y cruz de la pandemia - La Farga Gesti\u00f3n de Equipamientos Municipales, S.A.\",\"isPartOf\":{\"@id\":\"https:\\\/\\\/www.lafarga.com\\\/corporatiu\\\/#website\"},\"primaryImageOfPage\":{\"@id\":\"https:\\\/\\\/www.lafarga.com\\\/corporatiu\\\/vacuna-tercera-ola-cara-cruz-pandemia\\\/#primaryimage\"},\"image\":{\"@id\":\"https:\\\/\\\/www.lafarga.com\\\/corporatiu\\\/vacuna-tercera-ola-cara-cruz-pandemia\\\/#primaryimage\"},\"thumbnailUrl\":\"https:\\\/\\\/www.lafarga.com\\\/corporatiu\\\/wp-content\\\/uploads\\\/2021\\\/01\\\/Diari-LH-Gener-21.jpg\",\"datePublished\":\"2021-01-18T11:00:05+00:00\",\"dateModified\":\"2021-01-19T11:06:49+00:00\",\"description\":\"L\u2019arribada de la vacuna i tamb\u00e9 de la tercera onada de la pand\u00e8mia es el principal tema de portada del Diari de L\u2019Hospitalet.\",\"breadcrumb\":{\"@id\":\"https:\\\/\\\/www.lafarga.com\\\/corporatiu\\\/vacuna-tercera-ola-cara-cruz-pandemia\\\/#breadcrumb\"},\"inLanguage\":\"ca\",\"potentialAction\":[{\"@type\":\"ReadAction\",\"target\":[\"https:\\\/\\\/www.lafarga.com\\\/corporatiu\\\/vacuna-tercera-ola-cara-cruz-pandemia\\\/\"]}]},{\"@type\":\"ImageObject\",\"inLanguage\":\"ca\",\"@id\":\"https:\\\/\\\/www.lafarga.com\\\/corporatiu\\\/vacuna-tercera-ola-cara-cruz-pandemia\\\/#primaryimage\",\"url\":\"https:\\\/\\\/www.lafarga.com\\\/corporatiu\\\/wp-content\\\/uploads\\\/2021\\\/01\\\/Diari-LH-Gener-21.jpg\",\"contentUrl\":\"https:\\\/\\\/www.lafarga.com\\\/corporatiu\\\/wp-content\\\/uploads\\\/2021\\\/01\\\/Diari-LH-Gener-21.jpg\",\"width\":730,\"height\":410,\"caption\":\"Diari LH Pand\u00e8mia Gener\"},{\"@type\":\"BreadcrumbList\",\"@id\":\"https:\\\/\\\/www.lafarga.com\\\/corporatiu\\\/vacuna-tercera-ola-cara-cruz-pandemia\\\/#breadcrumb\",\"itemListElement\":[{\"@type\":\"ListItem\",\"position\":1,\"name\":\"Home\",\"item\":\"https:\\\/\\\/www.lafarga.com\\\/corporatiu\\\/lafarga-hospitalet-llobregat\\\/\"},{\"@type\":\"ListItem\",\"position\":2,\"name\":\"Vacuna y tercera ola: cara y cruz de la pandemia\"}]},{\"@type\":\"WebSite\",\"@id\":\"https:\\\/\\\/www.lafarga.com\\\/corporatiu\\\/#website\",\"url\":\"https:\\\/\\\/www.lafarga.com\\\/corporatiu\\\/\",\"name\":\"La Farga Gesti\u00f3 d&#039;Equipaments Municipals, SA\",\"description\":\"\",\"publisher\":{\"@id\":\"https:\\\/\\\/www.lafarga.com\\\/corporatiu\\\/#organization\"},\"potentialAction\":[{\"@type\":\"SearchAction\",\"target\":{\"@type\":\"EntryPoint\",\"urlTemplate\":\"https:\\\/\\\/www.lafarga.com\\\/corporatiu\\\/?s={search_term_string}\"},\"query-input\":{\"@type\":\"PropertyValueSpecification\",\"valueRequired\":true,\"valueName\":\"search_term_string\"}}],\"inLanguage\":\"ca\"},{\"@type\":\"Organization\",\"@id\":\"https:\\\/\\\/www.lafarga.com\\\/corporatiu\\\/#organization\",\"name\":\"La Farga Gesti\u00f3 d&#039;Equipaments Municipals, SA\",\"url\":\"https:\\\/\\\/www.lafarga.com\\\/corporatiu\\\/\",\"logo\":{\"@type\":\"ImageObject\",\"inLanguage\":\"ca\",\"@id\":\"https:\\\/\\\/www.lafarga.com\\\/corporatiu\\\/#\\\/schema\\\/logo\\\/image\\\/\",\"url\":\"https:\\\/\\\/www.lafarga.com\\\/corporatiu\\\/wp-content\\\/uploads\\\/2023\\\/11\\\/logotipo_lafarga_gemsa.svg\",\"contentUrl\":\"https:\\\/\\\/www.lafarga.com\\\/corporatiu\\\/wp-content\\\/uploads\\\/2023\\\/11\\\/logotipo_lafarga_gemsa.svg\",\"width\":102,\"height\":103,\"caption\":\"La Farga Gesti\u00f3 d&#039;Equipaments Municipals, SA\"},\"image\":{\"@id\":\"https:\\\/\\\/www.lafarga.com\\\/corporatiu\\\/#\\\/schema\\\/logo\\\/image\\\/\"}},{\"@type\":\"Person\",\"@id\":\"https:\\\/\\\/www.lafarga.com\\\/corporatiu\\\/#\\\/schema\\\/person\\\/70d96fe17d0da1a9c9e80d232bdbcf33\",\"name\":\"\u00d2scar Milla\",\"image\":{\"@type\":\"ImageObject\",\"inLanguage\":\"ca\",\"@id\":\"https:\\\/\\\/secure.gravatar.com\\\/avatar\\\/92e75d184f9d5e0e403bd4ad075b080ad258344ddc259adddb579f6a3ba6494f?s=96&d=mm&r=g\",\"url\":\"https:\\\/\\\/secure.gravatar.com\\\/avatar\\\/92e75d184f9d5e0e403bd4ad075b080ad258344ddc259adddb579f6a3ba6494f?s=96&d=mm&r=g\",\"contentUrl\":\"https:\\\/\\\/secure.gravatar.com\\\/avatar\\\/92e75d184f9d5e0e403bd4ad075b080ad258344ddc259adddb579f6a3ba6494f?s=96&d=mm&r=g\",\"caption\":\"\u00d2scar Milla\"},\"url\":\"https:\\\/\\\/www.lafarga.com\\\/corporatiu\\\/author\\\/omilla\\\/\"}]}<\/script>\n<!-- \/ Yoast SEO plugin. -->","yoast_head_json":{"title":"Vacuna y tercera ola: cara y cruz de la pandemia - La Farga Gesti\u00f3n de Equipamientos Municipales, S.A.","description":"L\u2019arribada de la vacuna i tamb\u00e9 de la tercera onada de la pand\u00e8mia es el principal tema de portada del Diari de L\u2019Hospitalet.","robots":{"index":"index","follow":"follow","max-snippet":"max-snippet:-1","max-image-preview":"max-image-preview:large","max-video-preview":"max-video-preview:-1"},"canonical":"https:\/\/www.lafarga.com\/corporatiu\/vacuna-tercera-ola-cara-cruz-pandemia\/","og_locale":"ca_ES","og_type":"article","og_title":"Vacuna y tercera ola: cara y cruz de la pandemia - La Farga Gesti\u00f3n de Equipamientos Municipales, S.A.","og_description":"L\u2019arribada de la vacuna i tamb\u00e9 de la tercera onada de la pand\u00e8mia es el principal tema de portada del Diari de L\u2019Hospitalet.","og_url":"https:\/\/www.lafarga.com\/corporatiu\/vacuna-tercera-ola-cara-cruz-pandemia\/","og_site_name":"La Farga Gesti\u00f3n de Equipamientos Municipales, S.A.","article_published_time":"2021-01-18T11:00:05+00:00","article_modified_time":"2021-01-19T11:06:49+00:00","og_image":[{"width":730,"height":410,"url":"https:\/\/www.lafarga.com\/corporatiu\/wp-content\/uploads\/2021\/01\/Diari-LH-Gener-21.jpg","type":"image\/jpeg"}],"author":"\u00d2scar Milla","twitter_misc":{"Escrit per":"\u00d2scar Milla","Temps estimat de lectura":"2 minuts"},"schema":{"@context":"https:\/\/schema.org","@graph":[{"@type":"Article","@id":"https:\/\/www.lafarga.com\/corporatiu\/vacuna-tercera-ola-cara-cruz-pandemia\/#article","isPartOf":{"@id":"https:\/\/www.lafarga.com\/corporatiu\/vacuna-tercera-ola-cara-cruz-pandemia\/"},"author":{"name":"\u00d2scar Milla","@id":"https:\/\/www.lafarga.com\/corporatiu\/#\/schema\/person\/70d96fe17d0da1a9c9e80d232bdbcf33"},"headline":"Vacuna y tercera ola: cara y cruz de la pandemia","datePublished":"2021-01-18T11:00:05+00:00","dateModified":"2021-01-19T11:06:49+00:00","mainEntityOfPage":{"@id":"https:\/\/www.lafarga.com\/corporatiu\/vacuna-tercera-ola-cara-cruz-pandemia\/"},"wordCount":377,"publisher":{"@id":"https:\/\/www.lafarga.com\/corporatiu\/#organization"},"image":{"@id":"https:\/\/www.lafarga.com\/corporatiu\/vacuna-tercera-ola-cara-cruz-pandemia\/#primaryimage"},"thumbnailUrl":"https:\/\/www.lafarga.com\/corporatiu\/wp-content\/uploads\/2021\/01\/Diari-LH-Gener-21.jpg","articleSection":["Medios de Comunicaci\u00f3n"],"inLanguage":"ca"},{"@type":"WebPage","@id":"https:\/\/www.lafarga.com\/corporatiu\/vacuna-tercera-ola-cara-cruz-pandemia\/","url":"https:\/\/www.lafarga.com\/corporatiu\/vacuna-tercera-ola-cara-cruz-pandemia\/","name":"Vacuna y tercera ola: cara y cruz de la pandemia - La Farga Gesti\u00f3n de Equipamientos Municipales, S.A.","isPartOf":{"@id":"https:\/\/www.lafarga.com\/corporatiu\/#website"},"primaryImageOfPage":{"@id":"https:\/\/www.lafarga.com\/corporatiu\/vacuna-tercera-ola-cara-cruz-pandemia\/#primaryimage"},"image":{"@id":"https:\/\/www.lafarga.com\/corporatiu\/vacuna-tercera-ola-cara-cruz-pandemia\/#primaryimage"},"thumbnailUrl":"https:\/\/www.lafarga.com\/corporatiu\/wp-content\/uploads\/2021\/01\/Diari-LH-Gener-21.jpg","datePublished":"2021-01-18T11:00:05+00:00","dateModified":"2021-01-19T11:06:49+00:00","description":"L\u2019arribada de la vacuna i tamb\u00e9 de la tercera onada de la pand\u00e8mia es el principal tema de portada del Diari de L\u2019Hospitalet.","breadcrumb":{"@id":"https:\/\/www.lafarga.com\/corporatiu\/vacuna-tercera-ola-cara-cruz-pandemia\/#breadcrumb"},"inLanguage":"ca","potentialAction":[{"@type":"ReadAction","target":["https:\/\/www.lafarga.com\/corporatiu\/vacuna-tercera-ola-cara-cruz-pandemia\/"]}]},{"@type":"ImageObject","inLanguage":"ca","@id":"https:\/\/www.lafarga.com\/corporatiu\/vacuna-tercera-ola-cara-cruz-pandemia\/#primaryimage","url":"https:\/\/www.lafarga.com\/corporatiu\/wp-content\/uploads\/2021\/01\/Diari-LH-Gener-21.jpg","contentUrl":"https:\/\/www.lafarga.com\/corporatiu\/wp-content\/uploads\/2021\/01\/Diari-LH-Gener-21.jpg","width":730,"height":410,"caption":"Diari LH Pand\u00e8mia Gener"},{"@type":"BreadcrumbList","@id":"https:\/\/www.lafarga.com\/corporatiu\/vacuna-tercera-ola-cara-cruz-pandemia\/#breadcrumb","itemListElement":[{"@type":"ListItem","position":1,"name":"Home","item":"https:\/\/www.lafarga.com\/corporatiu\/lafarga-hospitalet-llobregat\/"},{"@type":"ListItem","position":2,"name":"Vacuna y tercera ola: cara y cruz de la pandemia"}]},{"@type":"WebSite","@id":"https:\/\/www.lafarga.com\/corporatiu\/#website","url":"https:\/\/www.lafarga.com\/corporatiu\/","name":"La Farga Gesti\u00f3 d&#039;Equipaments Municipals, SA","description":"","publisher":{"@id":"https:\/\/www.lafarga.com\/corporatiu\/#organization"},"potentialAction":[{"@type":"SearchAction","target":{"@type":"EntryPoint","urlTemplate":"https:\/\/www.lafarga.com\/corporatiu\/?s={search_term_string}"},"query-input":{"@type":"PropertyValueSpecification","valueRequired":true,"valueName":"search_term_string"}}],"inLanguage":"ca"},{"@type":"Organization","@id":"https:\/\/www.lafarga.com\/corporatiu\/#organization","name":"La Farga Gesti\u00f3 d&#039;Equipaments Municipals, SA","url":"https:\/\/www.lafarga.com\/corporatiu\/","logo":{"@type":"ImageObject","inLanguage":"ca","@id":"https:\/\/www.lafarga.com\/corporatiu\/#\/schema\/logo\/image\/","url":"https:\/\/www.lafarga.com\/corporatiu\/wp-content\/uploads\/2023\/11\/logotipo_lafarga_gemsa.svg","contentUrl":"https:\/\/www.lafarga.com\/corporatiu\/wp-content\/uploads\/2023\/11\/logotipo_lafarga_gemsa.svg","width":102,"height":103,"caption":"La Farga Gesti\u00f3 d&#039;Equipaments Municipals, SA"},"image":{"@id":"https:\/\/www.lafarga.com\/corporatiu\/#\/schema\/logo\/image\/"}},{"@type":"Person","@id":"https:\/\/www.lafarga.com\/corporatiu\/#\/schema\/person\/70d96fe17d0da1a9c9e80d232bdbcf33","name":"\u00d2scar Milla","image":{"@type":"ImageObject","inLanguage":"ca","@id":"https:\/\/secure.gravatar.com\/avatar\/92e75d184f9d5e0e403bd4ad075b080ad258344ddc259adddb579f6a3ba6494f?s=96&d=mm&r=g","url":"https:\/\/secure.gravatar.com\/avatar\/92e75d184f9d5e0e403bd4ad075b080ad258344ddc259adddb579f6a3ba6494f?s=96&d=mm&r=g","contentUrl":"https:\/\/secure.gravatar.com\/avatar\/92e75d184f9d5e0e403bd4ad075b080ad258344ddc259adddb579f6a3ba6494f?s=96&d=mm&r=g","caption":"\u00d2scar Milla"},"url":"https:\/\/www.lafarga.com\/corporatiu\/author\/omilla\/"}]}},"uagb_featured_image_src":{"full":["https:\/\/www.lafarga.com\/corporatiu\/wp-content\/uploads\/2021\/01\/Diari-LH-Gener-21.jpg",730,410,false],"thumbnail":["https:\/\/www.lafarga.com\/corporatiu\/wp-content\/uploads\/2021\/01\/Diari-LH-Gener-21-150x150.jpg",150,150,true],"medium":["https:\/\/www.lafarga.com\/corporatiu\/wp-content\/uploads\/2021\/01\/Diari-LH-Gener-21-300x168.jpg",300,168,true],"medium_large":["https:\/\/www.lafarga.com\/corporatiu\/wp-content\/uploads\/2021\/01\/Diari-LH-Gener-21.jpg",730,410,false],"large":["https:\/\/www.lafarga.com\/corporatiu\/wp-content\/uploads\/2021\/01\/Diari-LH-Gener-21.jpg",730,410,false],"1536x1536":["https:\/\/www.lafarga.com\/corporatiu\/wp-content\/uploads\/2021\/01\/Diari-LH-Gener-21.jpg",730,410,false],"2048x2048":["https:\/\/www.lafarga.com\/corporatiu\/wp-content\/uploads\/2021\/01\/Diari-LH-Gener-21.jpg",730,410,false],"mailpoet_newsletter_max":["https:\/\/www.lafarga.com\/corporatiu\/wp-content\/uploads\/2021\/01\/Diari-LH-Gener-21.jpg",730,410,false]},"uagb_author_info":{"display_name":"\u00d2scar Milla","author_link":"https:\/\/www.lafarga.com\/corporatiu\/author\/omilla\/"},"uagb_comment_info":0,"uagb_excerpt":"La llegada de la vacuna y tambi\u00e9n de la tercera ola de la pandemia es el principal tema de portada del Diari de L'Hospitalet de este mes de enero.","_links":{"self":[{"href":"https:\/\/www.lafarga.com\/corporatiu\/wp-json\/wp\/v2\/posts\/15271","targetHints":{"allow":["GET"]}}],"collection":[{"href":"https:\/\/www.lafarga.com\/corporatiu\/wp-json\/wp\/v2\/posts"}],"about":[{"href":"https:\/\/www.lafarga.com\/corporatiu\/wp-json\/wp\/v2\/types\/post"}],"author":[{"embeddable":true,"href":"https:\/\/www.lafarga.com\/corporatiu\/wp-json\/wp\/v2\/users\/5"}],"replies":[{"embeddable":true,"href":"https:\/\/www.lafarga.com\/corporatiu\/wp-json\/wp\/v2\/comments?post=15271"}],"version-history":[{"count":2,"href":"https:\/\/www.lafarga.com\/corporatiu\/wp-json\/wp\/v2\/posts\/15271\/revisions"}],"predecessor-version":[{"id":15274,"href":"https:\/\/www.lafarga.com\/corporatiu\/wp-json\/wp\/v2\/posts\/15271\/revisions\/15274"}],"wp:featuredmedia":[{"embeddable":true,"href":"https:\/\/www.lafarga.com\/corporatiu\/wp-json\/wp\/v2\/media\/15269"}],"wp:attachment":[{"href":"https:\/\/www.lafarga.com\/corporatiu\/wp-json\/wp\/v2\/media?parent=15271"}],"wp:term":[{"taxonomy":"category","embeddable":true,"href":"https:\/\/www.lafarga.com\/corporatiu\/wp-json\/wp\/v2\/categories?post=15271"},{"taxonomy":"post_tag","embeddable":true,"href":"https:\/\/www.lafarga.com\/corporatiu\/wp-json\/wp\/v2\/tags?post=15271"}],"curies":[{"name":"wp","href":"https:\/\/api.w.org\/{rel}","templated":true}]}}