{"id":15153,"date":"2020-11-18T10:47:20","date_gmt":"2020-11-18T10:47:20","guid":{"rendered":"http:\/\/www.lafarga.com\/corporatiu\/?p=15153"},"modified":"2020-11-18T10:58:02","modified_gmt":"2020-11-18T10:58:02","slug":"encendido-luces-navidad-directo-tv-lhospitalet","status":"publish","type":"post","link":"https:\/\/www.lafarga.com\/corporatiu\/encendido-luces-navidad-directo-tv-lhospitalet\/","title":{"rendered":"Encendido de luces de navidad, en directo en TV L&#8217;Hospitalet"},"content":{"rendered":"\r\n<h5>Con el actor Adrian Gr\u00f6sser<\/h5>\r\n<p>TV L&#8217;Hospitalet y LHDigital.cat ser\u00e1n los encargados de llevar a todos los hogares de L&#8217;Hospitalet el acto de encendido de luces de Navidad, previsto para este viernes 20 de noviembre, a las 19.30 horas.<\/p>\r\n<p>L&#8217;Hospitalet dar\u00e1 el viernes, 20 de noviembre, la bienvenida a las fiestas de Navidad con el tradicional encendido de luces. Bajo el lema de la campa\u00f1a &#8220;Ilumina esta Navidad&#8221;, los ciudadanos y las ciudadanas tendr\u00e1n la oportunidad de contribuir, de una manera simb\u00f3lica, con su luz a dar esperanza y calor en estos momentos tan complicados que estamos viviendo.<\/p>\r\n\r\n\r\n\r\n<p>Para adaptarse a la situaci\u00f3n sanitaria causada por la Covid-19, el Ayuntamiento ha hecho un llamamiento para seguir el acto desde casa a trav\u00e9s de la retransmisi\u00f3n en directo de <a href=\"https:\/\/lhdigital.cat\/web\/digital-h\/televisio\" target=\"_blank\" rel=\"noopener noreferrer\"><strong>TV de L&#8217;Hospitalet<\/strong><\/a>, la p\u00e1gina de Facebook de l&#8217;Ajuntament (@LHAjuntament) y <a href=\"https:\/\/lhdigital.cat\/web\/digital-h\/\" target=\"_blank\" rel=\"noopener noreferrer\"><strong>LHdigital<\/strong><\/a>.<\/p>\r\n\r\n\r\n\r\n<p>El programa televisivo del encendido ser\u00e1 conducido, a partir de las 19.30 horas, por la periodista de TV L&#8217;Hospitalet, M\u00aa Antonia S\u00e1nchez, el robot MAL-1-MOR y el actor Adrian Gr\u00f6sser y conectar\u00e1 de forma simult\u00e1nea el Ayuntamiento y los seis distritos de la ciudad. En cada uno de los distritos estar\u00e1n unos voluntarios muy especiales que ayudar\u00e1n a hacer que el encendido sea todo un \u00e9xito. A continuaci\u00f3n se dar\u00e1 paso al encendido del abeto central y del alumbrado que presiden la plaza del Ayuntamiento.<\/p>\r\n\r\n\r\n\r\n<p>Tambi\u00e9n se ha invitado la ciudadan\u00eda a participar activamente colgando en alg\u00fan lugar bien visible, como ventanas y balcones, unos <em>fanalets<\/em> automontables que se han hecho llegar a todos los domicilios, para ayudar a extender la luz por todos los rincones de la ciudad.<\/p>\r\n<h5>Decoraci\u00f3n navide\u00f1a en Distritos<\/h5>\r\n\r\n\r\n\r\n<p>El Ayuntamiento de L&#8217;Hospitalet se ha entregado en la guarnici\u00f3n de las calles. As\u00ed, ha colocado un abeto natural de grandes dimensiones en la plaza del Ayuntamiento y, por primera vez, en cada uno de los distritos: calle de Enric Prat de la Riba delante de los Blocs Ciutat Comtal (Distrito I), plaza Espa\u00f1ola (Distrito II), pla\u00e7a de Pius XII (Distrito III), avenida de la Primavera delante de la Iglesia de Nuestra Se\u00f1ora de la Luz (Distrito IV), plaza de Pubilla Casas (Distrito V) y plaza de la Cultura (Distrito VI). Tambi\u00e9n ha instalado abetos c\u00f3nicos de leds en el resto de barrios de la ciudad de forma que todos tendr\u00e1n, este a\u00f1o, su \u00e1rbol de Navidad. La decoraci\u00f3n se ha completado con la instalaci\u00f3n de farolas rojas en los diferentes equipamientos municipales y de buzones reales fijos y m\u00f3viles por toda la ciudad.<\/p>\r\n\r\n\r\n\r\n<p>De forma excepcional, este a\u00f1o el Ayuntamiento asumir\u00e1 \u00edntegramente el coste de la instalaci\u00f3n y del consumo el\u00e9ctrico de las luces y de las guirnaldas de Navidad de toda la ciudad, incluidas las zonas comerciales. Se trata de una medida para ayudar al comercio de la ciudad, uno de los sectores m\u00e1s castigados por la Covid-19. As\u00ed, adem\u00e1s de la plaza del Ayuntamiento y de las ramblas de Just Oliveras y de la Marina, tambi\u00e9n se iluminar\u00e1n un total de 67 calles y avenidas de todos los barrios del Hospitalet. Para garantizar el ahorro energ\u00e9tico, el alumbrado combina bombillas de bajo consumo y leds. Las luces estar\u00e1n encendidas desde el 20 de noviembre hasta el 6 de enero, ambas incluidas.<\/p>\r\n<p>La Farga Gesti\u00f3n de Equipamientos Municipales gestionan y editan los <a href=\"https:\/\/www.lafarga.com\/corporatiu\/medios-comunicacion-hospitalet-la-farga\/\" target=\"_blank\" rel=\"noopener noreferrer\"><strong>Medios de Comunicaci\u00f3n de L&#8217;Hospitalet<\/strong><\/a>.<\/p>\r\n","protected":false},"excerpt":{"rendered":"<p>TV L&#8217;Hospitalet y LHDigital.cat ser\u00e1n los encargados de llevar a todos los hogares de L&#8217;Hospitalet el acto de encendido de luces de Navidad, previsto para este viernes 20 de noviembre, a las 19.30 horas.<\/p>\n","protected":false},"author":5,"featured_media":15151,"comment_status":"closed","ping_status":"closed","sticky":false,"template":"","format":"standard","meta":{"inline_featured_image":false,"_uag_custom_page_level_css":"","_monsterinsights_skip_tracking":false,"_monsterinsights_sitenote_active":false,"_monsterinsights_sitenote_note":"","_monsterinsights_sitenote_category":0,"site-sidebar-layout":"default","site-content-layout":"","ast-site-content-layout":"default","site-content-style":"default","site-sidebar-style":"default","ast-global-header-display":"","ast-banner-title-visibility":"","ast-main-header-display":"","ast-hfb-above-header-display":"","ast-hfb-below-header-display":"","ast-hfb-mobile-header-display":"","site-post-title":"","ast-breadcrumbs-content":"","ast-featured-img":"","footer-sml-layout":"","ast-disable-related-posts":"","theme-transparent-header-meta":"","adv-header-id-meta":"","stick-header-meta":"","header-above-stick-meta":"","header-main-stick-meta":"","header-below-stick-meta":"","astra-migrate-meta-layouts":"default","ast-page-background-enabled":"default","ast-page-background-meta":{"desktop":{"background-color":"var(--ast-global-color-4)","background-image":"","background-repeat":"repeat","background-position":"center center","background-size":"auto","background-attachment":"scroll","background-type":"","background-media":"","overlay-type":"","overlay-color":"","overlay-opacity":"","overlay-gradient":""},"tablet":{"background-color":"","background-image":"","background-repeat":"repeat","background-position":"center center","background-size":"auto","background-attachment":"scroll","background-type":"","background-media":"","overlay-type":"","overlay-color":"","overlay-opacity":"","overlay-gradient":""},"mobile":{"background-color":"","background-image":"","background-repeat":"repeat","background-position":"center center","background-size":"auto","background-attachment":"scroll","background-type":"","background-media":"","overlay-type":"","overlay-color":"","overlay-opacity":"","overlay-gradient":""}},"ast-content-background-meta":{"desktop":{"background-color":"var(--ast-global-color-5)","background-image":"","background-repeat":"repeat","background-position":"center center","background-size":"auto","background-attachment":"scroll","background-type":"","background-media":"","overlay-type":"","overlay-color":"","overlay-opacity":"","overlay-gradient":""},"tablet":{"background-color":"var(--ast-global-color-5)","background-image":"","background-repeat":"repeat","background-position":"center center","background-size":"auto","background-attachment":"scroll","background-type":"","background-media":"","overlay-type":"","overlay-color":"","overlay-opacity":"","overlay-gradient":""},"mobile":{"background-color":"var(--ast-global-color-5)","background-image":"","background-repeat":"repeat","background-position":"center center","background-size":"auto","background-attachment":"scroll","background-type":"","background-media":"","overlay-type":"","overlay-color":"","overlay-opacity":"","overlay-gradient":""}},"footnotes":""},"categories":[81],"tags":[],"class_list":["post-15153","post","type-post","status-publish","format-standard","has-post-thumbnail","hentry","category-medios-comunicacion"],"yoast_head":"<!-- This site is optimized with the Yoast SEO plugin v27.4 - https:\/\/yoast.com\/product\/yoast-seo-wordpress\/ -->\n<title>Encendido de luces de navidad, en directo en TV L&#039;Hospitalet - La Farga Gesti\u00f3n de Equipamientos Municipales, S.A.<\/title>\n<meta name=\"description\" content=\"TV L&#039;Hospitalet y LHDigital.cat ser\u00e1n los encargados de llevar a todos los hogares de L&#039;Hospitalet el acto de encendido de luces de Navidad.\" \/>\n<meta name=\"robots\" content=\"index, follow, max-snippet:-1, max-image-preview:large, max-video-preview:-1\" \/>\n<link rel=\"canonical\" href=\"https:\/\/www.lafarga.com\/corporatiu\/encendido-luces-navidad-directo-tv-lhospitalet\/\" \/>\n<meta property=\"og:locale\" content=\"ca_ES\" \/>\n<meta property=\"og:type\" content=\"article\" \/>\n<meta property=\"og:title\" content=\"Encendido de luces de navidad, en directo en TV L&#039;Hospitalet - La Farga Gesti\u00f3n de Equipamientos Municipales, S.A.\" \/>\n<meta property=\"og:description\" content=\"TV L&#039;Hospitalet y LHDigital.cat ser\u00e1n los encargados de llevar a todos los hogares de L&#039;Hospitalet el acto de encendido de luces de Navidad.\" \/>\n<meta property=\"og:url\" content=\"https:\/\/www.lafarga.com\/corporatiu\/encendido-luces-navidad-directo-tv-lhospitalet\/\" \/>\n<meta property=\"og:site_name\" content=\"La Farga Gesti\u00f3n de Equipamientos Municipales, S.A.\" \/>\n<meta property=\"article:published_time\" content=\"2020-11-18T10:47:20+00:00\" \/>\n<meta property=\"article:modified_time\" content=\"2020-11-18T10:58:02+00:00\" \/>\n<meta property=\"og:image\" content=\"https:\/\/www.lafarga.com\/corporatiu\/wp-content\/uploads\/2020\/11\/Encesa-llums-Farga.jpg\" \/>\n\t<meta property=\"og:image:width\" content=\"730\" \/>\n\t<meta property=\"og:image:height\" content=\"410\" \/>\n\t<meta property=\"og:image:type\" content=\"image\/jpeg\" \/>\n<meta name=\"author\" content=\"\u00d2scar Milla\" \/>\n<meta name=\"twitter:label1\" content=\"Escrit per\" \/>\n\t<meta name=\"twitter:data1\" content=\"\u00d2scar Milla\" \/>\n\t<meta name=\"twitter:label2\" content=\"Temps estimat de lectura\" \/>\n\t<meta name=\"twitter:data2\" content=\"3 minuts\" \/>\n<script type=\"application\/ld+json\" class=\"yoast-schema-graph\">{\"@context\":\"https:\\\/\\\/schema.org\",\"@graph\":[{\"@type\":\"Article\",\"@id\":\"https:\\\/\\\/www.lafarga.com\\\/corporatiu\\\/encendido-luces-navidad-directo-tv-lhospitalet\\\/#article\",\"isPartOf\":{\"@id\":\"https:\\\/\\\/www.lafarga.com\\\/corporatiu\\\/encendido-luces-navidad-directo-tv-lhospitalet\\\/\"},\"author\":{\"name\":\"\u00d2scar Milla\",\"@id\":\"https:\\\/\\\/www.lafarga.com\\\/corporatiu\\\/#\\\/schema\\\/person\\\/70d96fe17d0da1a9c9e80d232bdbcf33\"},\"headline\":\"Encendido de luces de navidad, en directo en TV L&#8217;Hospitalet\",\"datePublished\":\"2020-11-18T10:47:20+00:00\",\"dateModified\":\"2020-11-18T10:58:02+00:00\",\"mainEntityOfPage\":{\"@id\":\"https:\\\/\\\/www.lafarga.com\\\/corporatiu\\\/encendido-luces-navidad-directo-tv-lhospitalet\\\/\"},\"wordCount\":608,\"publisher\":{\"@id\":\"https:\\\/\\\/www.lafarga.com\\\/corporatiu\\\/#organization\"},\"image\":{\"@id\":\"https:\\\/\\\/www.lafarga.com\\\/corporatiu\\\/encendido-luces-navidad-directo-tv-lhospitalet\\\/#primaryimage\"},\"thumbnailUrl\":\"https:\\\/\\\/www.lafarga.com\\\/corporatiu\\\/wp-content\\\/uploads\\\/2020\\\/11\\\/Encesa-llums-Farga.jpg\",\"articleSection\":[\"Medios de Comunicaci\u00f3n\"],\"inLanguage\":\"ca\"},{\"@type\":\"WebPage\",\"@id\":\"https:\\\/\\\/www.lafarga.com\\\/corporatiu\\\/encendido-luces-navidad-directo-tv-lhospitalet\\\/\",\"url\":\"https:\\\/\\\/www.lafarga.com\\\/corporatiu\\\/encendido-luces-navidad-directo-tv-lhospitalet\\\/\",\"name\":\"Encendido de luces de navidad, en directo en TV L'Hospitalet - La Farga Gesti\u00f3n de Equipamientos Municipales, S.A.\",\"isPartOf\":{\"@id\":\"https:\\\/\\\/www.lafarga.com\\\/corporatiu\\\/#website\"},\"primaryImageOfPage\":{\"@id\":\"https:\\\/\\\/www.lafarga.com\\\/corporatiu\\\/encendido-luces-navidad-directo-tv-lhospitalet\\\/#primaryimage\"},\"image\":{\"@id\":\"https:\\\/\\\/www.lafarga.com\\\/corporatiu\\\/encendido-luces-navidad-directo-tv-lhospitalet\\\/#primaryimage\"},\"thumbnailUrl\":\"https:\\\/\\\/www.lafarga.com\\\/corporatiu\\\/wp-content\\\/uploads\\\/2020\\\/11\\\/Encesa-llums-Farga.jpg\",\"datePublished\":\"2020-11-18T10:47:20+00:00\",\"dateModified\":\"2020-11-18T10:58:02+00:00\",\"description\":\"TV L'Hospitalet y LHDigital.cat ser\u00e1n los encargados de llevar a todos los hogares de L'Hospitalet el acto de encendido de luces de Navidad.\",\"breadcrumb\":{\"@id\":\"https:\\\/\\\/www.lafarga.com\\\/corporatiu\\\/encendido-luces-navidad-directo-tv-lhospitalet\\\/#breadcrumb\"},\"inLanguage\":\"ca\",\"potentialAction\":[{\"@type\":\"ReadAction\",\"target\":[\"https:\\\/\\\/www.lafarga.com\\\/corporatiu\\\/encendido-luces-navidad-directo-tv-lhospitalet\\\/\"]}]},{\"@type\":\"ImageObject\",\"inLanguage\":\"ca\",\"@id\":\"https:\\\/\\\/www.lafarga.com\\\/corporatiu\\\/encendido-luces-navidad-directo-tv-lhospitalet\\\/#primaryimage\",\"url\":\"https:\\\/\\\/www.lafarga.com\\\/corporatiu\\\/wp-content\\\/uploads\\\/2020\\\/11\\\/Encesa-llums-Farga.jpg\",\"contentUrl\":\"https:\\\/\\\/www.lafarga.com\\\/corporatiu\\\/wp-content\\\/uploads\\\/2020\\\/11\\\/Encesa-llums-Farga.jpg\",\"width\":730,\"height\":410,\"caption\":\"Encesa Llums Farga Luces\"},{\"@type\":\"BreadcrumbList\",\"@id\":\"https:\\\/\\\/www.lafarga.com\\\/corporatiu\\\/encendido-luces-navidad-directo-tv-lhospitalet\\\/#breadcrumb\",\"itemListElement\":[{\"@type\":\"ListItem\",\"position\":1,\"name\":\"Home\",\"item\":\"https:\\\/\\\/www.lafarga.com\\\/corporatiu\\\/lafarga-hospitalet-llobregat\\\/\"},{\"@type\":\"ListItem\",\"position\":2,\"name\":\"Encendido de luces de navidad, en directo en TV L&#8217;Hospitalet\"}]},{\"@type\":\"WebSite\",\"@id\":\"https:\\\/\\\/www.lafarga.com\\\/corporatiu\\\/#website\",\"url\":\"https:\\\/\\\/www.lafarga.com\\\/corporatiu\\\/\",\"name\":\"La Farga Gesti\u00f3 d&#039;Equipaments Municipals, SA\",\"description\":\"\",\"publisher\":{\"@id\":\"https:\\\/\\\/www.lafarga.com\\\/corporatiu\\\/#organization\"},\"potentialAction\":[{\"@type\":\"SearchAction\",\"target\":{\"@type\":\"EntryPoint\",\"urlTemplate\":\"https:\\\/\\\/www.lafarga.com\\\/corporatiu\\\/?s={search_term_string}\"},\"query-input\":{\"@type\":\"PropertyValueSpecification\",\"valueRequired\":true,\"valueName\":\"search_term_string\"}}],\"inLanguage\":\"ca\"},{\"@type\":\"Organization\",\"@id\":\"https:\\\/\\\/www.lafarga.com\\\/corporatiu\\\/#organization\",\"name\":\"La Farga Gesti\u00f3 d&#039;Equipaments Municipals, SA\",\"url\":\"https:\\\/\\\/www.lafarga.com\\\/corporatiu\\\/\",\"logo\":{\"@type\":\"ImageObject\",\"inLanguage\":\"ca\",\"@id\":\"https:\\\/\\\/www.lafarga.com\\\/corporatiu\\\/#\\\/schema\\\/logo\\\/image\\\/\",\"url\":\"https:\\\/\\\/www.lafarga.com\\\/corporatiu\\\/wp-content\\\/uploads\\\/2023\\\/11\\\/logotipo_lafarga_gemsa.svg\",\"contentUrl\":\"https:\\\/\\\/www.lafarga.com\\\/corporatiu\\\/wp-content\\\/uploads\\\/2023\\\/11\\\/logotipo_lafarga_gemsa.svg\",\"width\":102,\"height\":103,\"caption\":\"La Farga Gesti\u00f3 d&#039;Equipaments Municipals, SA\"},\"image\":{\"@id\":\"https:\\\/\\\/www.lafarga.com\\\/corporatiu\\\/#\\\/schema\\\/logo\\\/image\\\/\"}},{\"@type\":\"Person\",\"@id\":\"https:\\\/\\\/www.lafarga.com\\\/corporatiu\\\/#\\\/schema\\\/person\\\/70d96fe17d0da1a9c9e80d232bdbcf33\",\"name\":\"\u00d2scar Milla\",\"image\":{\"@type\":\"ImageObject\",\"inLanguage\":\"ca\",\"@id\":\"https:\\\/\\\/secure.gravatar.com\\\/avatar\\\/92e75d184f9d5e0e403bd4ad075b080ad258344ddc259adddb579f6a3ba6494f?s=96&d=mm&r=g\",\"url\":\"https:\\\/\\\/secure.gravatar.com\\\/avatar\\\/92e75d184f9d5e0e403bd4ad075b080ad258344ddc259adddb579f6a3ba6494f?s=96&d=mm&r=g\",\"contentUrl\":\"https:\\\/\\\/secure.gravatar.com\\\/avatar\\\/92e75d184f9d5e0e403bd4ad075b080ad258344ddc259adddb579f6a3ba6494f?s=96&d=mm&r=g\",\"caption\":\"\u00d2scar Milla\"},\"url\":\"https:\\\/\\\/www.lafarga.com\\\/corporatiu\\\/author\\\/omilla\\\/\"}]}<\/script>\n<!-- \/ Yoast SEO plugin. -->","yoast_head_json":{"title":"Encendido de luces de navidad, en directo en TV L'Hospitalet - La Farga Gesti\u00f3n de Equipamientos Municipales, S.A.","description":"TV L'Hospitalet y LHDigital.cat ser\u00e1n los encargados de llevar a todos los hogares de L'Hospitalet el acto de encendido de luces de Navidad.","robots":{"index":"index","follow":"follow","max-snippet":"max-snippet:-1","max-image-preview":"max-image-preview:large","max-video-preview":"max-video-preview:-1"},"canonical":"https:\/\/www.lafarga.com\/corporatiu\/encendido-luces-navidad-directo-tv-lhospitalet\/","og_locale":"ca_ES","og_type":"article","og_title":"Encendido de luces de navidad, en directo en TV L'Hospitalet - La Farga Gesti\u00f3n de Equipamientos Municipales, S.A.","og_description":"TV L'Hospitalet y LHDigital.cat ser\u00e1n los encargados de llevar a todos los hogares de L'Hospitalet el acto de encendido de luces de Navidad.","og_url":"https:\/\/www.lafarga.com\/corporatiu\/encendido-luces-navidad-directo-tv-lhospitalet\/","og_site_name":"La Farga Gesti\u00f3n de Equipamientos Municipales, S.A.","article_published_time":"2020-11-18T10:47:20+00:00","article_modified_time":"2020-11-18T10:58:02+00:00","og_image":[{"width":730,"height":410,"url":"https:\/\/www.lafarga.com\/corporatiu\/wp-content\/uploads\/2020\/11\/Encesa-llums-Farga.jpg","type":"image\/jpeg"}],"author":"\u00d2scar Milla","twitter_misc":{"Escrit per":"\u00d2scar Milla","Temps estimat de lectura":"3 minuts"},"schema":{"@context":"https:\/\/schema.org","@graph":[{"@type":"Article","@id":"https:\/\/www.lafarga.com\/corporatiu\/encendido-luces-navidad-directo-tv-lhospitalet\/#article","isPartOf":{"@id":"https:\/\/www.lafarga.com\/corporatiu\/encendido-luces-navidad-directo-tv-lhospitalet\/"},"author":{"name":"\u00d2scar Milla","@id":"https:\/\/www.lafarga.com\/corporatiu\/#\/schema\/person\/70d96fe17d0da1a9c9e80d232bdbcf33"},"headline":"Encendido de luces de navidad, en directo en TV L&#8217;Hospitalet","datePublished":"2020-11-18T10:47:20+00:00","dateModified":"2020-11-18T10:58:02+00:00","mainEntityOfPage":{"@id":"https:\/\/www.lafarga.com\/corporatiu\/encendido-luces-navidad-directo-tv-lhospitalet\/"},"wordCount":608,"publisher":{"@id":"https:\/\/www.lafarga.com\/corporatiu\/#organization"},"image":{"@id":"https:\/\/www.lafarga.com\/corporatiu\/encendido-luces-navidad-directo-tv-lhospitalet\/#primaryimage"},"thumbnailUrl":"https:\/\/www.lafarga.com\/corporatiu\/wp-content\/uploads\/2020\/11\/Encesa-llums-Farga.jpg","articleSection":["Medios de Comunicaci\u00f3n"],"inLanguage":"ca"},{"@type":"WebPage","@id":"https:\/\/www.lafarga.com\/corporatiu\/encendido-luces-navidad-directo-tv-lhospitalet\/","url":"https:\/\/www.lafarga.com\/corporatiu\/encendido-luces-navidad-directo-tv-lhospitalet\/","name":"Encendido de luces de navidad, en directo en TV L'Hospitalet - La Farga Gesti\u00f3n de Equipamientos Municipales, S.A.","isPartOf":{"@id":"https:\/\/www.lafarga.com\/corporatiu\/#website"},"primaryImageOfPage":{"@id":"https:\/\/www.lafarga.com\/corporatiu\/encendido-luces-navidad-directo-tv-lhospitalet\/#primaryimage"},"image":{"@id":"https:\/\/www.lafarga.com\/corporatiu\/encendido-luces-navidad-directo-tv-lhospitalet\/#primaryimage"},"thumbnailUrl":"https:\/\/www.lafarga.com\/corporatiu\/wp-content\/uploads\/2020\/11\/Encesa-llums-Farga.jpg","datePublished":"2020-11-18T10:47:20+00:00","dateModified":"2020-11-18T10:58:02+00:00","description":"TV L'Hospitalet y LHDigital.cat ser\u00e1n los encargados de llevar a todos los hogares de L'Hospitalet el acto de encendido de luces de Navidad.","breadcrumb":{"@id":"https:\/\/www.lafarga.com\/corporatiu\/encendido-luces-navidad-directo-tv-lhospitalet\/#breadcrumb"},"inLanguage":"ca","potentialAction":[{"@type":"ReadAction","target":["https:\/\/www.lafarga.com\/corporatiu\/encendido-luces-navidad-directo-tv-lhospitalet\/"]}]},{"@type":"ImageObject","inLanguage":"ca","@id":"https:\/\/www.lafarga.com\/corporatiu\/encendido-luces-navidad-directo-tv-lhospitalet\/#primaryimage","url":"https:\/\/www.lafarga.com\/corporatiu\/wp-content\/uploads\/2020\/11\/Encesa-llums-Farga.jpg","contentUrl":"https:\/\/www.lafarga.com\/corporatiu\/wp-content\/uploads\/2020\/11\/Encesa-llums-Farga.jpg","width":730,"height":410,"caption":"Encesa Llums Farga Luces"},{"@type":"BreadcrumbList","@id":"https:\/\/www.lafarga.com\/corporatiu\/encendido-luces-navidad-directo-tv-lhospitalet\/#breadcrumb","itemListElement":[{"@type":"ListItem","position":1,"name":"Home","item":"https:\/\/www.lafarga.com\/corporatiu\/lafarga-hospitalet-llobregat\/"},{"@type":"ListItem","position":2,"name":"Encendido de luces de navidad, en directo en TV L&#8217;Hospitalet"}]},{"@type":"WebSite","@id":"https:\/\/www.lafarga.com\/corporatiu\/#website","url":"https:\/\/www.lafarga.com\/corporatiu\/","name":"La Farga Gesti\u00f3 d&#039;Equipaments Municipals, SA","description":"","publisher":{"@id":"https:\/\/www.lafarga.com\/corporatiu\/#organization"},"potentialAction":[{"@type":"SearchAction","target":{"@type":"EntryPoint","urlTemplate":"https:\/\/www.lafarga.com\/corporatiu\/?s={search_term_string}"},"query-input":{"@type":"PropertyValueSpecification","valueRequired":true,"valueName":"search_term_string"}}],"inLanguage":"ca"},{"@type":"Organization","@id":"https:\/\/www.lafarga.com\/corporatiu\/#organization","name":"La Farga Gesti\u00f3 d&#039;Equipaments Municipals, SA","url":"https:\/\/www.lafarga.com\/corporatiu\/","logo":{"@type":"ImageObject","inLanguage":"ca","@id":"https:\/\/www.lafarga.com\/corporatiu\/#\/schema\/logo\/image\/","url":"https:\/\/www.lafarga.com\/corporatiu\/wp-content\/uploads\/2023\/11\/logotipo_lafarga_gemsa.svg","contentUrl":"https:\/\/www.lafarga.com\/corporatiu\/wp-content\/uploads\/2023\/11\/logotipo_lafarga_gemsa.svg","width":102,"height":103,"caption":"La Farga Gesti\u00f3 d&#039;Equipaments Municipals, SA"},"image":{"@id":"https:\/\/www.lafarga.com\/corporatiu\/#\/schema\/logo\/image\/"}},{"@type":"Person","@id":"https:\/\/www.lafarga.com\/corporatiu\/#\/schema\/person\/70d96fe17d0da1a9c9e80d232bdbcf33","name":"\u00d2scar Milla","image":{"@type":"ImageObject","inLanguage":"ca","@id":"https:\/\/secure.gravatar.com\/avatar\/92e75d184f9d5e0e403bd4ad075b080ad258344ddc259adddb579f6a3ba6494f?s=96&d=mm&r=g","url":"https:\/\/secure.gravatar.com\/avatar\/92e75d184f9d5e0e403bd4ad075b080ad258344ddc259adddb579f6a3ba6494f?s=96&d=mm&r=g","contentUrl":"https:\/\/secure.gravatar.com\/avatar\/92e75d184f9d5e0e403bd4ad075b080ad258344ddc259adddb579f6a3ba6494f?s=96&d=mm&r=g","caption":"\u00d2scar Milla"},"url":"https:\/\/www.lafarga.com\/corporatiu\/author\/omilla\/"}]}},"uagb_featured_image_src":{"full":["https:\/\/www.lafarga.com\/corporatiu\/wp-content\/uploads\/2020\/11\/Encesa-llums-Farga.jpg",730,410,false],"thumbnail":["https:\/\/www.lafarga.com\/corporatiu\/wp-content\/uploads\/2020\/11\/Encesa-llums-Farga-150x150.jpg",150,150,true],"medium":["https:\/\/www.lafarga.com\/corporatiu\/wp-content\/uploads\/2020\/11\/Encesa-llums-Farga-300x168.jpg",300,168,true],"medium_large":["https:\/\/www.lafarga.com\/corporatiu\/wp-content\/uploads\/2020\/11\/Encesa-llums-Farga.jpg",730,410,false],"large":["https:\/\/www.lafarga.com\/corporatiu\/wp-content\/uploads\/2020\/11\/Encesa-llums-Farga.jpg",730,410,false],"1536x1536":["https:\/\/www.lafarga.com\/corporatiu\/wp-content\/uploads\/2020\/11\/Encesa-llums-Farga.jpg",730,410,false],"2048x2048":["https:\/\/www.lafarga.com\/corporatiu\/wp-content\/uploads\/2020\/11\/Encesa-llums-Farga.jpg",730,410,false],"mailpoet_newsletter_max":["https:\/\/www.lafarga.com\/corporatiu\/wp-content\/uploads\/2020\/11\/Encesa-llums-Farga.jpg",730,410,false]},"uagb_author_info":{"display_name":"\u00d2scar Milla","author_link":"https:\/\/www.lafarga.com\/corporatiu\/author\/omilla\/"},"uagb_comment_info":0,"uagb_excerpt":"TV L'Hospitalet y LHDigital.cat ser\u00e1n los encargados de llevar a todos los hogares de L'Hospitalet el acto de encendido de luces de Navidad, previsto para este viernes 20 de noviembre, a las 19.30 horas.","_links":{"self":[{"href":"https:\/\/www.lafarga.com\/corporatiu\/wp-json\/wp\/v2\/posts\/15153","targetHints":{"allow":["GET"]}}],"collection":[{"href":"https:\/\/www.lafarga.com\/corporatiu\/wp-json\/wp\/v2\/posts"}],"about":[{"href":"https:\/\/www.lafarga.com\/corporatiu\/wp-json\/wp\/v2\/types\/post"}],"author":[{"embeddable":true,"href":"https:\/\/www.lafarga.com\/corporatiu\/wp-json\/wp\/v2\/users\/5"}],"replies":[{"embeddable":true,"href":"https:\/\/www.lafarga.com\/corporatiu\/wp-json\/wp\/v2\/comments?post=15153"}],"version-history":[{"count":2,"href":"https:\/\/www.lafarga.com\/corporatiu\/wp-json\/wp\/v2\/posts\/15153\/revisions"}],"predecessor-version":[{"id":15156,"href":"https:\/\/www.lafarga.com\/corporatiu\/wp-json\/wp\/v2\/posts\/15153\/revisions\/15156"}],"wp:featuredmedia":[{"embeddable":true,"href":"https:\/\/www.lafarga.com\/corporatiu\/wp-json\/wp\/v2\/media\/15151"}],"wp:attachment":[{"href":"https:\/\/www.lafarga.com\/corporatiu\/wp-json\/wp\/v2\/media?parent=15153"}],"wp:term":[{"taxonomy":"category","embeddable":true,"href":"https:\/\/www.lafarga.com\/corporatiu\/wp-json\/wp\/v2\/categories?post=15153"},{"taxonomy":"post_tag","embeddable":true,"href":"https:\/\/www.lafarga.com\/corporatiu\/wp-json\/wp\/v2\/tags?post=15153"}],"curies":[{"name":"wp","href":"https:\/\/api.w.org\/{rel}","templated":true}]}}