{"id":15149,"date":"2020-11-18T09:57:17","date_gmt":"2020-11-18T09:57:17","guid":{"rendered":"http:\/\/www.lafarga.com\/corporatiu\/?p=15149"},"modified":"2020-11-18T09:57:17","modified_gmt":"2020-11-18T09:57:17","slug":"encensa-llums-nadal-directe-tv-lhospitalet","status":"publish","type":"post","link":"https:\/\/www.lafarga.com\/corporatiu\/encensa-llums-nadal-directe-tv-lhospitalet\/","title":{"rendered":"Encensa de llums de nadal, en directe a TV L&#8217;Hospitalet"},"content":{"rendered":"<h5>Amb l&#8217;actor Adrian Gr\u00f6sser<\/h5>\n<p>TV L\u2019Hospitalet i LHDigital.cat seran els encarregats de portar a totes les llars de L\u2019Hospitalet l\u2019acte d\u2019encesa de llums de Nadal, previst per aquest divendres 20 de novembre, a les 19.30 hores.<\/p>\n<p>L\u2019Hospitalet donar\u00e0 la benvinguda a les festes de Nadal amb la tradicional encesa de llums. Sota el lema de la campanya <em>\u201cIl\u00b7lumina aquest Nadal\u201d<\/em>, els ciutadans i les ciutadanes tindran l\u2019oportunitat de contribuir, d\u2019una manera simb\u00f2lica, amb la seva llum a donar esperan\u00e7a i escalf en aquests moments tan complicats que estem vivint.<\/p>\n<p>Per adaptar-se a la situaci\u00f3 sanit\u00e0ria causada per la Covid-19, l\u2019Ajuntament ha fet una crida per seguir l\u2019acte des de casa a trav\u00e9s de la retransmissi\u00f3 en directe de <strong><a href=\"https:\/\/lhdigital.cat\/web\/digital-h\/televisio\" target=\"_blank\" rel=\"noopener noreferrer\">TV de L\u2019Hospitalet<\/a><\/strong>, la p\u00e0gina de Facebook de l\u2019Ajuntament (@LHAjuntament) i <a href=\"https:\/\/lhdigital.cat\/web\/digital-h\/\" target=\"_blank\" rel=\"noopener noreferrer\"><strong>L\u2019Hdigital<\/strong><\/a>.<\/p>\n<p>El programa televisiu de l\u2019encesa ser\u00e0 condu\u00eft per la periodista de TV L\u2019Hospitalet, Ma Antonia S\u00e1nchez, el robot MAL-1-MOR i l\u2019actor Adrian Gr\u00f6sser i connectar\u00e0 de forma simult\u00e0nia l\u2019Ajuntament i els sis districtes de la ciutat. En cadascun dels districtes hi seran uns voluntaris molt especials que ajudaran a fer que l\u2019encesa sigui tot un \u00e8xit. A continuaci\u00f3 es donar\u00e0 pas a l\u2019encesa de l\u2019avet central i de l\u2019estel que presideixen la pla\u00e7a de l\u2019Ajuntament.<\/p>\n<p>Tamb\u00e9 s\u2019ha convidat la ciutadania a participar-hi activament penjant en algun lloc ben visible, com ara finestres i balcons, uns fanalets automuntables que s\u2019han fet arribar a tots els domicilis, per ajudar a estendre la llum per tots els racons de la ciutat.<\/p>\n<h5>Guarniment a Districtes<\/h5>\n<p>L\u2019Ajuntament de L\u2019Hospitalet s\u2019ha abocat en el guarniment dels carrers. Aix\u00ed, ha col\u00b7locat un avet natural de grans dimensions a la pla\u00e7a de l\u2019Ajuntament i, per primer cop, a cadascun dels districtes: carrer d\u2019Enric Prat de la Riba davant els Blocs Ciutat Comtal (Districte I), pla\u00e7a Espanyola (Districte II), pla\u00e7a de Pius XII (Districte III), avinguda de la Primavera davant de l\u2019Esgl\u00e9sia de la Mare de D\u00e9u de la Llum (Districte IV), pla\u00e7a de Pubilla Cases (Districte V) i pla\u00e7a de la Cultura (Districte VI). Tamb\u00e9 ha instal\u00b7lat avets c\u00f2nics de leds a la resta de barris de la ciutat de forma que tots els barris tindran, aquest any, el seu arbre de Nadal. La decoraci\u00f3 s\u2019ha completat amb la instal\u00b7laci\u00f3 de fanals vermells en els diferents equipaments municipals i de b\u00fasties reials fixes i m\u00f2bils per tota la ciutat.<\/p>\n<p>De forma excepcional, aquest any l\u2019Ajuntament assumir\u00e0 \u00edntegrament el cost de la instal\u00b7laci\u00f3 i el consum el\u00e8ctric dels llums i de les garlandes de Nadal de tota la ciutat, incloses les zones comercials. Es tracta d\u2019una mesura per ajudar el comer\u00e7 de la ciutat, un dels sectors m\u00e9s castigats per la Covid-19. Aix\u00ed, a m\u00e9s de la pla\u00e7a de l\u2019Ajuntament i de les rambles de Just Oliveras i de la Marina, tamb\u00e9 s\u2019il\u00b7luminaran un total de 67 carrers i avingudes de tots els barris de L\u2019Hospitalet. Per garantir l\u2019estalvi energ\u00e8tic, l\u2019enllumenat combina bombetes de baix consum i leds. Els llums estaran encesos des del 20 de novembre fins al 6 de gener, ambd\u00f3s inclosos.<\/p>\n<p>La Farga Gesti\u00f3 d&#8217;Equipaments Municipals gestionen i editen els <a href=\"https:\/\/www.lafarga.com\/corporatiu\/mitjans-comunicacio-hospitalet-la-farga\/\" target=\"_blank\" rel=\"noopener noreferrer\"><strong>Mitjans de Comunicaci\u00f3 de L&#8217;Hospitalet<\/strong><\/a>.<\/p>\n","protected":false},"excerpt":{"rendered":"<p>TV L\u2019Hospitalet i LHDigital.cat seran els encarregats de portar a totes les llars de L\u2019Hospitalet l\u2019acte d\u2019encesa de llums de Nadal, previst per aquest divendres 20 de novembre, a les 19.30 hores.<\/p>\n","protected":false},"author":5,"featured_media":15151,"comment_status":"closed","ping_status":"closed","sticky":false,"template":"","format":"standard","meta":{"inline_featured_image":false,"_uag_custom_page_level_css":"","_monsterinsights_skip_tracking":false,"_monsterinsights_sitenote_active":false,"_monsterinsights_sitenote_note":"","_monsterinsights_sitenote_category":0,"site-sidebar-layout":"default","site-content-layout":"","ast-site-content-layout":"default","site-content-style":"default","site-sidebar-style":"default","ast-global-header-display":"","ast-banner-title-visibility":"","ast-main-header-display":"","ast-hfb-above-header-display":"","ast-hfb-below-header-display":"","ast-hfb-mobile-header-display":"","site-post-title":"","ast-breadcrumbs-content":"","ast-featured-img":"","footer-sml-layout":"","ast-disable-related-posts":"","theme-transparent-header-meta":"","adv-header-id-meta":"","stick-header-meta":"","header-above-stick-meta":"","header-main-stick-meta":"","header-below-stick-meta":"","astra-migrate-meta-layouts":"default","ast-page-background-enabled":"default","ast-page-background-meta":{"desktop":{"background-color":"var(--ast-global-color-4)","background-image":"","background-repeat":"repeat","background-position":"center center","background-size":"auto","background-attachment":"scroll","background-type":"","background-media":"","overlay-type":"","overlay-color":"","overlay-opacity":"","overlay-gradient":""},"tablet":{"background-color":"","background-image":"","background-repeat":"repeat","background-position":"center center","background-size":"auto","background-attachment":"scroll","background-type":"","background-media":"","overlay-type":"","overlay-color":"","overlay-opacity":"","overlay-gradient":""},"mobile":{"background-color":"","background-image":"","background-repeat":"repeat","background-position":"center center","background-size":"auto","background-attachment":"scroll","background-type":"","background-media":"","overlay-type":"","overlay-color":"","overlay-opacity":"","overlay-gradient":""}},"ast-content-background-meta":{"desktop":{"background-color":"var(--ast-global-color-5)","background-image":"","background-repeat":"repeat","background-position":"center center","background-size":"auto","background-attachment":"scroll","background-type":"","background-media":"","overlay-type":"","overlay-color":"","overlay-opacity":"","overlay-gradient":""},"tablet":{"background-color":"var(--ast-global-color-5)","background-image":"","background-repeat":"repeat","background-position":"center center","background-size":"auto","background-attachment":"scroll","background-type":"","background-media":"","overlay-type":"","overlay-color":"","overlay-opacity":"","overlay-gradient":""},"mobile":{"background-color":"var(--ast-global-color-5)","background-image":"","background-repeat":"repeat","background-position":"center center","background-size":"auto","background-attachment":"scroll","background-type":"","background-media":"","overlay-type":"","overlay-color":"","overlay-opacity":"","overlay-gradient":""}},"footnotes":""},"categories":[51],"tags":[],"class_list":["post-15149","post","type-post","status-publish","format-standard","has-post-thumbnail","hentry","category-mitjans-comunicacio"],"yoast_head":"<!-- This site is optimized with the Yoast SEO plugin v27.4 - https:\/\/yoast.com\/product\/yoast-seo-wordpress\/ -->\n<title>Encensa de llums de nadal, en directe a TV L&#039;Hospitalet - La Farga Gesti\u00f3n de Equipamientos Municipales, S.A.<\/title>\n<meta name=\"description\" content=\"TV L\u2019Hospitalet i LHDigital.cat seran els encarregats de portar a totes les llars de L\u2019Hospitalet l\u2019acte d\u2019encesa de llums de Nadal.\" \/>\n<meta name=\"robots\" content=\"index, follow, max-snippet:-1, max-image-preview:large, max-video-preview:-1\" \/>\n<link rel=\"canonical\" href=\"https:\/\/www.lafarga.com\/corporatiu\/encensa-llums-nadal-directe-tv-lhospitalet\/\" \/>\n<meta property=\"og:locale\" content=\"ca_ES\" \/>\n<meta property=\"og:type\" content=\"article\" \/>\n<meta property=\"og:title\" content=\"Encensa de llums de nadal, en directe a TV L&#039;Hospitalet - La Farga Gesti\u00f3n de Equipamientos Municipales, S.A.\" \/>\n<meta property=\"og:description\" content=\"TV L\u2019Hospitalet i LHDigital.cat seran els encarregats de portar a totes les llars de L\u2019Hospitalet l\u2019acte d\u2019encesa de llums de Nadal.\" \/>\n<meta property=\"og:url\" content=\"https:\/\/www.lafarga.com\/corporatiu\/encensa-llums-nadal-directe-tv-lhospitalet\/\" \/>\n<meta property=\"og:site_name\" content=\"La Farga Gesti\u00f3n de Equipamientos Municipales, S.A.\" \/>\n<meta property=\"article:published_time\" content=\"2020-11-18T09:57:17+00:00\" \/>\n<meta property=\"og:image\" content=\"https:\/\/www.lafarga.com\/corporatiu\/wp-content\/uploads\/2020\/11\/Encesa-llums-Farga.jpg\" \/>\n\t<meta property=\"og:image:width\" content=\"730\" \/>\n\t<meta property=\"og:image:height\" content=\"410\" \/>\n\t<meta property=\"og:image:type\" content=\"image\/jpeg\" \/>\n<meta name=\"author\" content=\"\u00d2scar Milla\" \/>\n<meta name=\"twitter:label1\" content=\"Escrit per\" \/>\n\t<meta name=\"twitter:data1\" content=\"\u00d2scar Milla\" \/>\n\t<meta name=\"twitter:label2\" content=\"Temps estimat de lectura\" \/>\n\t<meta name=\"twitter:data2\" content=\"3 minuts\" \/>\n<script type=\"application\/ld+json\" class=\"yoast-schema-graph\">{\"@context\":\"https:\\\/\\\/schema.org\",\"@graph\":[{\"@type\":\"Article\",\"@id\":\"https:\\\/\\\/www.lafarga.com\\\/corporatiu\\\/encensa-llums-nadal-directe-tv-lhospitalet\\\/#article\",\"isPartOf\":{\"@id\":\"https:\\\/\\\/www.lafarga.com\\\/corporatiu\\\/encensa-llums-nadal-directe-tv-lhospitalet\\\/\"},\"author\":{\"name\":\"\u00d2scar Milla\",\"@id\":\"https:\\\/\\\/www.lafarga.com\\\/corporatiu\\\/#\\\/schema\\\/person\\\/70d96fe17d0da1a9c9e80d232bdbcf33\"},\"headline\":\"Encensa de llums de nadal, en directe a TV L&#8217;Hospitalet\",\"datePublished\":\"2020-11-18T09:57:17+00:00\",\"mainEntityOfPage\":{\"@id\":\"https:\\\/\\\/www.lafarga.com\\\/corporatiu\\\/encensa-llums-nadal-directe-tv-lhospitalet\\\/\"},\"wordCount\":600,\"publisher\":{\"@id\":\"https:\\\/\\\/www.lafarga.com\\\/corporatiu\\\/#organization\"},\"image\":{\"@id\":\"https:\\\/\\\/www.lafarga.com\\\/corporatiu\\\/encensa-llums-nadal-directe-tv-lhospitalet\\\/#primaryimage\"},\"thumbnailUrl\":\"https:\\\/\\\/www.lafarga.com\\\/corporatiu\\\/wp-content\\\/uploads\\\/2020\\\/11\\\/Encesa-llums-Farga.jpg\",\"articleSection\":[\"Mitjans de Comunicaci\u00f3\"],\"inLanguage\":\"ca\"},{\"@type\":\"WebPage\",\"@id\":\"https:\\\/\\\/www.lafarga.com\\\/corporatiu\\\/encensa-llums-nadal-directe-tv-lhospitalet\\\/\",\"url\":\"https:\\\/\\\/www.lafarga.com\\\/corporatiu\\\/encensa-llums-nadal-directe-tv-lhospitalet\\\/\",\"name\":\"Encensa de llums de nadal, en directe a TV L'Hospitalet - La Farga Gesti\u00f3n de Equipamientos Municipales, S.A.\",\"isPartOf\":{\"@id\":\"https:\\\/\\\/www.lafarga.com\\\/corporatiu\\\/#website\"},\"primaryImageOfPage\":{\"@id\":\"https:\\\/\\\/www.lafarga.com\\\/corporatiu\\\/encensa-llums-nadal-directe-tv-lhospitalet\\\/#primaryimage\"},\"image\":{\"@id\":\"https:\\\/\\\/www.lafarga.com\\\/corporatiu\\\/encensa-llums-nadal-directe-tv-lhospitalet\\\/#primaryimage\"},\"thumbnailUrl\":\"https:\\\/\\\/www.lafarga.com\\\/corporatiu\\\/wp-content\\\/uploads\\\/2020\\\/11\\\/Encesa-llums-Farga.jpg\",\"datePublished\":\"2020-11-18T09:57:17+00:00\",\"description\":\"TV L\u2019Hospitalet i LHDigital.cat seran els encarregats de portar a totes les llars de L\u2019Hospitalet l\u2019acte d\u2019encesa de llums de Nadal.\",\"breadcrumb\":{\"@id\":\"https:\\\/\\\/www.lafarga.com\\\/corporatiu\\\/encensa-llums-nadal-directe-tv-lhospitalet\\\/#breadcrumb\"},\"inLanguage\":\"ca\",\"potentialAction\":[{\"@type\":\"ReadAction\",\"target\":[\"https:\\\/\\\/www.lafarga.com\\\/corporatiu\\\/encensa-llums-nadal-directe-tv-lhospitalet\\\/\"]}]},{\"@type\":\"ImageObject\",\"inLanguage\":\"ca\",\"@id\":\"https:\\\/\\\/www.lafarga.com\\\/corporatiu\\\/encensa-llums-nadal-directe-tv-lhospitalet\\\/#primaryimage\",\"url\":\"https:\\\/\\\/www.lafarga.com\\\/corporatiu\\\/wp-content\\\/uploads\\\/2020\\\/11\\\/Encesa-llums-Farga.jpg\",\"contentUrl\":\"https:\\\/\\\/www.lafarga.com\\\/corporatiu\\\/wp-content\\\/uploads\\\/2020\\\/11\\\/Encesa-llums-Farga.jpg\",\"width\":730,\"height\":410,\"caption\":\"Encesa Llums Farga Luces\"},{\"@type\":\"BreadcrumbList\",\"@id\":\"https:\\\/\\\/www.lafarga.com\\\/corporatiu\\\/encensa-llums-nadal-directe-tv-lhospitalet\\\/#breadcrumb\",\"itemListElement\":[{\"@type\":\"ListItem\",\"position\":1,\"name\":\"Home\",\"item\":\"https:\\\/\\\/www.lafarga.com\\\/corporatiu\\\/lafarga-hospitalet-llobregat\\\/\"},{\"@type\":\"ListItem\",\"position\":2,\"name\":\"Encensa de llums de nadal, en directe a TV L&#8217;Hospitalet\"}]},{\"@type\":\"WebSite\",\"@id\":\"https:\\\/\\\/www.lafarga.com\\\/corporatiu\\\/#website\",\"url\":\"https:\\\/\\\/www.lafarga.com\\\/corporatiu\\\/\",\"name\":\"La Farga Gesti\u00f3 d&#039;Equipaments Municipals, SA\",\"description\":\"\",\"publisher\":{\"@id\":\"https:\\\/\\\/www.lafarga.com\\\/corporatiu\\\/#organization\"},\"potentialAction\":[{\"@type\":\"SearchAction\",\"target\":{\"@type\":\"EntryPoint\",\"urlTemplate\":\"https:\\\/\\\/www.lafarga.com\\\/corporatiu\\\/?s={search_term_string}\"},\"query-input\":{\"@type\":\"PropertyValueSpecification\",\"valueRequired\":true,\"valueName\":\"search_term_string\"}}],\"inLanguage\":\"ca\"},{\"@type\":\"Organization\",\"@id\":\"https:\\\/\\\/www.lafarga.com\\\/corporatiu\\\/#organization\",\"name\":\"La Farga Gesti\u00f3 d&#039;Equipaments Municipals, SA\",\"url\":\"https:\\\/\\\/www.lafarga.com\\\/corporatiu\\\/\",\"logo\":{\"@type\":\"ImageObject\",\"inLanguage\":\"ca\",\"@id\":\"https:\\\/\\\/www.lafarga.com\\\/corporatiu\\\/#\\\/schema\\\/logo\\\/image\\\/\",\"url\":\"https:\\\/\\\/www.lafarga.com\\\/corporatiu\\\/wp-content\\\/uploads\\\/2023\\\/11\\\/logotipo_lafarga_gemsa.svg\",\"contentUrl\":\"https:\\\/\\\/www.lafarga.com\\\/corporatiu\\\/wp-content\\\/uploads\\\/2023\\\/11\\\/logotipo_lafarga_gemsa.svg\",\"width\":102,\"height\":103,\"caption\":\"La Farga Gesti\u00f3 d&#039;Equipaments Municipals, SA\"},\"image\":{\"@id\":\"https:\\\/\\\/www.lafarga.com\\\/corporatiu\\\/#\\\/schema\\\/logo\\\/image\\\/\"}},{\"@type\":\"Person\",\"@id\":\"https:\\\/\\\/www.lafarga.com\\\/corporatiu\\\/#\\\/schema\\\/person\\\/70d96fe17d0da1a9c9e80d232bdbcf33\",\"name\":\"\u00d2scar Milla\",\"image\":{\"@type\":\"ImageObject\",\"inLanguage\":\"ca\",\"@id\":\"https:\\\/\\\/secure.gravatar.com\\\/avatar\\\/92e75d184f9d5e0e403bd4ad075b080ad258344ddc259adddb579f6a3ba6494f?s=96&d=mm&r=g\",\"url\":\"https:\\\/\\\/secure.gravatar.com\\\/avatar\\\/92e75d184f9d5e0e403bd4ad075b080ad258344ddc259adddb579f6a3ba6494f?s=96&d=mm&r=g\",\"contentUrl\":\"https:\\\/\\\/secure.gravatar.com\\\/avatar\\\/92e75d184f9d5e0e403bd4ad075b080ad258344ddc259adddb579f6a3ba6494f?s=96&d=mm&r=g\",\"caption\":\"\u00d2scar Milla\"},\"url\":\"https:\\\/\\\/www.lafarga.com\\\/corporatiu\\\/author\\\/omilla\\\/\"}]}<\/script>\n<!-- \/ Yoast SEO plugin. -->","yoast_head_json":{"title":"Encensa de llums de nadal, en directe a TV L'Hospitalet - La Farga Gesti\u00f3n de Equipamientos Municipales, S.A.","description":"TV L\u2019Hospitalet i LHDigital.cat seran els encarregats de portar a totes les llars de L\u2019Hospitalet l\u2019acte d\u2019encesa de llums de Nadal.","robots":{"index":"index","follow":"follow","max-snippet":"max-snippet:-1","max-image-preview":"max-image-preview:large","max-video-preview":"max-video-preview:-1"},"canonical":"https:\/\/www.lafarga.com\/corporatiu\/encensa-llums-nadal-directe-tv-lhospitalet\/","og_locale":"ca_ES","og_type":"article","og_title":"Encensa de llums de nadal, en directe a TV L'Hospitalet - La Farga Gesti\u00f3n de Equipamientos Municipales, S.A.","og_description":"TV L\u2019Hospitalet i LHDigital.cat seran els encarregats de portar a totes les llars de L\u2019Hospitalet l\u2019acte d\u2019encesa de llums de Nadal.","og_url":"https:\/\/www.lafarga.com\/corporatiu\/encensa-llums-nadal-directe-tv-lhospitalet\/","og_site_name":"La Farga Gesti\u00f3n de Equipamientos Municipales, S.A.","article_published_time":"2020-11-18T09:57:17+00:00","og_image":[{"width":730,"height":410,"url":"https:\/\/www.lafarga.com\/corporatiu\/wp-content\/uploads\/2020\/11\/Encesa-llums-Farga.jpg","type":"image\/jpeg"}],"author":"\u00d2scar Milla","twitter_misc":{"Escrit per":"\u00d2scar Milla","Temps estimat de lectura":"3 minuts"},"schema":{"@context":"https:\/\/schema.org","@graph":[{"@type":"Article","@id":"https:\/\/www.lafarga.com\/corporatiu\/encensa-llums-nadal-directe-tv-lhospitalet\/#article","isPartOf":{"@id":"https:\/\/www.lafarga.com\/corporatiu\/encensa-llums-nadal-directe-tv-lhospitalet\/"},"author":{"name":"\u00d2scar Milla","@id":"https:\/\/www.lafarga.com\/corporatiu\/#\/schema\/person\/70d96fe17d0da1a9c9e80d232bdbcf33"},"headline":"Encensa de llums de nadal, en directe a TV L&#8217;Hospitalet","datePublished":"2020-11-18T09:57:17+00:00","mainEntityOfPage":{"@id":"https:\/\/www.lafarga.com\/corporatiu\/encensa-llums-nadal-directe-tv-lhospitalet\/"},"wordCount":600,"publisher":{"@id":"https:\/\/www.lafarga.com\/corporatiu\/#organization"},"image":{"@id":"https:\/\/www.lafarga.com\/corporatiu\/encensa-llums-nadal-directe-tv-lhospitalet\/#primaryimage"},"thumbnailUrl":"https:\/\/www.lafarga.com\/corporatiu\/wp-content\/uploads\/2020\/11\/Encesa-llums-Farga.jpg","articleSection":["Mitjans de Comunicaci\u00f3"],"inLanguage":"ca"},{"@type":"WebPage","@id":"https:\/\/www.lafarga.com\/corporatiu\/encensa-llums-nadal-directe-tv-lhospitalet\/","url":"https:\/\/www.lafarga.com\/corporatiu\/encensa-llums-nadal-directe-tv-lhospitalet\/","name":"Encensa de llums de nadal, en directe a TV L'Hospitalet - La Farga Gesti\u00f3n de Equipamientos Municipales, S.A.","isPartOf":{"@id":"https:\/\/www.lafarga.com\/corporatiu\/#website"},"primaryImageOfPage":{"@id":"https:\/\/www.lafarga.com\/corporatiu\/encensa-llums-nadal-directe-tv-lhospitalet\/#primaryimage"},"image":{"@id":"https:\/\/www.lafarga.com\/corporatiu\/encensa-llums-nadal-directe-tv-lhospitalet\/#primaryimage"},"thumbnailUrl":"https:\/\/www.lafarga.com\/corporatiu\/wp-content\/uploads\/2020\/11\/Encesa-llums-Farga.jpg","datePublished":"2020-11-18T09:57:17+00:00","description":"TV L\u2019Hospitalet i LHDigital.cat seran els encarregats de portar a totes les llars de L\u2019Hospitalet l\u2019acte d\u2019encesa de llums de Nadal.","breadcrumb":{"@id":"https:\/\/www.lafarga.com\/corporatiu\/encensa-llums-nadal-directe-tv-lhospitalet\/#breadcrumb"},"inLanguage":"ca","potentialAction":[{"@type":"ReadAction","target":["https:\/\/www.lafarga.com\/corporatiu\/encensa-llums-nadal-directe-tv-lhospitalet\/"]}]},{"@type":"ImageObject","inLanguage":"ca","@id":"https:\/\/www.lafarga.com\/corporatiu\/encensa-llums-nadal-directe-tv-lhospitalet\/#primaryimage","url":"https:\/\/www.lafarga.com\/corporatiu\/wp-content\/uploads\/2020\/11\/Encesa-llums-Farga.jpg","contentUrl":"https:\/\/www.lafarga.com\/corporatiu\/wp-content\/uploads\/2020\/11\/Encesa-llums-Farga.jpg","width":730,"height":410,"caption":"Encesa Llums Farga Luces"},{"@type":"BreadcrumbList","@id":"https:\/\/www.lafarga.com\/corporatiu\/encensa-llums-nadal-directe-tv-lhospitalet\/#breadcrumb","itemListElement":[{"@type":"ListItem","position":1,"name":"Home","item":"https:\/\/www.lafarga.com\/corporatiu\/lafarga-hospitalet-llobregat\/"},{"@type":"ListItem","position":2,"name":"Encensa de llums de nadal, en directe a TV L&#8217;Hospitalet"}]},{"@type":"WebSite","@id":"https:\/\/www.lafarga.com\/corporatiu\/#website","url":"https:\/\/www.lafarga.com\/corporatiu\/","name":"La Farga Gesti\u00f3 d&#039;Equipaments Municipals, SA","description":"","publisher":{"@id":"https:\/\/www.lafarga.com\/corporatiu\/#organization"},"potentialAction":[{"@type":"SearchAction","target":{"@type":"EntryPoint","urlTemplate":"https:\/\/www.lafarga.com\/corporatiu\/?s={search_term_string}"},"query-input":{"@type":"PropertyValueSpecification","valueRequired":true,"valueName":"search_term_string"}}],"inLanguage":"ca"},{"@type":"Organization","@id":"https:\/\/www.lafarga.com\/corporatiu\/#organization","name":"La Farga Gesti\u00f3 d&#039;Equipaments Municipals, SA","url":"https:\/\/www.lafarga.com\/corporatiu\/","logo":{"@type":"ImageObject","inLanguage":"ca","@id":"https:\/\/www.lafarga.com\/corporatiu\/#\/schema\/logo\/image\/","url":"https:\/\/www.lafarga.com\/corporatiu\/wp-content\/uploads\/2023\/11\/logotipo_lafarga_gemsa.svg","contentUrl":"https:\/\/www.lafarga.com\/corporatiu\/wp-content\/uploads\/2023\/11\/logotipo_lafarga_gemsa.svg","width":102,"height":103,"caption":"La Farga Gesti\u00f3 d&#039;Equipaments Municipals, SA"},"image":{"@id":"https:\/\/www.lafarga.com\/corporatiu\/#\/schema\/logo\/image\/"}},{"@type":"Person","@id":"https:\/\/www.lafarga.com\/corporatiu\/#\/schema\/person\/70d96fe17d0da1a9c9e80d232bdbcf33","name":"\u00d2scar Milla","image":{"@type":"ImageObject","inLanguage":"ca","@id":"https:\/\/secure.gravatar.com\/avatar\/92e75d184f9d5e0e403bd4ad075b080ad258344ddc259adddb579f6a3ba6494f?s=96&d=mm&r=g","url":"https:\/\/secure.gravatar.com\/avatar\/92e75d184f9d5e0e403bd4ad075b080ad258344ddc259adddb579f6a3ba6494f?s=96&d=mm&r=g","contentUrl":"https:\/\/secure.gravatar.com\/avatar\/92e75d184f9d5e0e403bd4ad075b080ad258344ddc259adddb579f6a3ba6494f?s=96&d=mm&r=g","caption":"\u00d2scar Milla"},"url":"https:\/\/www.lafarga.com\/corporatiu\/author\/omilla\/"}]}},"uagb_featured_image_src":{"full":["https:\/\/www.lafarga.com\/corporatiu\/wp-content\/uploads\/2020\/11\/Encesa-llums-Farga.jpg",730,410,false],"thumbnail":["https:\/\/www.lafarga.com\/corporatiu\/wp-content\/uploads\/2020\/11\/Encesa-llums-Farga-150x150.jpg",150,150,true],"medium":["https:\/\/www.lafarga.com\/corporatiu\/wp-content\/uploads\/2020\/11\/Encesa-llums-Farga-300x168.jpg",300,168,true],"medium_large":["https:\/\/www.lafarga.com\/corporatiu\/wp-content\/uploads\/2020\/11\/Encesa-llums-Farga.jpg",730,410,false],"large":["https:\/\/www.lafarga.com\/corporatiu\/wp-content\/uploads\/2020\/11\/Encesa-llums-Farga.jpg",730,410,false],"1536x1536":["https:\/\/www.lafarga.com\/corporatiu\/wp-content\/uploads\/2020\/11\/Encesa-llums-Farga.jpg",730,410,false],"2048x2048":["https:\/\/www.lafarga.com\/corporatiu\/wp-content\/uploads\/2020\/11\/Encesa-llums-Farga.jpg",730,410,false],"mailpoet_newsletter_max":["https:\/\/www.lafarga.com\/corporatiu\/wp-content\/uploads\/2020\/11\/Encesa-llums-Farga.jpg",730,410,false]},"uagb_author_info":{"display_name":"\u00d2scar Milla","author_link":"https:\/\/www.lafarga.com\/corporatiu\/author\/omilla\/"},"uagb_comment_info":0,"uagb_excerpt":"TV L\u2019Hospitalet i LHDigital.cat seran els encarregats de portar a totes les llars de L\u2019Hospitalet l\u2019acte d\u2019encesa de llums de Nadal, previst per aquest divendres 20 de novembre, a les 19.30 hores.","_links":{"self":[{"href":"https:\/\/www.lafarga.com\/corporatiu\/wp-json\/wp\/v2\/posts\/15149","targetHints":{"allow":["GET"]}}],"collection":[{"href":"https:\/\/www.lafarga.com\/corporatiu\/wp-json\/wp\/v2\/posts"}],"about":[{"href":"https:\/\/www.lafarga.com\/corporatiu\/wp-json\/wp\/v2\/types\/post"}],"author":[{"embeddable":true,"href":"https:\/\/www.lafarga.com\/corporatiu\/wp-json\/wp\/v2\/users\/5"}],"replies":[{"embeddable":true,"href":"https:\/\/www.lafarga.com\/corporatiu\/wp-json\/wp\/v2\/comments?post=15149"}],"version-history":[{"count":1,"href":"https:\/\/www.lafarga.com\/corporatiu\/wp-json\/wp\/v2\/posts\/15149\/revisions"}],"predecessor-version":[{"id":15152,"href":"https:\/\/www.lafarga.com\/corporatiu\/wp-json\/wp\/v2\/posts\/15149\/revisions\/15152"}],"wp:featuredmedia":[{"embeddable":true,"href":"https:\/\/www.lafarga.com\/corporatiu\/wp-json\/wp\/v2\/media\/15151"}],"wp:attachment":[{"href":"https:\/\/www.lafarga.com\/corporatiu\/wp-json\/wp\/v2\/media?parent=15149"}],"wp:term":[{"taxonomy":"category","embeddable":true,"href":"https:\/\/www.lafarga.com\/corporatiu\/wp-json\/wp\/v2\/categories?post=15149"},{"taxonomy":"post_tag","embeddable":true,"href":"https:\/\/www.lafarga.com\/corporatiu\/wp-json\/wp\/v2\/tags?post=15149"}],"curies":[{"name":"wp","href":"https:\/\/api.w.org\/{rel}","templated":true}]}}