{"id":15095,"date":"2020-11-06T10:57:56","date_gmt":"2020-11-06T10:57:56","guid":{"rendered":"http:\/\/www.lafarga.com\/corporatiu\/?p=15095"},"modified":"2020-11-09T11:46:41","modified_gmt":"2020-11-09T11:46:41","slug":"tv-lhospitalet-porta-activitat-fisica-casa","status":"publish","type":"post","link":"https:\/\/www.lafarga.com\/corporatiu\/tv-lhospitalet-porta-activitat-fisica-casa\/","title":{"rendered":"TV L&#8217;Hospitalet et porta activitat f\u00edsica a casa"},"content":{"rendered":"<h5>En col\u00b7laboraci\u00f3 amb els poliesportius municipals de la ciutat<\/h5>\n<p><a href=\"https:\/\/lhdigital.cat\/web\/digital-h\/televisio\" target=\"_blank\" rel=\"noopener noreferrer\"><strong>TV de L\u2019Hospitalet<\/strong><\/a>, amb el suport dels poliesportius municipals, segueix oferint-te la possibilitat de fer esport des de casa amb l\u2019emissi\u00f3 de classes virtuals a c\u00e0rrec del personal d\u2019aquestes instal\u00b7lacions.<\/p>\n<p>L&#8217;horari d&#8217;emissi\u00f3 \u00e9s, cada dia, a les 8 h del mat\u00ed i a les 18:30 h de la tarda. Dissabte i diumenge, a les 8 i a les 12 hores.<\/p>\n<p>El personal t\u00e8cnic dels poliesportius municipals han ofert aquest servei a trav\u00e9s de les xarxes socials des de l&#8217;inici de la pand\u00e8mia, i a partir d&#8217;aquest novembre, tamb\u00e9 es pot veure a trav\u00e9s de la pantalla del televisor, per poder seguir fent exercici f\u00edsic a casa.<\/p>\n<p>Les disciplines s\u00f3n per a tota la fam\u00edlia, amb aquest programa:<\/p>\n<p><em>Dilluns, cardio<\/em><br \/>\n<em>Dimarts, zumba<\/em><br \/>\n<em>Dimecres, estiraments<\/em><br \/>\n<em>Dijous, tonificaci\u00f3<\/em><br \/>\n<em>Divendres, IBT<\/em><br \/>\n<em>Dissabte, gent gran<\/em><br \/>\n<em>Diumenge, activitat f\u00edsica familiar<\/em><\/p>\n<p>Tamb\u00e9 es poden seguir aquests classes des de la regidoria d&#8217;esports i les seves diferents plataformes:\u00a0Youtube: esportslhospitalet; Instagram: @lhesports; Facebook: @LHEsports; Twitter: @lhesport.<\/p>\n<p>TV L&#8217;Hospitalet \u00e9s un<a href=\"https:\/\/www.lafarga.com\/corporatiu\/mitjans-comunicacio-hospitalet-la-farga\/\" target=\"_blank\" rel=\"noopener noreferrer\"><strong> mitj\u00e0 de comunicaci\u00f3<\/strong><\/a> gestionat per La Farga Gesti\u00f3 d&#8217;Equipaments Municipals.<\/p>\n","protected":false},"excerpt":{"rendered":"<p>TV de L\u2019Hospitalet, amb el suport dels poliesportius municipals, segueix oferint-te la possibilitat de fer esport des de casa amb l\u2019emissi\u00f3 de classes virtuals a c\u00e0rrec del personal d\u2019aquestes instal\u00b7lacions.<\/p>\n","protected":false},"author":5,"featured_media":15102,"comment_status":"closed","ping_status":"closed","sticky":false,"template":"","format":"standard","meta":{"inline_featured_image":false,"_uag_custom_page_level_css":"","_monsterinsights_skip_tracking":false,"_monsterinsights_sitenote_active":false,"_monsterinsights_sitenote_note":"","_monsterinsights_sitenote_category":0,"site-sidebar-layout":"default","site-content-layout":"","ast-site-content-layout":"default","site-content-style":"default","site-sidebar-style":"default","ast-global-header-display":"","ast-banner-title-visibility":"","ast-main-header-display":"","ast-hfb-above-header-display":"","ast-hfb-below-header-display":"","ast-hfb-mobile-header-display":"","site-post-title":"","ast-breadcrumbs-content":"","ast-featured-img":"","footer-sml-layout":"","ast-disable-related-posts":"","theme-transparent-header-meta":"","adv-header-id-meta":"","stick-header-meta":"","header-above-stick-meta":"","header-main-stick-meta":"","header-below-stick-meta":"","astra-migrate-meta-layouts":"default","ast-page-background-enabled":"default","ast-page-background-meta":{"desktop":{"background-color":"var(--ast-global-color-4)","background-image":"","background-repeat":"repeat","background-position":"center center","background-size":"auto","background-attachment":"scroll","background-type":"","background-media":"","overlay-type":"","overlay-color":"","overlay-opacity":"","overlay-gradient":""},"tablet":{"background-color":"","background-image":"","background-repeat":"repeat","background-position":"center center","background-size":"auto","background-attachment":"scroll","background-type":"","background-media":"","overlay-type":"","overlay-color":"","overlay-opacity":"","overlay-gradient":""},"mobile":{"background-color":"","background-image":"","background-repeat":"repeat","background-position":"center center","background-size":"auto","background-attachment":"scroll","background-type":"","background-media":"","overlay-type":"","overlay-color":"","overlay-opacity":"","overlay-gradient":""}},"ast-content-background-meta":{"desktop":{"background-color":"var(--ast-global-color-5)","background-image":"","background-repeat":"repeat","background-position":"center center","background-size":"auto","background-attachment":"scroll","background-type":"","background-media":"","overlay-type":"","overlay-color":"","overlay-opacity":"","overlay-gradient":""},"tablet":{"background-color":"var(--ast-global-color-5)","background-image":"","background-repeat":"repeat","background-position":"center center","background-size":"auto","background-attachment":"scroll","background-type":"","background-media":"","overlay-type":"","overlay-color":"","overlay-opacity":"","overlay-gradient":""},"mobile":{"background-color":"var(--ast-global-color-5)","background-image":"","background-repeat":"repeat","background-position":"center center","background-size":"auto","background-attachment":"scroll","background-type":"","background-media":"","overlay-type":"","overlay-color":"","overlay-opacity":"","overlay-gradient":""}},"footnotes":""},"categories":[51],"tags":[],"class_list":["post-15095","post","type-post","status-publish","format-standard","has-post-thumbnail","hentry","category-mitjans-comunicacio"],"yoast_head":"<!-- This site is optimized with the Yoast SEO plugin v27.4 - https:\/\/yoast.com\/product\/yoast-seo-wordpress\/ -->\n<title>TV L&#039;Hospitalet et porta activitat f\u00edsica a casa - La Farga Gesti\u00f3n de Equipamientos Municipales, S.A.<\/title>\n<meta name=\"description\" content=\"TV de L\u2019Hospitalet, amb el suport dels poliesportius municipals, segueix oferint-te la possibilitat de fer esport des de casa.\" \/>\n<meta name=\"robots\" content=\"index, follow, max-snippet:-1, max-image-preview:large, max-video-preview:-1\" \/>\n<link rel=\"canonical\" href=\"https:\/\/www.lafarga.com\/corporatiu\/tv-lhospitalet-porta-activitat-fisica-casa\/\" \/>\n<meta property=\"og:locale\" content=\"ca_ES\" \/>\n<meta property=\"og:type\" content=\"article\" \/>\n<meta property=\"og:title\" content=\"TV L&#039;Hospitalet et porta activitat f\u00edsica a casa - La Farga Gesti\u00f3n de Equipamientos Municipales, S.A.\" \/>\n<meta property=\"og:description\" content=\"TV de L\u2019Hospitalet, amb el suport dels poliesportius municipals, segueix oferint-te la possibilitat de fer esport des de casa.\" \/>\n<meta property=\"og:url\" content=\"https:\/\/www.lafarga.com\/corporatiu\/tv-lhospitalet-porta-activitat-fisica-casa\/\" \/>\n<meta property=\"og:site_name\" content=\"La Farga Gesti\u00f3n de Equipamientos Municipales, S.A.\" \/>\n<meta property=\"article:published_time\" content=\"2020-11-06T10:57:56+00:00\" \/>\n<meta property=\"article:modified_time\" content=\"2020-11-09T11:46:41+00:00\" \/>\n<meta property=\"og:image\" content=\"https:\/\/www.lafarga.com\/corporatiu\/wp-content\/uploads\/2020\/11\/tv-hospitalet-poliesportiu.jpg\" \/>\n\t<meta property=\"og:image:width\" content=\"730\" \/>\n\t<meta property=\"og:image:height\" content=\"410\" \/>\n\t<meta property=\"og:image:type\" content=\"image\/jpeg\" \/>\n<meta name=\"author\" content=\"\u00d2scar Milla\" \/>\n<meta name=\"twitter:label1\" content=\"Escrit per\" \/>\n\t<meta name=\"twitter:data1\" content=\"\u00d2scar Milla\" \/>\n\t<meta name=\"twitter:label2\" content=\"Temps estimat de lectura\" \/>\n\t<meta name=\"twitter:data2\" content=\"1 minut\" \/>\n<script type=\"application\/ld+json\" class=\"yoast-schema-graph\">{\"@context\":\"https:\\\/\\\/schema.org\",\"@graph\":[{\"@type\":\"Article\",\"@id\":\"https:\\\/\\\/www.lafarga.com\\\/corporatiu\\\/tv-lhospitalet-porta-activitat-fisica-casa\\\/#article\",\"isPartOf\":{\"@id\":\"https:\\\/\\\/www.lafarga.com\\\/corporatiu\\\/tv-lhospitalet-porta-activitat-fisica-casa\\\/\"},\"author\":{\"name\":\"\u00d2scar Milla\",\"@id\":\"https:\\\/\\\/www.lafarga.com\\\/corporatiu\\\/#\\\/schema\\\/person\\\/70d96fe17d0da1a9c9e80d232bdbcf33\"},\"headline\":\"TV L&#8217;Hospitalet et porta activitat f\u00edsica a casa\",\"datePublished\":\"2020-11-06T10:57:56+00:00\",\"dateModified\":\"2020-11-09T11:46:41+00:00\",\"mainEntityOfPage\":{\"@id\":\"https:\\\/\\\/www.lafarga.com\\\/corporatiu\\\/tv-lhospitalet-porta-activitat-fisica-casa\\\/\"},\"wordCount\":208,\"publisher\":{\"@id\":\"https:\\\/\\\/www.lafarga.com\\\/corporatiu\\\/#organization\"},\"image\":{\"@id\":\"https:\\\/\\\/www.lafarga.com\\\/corporatiu\\\/tv-lhospitalet-porta-activitat-fisica-casa\\\/#primaryimage\"},\"thumbnailUrl\":\"https:\\\/\\\/www.lafarga.com\\\/corporatiu\\\/wp-content\\\/uploads\\\/2020\\\/11\\\/tv-hospitalet-poliesportiu.jpg\",\"articleSection\":[\"Mitjans de Comunicaci\u00f3\"],\"inLanguage\":\"ca\"},{\"@type\":\"WebPage\",\"@id\":\"https:\\\/\\\/www.lafarga.com\\\/corporatiu\\\/tv-lhospitalet-porta-activitat-fisica-casa\\\/\",\"url\":\"https:\\\/\\\/www.lafarga.com\\\/corporatiu\\\/tv-lhospitalet-porta-activitat-fisica-casa\\\/\",\"name\":\"TV L'Hospitalet et porta activitat f\u00edsica a casa - La Farga Gesti\u00f3n de Equipamientos Municipales, S.A.\",\"isPartOf\":{\"@id\":\"https:\\\/\\\/www.lafarga.com\\\/corporatiu\\\/#website\"},\"primaryImageOfPage\":{\"@id\":\"https:\\\/\\\/www.lafarga.com\\\/corporatiu\\\/tv-lhospitalet-porta-activitat-fisica-casa\\\/#primaryimage\"},\"image\":{\"@id\":\"https:\\\/\\\/www.lafarga.com\\\/corporatiu\\\/tv-lhospitalet-porta-activitat-fisica-casa\\\/#primaryimage\"},\"thumbnailUrl\":\"https:\\\/\\\/www.lafarga.com\\\/corporatiu\\\/wp-content\\\/uploads\\\/2020\\\/11\\\/tv-hospitalet-poliesportiu.jpg\",\"datePublished\":\"2020-11-06T10:57:56+00:00\",\"dateModified\":\"2020-11-09T11:46:41+00:00\",\"description\":\"TV de L\u2019Hospitalet, amb el suport dels poliesportius municipals, segueix oferint-te la possibilitat de fer esport des de casa.\",\"breadcrumb\":{\"@id\":\"https:\\\/\\\/www.lafarga.com\\\/corporatiu\\\/tv-lhospitalet-porta-activitat-fisica-casa\\\/#breadcrumb\"},\"inLanguage\":\"ca\",\"potentialAction\":[{\"@type\":\"ReadAction\",\"target\":[\"https:\\\/\\\/www.lafarga.com\\\/corporatiu\\\/tv-lhospitalet-porta-activitat-fisica-casa\\\/\"]}]},{\"@type\":\"ImageObject\",\"inLanguage\":\"ca\",\"@id\":\"https:\\\/\\\/www.lafarga.com\\\/corporatiu\\\/tv-lhospitalet-porta-activitat-fisica-casa\\\/#primaryimage\",\"url\":\"https:\\\/\\\/www.lafarga.com\\\/corporatiu\\\/wp-content\\\/uploads\\\/2020\\\/11\\\/tv-hospitalet-poliesportiu.jpg\",\"contentUrl\":\"https:\\\/\\\/www.lafarga.com\\\/corporatiu\\\/wp-content\\\/uploads\\\/2020\\\/11\\\/tv-hospitalet-poliesportiu.jpg\",\"width\":730,\"height\":410,\"caption\":\"TV L'Hospitalet Casa\"},{\"@type\":\"BreadcrumbList\",\"@id\":\"https:\\\/\\\/www.lafarga.com\\\/corporatiu\\\/tv-lhospitalet-porta-activitat-fisica-casa\\\/#breadcrumb\",\"itemListElement\":[{\"@type\":\"ListItem\",\"position\":1,\"name\":\"Home\",\"item\":\"https:\\\/\\\/www.lafarga.com\\\/corporatiu\\\/lafarga-hospitalet-llobregat\\\/\"},{\"@type\":\"ListItem\",\"position\":2,\"name\":\"TV L&#8217;Hospitalet et porta activitat f\u00edsica a casa\"}]},{\"@type\":\"WebSite\",\"@id\":\"https:\\\/\\\/www.lafarga.com\\\/corporatiu\\\/#website\",\"url\":\"https:\\\/\\\/www.lafarga.com\\\/corporatiu\\\/\",\"name\":\"La Farga Gesti\u00f3 d&#039;Equipaments Municipals, SA\",\"description\":\"\",\"publisher\":{\"@id\":\"https:\\\/\\\/www.lafarga.com\\\/corporatiu\\\/#organization\"},\"potentialAction\":[{\"@type\":\"SearchAction\",\"target\":{\"@type\":\"EntryPoint\",\"urlTemplate\":\"https:\\\/\\\/www.lafarga.com\\\/corporatiu\\\/?s={search_term_string}\"},\"query-input\":{\"@type\":\"PropertyValueSpecification\",\"valueRequired\":true,\"valueName\":\"search_term_string\"}}],\"inLanguage\":\"ca\"},{\"@type\":\"Organization\",\"@id\":\"https:\\\/\\\/www.lafarga.com\\\/corporatiu\\\/#organization\",\"name\":\"La Farga Gesti\u00f3 d&#039;Equipaments Municipals, SA\",\"url\":\"https:\\\/\\\/www.lafarga.com\\\/corporatiu\\\/\",\"logo\":{\"@type\":\"ImageObject\",\"inLanguage\":\"ca\",\"@id\":\"https:\\\/\\\/www.lafarga.com\\\/corporatiu\\\/#\\\/schema\\\/logo\\\/image\\\/\",\"url\":\"https:\\\/\\\/www.lafarga.com\\\/corporatiu\\\/wp-content\\\/uploads\\\/2023\\\/11\\\/logotipo_lafarga_gemsa.svg\",\"contentUrl\":\"https:\\\/\\\/www.lafarga.com\\\/corporatiu\\\/wp-content\\\/uploads\\\/2023\\\/11\\\/logotipo_lafarga_gemsa.svg\",\"width\":102,\"height\":103,\"caption\":\"La Farga Gesti\u00f3 d&#039;Equipaments Municipals, SA\"},\"image\":{\"@id\":\"https:\\\/\\\/www.lafarga.com\\\/corporatiu\\\/#\\\/schema\\\/logo\\\/image\\\/\"}},{\"@type\":\"Person\",\"@id\":\"https:\\\/\\\/www.lafarga.com\\\/corporatiu\\\/#\\\/schema\\\/person\\\/70d96fe17d0da1a9c9e80d232bdbcf33\",\"name\":\"\u00d2scar Milla\",\"image\":{\"@type\":\"ImageObject\",\"inLanguage\":\"ca\",\"@id\":\"https:\\\/\\\/secure.gravatar.com\\\/avatar\\\/92e75d184f9d5e0e403bd4ad075b080ad258344ddc259adddb579f6a3ba6494f?s=96&d=mm&r=g\",\"url\":\"https:\\\/\\\/secure.gravatar.com\\\/avatar\\\/92e75d184f9d5e0e403bd4ad075b080ad258344ddc259adddb579f6a3ba6494f?s=96&d=mm&r=g\",\"contentUrl\":\"https:\\\/\\\/secure.gravatar.com\\\/avatar\\\/92e75d184f9d5e0e403bd4ad075b080ad258344ddc259adddb579f6a3ba6494f?s=96&d=mm&r=g\",\"caption\":\"\u00d2scar Milla\"},\"url\":\"https:\\\/\\\/www.lafarga.com\\\/corporatiu\\\/author\\\/omilla\\\/\"}]}<\/script>\n<!-- \/ Yoast SEO plugin. -->","yoast_head_json":{"title":"TV L'Hospitalet et porta activitat f\u00edsica a casa - La Farga Gesti\u00f3n de Equipamientos Municipales, S.A.","description":"TV de L\u2019Hospitalet, amb el suport dels poliesportius municipals, segueix oferint-te la possibilitat de fer esport des de casa.","robots":{"index":"index","follow":"follow","max-snippet":"max-snippet:-1","max-image-preview":"max-image-preview:large","max-video-preview":"max-video-preview:-1"},"canonical":"https:\/\/www.lafarga.com\/corporatiu\/tv-lhospitalet-porta-activitat-fisica-casa\/","og_locale":"ca_ES","og_type":"article","og_title":"TV L'Hospitalet et porta activitat f\u00edsica a casa - La Farga Gesti\u00f3n de Equipamientos Municipales, S.A.","og_description":"TV de L\u2019Hospitalet, amb el suport dels poliesportius municipals, segueix oferint-te la possibilitat de fer esport des de casa.","og_url":"https:\/\/www.lafarga.com\/corporatiu\/tv-lhospitalet-porta-activitat-fisica-casa\/","og_site_name":"La Farga Gesti\u00f3n de Equipamientos Municipales, S.A.","article_published_time":"2020-11-06T10:57:56+00:00","article_modified_time":"2020-11-09T11:46:41+00:00","og_image":[{"width":730,"height":410,"url":"https:\/\/www.lafarga.com\/corporatiu\/wp-content\/uploads\/2020\/11\/tv-hospitalet-poliesportiu.jpg","type":"image\/jpeg"}],"author":"\u00d2scar Milla","twitter_misc":{"Escrit per":"\u00d2scar Milla","Temps estimat de lectura":"1 minut"},"schema":{"@context":"https:\/\/schema.org","@graph":[{"@type":"Article","@id":"https:\/\/www.lafarga.com\/corporatiu\/tv-lhospitalet-porta-activitat-fisica-casa\/#article","isPartOf":{"@id":"https:\/\/www.lafarga.com\/corporatiu\/tv-lhospitalet-porta-activitat-fisica-casa\/"},"author":{"name":"\u00d2scar Milla","@id":"https:\/\/www.lafarga.com\/corporatiu\/#\/schema\/person\/70d96fe17d0da1a9c9e80d232bdbcf33"},"headline":"TV L&#8217;Hospitalet et porta activitat f\u00edsica a casa","datePublished":"2020-11-06T10:57:56+00:00","dateModified":"2020-11-09T11:46:41+00:00","mainEntityOfPage":{"@id":"https:\/\/www.lafarga.com\/corporatiu\/tv-lhospitalet-porta-activitat-fisica-casa\/"},"wordCount":208,"publisher":{"@id":"https:\/\/www.lafarga.com\/corporatiu\/#organization"},"image":{"@id":"https:\/\/www.lafarga.com\/corporatiu\/tv-lhospitalet-porta-activitat-fisica-casa\/#primaryimage"},"thumbnailUrl":"https:\/\/www.lafarga.com\/corporatiu\/wp-content\/uploads\/2020\/11\/tv-hospitalet-poliesportiu.jpg","articleSection":["Mitjans de Comunicaci\u00f3"],"inLanguage":"ca"},{"@type":"WebPage","@id":"https:\/\/www.lafarga.com\/corporatiu\/tv-lhospitalet-porta-activitat-fisica-casa\/","url":"https:\/\/www.lafarga.com\/corporatiu\/tv-lhospitalet-porta-activitat-fisica-casa\/","name":"TV L'Hospitalet et porta activitat f\u00edsica a casa - La Farga Gesti\u00f3n de Equipamientos Municipales, S.A.","isPartOf":{"@id":"https:\/\/www.lafarga.com\/corporatiu\/#website"},"primaryImageOfPage":{"@id":"https:\/\/www.lafarga.com\/corporatiu\/tv-lhospitalet-porta-activitat-fisica-casa\/#primaryimage"},"image":{"@id":"https:\/\/www.lafarga.com\/corporatiu\/tv-lhospitalet-porta-activitat-fisica-casa\/#primaryimage"},"thumbnailUrl":"https:\/\/www.lafarga.com\/corporatiu\/wp-content\/uploads\/2020\/11\/tv-hospitalet-poliesportiu.jpg","datePublished":"2020-11-06T10:57:56+00:00","dateModified":"2020-11-09T11:46:41+00:00","description":"TV de L\u2019Hospitalet, amb el suport dels poliesportius municipals, segueix oferint-te la possibilitat de fer esport des de casa.","breadcrumb":{"@id":"https:\/\/www.lafarga.com\/corporatiu\/tv-lhospitalet-porta-activitat-fisica-casa\/#breadcrumb"},"inLanguage":"ca","potentialAction":[{"@type":"ReadAction","target":["https:\/\/www.lafarga.com\/corporatiu\/tv-lhospitalet-porta-activitat-fisica-casa\/"]}]},{"@type":"ImageObject","inLanguage":"ca","@id":"https:\/\/www.lafarga.com\/corporatiu\/tv-lhospitalet-porta-activitat-fisica-casa\/#primaryimage","url":"https:\/\/www.lafarga.com\/corporatiu\/wp-content\/uploads\/2020\/11\/tv-hospitalet-poliesportiu.jpg","contentUrl":"https:\/\/www.lafarga.com\/corporatiu\/wp-content\/uploads\/2020\/11\/tv-hospitalet-poliesportiu.jpg","width":730,"height":410,"caption":"TV L'Hospitalet Casa"},{"@type":"BreadcrumbList","@id":"https:\/\/www.lafarga.com\/corporatiu\/tv-lhospitalet-porta-activitat-fisica-casa\/#breadcrumb","itemListElement":[{"@type":"ListItem","position":1,"name":"Home","item":"https:\/\/www.lafarga.com\/corporatiu\/lafarga-hospitalet-llobregat\/"},{"@type":"ListItem","position":2,"name":"TV L&#8217;Hospitalet et porta activitat f\u00edsica a casa"}]},{"@type":"WebSite","@id":"https:\/\/www.lafarga.com\/corporatiu\/#website","url":"https:\/\/www.lafarga.com\/corporatiu\/","name":"La Farga Gesti\u00f3 d&#039;Equipaments Municipals, SA","description":"","publisher":{"@id":"https:\/\/www.lafarga.com\/corporatiu\/#organization"},"potentialAction":[{"@type":"SearchAction","target":{"@type":"EntryPoint","urlTemplate":"https:\/\/www.lafarga.com\/corporatiu\/?s={search_term_string}"},"query-input":{"@type":"PropertyValueSpecification","valueRequired":true,"valueName":"search_term_string"}}],"inLanguage":"ca"},{"@type":"Organization","@id":"https:\/\/www.lafarga.com\/corporatiu\/#organization","name":"La Farga Gesti\u00f3 d&#039;Equipaments Municipals, SA","url":"https:\/\/www.lafarga.com\/corporatiu\/","logo":{"@type":"ImageObject","inLanguage":"ca","@id":"https:\/\/www.lafarga.com\/corporatiu\/#\/schema\/logo\/image\/","url":"https:\/\/www.lafarga.com\/corporatiu\/wp-content\/uploads\/2023\/11\/logotipo_lafarga_gemsa.svg","contentUrl":"https:\/\/www.lafarga.com\/corporatiu\/wp-content\/uploads\/2023\/11\/logotipo_lafarga_gemsa.svg","width":102,"height":103,"caption":"La Farga Gesti\u00f3 d&#039;Equipaments Municipals, SA"},"image":{"@id":"https:\/\/www.lafarga.com\/corporatiu\/#\/schema\/logo\/image\/"}},{"@type":"Person","@id":"https:\/\/www.lafarga.com\/corporatiu\/#\/schema\/person\/70d96fe17d0da1a9c9e80d232bdbcf33","name":"\u00d2scar Milla","image":{"@type":"ImageObject","inLanguage":"ca","@id":"https:\/\/secure.gravatar.com\/avatar\/92e75d184f9d5e0e403bd4ad075b080ad258344ddc259adddb579f6a3ba6494f?s=96&d=mm&r=g","url":"https:\/\/secure.gravatar.com\/avatar\/92e75d184f9d5e0e403bd4ad075b080ad258344ddc259adddb579f6a3ba6494f?s=96&d=mm&r=g","contentUrl":"https:\/\/secure.gravatar.com\/avatar\/92e75d184f9d5e0e403bd4ad075b080ad258344ddc259adddb579f6a3ba6494f?s=96&d=mm&r=g","caption":"\u00d2scar Milla"},"url":"https:\/\/www.lafarga.com\/corporatiu\/author\/omilla\/"}]}},"uagb_featured_image_src":{"full":["https:\/\/www.lafarga.com\/corporatiu\/wp-content\/uploads\/2020\/11\/tv-hospitalet-poliesportiu.jpg",730,410,false],"thumbnail":["https:\/\/www.lafarga.com\/corporatiu\/wp-content\/uploads\/2020\/11\/tv-hospitalet-poliesportiu-150x150.jpg",150,150,true],"medium":["https:\/\/www.lafarga.com\/corporatiu\/wp-content\/uploads\/2020\/11\/tv-hospitalet-poliesportiu-300x168.jpg",300,168,true],"medium_large":["https:\/\/www.lafarga.com\/corporatiu\/wp-content\/uploads\/2020\/11\/tv-hospitalet-poliesportiu.jpg",730,410,false],"large":["https:\/\/www.lafarga.com\/corporatiu\/wp-content\/uploads\/2020\/11\/tv-hospitalet-poliesportiu.jpg",730,410,false],"1536x1536":["https:\/\/www.lafarga.com\/corporatiu\/wp-content\/uploads\/2020\/11\/tv-hospitalet-poliesportiu.jpg",730,410,false],"2048x2048":["https:\/\/www.lafarga.com\/corporatiu\/wp-content\/uploads\/2020\/11\/tv-hospitalet-poliesportiu.jpg",730,410,false],"mailpoet_newsletter_max":["https:\/\/www.lafarga.com\/corporatiu\/wp-content\/uploads\/2020\/11\/tv-hospitalet-poliesportiu.jpg",730,410,false]},"uagb_author_info":{"display_name":"\u00d2scar Milla","author_link":"https:\/\/www.lafarga.com\/corporatiu\/author\/omilla\/"},"uagb_comment_info":0,"uagb_excerpt":"TV de L\u2019Hospitalet, amb el suport dels poliesportius municipals, segueix oferint-te la possibilitat de fer esport des de casa amb l\u2019emissi\u00f3 de classes virtuals a c\u00e0rrec del personal d\u2019aquestes instal\u00b7lacions.","_links":{"self":[{"href":"https:\/\/www.lafarga.com\/corporatiu\/wp-json\/wp\/v2\/posts\/15095","targetHints":{"allow":["GET"]}}],"collection":[{"href":"https:\/\/www.lafarga.com\/corporatiu\/wp-json\/wp\/v2\/posts"}],"about":[{"href":"https:\/\/www.lafarga.com\/corporatiu\/wp-json\/wp\/v2\/types\/post"}],"author":[{"embeddable":true,"href":"https:\/\/www.lafarga.com\/corporatiu\/wp-json\/wp\/v2\/users\/5"}],"replies":[{"embeddable":true,"href":"https:\/\/www.lafarga.com\/corporatiu\/wp-json\/wp\/v2\/comments?post=15095"}],"version-history":[{"count":2,"href":"https:\/\/www.lafarga.com\/corporatiu\/wp-json\/wp\/v2\/posts\/15095\/revisions"}],"predecessor-version":[{"id":15104,"href":"https:\/\/www.lafarga.com\/corporatiu\/wp-json\/wp\/v2\/posts\/15095\/revisions\/15104"}],"wp:featuredmedia":[{"embeddable":true,"href":"https:\/\/www.lafarga.com\/corporatiu\/wp-json\/wp\/v2\/media\/15102"}],"wp:attachment":[{"href":"https:\/\/www.lafarga.com\/corporatiu\/wp-json\/wp\/v2\/media?parent=15095"}],"wp:term":[{"taxonomy":"category","embeddable":true,"href":"https:\/\/www.lafarga.com\/corporatiu\/wp-json\/wp\/v2\/categories?post=15095"},{"taxonomy":"post_tag","embeddable":true,"href":"https:\/\/www.lafarga.com\/corporatiu\/wp-json\/wp\/v2\/tags?post=15095"}],"curies":[{"name":"wp","href":"https:\/\/api.w.org\/{rel}","templated":true}]}}