{"id":15021,"date":"2020-10-23T12:06:53","date_gmt":"2020-10-23T12:06:53","guid":{"rendered":"http:\/\/www.lafarga.com\/corporatiu\/?p=15021"},"modified":"2020-11-05T07:41:13","modified_gmt":"2020-11-05T07:41:13","slug":"farga-centro-actividades-rehace-calendario-eventos","status":"publish","type":"post","link":"https:\/\/www.lafarga.com\/corporatiu\/farga-centro-actividades-rehace-calendario-eventos\/","title":{"rendered":"La Farga Centro de Actividades rehace su calendario de eventos"},"content":{"rendered":"\n<h5 class=\"wp-block-heading\">Conjuntamente con los promotores y organizadores de eventos<\/h5>\n\n\n\n<p>La Farga Centro de Actividades sigue trabajando para rehacer el calendario de eventos debido a la pandemia sanitaria que atravesamos. Teniendo en cuenta las medidas higi\u00e9nico-sanitarias que se deben adoptar, seg\u00fan los distintos decretos de las autoridades competentes, La Farga sigue en contacto con todos sus clientes habituales, y tambi\u00e9n nuevos, para poder celebrar y adaptar todos los salones, congresos y eventos previstos, y que se vieron afectados por el estado de alarma.<\/p>\n\n\n\n<p>Desde La Farga Centro de Actividades se trabaja conjuntamente con los promotores, organizadores y proveedores para ajustar su actividad a la nueva situaci\u00f3n, y con el compromiso, como agentes activos dentro del sector ferial, congresual y de eventos, para la superaci\u00f3n de esta etapa de incertidumbre.<\/p>\n\n\n\n<h5 class=\"wp-block-heading\">Nuevas fechas de eventos<\/h5>\n\n\n\n<p>Los salones\u00a0<a rel=\"noreferrer noopener\" href=\"https:\/\/barcelonabeerfestival.com\/es\/inicio\/\" target=\"_blank\"><strong>Barcelona Beer Festival<\/strong><\/a>,\u00a0<a rel=\"noreferrer noopener\" href=\"https:\/\/expoterraria.es\/barcelona\" target=\"_blank\"><strong>Expoterraria<\/strong><\/a>,\u00a0<a style=\"font-weight: bold;\" rel=\"noreferrer noopener\" href=\"https:\/\/magicinternacional.com\/\" target=\"_blank\">Magic Internacional<\/a>, <strong><a rel=\"noopener noreferrer\" href=\"https:\/\/exposolidos.com\/\" target=\"_blank\">Expos\u00f3lidos<\/a>, <a rel=\"noopener noreferrer\" href=\"https:\/\/polusolidos.com\/\" target=\"_blank\">Polus\u00f3lidos<\/a> y <a rel=\"noopener noreferrer\" href=\"http:\/\/expofluidos.com\/\" target=\"_blank\">Expofluidos<\/a><\/strong>; el\u00a0<a rel=\"noreferrer noopener\" href=\"https:\/\/www.cidui.org\/es\/\" target=\"_blank\"><strong>Congreso CIDUI (Congreso Internacional de Docencia Universitaria e Innovaci\u00f3n)<\/strong><\/a>,\u00a0<a rel=\"noreferrer noopener\" href=\"https:\/\/www.eventosmotor.com\/eventos\/2020\/retromotor-barcelona-2\/\" target=\"_blank\"><strong>RetroMotor<\/strong><\/a>\u00a0y la prueba deportiva\u00a0<a rel=\"noreferrer noopener\" href=\"https:\/\/www.wod.run\/\" target=\"_blank\"><strong>WodRun<\/strong><\/a> ya tienen nuevas fechas en la agenda, de 2021 y 2022, que se pueden consultar en el portal web.<\/p>\n\n\n\n<p>Adem\u00e1s, tambi\u00e9n se trabaja con nuevas propuestas de ferias, salones y congresos. Los sectores econ\u00f3micos para los que se trabaja merecen toda la atenci\u00f3n de forma permanente para hacer realidad sus necesidades y creando nuevas propuestas en el calendario ferial catal\u00e1n. En definitiva, dinamizar actividad para retomar el pulso econ\u00f3mico.<\/p>\n\n\n\n<p>La Farga Centro de Actividades es consciente de los tiempos complejos en los que vivimos, pero tiene presente que debe seguir siendo un punto de referencia de eventos presenciales, sin olvidar la posibilidad de poder ofrecer las instalaciones para realizaciones virtuales. En este 2020, se han visto cancelados salones cl\u00e1sicos y referentes en La Farga de L&#8217;Hospitalet como Creativa, pero a la vez se han recuperado fechas para los ex\u00e1menes que hace el Departamento de Territorio, destinados al sector del transporte, y las pruebas de selecci\u00f3n de personal del Ayuntamiento de L\u2019Hospitalet.<\/p>\n\n\n\n<p>Durante este tiempo de pandemia, tambi\u00e9n se ha podido celebrar, con todas las medidas de seguridad sanitaria correspondientes, la jornada de votaci\u00f3n de las Elecciones Generales de Bolivia, las Presidenciales de la Rep\u00fablica Dominicana; y el Consell de Ciutat.<\/p>\n\n\n\n<h5 class=\"wp-block-heading\">Atenci\u00f3n permanente<\/h5>\n\n\n\n<p>Existe la posibilidad, gracias a ser un recinto multidisciplinar, de poder adaptar y acomodar cualquier evento en cuanto a la ocupaci\u00f3n de metros cuadrados, aforo y formato que puede ser presencial, virtual o un h\u00edbrido.<\/p>\n\n\n\n<p>Todos los proveedores, clientes, organizadores y promotores de eventos y actividades pueden seguir contactando con el equipo de <a href=\"https:\/\/www.lafarga.com\/corporatiu\/centro-actividades-hospitalet-la-farga\/\" target=\"_blank\" rel=\"noopener noreferrer\"><strong>La Farga Centro de Actividades<\/strong><\/a> v\u00eda correo electr\u00f3nico: centreactivitats@lafarga.com; o por tel\u00e9fono al 93 261 52 00. Tambi\u00e9n se pueden realizar consultas a trav\u00e9s del formulario de contacto del portal <a href=\"http:\/\/www.lafargalhospitalet.com\/centro-actividades-hospitalet-barcelona\/\" target=\"_blank\" rel=\"noreferrer noopener\"><strong>www.lafargalhospitalet.com<\/strong><\/a> y redes sociales. Una vez iniciada la acci\u00f3n comercial, se puede programar, en caso necesario, una visita t\u00e9cnica en las instalaciones, con cita previa.<\/p>\n\n\n\n<p>Queremos mostrar nuestro sincero apoyo a todos los afectados por la pandemia y nuestro m\u00e1s sincero agradecimiento al personal sanitario, profesionales p\u00fablicos y servicios esenciales que est\u00e1n al frente de este escenario complejo e incierto. Tambi\u00e9n hacemos un llamamiento a toda la ciudadan\u00eda a seguir las recomendaciones y medidas higi\u00e9nico-sanitarias.<\/p>\n","protected":false},"excerpt":{"rendered":"<p>La Farga Centro de Actividades sigue trabajando para rehacer el\u00a0calendario de eventos debido a la pandemia sanitaria que atravesamos.<\/p>\n","protected":false},"author":5,"featured_media":15019,"comment_status":"closed","ping_status":"closed","sticky":false,"template":"","format":"standard","meta":{"inline_featured_image":false,"_uag_custom_page_level_css":"","_monsterinsights_skip_tracking":false,"_monsterinsights_sitenote_active":false,"_monsterinsights_sitenote_note":"","_monsterinsights_sitenote_category":0,"site-sidebar-layout":"default","site-content-layout":"","ast-site-content-layout":"default","site-content-style":"default","site-sidebar-style":"default","ast-global-header-display":"","ast-banner-title-visibility":"","ast-main-header-display":"","ast-hfb-above-header-display":"","ast-hfb-below-header-display":"","ast-hfb-mobile-header-display":"","site-post-title":"","ast-breadcrumbs-content":"","ast-featured-img":"","footer-sml-layout":"","ast-disable-related-posts":"","theme-transparent-header-meta":"","adv-header-id-meta":"","stick-header-meta":"","header-above-stick-meta":"","header-main-stick-meta":"","header-below-stick-meta":"","astra-migrate-meta-layouts":"default","ast-page-background-enabled":"default","ast-page-background-meta":{"desktop":{"background-color":"var(--ast-global-color-4)","background-image":"","background-repeat":"repeat","background-position":"center center","background-size":"auto","background-attachment":"scroll","background-type":"","background-media":"","overlay-type":"","overlay-color":"","overlay-opacity":"","overlay-gradient":""},"tablet":{"background-color":"","background-image":"","background-repeat":"repeat","background-position":"center center","background-size":"auto","background-attachment":"scroll","background-type":"","background-media":"","overlay-type":"","overlay-color":"","overlay-opacity":"","overlay-gradient":""},"mobile":{"background-color":"","background-image":"","background-repeat":"repeat","background-position":"center center","background-size":"auto","background-attachment":"scroll","background-type":"","background-media":"","overlay-type":"","overlay-color":"","overlay-opacity":"","overlay-gradient":""}},"ast-content-background-meta":{"desktop":{"background-color":"var(--ast-global-color-5)","background-image":"","background-repeat":"repeat","background-position":"center center","background-size":"auto","background-attachment":"scroll","background-type":"","background-media":"","overlay-type":"","overlay-color":"","overlay-opacity":"","overlay-gradient":""},"tablet":{"background-color":"var(--ast-global-color-5)","background-image":"","background-repeat":"repeat","background-position":"center center","background-size":"auto","background-attachment":"scroll","background-type":"","background-media":"","overlay-type":"","overlay-color":"","overlay-opacity":"","overlay-gradient":""},"mobile":{"background-color":"var(--ast-global-color-5)","background-image":"","background-repeat":"repeat","background-position":"center center","background-size":"auto","background-attachment":"scroll","background-type":"","background-media":"","overlay-type":"","overlay-color":"","overlay-opacity":"","overlay-gradient":""}},"footnotes":""},"categories":[73],"tags":[],"class_list":["post-15021","post","type-post","status-publish","format-standard","has-post-thumbnail","hentry","category-centro-de-actividades"],"yoast_head":"<!-- This site is optimized with the Yoast SEO plugin v27.4 - https:\/\/yoast.com\/product\/yoast-seo-wordpress\/ -->\n<title>La Farga Centro de Actividades rehace su calendario de eventos - La Farga Gesti\u00f3n de Equipamientos Municipales, S.A.<\/title>\n<meta name=\"description\" content=\"La Farga Centro de Actividades sigue trabajando para rehacer el\u00a0calendario de eventos debido a la pandemia sanitaria que atravesamos.\" \/>\n<meta name=\"robots\" content=\"index, follow, max-snippet:-1, max-image-preview:large, max-video-preview:-1\" \/>\n<link rel=\"canonical\" href=\"https:\/\/www.lafarga.com\/corporatiu\/farga-centro-actividades-rehace-calendario-eventos\/\" \/>\n<meta property=\"og:locale\" content=\"ca_ES\" \/>\n<meta property=\"og:type\" content=\"article\" \/>\n<meta property=\"og:title\" content=\"La Farga Centro de Actividades rehace su calendario de eventos - La Farga Gesti\u00f3n de Equipamientos Municipales, S.A.\" \/>\n<meta property=\"og:description\" content=\"La Farga Centro de Actividades sigue trabajando para rehacer el\u00a0calendario de eventos debido a la pandemia sanitaria que atravesamos.\" \/>\n<meta property=\"og:url\" content=\"https:\/\/www.lafarga.com\/corporatiu\/farga-centro-actividades-rehace-calendario-eventos\/\" \/>\n<meta property=\"og:site_name\" content=\"La Farga Gesti\u00f3n de Equipamientos Municipales, S.A.\" \/>\n<meta property=\"article:published_time\" content=\"2020-10-23T12:06:53+00:00\" \/>\n<meta property=\"article:modified_time\" content=\"2020-11-05T07:41:13+00:00\" \/>\n<meta property=\"og:image\" content=\"https:\/\/www.lafarga.com\/corporatiu\/wp-content\/uploads\/2020\/10\/edifici-farga-activitats.jpg\" \/>\n\t<meta property=\"og:image:width\" content=\"730\" \/>\n\t<meta property=\"og:image:height\" content=\"410\" \/>\n\t<meta property=\"og:image:type\" content=\"image\/jpeg\" \/>\n<meta name=\"author\" content=\"\u00d2scar Milla\" \/>\n<meta name=\"twitter:label1\" content=\"Escrit per\" \/>\n\t<meta name=\"twitter:data1\" content=\"\u00d2scar Milla\" \/>\n\t<meta name=\"twitter:label2\" content=\"Temps estimat de lectura\" \/>\n\t<meta name=\"twitter:data2\" content=\"3 minuts\" \/>\n<script type=\"application\/ld+json\" class=\"yoast-schema-graph\">{\"@context\":\"https:\\\/\\\/schema.org\",\"@graph\":[{\"@type\":\"Article\",\"@id\":\"https:\\\/\\\/www.lafarga.com\\\/corporatiu\\\/farga-centro-actividades-rehace-calendario-eventos\\\/#article\",\"isPartOf\":{\"@id\":\"https:\\\/\\\/www.lafarga.com\\\/corporatiu\\\/farga-centro-actividades-rehace-calendario-eventos\\\/\"},\"author\":{\"name\":\"\u00d2scar Milla\",\"@id\":\"https:\\\/\\\/www.lafarga.com\\\/corporatiu\\\/#\\\/schema\\\/person\\\/70d96fe17d0da1a9c9e80d232bdbcf33\"},\"headline\":\"La Farga Centro de Actividades rehace su calendario de eventos\",\"datePublished\":\"2020-10-23T12:06:53+00:00\",\"dateModified\":\"2020-11-05T07:41:13+00:00\",\"mainEntityOfPage\":{\"@id\":\"https:\\\/\\\/www.lafarga.com\\\/corporatiu\\\/farga-centro-actividades-rehace-calendario-eventos\\\/\"},\"wordCount\":564,\"publisher\":{\"@id\":\"https:\\\/\\\/www.lafarga.com\\\/corporatiu\\\/#organization\"},\"image\":{\"@id\":\"https:\\\/\\\/www.lafarga.com\\\/corporatiu\\\/farga-centro-actividades-rehace-calendario-eventos\\\/#primaryimage\"},\"thumbnailUrl\":\"https:\\\/\\\/www.lafarga.com\\\/corporatiu\\\/wp-content\\\/uploads\\\/2020\\\/10\\\/edifici-farga-activitats.jpg\",\"articleSection\":[\"Centro de Actividades\"],\"inLanguage\":\"ca\"},{\"@type\":\"WebPage\",\"@id\":\"https:\\\/\\\/www.lafarga.com\\\/corporatiu\\\/farga-centro-actividades-rehace-calendario-eventos\\\/\",\"url\":\"https:\\\/\\\/www.lafarga.com\\\/corporatiu\\\/farga-centro-actividades-rehace-calendario-eventos\\\/\",\"name\":\"La Farga Centro de Actividades rehace su calendario de eventos - La Farga Gesti\u00f3n de Equipamientos Municipales, S.A.\",\"isPartOf\":{\"@id\":\"https:\\\/\\\/www.lafarga.com\\\/corporatiu\\\/#website\"},\"primaryImageOfPage\":{\"@id\":\"https:\\\/\\\/www.lafarga.com\\\/corporatiu\\\/farga-centro-actividades-rehace-calendario-eventos\\\/#primaryimage\"},\"image\":{\"@id\":\"https:\\\/\\\/www.lafarga.com\\\/corporatiu\\\/farga-centro-actividades-rehace-calendario-eventos\\\/#primaryimage\"},\"thumbnailUrl\":\"https:\\\/\\\/www.lafarga.com\\\/corporatiu\\\/wp-content\\\/uploads\\\/2020\\\/10\\\/edifici-farga-activitats.jpg\",\"datePublished\":\"2020-10-23T12:06:53+00:00\",\"dateModified\":\"2020-11-05T07:41:13+00:00\",\"description\":\"La Farga Centro de Actividades sigue trabajando para rehacer el\u00a0calendario de eventos debido a la pandemia sanitaria que atravesamos.\",\"breadcrumb\":{\"@id\":\"https:\\\/\\\/www.lafarga.com\\\/corporatiu\\\/farga-centro-actividades-rehace-calendario-eventos\\\/#breadcrumb\"},\"inLanguage\":\"ca\",\"potentialAction\":[{\"@type\":\"ReadAction\",\"target\":[\"https:\\\/\\\/www.lafarga.com\\\/corporatiu\\\/farga-centro-actividades-rehace-calendario-eventos\\\/\"]}]},{\"@type\":\"ImageObject\",\"inLanguage\":\"ca\",\"@id\":\"https:\\\/\\\/www.lafarga.com\\\/corporatiu\\\/farga-centro-actividades-rehace-calendario-eventos\\\/#primaryimage\",\"url\":\"https:\\\/\\\/www.lafarga.com\\\/corporatiu\\\/wp-content\\\/uploads\\\/2020\\\/10\\\/edifici-farga-activitats.jpg\",\"contentUrl\":\"https:\\\/\\\/www.lafarga.com\\\/corporatiu\\\/wp-content\\\/uploads\\\/2020\\\/10\\\/edifici-farga-activitats.jpg\",\"width\":730,\"height\":410,\"caption\":\"Farga Calendari Calendario\"},{\"@type\":\"BreadcrumbList\",\"@id\":\"https:\\\/\\\/www.lafarga.com\\\/corporatiu\\\/farga-centro-actividades-rehace-calendario-eventos\\\/#breadcrumb\",\"itemListElement\":[{\"@type\":\"ListItem\",\"position\":1,\"name\":\"Home\",\"item\":\"https:\\\/\\\/www.lafarga.com\\\/corporatiu\\\/lafarga-hospitalet-llobregat\\\/\"},{\"@type\":\"ListItem\",\"position\":2,\"name\":\"La Farga Centro de Actividades rehace su calendario de eventos\"}]},{\"@type\":\"WebSite\",\"@id\":\"https:\\\/\\\/www.lafarga.com\\\/corporatiu\\\/#website\",\"url\":\"https:\\\/\\\/www.lafarga.com\\\/corporatiu\\\/\",\"name\":\"La Farga Gesti\u00f3 d&#039;Equipaments Municipals, SA\",\"description\":\"\",\"publisher\":{\"@id\":\"https:\\\/\\\/www.lafarga.com\\\/corporatiu\\\/#organization\"},\"potentialAction\":[{\"@type\":\"SearchAction\",\"target\":{\"@type\":\"EntryPoint\",\"urlTemplate\":\"https:\\\/\\\/www.lafarga.com\\\/corporatiu\\\/?s={search_term_string}\"},\"query-input\":{\"@type\":\"PropertyValueSpecification\",\"valueRequired\":true,\"valueName\":\"search_term_string\"}}],\"inLanguage\":\"ca\"},{\"@type\":\"Organization\",\"@id\":\"https:\\\/\\\/www.lafarga.com\\\/corporatiu\\\/#organization\",\"name\":\"La Farga Gesti\u00f3 d&#039;Equipaments Municipals, SA\",\"url\":\"https:\\\/\\\/www.lafarga.com\\\/corporatiu\\\/\",\"logo\":{\"@type\":\"ImageObject\",\"inLanguage\":\"ca\",\"@id\":\"https:\\\/\\\/www.lafarga.com\\\/corporatiu\\\/#\\\/schema\\\/logo\\\/image\\\/\",\"url\":\"https:\\\/\\\/www.lafarga.com\\\/corporatiu\\\/wp-content\\\/uploads\\\/2023\\\/11\\\/logotipo_lafarga_gemsa.svg\",\"contentUrl\":\"https:\\\/\\\/www.lafarga.com\\\/corporatiu\\\/wp-content\\\/uploads\\\/2023\\\/11\\\/logotipo_lafarga_gemsa.svg\",\"width\":102,\"height\":103,\"caption\":\"La Farga Gesti\u00f3 d&#039;Equipaments Municipals, SA\"},\"image\":{\"@id\":\"https:\\\/\\\/www.lafarga.com\\\/corporatiu\\\/#\\\/schema\\\/logo\\\/image\\\/\"}},{\"@type\":\"Person\",\"@id\":\"https:\\\/\\\/www.lafarga.com\\\/corporatiu\\\/#\\\/schema\\\/person\\\/70d96fe17d0da1a9c9e80d232bdbcf33\",\"name\":\"\u00d2scar Milla\",\"image\":{\"@type\":\"ImageObject\",\"inLanguage\":\"ca\",\"@id\":\"https:\\\/\\\/secure.gravatar.com\\\/avatar\\\/92e75d184f9d5e0e403bd4ad075b080ad258344ddc259adddb579f6a3ba6494f?s=96&d=mm&r=g\",\"url\":\"https:\\\/\\\/secure.gravatar.com\\\/avatar\\\/92e75d184f9d5e0e403bd4ad075b080ad258344ddc259adddb579f6a3ba6494f?s=96&d=mm&r=g\",\"contentUrl\":\"https:\\\/\\\/secure.gravatar.com\\\/avatar\\\/92e75d184f9d5e0e403bd4ad075b080ad258344ddc259adddb579f6a3ba6494f?s=96&d=mm&r=g\",\"caption\":\"\u00d2scar Milla\"},\"url\":\"https:\\\/\\\/www.lafarga.com\\\/corporatiu\\\/author\\\/omilla\\\/\"}]}<\/script>\n<!-- \/ Yoast SEO plugin. -->","yoast_head_json":{"title":"La Farga Centro de Actividades rehace su calendario de eventos - La Farga Gesti\u00f3n de Equipamientos Municipales, S.A.","description":"La Farga Centro de Actividades sigue trabajando para rehacer el\u00a0calendario de eventos debido a la pandemia sanitaria que atravesamos.","robots":{"index":"index","follow":"follow","max-snippet":"max-snippet:-1","max-image-preview":"max-image-preview:large","max-video-preview":"max-video-preview:-1"},"canonical":"https:\/\/www.lafarga.com\/corporatiu\/farga-centro-actividades-rehace-calendario-eventos\/","og_locale":"ca_ES","og_type":"article","og_title":"La Farga Centro de Actividades rehace su calendario de eventos - La Farga Gesti\u00f3n de Equipamientos Municipales, S.A.","og_description":"La Farga Centro de Actividades sigue trabajando para rehacer el\u00a0calendario de eventos debido a la pandemia sanitaria que atravesamos.","og_url":"https:\/\/www.lafarga.com\/corporatiu\/farga-centro-actividades-rehace-calendario-eventos\/","og_site_name":"La Farga Gesti\u00f3n de Equipamientos Municipales, S.A.","article_published_time":"2020-10-23T12:06:53+00:00","article_modified_time":"2020-11-05T07:41:13+00:00","og_image":[{"width":730,"height":410,"url":"https:\/\/www.lafarga.com\/corporatiu\/wp-content\/uploads\/2020\/10\/edifici-farga-activitats.jpg","type":"image\/jpeg"}],"author":"\u00d2scar Milla","twitter_misc":{"Escrit per":"\u00d2scar Milla","Temps estimat de lectura":"3 minuts"},"schema":{"@context":"https:\/\/schema.org","@graph":[{"@type":"Article","@id":"https:\/\/www.lafarga.com\/corporatiu\/farga-centro-actividades-rehace-calendario-eventos\/#article","isPartOf":{"@id":"https:\/\/www.lafarga.com\/corporatiu\/farga-centro-actividades-rehace-calendario-eventos\/"},"author":{"name":"\u00d2scar Milla","@id":"https:\/\/www.lafarga.com\/corporatiu\/#\/schema\/person\/70d96fe17d0da1a9c9e80d232bdbcf33"},"headline":"La Farga Centro de Actividades rehace su calendario de eventos","datePublished":"2020-10-23T12:06:53+00:00","dateModified":"2020-11-05T07:41:13+00:00","mainEntityOfPage":{"@id":"https:\/\/www.lafarga.com\/corporatiu\/farga-centro-actividades-rehace-calendario-eventos\/"},"wordCount":564,"publisher":{"@id":"https:\/\/www.lafarga.com\/corporatiu\/#organization"},"image":{"@id":"https:\/\/www.lafarga.com\/corporatiu\/farga-centro-actividades-rehace-calendario-eventos\/#primaryimage"},"thumbnailUrl":"https:\/\/www.lafarga.com\/corporatiu\/wp-content\/uploads\/2020\/10\/edifici-farga-activitats.jpg","articleSection":["Centro de Actividades"],"inLanguage":"ca"},{"@type":"WebPage","@id":"https:\/\/www.lafarga.com\/corporatiu\/farga-centro-actividades-rehace-calendario-eventos\/","url":"https:\/\/www.lafarga.com\/corporatiu\/farga-centro-actividades-rehace-calendario-eventos\/","name":"La Farga Centro de Actividades rehace su calendario de eventos - La Farga Gesti\u00f3n de Equipamientos Municipales, S.A.","isPartOf":{"@id":"https:\/\/www.lafarga.com\/corporatiu\/#website"},"primaryImageOfPage":{"@id":"https:\/\/www.lafarga.com\/corporatiu\/farga-centro-actividades-rehace-calendario-eventos\/#primaryimage"},"image":{"@id":"https:\/\/www.lafarga.com\/corporatiu\/farga-centro-actividades-rehace-calendario-eventos\/#primaryimage"},"thumbnailUrl":"https:\/\/www.lafarga.com\/corporatiu\/wp-content\/uploads\/2020\/10\/edifici-farga-activitats.jpg","datePublished":"2020-10-23T12:06:53+00:00","dateModified":"2020-11-05T07:41:13+00:00","description":"La Farga Centro de Actividades sigue trabajando para rehacer el\u00a0calendario de eventos debido a la pandemia sanitaria que atravesamos.","breadcrumb":{"@id":"https:\/\/www.lafarga.com\/corporatiu\/farga-centro-actividades-rehace-calendario-eventos\/#breadcrumb"},"inLanguage":"ca","potentialAction":[{"@type":"ReadAction","target":["https:\/\/www.lafarga.com\/corporatiu\/farga-centro-actividades-rehace-calendario-eventos\/"]}]},{"@type":"ImageObject","inLanguage":"ca","@id":"https:\/\/www.lafarga.com\/corporatiu\/farga-centro-actividades-rehace-calendario-eventos\/#primaryimage","url":"https:\/\/www.lafarga.com\/corporatiu\/wp-content\/uploads\/2020\/10\/edifici-farga-activitats.jpg","contentUrl":"https:\/\/www.lafarga.com\/corporatiu\/wp-content\/uploads\/2020\/10\/edifici-farga-activitats.jpg","width":730,"height":410,"caption":"Farga Calendari Calendario"},{"@type":"BreadcrumbList","@id":"https:\/\/www.lafarga.com\/corporatiu\/farga-centro-actividades-rehace-calendario-eventos\/#breadcrumb","itemListElement":[{"@type":"ListItem","position":1,"name":"Home","item":"https:\/\/www.lafarga.com\/corporatiu\/lafarga-hospitalet-llobregat\/"},{"@type":"ListItem","position":2,"name":"La Farga Centro de Actividades rehace su calendario de eventos"}]},{"@type":"WebSite","@id":"https:\/\/www.lafarga.com\/corporatiu\/#website","url":"https:\/\/www.lafarga.com\/corporatiu\/","name":"La Farga Gesti\u00f3 d&#039;Equipaments Municipals, SA","description":"","publisher":{"@id":"https:\/\/www.lafarga.com\/corporatiu\/#organization"},"potentialAction":[{"@type":"SearchAction","target":{"@type":"EntryPoint","urlTemplate":"https:\/\/www.lafarga.com\/corporatiu\/?s={search_term_string}"},"query-input":{"@type":"PropertyValueSpecification","valueRequired":true,"valueName":"search_term_string"}}],"inLanguage":"ca"},{"@type":"Organization","@id":"https:\/\/www.lafarga.com\/corporatiu\/#organization","name":"La Farga Gesti\u00f3 d&#039;Equipaments Municipals, SA","url":"https:\/\/www.lafarga.com\/corporatiu\/","logo":{"@type":"ImageObject","inLanguage":"ca","@id":"https:\/\/www.lafarga.com\/corporatiu\/#\/schema\/logo\/image\/","url":"https:\/\/www.lafarga.com\/corporatiu\/wp-content\/uploads\/2023\/11\/logotipo_lafarga_gemsa.svg","contentUrl":"https:\/\/www.lafarga.com\/corporatiu\/wp-content\/uploads\/2023\/11\/logotipo_lafarga_gemsa.svg","width":102,"height":103,"caption":"La Farga Gesti\u00f3 d&#039;Equipaments Municipals, SA"},"image":{"@id":"https:\/\/www.lafarga.com\/corporatiu\/#\/schema\/logo\/image\/"}},{"@type":"Person","@id":"https:\/\/www.lafarga.com\/corporatiu\/#\/schema\/person\/70d96fe17d0da1a9c9e80d232bdbcf33","name":"\u00d2scar Milla","image":{"@type":"ImageObject","inLanguage":"ca","@id":"https:\/\/secure.gravatar.com\/avatar\/92e75d184f9d5e0e403bd4ad075b080ad258344ddc259adddb579f6a3ba6494f?s=96&d=mm&r=g","url":"https:\/\/secure.gravatar.com\/avatar\/92e75d184f9d5e0e403bd4ad075b080ad258344ddc259adddb579f6a3ba6494f?s=96&d=mm&r=g","contentUrl":"https:\/\/secure.gravatar.com\/avatar\/92e75d184f9d5e0e403bd4ad075b080ad258344ddc259adddb579f6a3ba6494f?s=96&d=mm&r=g","caption":"\u00d2scar Milla"},"url":"https:\/\/www.lafarga.com\/corporatiu\/author\/omilla\/"}]}},"uagb_featured_image_src":{"full":["https:\/\/www.lafarga.com\/corporatiu\/wp-content\/uploads\/2020\/10\/edifici-farga-activitats.jpg",730,410,false],"thumbnail":["https:\/\/www.lafarga.com\/corporatiu\/wp-content\/uploads\/2020\/10\/edifici-farga-activitats-150x150.jpg",150,150,true],"medium":["https:\/\/www.lafarga.com\/corporatiu\/wp-content\/uploads\/2020\/10\/edifici-farga-activitats-300x168.jpg",300,168,true],"medium_large":["https:\/\/www.lafarga.com\/corporatiu\/wp-content\/uploads\/2020\/10\/edifici-farga-activitats.jpg",730,410,false],"large":["https:\/\/www.lafarga.com\/corporatiu\/wp-content\/uploads\/2020\/10\/edifici-farga-activitats.jpg",730,410,false],"1536x1536":["https:\/\/www.lafarga.com\/corporatiu\/wp-content\/uploads\/2020\/10\/edifici-farga-activitats.jpg",730,410,false],"2048x2048":["https:\/\/www.lafarga.com\/corporatiu\/wp-content\/uploads\/2020\/10\/edifici-farga-activitats.jpg",730,410,false],"mailpoet_newsletter_max":["https:\/\/www.lafarga.com\/corporatiu\/wp-content\/uploads\/2020\/10\/edifici-farga-activitats.jpg",730,410,false]},"uagb_author_info":{"display_name":"\u00d2scar Milla","author_link":"https:\/\/www.lafarga.com\/corporatiu\/author\/omilla\/"},"uagb_comment_info":0,"uagb_excerpt":"La Farga Centro de Actividades sigue trabajando para rehacer el\u00a0calendario de eventos debido a la pandemia sanitaria que atravesamos.","_links":{"self":[{"href":"https:\/\/www.lafarga.com\/corporatiu\/wp-json\/wp\/v2\/posts\/15021","targetHints":{"allow":["GET"]}}],"collection":[{"href":"https:\/\/www.lafarga.com\/corporatiu\/wp-json\/wp\/v2\/posts"}],"about":[{"href":"https:\/\/www.lafarga.com\/corporatiu\/wp-json\/wp\/v2\/types\/post"}],"author":[{"embeddable":true,"href":"https:\/\/www.lafarga.com\/corporatiu\/wp-json\/wp\/v2\/users\/5"}],"replies":[{"embeddable":true,"href":"https:\/\/www.lafarga.com\/corporatiu\/wp-json\/wp\/v2\/comments?post=15021"}],"version-history":[{"count":9,"href":"https:\/\/www.lafarga.com\/corporatiu\/wp-json\/wp\/v2\/posts\/15021\/revisions"}],"predecessor-version":[{"id":15069,"href":"https:\/\/www.lafarga.com\/corporatiu\/wp-json\/wp\/v2\/posts\/15021\/revisions\/15069"}],"wp:featuredmedia":[{"embeddable":true,"href":"https:\/\/www.lafarga.com\/corporatiu\/wp-json\/wp\/v2\/media\/15019"}],"wp:attachment":[{"href":"https:\/\/www.lafarga.com\/corporatiu\/wp-json\/wp\/v2\/media?parent=15021"}],"wp:term":[{"taxonomy":"category","embeddable":true,"href":"https:\/\/www.lafarga.com\/corporatiu\/wp-json\/wp\/v2\/categories?post=15021"},{"taxonomy":"post_tag","embeddable":true,"href":"https:\/\/www.lafarga.com\/corporatiu\/wp-json\/wp\/v2\/tags?post=15021"}],"curies":[{"name":"wp","href":"https:\/\/api.w.org\/{rel}","templated":true}]}}