{"id":15018,"date":"2020-10-23T12:03:06","date_gmt":"2020-10-23T12:03:06","guid":{"rendered":"http:\/\/www.lafarga.com\/corporatiu\/?p=15018"},"modified":"2020-11-05T07:38:38","modified_gmt":"2020-11-05T07:38:38","slug":"farga-centre-activitats-refa-calendari-esdeveniments","status":"publish","type":"post","link":"https:\/\/www.lafarga.com\/corporatiu\/farga-centre-activitats-refa-calendari-esdeveniments\/","title":{"rendered":"La Farga Centre d&#8217;Activitats ref\u00e0 el seu calendari d&#8217;esdeveniments"},"content":{"rendered":"<h5 class=\"post-title entry-title\">Conjuntament amb els promotors i organitzadors d\u2019esdeveniments<\/h5>\n<div class=\"entry-content\">\n<p>La Farga Centre d\u2019Activitats segueix treballant per refer el <a href=\"http:\/\/www.lafargalhospitalet.com\/agenda-cat\/\" target=\"_blank\" rel=\"noopener noreferrer\"><strong>calendari d\u2019esdeveniments<\/strong><\/a>\u00a0a causa de la pand\u00e8mia sanit\u00e0ria que travessem. Tenint en compte les mesures higienicosanit\u00e0ries que s\u2019han d\u2019adoptar, segons els diferents decrets de les autoritats competents, La Farga segueix en contacte amb tots els seus clients habituals, i tamb\u00e9 de nous, per poder celebrar i adaptar tots els salons, congressos i esdeveniments previstos, i que es van veure afectats per l\u2019estat d\u2019alarma.<\/p>\n<p>Des de La Farga Centre d\u2019Activitats es treballa conjuntament amb els promotors, organitzadors i prove\u00efdors d\u2019esdeveniments per ajustar la seva activitat a la nova situaci\u00f3, i amb el comprom\u00eds, com agents actius dins del sector firal, congressual i d\u2019esdeveniments, per a la superaci\u00f3 d\u2019aquesta etapa d\u2019incertesa.<\/p>\n<h5>Noves dates d\u2019esdeveniments<\/h5>\n<p>Els salons\u00a0<a href=\"https:\/\/barcelonabeerfestival.com\/\" target=\"_blank\" rel=\"noopener noreferrer\"><strong>Barcelona Beer Festival<\/strong><\/a>,\u00a0<a href=\"https:\/\/expoterraria.es\/barcelona\" target=\"_blank\" rel=\"noopener noreferrer\"><strong>Expoterraria<\/strong><\/a>,\u00a0<a href=\"https:\/\/magicinternacional.com\/\" target=\"_blank\" rel=\"noopener noreferrer\"><strong>Magic Internacional<\/strong><\/a>, <strong><a href=\"https:\/\/exposolidos.com\/\" target=\"_blank\" rel=\"noopener noreferrer\">Expos\u00f3lidos<\/a>, <a href=\"https:\/\/polusolidos.com\/\" target=\"_blank\" rel=\"noopener noreferrer\">Polus\u00f3lidos<\/a> i <a href=\"http:\/\/expofluidos.com\/\" target=\"_blank\" rel=\"noopener noreferrer\">Expofluidos<\/a><\/strong>; el\u00a0<a href=\"https:\/\/www.cidui.org\/\" target=\"_blank\" rel=\"noopener noreferrer\"><strong>Congr\u00e9s CIDUI (Congr\u00e9s Internacional de Doc\u00e8ncia Universit\u00e0ria i Innovaci\u00f3)<\/strong><\/a>,\u00a0<a href=\"https:\/\/www.eventosmotor.com\/eventos\/2020\/retromotor-barcelona-2\/\" target=\"_blank\" rel=\"noopener noreferrer\"><strong>RetroMotor<\/strong><\/a>\u00a0i la prova esportiva\u00a0<a href=\"https:\/\/www.wod.run\/\" target=\"_blank\" rel=\"noopener noreferrer\"><strong>WodRun<\/strong><\/a> ja tenen noves dates a l&#8217;agenda, de 2021 i 2022, que es poden consultar al portal web.<\/p>\n<p>A m\u00e9s, tamb\u00e9 es treballa amb noves propostes de fires, salons i congressos. Els sectors econ\u00f2mics per als quals es treballa mereixen tota l&#8217;atenci\u00f3 de forma cont\u00ednua per fer realitat les seves necessitats i seguint creant noves propostes al calendari firal catal\u00e0. En definitiva, dinamitzar activitat per reprendre el pols econ\u00f2mic.<\/p>\n<p>La Farga Centre d&#8217;Activitats \u00e9s conscient dels temps complexos en els qu\u00e8 vivim, per\u00f2 t\u00e9 present que ha de seguir sent un punt de refer\u00e8ncia d\u2019esdeveniments presencials, sense oblidar la possibilitat de poder oferir les instal\u00b7lacions per realitzacions virtuals. En aquest 2020, s\u2019han vist cancel\u00b7lats salons cl\u00e0ssics i referents a La Farga de L&#8217;Hospitalet com Creativa per\u00f2 alhora s&#8217;han recuperat dates per als ex\u00e0mens que fa el Departament de Territori, destinats al sector del transport, i les proves de selecci\u00f3 de personal de l\u2019Ajuntament de L\u2019Hospitalet.<\/p>\n<p>Durant aquest temps de pand\u00e8mia, s&#8217;ha pogut celebrar, amb totes les mesures de seguretat sanit\u00e0ria corresponents, la jornada de votaci\u00f3 de les Eleccions Generals de Bol\u00edvia, les Presidencials de la Rep\u00fablica Dominicana; i el Consell de Ciutat.<\/p>\n<h5>Atenci\u00f3 permanent<\/h5>\n<p>Existeix la possibilitat, gr\u00e0cies a ser un recinte multidisciplinar, de poder adaptar i acomodar qualsevol esdeveniment pel que fa a l\u2019ocupaci\u00f3 de metres quadrats, aforament i format que pot ser presencial, virtual o un h\u00edbrid.<\/p>\n<p>Tots els prove\u00efdors, clients, organitzadors i promotors d\u2019esdeveniments poden seguir contactant amb l\u2019equip de <a href=\"https:\/\/www.lafarga.com\/corporatiu\/centre-activitats-hospitalet-la-farga\/\" target=\"_blank\" rel=\"noopener noreferrer\"><strong>La Farga Centre d\u2019Activitats<\/strong><\/a> via correu electr\u00f2nic: centreactivitats@lafarga.com; o per tel\u00e8fon al 93 261 52 00. Tamb\u00e9 es poden fer consultes a trav\u00e9s del formulari de contacte del portal web <a href=\"http:\/\/www.lafargalhospitalet.com\/\" target=\"_blank\" rel=\"noopener noreferrer\"><strong>www.lafargalhospitalet.com<\/strong><\/a> i xarxes socials. Una vegada iniciada l\u2019acci\u00f3 comercial, es pot programar, en cas necessari, una visita t\u00e8cnica a les instal\u00b7lacions, amb cita pr\u00e8via.<\/p>\n<p>Volem donar el nostre sincer suport a tots els afectats per la pand\u00e8mia i el nostre m\u00e9s sincer agra\u00efment al personal sanitari, professionals p\u00fablics i serveis essencials que estan al capdavant d\u2019aquest escenari complex i incert. Tamb\u00e9 fem una crida a tota la ciutadania a seguir les recomanacions i mesures higienicosanit\u00e0ries.<\/p>\n<\/div>\n","protected":false},"excerpt":{"rendered":"<p>La Farga Centre d\u2019Activitats segueix treballant per refer el calendari d\u2019esdeveniments\u00a0a causa de la pand\u00e8mia sanit\u00e0ria que travessem.<\/p>\n","protected":false},"author":5,"featured_media":15019,"comment_status":"closed","ping_status":"closed","sticky":false,"template":"","format":"standard","meta":{"inline_featured_image":false,"_uag_custom_page_level_css":"","_monsterinsights_skip_tracking":false,"_monsterinsights_sitenote_active":false,"_monsterinsights_sitenote_note":"","_monsterinsights_sitenote_category":0,"site-sidebar-layout":"default","site-content-layout":"","ast-site-content-layout":"default","site-content-style":"default","site-sidebar-style":"default","ast-global-header-display":"","ast-banner-title-visibility":"","ast-main-header-display":"","ast-hfb-above-header-display":"","ast-hfb-below-header-display":"","ast-hfb-mobile-header-display":"","site-post-title":"","ast-breadcrumbs-content":"","ast-featured-img":"","footer-sml-layout":"","ast-disable-related-posts":"","theme-transparent-header-meta":"","adv-header-id-meta":"","stick-header-meta":"","header-above-stick-meta":"","header-main-stick-meta":"","header-below-stick-meta":"","astra-migrate-meta-layouts":"default","ast-page-background-enabled":"default","ast-page-background-meta":{"desktop":{"background-color":"var(--ast-global-color-4)","background-image":"","background-repeat":"repeat","background-position":"center center","background-size":"auto","background-attachment":"scroll","background-type":"","background-media":"","overlay-type":"","overlay-color":"","overlay-opacity":"","overlay-gradient":""},"tablet":{"background-color":"","background-image":"","background-repeat":"repeat","background-position":"center center","background-size":"auto","background-attachment":"scroll","background-type":"","background-media":"","overlay-type":"","overlay-color":"","overlay-opacity":"","overlay-gradient":""},"mobile":{"background-color":"","background-image":"","background-repeat":"repeat","background-position":"center center","background-size":"auto","background-attachment":"scroll","background-type":"","background-media":"","overlay-type":"","overlay-color":"","overlay-opacity":"","overlay-gradient":""}},"ast-content-background-meta":{"desktop":{"background-color":"var(--ast-global-color-5)","background-image":"","background-repeat":"repeat","background-position":"center center","background-size":"auto","background-attachment":"scroll","background-type":"","background-media":"","overlay-type":"","overlay-color":"","overlay-opacity":"","overlay-gradient":""},"tablet":{"background-color":"var(--ast-global-color-5)","background-image":"","background-repeat":"repeat","background-position":"center center","background-size":"auto","background-attachment":"scroll","background-type":"","background-media":"","overlay-type":"","overlay-color":"","overlay-opacity":"","overlay-gradient":""},"mobile":{"background-color":"var(--ast-global-color-5)","background-image":"","background-repeat":"repeat","background-position":"center center","background-size":"auto","background-attachment":"scroll","background-type":"","background-media":"","overlay-type":"","overlay-color":"","overlay-opacity":"","overlay-gradient":""}},"footnotes":""},"categories":[49],"tags":[],"class_list":["post-15018","post","type-post","status-publish","format-standard","has-post-thumbnail","hentry","category-centre-activitats"],"yoast_head":"<!-- This site is optimized with the Yoast SEO plugin v27.4 - https:\/\/yoast.com\/product\/yoast-seo-wordpress\/ -->\n<title>La Farga Centre d&#039;Activitats ref\u00e0 el seu calendari d&#039;esdeveniments - La Farga Gesti\u00f3n de Equipamientos Municipales, S.A.<\/title>\n<meta name=\"description\" content=\"La Farga Centre d\u2019Activitats segueix treballant per refer el calendari d\u2019esdeveniments\u00a0a causa de la pand\u00e8mia sanit\u00e0ria.\" \/>\n<meta name=\"robots\" content=\"index, follow, max-snippet:-1, max-image-preview:large, max-video-preview:-1\" \/>\n<link rel=\"canonical\" href=\"https:\/\/www.lafarga.com\/corporatiu\/farga-centre-activitats-refa-calendari-esdeveniments\/\" \/>\n<meta property=\"og:locale\" content=\"ca_ES\" \/>\n<meta property=\"og:type\" content=\"article\" \/>\n<meta property=\"og:title\" content=\"La Farga Centre d&#039;Activitats ref\u00e0 el seu calendari d&#039;esdeveniments - La Farga Gesti\u00f3n de Equipamientos Municipales, S.A.\" \/>\n<meta property=\"og:description\" content=\"La Farga Centre d\u2019Activitats segueix treballant per refer el calendari d\u2019esdeveniments\u00a0a causa de la pand\u00e8mia sanit\u00e0ria.\" \/>\n<meta property=\"og:url\" content=\"https:\/\/www.lafarga.com\/corporatiu\/farga-centre-activitats-refa-calendari-esdeveniments\/\" \/>\n<meta property=\"og:site_name\" content=\"La Farga Gesti\u00f3n de Equipamientos Municipales, S.A.\" \/>\n<meta property=\"article:published_time\" content=\"2020-10-23T12:03:06+00:00\" \/>\n<meta property=\"article:modified_time\" content=\"2020-11-05T07:38:38+00:00\" \/>\n<meta property=\"og:image\" content=\"https:\/\/www.lafarga.com\/corporatiu\/wp-content\/uploads\/2020\/10\/edifici-farga-activitats.jpg\" \/>\n\t<meta property=\"og:image:width\" content=\"730\" \/>\n\t<meta property=\"og:image:height\" content=\"410\" \/>\n\t<meta property=\"og:image:type\" content=\"image\/jpeg\" \/>\n<meta name=\"author\" content=\"\u00d2scar Milla\" \/>\n<meta name=\"twitter:label1\" content=\"Escrit per\" \/>\n\t<meta name=\"twitter:data1\" content=\"\u00d2scar Milla\" \/>\n\t<meta name=\"twitter:label2\" content=\"Temps estimat de lectura\" \/>\n\t<meta name=\"twitter:data2\" content=\"3 minuts\" \/>\n<script type=\"application\/ld+json\" class=\"yoast-schema-graph\">{\"@context\":\"https:\\\/\\\/schema.org\",\"@graph\":[{\"@type\":\"Article\",\"@id\":\"https:\\\/\\\/www.lafarga.com\\\/corporatiu\\\/farga-centre-activitats-refa-calendari-esdeveniments\\\/#article\",\"isPartOf\":{\"@id\":\"https:\\\/\\\/www.lafarga.com\\\/corporatiu\\\/farga-centre-activitats-refa-calendari-esdeveniments\\\/\"},\"author\":{\"name\":\"\u00d2scar Milla\",\"@id\":\"https:\\\/\\\/www.lafarga.com\\\/corporatiu\\\/#\\\/schema\\\/person\\\/70d96fe17d0da1a9c9e80d232bdbcf33\"},\"headline\":\"La Farga Centre d&#8217;Activitats ref\u00e0 el seu calendari d&#8217;esdeveniments\",\"datePublished\":\"2020-10-23T12:03:06+00:00\",\"dateModified\":\"2020-11-05T07:38:38+00:00\",\"mainEntityOfPage\":{\"@id\":\"https:\\\/\\\/www.lafarga.com\\\/corporatiu\\\/farga-centre-activitats-refa-calendari-esdeveniments\\\/\"},\"wordCount\":578,\"publisher\":{\"@id\":\"https:\\\/\\\/www.lafarga.com\\\/corporatiu\\\/#organization\"},\"image\":{\"@id\":\"https:\\\/\\\/www.lafarga.com\\\/corporatiu\\\/farga-centre-activitats-refa-calendari-esdeveniments\\\/#primaryimage\"},\"thumbnailUrl\":\"https:\\\/\\\/www.lafarga.com\\\/corporatiu\\\/wp-content\\\/uploads\\\/2020\\\/10\\\/edifici-farga-activitats.jpg\",\"articleSection\":[\"Centre d'Activitats\"],\"inLanguage\":\"ca\"},{\"@type\":\"WebPage\",\"@id\":\"https:\\\/\\\/www.lafarga.com\\\/corporatiu\\\/farga-centre-activitats-refa-calendari-esdeveniments\\\/\",\"url\":\"https:\\\/\\\/www.lafarga.com\\\/corporatiu\\\/farga-centre-activitats-refa-calendari-esdeveniments\\\/\",\"name\":\"La Farga Centre d'Activitats ref\u00e0 el seu calendari d'esdeveniments - La Farga Gesti\u00f3n de Equipamientos Municipales, S.A.\",\"isPartOf\":{\"@id\":\"https:\\\/\\\/www.lafarga.com\\\/corporatiu\\\/#website\"},\"primaryImageOfPage\":{\"@id\":\"https:\\\/\\\/www.lafarga.com\\\/corporatiu\\\/farga-centre-activitats-refa-calendari-esdeveniments\\\/#primaryimage\"},\"image\":{\"@id\":\"https:\\\/\\\/www.lafarga.com\\\/corporatiu\\\/farga-centre-activitats-refa-calendari-esdeveniments\\\/#primaryimage\"},\"thumbnailUrl\":\"https:\\\/\\\/www.lafarga.com\\\/corporatiu\\\/wp-content\\\/uploads\\\/2020\\\/10\\\/edifici-farga-activitats.jpg\",\"datePublished\":\"2020-10-23T12:03:06+00:00\",\"dateModified\":\"2020-11-05T07:38:38+00:00\",\"description\":\"La Farga Centre d\u2019Activitats segueix treballant per refer el calendari d\u2019esdeveniments\u00a0a causa de la pand\u00e8mia sanit\u00e0ria.\",\"breadcrumb\":{\"@id\":\"https:\\\/\\\/www.lafarga.com\\\/corporatiu\\\/farga-centre-activitats-refa-calendari-esdeveniments\\\/#breadcrumb\"},\"inLanguage\":\"ca\",\"potentialAction\":[{\"@type\":\"ReadAction\",\"target\":[\"https:\\\/\\\/www.lafarga.com\\\/corporatiu\\\/farga-centre-activitats-refa-calendari-esdeveniments\\\/\"]}]},{\"@type\":\"ImageObject\",\"inLanguage\":\"ca\",\"@id\":\"https:\\\/\\\/www.lafarga.com\\\/corporatiu\\\/farga-centre-activitats-refa-calendari-esdeveniments\\\/#primaryimage\",\"url\":\"https:\\\/\\\/www.lafarga.com\\\/corporatiu\\\/wp-content\\\/uploads\\\/2020\\\/10\\\/edifici-farga-activitats.jpg\",\"contentUrl\":\"https:\\\/\\\/www.lafarga.com\\\/corporatiu\\\/wp-content\\\/uploads\\\/2020\\\/10\\\/edifici-farga-activitats.jpg\",\"width\":730,\"height\":410,\"caption\":\"Farga Calendari Calendario\"},{\"@type\":\"BreadcrumbList\",\"@id\":\"https:\\\/\\\/www.lafarga.com\\\/corporatiu\\\/farga-centre-activitats-refa-calendari-esdeveniments\\\/#breadcrumb\",\"itemListElement\":[{\"@type\":\"ListItem\",\"position\":1,\"name\":\"Home\",\"item\":\"https:\\\/\\\/www.lafarga.com\\\/corporatiu\\\/lafarga-hospitalet-llobregat\\\/\"},{\"@type\":\"ListItem\",\"position\":2,\"name\":\"La Farga Centre d&#8217;Activitats ref\u00e0 el seu calendari d&#8217;esdeveniments\"}]},{\"@type\":\"WebSite\",\"@id\":\"https:\\\/\\\/www.lafarga.com\\\/corporatiu\\\/#website\",\"url\":\"https:\\\/\\\/www.lafarga.com\\\/corporatiu\\\/\",\"name\":\"La Farga Gesti\u00f3 d&#039;Equipaments Municipals, SA\",\"description\":\"\",\"publisher\":{\"@id\":\"https:\\\/\\\/www.lafarga.com\\\/corporatiu\\\/#organization\"},\"potentialAction\":[{\"@type\":\"SearchAction\",\"target\":{\"@type\":\"EntryPoint\",\"urlTemplate\":\"https:\\\/\\\/www.lafarga.com\\\/corporatiu\\\/?s={search_term_string}\"},\"query-input\":{\"@type\":\"PropertyValueSpecification\",\"valueRequired\":true,\"valueName\":\"search_term_string\"}}],\"inLanguage\":\"ca\"},{\"@type\":\"Organization\",\"@id\":\"https:\\\/\\\/www.lafarga.com\\\/corporatiu\\\/#organization\",\"name\":\"La Farga Gesti\u00f3 d&#039;Equipaments Municipals, SA\",\"url\":\"https:\\\/\\\/www.lafarga.com\\\/corporatiu\\\/\",\"logo\":{\"@type\":\"ImageObject\",\"inLanguage\":\"ca\",\"@id\":\"https:\\\/\\\/www.lafarga.com\\\/corporatiu\\\/#\\\/schema\\\/logo\\\/image\\\/\",\"url\":\"https:\\\/\\\/www.lafarga.com\\\/corporatiu\\\/wp-content\\\/uploads\\\/2023\\\/11\\\/logotipo_lafarga_gemsa.svg\",\"contentUrl\":\"https:\\\/\\\/www.lafarga.com\\\/corporatiu\\\/wp-content\\\/uploads\\\/2023\\\/11\\\/logotipo_lafarga_gemsa.svg\",\"width\":102,\"height\":103,\"caption\":\"La Farga Gesti\u00f3 d&#039;Equipaments Municipals, SA\"},\"image\":{\"@id\":\"https:\\\/\\\/www.lafarga.com\\\/corporatiu\\\/#\\\/schema\\\/logo\\\/image\\\/\"}},{\"@type\":\"Person\",\"@id\":\"https:\\\/\\\/www.lafarga.com\\\/corporatiu\\\/#\\\/schema\\\/person\\\/70d96fe17d0da1a9c9e80d232bdbcf33\",\"name\":\"\u00d2scar Milla\",\"image\":{\"@type\":\"ImageObject\",\"inLanguage\":\"ca\",\"@id\":\"https:\\\/\\\/secure.gravatar.com\\\/avatar\\\/92e75d184f9d5e0e403bd4ad075b080ad258344ddc259adddb579f6a3ba6494f?s=96&d=mm&r=g\",\"url\":\"https:\\\/\\\/secure.gravatar.com\\\/avatar\\\/92e75d184f9d5e0e403bd4ad075b080ad258344ddc259adddb579f6a3ba6494f?s=96&d=mm&r=g\",\"contentUrl\":\"https:\\\/\\\/secure.gravatar.com\\\/avatar\\\/92e75d184f9d5e0e403bd4ad075b080ad258344ddc259adddb579f6a3ba6494f?s=96&d=mm&r=g\",\"caption\":\"\u00d2scar Milla\"},\"url\":\"https:\\\/\\\/www.lafarga.com\\\/corporatiu\\\/author\\\/omilla\\\/\"}]}<\/script>\n<!-- \/ Yoast SEO plugin. -->","yoast_head_json":{"title":"La Farga Centre d'Activitats ref\u00e0 el seu calendari d'esdeveniments - La Farga Gesti\u00f3n de Equipamientos Municipales, S.A.","description":"La Farga Centre d\u2019Activitats segueix treballant per refer el calendari d\u2019esdeveniments\u00a0a causa de la pand\u00e8mia sanit\u00e0ria.","robots":{"index":"index","follow":"follow","max-snippet":"max-snippet:-1","max-image-preview":"max-image-preview:large","max-video-preview":"max-video-preview:-1"},"canonical":"https:\/\/www.lafarga.com\/corporatiu\/farga-centre-activitats-refa-calendari-esdeveniments\/","og_locale":"ca_ES","og_type":"article","og_title":"La Farga Centre d'Activitats ref\u00e0 el seu calendari d'esdeveniments - La Farga Gesti\u00f3n de Equipamientos Municipales, S.A.","og_description":"La Farga Centre d\u2019Activitats segueix treballant per refer el calendari d\u2019esdeveniments\u00a0a causa de la pand\u00e8mia sanit\u00e0ria.","og_url":"https:\/\/www.lafarga.com\/corporatiu\/farga-centre-activitats-refa-calendari-esdeveniments\/","og_site_name":"La Farga Gesti\u00f3n de Equipamientos Municipales, S.A.","article_published_time":"2020-10-23T12:03:06+00:00","article_modified_time":"2020-11-05T07:38:38+00:00","og_image":[{"width":730,"height":410,"url":"https:\/\/www.lafarga.com\/corporatiu\/wp-content\/uploads\/2020\/10\/edifici-farga-activitats.jpg","type":"image\/jpeg"}],"author":"\u00d2scar Milla","twitter_misc":{"Escrit per":"\u00d2scar Milla","Temps estimat de lectura":"3 minuts"},"schema":{"@context":"https:\/\/schema.org","@graph":[{"@type":"Article","@id":"https:\/\/www.lafarga.com\/corporatiu\/farga-centre-activitats-refa-calendari-esdeveniments\/#article","isPartOf":{"@id":"https:\/\/www.lafarga.com\/corporatiu\/farga-centre-activitats-refa-calendari-esdeveniments\/"},"author":{"name":"\u00d2scar Milla","@id":"https:\/\/www.lafarga.com\/corporatiu\/#\/schema\/person\/70d96fe17d0da1a9c9e80d232bdbcf33"},"headline":"La Farga Centre d&#8217;Activitats ref\u00e0 el seu calendari d&#8217;esdeveniments","datePublished":"2020-10-23T12:03:06+00:00","dateModified":"2020-11-05T07:38:38+00:00","mainEntityOfPage":{"@id":"https:\/\/www.lafarga.com\/corporatiu\/farga-centre-activitats-refa-calendari-esdeveniments\/"},"wordCount":578,"publisher":{"@id":"https:\/\/www.lafarga.com\/corporatiu\/#organization"},"image":{"@id":"https:\/\/www.lafarga.com\/corporatiu\/farga-centre-activitats-refa-calendari-esdeveniments\/#primaryimage"},"thumbnailUrl":"https:\/\/www.lafarga.com\/corporatiu\/wp-content\/uploads\/2020\/10\/edifici-farga-activitats.jpg","articleSection":["Centre d'Activitats"],"inLanguage":"ca"},{"@type":"WebPage","@id":"https:\/\/www.lafarga.com\/corporatiu\/farga-centre-activitats-refa-calendari-esdeveniments\/","url":"https:\/\/www.lafarga.com\/corporatiu\/farga-centre-activitats-refa-calendari-esdeveniments\/","name":"La Farga Centre d'Activitats ref\u00e0 el seu calendari d'esdeveniments - La Farga Gesti\u00f3n de Equipamientos Municipales, S.A.","isPartOf":{"@id":"https:\/\/www.lafarga.com\/corporatiu\/#website"},"primaryImageOfPage":{"@id":"https:\/\/www.lafarga.com\/corporatiu\/farga-centre-activitats-refa-calendari-esdeveniments\/#primaryimage"},"image":{"@id":"https:\/\/www.lafarga.com\/corporatiu\/farga-centre-activitats-refa-calendari-esdeveniments\/#primaryimage"},"thumbnailUrl":"https:\/\/www.lafarga.com\/corporatiu\/wp-content\/uploads\/2020\/10\/edifici-farga-activitats.jpg","datePublished":"2020-10-23T12:03:06+00:00","dateModified":"2020-11-05T07:38:38+00:00","description":"La Farga Centre d\u2019Activitats segueix treballant per refer el calendari d\u2019esdeveniments\u00a0a causa de la pand\u00e8mia sanit\u00e0ria.","breadcrumb":{"@id":"https:\/\/www.lafarga.com\/corporatiu\/farga-centre-activitats-refa-calendari-esdeveniments\/#breadcrumb"},"inLanguage":"ca","potentialAction":[{"@type":"ReadAction","target":["https:\/\/www.lafarga.com\/corporatiu\/farga-centre-activitats-refa-calendari-esdeveniments\/"]}]},{"@type":"ImageObject","inLanguage":"ca","@id":"https:\/\/www.lafarga.com\/corporatiu\/farga-centre-activitats-refa-calendari-esdeveniments\/#primaryimage","url":"https:\/\/www.lafarga.com\/corporatiu\/wp-content\/uploads\/2020\/10\/edifici-farga-activitats.jpg","contentUrl":"https:\/\/www.lafarga.com\/corporatiu\/wp-content\/uploads\/2020\/10\/edifici-farga-activitats.jpg","width":730,"height":410,"caption":"Farga Calendari Calendario"},{"@type":"BreadcrumbList","@id":"https:\/\/www.lafarga.com\/corporatiu\/farga-centre-activitats-refa-calendari-esdeveniments\/#breadcrumb","itemListElement":[{"@type":"ListItem","position":1,"name":"Home","item":"https:\/\/www.lafarga.com\/corporatiu\/lafarga-hospitalet-llobregat\/"},{"@type":"ListItem","position":2,"name":"La Farga Centre d&#8217;Activitats ref\u00e0 el seu calendari d&#8217;esdeveniments"}]},{"@type":"WebSite","@id":"https:\/\/www.lafarga.com\/corporatiu\/#website","url":"https:\/\/www.lafarga.com\/corporatiu\/","name":"La Farga Gesti\u00f3 d&#039;Equipaments Municipals, SA","description":"","publisher":{"@id":"https:\/\/www.lafarga.com\/corporatiu\/#organization"},"potentialAction":[{"@type":"SearchAction","target":{"@type":"EntryPoint","urlTemplate":"https:\/\/www.lafarga.com\/corporatiu\/?s={search_term_string}"},"query-input":{"@type":"PropertyValueSpecification","valueRequired":true,"valueName":"search_term_string"}}],"inLanguage":"ca"},{"@type":"Organization","@id":"https:\/\/www.lafarga.com\/corporatiu\/#organization","name":"La Farga Gesti\u00f3 d&#039;Equipaments Municipals, SA","url":"https:\/\/www.lafarga.com\/corporatiu\/","logo":{"@type":"ImageObject","inLanguage":"ca","@id":"https:\/\/www.lafarga.com\/corporatiu\/#\/schema\/logo\/image\/","url":"https:\/\/www.lafarga.com\/corporatiu\/wp-content\/uploads\/2023\/11\/logotipo_lafarga_gemsa.svg","contentUrl":"https:\/\/www.lafarga.com\/corporatiu\/wp-content\/uploads\/2023\/11\/logotipo_lafarga_gemsa.svg","width":102,"height":103,"caption":"La Farga Gesti\u00f3 d&#039;Equipaments Municipals, SA"},"image":{"@id":"https:\/\/www.lafarga.com\/corporatiu\/#\/schema\/logo\/image\/"}},{"@type":"Person","@id":"https:\/\/www.lafarga.com\/corporatiu\/#\/schema\/person\/70d96fe17d0da1a9c9e80d232bdbcf33","name":"\u00d2scar Milla","image":{"@type":"ImageObject","inLanguage":"ca","@id":"https:\/\/secure.gravatar.com\/avatar\/92e75d184f9d5e0e403bd4ad075b080ad258344ddc259adddb579f6a3ba6494f?s=96&d=mm&r=g","url":"https:\/\/secure.gravatar.com\/avatar\/92e75d184f9d5e0e403bd4ad075b080ad258344ddc259adddb579f6a3ba6494f?s=96&d=mm&r=g","contentUrl":"https:\/\/secure.gravatar.com\/avatar\/92e75d184f9d5e0e403bd4ad075b080ad258344ddc259adddb579f6a3ba6494f?s=96&d=mm&r=g","caption":"\u00d2scar Milla"},"url":"https:\/\/www.lafarga.com\/corporatiu\/author\/omilla\/"}]}},"uagb_featured_image_src":{"full":["https:\/\/www.lafarga.com\/corporatiu\/wp-content\/uploads\/2020\/10\/edifici-farga-activitats.jpg",730,410,false],"thumbnail":["https:\/\/www.lafarga.com\/corporatiu\/wp-content\/uploads\/2020\/10\/edifici-farga-activitats-150x150.jpg",150,150,true],"medium":["https:\/\/www.lafarga.com\/corporatiu\/wp-content\/uploads\/2020\/10\/edifici-farga-activitats-300x168.jpg",300,168,true],"medium_large":["https:\/\/www.lafarga.com\/corporatiu\/wp-content\/uploads\/2020\/10\/edifici-farga-activitats.jpg",730,410,false],"large":["https:\/\/www.lafarga.com\/corporatiu\/wp-content\/uploads\/2020\/10\/edifici-farga-activitats.jpg",730,410,false],"1536x1536":["https:\/\/www.lafarga.com\/corporatiu\/wp-content\/uploads\/2020\/10\/edifici-farga-activitats.jpg",730,410,false],"2048x2048":["https:\/\/www.lafarga.com\/corporatiu\/wp-content\/uploads\/2020\/10\/edifici-farga-activitats.jpg",730,410,false],"mailpoet_newsletter_max":["https:\/\/www.lafarga.com\/corporatiu\/wp-content\/uploads\/2020\/10\/edifici-farga-activitats.jpg",730,410,false]},"uagb_author_info":{"display_name":"\u00d2scar Milla","author_link":"https:\/\/www.lafarga.com\/corporatiu\/author\/omilla\/"},"uagb_comment_info":0,"uagb_excerpt":"La Farga Centre d\u2019Activitats segueix treballant per refer el calendari d\u2019esdeveniments\u00a0a causa de la pand\u00e8mia sanit\u00e0ria que travessem.","_links":{"self":[{"href":"https:\/\/www.lafarga.com\/corporatiu\/wp-json\/wp\/v2\/posts\/15018","targetHints":{"allow":["GET"]}}],"collection":[{"href":"https:\/\/www.lafarga.com\/corporatiu\/wp-json\/wp\/v2\/posts"}],"about":[{"href":"https:\/\/www.lafarga.com\/corporatiu\/wp-json\/wp\/v2\/types\/post"}],"author":[{"embeddable":true,"href":"https:\/\/www.lafarga.com\/corporatiu\/wp-json\/wp\/v2\/users\/5"}],"replies":[{"embeddable":true,"href":"https:\/\/www.lafarga.com\/corporatiu\/wp-json\/wp\/v2\/comments?post=15018"}],"version-history":[{"count":4,"href":"https:\/\/www.lafarga.com\/corporatiu\/wp-json\/wp\/v2\/posts\/15018\/revisions"}],"predecessor-version":[{"id":15067,"href":"https:\/\/www.lafarga.com\/corporatiu\/wp-json\/wp\/v2\/posts\/15018\/revisions\/15067"}],"wp:featuredmedia":[{"embeddable":true,"href":"https:\/\/www.lafarga.com\/corporatiu\/wp-json\/wp\/v2\/media\/15019"}],"wp:attachment":[{"href":"https:\/\/www.lafarga.com\/corporatiu\/wp-json\/wp\/v2\/media?parent=15018"}],"wp:term":[{"taxonomy":"category","embeddable":true,"href":"https:\/\/www.lafarga.com\/corporatiu\/wp-json\/wp\/v2\/categories?post=15018"},{"taxonomy":"post_tag","embeddable":true,"href":"https:\/\/www.lafarga.com\/corporatiu\/wp-json\/wp\/v2\/tags?post=15018"}],"curies":[{"name":"wp","href":"https:\/\/api.w.org\/{rel}","templated":true}]}}