{"id":15002,"date":"2020-10-20T07:50:48","date_gmt":"2020-10-20T07:50:48","guid":{"rendered":"http:\/\/www.lafarga.com\/corporatiu\/?p=15002"},"modified":"2020-10-20T08:06:18","modified_gmt":"2020-10-20T08:06:18","slug":"situacio-atencio-primaria-portada","status":"publish","type":"post","link":"https:\/\/www.lafarga.com\/corporatiu\/situacio-atencio-primaria-portada\/","title":{"rendered":"La situaci\u00f3 de l&#8217;atenci\u00f3 prim\u00e0ria, en portada"},"content":{"rendered":"<h5>N\u00famero 360<\/h5>\n<p>La situaci\u00f3 de la pand\u00e8mia segueix sent el tema de portada del Diari de L\u2019Hospitalet d\u2019aquest mes d\u2019octubre. El moment cr\u00edtic que viu l\u2019atenci\u00f3 prim\u00e0ria ocupa la portada del diari, amb les queixes dels professionals i usuaris davant el col\u00b7lapse que es viu als Centres d&#8217;Atenci\u00f3 Prim\u00e0ria (CAP).<\/p>\n<p>La pand\u00e8mia ha obligat a eliminar la majoria de les visites presencials de seguiment, mentre que Salut crea a L\u2019Hospitalet un centre de gesti\u00f3 COVID-19 per alleujar la pressi\u00f3 dels ambulatoris. D\u2019altra banda les PCR fetes en l\u2019\u00e0mbit educatiu de L\u2019Hospitalet confirmen que les escoles s\u00f3n espais segurs.<\/p>\n<p>Altres temes dels diari s\u00f3n que el Ple acorda fer un pla contra l\u2019ocupaci\u00f3 d\u2019habitatges amb finalitats delictives i que s\u2019aprova inicialment les ordenances fiscals dels 2021 a l\u2019espera de les propostes del Pacte de ciutat.<\/p>\n<p>En aquest diari trobem que la Biblioteca Tecla Sala celebra el seu 20\u00e8 aniversari; i que tamb\u00e9 se celebren quinze anys del Festival Acr\u00f2bates de m\u00fasica i poesia amb programaci\u00f3 presencial i en l\u00ednia.<\/p>\n<p>En esports, la situaci\u00f3 sanit\u00e0ria condiciona l\u2019inici de les competicions esportives a tots els nivells.<\/p>\n<p>El Diari de L\u2019Hospitalet \u00e9s un <a href=\"https:\/\/www.lafarga.com\/corporatiu\/mitjans-comunicacio-hospitalet-la-farga\/\" target=\"_blank\" rel=\"noopener noreferrer\"><strong>mitj\u00e0 de comunicaci\u00f3<\/strong><\/a> editat per La Farga Gesti\u00f3 d\u2019Equipaments Municipals i t\u00e9 una tirada de 105.000 exemplars.<\/p>\n<p>Aqu\u00ed podeu consultar la <a href=\"http:\/\/lhdigital.cat\/diarilh_digital\/360\/index.html\" target=\"_blank\" rel=\"noopener noreferrer\"><strong>versi\u00f3 digital<\/strong><\/a> del Diari de L\u2019Hospitalet.<\/p>\n","protected":false},"excerpt":{"rendered":"<p>La situaci\u00f3 de la pand\u00e8mia segueix sent el tema de portada del Diari de L\u2019Hospitalet d\u2019aquest mes d\u2019octubre. El moment cr\u00edtic que viu l\u2019atenci\u00f3 prim\u00e0ria ocupa la portada del diari.<\/p>\n","protected":false},"author":5,"featured_media":15003,"comment_status":"closed","ping_status":"closed","sticky":false,"template":"","format":"standard","meta":{"inline_featured_image":false,"_uag_custom_page_level_css":"","_monsterinsights_skip_tracking":false,"_monsterinsights_sitenote_active":false,"_monsterinsights_sitenote_note":"","_monsterinsights_sitenote_category":0,"site-sidebar-layout":"default","site-content-layout":"","ast-site-content-layout":"default","site-content-style":"default","site-sidebar-style":"default","ast-global-header-display":"","ast-banner-title-visibility":"","ast-main-header-display":"","ast-hfb-above-header-display":"","ast-hfb-below-header-display":"","ast-hfb-mobile-header-display":"","site-post-title":"","ast-breadcrumbs-content":"","ast-featured-img":"","footer-sml-layout":"","ast-disable-related-posts":"","theme-transparent-header-meta":"","adv-header-id-meta":"","stick-header-meta":"","header-above-stick-meta":"","header-main-stick-meta":"","header-below-stick-meta":"","astra-migrate-meta-layouts":"default","ast-page-background-enabled":"default","ast-page-background-meta":{"desktop":{"background-color":"var(--ast-global-color-4)","background-image":"","background-repeat":"repeat","background-position":"center center","background-size":"auto","background-attachment":"scroll","background-type":"","background-media":"","overlay-type":"","overlay-color":"","overlay-opacity":"","overlay-gradient":""},"tablet":{"background-color":"","background-image":"","background-repeat":"repeat","background-position":"center center","background-size":"auto","background-attachment":"scroll","background-type":"","background-media":"","overlay-type":"","overlay-color":"","overlay-opacity":"","overlay-gradient":""},"mobile":{"background-color":"","background-image":"","background-repeat":"repeat","background-position":"center center","background-size":"auto","background-attachment":"scroll","background-type":"","background-media":"","overlay-type":"","overlay-color":"","overlay-opacity":"","overlay-gradient":""}},"ast-content-background-meta":{"desktop":{"background-color":"var(--ast-global-color-5)","background-image":"","background-repeat":"repeat","background-position":"center center","background-size":"auto","background-attachment":"scroll","background-type":"","background-media":"","overlay-type":"","overlay-color":"","overlay-opacity":"","overlay-gradient":""},"tablet":{"background-color":"var(--ast-global-color-5)","background-image":"","background-repeat":"repeat","background-position":"center center","background-size":"auto","background-attachment":"scroll","background-type":"","background-media":"","overlay-type":"","overlay-color":"","overlay-opacity":"","overlay-gradient":""},"mobile":{"background-color":"var(--ast-global-color-5)","background-image":"","background-repeat":"repeat","background-position":"center center","background-size":"auto","background-attachment":"scroll","background-type":"","background-media":"","overlay-type":"","overlay-color":"","overlay-opacity":"","overlay-gradient":""}},"footnotes":""},"categories":[51],"tags":[],"class_list":["post-15002","post","type-post","status-publish","format-standard","has-post-thumbnail","hentry","category-mitjans-comunicacio"],"yoast_head":"<!-- This site is optimized with the Yoast SEO plugin v27.4 - https:\/\/yoast.com\/product\/yoast-seo-wordpress\/ -->\n<title>La situaci\u00f3 de l&#039;atenci\u00f3 prim\u00e0ria, en portada - La Farga Gesti\u00f3n de Equipamientos Municipales, S.A.<\/title>\n<meta name=\"description\" content=\"La situaci\u00f3 de l&#039;atenci\u00f3 prim\u00e0ria \u00e9s el tema de portada del Diari de L\u2019Hospitalet d\u2019aquest mes d\u2019octubre. El moment cr\u00edtic el viu l\u2019atenci\u00f3 prim\u00e0ria.\" \/>\n<meta name=\"robots\" content=\"index, follow, max-snippet:-1, max-image-preview:large, max-video-preview:-1\" \/>\n<link rel=\"canonical\" href=\"https:\/\/www.lafarga.com\/corporatiu\/situacio-atencio-primaria-portada\/\" \/>\n<meta property=\"og:locale\" content=\"ca_ES\" \/>\n<meta property=\"og:type\" content=\"article\" \/>\n<meta property=\"og:title\" content=\"La situaci\u00f3 de l&#039;atenci\u00f3 prim\u00e0ria, en portada - La Farga Gesti\u00f3n de Equipamientos Municipales, S.A.\" \/>\n<meta property=\"og:description\" content=\"La situaci\u00f3 de l&#039;atenci\u00f3 prim\u00e0ria \u00e9s el tema de portada del Diari de L\u2019Hospitalet d\u2019aquest mes d\u2019octubre. El moment cr\u00edtic el viu l\u2019atenci\u00f3 prim\u00e0ria.\" \/>\n<meta property=\"og:url\" content=\"https:\/\/www.lafarga.com\/corporatiu\/situacio-atencio-primaria-portada\/\" \/>\n<meta property=\"og:site_name\" content=\"La Farga Gesti\u00f3n de Equipamientos Municipales, S.A.\" \/>\n<meta property=\"article:published_time\" content=\"2020-10-20T07:50:48+00:00\" \/>\n<meta property=\"article:modified_time\" content=\"2020-10-20T08:06:18+00:00\" \/>\n<meta property=\"og:image\" content=\"https:\/\/www.lafarga.com\/corporatiu\/wp-content\/uploads\/2020\/10\/Diari-LH-Octubre20.jpg\" \/>\n\t<meta property=\"og:image:width\" content=\"730\" \/>\n\t<meta property=\"og:image:height\" content=\"410\" \/>\n\t<meta property=\"og:image:type\" content=\"image\/jpeg\" \/>\n<meta name=\"author\" content=\"\u00d2scar Milla\" \/>\n<meta name=\"twitter:label1\" content=\"Escrit per\" \/>\n\t<meta name=\"twitter:data1\" content=\"\u00d2scar Milla\" \/>\n\t<meta name=\"twitter:label2\" content=\"Temps estimat de lectura\" \/>\n\t<meta name=\"twitter:data2\" content=\"1 minut\" \/>\n<script type=\"application\/ld+json\" class=\"yoast-schema-graph\">{\"@context\":\"https:\\\/\\\/schema.org\",\"@graph\":[{\"@type\":\"Article\",\"@id\":\"https:\\\/\\\/www.lafarga.com\\\/corporatiu\\\/situacio-atencio-primaria-portada\\\/#article\",\"isPartOf\":{\"@id\":\"https:\\\/\\\/www.lafarga.com\\\/corporatiu\\\/situacio-atencio-primaria-portada\\\/\"},\"author\":{\"name\":\"\u00d2scar Milla\",\"@id\":\"https:\\\/\\\/www.lafarga.com\\\/corporatiu\\\/#\\\/schema\\\/person\\\/70d96fe17d0da1a9c9e80d232bdbcf33\"},\"headline\":\"La situaci\u00f3 de l&#8217;atenci\u00f3 prim\u00e0ria, en portada\",\"datePublished\":\"2020-10-20T07:50:48+00:00\",\"dateModified\":\"2020-10-20T08:06:18+00:00\",\"mainEntityOfPage\":{\"@id\":\"https:\\\/\\\/www.lafarga.com\\\/corporatiu\\\/situacio-atencio-primaria-portada\\\/\"},\"wordCount\":251,\"publisher\":{\"@id\":\"https:\\\/\\\/www.lafarga.com\\\/corporatiu\\\/#organization\"},\"image\":{\"@id\":\"https:\\\/\\\/www.lafarga.com\\\/corporatiu\\\/situacio-atencio-primaria-portada\\\/#primaryimage\"},\"thumbnailUrl\":\"https:\\\/\\\/www.lafarga.com\\\/corporatiu\\\/wp-content\\\/uploads\\\/2020\\\/10\\\/Diari-LH-Octubre20.jpg\",\"articleSection\":[\"Mitjans de Comunicaci\u00f3\"],\"inLanguage\":\"ca\"},{\"@type\":\"WebPage\",\"@id\":\"https:\\\/\\\/www.lafarga.com\\\/corporatiu\\\/situacio-atencio-primaria-portada\\\/\",\"url\":\"https:\\\/\\\/www.lafarga.com\\\/corporatiu\\\/situacio-atencio-primaria-portada\\\/\",\"name\":\"La situaci\u00f3 de l'atenci\u00f3 prim\u00e0ria, en portada - La Farga Gesti\u00f3n de Equipamientos Municipales, S.A.\",\"isPartOf\":{\"@id\":\"https:\\\/\\\/www.lafarga.com\\\/corporatiu\\\/#website\"},\"primaryImageOfPage\":{\"@id\":\"https:\\\/\\\/www.lafarga.com\\\/corporatiu\\\/situacio-atencio-primaria-portada\\\/#primaryimage\"},\"image\":{\"@id\":\"https:\\\/\\\/www.lafarga.com\\\/corporatiu\\\/situacio-atencio-primaria-portada\\\/#primaryimage\"},\"thumbnailUrl\":\"https:\\\/\\\/www.lafarga.com\\\/corporatiu\\\/wp-content\\\/uploads\\\/2020\\\/10\\\/Diari-LH-Octubre20.jpg\",\"datePublished\":\"2020-10-20T07:50:48+00:00\",\"dateModified\":\"2020-10-20T08:06:18+00:00\",\"description\":\"La situaci\u00f3 de l'atenci\u00f3 prim\u00e0ria \u00e9s el tema de portada del Diari de L\u2019Hospitalet d\u2019aquest mes d\u2019octubre. El moment cr\u00edtic el viu l\u2019atenci\u00f3 prim\u00e0ria.\",\"breadcrumb\":{\"@id\":\"https:\\\/\\\/www.lafarga.com\\\/corporatiu\\\/situacio-atencio-primaria-portada\\\/#breadcrumb\"},\"inLanguage\":\"ca\",\"potentialAction\":[{\"@type\":\"ReadAction\",\"target\":[\"https:\\\/\\\/www.lafarga.com\\\/corporatiu\\\/situacio-atencio-primaria-portada\\\/\"]}]},{\"@type\":\"ImageObject\",\"inLanguage\":\"ca\",\"@id\":\"https:\\\/\\\/www.lafarga.com\\\/corporatiu\\\/situacio-atencio-primaria-portada\\\/#primaryimage\",\"url\":\"https:\\\/\\\/www.lafarga.com\\\/corporatiu\\\/wp-content\\\/uploads\\\/2020\\\/10\\\/Diari-LH-Octubre20.jpg\",\"contentUrl\":\"https:\\\/\\\/www.lafarga.com\\\/corporatiu\\\/wp-content\\\/uploads\\\/2020\\\/10\\\/Diari-LH-Octubre20.jpg\",\"width\":730,\"height\":410,\"caption\":\"Atenci\u00f3 prim\u00e0ria\"},{\"@type\":\"BreadcrumbList\",\"@id\":\"https:\\\/\\\/www.lafarga.com\\\/corporatiu\\\/situacio-atencio-primaria-portada\\\/#breadcrumb\",\"itemListElement\":[{\"@type\":\"ListItem\",\"position\":1,\"name\":\"Home\",\"item\":\"https:\\\/\\\/www.lafarga.com\\\/corporatiu\\\/lafarga-hospitalet-llobregat\\\/\"},{\"@type\":\"ListItem\",\"position\":2,\"name\":\"La situaci\u00f3 de l&#8217;atenci\u00f3 prim\u00e0ria, en portada\"}]},{\"@type\":\"WebSite\",\"@id\":\"https:\\\/\\\/www.lafarga.com\\\/corporatiu\\\/#website\",\"url\":\"https:\\\/\\\/www.lafarga.com\\\/corporatiu\\\/\",\"name\":\"La Farga Gesti\u00f3 d&#039;Equipaments Municipals, SA\",\"description\":\"\",\"publisher\":{\"@id\":\"https:\\\/\\\/www.lafarga.com\\\/corporatiu\\\/#organization\"},\"potentialAction\":[{\"@type\":\"SearchAction\",\"target\":{\"@type\":\"EntryPoint\",\"urlTemplate\":\"https:\\\/\\\/www.lafarga.com\\\/corporatiu\\\/?s={search_term_string}\"},\"query-input\":{\"@type\":\"PropertyValueSpecification\",\"valueRequired\":true,\"valueName\":\"search_term_string\"}}],\"inLanguage\":\"ca\"},{\"@type\":\"Organization\",\"@id\":\"https:\\\/\\\/www.lafarga.com\\\/corporatiu\\\/#organization\",\"name\":\"La Farga Gesti\u00f3 d&#039;Equipaments Municipals, SA\",\"url\":\"https:\\\/\\\/www.lafarga.com\\\/corporatiu\\\/\",\"logo\":{\"@type\":\"ImageObject\",\"inLanguage\":\"ca\",\"@id\":\"https:\\\/\\\/www.lafarga.com\\\/corporatiu\\\/#\\\/schema\\\/logo\\\/image\\\/\",\"url\":\"https:\\\/\\\/www.lafarga.com\\\/corporatiu\\\/wp-content\\\/uploads\\\/2023\\\/11\\\/logotipo_lafarga_gemsa.svg\",\"contentUrl\":\"https:\\\/\\\/www.lafarga.com\\\/corporatiu\\\/wp-content\\\/uploads\\\/2023\\\/11\\\/logotipo_lafarga_gemsa.svg\",\"width\":102,\"height\":103,\"caption\":\"La Farga Gesti\u00f3 d&#039;Equipaments Municipals, SA\"},\"image\":{\"@id\":\"https:\\\/\\\/www.lafarga.com\\\/corporatiu\\\/#\\\/schema\\\/logo\\\/image\\\/\"}},{\"@type\":\"Person\",\"@id\":\"https:\\\/\\\/www.lafarga.com\\\/corporatiu\\\/#\\\/schema\\\/person\\\/70d96fe17d0da1a9c9e80d232bdbcf33\",\"name\":\"\u00d2scar Milla\",\"image\":{\"@type\":\"ImageObject\",\"inLanguage\":\"ca\",\"@id\":\"https:\\\/\\\/secure.gravatar.com\\\/avatar\\\/92e75d184f9d5e0e403bd4ad075b080ad258344ddc259adddb579f6a3ba6494f?s=96&d=mm&r=g\",\"url\":\"https:\\\/\\\/secure.gravatar.com\\\/avatar\\\/92e75d184f9d5e0e403bd4ad075b080ad258344ddc259adddb579f6a3ba6494f?s=96&d=mm&r=g\",\"contentUrl\":\"https:\\\/\\\/secure.gravatar.com\\\/avatar\\\/92e75d184f9d5e0e403bd4ad075b080ad258344ddc259adddb579f6a3ba6494f?s=96&d=mm&r=g\",\"caption\":\"\u00d2scar Milla\"},\"url\":\"https:\\\/\\\/www.lafarga.com\\\/corporatiu\\\/author\\\/omilla\\\/\"}]}<\/script>\n<!-- \/ Yoast SEO plugin. -->","yoast_head_json":{"title":"La situaci\u00f3 de l'atenci\u00f3 prim\u00e0ria, en portada - La Farga Gesti\u00f3n de Equipamientos Municipales, S.A.","description":"La situaci\u00f3 de l'atenci\u00f3 prim\u00e0ria \u00e9s el tema de portada del Diari de L\u2019Hospitalet d\u2019aquest mes d\u2019octubre. El moment cr\u00edtic el viu l\u2019atenci\u00f3 prim\u00e0ria.","robots":{"index":"index","follow":"follow","max-snippet":"max-snippet:-1","max-image-preview":"max-image-preview:large","max-video-preview":"max-video-preview:-1"},"canonical":"https:\/\/www.lafarga.com\/corporatiu\/situacio-atencio-primaria-portada\/","og_locale":"ca_ES","og_type":"article","og_title":"La situaci\u00f3 de l'atenci\u00f3 prim\u00e0ria, en portada - La Farga Gesti\u00f3n de Equipamientos Municipales, S.A.","og_description":"La situaci\u00f3 de l'atenci\u00f3 prim\u00e0ria \u00e9s el tema de portada del Diari de L\u2019Hospitalet d\u2019aquest mes d\u2019octubre. El moment cr\u00edtic el viu l\u2019atenci\u00f3 prim\u00e0ria.","og_url":"https:\/\/www.lafarga.com\/corporatiu\/situacio-atencio-primaria-portada\/","og_site_name":"La Farga Gesti\u00f3n de Equipamientos Municipales, S.A.","article_published_time":"2020-10-20T07:50:48+00:00","article_modified_time":"2020-10-20T08:06:18+00:00","og_image":[{"width":730,"height":410,"url":"https:\/\/www.lafarga.com\/corporatiu\/wp-content\/uploads\/2020\/10\/Diari-LH-Octubre20.jpg","type":"image\/jpeg"}],"author":"\u00d2scar Milla","twitter_misc":{"Escrit per":"\u00d2scar Milla","Temps estimat de lectura":"1 minut"},"schema":{"@context":"https:\/\/schema.org","@graph":[{"@type":"Article","@id":"https:\/\/www.lafarga.com\/corporatiu\/situacio-atencio-primaria-portada\/#article","isPartOf":{"@id":"https:\/\/www.lafarga.com\/corporatiu\/situacio-atencio-primaria-portada\/"},"author":{"name":"\u00d2scar Milla","@id":"https:\/\/www.lafarga.com\/corporatiu\/#\/schema\/person\/70d96fe17d0da1a9c9e80d232bdbcf33"},"headline":"La situaci\u00f3 de l&#8217;atenci\u00f3 prim\u00e0ria, en portada","datePublished":"2020-10-20T07:50:48+00:00","dateModified":"2020-10-20T08:06:18+00:00","mainEntityOfPage":{"@id":"https:\/\/www.lafarga.com\/corporatiu\/situacio-atencio-primaria-portada\/"},"wordCount":251,"publisher":{"@id":"https:\/\/www.lafarga.com\/corporatiu\/#organization"},"image":{"@id":"https:\/\/www.lafarga.com\/corporatiu\/situacio-atencio-primaria-portada\/#primaryimage"},"thumbnailUrl":"https:\/\/www.lafarga.com\/corporatiu\/wp-content\/uploads\/2020\/10\/Diari-LH-Octubre20.jpg","articleSection":["Mitjans de Comunicaci\u00f3"],"inLanguage":"ca"},{"@type":"WebPage","@id":"https:\/\/www.lafarga.com\/corporatiu\/situacio-atencio-primaria-portada\/","url":"https:\/\/www.lafarga.com\/corporatiu\/situacio-atencio-primaria-portada\/","name":"La situaci\u00f3 de l'atenci\u00f3 prim\u00e0ria, en portada - La Farga Gesti\u00f3n de Equipamientos Municipales, S.A.","isPartOf":{"@id":"https:\/\/www.lafarga.com\/corporatiu\/#website"},"primaryImageOfPage":{"@id":"https:\/\/www.lafarga.com\/corporatiu\/situacio-atencio-primaria-portada\/#primaryimage"},"image":{"@id":"https:\/\/www.lafarga.com\/corporatiu\/situacio-atencio-primaria-portada\/#primaryimage"},"thumbnailUrl":"https:\/\/www.lafarga.com\/corporatiu\/wp-content\/uploads\/2020\/10\/Diari-LH-Octubre20.jpg","datePublished":"2020-10-20T07:50:48+00:00","dateModified":"2020-10-20T08:06:18+00:00","description":"La situaci\u00f3 de l'atenci\u00f3 prim\u00e0ria \u00e9s el tema de portada del Diari de L\u2019Hospitalet d\u2019aquest mes d\u2019octubre. El moment cr\u00edtic el viu l\u2019atenci\u00f3 prim\u00e0ria.","breadcrumb":{"@id":"https:\/\/www.lafarga.com\/corporatiu\/situacio-atencio-primaria-portada\/#breadcrumb"},"inLanguage":"ca","potentialAction":[{"@type":"ReadAction","target":["https:\/\/www.lafarga.com\/corporatiu\/situacio-atencio-primaria-portada\/"]}]},{"@type":"ImageObject","inLanguage":"ca","@id":"https:\/\/www.lafarga.com\/corporatiu\/situacio-atencio-primaria-portada\/#primaryimage","url":"https:\/\/www.lafarga.com\/corporatiu\/wp-content\/uploads\/2020\/10\/Diari-LH-Octubre20.jpg","contentUrl":"https:\/\/www.lafarga.com\/corporatiu\/wp-content\/uploads\/2020\/10\/Diari-LH-Octubre20.jpg","width":730,"height":410,"caption":"Atenci\u00f3 prim\u00e0ria"},{"@type":"BreadcrumbList","@id":"https:\/\/www.lafarga.com\/corporatiu\/situacio-atencio-primaria-portada\/#breadcrumb","itemListElement":[{"@type":"ListItem","position":1,"name":"Home","item":"https:\/\/www.lafarga.com\/corporatiu\/lafarga-hospitalet-llobregat\/"},{"@type":"ListItem","position":2,"name":"La situaci\u00f3 de l&#8217;atenci\u00f3 prim\u00e0ria, en portada"}]},{"@type":"WebSite","@id":"https:\/\/www.lafarga.com\/corporatiu\/#website","url":"https:\/\/www.lafarga.com\/corporatiu\/","name":"La Farga Gesti\u00f3 d&#039;Equipaments Municipals, SA","description":"","publisher":{"@id":"https:\/\/www.lafarga.com\/corporatiu\/#organization"},"potentialAction":[{"@type":"SearchAction","target":{"@type":"EntryPoint","urlTemplate":"https:\/\/www.lafarga.com\/corporatiu\/?s={search_term_string}"},"query-input":{"@type":"PropertyValueSpecification","valueRequired":true,"valueName":"search_term_string"}}],"inLanguage":"ca"},{"@type":"Organization","@id":"https:\/\/www.lafarga.com\/corporatiu\/#organization","name":"La Farga Gesti\u00f3 d&#039;Equipaments Municipals, SA","url":"https:\/\/www.lafarga.com\/corporatiu\/","logo":{"@type":"ImageObject","inLanguage":"ca","@id":"https:\/\/www.lafarga.com\/corporatiu\/#\/schema\/logo\/image\/","url":"https:\/\/www.lafarga.com\/corporatiu\/wp-content\/uploads\/2023\/11\/logotipo_lafarga_gemsa.svg","contentUrl":"https:\/\/www.lafarga.com\/corporatiu\/wp-content\/uploads\/2023\/11\/logotipo_lafarga_gemsa.svg","width":102,"height":103,"caption":"La Farga Gesti\u00f3 d&#039;Equipaments Municipals, SA"},"image":{"@id":"https:\/\/www.lafarga.com\/corporatiu\/#\/schema\/logo\/image\/"}},{"@type":"Person","@id":"https:\/\/www.lafarga.com\/corporatiu\/#\/schema\/person\/70d96fe17d0da1a9c9e80d232bdbcf33","name":"\u00d2scar Milla","image":{"@type":"ImageObject","inLanguage":"ca","@id":"https:\/\/secure.gravatar.com\/avatar\/92e75d184f9d5e0e403bd4ad075b080ad258344ddc259adddb579f6a3ba6494f?s=96&d=mm&r=g","url":"https:\/\/secure.gravatar.com\/avatar\/92e75d184f9d5e0e403bd4ad075b080ad258344ddc259adddb579f6a3ba6494f?s=96&d=mm&r=g","contentUrl":"https:\/\/secure.gravatar.com\/avatar\/92e75d184f9d5e0e403bd4ad075b080ad258344ddc259adddb579f6a3ba6494f?s=96&d=mm&r=g","caption":"\u00d2scar Milla"},"url":"https:\/\/www.lafarga.com\/corporatiu\/author\/omilla\/"}]}},"uagb_featured_image_src":{"full":["https:\/\/www.lafarga.com\/corporatiu\/wp-content\/uploads\/2020\/10\/Diari-LH-Octubre20.jpg",730,410,false],"thumbnail":["https:\/\/www.lafarga.com\/corporatiu\/wp-content\/uploads\/2020\/10\/Diari-LH-Octubre20-150x150.jpg",150,150,true],"medium":["https:\/\/www.lafarga.com\/corporatiu\/wp-content\/uploads\/2020\/10\/Diari-LH-Octubre20-300x168.jpg",300,168,true],"medium_large":["https:\/\/www.lafarga.com\/corporatiu\/wp-content\/uploads\/2020\/10\/Diari-LH-Octubre20.jpg",730,410,false],"large":["https:\/\/www.lafarga.com\/corporatiu\/wp-content\/uploads\/2020\/10\/Diari-LH-Octubre20.jpg",730,410,false],"1536x1536":["https:\/\/www.lafarga.com\/corporatiu\/wp-content\/uploads\/2020\/10\/Diari-LH-Octubre20.jpg",730,410,false],"2048x2048":["https:\/\/www.lafarga.com\/corporatiu\/wp-content\/uploads\/2020\/10\/Diari-LH-Octubre20.jpg",730,410,false],"mailpoet_newsletter_max":["https:\/\/www.lafarga.com\/corporatiu\/wp-content\/uploads\/2020\/10\/Diari-LH-Octubre20.jpg",730,410,false]},"uagb_author_info":{"display_name":"\u00d2scar Milla","author_link":"https:\/\/www.lafarga.com\/corporatiu\/author\/omilla\/"},"uagb_comment_info":0,"uagb_excerpt":"La situaci\u00f3 de la pand\u00e8mia segueix sent el tema de portada del Diari de L\u2019Hospitalet d\u2019aquest mes d\u2019octubre. El moment cr\u00edtic que viu l\u2019atenci\u00f3 prim\u00e0ria ocupa la portada del diari.","_links":{"self":[{"href":"https:\/\/www.lafarga.com\/corporatiu\/wp-json\/wp\/v2\/posts\/15002","targetHints":{"allow":["GET"]}}],"collection":[{"href":"https:\/\/www.lafarga.com\/corporatiu\/wp-json\/wp\/v2\/posts"}],"about":[{"href":"https:\/\/www.lafarga.com\/corporatiu\/wp-json\/wp\/v2\/types\/post"}],"author":[{"embeddable":true,"href":"https:\/\/www.lafarga.com\/corporatiu\/wp-json\/wp\/v2\/users\/5"}],"replies":[{"embeddable":true,"href":"https:\/\/www.lafarga.com\/corporatiu\/wp-json\/wp\/v2\/comments?post=15002"}],"version-history":[{"count":2,"href":"https:\/\/www.lafarga.com\/corporatiu\/wp-json\/wp\/v2\/posts\/15002\/revisions"}],"predecessor-version":[{"id":15009,"href":"https:\/\/www.lafarga.com\/corporatiu\/wp-json\/wp\/v2\/posts\/15002\/revisions\/15009"}],"wp:featuredmedia":[{"embeddable":true,"href":"https:\/\/www.lafarga.com\/corporatiu\/wp-json\/wp\/v2\/media\/15003"}],"wp:attachment":[{"href":"https:\/\/www.lafarga.com\/corporatiu\/wp-json\/wp\/v2\/media?parent=15002"}],"wp:term":[{"taxonomy":"category","embeddable":true,"href":"https:\/\/www.lafarga.com\/corporatiu\/wp-json\/wp\/v2\/categories?post=15002"},{"taxonomy":"post_tag","embeddable":true,"href":"https:\/\/www.lafarga.com\/corporatiu\/wp-json\/wp\/v2\/tags?post=15002"}],"curies":[{"name":"wp","href":"https:\/\/api.w.org\/{rel}","templated":true}]}}