{"id":14935,"date":"2020-09-22T09:07:46","date_gmt":"2020-09-22T09:07:46","guid":{"rendered":"http:\/\/www.lafarga.com\/corporatiu\/?p=14935"},"modified":"2020-09-22T09:16:20","modified_gmt":"2020-09-22T09:16:20","slug":"inici-escolar-marcat-covid","status":"publish","type":"post","link":"https:\/\/www.lafarga.com\/corporatiu\/inici-escolar-marcat-covid\/","title":{"rendered":"Inici escolar marcat pel Covid"},"content":{"rendered":"<h5>N\u00famero 359<\/h5>\n<p>L\u2019inici del curs escolar, marcat pel Covid, \u00e9s el principal tema de portada del Diari de L\u2019Hospitalet d\u2019aquest mes de setembre.<\/p>\n<p>M\u00e9s de 30.000 alumnes tornen a classe i s\u2019obre el nou institut escola a Pubilla Cases. L\u2019Ajuntament ha cedit espais mentre dissenya illes de vianants al voltant dels centres educatius. D\u2019altra banda la ciutat ha presentat 650 propostes per reactivar L\u2019Hospitalet davant la crisi econ\u00f2mica provocada pel Covid.<\/p>\n<p>Altres not\u00edcies s\u00f3n que el soterrament de les vies del tren arriba a la fase de redacci\u00f3 del projecte executiu; i que el municipi segueix ampliant i millorant la seva xarxa d\u2019itineraris per anar en bicicleta.<\/p>\n<p>Pel que fa als Mitjans de Comunicaci\u00f3, <a href=\"https:\/\/www.lafarga.com\/corporatiu\/tv-lhospitalet-obre-temporada\/\" target=\"_blank\" rel=\"noopener noreferrer\"><strong>TV L\u2019Hospitalet<\/strong><\/a> ha comen\u00e7at temporada amb el principal canvi de l\u2019Informatiu, que ara s\u2019emet a les 15 h. Tamb\u00e9 tornen els programes tem\u00e0tics com \u201cL\u2019H en Joc\u201d, \u201cTaquilla Inversa\u201d, \u201cAula L\u2019H\u201d, \u201cVe\u00efns\u201d i \u201cBatecs\u201d, i l\u2019espai \u201cEn primera persona\u201d. Els mitjans estan gestionats per La Farga Gesti\u00f3 d\u2019Equipaments Municipals.<\/p>\n<p>En l\u2019apartat cultural el Diari destaca que el Centre d\u2019Art Tecla Sala repassa la mirada fotogr\u00e0fica del cineasta Carlos Saura; i que el Teatre Joventut i l\u2019Auditori Barradas reprenen amb precauci\u00f3 les seves programacions.<\/p>\n<p>A la secci\u00f3 \u201cEt recomanem\u201d trobem que Torre Barrina, acull el segon Festival L\u2019H-XR, a banda d\u2019altres cert\u00e0mens relacionats amb el cinema.<\/p>\n<p>Pel que fa als esports el diari destaca que el CE L\u2019Hospitalet inicia una temporada at\u00edpica que transformar\u00e0 la Segona Divisi\u00f3 \u201cB\u201d.<\/p>\n<p>El Diari de L\u2019Hospitalet es un mitj\u00e0 editat per La Farga Gesti\u00f3 d\u2019Equipaments Municipals i t\u00e9 una tirada de 105.000 exemplars.<\/p>\n<p>Aqu\u00ed podeu consultar la <a href=\"http:\/\/lhdigital.cat\/diarilh_digital\/359\/index.html\" target=\"_blank\" rel=\"noopener noreferrer\"><strong>versi\u00f3 digital<\/strong><\/a> del Diari.<\/p>\n","protected":false},"excerpt":{"rendered":"<p>L\u2019inici del curs escolar, marcat pel Covid, \u00e9s el principal tema de portada del Diari de L\u2019Hospitalet d\u2019aquest mes de setembre. M\u00e9s de 30.000 alumnes tornen a classe i s\u2019obre el nou institut escola a Pubilla Cases.<\/p>\n","protected":false},"author":5,"featured_media":14937,"comment_status":"closed","ping_status":"closed","sticky":false,"template":"","format":"standard","meta":{"inline_featured_image":false,"_uag_custom_page_level_css":"","_monsterinsights_skip_tracking":false,"_monsterinsights_sitenote_active":false,"_monsterinsights_sitenote_note":"","_monsterinsights_sitenote_category":0,"site-sidebar-layout":"default","site-content-layout":"","ast-site-content-layout":"default","site-content-style":"default","site-sidebar-style":"default","ast-global-header-display":"","ast-banner-title-visibility":"","ast-main-header-display":"","ast-hfb-above-header-display":"","ast-hfb-below-header-display":"","ast-hfb-mobile-header-display":"","site-post-title":"","ast-breadcrumbs-content":"","ast-featured-img":"","footer-sml-layout":"","ast-disable-related-posts":"","theme-transparent-header-meta":"","adv-header-id-meta":"","stick-header-meta":"","header-above-stick-meta":"","header-main-stick-meta":"","header-below-stick-meta":"","astra-migrate-meta-layouts":"default","ast-page-background-enabled":"default","ast-page-background-meta":{"desktop":{"background-color":"var(--ast-global-color-4)","background-image":"","background-repeat":"repeat","background-position":"center center","background-size":"auto","background-attachment":"scroll","background-type":"","background-media":"","overlay-type":"","overlay-color":"","overlay-opacity":"","overlay-gradient":""},"tablet":{"background-color":"","background-image":"","background-repeat":"repeat","background-position":"center center","background-size":"auto","background-attachment":"scroll","background-type":"","background-media":"","overlay-type":"","overlay-color":"","overlay-opacity":"","overlay-gradient":""},"mobile":{"background-color":"","background-image":"","background-repeat":"repeat","background-position":"center center","background-size":"auto","background-attachment":"scroll","background-type":"","background-media":"","overlay-type":"","overlay-color":"","overlay-opacity":"","overlay-gradient":""}},"ast-content-background-meta":{"desktop":{"background-color":"var(--ast-global-color-5)","background-image":"","background-repeat":"repeat","background-position":"center center","background-size":"auto","background-attachment":"scroll","background-type":"","background-media":"","overlay-type":"","overlay-color":"","overlay-opacity":"","overlay-gradient":""},"tablet":{"background-color":"var(--ast-global-color-5)","background-image":"","background-repeat":"repeat","background-position":"center center","background-size":"auto","background-attachment":"scroll","background-type":"","background-media":"","overlay-type":"","overlay-color":"","overlay-opacity":"","overlay-gradient":""},"mobile":{"background-color":"var(--ast-global-color-5)","background-image":"","background-repeat":"repeat","background-position":"center center","background-size":"auto","background-attachment":"scroll","background-type":"","background-media":"","overlay-type":"","overlay-color":"","overlay-opacity":"","overlay-gradient":""}},"footnotes":""},"categories":[51],"tags":[],"class_list":["post-14935","post","type-post","status-publish","format-standard","has-post-thumbnail","hentry","category-mitjans-comunicacio"],"yoast_head":"<!-- This site is optimized with the Yoast SEO plugin v27.4 - https:\/\/yoast.com\/product\/yoast-seo-wordpress\/ -->\n<title>Inici escolar marcat pel Covid - La Farga Gesti\u00f3n de Equipamientos Municipales, S.A.<\/title>\n<meta name=\"description\" content=\"L\u2019inici del curs escolar, marcat pel Covid, \u00e9s el principal tema de portada del Diari de L\u2019Hospitalet d\u2019aquest mes de setembre.\" \/>\n<meta name=\"robots\" content=\"index, follow, max-snippet:-1, max-image-preview:large, max-video-preview:-1\" \/>\n<link rel=\"canonical\" href=\"https:\/\/www.lafarga.com\/corporatiu\/inici-escolar-marcat-covid\/\" \/>\n<meta property=\"og:locale\" content=\"ca_ES\" \/>\n<meta property=\"og:type\" content=\"article\" \/>\n<meta property=\"og:title\" content=\"Inici escolar marcat pel Covid - La Farga Gesti\u00f3n de Equipamientos Municipales, S.A.\" \/>\n<meta property=\"og:description\" content=\"L\u2019inici del curs escolar, marcat pel Covid, \u00e9s el principal tema de portada del Diari de L\u2019Hospitalet d\u2019aquest mes de setembre.\" \/>\n<meta property=\"og:url\" content=\"https:\/\/www.lafarga.com\/corporatiu\/inici-escolar-marcat-covid\/\" \/>\n<meta property=\"og:site_name\" content=\"La Farga Gesti\u00f3n de Equipamientos Municipales, S.A.\" \/>\n<meta property=\"article:published_time\" content=\"2020-09-22T09:07:46+00:00\" \/>\n<meta property=\"article:modified_time\" content=\"2020-09-22T09:16:20+00:00\" \/>\n<meta property=\"og:image\" content=\"https:\/\/www.lafarga.com\/corporatiu\/wp-content\/uploads\/2020\/09\/Diari-LH-Setembre-20.jpg\" \/>\n\t<meta property=\"og:image:width\" content=\"730\" \/>\n\t<meta property=\"og:image:height\" content=\"410\" \/>\n\t<meta property=\"og:image:type\" content=\"image\/jpeg\" \/>\n<meta name=\"author\" content=\"\u00d2scar Milla\" \/>\n<meta name=\"twitter:label1\" content=\"Escrit per\" \/>\n\t<meta name=\"twitter:data1\" content=\"\u00d2scar Milla\" \/>\n\t<meta name=\"twitter:label2\" content=\"Temps estimat de lectura\" \/>\n\t<meta name=\"twitter:data2\" content=\"1 minut\" \/>\n<script type=\"application\/ld+json\" class=\"yoast-schema-graph\">{\"@context\":\"https:\\\/\\\/schema.org\",\"@graph\":[{\"@type\":\"Article\",\"@id\":\"https:\\\/\\\/www.lafarga.com\\\/corporatiu\\\/inici-escolar-marcat-covid\\\/#article\",\"isPartOf\":{\"@id\":\"https:\\\/\\\/www.lafarga.com\\\/corporatiu\\\/inici-escolar-marcat-covid\\\/\"},\"author\":{\"name\":\"\u00d2scar Milla\",\"@id\":\"https:\\\/\\\/www.lafarga.com\\\/corporatiu\\\/#\\\/schema\\\/person\\\/70d96fe17d0da1a9c9e80d232bdbcf33\"},\"headline\":\"Inici escolar marcat pel Covid\",\"datePublished\":\"2020-09-22T09:07:46+00:00\",\"dateModified\":\"2020-09-22T09:16:20+00:00\",\"mainEntityOfPage\":{\"@id\":\"https:\\\/\\\/www.lafarga.com\\\/corporatiu\\\/inici-escolar-marcat-covid\\\/\"},\"wordCount\":304,\"publisher\":{\"@id\":\"https:\\\/\\\/www.lafarga.com\\\/corporatiu\\\/#organization\"},\"image\":{\"@id\":\"https:\\\/\\\/www.lafarga.com\\\/corporatiu\\\/inici-escolar-marcat-covid\\\/#primaryimage\"},\"thumbnailUrl\":\"https:\\\/\\\/www.lafarga.com\\\/corporatiu\\\/wp-content\\\/uploads\\\/2020\\\/09\\\/Diari-LH-Setembre-20.jpg\",\"articleSection\":[\"Mitjans de Comunicaci\u00f3\"],\"inLanguage\":\"ca\"},{\"@type\":\"WebPage\",\"@id\":\"https:\\\/\\\/www.lafarga.com\\\/corporatiu\\\/inici-escolar-marcat-covid\\\/\",\"url\":\"https:\\\/\\\/www.lafarga.com\\\/corporatiu\\\/inici-escolar-marcat-covid\\\/\",\"name\":\"Inici escolar marcat pel Covid - La Farga Gesti\u00f3n de Equipamientos Municipales, S.A.\",\"isPartOf\":{\"@id\":\"https:\\\/\\\/www.lafarga.com\\\/corporatiu\\\/#website\"},\"primaryImageOfPage\":{\"@id\":\"https:\\\/\\\/www.lafarga.com\\\/corporatiu\\\/inici-escolar-marcat-covid\\\/#primaryimage\"},\"image\":{\"@id\":\"https:\\\/\\\/www.lafarga.com\\\/corporatiu\\\/inici-escolar-marcat-covid\\\/#primaryimage\"},\"thumbnailUrl\":\"https:\\\/\\\/www.lafarga.com\\\/corporatiu\\\/wp-content\\\/uploads\\\/2020\\\/09\\\/Diari-LH-Setembre-20.jpg\",\"datePublished\":\"2020-09-22T09:07:46+00:00\",\"dateModified\":\"2020-09-22T09:16:20+00:00\",\"description\":\"L\u2019inici del curs escolar, marcat pel Covid, \u00e9s el principal tema de portada del Diari de L\u2019Hospitalet d\u2019aquest mes de setembre.\",\"breadcrumb\":{\"@id\":\"https:\\\/\\\/www.lafarga.com\\\/corporatiu\\\/inici-escolar-marcat-covid\\\/#breadcrumb\"},\"inLanguage\":\"ca\",\"potentialAction\":[{\"@type\":\"ReadAction\",\"target\":[\"https:\\\/\\\/www.lafarga.com\\\/corporatiu\\\/inici-escolar-marcat-covid\\\/\"]}]},{\"@type\":\"ImageObject\",\"inLanguage\":\"ca\",\"@id\":\"https:\\\/\\\/www.lafarga.com\\\/corporatiu\\\/inici-escolar-marcat-covid\\\/#primaryimage\",\"url\":\"https:\\\/\\\/www.lafarga.com\\\/corporatiu\\\/wp-content\\\/uploads\\\/2020\\\/09\\\/Diari-LH-Setembre-20.jpg\",\"contentUrl\":\"https:\\\/\\\/www.lafarga.com\\\/corporatiu\\\/wp-content\\\/uploads\\\/2020\\\/09\\\/Diari-LH-Setembre-20.jpg\",\"width\":730,\"height\":410,\"caption\":\"Diari Covid Farga\"},{\"@type\":\"BreadcrumbList\",\"@id\":\"https:\\\/\\\/www.lafarga.com\\\/corporatiu\\\/inici-escolar-marcat-covid\\\/#breadcrumb\",\"itemListElement\":[{\"@type\":\"ListItem\",\"position\":1,\"name\":\"Home\",\"item\":\"https:\\\/\\\/www.lafarga.com\\\/corporatiu\\\/lafarga-hospitalet-llobregat\\\/\"},{\"@type\":\"ListItem\",\"position\":2,\"name\":\"Inici escolar marcat pel Covid\"}]},{\"@type\":\"WebSite\",\"@id\":\"https:\\\/\\\/www.lafarga.com\\\/corporatiu\\\/#website\",\"url\":\"https:\\\/\\\/www.lafarga.com\\\/corporatiu\\\/\",\"name\":\"La Farga Gesti\u00f3 d&#039;Equipaments Municipals, SA\",\"description\":\"\",\"publisher\":{\"@id\":\"https:\\\/\\\/www.lafarga.com\\\/corporatiu\\\/#organization\"},\"potentialAction\":[{\"@type\":\"SearchAction\",\"target\":{\"@type\":\"EntryPoint\",\"urlTemplate\":\"https:\\\/\\\/www.lafarga.com\\\/corporatiu\\\/?s={search_term_string}\"},\"query-input\":{\"@type\":\"PropertyValueSpecification\",\"valueRequired\":true,\"valueName\":\"search_term_string\"}}],\"inLanguage\":\"ca\"},{\"@type\":\"Organization\",\"@id\":\"https:\\\/\\\/www.lafarga.com\\\/corporatiu\\\/#organization\",\"name\":\"La Farga Gesti\u00f3 d&#039;Equipaments Municipals, SA\",\"url\":\"https:\\\/\\\/www.lafarga.com\\\/corporatiu\\\/\",\"logo\":{\"@type\":\"ImageObject\",\"inLanguage\":\"ca\",\"@id\":\"https:\\\/\\\/www.lafarga.com\\\/corporatiu\\\/#\\\/schema\\\/logo\\\/image\\\/\",\"url\":\"https:\\\/\\\/www.lafarga.com\\\/corporatiu\\\/wp-content\\\/uploads\\\/2023\\\/11\\\/logotipo_lafarga_gemsa.svg\",\"contentUrl\":\"https:\\\/\\\/www.lafarga.com\\\/corporatiu\\\/wp-content\\\/uploads\\\/2023\\\/11\\\/logotipo_lafarga_gemsa.svg\",\"width\":102,\"height\":103,\"caption\":\"La Farga Gesti\u00f3 d&#039;Equipaments Municipals, SA\"},\"image\":{\"@id\":\"https:\\\/\\\/www.lafarga.com\\\/corporatiu\\\/#\\\/schema\\\/logo\\\/image\\\/\"}},{\"@type\":\"Person\",\"@id\":\"https:\\\/\\\/www.lafarga.com\\\/corporatiu\\\/#\\\/schema\\\/person\\\/70d96fe17d0da1a9c9e80d232bdbcf33\",\"name\":\"\u00d2scar Milla\",\"image\":{\"@type\":\"ImageObject\",\"inLanguage\":\"ca\",\"@id\":\"https:\\\/\\\/secure.gravatar.com\\\/avatar\\\/92e75d184f9d5e0e403bd4ad075b080ad258344ddc259adddb579f6a3ba6494f?s=96&d=mm&r=g\",\"url\":\"https:\\\/\\\/secure.gravatar.com\\\/avatar\\\/92e75d184f9d5e0e403bd4ad075b080ad258344ddc259adddb579f6a3ba6494f?s=96&d=mm&r=g\",\"contentUrl\":\"https:\\\/\\\/secure.gravatar.com\\\/avatar\\\/92e75d184f9d5e0e403bd4ad075b080ad258344ddc259adddb579f6a3ba6494f?s=96&d=mm&r=g\",\"caption\":\"\u00d2scar Milla\"},\"url\":\"https:\\\/\\\/www.lafarga.com\\\/corporatiu\\\/author\\\/omilla\\\/\"}]}<\/script>\n<!-- \/ Yoast SEO plugin. -->","yoast_head_json":{"title":"Inici escolar marcat pel Covid - La Farga Gesti\u00f3n de Equipamientos Municipales, S.A.","description":"L\u2019inici del curs escolar, marcat pel Covid, \u00e9s el principal tema de portada del Diari de L\u2019Hospitalet d\u2019aquest mes de setembre.","robots":{"index":"index","follow":"follow","max-snippet":"max-snippet:-1","max-image-preview":"max-image-preview:large","max-video-preview":"max-video-preview:-1"},"canonical":"https:\/\/www.lafarga.com\/corporatiu\/inici-escolar-marcat-covid\/","og_locale":"ca_ES","og_type":"article","og_title":"Inici escolar marcat pel Covid - La Farga Gesti\u00f3n de Equipamientos Municipales, S.A.","og_description":"L\u2019inici del curs escolar, marcat pel Covid, \u00e9s el principal tema de portada del Diari de L\u2019Hospitalet d\u2019aquest mes de setembre.","og_url":"https:\/\/www.lafarga.com\/corporatiu\/inici-escolar-marcat-covid\/","og_site_name":"La Farga Gesti\u00f3n de Equipamientos Municipales, S.A.","article_published_time":"2020-09-22T09:07:46+00:00","article_modified_time":"2020-09-22T09:16:20+00:00","og_image":[{"width":730,"height":410,"url":"https:\/\/www.lafarga.com\/corporatiu\/wp-content\/uploads\/2020\/09\/Diari-LH-Setembre-20.jpg","type":"image\/jpeg"}],"author":"\u00d2scar Milla","twitter_misc":{"Escrit per":"\u00d2scar Milla","Temps estimat de lectura":"1 minut"},"schema":{"@context":"https:\/\/schema.org","@graph":[{"@type":"Article","@id":"https:\/\/www.lafarga.com\/corporatiu\/inici-escolar-marcat-covid\/#article","isPartOf":{"@id":"https:\/\/www.lafarga.com\/corporatiu\/inici-escolar-marcat-covid\/"},"author":{"name":"\u00d2scar Milla","@id":"https:\/\/www.lafarga.com\/corporatiu\/#\/schema\/person\/70d96fe17d0da1a9c9e80d232bdbcf33"},"headline":"Inici escolar marcat pel Covid","datePublished":"2020-09-22T09:07:46+00:00","dateModified":"2020-09-22T09:16:20+00:00","mainEntityOfPage":{"@id":"https:\/\/www.lafarga.com\/corporatiu\/inici-escolar-marcat-covid\/"},"wordCount":304,"publisher":{"@id":"https:\/\/www.lafarga.com\/corporatiu\/#organization"},"image":{"@id":"https:\/\/www.lafarga.com\/corporatiu\/inici-escolar-marcat-covid\/#primaryimage"},"thumbnailUrl":"https:\/\/www.lafarga.com\/corporatiu\/wp-content\/uploads\/2020\/09\/Diari-LH-Setembre-20.jpg","articleSection":["Mitjans de Comunicaci\u00f3"],"inLanguage":"ca"},{"@type":"WebPage","@id":"https:\/\/www.lafarga.com\/corporatiu\/inici-escolar-marcat-covid\/","url":"https:\/\/www.lafarga.com\/corporatiu\/inici-escolar-marcat-covid\/","name":"Inici escolar marcat pel Covid - La Farga Gesti\u00f3n de Equipamientos Municipales, S.A.","isPartOf":{"@id":"https:\/\/www.lafarga.com\/corporatiu\/#website"},"primaryImageOfPage":{"@id":"https:\/\/www.lafarga.com\/corporatiu\/inici-escolar-marcat-covid\/#primaryimage"},"image":{"@id":"https:\/\/www.lafarga.com\/corporatiu\/inici-escolar-marcat-covid\/#primaryimage"},"thumbnailUrl":"https:\/\/www.lafarga.com\/corporatiu\/wp-content\/uploads\/2020\/09\/Diari-LH-Setembre-20.jpg","datePublished":"2020-09-22T09:07:46+00:00","dateModified":"2020-09-22T09:16:20+00:00","description":"L\u2019inici del curs escolar, marcat pel Covid, \u00e9s el principal tema de portada del Diari de L\u2019Hospitalet d\u2019aquest mes de setembre.","breadcrumb":{"@id":"https:\/\/www.lafarga.com\/corporatiu\/inici-escolar-marcat-covid\/#breadcrumb"},"inLanguage":"ca","potentialAction":[{"@type":"ReadAction","target":["https:\/\/www.lafarga.com\/corporatiu\/inici-escolar-marcat-covid\/"]}]},{"@type":"ImageObject","inLanguage":"ca","@id":"https:\/\/www.lafarga.com\/corporatiu\/inici-escolar-marcat-covid\/#primaryimage","url":"https:\/\/www.lafarga.com\/corporatiu\/wp-content\/uploads\/2020\/09\/Diari-LH-Setembre-20.jpg","contentUrl":"https:\/\/www.lafarga.com\/corporatiu\/wp-content\/uploads\/2020\/09\/Diari-LH-Setembre-20.jpg","width":730,"height":410,"caption":"Diari Covid Farga"},{"@type":"BreadcrumbList","@id":"https:\/\/www.lafarga.com\/corporatiu\/inici-escolar-marcat-covid\/#breadcrumb","itemListElement":[{"@type":"ListItem","position":1,"name":"Home","item":"https:\/\/www.lafarga.com\/corporatiu\/lafarga-hospitalet-llobregat\/"},{"@type":"ListItem","position":2,"name":"Inici escolar marcat pel Covid"}]},{"@type":"WebSite","@id":"https:\/\/www.lafarga.com\/corporatiu\/#website","url":"https:\/\/www.lafarga.com\/corporatiu\/","name":"La Farga Gesti\u00f3 d&#039;Equipaments Municipals, SA","description":"","publisher":{"@id":"https:\/\/www.lafarga.com\/corporatiu\/#organization"},"potentialAction":[{"@type":"SearchAction","target":{"@type":"EntryPoint","urlTemplate":"https:\/\/www.lafarga.com\/corporatiu\/?s={search_term_string}"},"query-input":{"@type":"PropertyValueSpecification","valueRequired":true,"valueName":"search_term_string"}}],"inLanguage":"ca"},{"@type":"Organization","@id":"https:\/\/www.lafarga.com\/corporatiu\/#organization","name":"La Farga Gesti\u00f3 d&#039;Equipaments Municipals, SA","url":"https:\/\/www.lafarga.com\/corporatiu\/","logo":{"@type":"ImageObject","inLanguage":"ca","@id":"https:\/\/www.lafarga.com\/corporatiu\/#\/schema\/logo\/image\/","url":"https:\/\/www.lafarga.com\/corporatiu\/wp-content\/uploads\/2023\/11\/logotipo_lafarga_gemsa.svg","contentUrl":"https:\/\/www.lafarga.com\/corporatiu\/wp-content\/uploads\/2023\/11\/logotipo_lafarga_gemsa.svg","width":102,"height":103,"caption":"La Farga Gesti\u00f3 d&#039;Equipaments Municipals, SA"},"image":{"@id":"https:\/\/www.lafarga.com\/corporatiu\/#\/schema\/logo\/image\/"}},{"@type":"Person","@id":"https:\/\/www.lafarga.com\/corporatiu\/#\/schema\/person\/70d96fe17d0da1a9c9e80d232bdbcf33","name":"\u00d2scar Milla","image":{"@type":"ImageObject","inLanguage":"ca","@id":"https:\/\/secure.gravatar.com\/avatar\/92e75d184f9d5e0e403bd4ad075b080ad258344ddc259adddb579f6a3ba6494f?s=96&d=mm&r=g","url":"https:\/\/secure.gravatar.com\/avatar\/92e75d184f9d5e0e403bd4ad075b080ad258344ddc259adddb579f6a3ba6494f?s=96&d=mm&r=g","contentUrl":"https:\/\/secure.gravatar.com\/avatar\/92e75d184f9d5e0e403bd4ad075b080ad258344ddc259adddb579f6a3ba6494f?s=96&d=mm&r=g","caption":"\u00d2scar Milla"},"url":"https:\/\/www.lafarga.com\/corporatiu\/author\/omilla\/"}]}},"uagb_featured_image_src":{"full":["https:\/\/www.lafarga.com\/corporatiu\/wp-content\/uploads\/2020\/09\/Diari-LH-Setembre-20.jpg",730,410,false],"thumbnail":["https:\/\/www.lafarga.com\/corporatiu\/wp-content\/uploads\/2020\/09\/Diari-LH-Setembre-20-150x150.jpg",150,150,true],"medium":["https:\/\/www.lafarga.com\/corporatiu\/wp-content\/uploads\/2020\/09\/Diari-LH-Setembre-20-300x168.jpg",300,168,true],"medium_large":["https:\/\/www.lafarga.com\/corporatiu\/wp-content\/uploads\/2020\/09\/Diari-LH-Setembre-20.jpg",730,410,false],"large":["https:\/\/www.lafarga.com\/corporatiu\/wp-content\/uploads\/2020\/09\/Diari-LH-Setembre-20.jpg",730,410,false],"1536x1536":["https:\/\/www.lafarga.com\/corporatiu\/wp-content\/uploads\/2020\/09\/Diari-LH-Setembre-20.jpg",730,410,false],"2048x2048":["https:\/\/www.lafarga.com\/corporatiu\/wp-content\/uploads\/2020\/09\/Diari-LH-Setembre-20.jpg",730,410,false],"mailpoet_newsletter_max":["https:\/\/www.lafarga.com\/corporatiu\/wp-content\/uploads\/2020\/09\/Diari-LH-Setembre-20.jpg",730,410,false]},"uagb_author_info":{"display_name":"\u00d2scar Milla","author_link":"https:\/\/www.lafarga.com\/corporatiu\/author\/omilla\/"},"uagb_comment_info":0,"uagb_excerpt":"L\u2019inici del curs escolar, marcat pel Covid, \u00e9s el principal tema de portada del Diari de L\u2019Hospitalet d\u2019aquest mes de setembre. M\u00e9s de 30.000 alumnes tornen a classe i s\u2019obre el nou institut escola a Pubilla Cases.","_links":{"self":[{"href":"https:\/\/www.lafarga.com\/corporatiu\/wp-json\/wp\/v2\/posts\/14935","targetHints":{"allow":["GET"]}}],"collection":[{"href":"https:\/\/www.lafarga.com\/corporatiu\/wp-json\/wp\/v2\/posts"}],"about":[{"href":"https:\/\/www.lafarga.com\/corporatiu\/wp-json\/wp\/v2\/types\/post"}],"author":[{"embeddable":true,"href":"https:\/\/www.lafarga.com\/corporatiu\/wp-json\/wp\/v2\/users\/5"}],"replies":[{"embeddable":true,"href":"https:\/\/www.lafarga.com\/corporatiu\/wp-json\/wp\/v2\/comments?post=14935"}],"version-history":[{"count":2,"href":"https:\/\/www.lafarga.com\/corporatiu\/wp-json\/wp\/v2\/posts\/14935\/revisions"}],"predecessor-version":[{"id":14943,"href":"https:\/\/www.lafarga.com\/corporatiu\/wp-json\/wp\/v2\/posts\/14935\/revisions\/14943"}],"wp:featuredmedia":[{"embeddable":true,"href":"https:\/\/www.lafarga.com\/corporatiu\/wp-json\/wp\/v2\/media\/14937"}],"wp:attachment":[{"href":"https:\/\/www.lafarga.com\/corporatiu\/wp-json\/wp\/v2\/media?parent=14935"}],"wp:term":[{"taxonomy":"category","embeddable":true,"href":"https:\/\/www.lafarga.com\/corporatiu\/wp-json\/wp\/v2\/categories?post=14935"},{"taxonomy":"post_tag","embeddable":true,"href":"https:\/\/www.lafarga.com\/corporatiu\/wp-json\/wp\/v2\/tags?post=14935"}],"curies":[{"name":"wp","href":"https:\/\/api.w.org\/{rel}","templated":true}]}}