{"id":14887,"date":"2020-09-07T11:47:59","date_gmt":"2020-09-07T11:47:59","guid":{"rendered":"http:\/\/www.lafarga.com\/corporatiu\/?p=14887"},"modified":"2020-09-07T12:14:50","modified_gmt":"2020-09-07T12:14:50","slug":"tv-lhospitalet-abre-nueva-temporada","status":"publish","type":"post","link":"https:\/\/www.lafarga.com\/corporatiu\/tv-lhospitalet-abre-nueva-temporada\/","title":{"rendered":"TV L\u2019Hospitalet abre nueva temporada"},"content":{"rendered":"\n<p><h5>&#8220;L&#8217;Informatiu&#8221; se consolida a las 15 horas<\/h5>\n<p>A partir de este lunes 7 de septiembre, vuelven los programas de <a href=\"https:\/\/lhdigital.cat\/web\/digital-h\/televisio\" target=\"_blank\" rel=\"noopener noreferrer\"><strong>Televisi\u00f3 L&#8217;Hospitalet<\/strong><\/a>. La novedad de la temporada 2020-2021 es el cambio definitivo del horario de &#8220;L&#8217;Informatiu&#8221; que se consolida a las 15 horas.<\/p><\/p>\n\n\n\n<p>&#8220;L&#8217;Informatiu&#8221;, el espacio editado y presentado por Montse Qui\u00f1onero y Rub\u00e9n Blas, ofrece de lunes a viernes la actualidad de la ciudad. Adem\u00e1s de noticias, &#8220;L&#8217;Informatiu&#8221; incluir\u00e1 entrevistas con protagonistas de la actualidad y con expertos que analizar\u00e1n diversas cuestiones del d\u00eda a d\u00eda.<\/p>\n\n\n\n<p>Aunque el estreno de &#8220;L&#8217;Informatiu&#8221; ser\u00e1 a las 15 horas, tambi\u00e9n contin\u00faa emiti\u00e9ndose en reemisi\u00f3n en la franja habitual de las 19.30 horas. Los fines de semana se emitir\u00e1 un resumen de la informaci\u00f3n destacada de la semana.<\/p>\n\n\n\n<p><h5>Vuelven los programas tem\u00e1ticos de TV L&#8217;Hospitalet<\/h5>\n<p>Tambi\u00e9n vuelven, a partir de este lunes 7 de septiembre, los programas tem\u00e1ticos en el horario habitual de las 20 horas.<\/p><\/p>\n\n\n\n<p>El primer programa que vuelve a las pantallas es el espacio dedicado a la actualidad deportiva de la ciudad, &#8220;L&#8217;H en joc&#8221;, que presenta Sergi Esparza. Este lunes el programa incluir\u00e1 las entrevistas con Santi Ballest\u00e9, presidente del CE L&#8217;Hospitalet; y con David Rodr\u00edguez, director t\u00e9cnico de L&#8217;H Atletisme, para hablar del Campeonato de Espa\u00f1a del 12 de septiembre.<\/p>\n\n\n\n<p>El martes es el turno de &#8220;Ve\u00efns&#8221;, el espacio que presenta Pere Montesinos y que tiene como protagonistas a entidades y asociaciones de la ciudad. Esta semana contar\u00e1 con Rafael Algarra, vecino que naci\u00f3 en el Castell de Bellv\u00eds; y Isa Infante, fisioterapeuta, con motivo del D\u00eda mundial de la fisioterapia.<\/p>\n\n\n\n<p>El mi\u00e9rcoles el mundo de la educaci\u00f3n en L&#8217;Hospitalet es protagonista en el espacio &#8220;Aula L&#8217;H&#8221;. El programa que presenta N\u00faria Toril continuar\u00e1 ofreciendo entrevistas, noticias y reportajes y esta temporada introduce una nueva secci\u00f3n: de Aula en Aula, un espacio con entrevistas en las escuelas e institutos. A partir de octubre tambi\u00e9n volver\u00e1n las secciones mensuales dedicadas a conocer mujeres de ciencia; las actividades medioambientales de la Xarxa L&#8217;H d&#8217;Escoles Sostenibles; y la biodiversidad de la ciudad.<\/p>\n\n\n\n<p>El programa del mi\u00e9rcoles, 9 de septiembre, incluir\u00e1 la entrevista al nuevo teniente de alcalde de Educaci\u00f3n, David Quir\u00f3s; tambi\u00e9n con la directora de la escuela Pep Ventura, Montserrat Sancho, para saber c\u00f3mo preparan el inicio de curso; y la visita a la guarder\u00eda Casa del Mol\u00ed.<\/p>\n\n\n\n<p><h5>Taquilla Inversa, un cl\u00e1sico<\/h5>\n<p>El jueves, la cultura ser\u00e1 la protagonista en &#8220;Taquilla Inversa&#8221;. El programa que presenta Laura Alsina vuelve con entrevistas y reportajes. El jueves, 10 de septiembre, contar\u00e1 con la entrevista a Joselito, director art\u00edstico del Festival &#8220;Per Amor a L&#8217;Hart&#8221;; entrevista y ac\u00fastico del grupo Rumbesia que act\u00faan dentro del Summer Experience; y entrevista al director \u00d3scar G\u00f3mez que presenta su largometraje de terror &#8220;The dark Village&#8221;.<\/p><\/p>\n\n\n\n<p>Y el viernes, vuelve &#8220;Batecs L&#8217;H&#8221;, el espacio dedicado a personajes singulares de la ciudad de la mano de Marina Toledo.<\/p>\n\n\n\n<p>Otra novedad es que el espacio de reportajes &#8220;En primera persona&#8221;, que la temporada pasada se incluy\u00f3 en &#8220;L&#8217;Informatiu&#8221;, a partir de ahora tendr\u00e1 entidad propia y se emitir\u00e1 el viernes a las 20.15, despu\u00e9s de &#8220;Batecs L&#8217;H&#8221;.<\/p>\n\n\n\n<p>Todos los programas se pueden consultar en la carta a <a href=\"https:\/\/lhdigital.cat\/web\/digital-h\/\" target=\"_blank\" rel=\"noopener noreferrer\"><strong>L&#8217;Hdigital<\/strong><\/a>.<\/p>\n\n\n\n<p>TV L&#8217;Hospitalet es un <a href=\"https:\/\/www.lafarga.com\/corporatiu\/medios-comunicacion-hospitalet-la-farga\/\" target=\"_blank\" rel=\"noopener noreferrer\"><strong>medio de comunicaci\u00f3n<\/strong><\/a> gestionado por La Farga Gesti\u00f3n de Equipamientos Municipales.<\/p>\n","protected":false},"excerpt":{"rendered":"<p>A partir de este lunes 7 de septiembre, vuelven los programas de Televisi\u00f3 L&#8217;Hospitalet. La novedad de la temporada 2020-2021 es el cambio definitivo del horario de &#8220;L&#8217;Informatiu&#8221; que se consolida a las 15 h.<\/p>\n","protected":false},"author":5,"featured_media":14884,"comment_status":"closed","ping_status":"closed","sticky":false,"template":"","format":"standard","meta":{"inline_featured_image":false,"_uag_custom_page_level_css":"","_monsterinsights_skip_tracking":false,"_monsterinsights_sitenote_active":false,"_monsterinsights_sitenote_note":"","_monsterinsights_sitenote_category":0,"site-sidebar-layout":"default","site-content-layout":"","ast-site-content-layout":"default","site-content-style":"default","site-sidebar-style":"default","ast-global-header-display":"","ast-banner-title-visibility":"","ast-main-header-display":"","ast-hfb-above-header-display":"","ast-hfb-below-header-display":"","ast-hfb-mobile-header-display":"","site-post-title":"","ast-breadcrumbs-content":"","ast-featured-img":"","footer-sml-layout":"","ast-disable-related-posts":"","theme-transparent-header-meta":"","adv-header-id-meta":"","stick-header-meta":"","header-above-stick-meta":"","header-main-stick-meta":"","header-below-stick-meta":"","astra-migrate-meta-layouts":"default","ast-page-background-enabled":"default","ast-page-background-meta":{"desktop":{"background-color":"var(--ast-global-color-4)","background-image":"","background-repeat":"repeat","background-position":"center center","background-size":"auto","background-attachment":"scroll","background-type":"","background-media":"","overlay-type":"","overlay-color":"","overlay-opacity":"","overlay-gradient":""},"tablet":{"background-color":"","background-image":"","background-repeat":"repeat","background-position":"center center","background-size":"auto","background-attachment":"scroll","background-type":"","background-media":"","overlay-type":"","overlay-color":"","overlay-opacity":"","overlay-gradient":""},"mobile":{"background-color":"","background-image":"","background-repeat":"repeat","background-position":"center center","background-size":"auto","background-attachment":"scroll","background-type":"","background-media":"","overlay-type":"","overlay-color":"","overlay-opacity":"","overlay-gradient":""}},"ast-content-background-meta":{"desktop":{"background-color":"var(--ast-global-color-5)","background-image":"","background-repeat":"repeat","background-position":"center center","background-size":"auto","background-attachment":"scroll","background-type":"","background-media":"","overlay-type":"","overlay-color":"","overlay-opacity":"","overlay-gradient":""},"tablet":{"background-color":"var(--ast-global-color-5)","background-image":"","background-repeat":"repeat","background-position":"center center","background-size":"auto","background-attachment":"scroll","background-type":"","background-media":"","overlay-type":"","overlay-color":"","overlay-opacity":"","overlay-gradient":""},"mobile":{"background-color":"var(--ast-global-color-5)","background-image":"","background-repeat":"repeat","background-position":"center center","background-size":"auto","background-attachment":"scroll","background-type":"","background-media":"","overlay-type":"","overlay-color":"","overlay-opacity":"","overlay-gradient":""}},"footnotes":""},"categories":[81],"tags":[],"class_list":["post-14887","post","type-post","status-publish","format-standard","has-post-thumbnail","hentry","category-medios-comunicacion"],"yoast_head":"<!-- This site is optimized with the Yoast SEO plugin v27.4 - https:\/\/yoast.com\/product\/yoast-seo-wordpress\/ -->\n<title>TV L\u2019Hospitalet abre nueva temporada - La Farga Gesti\u00f3n de Equipamientos Municipales, S.A.<\/title>\n<meta name=\"description\" content=\"A partir d&#039;aquest dilluns 7 de setembre, tornen els programes de TV L&#039;Hospitalet. L&#039;Informartiu es consolida a les 15 hores.\" \/>\n<meta name=\"robots\" content=\"index, follow, max-snippet:-1, max-image-preview:large, max-video-preview:-1\" \/>\n<link rel=\"canonical\" href=\"https:\/\/www.lafarga.com\/corporatiu\/tv-lhospitalet-abre-nueva-temporada\/\" \/>\n<meta property=\"og:locale\" content=\"ca_ES\" \/>\n<meta property=\"og:type\" content=\"article\" \/>\n<meta property=\"og:title\" content=\"TV L\u2019Hospitalet abre nueva temporada - La Farga Gesti\u00f3n de Equipamientos Municipales, S.A.\" \/>\n<meta property=\"og:description\" content=\"A partir d&#039;aquest dilluns 7 de setembre, tornen els programes de TV L&#039;Hospitalet. L&#039;Informartiu es consolida a les 15 hores.\" \/>\n<meta property=\"og:url\" content=\"https:\/\/www.lafarga.com\/corporatiu\/tv-lhospitalet-abre-nueva-temporada\/\" \/>\n<meta property=\"og:site_name\" content=\"La Farga Gesti\u00f3n de Equipamientos Municipales, S.A.\" \/>\n<meta property=\"article:published_time\" content=\"2020-09-07T11:47:59+00:00\" \/>\n<meta property=\"article:modified_time\" content=\"2020-09-07T12:14:50+00:00\" \/>\n<meta property=\"og:image\" content=\"https:\/\/www.lafarga.com\/corporatiu\/wp-content\/uploads\/2020\/09\/TVLHospitalet-Farga-2020.jpg\" \/>\n\t<meta property=\"og:image:width\" content=\"730\" \/>\n\t<meta property=\"og:image:height\" content=\"410\" \/>\n\t<meta property=\"og:image:type\" content=\"image\/jpeg\" \/>\n<meta name=\"author\" content=\"\u00d2scar Milla\" \/>\n<meta name=\"twitter:label1\" content=\"Escrit per\" \/>\n\t<meta name=\"twitter:data1\" content=\"\u00d2scar Milla\" \/>\n\t<meta name=\"twitter:label2\" content=\"Temps estimat de lectura\" \/>\n\t<meta name=\"twitter:data2\" content=\"3 minuts\" \/>\n<script type=\"application\/ld+json\" class=\"yoast-schema-graph\">{\"@context\":\"https:\\\/\\\/schema.org\",\"@graph\":[{\"@type\":\"Article\",\"@id\":\"https:\\\/\\\/www.lafarga.com\\\/corporatiu\\\/tv-lhospitalet-abre-nueva-temporada\\\/#article\",\"isPartOf\":{\"@id\":\"https:\\\/\\\/www.lafarga.com\\\/corporatiu\\\/tv-lhospitalet-abre-nueva-temporada\\\/\"},\"author\":{\"name\":\"\u00d2scar Milla\",\"@id\":\"https:\\\/\\\/www.lafarga.com\\\/corporatiu\\\/#\\\/schema\\\/person\\\/70d96fe17d0da1a9c9e80d232bdbcf33\"},\"headline\":\"TV L\u2019Hospitalet abre nueva temporada\",\"datePublished\":\"2020-09-07T11:47:59+00:00\",\"dateModified\":\"2020-09-07T12:14:50+00:00\",\"mainEntityOfPage\":{\"@id\":\"https:\\\/\\\/www.lafarga.com\\\/corporatiu\\\/tv-lhospitalet-abre-nueva-temporada\\\/\"},\"wordCount\":598,\"publisher\":{\"@id\":\"https:\\\/\\\/www.lafarga.com\\\/corporatiu\\\/#organization\"},\"image\":{\"@id\":\"https:\\\/\\\/www.lafarga.com\\\/corporatiu\\\/tv-lhospitalet-abre-nueva-temporada\\\/#primaryimage\"},\"thumbnailUrl\":\"https:\\\/\\\/www.lafarga.com\\\/corporatiu\\\/wp-content\\\/uploads\\\/2020\\\/09\\\/TVLHospitalet-Farga-2020.jpg\",\"articleSection\":[\"Medios de Comunicaci\u00f3n\"],\"inLanguage\":\"ca\"},{\"@type\":\"WebPage\",\"@id\":\"https:\\\/\\\/www.lafarga.com\\\/corporatiu\\\/tv-lhospitalet-abre-nueva-temporada\\\/\",\"url\":\"https:\\\/\\\/www.lafarga.com\\\/corporatiu\\\/tv-lhospitalet-abre-nueva-temporada\\\/\",\"name\":\"TV L\u2019Hospitalet abre nueva temporada - La Farga Gesti\u00f3n de Equipamientos Municipales, S.A.\",\"isPartOf\":{\"@id\":\"https:\\\/\\\/www.lafarga.com\\\/corporatiu\\\/#website\"},\"primaryImageOfPage\":{\"@id\":\"https:\\\/\\\/www.lafarga.com\\\/corporatiu\\\/tv-lhospitalet-abre-nueva-temporada\\\/#primaryimage\"},\"image\":{\"@id\":\"https:\\\/\\\/www.lafarga.com\\\/corporatiu\\\/tv-lhospitalet-abre-nueva-temporada\\\/#primaryimage\"},\"thumbnailUrl\":\"https:\\\/\\\/www.lafarga.com\\\/corporatiu\\\/wp-content\\\/uploads\\\/2020\\\/09\\\/TVLHospitalet-Farga-2020.jpg\",\"datePublished\":\"2020-09-07T11:47:59+00:00\",\"dateModified\":\"2020-09-07T12:14:50+00:00\",\"description\":\"A partir d'aquest dilluns 7 de setembre, tornen els programes de TV L'Hospitalet. L'Informartiu es consolida a les 15 hores.\",\"breadcrumb\":{\"@id\":\"https:\\\/\\\/www.lafarga.com\\\/corporatiu\\\/tv-lhospitalet-abre-nueva-temporada\\\/#breadcrumb\"},\"inLanguage\":\"ca\",\"potentialAction\":[{\"@type\":\"ReadAction\",\"target\":[\"https:\\\/\\\/www.lafarga.com\\\/corporatiu\\\/tv-lhospitalet-abre-nueva-temporada\\\/\"]}]},{\"@type\":\"ImageObject\",\"inLanguage\":\"ca\",\"@id\":\"https:\\\/\\\/www.lafarga.com\\\/corporatiu\\\/tv-lhospitalet-abre-nueva-temporada\\\/#primaryimage\",\"url\":\"https:\\\/\\\/www.lafarga.com\\\/corporatiu\\\/wp-content\\\/uploads\\\/2020\\\/09\\\/TVLHospitalet-Farga-2020.jpg\",\"contentUrl\":\"https:\\\/\\\/www.lafarga.com\\\/corporatiu\\\/wp-content\\\/uploads\\\/2020\\\/09\\\/TVLHospitalet-Farga-2020.jpg\",\"width\":730,\"height\":410,\"caption\":\"TV LHospitalet\"},{\"@type\":\"BreadcrumbList\",\"@id\":\"https:\\\/\\\/www.lafarga.com\\\/corporatiu\\\/tv-lhospitalet-abre-nueva-temporada\\\/#breadcrumb\",\"itemListElement\":[{\"@type\":\"ListItem\",\"position\":1,\"name\":\"Home\",\"item\":\"https:\\\/\\\/www.lafarga.com\\\/corporatiu\\\/lafarga-hospitalet-llobregat\\\/\"},{\"@type\":\"ListItem\",\"position\":2,\"name\":\"TV L\u2019Hospitalet abre nueva temporada\"}]},{\"@type\":\"WebSite\",\"@id\":\"https:\\\/\\\/www.lafarga.com\\\/corporatiu\\\/#website\",\"url\":\"https:\\\/\\\/www.lafarga.com\\\/corporatiu\\\/\",\"name\":\"La Farga Gesti\u00f3 d&#039;Equipaments Municipals, SA\",\"description\":\"\",\"publisher\":{\"@id\":\"https:\\\/\\\/www.lafarga.com\\\/corporatiu\\\/#organization\"},\"potentialAction\":[{\"@type\":\"SearchAction\",\"target\":{\"@type\":\"EntryPoint\",\"urlTemplate\":\"https:\\\/\\\/www.lafarga.com\\\/corporatiu\\\/?s={search_term_string}\"},\"query-input\":{\"@type\":\"PropertyValueSpecification\",\"valueRequired\":true,\"valueName\":\"search_term_string\"}}],\"inLanguage\":\"ca\"},{\"@type\":\"Organization\",\"@id\":\"https:\\\/\\\/www.lafarga.com\\\/corporatiu\\\/#organization\",\"name\":\"La Farga Gesti\u00f3 d&#039;Equipaments Municipals, SA\",\"url\":\"https:\\\/\\\/www.lafarga.com\\\/corporatiu\\\/\",\"logo\":{\"@type\":\"ImageObject\",\"inLanguage\":\"ca\",\"@id\":\"https:\\\/\\\/www.lafarga.com\\\/corporatiu\\\/#\\\/schema\\\/logo\\\/image\\\/\",\"url\":\"https:\\\/\\\/www.lafarga.com\\\/corporatiu\\\/wp-content\\\/uploads\\\/2023\\\/11\\\/logotipo_lafarga_gemsa.svg\",\"contentUrl\":\"https:\\\/\\\/www.lafarga.com\\\/corporatiu\\\/wp-content\\\/uploads\\\/2023\\\/11\\\/logotipo_lafarga_gemsa.svg\",\"width\":102,\"height\":103,\"caption\":\"La Farga Gesti\u00f3 d&#039;Equipaments Municipals, SA\"},\"image\":{\"@id\":\"https:\\\/\\\/www.lafarga.com\\\/corporatiu\\\/#\\\/schema\\\/logo\\\/image\\\/\"}},{\"@type\":\"Person\",\"@id\":\"https:\\\/\\\/www.lafarga.com\\\/corporatiu\\\/#\\\/schema\\\/person\\\/70d96fe17d0da1a9c9e80d232bdbcf33\",\"name\":\"\u00d2scar Milla\",\"image\":{\"@type\":\"ImageObject\",\"inLanguage\":\"ca\",\"@id\":\"https:\\\/\\\/secure.gravatar.com\\\/avatar\\\/92e75d184f9d5e0e403bd4ad075b080ad258344ddc259adddb579f6a3ba6494f?s=96&d=mm&r=g\",\"url\":\"https:\\\/\\\/secure.gravatar.com\\\/avatar\\\/92e75d184f9d5e0e403bd4ad075b080ad258344ddc259adddb579f6a3ba6494f?s=96&d=mm&r=g\",\"contentUrl\":\"https:\\\/\\\/secure.gravatar.com\\\/avatar\\\/92e75d184f9d5e0e403bd4ad075b080ad258344ddc259adddb579f6a3ba6494f?s=96&d=mm&r=g\",\"caption\":\"\u00d2scar Milla\"},\"url\":\"https:\\\/\\\/www.lafarga.com\\\/corporatiu\\\/author\\\/omilla\\\/\"}]}<\/script>\n<!-- \/ Yoast SEO plugin. -->","yoast_head_json":{"title":"TV L\u2019Hospitalet abre nueva temporada - La Farga Gesti\u00f3n de Equipamientos Municipales, S.A.","description":"A partir d'aquest dilluns 7 de setembre, tornen els programes de TV L'Hospitalet. L'Informartiu es consolida a les 15 hores.","robots":{"index":"index","follow":"follow","max-snippet":"max-snippet:-1","max-image-preview":"max-image-preview:large","max-video-preview":"max-video-preview:-1"},"canonical":"https:\/\/www.lafarga.com\/corporatiu\/tv-lhospitalet-abre-nueva-temporada\/","og_locale":"ca_ES","og_type":"article","og_title":"TV L\u2019Hospitalet abre nueva temporada - La Farga Gesti\u00f3n de Equipamientos Municipales, S.A.","og_description":"A partir d'aquest dilluns 7 de setembre, tornen els programes de TV L'Hospitalet. L'Informartiu es consolida a les 15 hores.","og_url":"https:\/\/www.lafarga.com\/corporatiu\/tv-lhospitalet-abre-nueva-temporada\/","og_site_name":"La Farga Gesti\u00f3n de Equipamientos Municipales, S.A.","article_published_time":"2020-09-07T11:47:59+00:00","article_modified_time":"2020-09-07T12:14:50+00:00","og_image":[{"width":730,"height":410,"url":"https:\/\/www.lafarga.com\/corporatiu\/wp-content\/uploads\/2020\/09\/TVLHospitalet-Farga-2020.jpg","type":"image\/jpeg"}],"author":"\u00d2scar Milla","twitter_misc":{"Escrit per":"\u00d2scar Milla","Temps estimat de lectura":"3 minuts"},"schema":{"@context":"https:\/\/schema.org","@graph":[{"@type":"Article","@id":"https:\/\/www.lafarga.com\/corporatiu\/tv-lhospitalet-abre-nueva-temporada\/#article","isPartOf":{"@id":"https:\/\/www.lafarga.com\/corporatiu\/tv-lhospitalet-abre-nueva-temporada\/"},"author":{"name":"\u00d2scar Milla","@id":"https:\/\/www.lafarga.com\/corporatiu\/#\/schema\/person\/70d96fe17d0da1a9c9e80d232bdbcf33"},"headline":"TV L\u2019Hospitalet abre nueva temporada","datePublished":"2020-09-07T11:47:59+00:00","dateModified":"2020-09-07T12:14:50+00:00","mainEntityOfPage":{"@id":"https:\/\/www.lafarga.com\/corporatiu\/tv-lhospitalet-abre-nueva-temporada\/"},"wordCount":598,"publisher":{"@id":"https:\/\/www.lafarga.com\/corporatiu\/#organization"},"image":{"@id":"https:\/\/www.lafarga.com\/corporatiu\/tv-lhospitalet-abre-nueva-temporada\/#primaryimage"},"thumbnailUrl":"https:\/\/www.lafarga.com\/corporatiu\/wp-content\/uploads\/2020\/09\/TVLHospitalet-Farga-2020.jpg","articleSection":["Medios de Comunicaci\u00f3n"],"inLanguage":"ca"},{"@type":"WebPage","@id":"https:\/\/www.lafarga.com\/corporatiu\/tv-lhospitalet-abre-nueva-temporada\/","url":"https:\/\/www.lafarga.com\/corporatiu\/tv-lhospitalet-abre-nueva-temporada\/","name":"TV L\u2019Hospitalet abre nueva temporada - La Farga Gesti\u00f3n de Equipamientos Municipales, S.A.","isPartOf":{"@id":"https:\/\/www.lafarga.com\/corporatiu\/#website"},"primaryImageOfPage":{"@id":"https:\/\/www.lafarga.com\/corporatiu\/tv-lhospitalet-abre-nueva-temporada\/#primaryimage"},"image":{"@id":"https:\/\/www.lafarga.com\/corporatiu\/tv-lhospitalet-abre-nueva-temporada\/#primaryimage"},"thumbnailUrl":"https:\/\/www.lafarga.com\/corporatiu\/wp-content\/uploads\/2020\/09\/TVLHospitalet-Farga-2020.jpg","datePublished":"2020-09-07T11:47:59+00:00","dateModified":"2020-09-07T12:14:50+00:00","description":"A partir d'aquest dilluns 7 de setembre, tornen els programes de TV L'Hospitalet. L'Informartiu es consolida a les 15 hores.","breadcrumb":{"@id":"https:\/\/www.lafarga.com\/corporatiu\/tv-lhospitalet-abre-nueva-temporada\/#breadcrumb"},"inLanguage":"ca","potentialAction":[{"@type":"ReadAction","target":["https:\/\/www.lafarga.com\/corporatiu\/tv-lhospitalet-abre-nueva-temporada\/"]}]},{"@type":"ImageObject","inLanguage":"ca","@id":"https:\/\/www.lafarga.com\/corporatiu\/tv-lhospitalet-abre-nueva-temporada\/#primaryimage","url":"https:\/\/www.lafarga.com\/corporatiu\/wp-content\/uploads\/2020\/09\/TVLHospitalet-Farga-2020.jpg","contentUrl":"https:\/\/www.lafarga.com\/corporatiu\/wp-content\/uploads\/2020\/09\/TVLHospitalet-Farga-2020.jpg","width":730,"height":410,"caption":"TV LHospitalet"},{"@type":"BreadcrumbList","@id":"https:\/\/www.lafarga.com\/corporatiu\/tv-lhospitalet-abre-nueva-temporada\/#breadcrumb","itemListElement":[{"@type":"ListItem","position":1,"name":"Home","item":"https:\/\/www.lafarga.com\/corporatiu\/lafarga-hospitalet-llobregat\/"},{"@type":"ListItem","position":2,"name":"TV L\u2019Hospitalet abre nueva temporada"}]},{"@type":"WebSite","@id":"https:\/\/www.lafarga.com\/corporatiu\/#website","url":"https:\/\/www.lafarga.com\/corporatiu\/","name":"La Farga Gesti\u00f3 d&#039;Equipaments Municipals, SA","description":"","publisher":{"@id":"https:\/\/www.lafarga.com\/corporatiu\/#organization"},"potentialAction":[{"@type":"SearchAction","target":{"@type":"EntryPoint","urlTemplate":"https:\/\/www.lafarga.com\/corporatiu\/?s={search_term_string}"},"query-input":{"@type":"PropertyValueSpecification","valueRequired":true,"valueName":"search_term_string"}}],"inLanguage":"ca"},{"@type":"Organization","@id":"https:\/\/www.lafarga.com\/corporatiu\/#organization","name":"La Farga Gesti\u00f3 d&#039;Equipaments Municipals, SA","url":"https:\/\/www.lafarga.com\/corporatiu\/","logo":{"@type":"ImageObject","inLanguage":"ca","@id":"https:\/\/www.lafarga.com\/corporatiu\/#\/schema\/logo\/image\/","url":"https:\/\/www.lafarga.com\/corporatiu\/wp-content\/uploads\/2023\/11\/logotipo_lafarga_gemsa.svg","contentUrl":"https:\/\/www.lafarga.com\/corporatiu\/wp-content\/uploads\/2023\/11\/logotipo_lafarga_gemsa.svg","width":102,"height":103,"caption":"La Farga Gesti\u00f3 d&#039;Equipaments Municipals, SA"},"image":{"@id":"https:\/\/www.lafarga.com\/corporatiu\/#\/schema\/logo\/image\/"}},{"@type":"Person","@id":"https:\/\/www.lafarga.com\/corporatiu\/#\/schema\/person\/70d96fe17d0da1a9c9e80d232bdbcf33","name":"\u00d2scar Milla","image":{"@type":"ImageObject","inLanguage":"ca","@id":"https:\/\/secure.gravatar.com\/avatar\/92e75d184f9d5e0e403bd4ad075b080ad258344ddc259adddb579f6a3ba6494f?s=96&d=mm&r=g","url":"https:\/\/secure.gravatar.com\/avatar\/92e75d184f9d5e0e403bd4ad075b080ad258344ddc259adddb579f6a3ba6494f?s=96&d=mm&r=g","contentUrl":"https:\/\/secure.gravatar.com\/avatar\/92e75d184f9d5e0e403bd4ad075b080ad258344ddc259adddb579f6a3ba6494f?s=96&d=mm&r=g","caption":"\u00d2scar Milla"},"url":"https:\/\/www.lafarga.com\/corporatiu\/author\/omilla\/"}]}},"uagb_featured_image_src":{"full":["https:\/\/www.lafarga.com\/corporatiu\/wp-content\/uploads\/2020\/09\/TVLHospitalet-Farga-2020.jpg",730,410,false],"thumbnail":["https:\/\/www.lafarga.com\/corporatiu\/wp-content\/uploads\/2020\/09\/TVLHospitalet-Farga-2020-150x150.jpg",150,150,true],"medium":["https:\/\/www.lafarga.com\/corporatiu\/wp-content\/uploads\/2020\/09\/TVLHospitalet-Farga-2020-300x168.jpg",300,168,true],"medium_large":["https:\/\/www.lafarga.com\/corporatiu\/wp-content\/uploads\/2020\/09\/TVLHospitalet-Farga-2020.jpg",730,410,false],"large":["https:\/\/www.lafarga.com\/corporatiu\/wp-content\/uploads\/2020\/09\/TVLHospitalet-Farga-2020.jpg",730,410,false],"1536x1536":["https:\/\/www.lafarga.com\/corporatiu\/wp-content\/uploads\/2020\/09\/TVLHospitalet-Farga-2020.jpg",730,410,false],"2048x2048":["https:\/\/www.lafarga.com\/corporatiu\/wp-content\/uploads\/2020\/09\/TVLHospitalet-Farga-2020.jpg",730,410,false],"mailpoet_newsletter_max":["https:\/\/www.lafarga.com\/corporatiu\/wp-content\/uploads\/2020\/09\/TVLHospitalet-Farga-2020.jpg",730,410,false]},"uagb_author_info":{"display_name":"\u00d2scar Milla","author_link":"https:\/\/www.lafarga.com\/corporatiu\/author\/omilla\/"},"uagb_comment_info":0,"uagb_excerpt":"A partir de este lunes 7 de septiembre, vuelven los programas de Televisi\u00f3 L'Hospitalet. La novedad de la temporada 2020-2021 es el cambio definitivo del horario de \"L'Informatiu\" que se consolida a las 15 h.","_links":{"self":[{"href":"https:\/\/www.lafarga.com\/corporatiu\/wp-json\/wp\/v2\/posts\/14887","targetHints":{"allow":["GET"]}}],"collection":[{"href":"https:\/\/www.lafarga.com\/corporatiu\/wp-json\/wp\/v2\/posts"}],"about":[{"href":"https:\/\/www.lafarga.com\/corporatiu\/wp-json\/wp\/v2\/types\/post"}],"author":[{"embeddable":true,"href":"https:\/\/www.lafarga.com\/corporatiu\/wp-json\/wp\/v2\/users\/5"}],"replies":[{"embeddable":true,"href":"https:\/\/www.lafarga.com\/corporatiu\/wp-json\/wp\/v2\/comments?post=14887"}],"version-history":[{"count":3,"href":"https:\/\/www.lafarga.com\/corporatiu\/wp-json\/wp\/v2\/posts\/14887\/revisions"}],"predecessor-version":[{"id":14893,"href":"https:\/\/www.lafarga.com\/corporatiu\/wp-json\/wp\/v2\/posts\/14887\/revisions\/14893"}],"wp:featuredmedia":[{"embeddable":true,"href":"https:\/\/www.lafarga.com\/corporatiu\/wp-json\/wp\/v2\/media\/14884"}],"wp:attachment":[{"href":"https:\/\/www.lafarga.com\/corporatiu\/wp-json\/wp\/v2\/media?parent=14887"}],"wp:term":[{"taxonomy":"category","embeddable":true,"href":"https:\/\/www.lafarga.com\/corporatiu\/wp-json\/wp\/v2\/categories?post=14887"},{"taxonomy":"post_tag","embeddable":true,"href":"https:\/\/www.lafarga.com\/corporatiu\/wp-json\/wp\/v2\/tags?post=14887"}],"curies":[{"name":"wp","href":"https:\/\/api.w.org\/{rel}","templated":true}]}}