{"id":14883,"date":"2020-09-07T11:43:56","date_gmt":"2020-09-07T11:43:56","guid":{"rendered":"http:\/\/www.lafarga.com\/corporatiu\/?p=14883"},"modified":"2020-09-07T12:13:17","modified_gmt":"2020-09-07T12:13:17","slug":"tv-lhospitalet-obre-temporada","status":"publish","type":"post","link":"https:\/\/www.lafarga.com\/corporatiu\/tv-lhospitalet-obre-temporada\/","title":{"rendered":"TV L&#8217;Hospitalet obre nova temporada"},"content":{"rendered":"<h5>L&#8217;Informatiu es consolida a les 15 hores<\/h5>\n<p>A partir d&#8217;aquest dilluns 7 de setembre, tornen els programes de <a href=\"https:\/\/lhdigital.cat\/web\/digital-h\/televisio\" target=\"_blank\" rel=\"noopener noreferrer\"><strong>Televisi\u00f3 L\u2019Hospitalet<\/strong><\/a>. La novetat de la temporada 2020-2021 \u00e9s el canvi definitiu de l\u2019horari de &#8220;L\u2019Informatiu&#8221; que es consolida a les 15 hores.<\/p>\n<p>&#8220;L\u2019Informatiu&#8221;, l\u2019espai editat i presentat per Montse Qui\u00f1onero i Rub\u00e9n Blas, ofereix de dilluns a divendres l\u2019actualitat de la ciutat. A m\u00e9s de not\u00edcies, &#8220;L\u2019Informatiu&#8221; inclour\u00e0 entrevistes amb protagonistes de l\u2019actualitat i amb experts que analitzaran diverses q\u00fcestions del dia a dia.<\/p>\n<p>Tot i que l\u2019estrena de &#8220;L\u2019Informatiu&#8221; ser\u00e0 a les 15 hores, tamb\u00e9 continua emetent-se en reemissi\u00f3 en la franja habitual de les 19.30 hores. Els caps de setmana s\u2019emetr\u00e0 un resum de la informaci\u00f3 destacada de la setmana.<\/p>\n<h5>Tornen els programes tem\u00e0tics de TV L&#8217;Hospitalet<\/h5>\n<p>Tamb\u00e9 tornen, a partir de dilluns 7 de setembre, el programes tem\u00e0tics en l\u2019horari habitual de les 20 hores.<\/p>\n<p>El primer programa que torna a les pantalles \u00e9s l\u2019espai dedicat a l\u2019actualitat esportiva de la ciutat, &#8220;L\u2019H en Joc&#8221;, que presenta Sergi Esparza. Dilluns, 7 de setembre, el programa inclour\u00e0 les entrevistes amb Santi Ballest\u00e9, president del CE L&#8217;Hospitalet; i amb David Rodr\u00edguez, director t\u00e8cnic de L\u2019H Atletisme, per parlar del Campionat d&#8217;Espanya del 12 de setembre.<\/p>\n<p>Dimarts \u00e9s el torn de &#8220;Ve\u00efns&#8221;, l&#8217;espai que presenta Pere Montesinos i que t\u00e9 com a protagonistes a entitats i associacions de la ciutat. Aquesta setmana comptar\u00e0 amb Rafael Algarra, ve\u00ed que va n\u00e9ixer al Castell de Bellv\u00eds; i Isa Infante, fisioterapeuta, amb motiu del Dia mundial de la fisioter\u00e0pia.<\/p>\n<p>Dimecres el m\u00f3n de l\u2019educaci\u00f3 a L\u2019Hospitalet \u00e9s protagonista a l\u2019espai &#8220;Aula L\u2019H&#8221;. El programa que presenta N\u00faria Toril continuar\u00e0 oferint entrevistes, not\u00edcies i reportatges i aquesta temporada introdueix una nova secci\u00f3: d\u2019Aula en Aula, un espai amb entrevistes a les escoles i instituts. A partir de l\u2019octubre tamb\u00e9 tornaran les seccions mensuals dedicades a con\u00e8ixer dones de ci\u00e8ncia; les activitats mediambientals de la Xarxa L\u2019H d&#8217;Escoles Sostenibles; i la biodiversitat de la ciutat.<\/p>\n<p>El programa de dimecres, 9 de setembre, inclour\u00e0 l\u2019entrevista al nou tinent d\u2019alcalde d\u2019Educaci\u00f3, David Quir\u00f3s; tamb\u00e9 amb la directora de l\u2019escola Pep Ventura, Montserrat Sancho, per saber com preparen l\u2019inici de curs; i la visita a l\u2019escola bressol Casa del Mol\u00ed.<\/p>\n<h5>Taquilla inversa, un cl\u00e0ssic<\/h5>\n<p>Dijous, la cultura ser\u00e0 la protagonista a &#8220;Taquilla Inversa&#8221;. El programa que presenta Laura Alsina torna amb entrevistes i reportatges. Dijous, 10 de setembre, comptar\u00e0 amb l\u2019entrevista a Joselito, director art\u00edstic Festival &#8220;Per Amor a L&#8217;Hart&#8221;; entrevista i ac\u00fastic del grup Rumbesia que actuen dins el Summer Experience; i entrevista al director \u00d3scar G\u00f3mez que presenta el seu llargmetratge de terror &#8220;The dark Village&#8221;.<\/p>\n<p>I divendres, torna &#8220;Batecs L\u2019H&#8221;, l\u2019espai dedicat a personatges singulars de la ciutat de la m\u00e0 de Marina Toledo.<\/p>\n<p>Una altra novetat \u00e9s que l&#8217;espai de reportatges &#8220;En primera persona&#8221;, que la temporada passada s&#8217;incloia a &#8220;L&#8217;Informatiu&#8221;, a partir d&#8217;ara tindr\u00e0 entitat pr\u00f2pia i s&#8217;emetr\u00e0 divendres a les 20.15, despr\u00e9s de &#8220;Batecs L&#8217;H&#8221;.<\/p>\n<p>Tots els programes es poden consultar a la carta a <a href=\"https:\/\/lhdigital.cat\/web\/digital-h\/\" target=\"_blank\" rel=\"noopener noreferrer\"><strong>L&#8217;Hdigital<\/strong><\/a>.<\/p>\n<p>TV L&#8217;Hospitalet \u00e9s un <a href=\"https:\/\/www.lafarga.com\/corporatiu\/mitjans-comunicacio-hospitalet-la-farga\/\" target=\"_blank\" rel=\"noopener noreferrer\"><strong>mitj\u00e0 de comunicaci\u00f3<\/strong><\/a> gestionat per La Farga Gesti\u00f3 d&#8217;Equipaments Municipals.<\/p>\n","protected":false},"excerpt":{"rendered":"<p>A partir d&#8217;aquest dilluns 7 de setembre, tornen els programes de Televisi\u00f3 L\u2019Hospitalet. La novetat de la temporada 2020-2021 \u00e9s el canvi definitiu de l\u2019horari de &#8220;L\u2019Informatiu&#8221; que es consolida a les 15 h.<\/p>\n","protected":false},"author":5,"featured_media":14884,"comment_status":"closed","ping_status":"closed","sticky":false,"template":"","format":"standard","meta":{"inline_featured_image":false,"_uag_custom_page_level_css":"","_monsterinsights_skip_tracking":false,"_monsterinsights_sitenote_active":false,"_monsterinsights_sitenote_note":"","_monsterinsights_sitenote_category":0,"site-sidebar-layout":"default","site-content-layout":"","ast-site-content-layout":"default","site-content-style":"default","site-sidebar-style":"default","ast-global-header-display":"","ast-banner-title-visibility":"","ast-main-header-display":"","ast-hfb-above-header-display":"","ast-hfb-below-header-display":"","ast-hfb-mobile-header-display":"","site-post-title":"","ast-breadcrumbs-content":"","ast-featured-img":"","footer-sml-layout":"","ast-disable-related-posts":"","theme-transparent-header-meta":"","adv-header-id-meta":"","stick-header-meta":"","header-above-stick-meta":"","header-main-stick-meta":"","header-below-stick-meta":"","astra-migrate-meta-layouts":"default","ast-page-background-enabled":"default","ast-page-background-meta":{"desktop":{"background-color":"var(--ast-global-color-4)","background-image":"","background-repeat":"repeat","background-position":"center center","background-size":"auto","background-attachment":"scroll","background-type":"","background-media":"","overlay-type":"","overlay-color":"","overlay-opacity":"","overlay-gradient":""},"tablet":{"background-color":"","background-image":"","background-repeat":"repeat","background-position":"center center","background-size":"auto","background-attachment":"scroll","background-type":"","background-media":"","overlay-type":"","overlay-color":"","overlay-opacity":"","overlay-gradient":""},"mobile":{"background-color":"","background-image":"","background-repeat":"repeat","background-position":"center center","background-size":"auto","background-attachment":"scroll","background-type":"","background-media":"","overlay-type":"","overlay-color":"","overlay-opacity":"","overlay-gradient":""}},"ast-content-background-meta":{"desktop":{"background-color":"var(--ast-global-color-5)","background-image":"","background-repeat":"repeat","background-position":"center center","background-size":"auto","background-attachment":"scroll","background-type":"","background-media":"","overlay-type":"","overlay-color":"","overlay-opacity":"","overlay-gradient":""},"tablet":{"background-color":"var(--ast-global-color-5)","background-image":"","background-repeat":"repeat","background-position":"center center","background-size":"auto","background-attachment":"scroll","background-type":"","background-media":"","overlay-type":"","overlay-color":"","overlay-opacity":"","overlay-gradient":""},"mobile":{"background-color":"var(--ast-global-color-5)","background-image":"","background-repeat":"repeat","background-position":"center center","background-size":"auto","background-attachment":"scroll","background-type":"","background-media":"","overlay-type":"","overlay-color":"","overlay-opacity":"","overlay-gradient":""}},"footnotes":""},"categories":[51],"tags":[],"class_list":["post-14883","post","type-post","status-publish","format-standard","has-post-thumbnail","hentry","category-mitjans-comunicacio"],"yoast_head":"<!-- This site is optimized with the Yoast SEO plugin v27.4 - https:\/\/yoast.com\/product\/yoast-seo-wordpress\/ -->\n<title>TV L&#039;Hospitalet obre nova temporada - La Farga Gesti\u00f3n de Equipamientos Municipales, S.A.<\/title>\n<meta name=\"description\" content=\"A partir d&#039;aquest dilluns 7 de setembre, tornen els programes de TV L&#039;Hospitalet. L&#039;Informartiu es consolida a les 15 hores.\" \/>\n<meta name=\"robots\" content=\"index, follow, max-snippet:-1, max-image-preview:large, max-video-preview:-1\" \/>\n<link rel=\"canonical\" href=\"https:\/\/www.lafarga.com\/corporatiu\/tv-lhospitalet-obre-temporada\/\" \/>\n<meta property=\"og:locale\" content=\"ca_ES\" \/>\n<meta property=\"og:type\" content=\"article\" \/>\n<meta property=\"og:title\" content=\"TV L&#039;Hospitalet obre nova temporada - La Farga Gesti\u00f3n de Equipamientos Municipales, S.A.\" \/>\n<meta property=\"og:description\" content=\"A partir d&#039;aquest dilluns 7 de setembre, tornen els programes de TV L&#039;Hospitalet. L&#039;Informartiu es consolida a les 15 hores.\" \/>\n<meta property=\"og:url\" content=\"https:\/\/www.lafarga.com\/corporatiu\/tv-lhospitalet-obre-temporada\/\" \/>\n<meta property=\"og:site_name\" content=\"La Farga Gesti\u00f3n de Equipamientos Municipales, S.A.\" \/>\n<meta property=\"article:published_time\" content=\"2020-09-07T11:43:56+00:00\" \/>\n<meta property=\"article:modified_time\" content=\"2020-09-07T12:13:17+00:00\" \/>\n<meta property=\"og:image\" content=\"https:\/\/www.lafarga.com\/corporatiu\/wp-content\/uploads\/2020\/09\/TVLHospitalet-Farga-2020.jpg\" \/>\n\t<meta property=\"og:image:width\" content=\"730\" \/>\n\t<meta property=\"og:image:height\" content=\"410\" \/>\n\t<meta property=\"og:image:type\" content=\"image\/jpeg\" \/>\n<meta name=\"author\" content=\"\u00d2scar Milla\" \/>\n<meta name=\"twitter:label1\" content=\"Escrit per\" \/>\n\t<meta name=\"twitter:data1\" content=\"\u00d2scar Milla\" \/>\n\t<meta name=\"twitter:label2\" content=\"Temps estimat de lectura\" \/>\n\t<meta name=\"twitter:data2\" content=\"3 minuts\" \/>\n<script type=\"application\/ld+json\" class=\"yoast-schema-graph\">{\"@context\":\"https:\\\/\\\/schema.org\",\"@graph\":[{\"@type\":\"Article\",\"@id\":\"https:\\\/\\\/www.lafarga.com\\\/corporatiu\\\/tv-lhospitalet-obre-temporada\\\/#article\",\"isPartOf\":{\"@id\":\"https:\\\/\\\/www.lafarga.com\\\/corporatiu\\\/tv-lhospitalet-obre-temporada\\\/\"},\"author\":{\"name\":\"\u00d2scar Milla\",\"@id\":\"https:\\\/\\\/www.lafarga.com\\\/corporatiu\\\/#\\\/schema\\\/person\\\/70d96fe17d0da1a9c9e80d232bdbcf33\"},\"headline\":\"TV L&#8217;Hospitalet obre nova temporada\",\"datePublished\":\"2020-09-07T11:43:56+00:00\",\"dateModified\":\"2020-09-07T12:13:17+00:00\",\"mainEntityOfPage\":{\"@id\":\"https:\\\/\\\/www.lafarga.com\\\/corporatiu\\\/tv-lhospitalet-obre-temporada\\\/\"},\"wordCount\":585,\"publisher\":{\"@id\":\"https:\\\/\\\/www.lafarga.com\\\/corporatiu\\\/#organization\"},\"image\":{\"@id\":\"https:\\\/\\\/www.lafarga.com\\\/corporatiu\\\/tv-lhospitalet-obre-temporada\\\/#primaryimage\"},\"thumbnailUrl\":\"https:\\\/\\\/www.lafarga.com\\\/corporatiu\\\/wp-content\\\/uploads\\\/2020\\\/09\\\/TVLHospitalet-Farga-2020.jpg\",\"articleSection\":[\"Mitjans de Comunicaci\u00f3\"],\"inLanguage\":\"ca\"},{\"@type\":\"WebPage\",\"@id\":\"https:\\\/\\\/www.lafarga.com\\\/corporatiu\\\/tv-lhospitalet-obre-temporada\\\/\",\"url\":\"https:\\\/\\\/www.lafarga.com\\\/corporatiu\\\/tv-lhospitalet-obre-temporada\\\/\",\"name\":\"TV L'Hospitalet obre nova temporada - La Farga Gesti\u00f3n de Equipamientos Municipales, S.A.\",\"isPartOf\":{\"@id\":\"https:\\\/\\\/www.lafarga.com\\\/corporatiu\\\/#website\"},\"primaryImageOfPage\":{\"@id\":\"https:\\\/\\\/www.lafarga.com\\\/corporatiu\\\/tv-lhospitalet-obre-temporada\\\/#primaryimage\"},\"image\":{\"@id\":\"https:\\\/\\\/www.lafarga.com\\\/corporatiu\\\/tv-lhospitalet-obre-temporada\\\/#primaryimage\"},\"thumbnailUrl\":\"https:\\\/\\\/www.lafarga.com\\\/corporatiu\\\/wp-content\\\/uploads\\\/2020\\\/09\\\/TVLHospitalet-Farga-2020.jpg\",\"datePublished\":\"2020-09-07T11:43:56+00:00\",\"dateModified\":\"2020-09-07T12:13:17+00:00\",\"description\":\"A partir d'aquest dilluns 7 de setembre, tornen els programes de TV L'Hospitalet. L'Informartiu es consolida a les 15 hores.\",\"breadcrumb\":{\"@id\":\"https:\\\/\\\/www.lafarga.com\\\/corporatiu\\\/tv-lhospitalet-obre-temporada\\\/#breadcrumb\"},\"inLanguage\":\"ca\",\"potentialAction\":[{\"@type\":\"ReadAction\",\"target\":[\"https:\\\/\\\/www.lafarga.com\\\/corporatiu\\\/tv-lhospitalet-obre-temporada\\\/\"]}]},{\"@type\":\"ImageObject\",\"inLanguage\":\"ca\",\"@id\":\"https:\\\/\\\/www.lafarga.com\\\/corporatiu\\\/tv-lhospitalet-obre-temporada\\\/#primaryimage\",\"url\":\"https:\\\/\\\/www.lafarga.com\\\/corporatiu\\\/wp-content\\\/uploads\\\/2020\\\/09\\\/TVLHospitalet-Farga-2020.jpg\",\"contentUrl\":\"https:\\\/\\\/www.lafarga.com\\\/corporatiu\\\/wp-content\\\/uploads\\\/2020\\\/09\\\/TVLHospitalet-Farga-2020.jpg\",\"width\":730,\"height\":410,\"caption\":\"TV LHospitalet\"},{\"@type\":\"BreadcrumbList\",\"@id\":\"https:\\\/\\\/www.lafarga.com\\\/corporatiu\\\/tv-lhospitalet-obre-temporada\\\/#breadcrumb\",\"itemListElement\":[{\"@type\":\"ListItem\",\"position\":1,\"name\":\"Home\",\"item\":\"https:\\\/\\\/www.lafarga.com\\\/corporatiu\\\/lafarga-hospitalet-llobregat\\\/\"},{\"@type\":\"ListItem\",\"position\":2,\"name\":\"TV L&#8217;Hospitalet obre nova temporada\"}]},{\"@type\":\"WebSite\",\"@id\":\"https:\\\/\\\/www.lafarga.com\\\/corporatiu\\\/#website\",\"url\":\"https:\\\/\\\/www.lafarga.com\\\/corporatiu\\\/\",\"name\":\"La Farga Gesti\u00f3 d&#039;Equipaments Municipals, SA\",\"description\":\"\",\"publisher\":{\"@id\":\"https:\\\/\\\/www.lafarga.com\\\/corporatiu\\\/#organization\"},\"potentialAction\":[{\"@type\":\"SearchAction\",\"target\":{\"@type\":\"EntryPoint\",\"urlTemplate\":\"https:\\\/\\\/www.lafarga.com\\\/corporatiu\\\/?s={search_term_string}\"},\"query-input\":{\"@type\":\"PropertyValueSpecification\",\"valueRequired\":true,\"valueName\":\"search_term_string\"}}],\"inLanguage\":\"ca\"},{\"@type\":\"Organization\",\"@id\":\"https:\\\/\\\/www.lafarga.com\\\/corporatiu\\\/#organization\",\"name\":\"La Farga Gesti\u00f3 d&#039;Equipaments Municipals, SA\",\"url\":\"https:\\\/\\\/www.lafarga.com\\\/corporatiu\\\/\",\"logo\":{\"@type\":\"ImageObject\",\"inLanguage\":\"ca\",\"@id\":\"https:\\\/\\\/www.lafarga.com\\\/corporatiu\\\/#\\\/schema\\\/logo\\\/image\\\/\",\"url\":\"https:\\\/\\\/www.lafarga.com\\\/corporatiu\\\/wp-content\\\/uploads\\\/2023\\\/11\\\/logotipo_lafarga_gemsa.svg\",\"contentUrl\":\"https:\\\/\\\/www.lafarga.com\\\/corporatiu\\\/wp-content\\\/uploads\\\/2023\\\/11\\\/logotipo_lafarga_gemsa.svg\",\"width\":102,\"height\":103,\"caption\":\"La Farga Gesti\u00f3 d&#039;Equipaments Municipals, SA\"},\"image\":{\"@id\":\"https:\\\/\\\/www.lafarga.com\\\/corporatiu\\\/#\\\/schema\\\/logo\\\/image\\\/\"}},{\"@type\":\"Person\",\"@id\":\"https:\\\/\\\/www.lafarga.com\\\/corporatiu\\\/#\\\/schema\\\/person\\\/70d96fe17d0da1a9c9e80d232bdbcf33\",\"name\":\"\u00d2scar Milla\",\"image\":{\"@type\":\"ImageObject\",\"inLanguage\":\"ca\",\"@id\":\"https:\\\/\\\/secure.gravatar.com\\\/avatar\\\/92e75d184f9d5e0e403bd4ad075b080ad258344ddc259adddb579f6a3ba6494f?s=96&d=mm&r=g\",\"url\":\"https:\\\/\\\/secure.gravatar.com\\\/avatar\\\/92e75d184f9d5e0e403bd4ad075b080ad258344ddc259adddb579f6a3ba6494f?s=96&d=mm&r=g\",\"contentUrl\":\"https:\\\/\\\/secure.gravatar.com\\\/avatar\\\/92e75d184f9d5e0e403bd4ad075b080ad258344ddc259adddb579f6a3ba6494f?s=96&d=mm&r=g\",\"caption\":\"\u00d2scar Milla\"},\"url\":\"https:\\\/\\\/www.lafarga.com\\\/corporatiu\\\/author\\\/omilla\\\/\"}]}<\/script>\n<!-- \/ Yoast SEO plugin. -->","yoast_head_json":{"title":"TV L'Hospitalet obre nova temporada - La Farga Gesti\u00f3n de Equipamientos Municipales, S.A.","description":"A partir d'aquest dilluns 7 de setembre, tornen els programes de TV L'Hospitalet. L'Informartiu es consolida a les 15 hores.","robots":{"index":"index","follow":"follow","max-snippet":"max-snippet:-1","max-image-preview":"max-image-preview:large","max-video-preview":"max-video-preview:-1"},"canonical":"https:\/\/www.lafarga.com\/corporatiu\/tv-lhospitalet-obre-temporada\/","og_locale":"ca_ES","og_type":"article","og_title":"TV L'Hospitalet obre nova temporada - La Farga Gesti\u00f3n de Equipamientos Municipales, S.A.","og_description":"A partir d'aquest dilluns 7 de setembre, tornen els programes de TV L'Hospitalet. L'Informartiu es consolida a les 15 hores.","og_url":"https:\/\/www.lafarga.com\/corporatiu\/tv-lhospitalet-obre-temporada\/","og_site_name":"La Farga Gesti\u00f3n de Equipamientos Municipales, S.A.","article_published_time":"2020-09-07T11:43:56+00:00","article_modified_time":"2020-09-07T12:13:17+00:00","og_image":[{"width":730,"height":410,"url":"https:\/\/www.lafarga.com\/corporatiu\/wp-content\/uploads\/2020\/09\/TVLHospitalet-Farga-2020.jpg","type":"image\/jpeg"}],"author":"\u00d2scar Milla","twitter_misc":{"Escrit per":"\u00d2scar Milla","Temps estimat de lectura":"3 minuts"},"schema":{"@context":"https:\/\/schema.org","@graph":[{"@type":"Article","@id":"https:\/\/www.lafarga.com\/corporatiu\/tv-lhospitalet-obre-temporada\/#article","isPartOf":{"@id":"https:\/\/www.lafarga.com\/corporatiu\/tv-lhospitalet-obre-temporada\/"},"author":{"name":"\u00d2scar Milla","@id":"https:\/\/www.lafarga.com\/corporatiu\/#\/schema\/person\/70d96fe17d0da1a9c9e80d232bdbcf33"},"headline":"TV L&#8217;Hospitalet obre nova temporada","datePublished":"2020-09-07T11:43:56+00:00","dateModified":"2020-09-07T12:13:17+00:00","mainEntityOfPage":{"@id":"https:\/\/www.lafarga.com\/corporatiu\/tv-lhospitalet-obre-temporada\/"},"wordCount":585,"publisher":{"@id":"https:\/\/www.lafarga.com\/corporatiu\/#organization"},"image":{"@id":"https:\/\/www.lafarga.com\/corporatiu\/tv-lhospitalet-obre-temporada\/#primaryimage"},"thumbnailUrl":"https:\/\/www.lafarga.com\/corporatiu\/wp-content\/uploads\/2020\/09\/TVLHospitalet-Farga-2020.jpg","articleSection":["Mitjans de Comunicaci\u00f3"],"inLanguage":"ca"},{"@type":"WebPage","@id":"https:\/\/www.lafarga.com\/corporatiu\/tv-lhospitalet-obre-temporada\/","url":"https:\/\/www.lafarga.com\/corporatiu\/tv-lhospitalet-obre-temporada\/","name":"TV L'Hospitalet obre nova temporada - La Farga Gesti\u00f3n de Equipamientos Municipales, S.A.","isPartOf":{"@id":"https:\/\/www.lafarga.com\/corporatiu\/#website"},"primaryImageOfPage":{"@id":"https:\/\/www.lafarga.com\/corporatiu\/tv-lhospitalet-obre-temporada\/#primaryimage"},"image":{"@id":"https:\/\/www.lafarga.com\/corporatiu\/tv-lhospitalet-obre-temporada\/#primaryimage"},"thumbnailUrl":"https:\/\/www.lafarga.com\/corporatiu\/wp-content\/uploads\/2020\/09\/TVLHospitalet-Farga-2020.jpg","datePublished":"2020-09-07T11:43:56+00:00","dateModified":"2020-09-07T12:13:17+00:00","description":"A partir d'aquest dilluns 7 de setembre, tornen els programes de TV L'Hospitalet. L'Informartiu es consolida a les 15 hores.","breadcrumb":{"@id":"https:\/\/www.lafarga.com\/corporatiu\/tv-lhospitalet-obre-temporada\/#breadcrumb"},"inLanguage":"ca","potentialAction":[{"@type":"ReadAction","target":["https:\/\/www.lafarga.com\/corporatiu\/tv-lhospitalet-obre-temporada\/"]}]},{"@type":"ImageObject","inLanguage":"ca","@id":"https:\/\/www.lafarga.com\/corporatiu\/tv-lhospitalet-obre-temporada\/#primaryimage","url":"https:\/\/www.lafarga.com\/corporatiu\/wp-content\/uploads\/2020\/09\/TVLHospitalet-Farga-2020.jpg","contentUrl":"https:\/\/www.lafarga.com\/corporatiu\/wp-content\/uploads\/2020\/09\/TVLHospitalet-Farga-2020.jpg","width":730,"height":410,"caption":"TV LHospitalet"},{"@type":"BreadcrumbList","@id":"https:\/\/www.lafarga.com\/corporatiu\/tv-lhospitalet-obre-temporada\/#breadcrumb","itemListElement":[{"@type":"ListItem","position":1,"name":"Home","item":"https:\/\/www.lafarga.com\/corporatiu\/lafarga-hospitalet-llobregat\/"},{"@type":"ListItem","position":2,"name":"TV L&#8217;Hospitalet obre nova temporada"}]},{"@type":"WebSite","@id":"https:\/\/www.lafarga.com\/corporatiu\/#website","url":"https:\/\/www.lafarga.com\/corporatiu\/","name":"La Farga Gesti\u00f3 d&#039;Equipaments Municipals, SA","description":"","publisher":{"@id":"https:\/\/www.lafarga.com\/corporatiu\/#organization"},"potentialAction":[{"@type":"SearchAction","target":{"@type":"EntryPoint","urlTemplate":"https:\/\/www.lafarga.com\/corporatiu\/?s={search_term_string}"},"query-input":{"@type":"PropertyValueSpecification","valueRequired":true,"valueName":"search_term_string"}}],"inLanguage":"ca"},{"@type":"Organization","@id":"https:\/\/www.lafarga.com\/corporatiu\/#organization","name":"La Farga Gesti\u00f3 d&#039;Equipaments Municipals, SA","url":"https:\/\/www.lafarga.com\/corporatiu\/","logo":{"@type":"ImageObject","inLanguage":"ca","@id":"https:\/\/www.lafarga.com\/corporatiu\/#\/schema\/logo\/image\/","url":"https:\/\/www.lafarga.com\/corporatiu\/wp-content\/uploads\/2023\/11\/logotipo_lafarga_gemsa.svg","contentUrl":"https:\/\/www.lafarga.com\/corporatiu\/wp-content\/uploads\/2023\/11\/logotipo_lafarga_gemsa.svg","width":102,"height":103,"caption":"La Farga Gesti\u00f3 d&#039;Equipaments Municipals, SA"},"image":{"@id":"https:\/\/www.lafarga.com\/corporatiu\/#\/schema\/logo\/image\/"}},{"@type":"Person","@id":"https:\/\/www.lafarga.com\/corporatiu\/#\/schema\/person\/70d96fe17d0da1a9c9e80d232bdbcf33","name":"\u00d2scar Milla","image":{"@type":"ImageObject","inLanguage":"ca","@id":"https:\/\/secure.gravatar.com\/avatar\/92e75d184f9d5e0e403bd4ad075b080ad258344ddc259adddb579f6a3ba6494f?s=96&d=mm&r=g","url":"https:\/\/secure.gravatar.com\/avatar\/92e75d184f9d5e0e403bd4ad075b080ad258344ddc259adddb579f6a3ba6494f?s=96&d=mm&r=g","contentUrl":"https:\/\/secure.gravatar.com\/avatar\/92e75d184f9d5e0e403bd4ad075b080ad258344ddc259adddb579f6a3ba6494f?s=96&d=mm&r=g","caption":"\u00d2scar Milla"},"url":"https:\/\/www.lafarga.com\/corporatiu\/author\/omilla\/"}]}},"uagb_featured_image_src":{"full":["https:\/\/www.lafarga.com\/corporatiu\/wp-content\/uploads\/2020\/09\/TVLHospitalet-Farga-2020.jpg",730,410,false],"thumbnail":["https:\/\/www.lafarga.com\/corporatiu\/wp-content\/uploads\/2020\/09\/TVLHospitalet-Farga-2020-150x150.jpg",150,150,true],"medium":["https:\/\/www.lafarga.com\/corporatiu\/wp-content\/uploads\/2020\/09\/TVLHospitalet-Farga-2020-300x168.jpg",300,168,true],"medium_large":["https:\/\/www.lafarga.com\/corporatiu\/wp-content\/uploads\/2020\/09\/TVLHospitalet-Farga-2020.jpg",730,410,false],"large":["https:\/\/www.lafarga.com\/corporatiu\/wp-content\/uploads\/2020\/09\/TVLHospitalet-Farga-2020.jpg",730,410,false],"1536x1536":["https:\/\/www.lafarga.com\/corporatiu\/wp-content\/uploads\/2020\/09\/TVLHospitalet-Farga-2020.jpg",730,410,false],"2048x2048":["https:\/\/www.lafarga.com\/corporatiu\/wp-content\/uploads\/2020\/09\/TVLHospitalet-Farga-2020.jpg",730,410,false],"mailpoet_newsletter_max":["https:\/\/www.lafarga.com\/corporatiu\/wp-content\/uploads\/2020\/09\/TVLHospitalet-Farga-2020.jpg",730,410,false]},"uagb_author_info":{"display_name":"\u00d2scar Milla","author_link":"https:\/\/www.lafarga.com\/corporatiu\/author\/omilla\/"},"uagb_comment_info":0,"uagb_excerpt":"A partir d'aquest dilluns 7 de setembre, tornen els programes de Televisi\u00f3 L\u2019Hospitalet. La novetat de la temporada 2020-2021 \u00e9s el canvi definitiu de l\u2019horari de \"L\u2019Informatiu\" que es consolida a les 15 h.","_links":{"self":[{"href":"https:\/\/www.lafarga.com\/corporatiu\/wp-json\/wp\/v2\/posts\/14883","targetHints":{"allow":["GET"]}}],"collection":[{"href":"https:\/\/www.lafarga.com\/corporatiu\/wp-json\/wp\/v2\/posts"}],"about":[{"href":"https:\/\/www.lafarga.com\/corporatiu\/wp-json\/wp\/v2\/types\/post"}],"author":[{"embeddable":true,"href":"https:\/\/www.lafarga.com\/corporatiu\/wp-json\/wp\/v2\/users\/5"}],"replies":[{"embeddable":true,"href":"https:\/\/www.lafarga.com\/corporatiu\/wp-json\/wp\/v2\/comments?post=14883"}],"version-history":[{"count":3,"href":"https:\/\/www.lafarga.com\/corporatiu\/wp-json\/wp\/v2\/posts\/14883\/revisions"}],"predecessor-version":[{"id":14892,"href":"https:\/\/www.lafarga.com\/corporatiu\/wp-json\/wp\/v2\/posts\/14883\/revisions\/14892"}],"wp:featuredmedia":[{"embeddable":true,"href":"https:\/\/www.lafarga.com\/corporatiu\/wp-json\/wp\/v2\/media\/14884"}],"wp:attachment":[{"href":"https:\/\/www.lafarga.com\/corporatiu\/wp-json\/wp\/v2\/media?parent=14883"}],"wp:term":[{"taxonomy":"category","embeddable":true,"href":"https:\/\/www.lafarga.com\/corporatiu\/wp-json\/wp\/v2\/categories?post=14883"},{"taxonomy":"post_tag","embeddable":true,"href":"https:\/\/www.lafarga.com\/corporatiu\/wp-json\/wp\/v2\/tags?post=14883"}],"curies":[{"name":"wp","href":"https:\/\/api.w.org\/{rel}","templated":true}]}}