{"id":14856,"date":"2020-07-28T10:19:32","date_gmt":"2020-07-28T10:19:32","guid":{"rendered":"http:\/\/www.lafarga.com\/corporatiu\/?p=14856"},"modified":"2021-07-28T11:03:04","modified_gmt":"2021-07-28T11:03:04","slug":"zones-aire-blava-verda-lliures-pagament-durant-agost","status":"publish","type":"post","link":"https:\/\/www.lafarga.com\/corporatiu\/zones-aire-blava-verda-lliures-pagament-durant-agost\/","title":{"rendered":"Les zones AIRE (blava i verda), lliures de pagament durant l&#8217;agost"},"content":{"rendered":"<h5>Fins el 31 d&#8217;agost<\/h5>\n<p>Com cada any les \u00e0rees d\u2019estacionaments regulats de <a href=\"https:\/\/seuelectronica.l-h.cat\/tramits\/detalltramit.aspx?1ZbkxZuCuq93wqazCOxMiozmREkrqazCvZT9lw13RDzAcvvXoIqazB\" target=\"_blank\" rel=\"noopener noreferrer\"><strong>L\u2019Hospitalet<\/strong><\/a> (zones blava i verda) seran gratu\u00eftes durant tot el mes d\u2019agost.<\/p>\n<p>En el per\u00edode central de vacances, totes les zones d\u2019aparcaments amb control horari distribu\u00efdes per la ciutat s\u00f3n gratu\u00eftes des de l\u20191 al 31 d\u2019agost (ambd\u00f3s inclosos).<\/p>\n<p>El servei d\u2019estacionaments regulats tornar\u00e0 a posar-se en funcionament dimarts 1 de setembre.<\/p>\n<p>M\u00e9s informaci\u00f3: <a href=\"https:\/\/www.lafarga.com\/corporatiu\/estacionaments-regulats-hospitalet\/\" target=\"_blank\" rel=\"noopener noreferrer\"><strong>ZONES AIRE de L\u2019Hospitalet<\/strong><\/a>.<\/p>\n","protected":false},"excerpt":{"rendered":"<p>Com cada any les \u00e0rees d\u2019estacionaments regulats de L\u2019Hospitalet (zones blava i verda) seran gratu\u00eftes durant tot el mes d\u2019agost. El servei tornar\u00e0 a posar-se en funcionament dimarts 1 de setembre.<\/p>\n","protected":false},"author":5,"featured_media":14857,"comment_status":"closed","ping_status":"closed","sticky":false,"template":"","format":"standard","meta":{"inline_featured_image":false,"_uag_custom_page_level_css":"","_monsterinsights_skip_tracking":false,"_monsterinsights_sitenote_active":false,"_monsterinsights_sitenote_note":"","_monsterinsights_sitenote_category":0,"site-sidebar-layout":"default","site-content-layout":"","ast-site-content-layout":"default","site-content-style":"default","site-sidebar-style":"default","ast-global-header-display":"","ast-banner-title-visibility":"","ast-main-header-display":"","ast-hfb-above-header-display":"","ast-hfb-below-header-display":"","ast-hfb-mobile-header-display":"","site-post-title":"","ast-breadcrumbs-content":"","ast-featured-img":"","footer-sml-layout":"","ast-disable-related-posts":"","theme-transparent-header-meta":"","adv-header-id-meta":"","stick-header-meta":"","header-above-stick-meta":"","header-main-stick-meta":"","header-below-stick-meta":"","astra-migrate-meta-layouts":"default","ast-page-background-enabled":"default","ast-page-background-meta":{"desktop":{"background-color":"var(--ast-global-color-4)","background-image":"","background-repeat":"repeat","background-position":"center center","background-size":"auto","background-attachment":"scroll","background-type":"","background-media":"","overlay-type":"","overlay-color":"","overlay-opacity":"","overlay-gradient":""},"tablet":{"background-color":"","background-image":"","background-repeat":"repeat","background-position":"center center","background-size":"auto","background-attachment":"scroll","background-type":"","background-media":"","overlay-type":"","overlay-color":"","overlay-opacity":"","overlay-gradient":""},"mobile":{"background-color":"","background-image":"","background-repeat":"repeat","background-position":"center center","background-size":"auto","background-attachment":"scroll","background-type":"","background-media":"","overlay-type":"","overlay-color":"","overlay-opacity":"","overlay-gradient":""}},"ast-content-background-meta":{"desktop":{"background-color":"var(--ast-global-color-5)","background-image":"","background-repeat":"repeat","background-position":"center center","background-size":"auto","background-attachment":"scroll","background-type":"","background-media":"","overlay-type":"","overlay-color":"","overlay-opacity":"","overlay-gradient":""},"tablet":{"background-color":"var(--ast-global-color-5)","background-image":"","background-repeat":"repeat","background-position":"center center","background-size":"auto","background-attachment":"scroll","background-type":"","background-media":"","overlay-type":"","overlay-color":"","overlay-opacity":"","overlay-gradient":""},"mobile":{"background-color":"var(--ast-global-color-5)","background-image":"","background-repeat":"repeat","background-position":"center center","background-size":"auto","background-attachment":"scroll","background-type":"","background-media":"","overlay-type":"","overlay-color":"","overlay-opacity":"","overlay-gradient":""}},"footnotes":""},"categories":[55],"tags":[],"class_list":["post-14856","post","type-post","status-publish","format-standard","has-post-thumbnail","hentry","category-mobilitat"],"yoast_head":"<!-- This site is optimized with the Yoast SEO plugin v27.4 - https:\/\/yoast.com\/product\/yoast-seo-wordpress\/ -->\n<title>Les zones AIRE (blava i verda), lliures de pagament durant l&#039;agost - La Farga Gesti\u00f3n de Equipamientos Municipales, S.A.<\/title>\n<meta name=\"description\" content=\"Com cada any les \u00e0rees d\u2019estacionaments regulats de L\u2019H (ZONA AIRE) seran gratu\u00eftes durant tot el mes d\u2019agost. El servei tornar\u00e0 l&#039;1 de setembre.\" \/>\n<meta name=\"robots\" content=\"index, follow, max-snippet:-1, max-image-preview:large, max-video-preview:-1\" \/>\n<link rel=\"canonical\" href=\"https:\/\/www.lafarga.com\/corporatiu\/zones-aire-blava-verda-lliures-pagament-durant-agost\/\" \/>\n<meta property=\"og:locale\" content=\"ca_ES\" \/>\n<meta property=\"og:type\" content=\"article\" \/>\n<meta property=\"og:title\" content=\"Les zones AIRE (blava i verda), lliures de pagament durant l&#039;agost - La Farga Gesti\u00f3n de Equipamientos Municipales, S.A.\" \/>\n<meta property=\"og:description\" content=\"Com cada any les \u00e0rees d\u2019estacionaments regulats de L\u2019H (ZONA AIRE) seran gratu\u00eftes durant tot el mes d\u2019agost. El servei tornar\u00e0 l&#039;1 de setembre.\" \/>\n<meta property=\"og:url\" content=\"https:\/\/www.lafarga.com\/corporatiu\/zones-aire-blava-verda-lliures-pagament-durant-agost\/\" \/>\n<meta property=\"og:site_name\" content=\"La Farga Gesti\u00f3n de Equipamientos Municipales, S.A.\" \/>\n<meta property=\"article:published_time\" content=\"2020-07-28T10:19:32+00:00\" \/>\n<meta property=\"article:modified_time\" content=\"2021-07-28T11:03:04+00:00\" \/>\n<meta property=\"og:image\" content=\"https:\/\/www.lafarga.com\/corporatiu\/wp-content\/uploads\/2020\/07\/Zones-Aire-Farga-Agost.jpg\" \/>\n\t<meta property=\"og:image:width\" content=\"730\" \/>\n\t<meta property=\"og:image:height\" content=\"410\" \/>\n\t<meta property=\"og:image:type\" content=\"image\/jpeg\" \/>\n<meta name=\"author\" content=\"\u00d2scar Milla\" \/>\n<meta name=\"twitter:label1\" content=\"Escrit per\" \/>\n\t<meta name=\"twitter:data1\" content=\"\u00d2scar Milla\" \/>\n\t<meta name=\"twitter:label2\" content=\"Temps estimat de lectura\" \/>\n\t<meta name=\"twitter:data2\" content=\"1 minut\" \/>\n<script type=\"application\/ld+json\" class=\"yoast-schema-graph\">{\"@context\":\"https:\\\/\\\/schema.org\",\"@graph\":[{\"@type\":\"Article\",\"@id\":\"https:\\\/\\\/www.lafarga.com\\\/corporatiu\\\/zones-aire-blava-verda-lliures-pagament-durant-agost\\\/#article\",\"isPartOf\":{\"@id\":\"https:\\\/\\\/www.lafarga.com\\\/corporatiu\\\/zones-aire-blava-verda-lliures-pagament-durant-agost\\\/\"},\"author\":{\"name\":\"\u00d2scar Milla\",\"@id\":\"https:\\\/\\\/www.lafarga.com\\\/corporatiu\\\/#\\\/schema\\\/person\\\/70d96fe17d0da1a9c9e80d232bdbcf33\"},\"headline\":\"Les zones AIRE (blava i verda), lliures de pagament durant l&#8217;agost\",\"datePublished\":\"2020-07-28T10:19:32+00:00\",\"dateModified\":\"2021-07-28T11:03:04+00:00\",\"mainEntityOfPage\":{\"@id\":\"https:\\\/\\\/www.lafarga.com\\\/corporatiu\\\/zones-aire-blava-verda-lliures-pagament-durant-agost\\\/\"},\"wordCount\":94,\"publisher\":{\"@id\":\"https:\\\/\\\/www.lafarga.com\\\/corporatiu\\\/#organization\"},\"image\":{\"@id\":\"https:\\\/\\\/www.lafarga.com\\\/corporatiu\\\/zones-aire-blava-verda-lliures-pagament-durant-agost\\\/#primaryimage\"},\"thumbnailUrl\":\"https:\\\/\\\/www.lafarga.com\\\/corporatiu\\\/wp-content\\\/uploads\\\/2020\\\/07\\\/Zones-Aire-Farga-Agost.jpg\",\"articleSection\":[\"Estacionaments Regulats\"],\"inLanguage\":\"ca\"},{\"@type\":\"WebPage\",\"@id\":\"https:\\\/\\\/www.lafarga.com\\\/corporatiu\\\/zones-aire-blava-verda-lliures-pagament-durant-agost\\\/\",\"url\":\"https:\\\/\\\/www.lafarga.com\\\/corporatiu\\\/zones-aire-blava-verda-lliures-pagament-durant-agost\\\/\",\"name\":\"Les zones AIRE (blava i verda), lliures de pagament durant l'agost - La Farga Gesti\u00f3n de Equipamientos Municipales, S.A.\",\"isPartOf\":{\"@id\":\"https:\\\/\\\/www.lafarga.com\\\/corporatiu\\\/#website\"},\"primaryImageOfPage\":{\"@id\":\"https:\\\/\\\/www.lafarga.com\\\/corporatiu\\\/zones-aire-blava-verda-lliures-pagament-durant-agost\\\/#primaryimage\"},\"image\":{\"@id\":\"https:\\\/\\\/www.lafarga.com\\\/corporatiu\\\/zones-aire-blava-verda-lliures-pagament-durant-agost\\\/#primaryimage\"},\"thumbnailUrl\":\"https:\\\/\\\/www.lafarga.com\\\/corporatiu\\\/wp-content\\\/uploads\\\/2020\\\/07\\\/Zones-Aire-Farga-Agost.jpg\",\"datePublished\":\"2020-07-28T10:19:32+00:00\",\"dateModified\":\"2021-07-28T11:03:04+00:00\",\"description\":\"Com cada any les \u00e0rees d\u2019estacionaments regulats de L\u2019H (ZONA AIRE) seran gratu\u00eftes durant tot el mes d\u2019agost. El servei tornar\u00e0 l'1 de setembre.\",\"breadcrumb\":{\"@id\":\"https:\\\/\\\/www.lafarga.com\\\/corporatiu\\\/zones-aire-blava-verda-lliures-pagament-durant-agost\\\/#breadcrumb\"},\"inLanguage\":\"ca\",\"potentialAction\":[{\"@type\":\"ReadAction\",\"target\":[\"https:\\\/\\\/www.lafarga.com\\\/corporatiu\\\/zones-aire-blava-verda-lliures-pagament-durant-agost\\\/\"]}]},{\"@type\":\"ImageObject\",\"inLanguage\":\"ca\",\"@id\":\"https:\\\/\\\/www.lafarga.com\\\/corporatiu\\\/zones-aire-blava-verda-lliures-pagament-durant-agost\\\/#primaryimage\",\"url\":\"https:\\\/\\\/www.lafarga.com\\\/corporatiu\\\/wp-content\\\/uploads\\\/2020\\\/07\\\/Zones-Aire-Farga-Agost.jpg\",\"contentUrl\":\"https:\\\/\\\/www.lafarga.com\\\/corporatiu\\\/wp-content\\\/uploads\\\/2020\\\/07\\\/Zones-Aire-Farga-Agost.jpg\",\"width\":730,\"height\":410,\"caption\":\"AIRE Farga\"},{\"@type\":\"BreadcrumbList\",\"@id\":\"https:\\\/\\\/www.lafarga.com\\\/corporatiu\\\/zones-aire-blava-verda-lliures-pagament-durant-agost\\\/#breadcrumb\",\"itemListElement\":[{\"@type\":\"ListItem\",\"position\":1,\"name\":\"Home\",\"item\":\"https:\\\/\\\/www.lafarga.com\\\/corporatiu\\\/lafarga-hospitalet-llobregat\\\/\"},{\"@type\":\"ListItem\",\"position\":2,\"name\":\"Les zones AIRE (blava i verda), lliures de pagament durant l&#8217;agost\"}]},{\"@type\":\"WebSite\",\"@id\":\"https:\\\/\\\/www.lafarga.com\\\/corporatiu\\\/#website\",\"url\":\"https:\\\/\\\/www.lafarga.com\\\/corporatiu\\\/\",\"name\":\"La Farga Gesti\u00f3 d&#039;Equipaments Municipals, SA\",\"description\":\"\",\"publisher\":{\"@id\":\"https:\\\/\\\/www.lafarga.com\\\/corporatiu\\\/#organization\"},\"potentialAction\":[{\"@type\":\"SearchAction\",\"target\":{\"@type\":\"EntryPoint\",\"urlTemplate\":\"https:\\\/\\\/www.lafarga.com\\\/corporatiu\\\/?s={search_term_string}\"},\"query-input\":{\"@type\":\"PropertyValueSpecification\",\"valueRequired\":true,\"valueName\":\"search_term_string\"}}],\"inLanguage\":\"ca\"},{\"@type\":\"Organization\",\"@id\":\"https:\\\/\\\/www.lafarga.com\\\/corporatiu\\\/#organization\",\"name\":\"La Farga Gesti\u00f3 d&#039;Equipaments Municipals, SA\",\"url\":\"https:\\\/\\\/www.lafarga.com\\\/corporatiu\\\/\",\"logo\":{\"@type\":\"ImageObject\",\"inLanguage\":\"ca\",\"@id\":\"https:\\\/\\\/www.lafarga.com\\\/corporatiu\\\/#\\\/schema\\\/logo\\\/image\\\/\",\"url\":\"https:\\\/\\\/www.lafarga.com\\\/corporatiu\\\/wp-content\\\/uploads\\\/2023\\\/11\\\/logotipo_lafarga_gemsa.svg\",\"contentUrl\":\"https:\\\/\\\/www.lafarga.com\\\/corporatiu\\\/wp-content\\\/uploads\\\/2023\\\/11\\\/logotipo_lafarga_gemsa.svg\",\"width\":102,\"height\":103,\"caption\":\"La Farga Gesti\u00f3 d&#039;Equipaments Municipals, SA\"},\"image\":{\"@id\":\"https:\\\/\\\/www.lafarga.com\\\/corporatiu\\\/#\\\/schema\\\/logo\\\/image\\\/\"}},{\"@type\":\"Person\",\"@id\":\"https:\\\/\\\/www.lafarga.com\\\/corporatiu\\\/#\\\/schema\\\/person\\\/70d96fe17d0da1a9c9e80d232bdbcf33\",\"name\":\"\u00d2scar Milla\",\"image\":{\"@type\":\"ImageObject\",\"inLanguage\":\"ca\",\"@id\":\"https:\\\/\\\/secure.gravatar.com\\\/avatar\\\/92e75d184f9d5e0e403bd4ad075b080ad258344ddc259adddb579f6a3ba6494f?s=96&d=mm&r=g\",\"url\":\"https:\\\/\\\/secure.gravatar.com\\\/avatar\\\/92e75d184f9d5e0e403bd4ad075b080ad258344ddc259adddb579f6a3ba6494f?s=96&d=mm&r=g\",\"contentUrl\":\"https:\\\/\\\/secure.gravatar.com\\\/avatar\\\/92e75d184f9d5e0e403bd4ad075b080ad258344ddc259adddb579f6a3ba6494f?s=96&d=mm&r=g\",\"caption\":\"\u00d2scar Milla\"},\"url\":\"https:\\\/\\\/www.lafarga.com\\\/corporatiu\\\/author\\\/omilla\\\/\"}]}<\/script>\n<!-- \/ Yoast SEO plugin. -->","yoast_head_json":{"title":"Les zones AIRE (blava i verda), lliures de pagament durant l'agost - La Farga Gesti\u00f3n de Equipamientos Municipales, S.A.","description":"Com cada any les \u00e0rees d\u2019estacionaments regulats de L\u2019H (ZONA AIRE) seran gratu\u00eftes durant tot el mes d\u2019agost. El servei tornar\u00e0 l'1 de setembre.","robots":{"index":"index","follow":"follow","max-snippet":"max-snippet:-1","max-image-preview":"max-image-preview:large","max-video-preview":"max-video-preview:-1"},"canonical":"https:\/\/www.lafarga.com\/corporatiu\/zones-aire-blava-verda-lliures-pagament-durant-agost\/","og_locale":"ca_ES","og_type":"article","og_title":"Les zones AIRE (blava i verda), lliures de pagament durant l'agost - La Farga Gesti\u00f3n de Equipamientos Municipales, S.A.","og_description":"Com cada any les \u00e0rees d\u2019estacionaments regulats de L\u2019H (ZONA AIRE) seran gratu\u00eftes durant tot el mes d\u2019agost. El servei tornar\u00e0 l'1 de setembre.","og_url":"https:\/\/www.lafarga.com\/corporatiu\/zones-aire-blava-verda-lliures-pagament-durant-agost\/","og_site_name":"La Farga Gesti\u00f3n de Equipamientos Municipales, S.A.","article_published_time":"2020-07-28T10:19:32+00:00","article_modified_time":"2021-07-28T11:03:04+00:00","og_image":[{"width":730,"height":410,"url":"https:\/\/www.lafarga.com\/corporatiu\/wp-content\/uploads\/2020\/07\/Zones-Aire-Farga-Agost.jpg","type":"image\/jpeg"}],"author":"\u00d2scar Milla","twitter_misc":{"Escrit per":"\u00d2scar Milla","Temps estimat de lectura":"1 minut"},"schema":{"@context":"https:\/\/schema.org","@graph":[{"@type":"Article","@id":"https:\/\/www.lafarga.com\/corporatiu\/zones-aire-blava-verda-lliures-pagament-durant-agost\/#article","isPartOf":{"@id":"https:\/\/www.lafarga.com\/corporatiu\/zones-aire-blava-verda-lliures-pagament-durant-agost\/"},"author":{"name":"\u00d2scar Milla","@id":"https:\/\/www.lafarga.com\/corporatiu\/#\/schema\/person\/70d96fe17d0da1a9c9e80d232bdbcf33"},"headline":"Les zones AIRE (blava i verda), lliures de pagament durant l&#8217;agost","datePublished":"2020-07-28T10:19:32+00:00","dateModified":"2021-07-28T11:03:04+00:00","mainEntityOfPage":{"@id":"https:\/\/www.lafarga.com\/corporatiu\/zones-aire-blava-verda-lliures-pagament-durant-agost\/"},"wordCount":94,"publisher":{"@id":"https:\/\/www.lafarga.com\/corporatiu\/#organization"},"image":{"@id":"https:\/\/www.lafarga.com\/corporatiu\/zones-aire-blava-verda-lliures-pagament-durant-agost\/#primaryimage"},"thumbnailUrl":"https:\/\/www.lafarga.com\/corporatiu\/wp-content\/uploads\/2020\/07\/Zones-Aire-Farga-Agost.jpg","articleSection":["Estacionaments Regulats"],"inLanguage":"ca"},{"@type":"WebPage","@id":"https:\/\/www.lafarga.com\/corporatiu\/zones-aire-blava-verda-lliures-pagament-durant-agost\/","url":"https:\/\/www.lafarga.com\/corporatiu\/zones-aire-blava-verda-lliures-pagament-durant-agost\/","name":"Les zones AIRE (blava i verda), lliures de pagament durant l'agost - La Farga Gesti\u00f3n de Equipamientos Municipales, S.A.","isPartOf":{"@id":"https:\/\/www.lafarga.com\/corporatiu\/#website"},"primaryImageOfPage":{"@id":"https:\/\/www.lafarga.com\/corporatiu\/zones-aire-blava-verda-lliures-pagament-durant-agost\/#primaryimage"},"image":{"@id":"https:\/\/www.lafarga.com\/corporatiu\/zones-aire-blava-verda-lliures-pagament-durant-agost\/#primaryimage"},"thumbnailUrl":"https:\/\/www.lafarga.com\/corporatiu\/wp-content\/uploads\/2020\/07\/Zones-Aire-Farga-Agost.jpg","datePublished":"2020-07-28T10:19:32+00:00","dateModified":"2021-07-28T11:03:04+00:00","description":"Com cada any les \u00e0rees d\u2019estacionaments regulats de L\u2019H (ZONA AIRE) seran gratu\u00eftes durant tot el mes d\u2019agost. El servei tornar\u00e0 l'1 de setembre.","breadcrumb":{"@id":"https:\/\/www.lafarga.com\/corporatiu\/zones-aire-blava-verda-lliures-pagament-durant-agost\/#breadcrumb"},"inLanguage":"ca","potentialAction":[{"@type":"ReadAction","target":["https:\/\/www.lafarga.com\/corporatiu\/zones-aire-blava-verda-lliures-pagament-durant-agost\/"]}]},{"@type":"ImageObject","inLanguage":"ca","@id":"https:\/\/www.lafarga.com\/corporatiu\/zones-aire-blava-verda-lliures-pagament-durant-agost\/#primaryimage","url":"https:\/\/www.lafarga.com\/corporatiu\/wp-content\/uploads\/2020\/07\/Zones-Aire-Farga-Agost.jpg","contentUrl":"https:\/\/www.lafarga.com\/corporatiu\/wp-content\/uploads\/2020\/07\/Zones-Aire-Farga-Agost.jpg","width":730,"height":410,"caption":"AIRE Farga"},{"@type":"BreadcrumbList","@id":"https:\/\/www.lafarga.com\/corporatiu\/zones-aire-blava-verda-lliures-pagament-durant-agost\/#breadcrumb","itemListElement":[{"@type":"ListItem","position":1,"name":"Home","item":"https:\/\/www.lafarga.com\/corporatiu\/lafarga-hospitalet-llobregat\/"},{"@type":"ListItem","position":2,"name":"Les zones AIRE (blava i verda), lliures de pagament durant l&#8217;agost"}]},{"@type":"WebSite","@id":"https:\/\/www.lafarga.com\/corporatiu\/#website","url":"https:\/\/www.lafarga.com\/corporatiu\/","name":"La Farga Gesti\u00f3 d&#039;Equipaments Municipals, SA","description":"","publisher":{"@id":"https:\/\/www.lafarga.com\/corporatiu\/#organization"},"potentialAction":[{"@type":"SearchAction","target":{"@type":"EntryPoint","urlTemplate":"https:\/\/www.lafarga.com\/corporatiu\/?s={search_term_string}"},"query-input":{"@type":"PropertyValueSpecification","valueRequired":true,"valueName":"search_term_string"}}],"inLanguage":"ca"},{"@type":"Organization","@id":"https:\/\/www.lafarga.com\/corporatiu\/#organization","name":"La Farga Gesti\u00f3 d&#039;Equipaments Municipals, SA","url":"https:\/\/www.lafarga.com\/corporatiu\/","logo":{"@type":"ImageObject","inLanguage":"ca","@id":"https:\/\/www.lafarga.com\/corporatiu\/#\/schema\/logo\/image\/","url":"https:\/\/www.lafarga.com\/corporatiu\/wp-content\/uploads\/2023\/11\/logotipo_lafarga_gemsa.svg","contentUrl":"https:\/\/www.lafarga.com\/corporatiu\/wp-content\/uploads\/2023\/11\/logotipo_lafarga_gemsa.svg","width":102,"height":103,"caption":"La Farga Gesti\u00f3 d&#039;Equipaments Municipals, SA"},"image":{"@id":"https:\/\/www.lafarga.com\/corporatiu\/#\/schema\/logo\/image\/"}},{"@type":"Person","@id":"https:\/\/www.lafarga.com\/corporatiu\/#\/schema\/person\/70d96fe17d0da1a9c9e80d232bdbcf33","name":"\u00d2scar Milla","image":{"@type":"ImageObject","inLanguage":"ca","@id":"https:\/\/secure.gravatar.com\/avatar\/92e75d184f9d5e0e403bd4ad075b080ad258344ddc259adddb579f6a3ba6494f?s=96&d=mm&r=g","url":"https:\/\/secure.gravatar.com\/avatar\/92e75d184f9d5e0e403bd4ad075b080ad258344ddc259adddb579f6a3ba6494f?s=96&d=mm&r=g","contentUrl":"https:\/\/secure.gravatar.com\/avatar\/92e75d184f9d5e0e403bd4ad075b080ad258344ddc259adddb579f6a3ba6494f?s=96&d=mm&r=g","caption":"\u00d2scar Milla"},"url":"https:\/\/www.lafarga.com\/corporatiu\/author\/omilla\/"}]}},"uagb_featured_image_src":{"full":["https:\/\/www.lafarga.com\/corporatiu\/wp-content\/uploads\/2020\/07\/Zones-Aire-Farga-Agost.jpg",730,410,false],"thumbnail":["https:\/\/www.lafarga.com\/corporatiu\/wp-content\/uploads\/2020\/07\/Zones-Aire-Farga-Agost-150x150.jpg",150,150,true],"medium":["https:\/\/www.lafarga.com\/corporatiu\/wp-content\/uploads\/2020\/07\/Zones-Aire-Farga-Agost-300x168.jpg",300,168,true],"medium_large":["https:\/\/www.lafarga.com\/corporatiu\/wp-content\/uploads\/2020\/07\/Zones-Aire-Farga-Agost.jpg",730,410,false],"large":["https:\/\/www.lafarga.com\/corporatiu\/wp-content\/uploads\/2020\/07\/Zones-Aire-Farga-Agost.jpg",730,410,false],"1536x1536":["https:\/\/www.lafarga.com\/corporatiu\/wp-content\/uploads\/2020\/07\/Zones-Aire-Farga-Agost.jpg",730,410,false],"2048x2048":["https:\/\/www.lafarga.com\/corporatiu\/wp-content\/uploads\/2020\/07\/Zones-Aire-Farga-Agost.jpg",730,410,false],"mailpoet_newsletter_max":["https:\/\/www.lafarga.com\/corporatiu\/wp-content\/uploads\/2020\/07\/Zones-Aire-Farga-Agost.jpg",730,410,false]},"uagb_author_info":{"display_name":"\u00d2scar Milla","author_link":"https:\/\/www.lafarga.com\/corporatiu\/author\/omilla\/"},"uagb_comment_info":0,"uagb_excerpt":"Com cada any les \u00e0rees d\u2019estacionaments regulats de L\u2019Hospitalet (zones blava i verda) seran gratu\u00eftes durant tot el mes d\u2019agost. El servei tornar\u00e0 a posar-se en funcionament dimarts 1 de setembre.","_links":{"self":[{"href":"https:\/\/www.lafarga.com\/corporatiu\/wp-json\/wp\/v2\/posts\/14856","targetHints":{"allow":["GET"]}}],"collection":[{"href":"https:\/\/www.lafarga.com\/corporatiu\/wp-json\/wp\/v2\/posts"}],"about":[{"href":"https:\/\/www.lafarga.com\/corporatiu\/wp-json\/wp\/v2\/types\/post"}],"author":[{"embeddable":true,"href":"https:\/\/www.lafarga.com\/corporatiu\/wp-json\/wp\/v2\/users\/5"}],"replies":[{"embeddable":true,"href":"https:\/\/www.lafarga.com\/corporatiu\/wp-json\/wp\/v2\/comments?post=14856"}],"version-history":[{"count":3,"href":"https:\/\/www.lafarga.com\/corporatiu\/wp-json\/wp\/v2\/posts\/14856\/revisions"}],"predecessor-version":[{"id":15960,"href":"https:\/\/www.lafarga.com\/corporatiu\/wp-json\/wp\/v2\/posts\/14856\/revisions\/15960"}],"wp:featuredmedia":[{"embeddable":true,"href":"https:\/\/www.lafarga.com\/corporatiu\/wp-json\/wp\/v2\/media\/14857"}],"wp:attachment":[{"href":"https:\/\/www.lafarga.com\/corporatiu\/wp-json\/wp\/v2\/media?parent=14856"}],"wp:term":[{"taxonomy":"category","embeddable":true,"href":"https:\/\/www.lafarga.com\/corporatiu\/wp-json\/wp\/v2\/categories?post=14856"},{"taxonomy":"post_tag","embeddable":true,"href":"https:\/\/www.lafarga.com\/corporatiu\/wp-json\/wp\/v2\/tags?post=14856"}],"curies":[{"name":"wp","href":"https:\/\/api.w.org\/{rel}","templated":true}]}}