{"id":14832,"date":"2020-07-21T07:28:39","date_gmt":"2020-07-21T07:28:39","guid":{"rendered":"http:\/\/www.lafarga.com\/corporatiu\/?p=14832"},"modified":"2020-07-21T08:02:17","modified_gmt":"2020-07-21T08:02:17","slug":"exposolidos-polusolidos-expofluidos-ajornat-2022","status":"publish","type":"post","link":"https:\/\/www.lafarga.com\/corporatiu\/exposolidos-polusolidos-expofluidos-ajornat-2022\/","title":{"rendered":"Expos\u00f3lidos, Polus\u00f3lidos i Expofluidos ajornat al 2022"},"content":{"rendered":"<h5 class=\"post-title entry-title\">Hi haur\u00e0 una pr\u00e8via virtual al febrer de 2021<\/h5>\n<div class=\"entry-content\">\n<p>El\u00a0<a href=\"https:\/\/www.exposolidos.com\/m_new_dates\/m_new_dates.html\" target=\"_blank\" rel=\"noopener noreferrer\"><strong>Sal\u00f3 de la Tecnologia i el Processament de S\u00f2lids<\/strong><\/a>, amb Expos\u00f3lidos, Polus\u00f3lidos i Expofluidos ha estat ajornat al febrer de 2022.<\/p>\n<p>El comit\u00e8 organitzador d\u2019aquest esdeveniment, que se celebra biennalment a La Farga Centre d\u2019Activitats, ha pres aquesta decisi\u00f3 per petici\u00f3 dels expositors, considerant que l\u2019any 2022 la situaci\u00f3 econ\u00f2mica i sanit\u00e0ria seran millors, i perqu\u00e8 aix\u00ed podran haver-hi m\u00e9s visitants.<\/p>\n<p>El proper mes de febrer de 2021, s\u00ed que hi haur\u00e0 una pr\u00e8via amb una fira virtual d\u2019aquest sal\u00f3 internacional.<\/p>\n<p>Expos\u00f3lidos, Polus\u00f3lidos i Expofluidos \u00e9s la principal fira de sud d\u2019Europa especialitzada en la manipulaci\u00f3 i processament de s\u00f2lids, materials a granel, pols secs, semi s\u00f2lids i separaci\u00f3 de s\u00f2lids, l\u00edquids.<\/p>\n<p>La pres\u00e8ncia de les marques l\u00edders en Expos\u00f3lidos, Polus\u00f3lidos i Expofluidos converteixen el Sal\u00f3 en el lloc idoni per analitzar i comparar solucions a les necessitats tecnol\u00f2giques dels visitants. Expos\u00f3lidos, Polus\u00f3lidos i Expofluidos compta amb el suport de les principals empreses europees de el sector i dels agents sectorials.<\/p>\n<p>Aquesta mostra \u00e9s un esdeveniment,\u00a0<a href=\"https:\/\/www.lafarga.com\/corporatiu\/edicio-mes-exitosa-exposolidos-polusolidos\/\" target=\"_blank\" rel=\"noopener noreferrer\"><strong>que ha crescut a La Farga<\/strong><\/a>, i est\u00e0 pensat per fer negocis, networking i buscar solucions espec\u00edfiques a les necessitats de les empreses que manegen s\u00f2lids, semi-s\u00f2lids i requereixen separa l\u00edquid-s\u00f2lid.<\/p>\n<\/div>\n","protected":false},"excerpt":{"rendered":"<p>El Sal\u00f3 de la Tecnologia i el Processament de S\u00f2lids, amb Expos\u00f3lidos, Polus\u00f3lidos i Expofluidos ha estat ajornat al febrer de 2022. Tot i aix\u00f2 hi haur\u00e0 una pr\u00e8via virtual al febrer del 2021.<\/p>\n","protected":false},"author":5,"featured_media":12938,"comment_status":"closed","ping_status":"closed","sticky":false,"template":"","format":"standard","meta":{"inline_featured_image":false,"_uag_custom_page_level_css":"","_monsterinsights_skip_tracking":false,"_monsterinsights_sitenote_active":false,"_monsterinsights_sitenote_note":"","_monsterinsights_sitenote_category":0,"site-sidebar-layout":"default","site-content-layout":"","ast-site-content-layout":"default","site-content-style":"default","site-sidebar-style":"default","ast-global-header-display":"","ast-banner-title-visibility":"","ast-main-header-display":"","ast-hfb-above-header-display":"","ast-hfb-below-header-display":"","ast-hfb-mobile-header-display":"","site-post-title":"","ast-breadcrumbs-content":"","ast-featured-img":"","footer-sml-layout":"","ast-disable-related-posts":"","theme-transparent-header-meta":"","adv-header-id-meta":"","stick-header-meta":"","header-above-stick-meta":"","header-main-stick-meta":"","header-below-stick-meta":"","astra-migrate-meta-layouts":"default","ast-page-background-enabled":"default","ast-page-background-meta":{"desktop":{"background-color":"var(--ast-global-color-4)","background-image":"","background-repeat":"repeat","background-position":"center center","background-size":"auto","background-attachment":"scroll","background-type":"","background-media":"","overlay-type":"","overlay-color":"","overlay-opacity":"","overlay-gradient":""},"tablet":{"background-color":"","background-image":"","background-repeat":"repeat","background-position":"center center","background-size":"auto","background-attachment":"scroll","background-type":"","background-media":"","overlay-type":"","overlay-color":"","overlay-opacity":"","overlay-gradient":""},"mobile":{"background-color":"","background-image":"","background-repeat":"repeat","background-position":"center center","background-size":"auto","background-attachment":"scroll","background-type":"","background-media":"","overlay-type":"","overlay-color":"","overlay-opacity":"","overlay-gradient":""}},"ast-content-background-meta":{"desktop":{"background-color":"var(--ast-global-color-5)","background-image":"","background-repeat":"repeat","background-position":"center center","background-size":"auto","background-attachment":"scroll","background-type":"","background-media":"","overlay-type":"","overlay-color":"","overlay-opacity":"","overlay-gradient":""},"tablet":{"background-color":"var(--ast-global-color-5)","background-image":"","background-repeat":"repeat","background-position":"center center","background-size":"auto","background-attachment":"scroll","background-type":"","background-media":"","overlay-type":"","overlay-color":"","overlay-opacity":"","overlay-gradient":""},"mobile":{"background-color":"var(--ast-global-color-5)","background-image":"","background-repeat":"repeat","background-position":"center center","background-size":"auto","background-attachment":"scroll","background-type":"","background-media":"","overlay-type":"","overlay-color":"","overlay-opacity":"","overlay-gradient":""}},"footnotes":""},"categories":[49],"tags":[],"class_list":["post-14832","post","type-post","status-publish","format-standard","has-post-thumbnail","hentry","category-centre-activitats"],"yoast_head":"<!-- This site is optimized with the Yoast SEO plugin v27.4 - https:\/\/yoast.com\/product\/yoast-seo-wordpress\/ -->\n<title>Expos\u00f3lidos, Polus\u00f3lidos i Expofluidos ajornat al 2022 - La Farga Gesti\u00f3n de Equipamientos Municipales, S.A.<\/title>\n<meta name=\"description\" content=\"El Sal\u00f3 de la Tecnologia i el Processament de S\u00f2lids, amb Expos\u00f3lidos, Polus\u00f3lidos i Expofluidos ha estat ajornat al febrer de 2022.\" \/>\n<meta name=\"robots\" content=\"index, follow, max-snippet:-1, max-image-preview:large, max-video-preview:-1\" \/>\n<link rel=\"canonical\" href=\"https:\/\/www.lafarga.com\/corporatiu\/exposolidos-polusolidos-expofluidos-ajornat-2022\/\" \/>\n<meta property=\"og:locale\" content=\"ca_ES\" \/>\n<meta property=\"og:type\" content=\"article\" \/>\n<meta property=\"og:title\" content=\"Expos\u00f3lidos, Polus\u00f3lidos i Expofluidos ajornat al 2022 - La Farga Gesti\u00f3n de Equipamientos Municipales, S.A.\" \/>\n<meta property=\"og:description\" content=\"El Sal\u00f3 de la Tecnologia i el Processament de S\u00f2lids, amb Expos\u00f3lidos, Polus\u00f3lidos i Expofluidos ha estat ajornat al febrer de 2022.\" \/>\n<meta property=\"og:url\" content=\"https:\/\/www.lafarga.com\/corporatiu\/exposolidos-polusolidos-expofluidos-ajornat-2022\/\" \/>\n<meta property=\"og:site_name\" content=\"La Farga Gesti\u00f3n de Equipamientos Municipales, S.A.\" \/>\n<meta property=\"article:published_time\" content=\"2020-07-21T07:28:39+00:00\" \/>\n<meta property=\"article:modified_time\" content=\"2020-07-21T08:02:17+00:00\" \/>\n<meta property=\"og:image\" content=\"https:\/\/www.lafarga.com\/corporatiu\/wp-content\/uploads\/2019\/02\/exposolidos-farga.jpg\" \/>\n\t<meta property=\"og:image:width\" content=\"730\" \/>\n\t<meta property=\"og:image:height\" content=\"410\" \/>\n\t<meta property=\"og:image:type\" content=\"image\/jpeg\" \/>\n<meta name=\"author\" content=\"\u00d2scar Milla\" \/>\n<meta name=\"twitter:label1\" content=\"Escrit per\" \/>\n\t<meta name=\"twitter:data1\" content=\"\u00d2scar Milla\" \/>\n\t<meta name=\"twitter:label2\" content=\"Temps estimat de lectura\" \/>\n\t<meta name=\"twitter:data2\" content=\"1 minut\" \/>\n<script type=\"application\/ld+json\" class=\"yoast-schema-graph\">{\"@context\":\"https:\\\/\\\/schema.org\",\"@graph\":[{\"@type\":\"Article\",\"@id\":\"https:\\\/\\\/www.lafarga.com\\\/corporatiu\\\/exposolidos-polusolidos-expofluidos-ajornat-2022\\\/#article\",\"isPartOf\":{\"@id\":\"https:\\\/\\\/www.lafarga.com\\\/corporatiu\\\/exposolidos-polusolidos-expofluidos-ajornat-2022\\\/\"},\"author\":{\"name\":\"\u00d2scar Milla\",\"@id\":\"https:\\\/\\\/www.lafarga.com\\\/corporatiu\\\/#\\\/schema\\\/person\\\/70d96fe17d0da1a9c9e80d232bdbcf33\"},\"headline\":\"Expos\u00f3lidos, Polus\u00f3lidos i Expofluidos ajornat al 2022\",\"datePublished\":\"2020-07-21T07:28:39+00:00\",\"dateModified\":\"2020-07-21T08:02:17+00:00\",\"mainEntityOfPage\":{\"@id\":\"https:\\\/\\\/www.lafarga.com\\\/corporatiu\\\/exposolidos-polusolidos-expofluidos-ajornat-2022\\\/\"},\"wordCount\":242,\"publisher\":{\"@id\":\"https:\\\/\\\/www.lafarga.com\\\/corporatiu\\\/#organization\"},\"image\":{\"@id\":\"https:\\\/\\\/www.lafarga.com\\\/corporatiu\\\/exposolidos-polusolidos-expofluidos-ajornat-2022\\\/#primaryimage\"},\"thumbnailUrl\":\"https:\\\/\\\/www.lafarga.com\\\/corporatiu\\\/wp-content\\\/uploads\\\/2019\\\/02\\\/exposolidos-farga.jpg\",\"articleSection\":[\"Centre d'Activitats\"],\"inLanguage\":\"ca\"},{\"@type\":\"WebPage\",\"@id\":\"https:\\\/\\\/www.lafarga.com\\\/corporatiu\\\/exposolidos-polusolidos-expofluidos-ajornat-2022\\\/\",\"url\":\"https:\\\/\\\/www.lafarga.com\\\/corporatiu\\\/exposolidos-polusolidos-expofluidos-ajornat-2022\\\/\",\"name\":\"Expos\u00f3lidos, Polus\u00f3lidos i Expofluidos ajornat al 2022 - La Farga Gesti\u00f3n de Equipamientos Municipales, S.A.\",\"isPartOf\":{\"@id\":\"https:\\\/\\\/www.lafarga.com\\\/corporatiu\\\/#website\"},\"primaryImageOfPage\":{\"@id\":\"https:\\\/\\\/www.lafarga.com\\\/corporatiu\\\/exposolidos-polusolidos-expofluidos-ajornat-2022\\\/#primaryimage\"},\"image\":{\"@id\":\"https:\\\/\\\/www.lafarga.com\\\/corporatiu\\\/exposolidos-polusolidos-expofluidos-ajornat-2022\\\/#primaryimage\"},\"thumbnailUrl\":\"https:\\\/\\\/www.lafarga.com\\\/corporatiu\\\/wp-content\\\/uploads\\\/2019\\\/02\\\/exposolidos-farga.jpg\",\"datePublished\":\"2020-07-21T07:28:39+00:00\",\"dateModified\":\"2020-07-21T08:02:17+00:00\",\"description\":\"El Sal\u00f3 de la Tecnologia i el Processament de S\u00f2lids, amb Expos\u00f3lidos, Polus\u00f3lidos i Expofluidos ha estat ajornat al febrer de 2022.\",\"breadcrumb\":{\"@id\":\"https:\\\/\\\/www.lafarga.com\\\/corporatiu\\\/exposolidos-polusolidos-expofluidos-ajornat-2022\\\/#breadcrumb\"},\"inLanguage\":\"ca\",\"potentialAction\":[{\"@type\":\"ReadAction\",\"target\":[\"https:\\\/\\\/www.lafarga.com\\\/corporatiu\\\/exposolidos-polusolidos-expofluidos-ajornat-2022\\\/\"]}]},{\"@type\":\"ImageObject\",\"inLanguage\":\"ca\",\"@id\":\"https:\\\/\\\/www.lafarga.com\\\/corporatiu\\\/exposolidos-polusolidos-expofluidos-ajornat-2022\\\/#primaryimage\",\"url\":\"https:\\\/\\\/www.lafarga.com\\\/corporatiu\\\/wp-content\\\/uploads\\\/2019\\\/02\\\/exposolidos-farga.jpg\",\"contentUrl\":\"https:\\\/\\\/www.lafarga.com\\\/corporatiu\\\/wp-content\\\/uploads\\\/2019\\\/02\\\/exposolidos-farga.jpg\",\"width\":730,\"height\":410,\"caption\":\"Exposolidos Farga Polusolidos\"},{\"@type\":\"BreadcrumbList\",\"@id\":\"https:\\\/\\\/www.lafarga.com\\\/corporatiu\\\/exposolidos-polusolidos-expofluidos-ajornat-2022\\\/#breadcrumb\",\"itemListElement\":[{\"@type\":\"ListItem\",\"position\":1,\"name\":\"Home\",\"item\":\"https:\\\/\\\/www.lafarga.com\\\/corporatiu\\\/lafarga-hospitalet-llobregat\\\/\"},{\"@type\":\"ListItem\",\"position\":2,\"name\":\"Expos\u00f3lidos, Polus\u00f3lidos i Expofluidos ajornat al 2022\"}]},{\"@type\":\"WebSite\",\"@id\":\"https:\\\/\\\/www.lafarga.com\\\/corporatiu\\\/#website\",\"url\":\"https:\\\/\\\/www.lafarga.com\\\/corporatiu\\\/\",\"name\":\"La Farga Gesti\u00f3 d&#039;Equipaments Municipals, SA\",\"description\":\"\",\"publisher\":{\"@id\":\"https:\\\/\\\/www.lafarga.com\\\/corporatiu\\\/#organization\"},\"potentialAction\":[{\"@type\":\"SearchAction\",\"target\":{\"@type\":\"EntryPoint\",\"urlTemplate\":\"https:\\\/\\\/www.lafarga.com\\\/corporatiu\\\/?s={search_term_string}\"},\"query-input\":{\"@type\":\"PropertyValueSpecification\",\"valueRequired\":true,\"valueName\":\"search_term_string\"}}],\"inLanguage\":\"ca\"},{\"@type\":\"Organization\",\"@id\":\"https:\\\/\\\/www.lafarga.com\\\/corporatiu\\\/#organization\",\"name\":\"La Farga Gesti\u00f3 d&#039;Equipaments Municipals, SA\",\"url\":\"https:\\\/\\\/www.lafarga.com\\\/corporatiu\\\/\",\"logo\":{\"@type\":\"ImageObject\",\"inLanguage\":\"ca\",\"@id\":\"https:\\\/\\\/www.lafarga.com\\\/corporatiu\\\/#\\\/schema\\\/logo\\\/image\\\/\",\"url\":\"https:\\\/\\\/www.lafarga.com\\\/corporatiu\\\/wp-content\\\/uploads\\\/2023\\\/11\\\/logotipo_lafarga_gemsa.svg\",\"contentUrl\":\"https:\\\/\\\/www.lafarga.com\\\/corporatiu\\\/wp-content\\\/uploads\\\/2023\\\/11\\\/logotipo_lafarga_gemsa.svg\",\"width\":102,\"height\":103,\"caption\":\"La Farga Gesti\u00f3 d&#039;Equipaments Municipals, SA\"},\"image\":{\"@id\":\"https:\\\/\\\/www.lafarga.com\\\/corporatiu\\\/#\\\/schema\\\/logo\\\/image\\\/\"}},{\"@type\":\"Person\",\"@id\":\"https:\\\/\\\/www.lafarga.com\\\/corporatiu\\\/#\\\/schema\\\/person\\\/70d96fe17d0da1a9c9e80d232bdbcf33\",\"name\":\"\u00d2scar Milla\",\"image\":{\"@type\":\"ImageObject\",\"inLanguage\":\"ca\",\"@id\":\"https:\\\/\\\/secure.gravatar.com\\\/avatar\\\/92e75d184f9d5e0e403bd4ad075b080ad258344ddc259adddb579f6a3ba6494f?s=96&d=mm&r=g\",\"url\":\"https:\\\/\\\/secure.gravatar.com\\\/avatar\\\/92e75d184f9d5e0e403bd4ad075b080ad258344ddc259adddb579f6a3ba6494f?s=96&d=mm&r=g\",\"contentUrl\":\"https:\\\/\\\/secure.gravatar.com\\\/avatar\\\/92e75d184f9d5e0e403bd4ad075b080ad258344ddc259adddb579f6a3ba6494f?s=96&d=mm&r=g\",\"caption\":\"\u00d2scar Milla\"},\"url\":\"https:\\\/\\\/www.lafarga.com\\\/corporatiu\\\/author\\\/omilla\\\/\"}]}<\/script>\n<!-- \/ Yoast SEO plugin. -->","yoast_head_json":{"title":"Expos\u00f3lidos, Polus\u00f3lidos i Expofluidos ajornat al 2022 - La Farga Gesti\u00f3n de Equipamientos Municipales, S.A.","description":"El Sal\u00f3 de la Tecnologia i el Processament de S\u00f2lids, amb Expos\u00f3lidos, Polus\u00f3lidos i Expofluidos ha estat ajornat al febrer de 2022.","robots":{"index":"index","follow":"follow","max-snippet":"max-snippet:-1","max-image-preview":"max-image-preview:large","max-video-preview":"max-video-preview:-1"},"canonical":"https:\/\/www.lafarga.com\/corporatiu\/exposolidos-polusolidos-expofluidos-ajornat-2022\/","og_locale":"ca_ES","og_type":"article","og_title":"Expos\u00f3lidos, Polus\u00f3lidos i Expofluidos ajornat al 2022 - La Farga Gesti\u00f3n de Equipamientos Municipales, S.A.","og_description":"El Sal\u00f3 de la Tecnologia i el Processament de S\u00f2lids, amb Expos\u00f3lidos, Polus\u00f3lidos i Expofluidos ha estat ajornat al febrer de 2022.","og_url":"https:\/\/www.lafarga.com\/corporatiu\/exposolidos-polusolidos-expofluidos-ajornat-2022\/","og_site_name":"La Farga Gesti\u00f3n de Equipamientos Municipales, S.A.","article_published_time":"2020-07-21T07:28:39+00:00","article_modified_time":"2020-07-21T08:02:17+00:00","og_image":[{"width":730,"height":410,"url":"https:\/\/www.lafarga.com\/corporatiu\/wp-content\/uploads\/2019\/02\/exposolidos-farga.jpg","type":"image\/jpeg"}],"author":"\u00d2scar Milla","twitter_misc":{"Escrit per":"\u00d2scar Milla","Temps estimat de lectura":"1 minut"},"schema":{"@context":"https:\/\/schema.org","@graph":[{"@type":"Article","@id":"https:\/\/www.lafarga.com\/corporatiu\/exposolidos-polusolidos-expofluidos-ajornat-2022\/#article","isPartOf":{"@id":"https:\/\/www.lafarga.com\/corporatiu\/exposolidos-polusolidos-expofluidos-ajornat-2022\/"},"author":{"name":"\u00d2scar Milla","@id":"https:\/\/www.lafarga.com\/corporatiu\/#\/schema\/person\/70d96fe17d0da1a9c9e80d232bdbcf33"},"headline":"Expos\u00f3lidos, Polus\u00f3lidos i Expofluidos ajornat al 2022","datePublished":"2020-07-21T07:28:39+00:00","dateModified":"2020-07-21T08:02:17+00:00","mainEntityOfPage":{"@id":"https:\/\/www.lafarga.com\/corporatiu\/exposolidos-polusolidos-expofluidos-ajornat-2022\/"},"wordCount":242,"publisher":{"@id":"https:\/\/www.lafarga.com\/corporatiu\/#organization"},"image":{"@id":"https:\/\/www.lafarga.com\/corporatiu\/exposolidos-polusolidos-expofluidos-ajornat-2022\/#primaryimage"},"thumbnailUrl":"https:\/\/www.lafarga.com\/corporatiu\/wp-content\/uploads\/2019\/02\/exposolidos-farga.jpg","articleSection":["Centre d'Activitats"],"inLanguage":"ca"},{"@type":"WebPage","@id":"https:\/\/www.lafarga.com\/corporatiu\/exposolidos-polusolidos-expofluidos-ajornat-2022\/","url":"https:\/\/www.lafarga.com\/corporatiu\/exposolidos-polusolidos-expofluidos-ajornat-2022\/","name":"Expos\u00f3lidos, Polus\u00f3lidos i Expofluidos ajornat al 2022 - La Farga Gesti\u00f3n de Equipamientos Municipales, S.A.","isPartOf":{"@id":"https:\/\/www.lafarga.com\/corporatiu\/#website"},"primaryImageOfPage":{"@id":"https:\/\/www.lafarga.com\/corporatiu\/exposolidos-polusolidos-expofluidos-ajornat-2022\/#primaryimage"},"image":{"@id":"https:\/\/www.lafarga.com\/corporatiu\/exposolidos-polusolidos-expofluidos-ajornat-2022\/#primaryimage"},"thumbnailUrl":"https:\/\/www.lafarga.com\/corporatiu\/wp-content\/uploads\/2019\/02\/exposolidos-farga.jpg","datePublished":"2020-07-21T07:28:39+00:00","dateModified":"2020-07-21T08:02:17+00:00","description":"El Sal\u00f3 de la Tecnologia i el Processament de S\u00f2lids, amb Expos\u00f3lidos, Polus\u00f3lidos i Expofluidos ha estat ajornat al febrer de 2022.","breadcrumb":{"@id":"https:\/\/www.lafarga.com\/corporatiu\/exposolidos-polusolidos-expofluidos-ajornat-2022\/#breadcrumb"},"inLanguage":"ca","potentialAction":[{"@type":"ReadAction","target":["https:\/\/www.lafarga.com\/corporatiu\/exposolidos-polusolidos-expofluidos-ajornat-2022\/"]}]},{"@type":"ImageObject","inLanguage":"ca","@id":"https:\/\/www.lafarga.com\/corporatiu\/exposolidos-polusolidos-expofluidos-ajornat-2022\/#primaryimage","url":"https:\/\/www.lafarga.com\/corporatiu\/wp-content\/uploads\/2019\/02\/exposolidos-farga.jpg","contentUrl":"https:\/\/www.lafarga.com\/corporatiu\/wp-content\/uploads\/2019\/02\/exposolidos-farga.jpg","width":730,"height":410,"caption":"Exposolidos Farga Polusolidos"},{"@type":"BreadcrumbList","@id":"https:\/\/www.lafarga.com\/corporatiu\/exposolidos-polusolidos-expofluidos-ajornat-2022\/#breadcrumb","itemListElement":[{"@type":"ListItem","position":1,"name":"Home","item":"https:\/\/www.lafarga.com\/corporatiu\/lafarga-hospitalet-llobregat\/"},{"@type":"ListItem","position":2,"name":"Expos\u00f3lidos, Polus\u00f3lidos i Expofluidos ajornat al 2022"}]},{"@type":"WebSite","@id":"https:\/\/www.lafarga.com\/corporatiu\/#website","url":"https:\/\/www.lafarga.com\/corporatiu\/","name":"La Farga Gesti\u00f3 d&#039;Equipaments Municipals, SA","description":"","publisher":{"@id":"https:\/\/www.lafarga.com\/corporatiu\/#organization"},"potentialAction":[{"@type":"SearchAction","target":{"@type":"EntryPoint","urlTemplate":"https:\/\/www.lafarga.com\/corporatiu\/?s={search_term_string}"},"query-input":{"@type":"PropertyValueSpecification","valueRequired":true,"valueName":"search_term_string"}}],"inLanguage":"ca"},{"@type":"Organization","@id":"https:\/\/www.lafarga.com\/corporatiu\/#organization","name":"La Farga Gesti\u00f3 d&#039;Equipaments Municipals, SA","url":"https:\/\/www.lafarga.com\/corporatiu\/","logo":{"@type":"ImageObject","inLanguage":"ca","@id":"https:\/\/www.lafarga.com\/corporatiu\/#\/schema\/logo\/image\/","url":"https:\/\/www.lafarga.com\/corporatiu\/wp-content\/uploads\/2023\/11\/logotipo_lafarga_gemsa.svg","contentUrl":"https:\/\/www.lafarga.com\/corporatiu\/wp-content\/uploads\/2023\/11\/logotipo_lafarga_gemsa.svg","width":102,"height":103,"caption":"La Farga Gesti\u00f3 d&#039;Equipaments Municipals, SA"},"image":{"@id":"https:\/\/www.lafarga.com\/corporatiu\/#\/schema\/logo\/image\/"}},{"@type":"Person","@id":"https:\/\/www.lafarga.com\/corporatiu\/#\/schema\/person\/70d96fe17d0da1a9c9e80d232bdbcf33","name":"\u00d2scar Milla","image":{"@type":"ImageObject","inLanguage":"ca","@id":"https:\/\/secure.gravatar.com\/avatar\/92e75d184f9d5e0e403bd4ad075b080ad258344ddc259adddb579f6a3ba6494f?s=96&d=mm&r=g","url":"https:\/\/secure.gravatar.com\/avatar\/92e75d184f9d5e0e403bd4ad075b080ad258344ddc259adddb579f6a3ba6494f?s=96&d=mm&r=g","contentUrl":"https:\/\/secure.gravatar.com\/avatar\/92e75d184f9d5e0e403bd4ad075b080ad258344ddc259adddb579f6a3ba6494f?s=96&d=mm&r=g","caption":"\u00d2scar Milla"},"url":"https:\/\/www.lafarga.com\/corporatiu\/author\/omilla\/"}]}},"uagb_featured_image_src":{"full":["https:\/\/www.lafarga.com\/corporatiu\/wp-content\/uploads\/2019\/02\/exposolidos-farga.jpg",730,410,false],"thumbnail":["https:\/\/www.lafarga.com\/corporatiu\/wp-content\/uploads\/2019\/02\/exposolidos-farga-150x150.jpg",150,150,true],"medium":["https:\/\/www.lafarga.com\/corporatiu\/wp-content\/uploads\/2019\/02\/exposolidos-farga-300x168.jpg",300,168,true],"medium_large":["https:\/\/www.lafarga.com\/corporatiu\/wp-content\/uploads\/2019\/02\/exposolidos-farga.jpg",730,410,false],"large":["https:\/\/www.lafarga.com\/corporatiu\/wp-content\/uploads\/2019\/02\/exposolidos-farga.jpg",730,410,false],"1536x1536":["https:\/\/www.lafarga.com\/corporatiu\/wp-content\/uploads\/2019\/02\/exposolidos-farga.jpg",730,410,false],"2048x2048":["https:\/\/www.lafarga.com\/corporatiu\/wp-content\/uploads\/2019\/02\/exposolidos-farga.jpg",730,410,false],"mailpoet_newsletter_max":["https:\/\/www.lafarga.com\/corporatiu\/wp-content\/uploads\/2019\/02\/exposolidos-farga.jpg",730,410,false]},"uagb_author_info":{"display_name":"\u00d2scar Milla","author_link":"https:\/\/www.lafarga.com\/corporatiu\/author\/omilla\/"},"uagb_comment_info":0,"uagb_excerpt":"El Sal\u00f3 de la Tecnologia i el Processament de S\u00f2lids, amb Expos\u00f3lidos, Polus\u00f3lidos i Expofluidos ha estat ajornat al febrer de 2022. Tot i aix\u00f2 hi haur\u00e0 una pr\u00e8via virtual al febrer del 2021.","_links":{"self":[{"href":"https:\/\/www.lafarga.com\/corporatiu\/wp-json\/wp\/v2\/posts\/14832","targetHints":{"allow":["GET"]}}],"collection":[{"href":"https:\/\/www.lafarga.com\/corporatiu\/wp-json\/wp\/v2\/posts"}],"about":[{"href":"https:\/\/www.lafarga.com\/corporatiu\/wp-json\/wp\/v2\/types\/post"}],"author":[{"embeddable":true,"href":"https:\/\/www.lafarga.com\/corporatiu\/wp-json\/wp\/v2\/users\/5"}],"replies":[{"embeddable":true,"href":"https:\/\/www.lafarga.com\/corporatiu\/wp-json\/wp\/v2\/comments?post=14832"}],"version-history":[{"count":2,"href":"https:\/\/www.lafarga.com\/corporatiu\/wp-json\/wp\/v2\/posts\/14832\/revisions"}],"predecessor-version":[{"id":14839,"href":"https:\/\/www.lafarga.com\/corporatiu\/wp-json\/wp\/v2\/posts\/14832\/revisions\/14839"}],"wp:featuredmedia":[{"embeddable":true,"href":"https:\/\/www.lafarga.com\/corporatiu\/wp-json\/wp\/v2\/media\/12938"}],"wp:attachment":[{"href":"https:\/\/www.lafarga.com\/corporatiu\/wp-json\/wp\/v2\/media?parent=14832"}],"wp:term":[{"taxonomy":"category","embeddable":true,"href":"https:\/\/www.lafarga.com\/corporatiu\/wp-json\/wp\/v2\/categories?post=14832"},{"taxonomy":"post_tag","embeddable":true,"href":"https:\/\/www.lafarga.com\/corporatiu\/wp-json\/wp\/v2\/tags?post=14832"}],"curies":[{"name":"wp","href":"https:\/\/api.w.org\/{rel}","templated":true}]}}