{"id":14788,"date":"2020-07-14T07:19:18","date_gmt":"2020-07-14T07:19:18","guid":{"rendered":"http:\/\/www.lafarga.com\/corporatiu\/?p=14788"},"modified":"2020-07-14T07:33:16","modified_gmt":"2020-07-14T07:33:16","slug":"la-sindica-aten-mes-reclamacions-en-portada","status":"publish","type":"post","link":"https:\/\/www.lafarga.com\/corporatiu\/la-sindica-aten-mes-reclamacions-en-portada\/","title":{"rendered":"La S\u00edndica at\u00e9n m\u00e9s reclamacions, en portada"},"content":{"rendered":"<h5>Edici\u00f3 n\u00famero 358<\/h5>\n<p>L\u2019increment de les reclamacions de la S\u00edndica de L\u2019Hospitalet, amb un augment del 70% m\u00e9s d&#8217;expedients, \u00e9s el principal tema de portada del <a href=\"https:\/\/lhdigital.cat\/web\/diari\/diari-l-h\" target=\"_blank\" rel=\"noopener noreferrer\"><strong>Diari de L\u2019Hospitalet<\/strong><\/a> d\u2019aquest mes de juliol.<\/p>\n<p>La S\u00edndica ha resolt el 66% dels casos segons el balan\u00e7 de la sindicatura de l\u2019exercici de 2019. Les queixes sobre l\u2019espai p\u00fablic centren el major n\u00famero de reclamacions.<\/p>\n<p>El Diari tamb\u00e9 destaca que s\u2019ha aprovat el projecte per deprimir 1 km de la Granvia fins arribar al Llobregat; i que el Ple acorda recon\u00e8ixer la tasca dels treballadors essencials de L\u2019Hospitalet.<\/p>\n<p>Altres temes del Diari s\u00f3n que del 3 al 29 d\u2019agost, L\u20191 del metro interrompr\u00e0 el seu servei entre l\u2019Hospital de Bellvitge i la Torrassa; i que l\u2019alcaldessa reclama davant la Junta Local de seguretat m\u00e9s efectius policials amb urg\u00e8ncia.<\/p>\n<p>En p\u00e0gines centrals trobem en aquesta edici\u00f3 totes les propostes per gaudir de l\u2019estiu sense sortir de la ciutat sempre amb mesures de seguretat.<\/p>\n<h5>Represa d&#8217;activitats<\/h5>\n<p>En quant a La Farga Centre d\u2019Activitats, el diari destaca la celebraci\u00f3 aquest mes de juliol del Consell de Ciutat, a la Sala Polivalent, on es va presentar el Pacte de Ciutat per a la reactivaci\u00f3. Aquesta ha estat la <a href=\"https:\/\/www.lafarga.com\/corporatiu\/consell-ciutat-farga-congress\/\" target=\"_blank\" rel=\"noopener noreferrer\"><strong>primera activitat p\u00fablica<\/strong><\/a> del recinte d\u2019esdeveniments despr\u00e9s dels mesos de confinament.<\/p>\n<p>El diari tamb\u00e9 recorda que les zones blava i verda d\u2019aparcament regulat <a href=\"https:\/\/www.lafarga.com\/corporatiu\/estacionaments-regulats-hospitalet\/\" target=\"_blank\" rel=\"noopener noreferrer\"><strong>(AIRE)<\/strong><\/a> seran gratu\u00eftes el mes d\u2019agost, de l\u20191 al 31, ambd\u00f3s inclosos.<\/p>\n<p>En l\u2019apartat cultural el TPK tanca el curs amb un Solstici dedicat a la viv\u00e8ncia dels artistes durant el confinament. D\u2019altra banda el Festival Filmser\u00e8, realitzat a Televisi\u00f3 de L\u2019Hospitalet, i organitzat per l\u2019Institut Eduard Fontser\u00e9, amb la col\u00b7laboraci\u00f3 de Torre Barrina, Experi\u00e8ncies d\u2019Innovaci\u00f3 Social, ha anunciat el guanyador de la segona edici\u00f3: \u201cLa Tierra llamando a Ana\u201d.<\/p>\n<p>Pel que fa als esports, el s\u00e8nior femen\u00ed del Rugby Club L\u2019Hospitalet es desvincula de l\u2019INEF i obre una nova etapa per tornar a la Divisi\u00f3 d\u2019Honor.<\/p>\n<p>El Diari de L\u2019Hospitalet \u00e9s un mitj\u00e0 editat per La Farga Gesti\u00f3 d\u2019Equipaments Municipals, i t\u00e9 una tirada de 105.000 exemplars.<\/p>\n<p>Aqu\u00ed podeu veure la <a href=\"http:\/\/lhdigital.cat\/diarilh_digital\/358\/index.html\" target=\"_blank\" rel=\"noopener noreferrer\"><strong>versi\u00f3 digital<\/strong><\/a>\u00a0del Diari de L\u2019Hospitalet.<\/p>\n","protected":false},"excerpt":{"rendered":"<p>L\u2019increment de les reclamacions de la S\u00edndica de L\u2019Hospitalet, amb un augment del 70% m\u00e9s de reclamacions, \u00e9s el principal tema de portada del Diari de L\u2019Hospitalet d\u2019aquest mes de juliol.<\/p>\n","protected":false},"author":5,"featured_media":14789,"comment_status":"closed","ping_status":"closed","sticky":false,"template":"","format":"standard","meta":{"inline_featured_image":false,"_uag_custom_page_level_css":"","_monsterinsights_skip_tracking":false,"_monsterinsights_sitenote_active":false,"_monsterinsights_sitenote_note":"","_monsterinsights_sitenote_category":0,"site-sidebar-layout":"default","site-content-layout":"","ast-site-content-layout":"default","site-content-style":"default","site-sidebar-style":"default","ast-global-header-display":"","ast-banner-title-visibility":"","ast-main-header-display":"","ast-hfb-above-header-display":"","ast-hfb-below-header-display":"","ast-hfb-mobile-header-display":"","site-post-title":"","ast-breadcrumbs-content":"","ast-featured-img":"","footer-sml-layout":"","ast-disable-related-posts":"","theme-transparent-header-meta":"","adv-header-id-meta":"","stick-header-meta":"","header-above-stick-meta":"","header-main-stick-meta":"","header-below-stick-meta":"","astra-migrate-meta-layouts":"default","ast-page-background-enabled":"default","ast-page-background-meta":{"desktop":{"background-color":"var(--ast-global-color-4)","background-image":"","background-repeat":"repeat","background-position":"center center","background-size":"auto","background-attachment":"scroll","background-type":"","background-media":"","overlay-type":"","overlay-color":"","overlay-opacity":"","overlay-gradient":""},"tablet":{"background-color":"","background-image":"","background-repeat":"repeat","background-position":"center center","background-size":"auto","background-attachment":"scroll","background-type":"","background-media":"","overlay-type":"","overlay-color":"","overlay-opacity":"","overlay-gradient":""},"mobile":{"background-color":"","background-image":"","background-repeat":"repeat","background-position":"center center","background-size":"auto","background-attachment":"scroll","background-type":"","background-media":"","overlay-type":"","overlay-color":"","overlay-opacity":"","overlay-gradient":""}},"ast-content-background-meta":{"desktop":{"background-color":"var(--ast-global-color-5)","background-image":"","background-repeat":"repeat","background-position":"center center","background-size":"auto","background-attachment":"scroll","background-type":"","background-media":"","overlay-type":"","overlay-color":"","overlay-opacity":"","overlay-gradient":""},"tablet":{"background-color":"var(--ast-global-color-5)","background-image":"","background-repeat":"repeat","background-position":"center center","background-size":"auto","background-attachment":"scroll","background-type":"","background-media":"","overlay-type":"","overlay-color":"","overlay-opacity":"","overlay-gradient":""},"mobile":{"background-color":"var(--ast-global-color-5)","background-image":"","background-repeat":"repeat","background-position":"center center","background-size":"auto","background-attachment":"scroll","background-type":"","background-media":"","overlay-type":"","overlay-color":"","overlay-opacity":"","overlay-gradient":""}},"footnotes":""},"categories":[51],"tags":[],"class_list":["post-14788","post","type-post","status-publish","format-standard","has-post-thumbnail","hentry","category-mitjans-comunicacio"],"yoast_head":"<!-- This site is optimized with the Yoast SEO plugin v27.4 - https:\/\/yoast.com\/product\/yoast-seo-wordpress\/ -->\n<title>La S\u00edndica at\u00e9n m\u00e9s reclamacions, en portada - La Farga Gesti\u00f3n de Equipamientos Municipales, S.A.<\/title>\n<meta name=\"description\" content=\"L\u2019increment de les reclamacions de la S\u00edndica de L\u2019Hospitalet, amb un augment del 70% m\u00e9s de reclamacions, \u00e9s el principal tema de portada del Diari de L\u2019H.\" \/>\n<meta name=\"robots\" content=\"index, follow, max-snippet:-1, max-image-preview:large, max-video-preview:-1\" \/>\n<link rel=\"canonical\" href=\"https:\/\/www.lafarga.com\/corporatiu\/la-sindica-aten-mes-reclamacions-en-portada\/\" \/>\n<meta property=\"og:locale\" content=\"ca_ES\" \/>\n<meta property=\"og:type\" content=\"article\" \/>\n<meta property=\"og:title\" content=\"La S\u00edndica at\u00e9n m\u00e9s reclamacions, en portada - La Farga Gesti\u00f3n de Equipamientos Municipales, S.A.\" \/>\n<meta property=\"og:description\" content=\"L\u2019increment de les reclamacions de la S\u00edndica de L\u2019Hospitalet, amb un augment del 70% m\u00e9s de reclamacions, \u00e9s el principal tema de portada del Diari de L\u2019H.\" \/>\n<meta property=\"og:url\" content=\"https:\/\/www.lafarga.com\/corporatiu\/la-sindica-aten-mes-reclamacions-en-portada\/\" \/>\n<meta property=\"og:site_name\" content=\"La Farga Gesti\u00f3n de Equipamientos Municipales, S.A.\" \/>\n<meta property=\"article:published_time\" content=\"2020-07-14T07:19:18+00:00\" \/>\n<meta property=\"article:modified_time\" content=\"2020-07-14T07:33:16+00:00\" \/>\n<meta property=\"og:image\" content=\"https:\/\/www.lafarga.com\/corporatiu\/wp-content\/uploads\/2020\/07\/Diari-LH-Juliol20.jpg\" \/>\n\t<meta property=\"og:image:width\" content=\"730\" \/>\n\t<meta property=\"og:image:height\" content=\"410\" \/>\n\t<meta property=\"og:image:type\" content=\"image\/jpeg\" \/>\n<meta name=\"author\" content=\"\u00d2scar Milla\" \/>\n<meta name=\"twitter:label1\" content=\"Escrit per\" \/>\n\t<meta name=\"twitter:data1\" content=\"\u00d2scar Milla\" \/>\n\t<meta name=\"twitter:label2\" content=\"Temps estimat de lectura\" \/>\n\t<meta name=\"twitter:data2\" content=\"2 minuts\" \/>\n<script type=\"application\/ld+json\" class=\"yoast-schema-graph\">{\"@context\":\"https:\\\/\\\/schema.org\",\"@graph\":[{\"@type\":\"Article\",\"@id\":\"https:\\\/\\\/www.lafarga.com\\\/corporatiu\\\/la-sindica-aten-mes-reclamacions-en-portada\\\/#article\",\"isPartOf\":{\"@id\":\"https:\\\/\\\/www.lafarga.com\\\/corporatiu\\\/la-sindica-aten-mes-reclamacions-en-portada\\\/\"},\"author\":{\"name\":\"\u00d2scar Milla\",\"@id\":\"https:\\\/\\\/www.lafarga.com\\\/corporatiu\\\/#\\\/schema\\\/person\\\/70d96fe17d0da1a9c9e80d232bdbcf33\"},\"headline\":\"La S\u00edndica at\u00e9n m\u00e9s reclamacions, en portada\",\"datePublished\":\"2020-07-14T07:19:18+00:00\",\"dateModified\":\"2020-07-14T07:33:16+00:00\",\"mainEntityOfPage\":{\"@id\":\"https:\\\/\\\/www.lafarga.com\\\/corporatiu\\\/la-sindica-aten-mes-reclamacions-en-portada\\\/\"},\"wordCount\":401,\"publisher\":{\"@id\":\"https:\\\/\\\/www.lafarga.com\\\/corporatiu\\\/#organization\"},\"image\":{\"@id\":\"https:\\\/\\\/www.lafarga.com\\\/corporatiu\\\/la-sindica-aten-mes-reclamacions-en-portada\\\/#primaryimage\"},\"thumbnailUrl\":\"https:\\\/\\\/www.lafarga.com\\\/corporatiu\\\/wp-content\\\/uploads\\\/2020\\\/07\\\/Diari-LH-Juliol20.jpg\",\"articleSection\":[\"Mitjans de Comunicaci\u00f3\"],\"inLanguage\":\"ca\"},{\"@type\":\"WebPage\",\"@id\":\"https:\\\/\\\/www.lafarga.com\\\/corporatiu\\\/la-sindica-aten-mes-reclamacions-en-portada\\\/\",\"url\":\"https:\\\/\\\/www.lafarga.com\\\/corporatiu\\\/la-sindica-aten-mes-reclamacions-en-portada\\\/\",\"name\":\"La S\u00edndica at\u00e9n m\u00e9s reclamacions, en portada - La Farga Gesti\u00f3n de Equipamientos Municipales, S.A.\",\"isPartOf\":{\"@id\":\"https:\\\/\\\/www.lafarga.com\\\/corporatiu\\\/#website\"},\"primaryImageOfPage\":{\"@id\":\"https:\\\/\\\/www.lafarga.com\\\/corporatiu\\\/la-sindica-aten-mes-reclamacions-en-portada\\\/#primaryimage\"},\"image\":{\"@id\":\"https:\\\/\\\/www.lafarga.com\\\/corporatiu\\\/la-sindica-aten-mes-reclamacions-en-portada\\\/#primaryimage\"},\"thumbnailUrl\":\"https:\\\/\\\/www.lafarga.com\\\/corporatiu\\\/wp-content\\\/uploads\\\/2020\\\/07\\\/Diari-LH-Juliol20.jpg\",\"datePublished\":\"2020-07-14T07:19:18+00:00\",\"dateModified\":\"2020-07-14T07:33:16+00:00\",\"description\":\"L\u2019increment de les reclamacions de la S\u00edndica de L\u2019Hospitalet, amb un augment del 70% m\u00e9s de reclamacions, \u00e9s el principal tema de portada del Diari de L\u2019H.\",\"breadcrumb\":{\"@id\":\"https:\\\/\\\/www.lafarga.com\\\/corporatiu\\\/la-sindica-aten-mes-reclamacions-en-portada\\\/#breadcrumb\"},\"inLanguage\":\"ca\",\"potentialAction\":[{\"@type\":\"ReadAction\",\"target\":[\"https:\\\/\\\/www.lafarga.com\\\/corporatiu\\\/la-sindica-aten-mes-reclamacions-en-portada\\\/\"]}]},{\"@type\":\"ImageObject\",\"inLanguage\":\"ca\",\"@id\":\"https:\\\/\\\/www.lafarga.com\\\/corporatiu\\\/la-sindica-aten-mes-reclamacions-en-portada\\\/#primaryimage\",\"url\":\"https:\\\/\\\/www.lafarga.com\\\/corporatiu\\\/wp-content\\\/uploads\\\/2020\\\/07\\\/Diari-LH-Juliol20.jpg\",\"contentUrl\":\"https:\\\/\\\/www.lafarga.com\\\/corporatiu\\\/wp-content\\\/uploads\\\/2020\\\/07\\\/Diari-LH-Juliol20.jpg\",\"width\":730,\"height\":410,\"caption\":\"S\u00edndica Diari Farga\"},{\"@type\":\"BreadcrumbList\",\"@id\":\"https:\\\/\\\/www.lafarga.com\\\/corporatiu\\\/la-sindica-aten-mes-reclamacions-en-portada\\\/#breadcrumb\",\"itemListElement\":[{\"@type\":\"ListItem\",\"position\":1,\"name\":\"Home\",\"item\":\"https:\\\/\\\/www.lafarga.com\\\/corporatiu\\\/lafarga-hospitalet-llobregat\\\/\"},{\"@type\":\"ListItem\",\"position\":2,\"name\":\"La S\u00edndica at\u00e9n m\u00e9s reclamacions, en portada\"}]},{\"@type\":\"WebSite\",\"@id\":\"https:\\\/\\\/www.lafarga.com\\\/corporatiu\\\/#website\",\"url\":\"https:\\\/\\\/www.lafarga.com\\\/corporatiu\\\/\",\"name\":\"La Farga Gesti\u00f3 d&#039;Equipaments Municipals, SA\",\"description\":\"\",\"publisher\":{\"@id\":\"https:\\\/\\\/www.lafarga.com\\\/corporatiu\\\/#organization\"},\"potentialAction\":[{\"@type\":\"SearchAction\",\"target\":{\"@type\":\"EntryPoint\",\"urlTemplate\":\"https:\\\/\\\/www.lafarga.com\\\/corporatiu\\\/?s={search_term_string}\"},\"query-input\":{\"@type\":\"PropertyValueSpecification\",\"valueRequired\":true,\"valueName\":\"search_term_string\"}}],\"inLanguage\":\"ca\"},{\"@type\":\"Organization\",\"@id\":\"https:\\\/\\\/www.lafarga.com\\\/corporatiu\\\/#organization\",\"name\":\"La Farga Gesti\u00f3 d&#039;Equipaments Municipals, SA\",\"url\":\"https:\\\/\\\/www.lafarga.com\\\/corporatiu\\\/\",\"logo\":{\"@type\":\"ImageObject\",\"inLanguage\":\"ca\",\"@id\":\"https:\\\/\\\/www.lafarga.com\\\/corporatiu\\\/#\\\/schema\\\/logo\\\/image\\\/\",\"url\":\"https:\\\/\\\/www.lafarga.com\\\/corporatiu\\\/wp-content\\\/uploads\\\/2023\\\/11\\\/logotipo_lafarga_gemsa.svg\",\"contentUrl\":\"https:\\\/\\\/www.lafarga.com\\\/corporatiu\\\/wp-content\\\/uploads\\\/2023\\\/11\\\/logotipo_lafarga_gemsa.svg\",\"width\":102,\"height\":103,\"caption\":\"La Farga Gesti\u00f3 d&#039;Equipaments Municipals, SA\"},\"image\":{\"@id\":\"https:\\\/\\\/www.lafarga.com\\\/corporatiu\\\/#\\\/schema\\\/logo\\\/image\\\/\"}},{\"@type\":\"Person\",\"@id\":\"https:\\\/\\\/www.lafarga.com\\\/corporatiu\\\/#\\\/schema\\\/person\\\/70d96fe17d0da1a9c9e80d232bdbcf33\",\"name\":\"\u00d2scar Milla\",\"image\":{\"@type\":\"ImageObject\",\"inLanguage\":\"ca\",\"@id\":\"https:\\\/\\\/secure.gravatar.com\\\/avatar\\\/92e75d184f9d5e0e403bd4ad075b080ad258344ddc259adddb579f6a3ba6494f?s=96&d=mm&r=g\",\"url\":\"https:\\\/\\\/secure.gravatar.com\\\/avatar\\\/92e75d184f9d5e0e403bd4ad075b080ad258344ddc259adddb579f6a3ba6494f?s=96&d=mm&r=g\",\"contentUrl\":\"https:\\\/\\\/secure.gravatar.com\\\/avatar\\\/92e75d184f9d5e0e403bd4ad075b080ad258344ddc259adddb579f6a3ba6494f?s=96&d=mm&r=g\",\"caption\":\"\u00d2scar Milla\"},\"url\":\"https:\\\/\\\/www.lafarga.com\\\/corporatiu\\\/author\\\/omilla\\\/\"}]}<\/script>\n<!-- \/ Yoast SEO plugin. -->","yoast_head_json":{"title":"La S\u00edndica at\u00e9n m\u00e9s reclamacions, en portada - La Farga Gesti\u00f3n de Equipamientos Municipales, S.A.","description":"L\u2019increment de les reclamacions de la S\u00edndica de L\u2019Hospitalet, amb un augment del 70% m\u00e9s de reclamacions, \u00e9s el principal tema de portada del Diari de L\u2019H.","robots":{"index":"index","follow":"follow","max-snippet":"max-snippet:-1","max-image-preview":"max-image-preview:large","max-video-preview":"max-video-preview:-1"},"canonical":"https:\/\/www.lafarga.com\/corporatiu\/la-sindica-aten-mes-reclamacions-en-portada\/","og_locale":"ca_ES","og_type":"article","og_title":"La S\u00edndica at\u00e9n m\u00e9s reclamacions, en portada - La Farga Gesti\u00f3n de Equipamientos Municipales, S.A.","og_description":"L\u2019increment de les reclamacions de la S\u00edndica de L\u2019Hospitalet, amb un augment del 70% m\u00e9s de reclamacions, \u00e9s el principal tema de portada del Diari de L\u2019H.","og_url":"https:\/\/www.lafarga.com\/corporatiu\/la-sindica-aten-mes-reclamacions-en-portada\/","og_site_name":"La Farga Gesti\u00f3n de Equipamientos Municipales, S.A.","article_published_time":"2020-07-14T07:19:18+00:00","article_modified_time":"2020-07-14T07:33:16+00:00","og_image":[{"width":730,"height":410,"url":"https:\/\/www.lafarga.com\/corporatiu\/wp-content\/uploads\/2020\/07\/Diari-LH-Juliol20.jpg","type":"image\/jpeg"}],"author":"\u00d2scar Milla","twitter_misc":{"Escrit per":"\u00d2scar Milla","Temps estimat de lectura":"2 minuts"},"schema":{"@context":"https:\/\/schema.org","@graph":[{"@type":"Article","@id":"https:\/\/www.lafarga.com\/corporatiu\/la-sindica-aten-mes-reclamacions-en-portada\/#article","isPartOf":{"@id":"https:\/\/www.lafarga.com\/corporatiu\/la-sindica-aten-mes-reclamacions-en-portada\/"},"author":{"name":"\u00d2scar Milla","@id":"https:\/\/www.lafarga.com\/corporatiu\/#\/schema\/person\/70d96fe17d0da1a9c9e80d232bdbcf33"},"headline":"La S\u00edndica at\u00e9n m\u00e9s reclamacions, en portada","datePublished":"2020-07-14T07:19:18+00:00","dateModified":"2020-07-14T07:33:16+00:00","mainEntityOfPage":{"@id":"https:\/\/www.lafarga.com\/corporatiu\/la-sindica-aten-mes-reclamacions-en-portada\/"},"wordCount":401,"publisher":{"@id":"https:\/\/www.lafarga.com\/corporatiu\/#organization"},"image":{"@id":"https:\/\/www.lafarga.com\/corporatiu\/la-sindica-aten-mes-reclamacions-en-portada\/#primaryimage"},"thumbnailUrl":"https:\/\/www.lafarga.com\/corporatiu\/wp-content\/uploads\/2020\/07\/Diari-LH-Juliol20.jpg","articleSection":["Mitjans de Comunicaci\u00f3"],"inLanguage":"ca"},{"@type":"WebPage","@id":"https:\/\/www.lafarga.com\/corporatiu\/la-sindica-aten-mes-reclamacions-en-portada\/","url":"https:\/\/www.lafarga.com\/corporatiu\/la-sindica-aten-mes-reclamacions-en-portada\/","name":"La S\u00edndica at\u00e9n m\u00e9s reclamacions, en portada - La Farga Gesti\u00f3n de Equipamientos Municipales, S.A.","isPartOf":{"@id":"https:\/\/www.lafarga.com\/corporatiu\/#website"},"primaryImageOfPage":{"@id":"https:\/\/www.lafarga.com\/corporatiu\/la-sindica-aten-mes-reclamacions-en-portada\/#primaryimage"},"image":{"@id":"https:\/\/www.lafarga.com\/corporatiu\/la-sindica-aten-mes-reclamacions-en-portada\/#primaryimage"},"thumbnailUrl":"https:\/\/www.lafarga.com\/corporatiu\/wp-content\/uploads\/2020\/07\/Diari-LH-Juliol20.jpg","datePublished":"2020-07-14T07:19:18+00:00","dateModified":"2020-07-14T07:33:16+00:00","description":"L\u2019increment de les reclamacions de la S\u00edndica de L\u2019Hospitalet, amb un augment del 70% m\u00e9s de reclamacions, \u00e9s el principal tema de portada del Diari de L\u2019H.","breadcrumb":{"@id":"https:\/\/www.lafarga.com\/corporatiu\/la-sindica-aten-mes-reclamacions-en-portada\/#breadcrumb"},"inLanguage":"ca","potentialAction":[{"@type":"ReadAction","target":["https:\/\/www.lafarga.com\/corporatiu\/la-sindica-aten-mes-reclamacions-en-portada\/"]}]},{"@type":"ImageObject","inLanguage":"ca","@id":"https:\/\/www.lafarga.com\/corporatiu\/la-sindica-aten-mes-reclamacions-en-portada\/#primaryimage","url":"https:\/\/www.lafarga.com\/corporatiu\/wp-content\/uploads\/2020\/07\/Diari-LH-Juliol20.jpg","contentUrl":"https:\/\/www.lafarga.com\/corporatiu\/wp-content\/uploads\/2020\/07\/Diari-LH-Juliol20.jpg","width":730,"height":410,"caption":"S\u00edndica Diari Farga"},{"@type":"BreadcrumbList","@id":"https:\/\/www.lafarga.com\/corporatiu\/la-sindica-aten-mes-reclamacions-en-portada\/#breadcrumb","itemListElement":[{"@type":"ListItem","position":1,"name":"Home","item":"https:\/\/www.lafarga.com\/corporatiu\/lafarga-hospitalet-llobregat\/"},{"@type":"ListItem","position":2,"name":"La S\u00edndica at\u00e9n m\u00e9s reclamacions, en portada"}]},{"@type":"WebSite","@id":"https:\/\/www.lafarga.com\/corporatiu\/#website","url":"https:\/\/www.lafarga.com\/corporatiu\/","name":"La Farga Gesti\u00f3 d&#039;Equipaments Municipals, SA","description":"","publisher":{"@id":"https:\/\/www.lafarga.com\/corporatiu\/#organization"},"potentialAction":[{"@type":"SearchAction","target":{"@type":"EntryPoint","urlTemplate":"https:\/\/www.lafarga.com\/corporatiu\/?s={search_term_string}"},"query-input":{"@type":"PropertyValueSpecification","valueRequired":true,"valueName":"search_term_string"}}],"inLanguage":"ca"},{"@type":"Organization","@id":"https:\/\/www.lafarga.com\/corporatiu\/#organization","name":"La Farga Gesti\u00f3 d&#039;Equipaments Municipals, SA","url":"https:\/\/www.lafarga.com\/corporatiu\/","logo":{"@type":"ImageObject","inLanguage":"ca","@id":"https:\/\/www.lafarga.com\/corporatiu\/#\/schema\/logo\/image\/","url":"https:\/\/www.lafarga.com\/corporatiu\/wp-content\/uploads\/2023\/11\/logotipo_lafarga_gemsa.svg","contentUrl":"https:\/\/www.lafarga.com\/corporatiu\/wp-content\/uploads\/2023\/11\/logotipo_lafarga_gemsa.svg","width":102,"height":103,"caption":"La Farga Gesti\u00f3 d&#039;Equipaments Municipals, SA"},"image":{"@id":"https:\/\/www.lafarga.com\/corporatiu\/#\/schema\/logo\/image\/"}},{"@type":"Person","@id":"https:\/\/www.lafarga.com\/corporatiu\/#\/schema\/person\/70d96fe17d0da1a9c9e80d232bdbcf33","name":"\u00d2scar Milla","image":{"@type":"ImageObject","inLanguage":"ca","@id":"https:\/\/secure.gravatar.com\/avatar\/92e75d184f9d5e0e403bd4ad075b080ad258344ddc259adddb579f6a3ba6494f?s=96&d=mm&r=g","url":"https:\/\/secure.gravatar.com\/avatar\/92e75d184f9d5e0e403bd4ad075b080ad258344ddc259adddb579f6a3ba6494f?s=96&d=mm&r=g","contentUrl":"https:\/\/secure.gravatar.com\/avatar\/92e75d184f9d5e0e403bd4ad075b080ad258344ddc259adddb579f6a3ba6494f?s=96&d=mm&r=g","caption":"\u00d2scar Milla"},"url":"https:\/\/www.lafarga.com\/corporatiu\/author\/omilla\/"}]}},"uagb_featured_image_src":{"full":["https:\/\/www.lafarga.com\/corporatiu\/wp-content\/uploads\/2020\/07\/Diari-LH-Juliol20.jpg",730,410,false],"thumbnail":["https:\/\/www.lafarga.com\/corporatiu\/wp-content\/uploads\/2020\/07\/Diari-LH-Juliol20-150x150.jpg",150,150,true],"medium":["https:\/\/www.lafarga.com\/corporatiu\/wp-content\/uploads\/2020\/07\/Diari-LH-Juliol20-300x168.jpg",300,168,true],"medium_large":["https:\/\/www.lafarga.com\/corporatiu\/wp-content\/uploads\/2020\/07\/Diari-LH-Juliol20.jpg",730,410,false],"large":["https:\/\/www.lafarga.com\/corporatiu\/wp-content\/uploads\/2020\/07\/Diari-LH-Juliol20.jpg",730,410,false],"1536x1536":["https:\/\/www.lafarga.com\/corporatiu\/wp-content\/uploads\/2020\/07\/Diari-LH-Juliol20.jpg",730,410,false],"2048x2048":["https:\/\/www.lafarga.com\/corporatiu\/wp-content\/uploads\/2020\/07\/Diari-LH-Juliol20.jpg",730,410,false],"mailpoet_newsletter_max":["https:\/\/www.lafarga.com\/corporatiu\/wp-content\/uploads\/2020\/07\/Diari-LH-Juliol20.jpg",730,410,false]},"uagb_author_info":{"display_name":"\u00d2scar Milla","author_link":"https:\/\/www.lafarga.com\/corporatiu\/author\/omilla\/"},"uagb_comment_info":0,"uagb_excerpt":"L\u2019increment de les reclamacions de la S\u00edndica de L\u2019Hospitalet, amb un augment del 70% m\u00e9s de reclamacions, \u00e9s el principal tema de portada del Diari de L\u2019Hospitalet d\u2019aquest mes de juliol.","_links":{"self":[{"href":"https:\/\/www.lafarga.com\/corporatiu\/wp-json\/wp\/v2\/posts\/14788","targetHints":{"allow":["GET"]}}],"collection":[{"href":"https:\/\/www.lafarga.com\/corporatiu\/wp-json\/wp\/v2\/posts"}],"about":[{"href":"https:\/\/www.lafarga.com\/corporatiu\/wp-json\/wp\/v2\/types\/post"}],"author":[{"embeddable":true,"href":"https:\/\/www.lafarga.com\/corporatiu\/wp-json\/wp\/v2\/users\/5"}],"replies":[{"embeddable":true,"href":"https:\/\/www.lafarga.com\/corporatiu\/wp-json\/wp\/v2\/comments?post=14788"}],"version-history":[{"count":2,"href":"https:\/\/www.lafarga.com\/corporatiu\/wp-json\/wp\/v2\/posts\/14788\/revisions"}],"predecessor-version":[{"id":14798,"href":"https:\/\/www.lafarga.com\/corporatiu\/wp-json\/wp\/v2\/posts\/14788\/revisions\/14798"}],"wp:featuredmedia":[{"embeddable":true,"href":"https:\/\/www.lafarga.com\/corporatiu\/wp-json\/wp\/v2\/media\/14789"}],"wp:attachment":[{"href":"https:\/\/www.lafarga.com\/corporatiu\/wp-json\/wp\/v2\/media?parent=14788"}],"wp:term":[{"taxonomy":"category","embeddable":true,"href":"https:\/\/www.lafarga.com\/corporatiu\/wp-json\/wp\/v2\/categories?post=14788"},{"taxonomy":"post_tag","embeddable":true,"href":"https:\/\/www.lafarga.com\/corporatiu\/wp-json\/wp\/v2\/tags?post=14788"}],"curies":[{"name":"wp","href":"https:\/\/api.w.org\/{rel}","templated":true}]}}