{"id":14757,"date":"2020-07-03T08:45:17","date_gmt":"2020-07-03T08:45:17","guid":{"rendered":"http:\/\/www.lafarga.com\/corporatiu\/?p=14757"},"modified":"2020-07-07T08:46:54","modified_gmt":"2020-07-07T08:46:54","slug":"consell-ciutat-farga-congress-2","status":"publish","type":"post","link":"https:\/\/www.lafarga.com\/corporatiu\/consell-ciutat-farga-congress-2\/","title":{"rendered":"Consell de Ciutat, en La Farga Congress"},"content":{"rendered":"\r\n\r\n\r\n<h5 class=\"wp-block-heading\">Primera actividad post-confinamiento<\/h5>\r\n\r\n\r\n\r\n<p>La sesi\u00f3n extraordinaria del Pleno del\u00a0<a href=\"http:\/\/www.l-h.cat\/detallNoticia_2.aspx?2IqazCNnHBOGtATBbcpYN0OFKiCQGbZzADgIZdv5pbv4ez1gF6JE3w1RfYnJCsqmvSOa\" target=\"_blank\" rel=\"noreferrer noopener\"><strong>Consell de Ciutat<\/strong><\/a>\u00a0de L\u2019Hospitalet, el m\u00e1ximo \u00f3rgano consultivo de participaci\u00f3n ciudadana, se ha celebrado en la Sala Polivalente de La Farga Congress, y ha servido para presentar a sus miembros el Pacto de ciudad, un frente com\u00fan para reactivar social y econ\u00f3micamente la ciudad despu\u00e9s de la emergencia sanitaria. Esta ha sido la\u00a0<a href=\"http:\/\/www.lafargalhospitalet.com\/reanudacion-de-actividades\/\" target=\"_blank\" rel=\"noreferrer noopener\"><strong>primera actividad<\/strong><\/a>, abierta al p\u00fablico, que se ha desarrollado en La Farga de L\u2019Hospitalet despu\u00e9s del Estado de alarma.<\/p>\r\n\r\n\r\n\r\n<p>Durante el Pleno municipal del mes de abril se anunci\u00f3 un gran pacto de ciudad, donde seg\u00fan afirm\u00f3 la alcaldesa de L\u2019Hospitalet, N\u00faria Mar\u00edn,\u00a0<em>\u201ctodos los grupos pol\u00edticos municipales y los agentes sociales y econ\u00f3micos concertaran las acciones necesarias para impulsar la reactivaci\u00f3n econ\u00f3mica y social y para que los sectores y la ciudadan\u00eda m\u00e1s fr\u00e1giles no se queden atr\u00e1s\u201d<\/em>.<\/p>\r\n\r\n\r\n\r\n<h5 class=\"wp-block-heading\">El Plan de reactivaci\u00f3n se estructura en torno a tres ideas:<\/h5>\r\n\r\n\r\n\r\n<ul class=\"wp-block-list\">\r\n<li>Nadie se queda atr\u00e1s en la recuperaci\u00f3n del municipio<\/li>\r\n<li>Consenso c\u00edvico para repensar el modelo de ciudad dirigido al incremento del bienestar y la erradicaci\u00f3n de desigualdades<\/li>\r\n<li>L\u2019Hospitalet ser\u00e1 l\u00edder en innovaci\u00f3n social aplicada a la reactivaci\u00f3n local.<\/li>\r\n<\/ul>\r\n\r\n\r\n\r\n<p>El primer teniente de alcald\u00eda, y presidente de La Farga Gesti\u00f3n de Equipamientos Municipales, Francesc Josep Belver, ha sido el encargado de presentar el Pacto de ciudad a los miembros del Consell de Ciutat.\u00a0<em>\u201cLa reacci\u00f3n conjunta institucional y ciudadana durante el estado de alarma ha servido para garantizar los servicios esenciales y dar respuesta a las nuevas necesidades surgidas de la pandemia. Este esp\u00edritu de uni\u00f3n y colaboraci\u00f3n es lo que se quiere recoger en este gran acuerdo de ciudad que estamos trabajando\u201d<\/em>, agreg\u00f3 Belver.<\/p>\r\n\r\n\r\n\r\n<p>El pacto debe ser el instrumento que\u00a0<em>\u201cpermita, desde el consenso, continuar trabajando unidos y sumando esfuerzos colectivos e individuales de manera coordinada y planificada para encarar el nuevo escenario postcoronavirus\u201d<\/em>.<\/p>\r\n\r\n\r\n\r\n<p>De este acuerdo surgir\u00e1 un plan de reactivaci\u00f3n que quiere, entre otros, recuperar la seguridad y la confianza de la ciudadan\u00eda y la garant\u00eda de la salud mientras no haya una soluci\u00f3n definitiva a la enfermedad o riesgo de contagio.<\/p>\r\n\r\n\r\n\r\n<p>El pacto ha recogido las propuestas de los grupos pol\u00edticos municipales, y ahora se est\u00e1 haciendo lo mismo con las entidades y agentes sociales representados en el Consell de Ciutat, con el tejido asociativo, los agentes de los sectores econ\u00f3mico, cultural, educativo y el movimiento vecinal representado por la Federaci\u00f3n de Asociaciones de Vecinas y Vecinos de L\u2019Hospitalet. La voluntad es tener un primer documento a finales de julio.<\/p>\r\n\r\n\r\n\r\n<p>A partir de aqu\u00ed, las diferentes propuestas de actuaci\u00f3n se agrupar\u00e1n en cuatro ejes estrat\u00e9gicos que se alinean con los objetivos de desarrollo sostenible y el objetivo de \u201cBarreras 0 2030\u201d:<\/p>\r\n\r\n\r\n\r\n<p><strong>Entorno urbano<\/strong>: adaptar el espacio p\u00fablico, la movilidad y las infraestructuras a la nueva realidad.<\/p>\r\n\r\n\r\n\r\n<p><strong>Entorno social<\/strong>: reconstrucci\u00f3n de las infraestructuras comunitarias: educaci\u00f3n, cultura y deportes. Poner las personas en el centro de las pol\u00edticas y garantizar derechos y libertades.<\/p>\r\n\r\n\r\n\r\n<p><strong>Entorno econ\u00f3mico<\/strong>: cambio de paradigma, refuerzo del estado de benestar. Explorar el intercambio, la complementariedad, la econom\u00eda circular. Impulsar la empleabilidad en sectores estrat\u00e9gicos.<\/p>\r\n\r\n\r\n\r\n<p><strong>Entorno institucional<\/strong>: Reorganizaci\u00f3n de la estructura municipal para adaptarla de forma segura y eficiente a las nuevas condiciones de trabajo.<\/p>\r\n\r\n\r\n\r\n<h5 class=\"wp-block-heading\">Agentes econ\u00f3micas y sociales<\/h5>\r\n\r\n\r\n\r\n<p>Con respecto a algunos agentes sociales asistentes a la presentaci\u00f3n, desde la Federaci\u00f3n de Asociaciones de Vecinos, su presidente Manuel Pi\u00f1ar, afirma que\u00a0<em>\u201cera imprescindible llegar a un acuerdo as\u00ed. Nuestra valoraci\u00f3n es positiva pero esperamos que las propuestas se hagan realidad en beneficio de todos los ciudadanos. Hay que reforzar la atenci\u00f3n primaria, atender la necesidad de vivienda asequible y dar respuesta al nuevo perfil de usuarios de servicios sociales que ha dejado el coronavirus\u201d<\/em>.<\/p>\r\n\r\n\r\n\r\n<p>Por su parte, el presidente de la Asociaci\u00f3n de Empresarios Pedrosa, Baltasar Pozuelo, hace una valoraci\u00f3n positiva aunque\u00a0<em>\u201cahora que llega la emergencia econ\u00f3mica hay que actuar lo m\u00e1s r\u00e1pido posible\u201d<\/em>.\u00a0 A\u00f1adi\u00f3 que\u00a0<em>\u201clas empresas somos la primera barrera social contra la precariedad, cuando perdemos una empresa es un valor que no es recuperable\u201d<\/em>.<\/p>\r\n\r\n\r\n\r\n<p>Finalmente, Jos\u00e9 Carlos Gonz\u00e1lez, presidente de la Asociaci\u00f3 Educativa Nou Quitxalles, cree que\u00a0<em>\u201cel pacto es necesario por las dificultades que vendr\u00e1 a partir de ahora. Debemos ser capaces de articular un m\u00e9todo \u00e1gil para dar las respuestas necesarias a los ciudadanos, sobre todo en crear puestos de trabajo y en pol\u00edticas sociales\u201d<\/em>.<\/p>\r\n","protected":false},"excerpt":{"rendered":"<p>La sesi\u00f3n extraordinaria del Pleno del\u00a0Consell de Ciutat\u00a0de L\u2019Hospitalet, el m\u00e1ximo \u00f3rgano consultivo de participaci\u00f3n ciudadana, se ha celebrado en la Sala Polivalente de La Farga Congress, y ha servido para presentar a sus miembros el Pacto de ciudad.<\/p>\n","protected":false},"author":5,"featured_media":14755,"comment_status":"closed","ping_status":"closed","sticky":false,"template":"","format":"standard","meta":{"inline_featured_image":false,"_uag_custom_page_level_css":"","_monsterinsights_skip_tracking":false,"_monsterinsights_sitenote_active":false,"_monsterinsights_sitenote_note":"","_monsterinsights_sitenote_category":0,"site-sidebar-layout":"default","site-content-layout":"","ast-site-content-layout":"default","site-content-style":"default","site-sidebar-style":"default","ast-global-header-display":"","ast-banner-title-visibility":"","ast-main-header-display":"","ast-hfb-above-header-display":"","ast-hfb-below-header-display":"","ast-hfb-mobile-header-display":"","site-post-title":"","ast-breadcrumbs-content":"","ast-featured-img":"","footer-sml-layout":"","ast-disable-related-posts":"","theme-transparent-header-meta":"","adv-header-id-meta":"","stick-header-meta":"","header-above-stick-meta":"","header-main-stick-meta":"","header-below-stick-meta":"","astra-migrate-meta-layouts":"default","ast-page-background-enabled":"default","ast-page-background-meta":{"desktop":{"background-color":"var(--ast-global-color-4)","background-image":"","background-repeat":"repeat","background-position":"center center","background-size":"auto","background-attachment":"scroll","background-type":"","background-media":"","overlay-type":"","overlay-color":"","overlay-opacity":"","overlay-gradient":""},"tablet":{"background-color":"","background-image":"","background-repeat":"repeat","background-position":"center center","background-size":"auto","background-attachment":"scroll","background-type":"","background-media":"","overlay-type":"","overlay-color":"","overlay-opacity":"","overlay-gradient":""},"mobile":{"background-color":"","background-image":"","background-repeat":"repeat","background-position":"center center","background-size":"auto","background-attachment":"scroll","background-type":"","background-media":"","overlay-type":"","overlay-color":"","overlay-opacity":"","overlay-gradient":""}},"ast-content-background-meta":{"desktop":{"background-color":"var(--ast-global-color-5)","background-image":"","background-repeat":"repeat","background-position":"center center","background-size":"auto","background-attachment":"scroll","background-type":"","background-media":"","overlay-type":"","overlay-color":"","overlay-opacity":"","overlay-gradient":""},"tablet":{"background-color":"var(--ast-global-color-5)","background-image":"","background-repeat":"repeat","background-position":"center center","background-size":"auto","background-attachment":"scroll","background-type":"","background-media":"","overlay-type":"","overlay-color":"","overlay-opacity":"","overlay-gradient":""},"mobile":{"background-color":"var(--ast-global-color-5)","background-image":"","background-repeat":"repeat","background-position":"center center","background-size":"auto","background-attachment":"scroll","background-type":"","background-media":"","overlay-type":"","overlay-color":"","overlay-opacity":"","overlay-gradient":""}},"footnotes":""},"categories":[73],"tags":[],"class_list":["post-14757","post","type-post","status-publish","format-standard","has-post-thumbnail","hentry","category-centro-de-actividades"],"yoast_head":"<!-- This site is optimized with the Yoast SEO plugin v27.4 - https:\/\/yoast.com\/product\/yoast-seo-wordpress\/ -->\n<title>Consell de Ciutat, en La Farga Congress - La Farga Gesti\u00f3n de Equipamientos Municipales, S.A.<\/title>\n<meta name=\"description\" content=\"La sesi\u00f3n extraordinaria del Pleno del\u00a0Consell de Ciutat\u00a0de L\u2019Hospitalet se ha celebrado en la Sala Polivalente de La Farga Congress.\" \/>\n<meta name=\"robots\" content=\"index, follow, max-snippet:-1, max-image-preview:large, max-video-preview:-1\" \/>\n<link rel=\"canonical\" href=\"https:\/\/www.lafarga.com\/corporatiu\/consell-ciutat-farga-congress-2\/\" \/>\n<meta property=\"og:locale\" content=\"ca_ES\" \/>\n<meta property=\"og:type\" content=\"article\" \/>\n<meta property=\"og:title\" content=\"Consell de Ciutat, en La Farga Congress - La Farga Gesti\u00f3n de Equipamientos Municipales, S.A.\" \/>\n<meta property=\"og:description\" content=\"La sesi\u00f3n extraordinaria del Pleno del\u00a0Consell de Ciutat\u00a0de L\u2019Hospitalet se ha celebrado en la Sala Polivalente de La Farga Congress.\" \/>\n<meta property=\"og:url\" content=\"https:\/\/www.lafarga.com\/corporatiu\/consell-ciutat-farga-congress-2\/\" \/>\n<meta property=\"og:site_name\" content=\"La Farga Gesti\u00f3n de Equipamientos Municipales, S.A.\" \/>\n<meta property=\"article:published_time\" content=\"2020-07-03T08:45:17+00:00\" \/>\n<meta property=\"article:modified_time\" content=\"2020-07-07T08:46:54+00:00\" \/>\n<meta property=\"og:image\" content=\"https:\/\/www.lafarga.com\/corporatiu\/wp-content\/uploads\/2020\/07\/Consell-Ciutat-Farga.jpg\" \/>\n\t<meta property=\"og:image:width\" content=\"730\" \/>\n\t<meta property=\"og:image:height\" content=\"410\" \/>\n\t<meta property=\"og:image:type\" content=\"image\/jpeg\" \/>\n<meta name=\"author\" content=\"\u00d2scar Milla\" \/>\n<meta name=\"twitter:label1\" content=\"Escrit per\" \/>\n\t<meta name=\"twitter:data1\" content=\"\u00d2scar Milla\" \/>\n\t<meta name=\"twitter:label2\" content=\"Temps estimat de lectura\" \/>\n\t<meta name=\"twitter:data2\" content=\"4 minuts\" \/>\n<script type=\"application\/ld+json\" class=\"yoast-schema-graph\">{\"@context\":\"https:\\\/\\\/schema.org\",\"@graph\":[{\"@type\":\"Article\",\"@id\":\"https:\\\/\\\/www.lafarga.com\\\/corporatiu\\\/consell-ciutat-farga-congress-2\\\/#article\",\"isPartOf\":{\"@id\":\"https:\\\/\\\/www.lafarga.com\\\/corporatiu\\\/consell-ciutat-farga-congress-2\\\/\"},\"author\":{\"name\":\"\u00d2scar Milla\",\"@id\":\"https:\\\/\\\/www.lafarga.com\\\/corporatiu\\\/#\\\/schema\\\/person\\\/70d96fe17d0da1a9c9e80d232bdbcf33\"},\"headline\":\"Consell de Ciutat, en La Farga Congress\",\"datePublished\":\"2020-07-03T08:45:17+00:00\",\"dateModified\":\"2020-07-07T08:46:54+00:00\",\"mainEntityOfPage\":{\"@id\":\"https:\\\/\\\/www.lafarga.com\\\/corporatiu\\\/consell-ciutat-farga-congress-2\\\/\"},\"wordCount\":795,\"publisher\":{\"@id\":\"https:\\\/\\\/www.lafarga.com\\\/corporatiu\\\/#organization\"},\"image\":{\"@id\":\"https:\\\/\\\/www.lafarga.com\\\/corporatiu\\\/consell-ciutat-farga-congress-2\\\/#primaryimage\"},\"thumbnailUrl\":\"https:\\\/\\\/www.lafarga.com\\\/corporatiu\\\/wp-content\\\/uploads\\\/2020\\\/07\\\/Consell-Ciutat-Farga.jpg\",\"articleSection\":[\"Centro de Actividades\"],\"inLanguage\":\"ca\"},{\"@type\":\"WebPage\",\"@id\":\"https:\\\/\\\/www.lafarga.com\\\/corporatiu\\\/consell-ciutat-farga-congress-2\\\/\",\"url\":\"https:\\\/\\\/www.lafarga.com\\\/corporatiu\\\/consell-ciutat-farga-congress-2\\\/\",\"name\":\"Consell de Ciutat, en La Farga Congress - La Farga Gesti\u00f3n de Equipamientos Municipales, S.A.\",\"isPartOf\":{\"@id\":\"https:\\\/\\\/www.lafarga.com\\\/corporatiu\\\/#website\"},\"primaryImageOfPage\":{\"@id\":\"https:\\\/\\\/www.lafarga.com\\\/corporatiu\\\/consell-ciutat-farga-congress-2\\\/#primaryimage\"},\"image\":{\"@id\":\"https:\\\/\\\/www.lafarga.com\\\/corporatiu\\\/consell-ciutat-farga-congress-2\\\/#primaryimage\"},\"thumbnailUrl\":\"https:\\\/\\\/www.lafarga.com\\\/corporatiu\\\/wp-content\\\/uploads\\\/2020\\\/07\\\/Consell-Ciutat-Farga.jpg\",\"datePublished\":\"2020-07-03T08:45:17+00:00\",\"dateModified\":\"2020-07-07T08:46:54+00:00\",\"description\":\"La sesi\u00f3n extraordinaria del Pleno del\u00a0Consell de Ciutat\u00a0de L\u2019Hospitalet se ha celebrado en la Sala Polivalente de La Farga Congress.\",\"breadcrumb\":{\"@id\":\"https:\\\/\\\/www.lafarga.com\\\/corporatiu\\\/consell-ciutat-farga-congress-2\\\/#breadcrumb\"},\"inLanguage\":\"ca\",\"potentialAction\":[{\"@type\":\"ReadAction\",\"target\":[\"https:\\\/\\\/www.lafarga.com\\\/corporatiu\\\/consell-ciutat-farga-congress-2\\\/\"]}]},{\"@type\":\"ImageObject\",\"inLanguage\":\"ca\",\"@id\":\"https:\\\/\\\/www.lafarga.com\\\/corporatiu\\\/consell-ciutat-farga-congress-2\\\/#primaryimage\",\"url\":\"https:\\\/\\\/www.lafarga.com\\\/corporatiu\\\/wp-content\\\/uploads\\\/2020\\\/07\\\/Consell-Ciutat-Farga.jpg\",\"contentUrl\":\"https:\\\/\\\/www.lafarga.com\\\/corporatiu\\\/wp-content\\\/uploads\\\/2020\\\/07\\\/Consell-Ciutat-Farga.jpg\",\"width\":730,\"height\":410,\"caption\":\"Consell Ciutat Farga\"},{\"@type\":\"BreadcrumbList\",\"@id\":\"https:\\\/\\\/www.lafarga.com\\\/corporatiu\\\/consell-ciutat-farga-congress-2\\\/#breadcrumb\",\"itemListElement\":[{\"@type\":\"ListItem\",\"position\":1,\"name\":\"Home\",\"item\":\"https:\\\/\\\/www.lafarga.com\\\/corporatiu\\\/lafarga-hospitalet-llobregat\\\/\"},{\"@type\":\"ListItem\",\"position\":2,\"name\":\"Consell de Ciutat, en La Farga Congress\"}]},{\"@type\":\"WebSite\",\"@id\":\"https:\\\/\\\/www.lafarga.com\\\/corporatiu\\\/#website\",\"url\":\"https:\\\/\\\/www.lafarga.com\\\/corporatiu\\\/\",\"name\":\"La Farga Gesti\u00f3 d&#039;Equipaments Municipals, SA\",\"description\":\"\",\"publisher\":{\"@id\":\"https:\\\/\\\/www.lafarga.com\\\/corporatiu\\\/#organization\"},\"potentialAction\":[{\"@type\":\"SearchAction\",\"target\":{\"@type\":\"EntryPoint\",\"urlTemplate\":\"https:\\\/\\\/www.lafarga.com\\\/corporatiu\\\/?s={search_term_string}\"},\"query-input\":{\"@type\":\"PropertyValueSpecification\",\"valueRequired\":true,\"valueName\":\"search_term_string\"}}],\"inLanguage\":\"ca\"},{\"@type\":\"Organization\",\"@id\":\"https:\\\/\\\/www.lafarga.com\\\/corporatiu\\\/#organization\",\"name\":\"La Farga Gesti\u00f3 d&#039;Equipaments Municipals, SA\",\"url\":\"https:\\\/\\\/www.lafarga.com\\\/corporatiu\\\/\",\"logo\":{\"@type\":\"ImageObject\",\"inLanguage\":\"ca\",\"@id\":\"https:\\\/\\\/www.lafarga.com\\\/corporatiu\\\/#\\\/schema\\\/logo\\\/image\\\/\",\"url\":\"https:\\\/\\\/www.lafarga.com\\\/corporatiu\\\/wp-content\\\/uploads\\\/2023\\\/11\\\/logotipo_lafarga_gemsa.svg\",\"contentUrl\":\"https:\\\/\\\/www.lafarga.com\\\/corporatiu\\\/wp-content\\\/uploads\\\/2023\\\/11\\\/logotipo_lafarga_gemsa.svg\",\"width\":102,\"height\":103,\"caption\":\"La Farga Gesti\u00f3 d&#039;Equipaments Municipals, SA\"},\"image\":{\"@id\":\"https:\\\/\\\/www.lafarga.com\\\/corporatiu\\\/#\\\/schema\\\/logo\\\/image\\\/\"}},{\"@type\":\"Person\",\"@id\":\"https:\\\/\\\/www.lafarga.com\\\/corporatiu\\\/#\\\/schema\\\/person\\\/70d96fe17d0da1a9c9e80d232bdbcf33\",\"name\":\"\u00d2scar Milla\",\"image\":{\"@type\":\"ImageObject\",\"inLanguage\":\"ca\",\"@id\":\"https:\\\/\\\/secure.gravatar.com\\\/avatar\\\/92e75d184f9d5e0e403bd4ad075b080ad258344ddc259adddb579f6a3ba6494f?s=96&d=mm&r=g\",\"url\":\"https:\\\/\\\/secure.gravatar.com\\\/avatar\\\/92e75d184f9d5e0e403bd4ad075b080ad258344ddc259adddb579f6a3ba6494f?s=96&d=mm&r=g\",\"contentUrl\":\"https:\\\/\\\/secure.gravatar.com\\\/avatar\\\/92e75d184f9d5e0e403bd4ad075b080ad258344ddc259adddb579f6a3ba6494f?s=96&d=mm&r=g\",\"caption\":\"\u00d2scar Milla\"},\"url\":\"https:\\\/\\\/www.lafarga.com\\\/corporatiu\\\/author\\\/omilla\\\/\"}]}<\/script>\n<!-- \/ Yoast SEO plugin. -->","yoast_head_json":{"title":"Consell de Ciutat, en La Farga Congress - La Farga Gesti\u00f3n de Equipamientos Municipales, S.A.","description":"La sesi\u00f3n extraordinaria del Pleno del\u00a0Consell de Ciutat\u00a0de L\u2019Hospitalet se ha celebrado en la Sala Polivalente de La Farga Congress.","robots":{"index":"index","follow":"follow","max-snippet":"max-snippet:-1","max-image-preview":"max-image-preview:large","max-video-preview":"max-video-preview:-1"},"canonical":"https:\/\/www.lafarga.com\/corporatiu\/consell-ciutat-farga-congress-2\/","og_locale":"ca_ES","og_type":"article","og_title":"Consell de Ciutat, en La Farga Congress - La Farga Gesti\u00f3n de Equipamientos Municipales, S.A.","og_description":"La sesi\u00f3n extraordinaria del Pleno del\u00a0Consell de Ciutat\u00a0de L\u2019Hospitalet se ha celebrado en la Sala Polivalente de La Farga Congress.","og_url":"https:\/\/www.lafarga.com\/corporatiu\/consell-ciutat-farga-congress-2\/","og_site_name":"La Farga Gesti\u00f3n de Equipamientos Municipales, S.A.","article_published_time":"2020-07-03T08:45:17+00:00","article_modified_time":"2020-07-07T08:46:54+00:00","og_image":[{"width":730,"height":410,"url":"https:\/\/www.lafarga.com\/corporatiu\/wp-content\/uploads\/2020\/07\/Consell-Ciutat-Farga.jpg","type":"image\/jpeg"}],"author":"\u00d2scar Milla","twitter_misc":{"Escrit per":"\u00d2scar Milla","Temps estimat de lectura":"4 minuts"},"schema":{"@context":"https:\/\/schema.org","@graph":[{"@type":"Article","@id":"https:\/\/www.lafarga.com\/corporatiu\/consell-ciutat-farga-congress-2\/#article","isPartOf":{"@id":"https:\/\/www.lafarga.com\/corporatiu\/consell-ciutat-farga-congress-2\/"},"author":{"name":"\u00d2scar Milla","@id":"https:\/\/www.lafarga.com\/corporatiu\/#\/schema\/person\/70d96fe17d0da1a9c9e80d232bdbcf33"},"headline":"Consell de Ciutat, en La Farga Congress","datePublished":"2020-07-03T08:45:17+00:00","dateModified":"2020-07-07T08:46:54+00:00","mainEntityOfPage":{"@id":"https:\/\/www.lafarga.com\/corporatiu\/consell-ciutat-farga-congress-2\/"},"wordCount":795,"publisher":{"@id":"https:\/\/www.lafarga.com\/corporatiu\/#organization"},"image":{"@id":"https:\/\/www.lafarga.com\/corporatiu\/consell-ciutat-farga-congress-2\/#primaryimage"},"thumbnailUrl":"https:\/\/www.lafarga.com\/corporatiu\/wp-content\/uploads\/2020\/07\/Consell-Ciutat-Farga.jpg","articleSection":["Centro de Actividades"],"inLanguage":"ca"},{"@type":"WebPage","@id":"https:\/\/www.lafarga.com\/corporatiu\/consell-ciutat-farga-congress-2\/","url":"https:\/\/www.lafarga.com\/corporatiu\/consell-ciutat-farga-congress-2\/","name":"Consell de Ciutat, en La Farga Congress - La Farga Gesti\u00f3n de Equipamientos Municipales, S.A.","isPartOf":{"@id":"https:\/\/www.lafarga.com\/corporatiu\/#website"},"primaryImageOfPage":{"@id":"https:\/\/www.lafarga.com\/corporatiu\/consell-ciutat-farga-congress-2\/#primaryimage"},"image":{"@id":"https:\/\/www.lafarga.com\/corporatiu\/consell-ciutat-farga-congress-2\/#primaryimage"},"thumbnailUrl":"https:\/\/www.lafarga.com\/corporatiu\/wp-content\/uploads\/2020\/07\/Consell-Ciutat-Farga.jpg","datePublished":"2020-07-03T08:45:17+00:00","dateModified":"2020-07-07T08:46:54+00:00","description":"La sesi\u00f3n extraordinaria del Pleno del\u00a0Consell de Ciutat\u00a0de L\u2019Hospitalet se ha celebrado en la Sala Polivalente de La Farga Congress.","breadcrumb":{"@id":"https:\/\/www.lafarga.com\/corporatiu\/consell-ciutat-farga-congress-2\/#breadcrumb"},"inLanguage":"ca","potentialAction":[{"@type":"ReadAction","target":["https:\/\/www.lafarga.com\/corporatiu\/consell-ciutat-farga-congress-2\/"]}]},{"@type":"ImageObject","inLanguage":"ca","@id":"https:\/\/www.lafarga.com\/corporatiu\/consell-ciutat-farga-congress-2\/#primaryimage","url":"https:\/\/www.lafarga.com\/corporatiu\/wp-content\/uploads\/2020\/07\/Consell-Ciutat-Farga.jpg","contentUrl":"https:\/\/www.lafarga.com\/corporatiu\/wp-content\/uploads\/2020\/07\/Consell-Ciutat-Farga.jpg","width":730,"height":410,"caption":"Consell Ciutat Farga"},{"@type":"BreadcrumbList","@id":"https:\/\/www.lafarga.com\/corporatiu\/consell-ciutat-farga-congress-2\/#breadcrumb","itemListElement":[{"@type":"ListItem","position":1,"name":"Home","item":"https:\/\/www.lafarga.com\/corporatiu\/lafarga-hospitalet-llobregat\/"},{"@type":"ListItem","position":2,"name":"Consell de Ciutat, en La Farga Congress"}]},{"@type":"WebSite","@id":"https:\/\/www.lafarga.com\/corporatiu\/#website","url":"https:\/\/www.lafarga.com\/corporatiu\/","name":"La Farga Gesti\u00f3 d&#039;Equipaments Municipals, SA","description":"","publisher":{"@id":"https:\/\/www.lafarga.com\/corporatiu\/#organization"},"potentialAction":[{"@type":"SearchAction","target":{"@type":"EntryPoint","urlTemplate":"https:\/\/www.lafarga.com\/corporatiu\/?s={search_term_string}"},"query-input":{"@type":"PropertyValueSpecification","valueRequired":true,"valueName":"search_term_string"}}],"inLanguage":"ca"},{"@type":"Organization","@id":"https:\/\/www.lafarga.com\/corporatiu\/#organization","name":"La Farga Gesti\u00f3 d&#039;Equipaments Municipals, SA","url":"https:\/\/www.lafarga.com\/corporatiu\/","logo":{"@type":"ImageObject","inLanguage":"ca","@id":"https:\/\/www.lafarga.com\/corporatiu\/#\/schema\/logo\/image\/","url":"https:\/\/www.lafarga.com\/corporatiu\/wp-content\/uploads\/2023\/11\/logotipo_lafarga_gemsa.svg","contentUrl":"https:\/\/www.lafarga.com\/corporatiu\/wp-content\/uploads\/2023\/11\/logotipo_lafarga_gemsa.svg","width":102,"height":103,"caption":"La Farga Gesti\u00f3 d&#039;Equipaments Municipals, SA"},"image":{"@id":"https:\/\/www.lafarga.com\/corporatiu\/#\/schema\/logo\/image\/"}},{"@type":"Person","@id":"https:\/\/www.lafarga.com\/corporatiu\/#\/schema\/person\/70d96fe17d0da1a9c9e80d232bdbcf33","name":"\u00d2scar Milla","image":{"@type":"ImageObject","inLanguage":"ca","@id":"https:\/\/secure.gravatar.com\/avatar\/92e75d184f9d5e0e403bd4ad075b080ad258344ddc259adddb579f6a3ba6494f?s=96&d=mm&r=g","url":"https:\/\/secure.gravatar.com\/avatar\/92e75d184f9d5e0e403bd4ad075b080ad258344ddc259adddb579f6a3ba6494f?s=96&d=mm&r=g","contentUrl":"https:\/\/secure.gravatar.com\/avatar\/92e75d184f9d5e0e403bd4ad075b080ad258344ddc259adddb579f6a3ba6494f?s=96&d=mm&r=g","caption":"\u00d2scar Milla"},"url":"https:\/\/www.lafarga.com\/corporatiu\/author\/omilla\/"}]}},"uagb_featured_image_src":{"full":["https:\/\/www.lafarga.com\/corporatiu\/wp-content\/uploads\/2020\/07\/Consell-Ciutat-Farga.jpg",730,410,false],"thumbnail":["https:\/\/www.lafarga.com\/corporatiu\/wp-content\/uploads\/2020\/07\/Consell-Ciutat-Farga-150x150.jpg",150,150,true],"medium":["https:\/\/www.lafarga.com\/corporatiu\/wp-content\/uploads\/2020\/07\/Consell-Ciutat-Farga-300x168.jpg",300,168,true],"medium_large":["https:\/\/www.lafarga.com\/corporatiu\/wp-content\/uploads\/2020\/07\/Consell-Ciutat-Farga.jpg",730,410,false],"large":["https:\/\/www.lafarga.com\/corporatiu\/wp-content\/uploads\/2020\/07\/Consell-Ciutat-Farga.jpg",730,410,false],"1536x1536":["https:\/\/www.lafarga.com\/corporatiu\/wp-content\/uploads\/2020\/07\/Consell-Ciutat-Farga.jpg",730,410,false],"2048x2048":["https:\/\/www.lafarga.com\/corporatiu\/wp-content\/uploads\/2020\/07\/Consell-Ciutat-Farga.jpg",730,410,false],"mailpoet_newsletter_max":["https:\/\/www.lafarga.com\/corporatiu\/wp-content\/uploads\/2020\/07\/Consell-Ciutat-Farga.jpg",730,410,false]},"uagb_author_info":{"display_name":"\u00d2scar Milla","author_link":"https:\/\/www.lafarga.com\/corporatiu\/author\/omilla\/"},"uagb_comment_info":0,"uagb_excerpt":"La sesi\u00f3n extraordinaria del Pleno del\u00a0Consell de Ciutat\u00a0de L\u2019Hospitalet, el m\u00e1ximo \u00f3rgano consultivo de participaci\u00f3n ciudadana, se ha celebrado en la Sala Polivalente de La Farga Congress, y ha servido para presentar a sus miembros el Pacto de ciudad.","_links":{"self":[{"href":"https:\/\/www.lafarga.com\/corporatiu\/wp-json\/wp\/v2\/posts\/14757","targetHints":{"allow":["GET"]}}],"collection":[{"href":"https:\/\/www.lafarga.com\/corporatiu\/wp-json\/wp\/v2\/posts"}],"about":[{"href":"https:\/\/www.lafarga.com\/corporatiu\/wp-json\/wp\/v2\/types\/post"}],"author":[{"embeddable":true,"href":"https:\/\/www.lafarga.com\/corporatiu\/wp-json\/wp\/v2\/users\/5"}],"replies":[{"embeddable":true,"href":"https:\/\/www.lafarga.com\/corporatiu\/wp-json\/wp\/v2\/comments?post=14757"}],"version-history":[{"count":2,"href":"https:\/\/www.lafarga.com\/corporatiu\/wp-json\/wp\/v2\/posts\/14757\/revisions"}],"predecessor-version":[{"id":14760,"href":"https:\/\/www.lafarga.com\/corporatiu\/wp-json\/wp\/v2\/posts\/14757\/revisions\/14760"}],"wp:featuredmedia":[{"embeddable":true,"href":"https:\/\/www.lafarga.com\/corporatiu\/wp-json\/wp\/v2\/media\/14755"}],"wp:attachment":[{"href":"https:\/\/www.lafarga.com\/corporatiu\/wp-json\/wp\/v2\/media?parent=14757"}],"wp:term":[{"taxonomy":"category","embeddable":true,"href":"https:\/\/www.lafarga.com\/corporatiu\/wp-json\/wp\/v2\/categories?post=14757"},{"taxonomy":"post_tag","embeddable":true,"href":"https:\/\/www.lafarga.com\/corporatiu\/wp-json\/wp\/v2\/tags?post=14757"}],"curies":[{"name":"wp","href":"https:\/\/api.w.org\/{rel}","templated":true}]}}