{"id":14754,"date":"2020-07-03T08:39:46","date_gmt":"2020-07-03T08:39:46","guid":{"rendered":"http:\/\/www.lafarga.com\/corporatiu\/?p=14754"},"modified":"2020-07-07T08:44:00","modified_gmt":"2020-07-07T08:44:00","slug":"consell-ciutat-farga-congress","status":"publish","type":"post","link":"https:\/\/www.lafarga.com\/corporatiu\/consell-ciutat-farga-congress\/","title":{"rendered":"Consell de Ciutat, a La Farga Congress"},"content":{"rendered":"<h5 class=\"post-title entry-title\">Primera activitat post-confinament<\/h5>\n<div class=\"entry-content\">\n<p>La sessi\u00f3 extraordin\u00e0ria del Ple del\u00a0<strong><a href=\"http:\/\/www.l-h.cat\/detallNoticia.aspx?1IqazCNnHBOGtATBbcpYN0OFKiCQGbZzADgIZdv5pbv4ez1gF6JE3w1RfYnJCsqmvSOa\" target=\"_blank\" rel=\"noopener noreferrer\">Consell de Ciutat<\/a><\/strong>\u00a0de L\u2019Hospitalet, el m\u00e0xim \u00f2rgan consultiu de participaci\u00f3 ciutadana, s\u2019ha celebrat a la Sala Polivalent de La Farga Congress, i ha servit per presentar als seus membres el Pacte de ciutat, un front com\u00fa per reactivar social i econ\u00f2micament la ciutat despr\u00e9s de l\u2019emerg\u00e8ncia sanit\u00e0ria. Aquesta ha estat la\u00a0<a href=\"http:\/\/www.lafargalhospitalet.com\/reprenem-activitats\/\" target=\"_blank\" rel=\"noopener noreferrer\"><strong>primera activitat<\/strong><\/a>, oberta al p\u00fablic, que s\u2019ha desenvolupat a La Farga de L\u2019Hospitalet despr\u00e9s de l\u2019Estat d\u2019alarma.<\/p>\n<p>Durant el Ple municipal del mes d\u2019abril es va anunciar un gran pacte de ciutat, on segons ha afirmat l\u2019alcaldessa de L\u2019Hospitalet, N\u00faria Mar\u00edn,\u00a0<em>\u201ctots els grups pol\u00edtics municipals i els agents socials i econ\u00f2mics concertessin les accions necess\u00e0ries per impulsar la reactivaci\u00f3 econ\u00f2mica i social i perqu\u00e8 els sectors i la ciutadania m\u00e9s fr\u00e0gils no es quedin enrere\u201d<\/em>.<\/p>\n<h5>El Pla de reactivaci\u00f3 s\u2019estructura al voltant de tres idees:<\/h5>\n<ul>\n<li>Ning\u00fa no quedi enrere en la recuperaci\u00f3 del municipi<\/li>\n<li>Consens c\u00edvic per repensar el model de ciutat dirigit a l\u2019increment del benestar i a l\u2019erradicaci\u00f3 de desigualtats<\/li>\n<li>L\u2019Hospitalet ser\u00e0 capdavantera en innovaci\u00f3 social aplicada a la reactivaci\u00f3 local.<\/li>\n<\/ul>\n<p>El primer tinent d\u2019alcaldia, i president de La Farga Gesti\u00f3 d\u2019Equipaments Municipals, Francesc Josep Belver, ha estat l\u2019encarregat de presentar el Pacte de ciutat als membres del Consell.\u00a0<em>\u201cLa reacci\u00f3 conjunta institucional i ciutadana durant l\u2019estat d\u2019alarma ha servit per garantir els serveis essencials i donar resposta a les noves necessitats sorgides de la pand\u00e8mia. Aquest esperit d\u2019uni\u00f3 i col\u00b7laboraci\u00f3 \u00e9s el que es vol recollir en aquest gran acord de ciutat que estem treballant\u201d<\/em>, ha afegit Belver.<\/p>\n<p>El pacte ha de ser l\u2019instrument que\u00a0<em>\u201cpermeti, des del consens, continuar treballant units i sumant esfor\u00e7os col\u00b7lectius i individuals de manera coordinada i planificada per encarar el nou escenari postcoronavirus\u201d<\/em>.<\/p>\n<p>D\u2019aquest acord sorgir\u00e0 un pla de reactivaci\u00f3 que vol, entre d\u2019altres, recuperar la seguretat i la confian\u00e7a de la ciutadania i la garantia de la salut mentre no hi hagi una soluci\u00f3 definitiva a la malaltia o risc de contagi.<\/p>\n<p>El pacte ha recollit les propostes dels grups pol\u00edtics municipals, i ara s\u2019est\u00e0 fent el mateix amb les entitats i agents socials representats al Consell de Ciutat, amb el teixit associatiu, els agents dels sectors econ\u00f2mic, cultural, educatiu i el moviment ve\u00efnal representat per la Federaci\u00f3 d\u2019Associacions de Ve\u00efnes i Ve\u00efns de L\u2019Hospitalet. La voluntat \u00e9s tenir un primer document a finals de juliol.<\/p>\n<p>A partir d\u2019aqu\u00ed, les diferents propostes d\u2019actuaci\u00f3 s\u2019agruparan en quatre eixos estrat\u00e8gics que s\u2019alineen amb els objectius de desenvolupament sostenible i l\u2019objectiu de \u201cBarreres 0 al 2030\u201d:<\/p>\n<p><strong>Entorn urb\u00e0<\/strong>: adaptar l\u2019espai p\u00fablic, la mobilitat i les infraestructures a la nova realitat.<\/p>\n<p><strong>Entorn social<\/strong>: reconstrucci\u00f3 de les infraestructures comunit\u00e0ries: educaci\u00f3, cultura i esports. Posar les persones al centre de les pol\u00edtiques i garantir drets i llibertats.<\/p>\n<p><strong>Entorn econ\u00f2mic<\/strong>: canvi de paradigma, refor\u00e7 de l\u2019estat de benestar.Explorar l\u2019intercanvi, la complementarietat, l\u2019economia circular. Impulsar l\u2019ocupabilitat en sectors estrat\u00e8gics.<\/p>\n<p><strong>Entorn institucional:<\/strong>\u00a0Reorganitzaci\u00f3 de l\u2019estructura municipal per adaptar-la de forma segura i eficient a les noves condicions de treball.<\/p>\n<h5>Agents econ\u00f2miques i socials<\/h5>\n<p>Pel que fa a alguns agents socials assistents a la presentaci\u00f3, des de la Federaci\u00f3 d\u2019Associacions de Ve\u00efns, el seu president Manuel Pi\u00f1ar, afirma que\u00a0<em>\u201cera imprescindible arribar a un acord aix\u00ed. La nostra valoraci\u00f3 \u00e9s positiva per\u00f2 esperem que les propostes es facin realitat en benefici de tots els ciutadans. Cal refor\u00e7ar l\u2019atenci\u00f3 prim\u00e0ria, atendre la necessitat d\u2019habitatge assequible i donar resposta al nou perfil d\u2019usuaris de serveis socials que ha deixat el coronavirus\u201d.<\/em><\/p>\n<p>De la seva banda, el president de l\u2019Associaci\u00f3 d\u2019Empresaris Pedrosa, Baltasar Pozuelo, en fa una valoraci\u00f3 positiva tot i que\u00a0<em>\u201cara que arriba l\u2019emerg\u00e8ncia econ\u00f2mica cal actuar el m\u00e9s r\u00e0pid possible\u201d<\/em>. Ha afegit que\u00a0<em>\u201cles empreses som la primera barrera social contra la precarietat, quan perdem una empresa \u00e9s per un valor que no \u00e9s recuperable\u201d.<\/em><\/p>\n<p>Finalment, Jos\u00e9 Carlos Gonz\u00e1lez, president de l\u2019Associaci\u00f3 Educativa Nou Quitxalles, creu que\u00a0<em>\u201cel pacte \u00e9s necessari per les dificultats que vindr\u00e0 a partir d\u2019ara. Hem de ser capa\u00e7os d\u2019articular un m\u00e8tode \u00e0gil per donar les respostes necess\u00e0ries als ciutadans, sobretot en crear llocs de treball i en pol\u00edtiques socials\u201d.<\/em><\/p>\n<\/div>\n","protected":false},"excerpt":{"rendered":"<p>La sessi\u00f3 extraordin\u00e0ria del Ple del\u00a0Consell de Ciutat\u00a0de L\u2019Hospitalet, el m\u00e0xim \u00f2rgan consultiu de participaci\u00f3 ciutadana, s\u2019ha celebrat a la Sala Polivalent de La Farga Congress, i ha servit per presentar als seus membres el Pacte de ciutat.<\/p>\n","protected":false},"author":5,"featured_media":14755,"comment_status":"closed","ping_status":"closed","sticky":false,"template":"","format":"standard","meta":{"inline_featured_image":false,"_uag_custom_page_level_css":"","_monsterinsights_skip_tracking":false,"_monsterinsights_sitenote_active":false,"_monsterinsights_sitenote_note":"","_monsterinsights_sitenote_category":0,"site-sidebar-layout":"default","site-content-layout":"","ast-site-content-layout":"default","site-content-style":"default","site-sidebar-style":"default","ast-global-header-display":"","ast-banner-title-visibility":"","ast-main-header-display":"","ast-hfb-above-header-display":"","ast-hfb-below-header-display":"","ast-hfb-mobile-header-display":"","site-post-title":"","ast-breadcrumbs-content":"","ast-featured-img":"","footer-sml-layout":"","ast-disable-related-posts":"","theme-transparent-header-meta":"","adv-header-id-meta":"","stick-header-meta":"","header-above-stick-meta":"","header-main-stick-meta":"","header-below-stick-meta":"","astra-migrate-meta-layouts":"default","ast-page-background-enabled":"default","ast-page-background-meta":{"desktop":{"background-color":"var(--ast-global-color-4)","background-image":"","background-repeat":"repeat","background-position":"center center","background-size":"auto","background-attachment":"scroll","background-type":"","background-media":"","overlay-type":"","overlay-color":"","overlay-opacity":"","overlay-gradient":""},"tablet":{"background-color":"","background-image":"","background-repeat":"repeat","background-position":"center center","background-size":"auto","background-attachment":"scroll","background-type":"","background-media":"","overlay-type":"","overlay-color":"","overlay-opacity":"","overlay-gradient":""},"mobile":{"background-color":"","background-image":"","background-repeat":"repeat","background-position":"center center","background-size":"auto","background-attachment":"scroll","background-type":"","background-media":"","overlay-type":"","overlay-color":"","overlay-opacity":"","overlay-gradient":""}},"ast-content-background-meta":{"desktop":{"background-color":"var(--ast-global-color-5)","background-image":"","background-repeat":"repeat","background-position":"center center","background-size":"auto","background-attachment":"scroll","background-type":"","background-media":"","overlay-type":"","overlay-color":"","overlay-opacity":"","overlay-gradient":""},"tablet":{"background-color":"var(--ast-global-color-5)","background-image":"","background-repeat":"repeat","background-position":"center center","background-size":"auto","background-attachment":"scroll","background-type":"","background-media":"","overlay-type":"","overlay-color":"","overlay-opacity":"","overlay-gradient":""},"mobile":{"background-color":"var(--ast-global-color-5)","background-image":"","background-repeat":"repeat","background-position":"center center","background-size":"auto","background-attachment":"scroll","background-type":"","background-media":"","overlay-type":"","overlay-color":"","overlay-opacity":"","overlay-gradient":""}},"footnotes":""},"categories":[49],"tags":[],"class_list":["post-14754","post","type-post","status-publish","format-standard","has-post-thumbnail","hentry","category-centre-activitats"],"yoast_head":"<!-- This site is optimized with the Yoast SEO plugin v27.4 - https:\/\/yoast.com\/product\/yoast-seo-wordpress\/ -->\n<title>Consell de Ciutat, a La Farga Congress - La Farga Gesti\u00f3n de Equipamientos Municipales, S.A.<\/title>\n<meta name=\"description\" content=\"La sessi\u00f3 extraordin\u00e0ria del Ple del\u00a0Consell de Ciutat\u00a0de L\u2019Hospitalet s\u2019ha celebrat a la Sala Polivalent de La Farga Congress.\" \/>\n<meta name=\"robots\" content=\"index, follow, max-snippet:-1, max-image-preview:large, max-video-preview:-1\" \/>\n<link rel=\"canonical\" href=\"https:\/\/www.lafarga.com\/corporatiu\/consell-ciutat-farga-congress\/\" \/>\n<meta property=\"og:locale\" content=\"ca_ES\" \/>\n<meta property=\"og:type\" content=\"article\" \/>\n<meta property=\"og:title\" content=\"Consell de Ciutat, a La Farga Congress - La Farga Gesti\u00f3n de Equipamientos Municipales, S.A.\" \/>\n<meta property=\"og:description\" content=\"La sessi\u00f3 extraordin\u00e0ria del Ple del\u00a0Consell de Ciutat\u00a0de L\u2019Hospitalet s\u2019ha celebrat a la Sala Polivalent de La Farga Congress.\" \/>\n<meta property=\"og:url\" content=\"https:\/\/www.lafarga.com\/corporatiu\/consell-ciutat-farga-congress\/\" \/>\n<meta property=\"og:site_name\" content=\"La Farga Gesti\u00f3n de Equipamientos Municipales, S.A.\" \/>\n<meta property=\"article:published_time\" content=\"2020-07-03T08:39:46+00:00\" \/>\n<meta property=\"article:modified_time\" content=\"2020-07-07T08:44:00+00:00\" \/>\n<meta property=\"og:image\" content=\"https:\/\/www.lafarga.com\/corporatiu\/wp-content\/uploads\/2020\/07\/Consell-Ciutat-Farga.jpg\" \/>\n\t<meta property=\"og:image:width\" content=\"730\" \/>\n\t<meta property=\"og:image:height\" content=\"410\" \/>\n\t<meta property=\"og:image:type\" content=\"image\/jpeg\" \/>\n<meta name=\"author\" content=\"\u00d2scar Milla\" \/>\n<meta name=\"twitter:label1\" content=\"Escrit per\" \/>\n\t<meta name=\"twitter:data1\" content=\"\u00d2scar Milla\" \/>\n\t<meta name=\"twitter:label2\" content=\"Temps estimat de lectura\" \/>\n\t<meta name=\"twitter:data2\" content=\"4 minuts\" \/>\n<script type=\"application\/ld+json\" class=\"yoast-schema-graph\">{\"@context\":\"https:\\\/\\\/schema.org\",\"@graph\":[{\"@type\":\"Article\",\"@id\":\"https:\\\/\\\/www.lafarga.com\\\/corporatiu\\\/consell-ciutat-farga-congress\\\/#article\",\"isPartOf\":{\"@id\":\"https:\\\/\\\/www.lafarga.com\\\/corporatiu\\\/consell-ciutat-farga-congress\\\/\"},\"author\":{\"name\":\"\u00d2scar Milla\",\"@id\":\"https:\\\/\\\/www.lafarga.com\\\/corporatiu\\\/#\\\/schema\\\/person\\\/70d96fe17d0da1a9c9e80d232bdbcf33\"},\"headline\":\"Consell de Ciutat, a La Farga Congress\",\"datePublished\":\"2020-07-03T08:39:46+00:00\",\"dateModified\":\"2020-07-07T08:44:00+00:00\",\"mainEntityOfPage\":{\"@id\":\"https:\\\/\\\/www.lafarga.com\\\/corporatiu\\\/consell-ciutat-farga-congress\\\/\"},\"wordCount\":786,\"publisher\":{\"@id\":\"https:\\\/\\\/www.lafarga.com\\\/corporatiu\\\/#organization\"},\"image\":{\"@id\":\"https:\\\/\\\/www.lafarga.com\\\/corporatiu\\\/consell-ciutat-farga-congress\\\/#primaryimage\"},\"thumbnailUrl\":\"https:\\\/\\\/www.lafarga.com\\\/corporatiu\\\/wp-content\\\/uploads\\\/2020\\\/07\\\/Consell-Ciutat-Farga.jpg\",\"articleSection\":[\"Centre d'Activitats\"],\"inLanguage\":\"ca\"},{\"@type\":\"WebPage\",\"@id\":\"https:\\\/\\\/www.lafarga.com\\\/corporatiu\\\/consell-ciutat-farga-congress\\\/\",\"url\":\"https:\\\/\\\/www.lafarga.com\\\/corporatiu\\\/consell-ciutat-farga-congress\\\/\",\"name\":\"Consell de Ciutat, a La Farga Congress - La Farga Gesti\u00f3n de Equipamientos Municipales, S.A.\",\"isPartOf\":{\"@id\":\"https:\\\/\\\/www.lafarga.com\\\/corporatiu\\\/#website\"},\"primaryImageOfPage\":{\"@id\":\"https:\\\/\\\/www.lafarga.com\\\/corporatiu\\\/consell-ciutat-farga-congress\\\/#primaryimage\"},\"image\":{\"@id\":\"https:\\\/\\\/www.lafarga.com\\\/corporatiu\\\/consell-ciutat-farga-congress\\\/#primaryimage\"},\"thumbnailUrl\":\"https:\\\/\\\/www.lafarga.com\\\/corporatiu\\\/wp-content\\\/uploads\\\/2020\\\/07\\\/Consell-Ciutat-Farga.jpg\",\"datePublished\":\"2020-07-03T08:39:46+00:00\",\"dateModified\":\"2020-07-07T08:44:00+00:00\",\"description\":\"La sessi\u00f3 extraordin\u00e0ria del Ple del\u00a0Consell de Ciutat\u00a0de L\u2019Hospitalet s\u2019ha celebrat a la Sala Polivalent de La Farga Congress.\",\"breadcrumb\":{\"@id\":\"https:\\\/\\\/www.lafarga.com\\\/corporatiu\\\/consell-ciutat-farga-congress\\\/#breadcrumb\"},\"inLanguage\":\"ca\",\"potentialAction\":[{\"@type\":\"ReadAction\",\"target\":[\"https:\\\/\\\/www.lafarga.com\\\/corporatiu\\\/consell-ciutat-farga-congress\\\/\"]}]},{\"@type\":\"ImageObject\",\"inLanguage\":\"ca\",\"@id\":\"https:\\\/\\\/www.lafarga.com\\\/corporatiu\\\/consell-ciutat-farga-congress\\\/#primaryimage\",\"url\":\"https:\\\/\\\/www.lafarga.com\\\/corporatiu\\\/wp-content\\\/uploads\\\/2020\\\/07\\\/Consell-Ciutat-Farga.jpg\",\"contentUrl\":\"https:\\\/\\\/www.lafarga.com\\\/corporatiu\\\/wp-content\\\/uploads\\\/2020\\\/07\\\/Consell-Ciutat-Farga.jpg\",\"width\":730,\"height\":410,\"caption\":\"Consell Ciutat Farga\"},{\"@type\":\"BreadcrumbList\",\"@id\":\"https:\\\/\\\/www.lafarga.com\\\/corporatiu\\\/consell-ciutat-farga-congress\\\/#breadcrumb\",\"itemListElement\":[{\"@type\":\"ListItem\",\"position\":1,\"name\":\"Home\",\"item\":\"https:\\\/\\\/www.lafarga.com\\\/corporatiu\\\/lafarga-hospitalet-llobregat\\\/\"},{\"@type\":\"ListItem\",\"position\":2,\"name\":\"Consell de Ciutat, a La Farga Congress\"}]},{\"@type\":\"WebSite\",\"@id\":\"https:\\\/\\\/www.lafarga.com\\\/corporatiu\\\/#website\",\"url\":\"https:\\\/\\\/www.lafarga.com\\\/corporatiu\\\/\",\"name\":\"La Farga Gesti\u00f3 d&#039;Equipaments Municipals, SA\",\"description\":\"\",\"publisher\":{\"@id\":\"https:\\\/\\\/www.lafarga.com\\\/corporatiu\\\/#organization\"},\"potentialAction\":[{\"@type\":\"SearchAction\",\"target\":{\"@type\":\"EntryPoint\",\"urlTemplate\":\"https:\\\/\\\/www.lafarga.com\\\/corporatiu\\\/?s={search_term_string}\"},\"query-input\":{\"@type\":\"PropertyValueSpecification\",\"valueRequired\":true,\"valueName\":\"search_term_string\"}}],\"inLanguage\":\"ca\"},{\"@type\":\"Organization\",\"@id\":\"https:\\\/\\\/www.lafarga.com\\\/corporatiu\\\/#organization\",\"name\":\"La Farga Gesti\u00f3 d&#039;Equipaments Municipals, SA\",\"url\":\"https:\\\/\\\/www.lafarga.com\\\/corporatiu\\\/\",\"logo\":{\"@type\":\"ImageObject\",\"inLanguage\":\"ca\",\"@id\":\"https:\\\/\\\/www.lafarga.com\\\/corporatiu\\\/#\\\/schema\\\/logo\\\/image\\\/\",\"url\":\"https:\\\/\\\/www.lafarga.com\\\/corporatiu\\\/wp-content\\\/uploads\\\/2023\\\/11\\\/logotipo_lafarga_gemsa.svg\",\"contentUrl\":\"https:\\\/\\\/www.lafarga.com\\\/corporatiu\\\/wp-content\\\/uploads\\\/2023\\\/11\\\/logotipo_lafarga_gemsa.svg\",\"width\":102,\"height\":103,\"caption\":\"La Farga Gesti\u00f3 d&#039;Equipaments Municipals, SA\"},\"image\":{\"@id\":\"https:\\\/\\\/www.lafarga.com\\\/corporatiu\\\/#\\\/schema\\\/logo\\\/image\\\/\"}},{\"@type\":\"Person\",\"@id\":\"https:\\\/\\\/www.lafarga.com\\\/corporatiu\\\/#\\\/schema\\\/person\\\/70d96fe17d0da1a9c9e80d232bdbcf33\",\"name\":\"\u00d2scar Milla\",\"image\":{\"@type\":\"ImageObject\",\"inLanguage\":\"ca\",\"@id\":\"https:\\\/\\\/secure.gravatar.com\\\/avatar\\\/92e75d184f9d5e0e403bd4ad075b080ad258344ddc259adddb579f6a3ba6494f?s=96&d=mm&r=g\",\"url\":\"https:\\\/\\\/secure.gravatar.com\\\/avatar\\\/92e75d184f9d5e0e403bd4ad075b080ad258344ddc259adddb579f6a3ba6494f?s=96&d=mm&r=g\",\"contentUrl\":\"https:\\\/\\\/secure.gravatar.com\\\/avatar\\\/92e75d184f9d5e0e403bd4ad075b080ad258344ddc259adddb579f6a3ba6494f?s=96&d=mm&r=g\",\"caption\":\"\u00d2scar Milla\"},\"url\":\"https:\\\/\\\/www.lafarga.com\\\/corporatiu\\\/author\\\/omilla\\\/\"}]}<\/script>\n<!-- \/ Yoast SEO plugin. -->","yoast_head_json":{"title":"Consell de Ciutat, a La Farga Congress - La Farga Gesti\u00f3n de Equipamientos Municipales, S.A.","description":"La sessi\u00f3 extraordin\u00e0ria del Ple del\u00a0Consell de Ciutat\u00a0de L\u2019Hospitalet s\u2019ha celebrat a la Sala Polivalent de La Farga Congress.","robots":{"index":"index","follow":"follow","max-snippet":"max-snippet:-1","max-image-preview":"max-image-preview:large","max-video-preview":"max-video-preview:-1"},"canonical":"https:\/\/www.lafarga.com\/corporatiu\/consell-ciutat-farga-congress\/","og_locale":"ca_ES","og_type":"article","og_title":"Consell de Ciutat, a La Farga Congress - La Farga Gesti\u00f3n de Equipamientos Municipales, S.A.","og_description":"La sessi\u00f3 extraordin\u00e0ria del Ple del\u00a0Consell de Ciutat\u00a0de L\u2019Hospitalet s\u2019ha celebrat a la Sala Polivalent de La Farga Congress.","og_url":"https:\/\/www.lafarga.com\/corporatiu\/consell-ciutat-farga-congress\/","og_site_name":"La Farga Gesti\u00f3n de Equipamientos Municipales, S.A.","article_published_time":"2020-07-03T08:39:46+00:00","article_modified_time":"2020-07-07T08:44:00+00:00","og_image":[{"width":730,"height":410,"url":"https:\/\/www.lafarga.com\/corporatiu\/wp-content\/uploads\/2020\/07\/Consell-Ciutat-Farga.jpg","type":"image\/jpeg"}],"author":"\u00d2scar Milla","twitter_misc":{"Escrit per":"\u00d2scar Milla","Temps estimat de lectura":"4 minuts"},"schema":{"@context":"https:\/\/schema.org","@graph":[{"@type":"Article","@id":"https:\/\/www.lafarga.com\/corporatiu\/consell-ciutat-farga-congress\/#article","isPartOf":{"@id":"https:\/\/www.lafarga.com\/corporatiu\/consell-ciutat-farga-congress\/"},"author":{"name":"\u00d2scar Milla","@id":"https:\/\/www.lafarga.com\/corporatiu\/#\/schema\/person\/70d96fe17d0da1a9c9e80d232bdbcf33"},"headline":"Consell de Ciutat, a La Farga Congress","datePublished":"2020-07-03T08:39:46+00:00","dateModified":"2020-07-07T08:44:00+00:00","mainEntityOfPage":{"@id":"https:\/\/www.lafarga.com\/corporatiu\/consell-ciutat-farga-congress\/"},"wordCount":786,"publisher":{"@id":"https:\/\/www.lafarga.com\/corporatiu\/#organization"},"image":{"@id":"https:\/\/www.lafarga.com\/corporatiu\/consell-ciutat-farga-congress\/#primaryimage"},"thumbnailUrl":"https:\/\/www.lafarga.com\/corporatiu\/wp-content\/uploads\/2020\/07\/Consell-Ciutat-Farga.jpg","articleSection":["Centre d'Activitats"],"inLanguage":"ca"},{"@type":"WebPage","@id":"https:\/\/www.lafarga.com\/corporatiu\/consell-ciutat-farga-congress\/","url":"https:\/\/www.lafarga.com\/corporatiu\/consell-ciutat-farga-congress\/","name":"Consell de Ciutat, a La Farga Congress - La Farga Gesti\u00f3n de Equipamientos Municipales, S.A.","isPartOf":{"@id":"https:\/\/www.lafarga.com\/corporatiu\/#website"},"primaryImageOfPage":{"@id":"https:\/\/www.lafarga.com\/corporatiu\/consell-ciutat-farga-congress\/#primaryimage"},"image":{"@id":"https:\/\/www.lafarga.com\/corporatiu\/consell-ciutat-farga-congress\/#primaryimage"},"thumbnailUrl":"https:\/\/www.lafarga.com\/corporatiu\/wp-content\/uploads\/2020\/07\/Consell-Ciutat-Farga.jpg","datePublished":"2020-07-03T08:39:46+00:00","dateModified":"2020-07-07T08:44:00+00:00","description":"La sessi\u00f3 extraordin\u00e0ria del Ple del\u00a0Consell de Ciutat\u00a0de L\u2019Hospitalet s\u2019ha celebrat a la Sala Polivalent de La Farga Congress.","breadcrumb":{"@id":"https:\/\/www.lafarga.com\/corporatiu\/consell-ciutat-farga-congress\/#breadcrumb"},"inLanguage":"ca","potentialAction":[{"@type":"ReadAction","target":["https:\/\/www.lafarga.com\/corporatiu\/consell-ciutat-farga-congress\/"]}]},{"@type":"ImageObject","inLanguage":"ca","@id":"https:\/\/www.lafarga.com\/corporatiu\/consell-ciutat-farga-congress\/#primaryimage","url":"https:\/\/www.lafarga.com\/corporatiu\/wp-content\/uploads\/2020\/07\/Consell-Ciutat-Farga.jpg","contentUrl":"https:\/\/www.lafarga.com\/corporatiu\/wp-content\/uploads\/2020\/07\/Consell-Ciutat-Farga.jpg","width":730,"height":410,"caption":"Consell Ciutat Farga"},{"@type":"BreadcrumbList","@id":"https:\/\/www.lafarga.com\/corporatiu\/consell-ciutat-farga-congress\/#breadcrumb","itemListElement":[{"@type":"ListItem","position":1,"name":"Home","item":"https:\/\/www.lafarga.com\/corporatiu\/lafarga-hospitalet-llobregat\/"},{"@type":"ListItem","position":2,"name":"Consell de Ciutat, a La Farga Congress"}]},{"@type":"WebSite","@id":"https:\/\/www.lafarga.com\/corporatiu\/#website","url":"https:\/\/www.lafarga.com\/corporatiu\/","name":"La Farga Gesti\u00f3 d&#039;Equipaments Municipals, SA","description":"","publisher":{"@id":"https:\/\/www.lafarga.com\/corporatiu\/#organization"},"potentialAction":[{"@type":"SearchAction","target":{"@type":"EntryPoint","urlTemplate":"https:\/\/www.lafarga.com\/corporatiu\/?s={search_term_string}"},"query-input":{"@type":"PropertyValueSpecification","valueRequired":true,"valueName":"search_term_string"}}],"inLanguage":"ca"},{"@type":"Organization","@id":"https:\/\/www.lafarga.com\/corporatiu\/#organization","name":"La Farga Gesti\u00f3 d&#039;Equipaments Municipals, SA","url":"https:\/\/www.lafarga.com\/corporatiu\/","logo":{"@type":"ImageObject","inLanguage":"ca","@id":"https:\/\/www.lafarga.com\/corporatiu\/#\/schema\/logo\/image\/","url":"https:\/\/www.lafarga.com\/corporatiu\/wp-content\/uploads\/2023\/11\/logotipo_lafarga_gemsa.svg","contentUrl":"https:\/\/www.lafarga.com\/corporatiu\/wp-content\/uploads\/2023\/11\/logotipo_lafarga_gemsa.svg","width":102,"height":103,"caption":"La Farga Gesti\u00f3 d&#039;Equipaments Municipals, SA"},"image":{"@id":"https:\/\/www.lafarga.com\/corporatiu\/#\/schema\/logo\/image\/"}},{"@type":"Person","@id":"https:\/\/www.lafarga.com\/corporatiu\/#\/schema\/person\/70d96fe17d0da1a9c9e80d232bdbcf33","name":"\u00d2scar Milla","image":{"@type":"ImageObject","inLanguage":"ca","@id":"https:\/\/secure.gravatar.com\/avatar\/92e75d184f9d5e0e403bd4ad075b080ad258344ddc259adddb579f6a3ba6494f?s=96&d=mm&r=g","url":"https:\/\/secure.gravatar.com\/avatar\/92e75d184f9d5e0e403bd4ad075b080ad258344ddc259adddb579f6a3ba6494f?s=96&d=mm&r=g","contentUrl":"https:\/\/secure.gravatar.com\/avatar\/92e75d184f9d5e0e403bd4ad075b080ad258344ddc259adddb579f6a3ba6494f?s=96&d=mm&r=g","caption":"\u00d2scar Milla"},"url":"https:\/\/www.lafarga.com\/corporatiu\/author\/omilla\/"}]}},"uagb_featured_image_src":{"full":["https:\/\/www.lafarga.com\/corporatiu\/wp-content\/uploads\/2020\/07\/Consell-Ciutat-Farga.jpg",730,410,false],"thumbnail":["https:\/\/www.lafarga.com\/corporatiu\/wp-content\/uploads\/2020\/07\/Consell-Ciutat-Farga-150x150.jpg",150,150,true],"medium":["https:\/\/www.lafarga.com\/corporatiu\/wp-content\/uploads\/2020\/07\/Consell-Ciutat-Farga-300x168.jpg",300,168,true],"medium_large":["https:\/\/www.lafarga.com\/corporatiu\/wp-content\/uploads\/2020\/07\/Consell-Ciutat-Farga.jpg",730,410,false],"large":["https:\/\/www.lafarga.com\/corporatiu\/wp-content\/uploads\/2020\/07\/Consell-Ciutat-Farga.jpg",730,410,false],"1536x1536":["https:\/\/www.lafarga.com\/corporatiu\/wp-content\/uploads\/2020\/07\/Consell-Ciutat-Farga.jpg",730,410,false],"2048x2048":["https:\/\/www.lafarga.com\/corporatiu\/wp-content\/uploads\/2020\/07\/Consell-Ciutat-Farga.jpg",730,410,false],"mailpoet_newsletter_max":["https:\/\/www.lafarga.com\/corporatiu\/wp-content\/uploads\/2020\/07\/Consell-Ciutat-Farga.jpg",730,410,false]},"uagb_author_info":{"display_name":"\u00d2scar Milla","author_link":"https:\/\/www.lafarga.com\/corporatiu\/author\/omilla\/"},"uagb_comment_info":0,"uagb_excerpt":"La sessi\u00f3 extraordin\u00e0ria del Ple del\u00a0Consell de Ciutat\u00a0de L\u2019Hospitalet, el m\u00e0xim \u00f2rgan consultiu de participaci\u00f3 ciutadana, s\u2019ha celebrat a la Sala Polivalent de La Farga Congress, i ha servit per presentar als seus membres el Pacte de ciutat.","_links":{"self":[{"href":"https:\/\/www.lafarga.com\/corporatiu\/wp-json\/wp\/v2\/posts\/14754","targetHints":{"allow":["GET"]}}],"collection":[{"href":"https:\/\/www.lafarga.com\/corporatiu\/wp-json\/wp\/v2\/posts"}],"about":[{"href":"https:\/\/www.lafarga.com\/corporatiu\/wp-json\/wp\/v2\/types\/post"}],"author":[{"embeddable":true,"href":"https:\/\/www.lafarga.com\/corporatiu\/wp-json\/wp\/v2\/users\/5"}],"replies":[{"embeddable":true,"href":"https:\/\/www.lafarga.com\/corporatiu\/wp-json\/wp\/v2\/comments?post=14754"}],"version-history":[{"count":1,"href":"https:\/\/www.lafarga.com\/corporatiu\/wp-json\/wp\/v2\/posts\/14754\/revisions"}],"predecessor-version":[{"id":14756,"href":"https:\/\/www.lafarga.com\/corporatiu\/wp-json\/wp\/v2\/posts\/14754\/revisions\/14756"}],"wp:featuredmedia":[{"embeddable":true,"href":"https:\/\/www.lafarga.com\/corporatiu\/wp-json\/wp\/v2\/media\/14755"}],"wp:attachment":[{"href":"https:\/\/www.lafarga.com\/corporatiu\/wp-json\/wp\/v2\/media?parent=14754"}],"wp:term":[{"taxonomy":"category","embeddable":true,"href":"https:\/\/www.lafarga.com\/corporatiu\/wp-json\/wp\/v2\/categories?post=14754"},{"taxonomy":"post_tag","embeddable":true,"href":"https:\/\/www.lafarga.com\/corporatiu\/wp-json\/wp\/v2\/tags?post=14754"}],"curies":[{"name":"wp","href":"https:\/\/api.w.org\/{rel}","templated":true}]}}