{"id":14629,"date":"2020-04-27T10:48:59","date_gmt":"2020-04-27T10:48:59","guid":{"rendered":"http:\/\/www.lafarga.com\/corporatiu\/?p=14629"},"modified":"2020-06-02T10:54:07","modified_gmt":"2020-06-02T10:54:07","slug":"television-lhospitalet-reanuda-actividad-2","status":"publish","type":"post","link":"https:\/\/www.lafarga.com\/corporatiu\/television-lhospitalet-reanuda-actividad-2\/","title":{"rendered":"Televisi\u00f3n L\u2019Hospitalet reanuda actividad"},"content":{"rendered":"\n<h5 class=\"wp-block-heading\">Televisi\u00f3n L\u2019Hospitalet recupera l&#8217;Informatiu diario y programas divulgativos<\/h5>\n\n\n\n<p>Los medios de comunicaci\u00f3n de L\u2019Hospitalet han tenido que adaptar en las \u00faltimas semanas en el estado de alarma y al confinamiento. Si bien L\u2019Hdigital ha continuado informando en todo momento en formato multimedia, la programaci\u00f3n de Televisi\u00f3n L\u2019Hospitalet ha basado en la primera etapa en ofrecer informaci\u00f3n de servicio p\u00fablico y v\u00eddeos con noticias de inter\u00e9s.<\/p>\n\n\n\n<p>A partir del lunes 27 de abril, Televisi\u00f3n L\u2019Hospitalet recupera la parrilla de programaci\u00f3n, destacando un informativo diario, con las noticias de actualidad m\u00e1s importantes de la jornada. El estreno del espacio ser\u00e1 a las 15 horas y l&#8217;Informatiu se reemitir\u00e1 en diferentes franjas horarias para llegar al m\u00e1ximo de p\u00fablico.<\/p>\n\n\n\n<p>La programaci\u00f3n de Televisi\u00f3n L\u2019Hospitalet tambi\u00e9n incluir\u00e1 programa divulgativos y de entretenimiento, as\u00ed como reemisiones de algunos programas tem\u00e1ticos de la casa.<\/p>\n\n\n\n<p>L&#8217;Informatiu, como es habitual, se podr\u00e1 consultar tambi\u00e9n a la carta en el portal\u00a0<a rel=\"noreferrer noopener\" href=\"https:\/\/lhdigital.cat\/web\/digital-h\/\" target=\"_blank\"><strong>L\u2019Hdigital<\/strong><\/a>\u00a0que continuar\u00e1 ofreciendo toda la actualidad de la ciudad.<\/p>\n","protected":false},"excerpt":{"rendered":"<p>Televisi\u00f3n L&#8217;Hospitalet recupera la parrilla de programaci\u00f3n, destacando un informativo diario, con las noticias de actualidad m\u00e1s importantes de la jornada. El estreno del espacio ser\u00e1 a las 15 horas y el Informativo se reemitir\u00e1 en diferentes franjas horarias.<\/p>\n","protected":false},"author":5,"featured_media":3950,"comment_status":"closed","ping_status":"closed","sticky":false,"template":"","format":"standard","meta":{"inline_featured_image":false,"_uag_custom_page_level_css":"","_monsterinsights_skip_tracking":false,"_monsterinsights_sitenote_active":false,"_monsterinsights_sitenote_note":"","_monsterinsights_sitenote_category":0,"site-sidebar-layout":"default","site-content-layout":"","ast-site-content-layout":"default","site-content-style":"default","site-sidebar-style":"default","ast-global-header-display":"","ast-banner-title-visibility":"","ast-main-header-display":"","ast-hfb-above-header-display":"","ast-hfb-below-header-display":"","ast-hfb-mobile-header-display":"","site-post-title":"","ast-breadcrumbs-content":"","ast-featured-img":"","footer-sml-layout":"","ast-disable-related-posts":"","theme-transparent-header-meta":"","adv-header-id-meta":"","stick-header-meta":"","header-above-stick-meta":"","header-main-stick-meta":"","header-below-stick-meta":"","astra-migrate-meta-layouts":"default","ast-page-background-enabled":"default","ast-page-background-meta":{"desktop":{"background-color":"var(--ast-global-color-4)","background-image":"","background-repeat":"repeat","background-position":"center center","background-size":"auto","background-attachment":"scroll","background-type":"","background-media":"","overlay-type":"","overlay-color":"","overlay-opacity":"","overlay-gradient":""},"tablet":{"background-color":"","background-image":"","background-repeat":"repeat","background-position":"center center","background-size":"auto","background-attachment":"scroll","background-type":"","background-media":"","overlay-type":"","overlay-color":"","overlay-opacity":"","overlay-gradient":""},"mobile":{"background-color":"","background-image":"","background-repeat":"repeat","background-position":"center center","background-size":"auto","background-attachment":"scroll","background-type":"","background-media":"","overlay-type":"","overlay-color":"","overlay-opacity":"","overlay-gradient":""}},"ast-content-background-meta":{"desktop":{"background-color":"var(--ast-global-color-5)","background-image":"","background-repeat":"repeat","background-position":"center center","background-size":"auto","background-attachment":"scroll","background-type":"","background-media":"","overlay-type":"","overlay-color":"","overlay-opacity":"","overlay-gradient":""},"tablet":{"background-color":"var(--ast-global-color-5)","background-image":"","background-repeat":"repeat","background-position":"center center","background-size":"auto","background-attachment":"scroll","background-type":"","background-media":"","overlay-type":"","overlay-color":"","overlay-opacity":"","overlay-gradient":""},"mobile":{"background-color":"var(--ast-global-color-5)","background-image":"","background-repeat":"repeat","background-position":"center center","background-size":"auto","background-attachment":"scroll","background-type":"","background-media":"","overlay-type":"","overlay-color":"","overlay-opacity":"","overlay-gradient":""}},"footnotes":""},"categories":[81],"tags":[],"class_list":["post-14629","post","type-post","status-publish","format-standard","has-post-thumbnail","hentry","category-medios-comunicacion"],"yoast_head":"<!-- This site is optimized with the Yoast SEO plugin v27.4 - https:\/\/yoast.com\/product\/yoast-seo-wordpress\/ -->\n<title>Televisi\u00f3n L\u2019Hospitalet reanuda actividad - La Farga Gesti\u00f3n de Equipamientos Municipales, S.A.<\/title>\n<meta name=\"description\" content=\"Televisi\u00f3 L&#039;Hospitalet recupera la graella de programaci\u00f3, destancant un informatiu diari, amb les not\u00edcies d&#039;actualitat m\u00e9s importants de la jornada. L&#039;estrena de l&#039;espai ser\u00e0 a les 15 hores i l&#039;Informatiu es reemetr\u00e0 en diferents franges hor\u00e0ries per arribar al m\u00e0xim de p\u00fablic.\" \/>\n<meta name=\"robots\" content=\"index, follow, max-snippet:-1, max-image-preview:large, max-video-preview:-1\" \/>\n<link rel=\"canonical\" href=\"https:\/\/www.lafarga.com\/corporatiu\/television-lhospitalet-reanuda-actividad-2\/\" \/>\n<meta property=\"og:locale\" content=\"ca_ES\" \/>\n<meta property=\"og:type\" content=\"article\" \/>\n<meta property=\"og:title\" content=\"Televisi\u00f3n L\u2019Hospitalet reanuda actividad - La Farga Gesti\u00f3n de Equipamientos Municipales, S.A.\" \/>\n<meta property=\"og:description\" content=\"Televisi\u00f3 L&#039;Hospitalet recupera la graella de programaci\u00f3, destancant un informatiu diari, amb les not\u00edcies d&#039;actualitat m\u00e9s importants de la jornada. L&#039;estrena de l&#039;espai ser\u00e0 a les 15 hores i l&#039;Informatiu es reemetr\u00e0 en diferents franges hor\u00e0ries per arribar al m\u00e0xim de p\u00fablic.\" \/>\n<meta property=\"og:url\" content=\"https:\/\/www.lafarga.com\/corporatiu\/television-lhospitalet-reanuda-actividad-2\/\" \/>\n<meta property=\"og:site_name\" content=\"La Farga Gesti\u00f3n de Equipamientos Municipales, S.A.\" \/>\n<meta property=\"article:published_time\" content=\"2020-04-27T10:48:59+00:00\" \/>\n<meta property=\"article:modified_time\" content=\"2020-06-02T10:54:07+00:00\" \/>\n<meta property=\"og:image\" content=\"https:\/\/www.lafarga.com\/corporatiu\/wp-content\/uploads\/2015\/02\/edifici-mitjans-farga.jpg\" \/>\n\t<meta property=\"og:image:width\" content=\"730\" \/>\n\t<meta property=\"og:image:height\" content=\"410\" \/>\n\t<meta property=\"og:image:type\" content=\"image\/jpeg\" \/>\n<meta name=\"author\" content=\"\u00d2scar Milla\" \/>\n<meta name=\"twitter:label1\" content=\"Escrit per\" \/>\n\t<meta name=\"twitter:data1\" content=\"\u00d2scar Milla\" \/>\n\t<meta name=\"twitter:label2\" content=\"Temps estimat de lectura\" \/>\n\t<meta name=\"twitter:data2\" content=\"1 minut\" \/>\n<script type=\"application\/ld+json\" class=\"yoast-schema-graph\">{\"@context\":\"https:\\\/\\\/schema.org\",\"@graph\":[{\"@type\":\"Article\",\"@id\":\"https:\\\/\\\/www.lafarga.com\\\/corporatiu\\\/television-lhospitalet-reanuda-actividad-2\\\/#article\",\"isPartOf\":{\"@id\":\"https:\\\/\\\/www.lafarga.com\\\/corporatiu\\\/television-lhospitalet-reanuda-actividad-2\\\/\"},\"author\":{\"name\":\"\u00d2scar Milla\",\"@id\":\"https:\\\/\\\/www.lafarga.com\\\/corporatiu\\\/#\\\/schema\\\/person\\\/70d96fe17d0da1a9c9e80d232bdbcf33\"},\"headline\":\"Televisi\u00f3n L\u2019Hospitalet reanuda actividad\",\"datePublished\":\"2020-04-27T10:48:59+00:00\",\"dateModified\":\"2020-06-02T10:54:07+00:00\",\"mainEntityOfPage\":{\"@id\":\"https:\\\/\\\/www.lafarga.com\\\/corporatiu\\\/television-lhospitalet-reanuda-actividad-2\\\/\"},\"wordCount\":194,\"publisher\":{\"@id\":\"https:\\\/\\\/www.lafarga.com\\\/corporatiu\\\/#organization\"},\"image\":{\"@id\":\"https:\\\/\\\/www.lafarga.com\\\/corporatiu\\\/television-lhospitalet-reanuda-actividad-2\\\/#primaryimage\"},\"thumbnailUrl\":\"https:\\\/\\\/www.lafarga.com\\\/corporatiu\\\/wp-content\\\/uploads\\\/2015\\\/02\\\/edifici-mitjans-farga.jpg\",\"articleSection\":[\"Medios de Comunicaci\u00f3n\"],\"inLanguage\":\"ca\"},{\"@type\":\"WebPage\",\"@id\":\"https:\\\/\\\/www.lafarga.com\\\/corporatiu\\\/television-lhospitalet-reanuda-actividad-2\\\/\",\"url\":\"https:\\\/\\\/www.lafarga.com\\\/corporatiu\\\/television-lhospitalet-reanuda-actividad-2\\\/\",\"name\":\"Televisi\u00f3n L\u2019Hospitalet reanuda actividad - La Farga Gesti\u00f3n de Equipamientos Municipales, S.A.\",\"isPartOf\":{\"@id\":\"https:\\\/\\\/www.lafarga.com\\\/corporatiu\\\/#website\"},\"primaryImageOfPage\":{\"@id\":\"https:\\\/\\\/www.lafarga.com\\\/corporatiu\\\/television-lhospitalet-reanuda-actividad-2\\\/#primaryimage\"},\"image\":{\"@id\":\"https:\\\/\\\/www.lafarga.com\\\/corporatiu\\\/television-lhospitalet-reanuda-actividad-2\\\/#primaryimage\"},\"thumbnailUrl\":\"https:\\\/\\\/www.lafarga.com\\\/corporatiu\\\/wp-content\\\/uploads\\\/2015\\\/02\\\/edifici-mitjans-farga.jpg\",\"datePublished\":\"2020-04-27T10:48:59+00:00\",\"dateModified\":\"2020-06-02T10:54:07+00:00\",\"description\":\"Televisi\u00f3 L'Hospitalet recupera la graella de programaci\u00f3, destancant un informatiu diari, amb les not\u00edcies d'actualitat m\u00e9s importants de la jornada. L'estrena de l'espai ser\u00e0 a les 15 hores i l'Informatiu es reemetr\u00e0 en diferents franges hor\u00e0ries per arribar al m\u00e0xim de p\u00fablic.\",\"breadcrumb\":{\"@id\":\"https:\\\/\\\/www.lafarga.com\\\/corporatiu\\\/television-lhospitalet-reanuda-actividad-2\\\/#breadcrumb\"},\"inLanguage\":\"ca\",\"potentialAction\":[{\"@type\":\"ReadAction\",\"target\":[\"https:\\\/\\\/www.lafarga.com\\\/corporatiu\\\/television-lhospitalet-reanuda-actividad-2\\\/\"]}]},{\"@type\":\"ImageObject\",\"inLanguage\":\"ca\",\"@id\":\"https:\\\/\\\/www.lafarga.com\\\/corporatiu\\\/television-lhospitalet-reanuda-actividad-2\\\/#primaryimage\",\"url\":\"https:\\\/\\\/www.lafarga.com\\\/corporatiu\\\/wp-content\\\/uploads\\\/2015\\\/02\\\/edifici-mitjans-farga.jpg\",\"contentUrl\":\"https:\\\/\\\/www.lafarga.com\\\/corporatiu\\\/wp-content\\\/uploads\\\/2015\\\/02\\\/edifici-mitjans-farga.jpg\",\"width\":730,\"height\":410},{\"@type\":\"BreadcrumbList\",\"@id\":\"https:\\\/\\\/www.lafarga.com\\\/corporatiu\\\/television-lhospitalet-reanuda-actividad-2\\\/#breadcrumb\",\"itemListElement\":[{\"@type\":\"ListItem\",\"position\":1,\"name\":\"Home\",\"item\":\"https:\\\/\\\/www.lafarga.com\\\/corporatiu\\\/lafarga-hospitalet-llobregat\\\/\"},{\"@type\":\"ListItem\",\"position\":2,\"name\":\"Televisi\u00f3n L\u2019Hospitalet reanuda actividad\"}]},{\"@type\":\"WebSite\",\"@id\":\"https:\\\/\\\/www.lafarga.com\\\/corporatiu\\\/#website\",\"url\":\"https:\\\/\\\/www.lafarga.com\\\/corporatiu\\\/\",\"name\":\"La Farga Gesti\u00f3 d&#039;Equipaments Municipals, SA\",\"description\":\"\",\"publisher\":{\"@id\":\"https:\\\/\\\/www.lafarga.com\\\/corporatiu\\\/#organization\"},\"potentialAction\":[{\"@type\":\"SearchAction\",\"target\":{\"@type\":\"EntryPoint\",\"urlTemplate\":\"https:\\\/\\\/www.lafarga.com\\\/corporatiu\\\/?s={search_term_string}\"},\"query-input\":{\"@type\":\"PropertyValueSpecification\",\"valueRequired\":true,\"valueName\":\"search_term_string\"}}],\"inLanguage\":\"ca\"},{\"@type\":\"Organization\",\"@id\":\"https:\\\/\\\/www.lafarga.com\\\/corporatiu\\\/#organization\",\"name\":\"La Farga Gesti\u00f3 d&#039;Equipaments Municipals, SA\",\"url\":\"https:\\\/\\\/www.lafarga.com\\\/corporatiu\\\/\",\"logo\":{\"@type\":\"ImageObject\",\"inLanguage\":\"ca\",\"@id\":\"https:\\\/\\\/www.lafarga.com\\\/corporatiu\\\/#\\\/schema\\\/logo\\\/image\\\/\",\"url\":\"https:\\\/\\\/www.lafarga.com\\\/corporatiu\\\/wp-content\\\/uploads\\\/2023\\\/11\\\/logotipo_lafarga_gemsa.svg\",\"contentUrl\":\"https:\\\/\\\/www.lafarga.com\\\/corporatiu\\\/wp-content\\\/uploads\\\/2023\\\/11\\\/logotipo_lafarga_gemsa.svg\",\"width\":102,\"height\":103,\"caption\":\"La Farga Gesti\u00f3 d&#039;Equipaments Municipals, SA\"},\"image\":{\"@id\":\"https:\\\/\\\/www.lafarga.com\\\/corporatiu\\\/#\\\/schema\\\/logo\\\/image\\\/\"}},{\"@type\":\"Person\",\"@id\":\"https:\\\/\\\/www.lafarga.com\\\/corporatiu\\\/#\\\/schema\\\/person\\\/70d96fe17d0da1a9c9e80d232bdbcf33\",\"name\":\"\u00d2scar Milla\",\"image\":{\"@type\":\"ImageObject\",\"inLanguage\":\"ca\",\"@id\":\"https:\\\/\\\/secure.gravatar.com\\\/avatar\\\/92e75d184f9d5e0e403bd4ad075b080ad258344ddc259adddb579f6a3ba6494f?s=96&d=mm&r=g\",\"url\":\"https:\\\/\\\/secure.gravatar.com\\\/avatar\\\/92e75d184f9d5e0e403bd4ad075b080ad258344ddc259adddb579f6a3ba6494f?s=96&d=mm&r=g\",\"contentUrl\":\"https:\\\/\\\/secure.gravatar.com\\\/avatar\\\/92e75d184f9d5e0e403bd4ad075b080ad258344ddc259adddb579f6a3ba6494f?s=96&d=mm&r=g\",\"caption\":\"\u00d2scar Milla\"},\"url\":\"https:\\\/\\\/www.lafarga.com\\\/corporatiu\\\/author\\\/omilla\\\/\"}]}<\/script>\n<!-- \/ Yoast SEO plugin. -->","yoast_head_json":{"title":"Televisi\u00f3n L\u2019Hospitalet reanuda actividad - La Farga Gesti\u00f3n de Equipamientos Municipales, S.A.","description":"Televisi\u00f3 L'Hospitalet recupera la graella de programaci\u00f3, destancant un informatiu diari, amb les not\u00edcies d'actualitat m\u00e9s importants de la jornada. L'estrena de l'espai ser\u00e0 a les 15 hores i l'Informatiu es reemetr\u00e0 en diferents franges hor\u00e0ries per arribar al m\u00e0xim de p\u00fablic.","robots":{"index":"index","follow":"follow","max-snippet":"max-snippet:-1","max-image-preview":"max-image-preview:large","max-video-preview":"max-video-preview:-1"},"canonical":"https:\/\/www.lafarga.com\/corporatiu\/television-lhospitalet-reanuda-actividad-2\/","og_locale":"ca_ES","og_type":"article","og_title":"Televisi\u00f3n L\u2019Hospitalet reanuda actividad - La Farga Gesti\u00f3n de Equipamientos Municipales, S.A.","og_description":"Televisi\u00f3 L'Hospitalet recupera la graella de programaci\u00f3, destancant un informatiu diari, amb les not\u00edcies d'actualitat m\u00e9s importants de la jornada. L'estrena de l'espai ser\u00e0 a les 15 hores i l'Informatiu es reemetr\u00e0 en diferents franges hor\u00e0ries per arribar al m\u00e0xim de p\u00fablic.","og_url":"https:\/\/www.lafarga.com\/corporatiu\/television-lhospitalet-reanuda-actividad-2\/","og_site_name":"La Farga Gesti\u00f3n de Equipamientos Municipales, S.A.","article_published_time":"2020-04-27T10:48:59+00:00","article_modified_time":"2020-06-02T10:54:07+00:00","og_image":[{"width":730,"height":410,"url":"https:\/\/www.lafarga.com\/corporatiu\/wp-content\/uploads\/2015\/02\/edifici-mitjans-farga.jpg","type":"image\/jpeg"}],"author":"\u00d2scar Milla","twitter_misc":{"Escrit per":"\u00d2scar Milla","Temps estimat de lectura":"1 minut"},"schema":{"@context":"https:\/\/schema.org","@graph":[{"@type":"Article","@id":"https:\/\/www.lafarga.com\/corporatiu\/television-lhospitalet-reanuda-actividad-2\/#article","isPartOf":{"@id":"https:\/\/www.lafarga.com\/corporatiu\/television-lhospitalet-reanuda-actividad-2\/"},"author":{"name":"\u00d2scar Milla","@id":"https:\/\/www.lafarga.com\/corporatiu\/#\/schema\/person\/70d96fe17d0da1a9c9e80d232bdbcf33"},"headline":"Televisi\u00f3n L\u2019Hospitalet reanuda actividad","datePublished":"2020-04-27T10:48:59+00:00","dateModified":"2020-06-02T10:54:07+00:00","mainEntityOfPage":{"@id":"https:\/\/www.lafarga.com\/corporatiu\/television-lhospitalet-reanuda-actividad-2\/"},"wordCount":194,"publisher":{"@id":"https:\/\/www.lafarga.com\/corporatiu\/#organization"},"image":{"@id":"https:\/\/www.lafarga.com\/corporatiu\/television-lhospitalet-reanuda-actividad-2\/#primaryimage"},"thumbnailUrl":"https:\/\/www.lafarga.com\/corporatiu\/wp-content\/uploads\/2015\/02\/edifici-mitjans-farga.jpg","articleSection":["Medios de Comunicaci\u00f3n"],"inLanguage":"ca"},{"@type":"WebPage","@id":"https:\/\/www.lafarga.com\/corporatiu\/television-lhospitalet-reanuda-actividad-2\/","url":"https:\/\/www.lafarga.com\/corporatiu\/television-lhospitalet-reanuda-actividad-2\/","name":"Televisi\u00f3n L\u2019Hospitalet reanuda actividad - La Farga Gesti\u00f3n de Equipamientos Municipales, S.A.","isPartOf":{"@id":"https:\/\/www.lafarga.com\/corporatiu\/#website"},"primaryImageOfPage":{"@id":"https:\/\/www.lafarga.com\/corporatiu\/television-lhospitalet-reanuda-actividad-2\/#primaryimage"},"image":{"@id":"https:\/\/www.lafarga.com\/corporatiu\/television-lhospitalet-reanuda-actividad-2\/#primaryimage"},"thumbnailUrl":"https:\/\/www.lafarga.com\/corporatiu\/wp-content\/uploads\/2015\/02\/edifici-mitjans-farga.jpg","datePublished":"2020-04-27T10:48:59+00:00","dateModified":"2020-06-02T10:54:07+00:00","description":"Televisi\u00f3 L'Hospitalet recupera la graella de programaci\u00f3, destancant un informatiu diari, amb les not\u00edcies d'actualitat m\u00e9s importants de la jornada. L'estrena de l'espai ser\u00e0 a les 15 hores i l'Informatiu es reemetr\u00e0 en diferents franges hor\u00e0ries per arribar al m\u00e0xim de p\u00fablic.","breadcrumb":{"@id":"https:\/\/www.lafarga.com\/corporatiu\/television-lhospitalet-reanuda-actividad-2\/#breadcrumb"},"inLanguage":"ca","potentialAction":[{"@type":"ReadAction","target":["https:\/\/www.lafarga.com\/corporatiu\/television-lhospitalet-reanuda-actividad-2\/"]}]},{"@type":"ImageObject","inLanguage":"ca","@id":"https:\/\/www.lafarga.com\/corporatiu\/television-lhospitalet-reanuda-actividad-2\/#primaryimage","url":"https:\/\/www.lafarga.com\/corporatiu\/wp-content\/uploads\/2015\/02\/edifici-mitjans-farga.jpg","contentUrl":"https:\/\/www.lafarga.com\/corporatiu\/wp-content\/uploads\/2015\/02\/edifici-mitjans-farga.jpg","width":730,"height":410},{"@type":"BreadcrumbList","@id":"https:\/\/www.lafarga.com\/corporatiu\/television-lhospitalet-reanuda-actividad-2\/#breadcrumb","itemListElement":[{"@type":"ListItem","position":1,"name":"Home","item":"https:\/\/www.lafarga.com\/corporatiu\/lafarga-hospitalet-llobregat\/"},{"@type":"ListItem","position":2,"name":"Televisi\u00f3n L\u2019Hospitalet reanuda actividad"}]},{"@type":"WebSite","@id":"https:\/\/www.lafarga.com\/corporatiu\/#website","url":"https:\/\/www.lafarga.com\/corporatiu\/","name":"La Farga Gesti\u00f3 d&#039;Equipaments Municipals, SA","description":"","publisher":{"@id":"https:\/\/www.lafarga.com\/corporatiu\/#organization"},"potentialAction":[{"@type":"SearchAction","target":{"@type":"EntryPoint","urlTemplate":"https:\/\/www.lafarga.com\/corporatiu\/?s={search_term_string}"},"query-input":{"@type":"PropertyValueSpecification","valueRequired":true,"valueName":"search_term_string"}}],"inLanguage":"ca"},{"@type":"Organization","@id":"https:\/\/www.lafarga.com\/corporatiu\/#organization","name":"La Farga Gesti\u00f3 d&#039;Equipaments Municipals, SA","url":"https:\/\/www.lafarga.com\/corporatiu\/","logo":{"@type":"ImageObject","inLanguage":"ca","@id":"https:\/\/www.lafarga.com\/corporatiu\/#\/schema\/logo\/image\/","url":"https:\/\/www.lafarga.com\/corporatiu\/wp-content\/uploads\/2023\/11\/logotipo_lafarga_gemsa.svg","contentUrl":"https:\/\/www.lafarga.com\/corporatiu\/wp-content\/uploads\/2023\/11\/logotipo_lafarga_gemsa.svg","width":102,"height":103,"caption":"La Farga Gesti\u00f3 d&#039;Equipaments Municipals, SA"},"image":{"@id":"https:\/\/www.lafarga.com\/corporatiu\/#\/schema\/logo\/image\/"}},{"@type":"Person","@id":"https:\/\/www.lafarga.com\/corporatiu\/#\/schema\/person\/70d96fe17d0da1a9c9e80d232bdbcf33","name":"\u00d2scar Milla","image":{"@type":"ImageObject","inLanguage":"ca","@id":"https:\/\/secure.gravatar.com\/avatar\/92e75d184f9d5e0e403bd4ad075b080ad258344ddc259adddb579f6a3ba6494f?s=96&d=mm&r=g","url":"https:\/\/secure.gravatar.com\/avatar\/92e75d184f9d5e0e403bd4ad075b080ad258344ddc259adddb579f6a3ba6494f?s=96&d=mm&r=g","contentUrl":"https:\/\/secure.gravatar.com\/avatar\/92e75d184f9d5e0e403bd4ad075b080ad258344ddc259adddb579f6a3ba6494f?s=96&d=mm&r=g","caption":"\u00d2scar Milla"},"url":"https:\/\/www.lafarga.com\/corporatiu\/author\/omilla\/"}]}},"uagb_featured_image_src":{"full":["https:\/\/www.lafarga.com\/corporatiu\/wp-content\/uploads\/2015\/02\/edifici-mitjans-farga.jpg",730,410,false],"thumbnail":["https:\/\/www.lafarga.com\/corporatiu\/wp-content\/uploads\/2015\/02\/edifici-mitjans-farga-150x150.jpg",150,150,true],"medium":["https:\/\/www.lafarga.com\/corporatiu\/wp-content\/uploads\/2015\/02\/edifici-mitjans-farga-300x168.jpg",300,168,true],"medium_large":["https:\/\/www.lafarga.com\/corporatiu\/wp-content\/uploads\/2015\/02\/edifici-mitjans-farga.jpg",730,410,false],"large":["https:\/\/www.lafarga.com\/corporatiu\/wp-content\/uploads\/2015\/02\/edifici-mitjans-farga.jpg",730,410,false],"1536x1536":["https:\/\/www.lafarga.com\/corporatiu\/wp-content\/uploads\/2015\/02\/edifici-mitjans-farga.jpg",730,410,false],"2048x2048":["https:\/\/www.lafarga.com\/corporatiu\/wp-content\/uploads\/2015\/02\/edifici-mitjans-farga.jpg",730,410,false],"mailpoet_newsletter_max":["https:\/\/www.lafarga.com\/corporatiu\/wp-content\/uploads\/2015\/02\/edifici-mitjans-farga.jpg",730,410,false]},"uagb_author_info":{"display_name":"\u00d2scar Milla","author_link":"https:\/\/www.lafarga.com\/corporatiu\/author\/omilla\/"},"uagb_comment_info":0,"uagb_excerpt":"Televisi\u00f3n L'Hospitalet recupera la parrilla de programaci\u00f3n, destacando un informativo diario, con las noticias de actualidad m\u00e1s importantes de la jornada. El estreno del espacio ser\u00e1 a las 15 horas y el Informativo se reemitir\u00e1 en diferentes franjas horarias.","_links":{"self":[{"href":"https:\/\/www.lafarga.com\/corporatiu\/wp-json\/wp\/v2\/posts\/14629","targetHints":{"allow":["GET"]}}],"collection":[{"href":"https:\/\/www.lafarga.com\/corporatiu\/wp-json\/wp\/v2\/posts"}],"about":[{"href":"https:\/\/www.lafarga.com\/corporatiu\/wp-json\/wp\/v2\/types\/post"}],"author":[{"embeddable":true,"href":"https:\/\/www.lafarga.com\/corporatiu\/wp-json\/wp\/v2\/users\/5"}],"replies":[{"embeddable":true,"href":"https:\/\/www.lafarga.com\/corporatiu\/wp-json\/wp\/v2\/comments?post=14629"}],"version-history":[{"count":3,"href":"https:\/\/www.lafarga.com\/corporatiu\/wp-json\/wp\/v2\/posts\/14629\/revisions"}],"predecessor-version":[{"id":14634,"href":"https:\/\/www.lafarga.com\/corporatiu\/wp-json\/wp\/v2\/posts\/14629\/revisions\/14634"}],"wp:featuredmedia":[{"embeddable":true,"href":"https:\/\/www.lafarga.com\/corporatiu\/wp-json\/wp\/v2\/media\/3950"}],"wp:attachment":[{"href":"https:\/\/www.lafarga.com\/corporatiu\/wp-json\/wp\/v2\/media?parent=14629"}],"wp:term":[{"taxonomy":"category","embeddable":true,"href":"https:\/\/www.lafarga.com\/corporatiu\/wp-json\/wp\/v2\/categories?post=14629"},{"taxonomy":"post_tag","embeddable":true,"href":"https:\/\/www.lafarga.com\/corporatiu\/wp-json\/wp\/v2\/tags?post=14629"}],"curies":[{"name":"wp","href":"https:\/\/api.w.org\/{rel}","templated":true}]}}