{"id":14622,"date":"2020-06-02T10:27:26","date_gmt":"2020-06-02T10:27:26","guid":{"rendered":"http:\/\/www.lafarga.com\/corporatiu\/?p=14622"},"modified":"2020-06-02T10:44:52","modified_gmt":"2020-06-02T10:44:52","slug":"vuelven-programas-tematicos-television-lh","status":"publish","type":"post","link":"https:\/\/www.lafarga.com\/corporatiu\/vuelven-programas-tematicos-television-lh\/","title":{"rendered":"Vuelven los programas tem\u00e1ticos de Televisi\u00f3n L&#8217;H"},"content":{"rendered":"\r\n<h5>En su horario habitual de las 20 horas<\/h5>\r\n<p>Tras una peque\u00f1a parada y con el proceso de desescalada, vuelven los programas tem\u00e1ticos de Televisi\u00f3n L&#8217;Hospitalet. A partir de este martes, 2 de junio, deportes, entidades, educaci\u00f3n, cultura y personajes ser\u00e1n los protagonistas de la franja horaria de las 20 horas.<\/p>\r\n\r\n\r\n\r\n<p>El primer programa que vuelve a las pantallas es <a href=\"http:\/\/lhdigital.cat\/web\/digital-h\/veins\" target=\"_blank\" rel=\"noopener noreferrer\"><strong>Ve\u00efns<\/strong><\/a>, el espacio que presenta Pere Montesinos y que tiene como protagonistas a entidades y asociaciones de la ciudad. Esta semana los protagonistas son el presidente del Centre d&#8217;Estudis de L&#8217;H, Manel Dom\u00ednguez y el meteor\u00f3logo municipal, Jos\u00e9 Luis Casanovas, que analizar\u00e1 c\u00f3mo ha afectado el confinamiento en la calidad del aire.<\/p>\r\n\r\n\r\n\r\n<p>El mi\u00e9rcoles, ser\u00e1 el turno de <a href=\"http:\/\/lhdigital.cat\/web\/digital-h\/aulalh\" target=\"_blank\" rel=\"noopener noreferrer\"><strong>Aula L&#8217;H<\/strong><\/a>, el programa dedicado al mundo educativo que presenta N\u00faria Toril. El 3 de junio el espacio contar\u00e1 con el teniente de alcaldia de Educaci\u00f3n, Jaume Graells, y tambi\u00e9n hablar\u00e1 de las novedades en la Formaci\u00f3n Profesional para el pr\u00f3ximo curso, justo cuando comienza la preinscripci\u00f3n de los ciclos de grado medio.<\/p>\r\n\r\n\r\n\r\n<p>El jueves, la cultura ser\u00e1 la protagonista en <a href=\"https:\/\/lhdigital.cat\/web\/digital-h\/taquilla_inversa\" target=\"_blank\" rel=\"noopener noreferrer\"><strong>Taquilla Inversa<\/strong><\/a>. El programa que presenta Laura Alsina contar\u00e1 con la entrevista a Dani Orviz, campe\u00f3n del mundo del poetry slam. Tambi\u00e9n estar\u00e1 Marco, del restaurante Mug, para hablar de c\u00f3mo se han adaptado los restaurantes en las redes sociales con el confinamiento. Y, por \u00faltimo, conexi\u00f3n con el humorista hospitalense El Mora.<\/p>\r\n\r\n\r\n\r\n<p>Y el viernes, vuelve <a href=\"http:\/\/lhdigital.cat\/web\/digital-h\/batecs\" target=\"_blank\" rel=\"noopener noreferrer\"><strong>Batecs L&#8217;H<\/strong><\/a>, el espacio dedicado a personajes singulares de la ciudad. En este primer programa, de la mano de Marina Toledo, conoceremos el ilustrador de Urban Sketching, Ra\u00fal Deamo. Una t\u00e9cnica de dibujo r\u00e1pido &#8220;in situ&#8221; con la que recoge lugares emblem\u00e1ticos de la ciudad y tambi\u00e9n dos de sus pasiones: los vinos y la gastronom\u00eda.<\/p>\r\n\r\n\r\n\r\n<p>La vuelta del programa de deportes, <a href=\"https:\/\/lhdigital.cat\/web\/digital-h\/lhenjoc\" target=\"_blank\" rel=\"noopener noreferrer\"><strong>L&#8217;H en Joc<\/strong><\/a>, ser\u00e1 la pr\u00f3xima semana, el 8 de junio. El programa que presenta Sergio Esparza tambi\u00e9n volver\u00e1 a las 20 horas.<\/p>\r\n\r\n\r\n\r\n<h5>L&#8217;Informatiu<\/h5>\r\n<p>Adem\u00e1s de los programas tem\u00e1ticos, Televisi\u00f3n L&#8217;Hospitalet <a href=\"https:\/\/www.lafarga.com\/corporatiu\/television-lhospitalet-reanuda-actividad\/\" target=\"_blank\" rel=\"noopener noreferrer\"><strong>ya hace semanas que recuper\u00f3 l&#8217;Informatiu<\/strong><\/a>, el espacio dedicado a la actualidad de la ciudad. En esta nueva etapa, l&#8217;Informatiu ha cambiado de hora de estreno, y se adelanta a las 15 horas. Sin embargo, l&#8217;Informatiu contin\u00faa emiti\u00e9ndose en reemisi\u00f3n en la franja habitual de las 19.30 horas.<\/p>\r\n\r\n\r\n\r\n<p>Todos los programas se pueden consultar en la carta a <a href=\"https:\/\/lhdigital.cat\/web\/digital-h\/\" target=\"_blank\" rel=\"noopener noreferrer\"><strong>L&#8217;Hdigital<\/strong><\/a>.<\/p>\r\n","protected":false},"excerpt":{"rendered":"<p>Vuelven los programas tem\u00e1ticos de Televisi\u00f3n L&#8217;Hospitalet. A partir de este martes, 2 de junio, deportes, entidades, educaci\u00f3n, cultura y personajes ser\u00e1n los protagonistas de la franja horaria de las 20 horas.<\/p>\n","protected":false},"author":5,"featured_media":14620,"comment_status":"closed","ping_status":"closed","sticky":false,"template":"","format":"standard","meta":{"inline_featured_image":false,"_uag_custom_page_level_css":"","_monsterinsights_skip_tracking":false,"_monsterinsights_sitenote_active":false,"_monsterinsights_sitenote_note":"","_monsterinsights_sitenote_category":0,"site-sidebar-layout":"default","site-content-layout":"","ast-site-content-layout":"default","site-content-style":"default","site-sidebar-style":"default","ast-global-header-display":"","ast-banner-title-visibility":"","ast-main-header-display":"","ast-hfb-above-header-display":"","ast-hfb-below-header-display":"","ast-hfb-mobile-header-display":"","site-post-title":"","ast-breadcrumbs-content":"","ast-featured-img":"","footer-sml-layout":"","ast-disable-related-posts":"","theme-transparent-header-meta":"","adv-header-id-meta":"","stick-header-meta":"","header-above-stick-meta":"","header-main-stick-meta":"","header-below-stick-meta":"","astra-migrate-meta-layouts":"default","ast-page-background-enabled":"default","ast-page-background-meta":{"desktop":{"background-color":"var(--ast-global-color-4)","background-image":"","background-repeat":"repeat","background-position":"center center","background-size":"auto","background-attachment":"scroll","background-type":"","background-media":"","overlay-type":"","overlay-color":"","overlay-opacity":"","overlay-gradient":""},"tablet":{"background-color":"","background-image":"","background-repeat":"repeat","background-position":"center center","background-size":"auto","background-attachment":"scroll","background-type":"","background-media":"","overlay-type":"","overlay-color":"","overlay-opacity":"","overlay-gradient":""},"mobile":{"background-color":"","background-image":"","background-repeat":"repeat","background-position":"center center","background-size":"auto","background-attachment":"scroll","background-type":"","background-media":"","overlay-type":"","overlay-color":"","overlay-opacity":"","overlay-gradient":""}},"ast-content-background-meta":{"desktop":{"background-color":"var(--ast-global-color-5)","background-image":"","background-repeat":"repeat","background-position":"center center","background-size":"auto","background-attachment":"scroll","background-type":"","background-media":"","overlay-type":"","overlay-color":"","overlay-opacity":"","overlay-gradient":""},"tablet":{"background-color":"var(--ast-global-color-5)","background-image":"","background-repeat":"repeat","background-position":"center center","background-size":"auto","background-attachment":"scroll","background-type":"","background-media":"","overlay-type":"","overlay-color":"","overlay-opacity":"","overlay-gradient":""},"mobile":{"background-color":"var(--ast-global-color-5)","background-image":"","background-repeat":"repeat","background-position":"center center","background-size":"auto","background-attachment":"scroll","background-type":"","background-media":"","overlay-type":"","overlay-color":"","overlay-opacity":"","overlay-gradient":""}},"footnotes":""},"categories":[81],"tags":[],"class_list":["post-14622","post","type-post","status-publish","format-standard","has-post-thumbnail","hentry","category-medios-comunicacion"],"yoast_head":"<!-- This site is optimized with the Yoast SEO plugin v27.4 - https:\/\/yoast.com\/product\/yoast-seo-wordpress\/ -->\n<title>Vuelven los programas tem\u00e1ticos de Televisi\u00f3n L&#039;H - La Farga Gesti\u00f3n de Equipamientos Municipales, S.A.<\/title>\n<meta name=\"description\" content=\"Vuelven los programas tem\u00e1ticos de Televisi\u00f3n El H a partir de este martes, 2 de junio con deportes, entidades, educaci\u00f3n, cultura y personajes.\" \/>\n<meta name=\"robots\" content=\"index, follow, max-snippet:-1, max-image-preview:large, max-video-preview:-1\" \/>\n<link rel=\"canonical\" href=\"https:\/\/www.lafarga.com\/corporatiu\/vuelven-programas-tematicos-television-lh\/\" \/>\n<meta property=\"og:locale\" content=\"ca_ES\" \/>\n<meta property=\"og:type\" content=\"article\" \/>\n<meta property=\"og:title\" content=\"Vuelven los programas tem\u00e1ticos de Televisi\u00f3n L&#039;H - La Farga Gesti\u00f3n de Equipamientos Municipales, S.A.\" \/>\n<meta property=\"og:description\" content=\"Vuelven los programas tem\u00e1ticos de Televisi\u00f3n El H a partir de este martes, 2 de junio con deportes, entidades, educaci\u00f3n, cultura y personajes.\" \/>\n<meta property=\"og:url\" content=\"https:\/\/www.lafarga.com\/corporatiu\/vuelven-programas-tematicos-television-lh\/\" \/>\n<meta property=\"og:site_name\" content=\"La Farga Gesti\u00f3n de Equipamientos Municipales, S.A.\" \/>\n<meta property=\"article:published_time\" content=\"2020-06-02T10:27:26+00:00\" \/>\n<meta property=\"article:modified_time\" content=\"2020-06-02T10:44:52+00:00\" \/>\n<meta property=\"og:image\" content=\"https:\/\/www.lafarga.com\/corporatiu\/wp-content\/uploads\/2020\/06\/Tematics-Televisio-Farga.jpg\" \/>\n\t<meta property=\"og:image:width\" content=\"730\" \/>\n\t<meta property=\"og:image:height\" content=\"410\" \/>\n\t<meta property=\"og:image:type\" content=\"image\/jpeg\" \/>\n<meta name=\"author\" content=\"\u00d2scar Milla\" \/>\n<meta name=\"twitter:label1\" content=\"Escrit per\" \/>\n\t<meta name=\"twitter:data1\" content=\"\u00d2scar Milla\" \/>\n\t<meta name=\"twitter:label2\" content=\"Temps estimat de lectura\" \/>\n\t<meta name=\"twitter:data2\" content=\"2 minuts\" \/>\n<script type=\"application\/ld+json\" class=\"yoast-schema-graph\">{\"@context\":\"https:\\\/\\\/schema.org\",\"@graph\":[{\"@type\":\"Article\",\"@id\":\"https:\\\/\\\/www.lafarga.com\\\/corporatiu\\\/vuelven-programas-tematicos-television-lh\\\/#article\",\"isPartOf\":{\"@id\":\"https:\\\/\\\/www.lafarga.com\\\/corporatiu\\\/vuelven-programas-tematicos-television-lh\\\/\"},\"author\":{\"name\":\"\u00d2scar Milla\",\"@id\":\"https:\\\/\\\/www.lafarga.com\\\/corporatiu\\\/#\\\/schema\\\/person\\\/70d96fe17d0da1a9c9e80d232bdbcf33\"},\"headline\":\"Vuelven los programas tem\u00e1ticos de Televisi\u00f3n L&#8217;H\",\"datePublished\":\"2020-06-02T10:27:26+00:00\",\"dateModified\":\"2020-06-02T10:44:52+00:00\",\"mainEntityOfPage\":{\"@id\":\"https:\\\/\\\/www.lafarga.com\\\/corporatiu\\\/vuelven-programas-tematicos-television-lh\\\/\"},\"wordCount\":435,\"publisher\":{\"@id\":\"https:\\\/\\\/www.lafarga.com\\\/corporatiu\\\/#organization\"},\"image\":{\"@id\":\"https:\\\/\\\/www.lafarga.com\\\/corporatiu\\\/vuelven-programas-tematicos-television-lh\\\/#primaryimage\"},\"thumbnailUrl\":\"https:\\\/\\\/www.lafarga.com\\\/corporatiu\\\/wp-content\\\/uploads\\\/2020\\\/06\\\/Tematics-Televisio-Farga.jpg\",\"articleSection\":[\"Medios de Comunicaci\u00f3n\"],\"inLanguage\":\"ca\"},{\"@type\":\"WebPage\",\"@id\":\"https:\\\/\\\/www.lafarga.com\\\/corporatiu\\\/vuelven-programas-tematicos-television-lh\\\/\",\"url\":\"https:\\\/\\\/www.lafarga.com\\\/corporatiu\\\/vuelven-programas-tematicos-television-lh\\\/\",\"name\":\"Vuelven los programas tem\u00e1ticos de Televisi\u00f3n L'H - La Farga Gesti\u00f3n de Equipamientos Municipales, S.A.\",\"isPartOf\":{\"@id\":\"https:\\\/\\\/www.lafarga.com\\\/corporatiu\\\/#website\"},\"primaryImageOfPage\":{\"@id\":\"https:\\\/\\\/www.lafarga.com\\\/corporatiu\\\/vuelven-programas-tematicos-television-lh\\\/#primaryimage\"},\"image\":{\"@id\":\"https:\\\/\\\/www.lafarga.com\\\/corporatiu\\\/vuelven-programas-tematicos-television-lh\\\/#primaryimage\"},\"thumbnailUrl\":\"https:\\\/\\\/www.lafarga.com\\\/corporatiu\\\/wp-content\\\/uploads\\\/2020\\\/06\\\/Tematics-Televisio-Farga.jpg\",\"datePublished\":\"2020-06-02T10:27:26+00:00\",\"dateModified\":\"2020-06-02T10:44:52+00:00\",\"description\":\"Vuelven los programas tem\u00e1ticos de Televisi\u00f3n El H a partir de este martes, 2 de junio con deportes, entidades, educaci\u00f3n, cultura y personajes.\",\"breadcrumb\":{\"@id\":\"https:\\\/\\\/www.lafarga.com\\\/corporatiu\\\/vuelven-programas-tematicos-television-lh\\\/#breadcrumb\"},\"inLanguage\":\"ca\",\"potentialAction\":[{\"@type\":\"ReadAction\",\"target\":[\"https:\\\/\\\/www.lafarga.com\\\/corporatiu\\\/vuelven-programas-tematicos-television-lh\\\/\"]}]},{\"@type\":\"ImageObject\",\"inLanguage\":\"ca\",\"@id\":\"https:\\\/\\\/www.lafarga.com\\\/corporatiu\\\/vuelven-programas-tematicos-television-lh\\\/#primaryimage\",\"url\":\"https:\\\/\\\/www.lafarga.com\\\/corporatiu\\\/wp-content\\\/uploads\\\/2020\\\/06\\\/Tematics-Televisio-Farga.jpg\",\"contentUrl\":\"https:\\\/\\\/www.lafarga.com\\\/corporatiu\\\/wp-content\\\/uploads\\\/2020\\\/06\\\/Tematics-Televisio-Farga.jpg\",\"width\":730,\"height\":410,\"caption\":\"Tem\u00e0tics Televisi\u00f3\"},{\"@type\":\"BreadcrumbList\",\"@id\":\"https:\\\/\\\/www.lafarga.com\\\/corporatiu\\\/vuelven-programas-tematicos-television-lh\\\/#breadcrumb\",\"itemListElement\":[{\"@type\":\"ListItem\",\"position\":1,\"name\":\"Home\",\"item\":\"https:\\\/\\\/www.lafarga.com\\\/corporatiu\\\/lafarga-hospitalet-llobregat\\\/\"},{\"@type\":\"ListItem\",\"position\":2,\"name\":\"Vuelven los programas tem\u00e1ticos de Televisi\u00f3n L&#8217;H\"}]},{\"@type\":\"WebSite\",\"@id\":\"https:\\\/\\\/www.lafarga.com\\\/corporatiu\\\/#website\",\"url\":\"https:\\\/\\\/www.lafarga.com\\\/corporatiu\\\/\",\"name\":\"La Farga Gesti\u00f3 d&#039;Equipaments Municipals, SA\",\"description\":\"\",\"publisher\":{\"@id\":\"https:\\\/\\\/www.lafarga.com\\\/corporatiu\\\/#organization\"},\"potentialAction\":[{\"@type\":\"SearchAction\",\"target\":{\"@type\":\"EntryPoint\",\"urlTemplate\":\"https:\\\/\\\/www.lafarga.com\\\/corporatiu\\\/?s={search_term_string}\"},\"query-input\":{\"@type\":\"PropertyValueSpecification\",\"valueRequired\":true,\"valueName\":\"search_term_string\"}}],\"inLanguage\":\"ca\"},{\"@type\":\"Organization\",\"@id\":\"https:\\\/\\\/www.lafarga.com\\\/corporatiu\\\/#organization\",\"name\":\"La Farga Gesti\u00f3 d&#039;Equipaments Municipals, SA\",\"url\":\"https:\\\/\\\/www.lafarga.com\\\/corporatiu\\\/\",\"logo\":{\"@type\":\"ImageObject\",\"inLanguage\":\"ca\",\"@id\":\"https:\\\/\\\/www.lafarga.com\\\/corporatiu\\\/#\\\/schema\\\/logo\\\/image\\\/\",\"url\":\"https:\\\/\\\/www.lafarga.com\\\/corporatiu\\\/wp-content\\\/uploads\\\/2023\\\/11\\\/logotipo_lafarga_gemsa.svg\",\"contentUrl\":\"https:\\\/\\\/www.lafarga.com\\\/corporatiu\\\/wp-content\\\/uploads\\\/2023\\\/11\\\/logotipo_lafarga_gemsa.svg\",\"width\":102,\"height\":103,\"caption\":\"La Farga Gesti\u00f3 d&#039;Equipaments Municipals, SA\"},\"image\":{\"@id\":\"https:\\\/\\\/www.lafarga.com\\\/corporatiu\\\/#\\\/schema\\\/logo\\\/image\\\/\"}},{\"@type\":\"Person\",\"@id\":\"https:\\\/\\\/www.lafarga.com\\\/corporatiu\\\/#\\\/schema\\\/person\\\/70d96fe17d0da1a9c9e80d232bdbcf33\",\"name\":\"\u00d2scar Milla\",\"image\":{\"@type\":\"ImageObject\",\"inLanguage\":\"ca\",\"@id\":\"https:\\\/\\\/secure.gravatar.com\\\/avatar\\\/92e75d184f9d5e0e403bd4ad075b080ad258344ddc259adddb579f6a3ba6494f?s=96&d=mm&r=g\",\"url\":\"https:\\\/\\\/secure.gravatar.com\\\/avatar\\\/92e75d184f9d5e0e403bd4ad075b080ad258344ddc259adddb579f6a3ba6494f?s=96&d=mm&r=g\",\"contentUrl\":\"https:\\\/\\\/secure.gravatar.com\\\/avatar\\\/92e75d184f9d5e0e403bd4ad075b080ad258344ddc259adddb579f6a3ba6494f?s=96&d=mm&r=g\",\"caption\":\"\u00d2scar Milla\"},\"url\":\"https:\\\/\\\/www.lafarga.com\\\/corporatiu\\\/author\\\/omilla\\\/\"}]}<\/script>\n<!-- \/ Yoast SEO plugin. -->","yoast_head_json":{"title":"Vuelven los programas tem\u00e1ticos de Televisi\u00f3n L'H - La Farga Gesti\u00f3n de Equipamientos Municipales, S.A.","description":"Vuelven los programas tem\u00e1ticos de Televisi\u00f3n El H a partir de este martes, 2 de junio con deportes, entidades, educaci\u00f3n, cultura y personajes.","robots":{"index":"index","follow":"follow","max-snippet":"max-snippet:-1","max-image-preview":"max-image-preview:large","max-video-preview":"max-video-preview:-1"},"canonical":"https:\/\/www.lafarga.com\/corporatiu\/vuelven-programas-tematicos-television-lh\/","og_locale":"ca_ES","og_type":"article","og_title":"Vuelven los programas tem\u00e1ticos de Televisi\u00f3n L'H - La Farga Gesti\u00f3n de Equipamientos Municipales, S.A.","og_description":"Vuelven los programas tem\u00e1ticos de Televisi\u00f3n El H a partir de este martes, 2 de junio con deportes, entidades, educaci\u00f3n, cultura y personajes.","og_url":"https:\/\/www.lafarga.com\/corporatiu\/vuelven-programas-tematicos-television-lh\/","og_site_name":"La Farga Gesti\u00f3n de Equipamientos Municipales, S.A.","article_published_time":"2020-06-02T10:27:26+00:00","article_modified_time":"2020-06-02T10:44:52+00:00","og_image":[{"width":730,"height":410,"url":"https:\/\/www.lafarga.com\/corporatiu\/wp-content\/uploads\/2020\/06\/Tematics-Televisio-Farga.jpg","type":"image\/jpeg"}],"author":"\u00d2scar Milla","twitter_misc":{"Escrit per":"\u00d2scar Milla","Temps estimat de lectura":"2 minuts"},"schema":{"@context":"https:\/\/schema.org","@graph":[{"@type":"Article","@id":"https:\/\/www.lafarga.com\/corporatiu\/vuelven-programas-tematicos-television-lh\/#article","isPartOf":{"@id":"https:\/\/www.lafarga.com\/corporatiu\/vuelven-programas-tematicos-television-lh\/"},"author":{"name":"\u00d2scar Milla","@id":"https:\/\/www.lafarga.com\/corporatiu\/#\/schema\/person\/70d96fe17d0da1a9c9e80d232bdbcf33"},"headline":"Vuelven los programas tem\u00e1ticos de Televisi\u00f3n L&#8217;H","datePublished":"2020-06-02T10:27:26+00:00","dateModified":"2020-06-02T10:44:52+00:00","mainEntityOfPage":{"@id":"https:\/\/www.lafarga.com\/corporatiu\/vuelven-programas-tematicos-television-lh\/"},"wordCount":435,"publisher":{"@id":"https:\/\/www.lafarga.com\/corporatiu\/#organization"},"image":{"@id":"https:\/\/www.lafarga.com\/corporatiu\/vuelven-programas-tematicos-television-lh\/#primaryimage"},"thumbnailUrl":"https:\/\/www.lafarga.com\/corporatiu\/wp-content\/uploads\/2020\/06\/Tematics-Televisio-Farga.jpg","articleSection":["Medios de Comunicaci\u00f3n"],"inLanguage":"ca"},{"@type":"WebPage","@id":"https:\/\/www.lafarga.com\/corporatiu\/vuelven-programas-tematicos-television-lh\/","url":"https:\/\/www.lafarga.com\/corporatiu\/vuelven-programas-tematicos-television-lh\/","name":"Vuelven los programas tem\u00e1ticos de Televisi\u00f3n L'H - La Farga Gesti\u00f3n de Equipamientos Municipales, S.A.","isPartOf":{"@id":"https:\/\/www.lafarga.com\/corporatiu\/#website"},"primaryImageOfPage":{"@id":"https:\/\/www.lafarga.com\/corporatiu\/vuelven-programas-tematicos-television-lh\/#primaryimage"},"image":{"@id":"https:\/\/www.lafarga.com\/corporatiu\/vuelven-programas-tematicos-television-lh\/#primaryimage"},"thumbnailUrl":"https:\/\/www.lafarga.com\/corporatiu\/wp-content\/uploads\/2020\/06\/Tematics-Televisio-Farga.jpg","datePublished":"2020-06-02T10:27:26+00:00","dateModified":"2020-06-02T10:44:52+00:00","description":"Vuelven los programas tem\u00e1ticos de Televisi\u00f3n El H a partir de este martes, 2 de junio con deportes, entidades, educaci\u00f3n, cultura y personajes.","breadcrumb":{"@id":"https:\/\/www.lafarga.com\/corporatiu\/vuelven-programas-tematicos-television-lh\/#breadcrumb"},"inLanguage":"ca","potentialAction":[{"@type":"ReadAction","target":["https:\/\/www.lafarga.com\/corporatiu\/vuelven-programas-tematicos-television-lh\/"]}]},{"@type":"ImageObject","inLanguage":"ca","@id":"https:\/\/www.lafarga.com\/corporatiu\/vuelven-programas-tematicos-television-lh\/#primaryimage","url":"https:\/\/www.lafarga.com\/corporatiu\/wp-content\/uploads\/2020\/06\/Tematics-Televisio-Farga.jpg","contentUrl":"https:\/\/www.lafarga.com\/corporatiu\/wp-content\/uploads\/2020\/06\/Tematics-Televisio-Farga.jpg","width":730,"height":410,"caption":"Tem\u00e0tics Televisi\u00f3"},{"@type":"BreadcrumbList","@id":"https:\/\/www.lafarga.com\/corporatiu\/vuelven-programas-tematicos-television-lh\/#breadcrumb","itemListElement":[{"@type":"ListItem","position":1,"name":"Home","item":"https:\/\/www.lafarga.com\/corporatiu\/lafarga-hospitalet-llobregat\/"},{"@type":"ListItem","position":2,"name":"Vuelven los programas tem\u00e1ticos de Televisi\u00f3n L&#8217;H"}]},{"@type":"WebSite","@id":"https:\/\/www.lafarga.com\/corporatiu\/#website","url":"https:\/\/www.lafarga.com\/corporatiu\/","name":"La Farga Gesti\u00f3 d&#039;Equipaments Municipals, SA","description":"","publisher":{"@id":"https:\/\/www.lafarga.com\/corporatiu\/#organization"},"potentialAction":[{"@type":"SearchAction","target":{"@type":"EntryPoint","urlTemplate":"https:\/\/www.lafarga.com\/corporatiu\/?s={search_term_string}"},"query-input":{"@type":"PropertyValueSpecification","valueRequired":true,"valueName":"search_term_string"}}],"inLanguage":"ca"},{"@type":"Organization","@id":"https:\/\/www.lafarga.com\/corporatiu\/#organization","name":"La Farga Gesti\u00f3 d&#039;Equipaments Municipals, SA","url":"https:\/\/www.lafarga.com\/corporatiu\/","logo":{"@type":"ImageObject","inLanguage":"ca","@id":"https:\/\/www.lafarga.com\/corporatiu\/#\/schema\/logo\/image\/","url":"https:\/\/www.lafarga.com\/corporatiu\/wp-content\/uploads\/2023\/11\/logotipo_lafarga_gemsa.svg","contentUrl":"https:\/\/www.lafarga.com\/corporatiu\/wp-content\/uploads\/2023\/11\/logotipo_lafarga_gemsa.svg","width":102,"height":103,"caption":"La Farga Gesti\u00f3 d&#039;Equipaments Municipals, SA"},"image":{"@id":"https:\/\/www.lafarga.com\/corporatiu\/#\/schema\/logo\/image\/"}},{"@type":"Person","@id":"https:\/\/www.lafarga.com\/corporatiu\/#\/schema\/person\/70d96fe17d0da1a9c9e80d232bdbcf33","name":"\u00d2scar Milla","image":{"@type":"ImageObject","inLanguage":"ca","@id":"https:\/\/secure.gravatar.com\/avatar\/92e75d184f9d5e0e403bd4ad075b080ad258344ddc259adddb579f6a3ba6494f?s=96&d=mm&r=g","url":"https:\/\/secure.gravatar.com\/avatar\/92e75d184f9d5e0e403bd4ad075b080ad258344ddc259adddb579f6a3ba6494f?s=96&d=mm&r=g","contentUrl":"https:\/\/secure.gravatar.com\/avatar\/92e75d184f9d5e0e403bd4ad075b080ad258344ddc259adddb579f6a3ba6494f?s=96&d=mm&r=g","caption":"\u00d2scar Milla"},"url":"https:\/\/www.lafarga.com\/corporatiu\/author\/omilla\/"}]}},"uagb_featured_image_src":{"full":["https:\/\/www.lafarga.com\/corporatiu\/wp-content\/uploads\/2020\/06\/Tematics-Televisio-Farga.jpg",730,410,false],"thumbnail":["https:\/\/www.lafarga.com\/corporatiu\/wp-content\/uploads\/2020\/06\/Tematics-Televisio-Farga-150x150.jpg",150,150,true],"medium":["https:\/\/www.lafarga.com\/corporatiu\/wp-content\/uploads\/2020\/06\/Tematics-Televisio-Farga-300x168.jpg",300,168,true],"medium_large":["https:\/\/www.lafarga.com\/corporatiu\/wp-content\/uploads\/2020\/06\/Tematics-Televisio-Farga.jpg",730,410,false],"large":["https:\/\/www.lafarga.com\/corporatiu\/wp-content\/uploads\/2020\/06\/Tematics-Televisio-Farga.jpg",730,410,false],"1536x1536":["https:\/\/www.lafarga.com\/corporatiu\/wp-content\/uploads\/2020\/06\/Tematics-Televisio-Farga.jpg",730,410,false],"2048x2048":["https:\/\/www.lafarga.com\/corporatiu\/wp-content\/uploads\/2020\/06\/Tematics-Televisio-Farga.jpg",730,410,false],"mailpoet_newsletter_max":["https:\/\/www.lafarga.com\/corporatiu\/wp-content\/uploads\/2020\/06\/Tematics-Televisio-Farga.jpg",730,410,false]},"uagb_author_info":{"display_name":"\u00d2scar Milla","author_link":"https:\/\/www.lafarga.com\/corporatiu\/author\/omilla\/"},"uagb_comment_info":0,"uagb_excerpt":"Vuelven los programas tem\u00e1ticos de Televisi\u00f3n L'Hospitalet. A partir de este martes, 2 de junio, deportes, entidades, educaci\u00f3n, cultura y personajes ser\u00e1n los protagonistas de la franja horaria de las 20 horas.","_links":{"self":[{"href":"https:\/\/www.lafarga.com\/corporatiu\/wp-json\/wp\/v2\/posts\/14622","targetHints":{"allow":["GET"]}}],"collection":[{"href":"https:\/\/www.lafarga.com\/corporatiu\/wp-json\/wp\/v2\/posts"}],"about":[{"href":"https:\/\/www.lafarga.com\/corporatiu\/wp-json\/wp\/v2\/types\/post"}],"author":[{"embeddable":true,"href":"https:\/\/www.lafarga.com\/corporatiu\/wp-json\/wp\/v2\/users\/5"}],"replies":[{"embeddable":true,"href":"https:\/\/www.lafarga.com\/corporatiu\/wp-json\/wp\/v2\/comments?post=14622"}],"version-history":[{"count":2,"href":"https:\/\/www.lafarga.com\/corporatiu\/wp-json\/wp\/v2\/posts\/14622\/revisions"}],"predecessor-version":[{"id":14625,"href":"https:\/\/www.lafarga.com\/corporatiu\/wp-json\/wp\/v2\/posts\/14622\/revisions\/14625"}],"wp:featuredmedia":[{"embeddable":true,"href":"https:\/\/www.lafarga.com\/corporatiu\/wp-json\/wp\/v2\/media\/14620"}],"wp:attachment":[{"href":"https:\/\/www.lafarga.com\/corporatiu\/wp-json\/wp\/v2\/media?parent=14622"}],"wp:term":[{"taxonomy":"category","embeddable":true,"href":"https:\/\/www.lafarga.com\/corporatiu\/wp-json\/wp\/v2\/categories?post=14622"},{"taxonomy":"post_tag","embeddable":true,"href":"https:\/\/www.lafarga.com\/corporatiu\/wp-json\/wp\/v2\/tags?post=14622"}],"curies":[{"name":"wp","href":"https:\/\/api.w.org\/{rel}","templated":true}]}}