{"id":14619,"date":"2020-06-02T10:24:36","date_gmt":"2020-06-02T10:24:36","guid":{"rendered":"http:\/\/www.lafarga.com\/corporatiu\/?p=14619"},"modified":"2020-06-02T10:46:02","modified_gmt":"2020-06-02T10:46:02","slug":"tornen-programes-tematics-televisio-lh","status":"publish","type":"post","link":"https:\/\/www.lafarga.com\/corporatiu\/tornen-programes-tematics-televisio-lh\/","title":{"rendered":"Tornen els programes tem\u00e0tics de Televisi\u00f3 L&#8217;H"},"content":{"rendered":"<h5>En el seu horari habitual de les 20 hores<\/h5>\n<p>Despr\u00e9s d&#8217;una petita aturada i amb el proc\u00e9s de desescalada, tornen els programes tem\u00e0tics de Televisi\u00f3 L\u2019Hospitalet. A partir d&#8217;aquest dimarts, 2 de juny, esports, entitats, educaci\u00f3, cultura i personatges seran els protagonistes de la franja hor\u00e0ria de les 20 hores.<\/p>\n<p>El primer programa que torna a les pantalles \u00e9s <a href=\"http:\/\/lhdigital.cat\/web\/digital-h\/veins\" target=\"_blank\" rel=\"noopener noreferrer\"><strong>Ve\u00efns<\/strong><\/a>, l&#8217;espai que presenta Pere Montesinos i que t\u00e9 com a protagonistes a entitats i associacions de la ciutat. Aquesta setmana els protagonistes s\u00f3n el president del Centre d\u2019Estudis de L\u2019H, Manel Dom\u00ednguez i el meteor\u00f2leg municipal, Jos\u00e9 Luis Casanovas, que analitzar\u00e0 com ha afectat el confinament en la qualitat de l\u2019aire.<\/p>\n<p>Dimecres, ser\u00e0 el torn d\u2019<a href=\"http:\/\/lhdigital.cat\/web\/digital-h\/aulalh\" target=\"_blank\" rel=\"noopener noreferrer\"><strong>Aula L\u2019H<\/strong><\/a>, el programa dedicat al m\u00f3n educatiu que presenta N\u00faria Toril. El 3 de juny l\u2019espai comptar\u00e0 amb el tinent d\u2019alcalde d\u2019Educaci\u00f3, Jaume Graells, i tamb\u00e9 parlar\u00e0 de les novetats en la Formaci\u00f3 Professional per al pr\u00f2xim curs, tot just quan comen\u00e7a la preinscripci\u00f3 dels cicles de grau mig.<\/p>\n<p>Dijous, la cultura ser\u00e0 la protagonista a <a href=\"https:\/\/lhdigital.cat\/web\/digital-h\/taquilla_inversa\" target=\"_blank\" rel=\"noopener noreferrer\"><strong>Taquilla Inversa<\/strong><\/a>. El programa que presenta Laura Alsina comptar\u00e0 amb l&#8217;entrevista a Dani Orviz, campi\u00f3 del m\u00f3n del poetry slam. Tamb\u00e9 hi ser\u00e0 Marco, del restaurant Mug, per parlar de com s&#8217;han adaptat els restaurants a les xarxes socials amb el confinament. I, per \u00faltim, connexi\u00f3 amb l&#8217;humorista hospitalenc El Mora.<\/p>\n<p>I divendres, torna <a href=\"http:\/\/lhdigital.cat\/web\/digital-h\/batecs\" target=\"_blank\" rel=\"noopener noreferrer\"><strong>Batecs L\u2019H<\/strong><\/a>, l\u2019espai dedicat a personatges singulars de la ciutat. En aquest primer programa, de la m\u00e0 de Marina Toledo, coneixerem l&#8217;il\u00b7lustrador d&#8217;Urban Sketching, Ra\u00fal Deamo. Una t\u00e8cnica de dibuix r\u00e0pid &#8220;in situ&#8221; amb la que recull llocs emblem\u00e0tics de la ciutat i tamb\u00e9 dues de les seves passions: els vins i la gastronomia.<\/p>\n<p>La tornada del programa d&#8217;esports, <a href=\"https:\/\/lhdigital.cat\/web\/digital-h\/lhenjoc\" target=\"_blank\" rel=\"noopener noreferrer\"><strong>L&#8217;H en Joc<\/strong><\/a>, ser\u00e0 la pr\u00f2xima setmana, el 8 de juny. El programa que presenta Sergio Esparza tamb\u00e9 tornar\u00e0 a les 20 hores.<\/p>\n<h5>L\u2019Informatiu<\/h5>\n<p>A m\u00e9s dels programes tem\u00e0tics, Televisi\u00f3 L\u2019Hospitalet <a href=\"https:\/\/www.lafarga.com\/corporatiu\/televisio-lhospitalet-repren-activitat\/\" target=\"_blank\" rel=\"noopener noreferrer\"><strong>ja fa setmanes que va recuperar L\u2019Informatiu<\/strong><\/a>, l\u2019espai dedicat a l\u2019actualitat de la ciutat. En aquesta nova etapa, L\u2019Informatiu ha canviat d\u2019hora d\u2019estrena, i s\u2019ha avan\u00e7at a les 15 hores. Tot i aix\u00f2, L\u2019Informatiu continua emetent-se en reemissi\u00f3 en la franja habitual de les 19.30 hores.<\/p>\n<p>Tots els programes es poden consultar a la carta a <a href=\"https:\/\/lhdigital.cat\/web\/digital-h\/televisio\" target=\"_blank\" rel=\"noopener noreferrer\"><strong>L&#8217;Hdigital<\/strong><\/a>.<\/p>\n","protected":false},"excerpt":{"rendered":"<p>Tornen els programes tem\u00e0tics de Televisi\u00f3 L\u2019Hospitalet. A partir d&#8217;aquest dimarts, 2 de juny, esports, entitats, educaci\u00f3, cultura i personatges seran els protagonistes de la franja hor\u00e0ria de les 20 hores.<\/p>\n","protected":false},"author":5,"featured_media":14620,"comment_status":"closed","ping_status":"closed","sticky":false,"template":"","format":"standard","meta":{"inline_featured_image":false,"_uag_custom_page_level_css":"","_monsterinsights_skip_tracking":false,"_monsterinsights_sitenote_active":false,"_monsterinsights_sitenote_note":"","_monsterinsights_sitenote_category":0,"site-sidebar-layout":"default","site-content-layout":"","ast-site-content-layout":"default","site-content-style":"default","site-sidebar-style":"default","ast-global-header-display":"","ast-banner-title-visibility":"","ast-main-header-display":"","ast-hfb-above-header-display":"","ast-hfb-below-header-display":"","ast-hfb-mobile-header-display":"","site-post-title":"","ast-breadcrumbs-content":"","ast-featured-img":"","footer-sml-layout":"","ast-disable-related-posts":"","theme-transparent-header-meta":"","adv-header-id-meta":"","stick-header-meta":"","header-above-stick-meta":"","header-main-stick-meta":"","header-below-stick-meta":"","astra-migrate-meta-layouts":"default","ast-page-background-enabled":"default","ast-page-background-meta":{"desktop":{"background-color":"var(--ast-global-color-4)","background-image":"","background-repeat":"repeat","background-position":"center center","background-size":"auto","background-attachment":"scroll","background-type":"","background-media":"","overlay-type":"","overlay-color":"","overlay-opacity":"","overlay-gradient":""},"tablet":{"background-color":"","background-image":"","background-repeat":"repeat","background-position":"center center","background-size":"auto","background-attachment":"scroll","background-type":"","background-media":"","overlay-type":"","overlay-color":"","overlay-opacity":"","overlay-gradient":""},"mobile":{"background-color":"","background-image":"","background-repeat":"repeat","background-position":"center center","background-size":"auto","background-attachment":"scroll","background-type":"","background-media":"","overlay-type":"","overlay-color":"","overlay-opacity":"","overlay-gradient":""}},"ast-content-background-meta":{"desktop":{"background-color":"var(--ast-global-color-5)","background-image":"","background-repeat":"repeat","background-position":"center center","background-size":"auto","background-attachment":"scroll","background-type":"","background-media":"","overlay-type":"","overlay-color":"","overlay-opacity":"","overlay-gradient":""},"tablet":{"background-color":"var(--ast-global-color-5)","background-image":"","background-repeat":"repeat","background-position":"center center","background-size":"auto","background-attachment":"scroll","background-type":"","background-media":"","overlay-type":"","overlay-color":"","overlay-opacity":"","overlay-gradient":""},"mobile":{"background-color":"var(--ast-global-color-5)","background-image":"","background-repeat":"repeat","background-position":"center center","background-size":"auto","background-attachment":"scroll","background-type":"","background-media":"","overlay-type":"","overlay-color":"","overlay-opacity":"","overlay-gradient":""}},"footnotes":""},"categories":[51],"tags":[],"class_list":["post-14619","post","type-post","status-publish","format-standard","has-post-thumbnail","hentry","category-mitjans-comunicacio"],"yoast_head":"<!-- This site is optimized with the Yoast SEO plugin v27.4 - https:\/\/yoast.com\/product\/yoast-seo-wordpress\/ -->\n<title>Tornen els programes tem\u00e0tics de Televisi\u00f3 L&#039;H - La Farga Gesti\u00f3n de Equipamientos Municipales, S.A.<\/title>\n<meta name=\"description\" content=\"Tornen els programes tem\u00e0tics de Televisi\u00f3 L\u2019H a partir d&#039;aquest dimarts, 2 de juny amb esports, entitats, educaci\u00f3, cultura i personatges.\" \/>\n<meta name=\"robots\" content=\"index, follow, max-snippet:-1, max-image-preview:large, max-video-preview:-1\" \/>\n<link rel=\"canonical\" href=\"https:\/\/www.lafarga.com\/corporatiu\/tornen-programes-tematics-televisio-lh\/\" \/>\n<meta property=\"og:locale\" content=\"ca_ES\" \/>\n<meta property=\"og:type\" content=\"article\" \/>\n<meta property=\"og:title\" content=\"Tornen els programes tem\u00e0tics de Televisi\u00f3 L&#039;H - La Farga Gesti\u00f3n de Equipamientos Municipales, S.A.\" \/>\n<meta property=\"og:description\" content=\"Tornen els programes tem\u00e0tics de Televisi\u00f3 L\u2019H a partir d&#039;aquest dimarts, 2 de juny amb esports, entitats, educaci\u00f3, cultura i personatges.\" \/>\n<meta property=\"og:url\" content=\"https:\/\/www.lafarga.com\/corporatiu\/tornen-programes-tematics-televisio-lh\/\" \/>\n<meta property=\"og:site_name\" content=\"La Farga Gesti\u00f3n de Equipamientos Municipales, S.A.\" \/>\n<meta property=\"article:published_time\" content=\"2020-06-02T10:24:36+00:00\" \/>\n<meta property=\"article:modified_time\" content=\"2020-06-02T10:46:02+00:00\" \/>\n<meta property=\"og:image\" content=\"https:\/\/www.lafarga.com\/corporatiu\/wp-content\/uploads\/2020\/06\/Tematics-Televisio-Farga.jpg\" \/>\n\t<meta property=\"og:image:width\" content=\"730\" \/>\n\t<meta property=\"og:image:height\" content=\"410\" \/>\n\t<meta property=\"og:image:type\" content=\"image\/jpeg\" \/>\n<meta name=\"author\" content=\"\u00d2scar Milla\" \/>\n<meta name=\"twitter:label1\" content=\"Escrit per\" \/>\n\t<meta name=\"twitter:data1\" content=\"\u00d2scar Milla\" \/>\n\t<meta name=\"twitter:label2\" content=\"Temps estimat de lectura\" \/>\n\t<meta name=\"twitter:data2\" content=\"2 minuts\" \/>\n<script type=\"application\/ld+json\" class=\"yoast-schema-graph\">{\"@context\":\"https:\\\/\\\/schema.org\",\"@graph\":[{\"@type\":\"Article\",\"@id\":\"https:\\\/\\\/www.lafarga.com\\\/corporatiu\\\/tornen-programes-tematics-televisio-lh\\\/#article\",\"isPartOf\":{\"@id\":\"https:\\\/\\\/www.lafarga.com\\\/corporatiu\\\/tornen-programes-tematics-televisio-lh\\\/\"},\"author\":{\"name\":\"\u00d2scar Milla\",\"@id\":\"https:\\\/\\\/www.lafarga.com\\\/corporatiu\\\/#\\\/schema\\\/person\\\/70d96fe17d0da1a9c9e80d232bdbcf33\"},\"headline\":\"Tornen els programes tem\u00e0tics de Televisi\u00f3 L&#8217;H\",\"datePublished\":\"2020-06-02T10:24:36+00:00\",\"dateModified\":\"2020-06-02T10:46:02+00:00\",\"mainEntityOfPage\":{\"@id\":\"https:\\\/\\\/www.lafarga.com\\\/corporatiu\\\/tornen-programes-tematics-televisio-lh\\\/\"},\"wordCount\":428,\"publisher\":{\"@id\":\"https:\\\/\\\/www.lafarga.com\\\/corporatiu\\\/#organization\"},\"image\":{\"@id\":\"https:\\\/\\\/www.lafarga.com\\\/corporatiu\\\/tornen-programes-tematics-televisio-lh\\\/#primaryimage\"},\"thumbnailUrl\":\"https:\\\/\\\/www.lafarga.com\\\/corporatiu\\\/wp-content\\\/uploads\\\/2020\\\/06\\\/Tematics-Televisio-Farga.jpg\",\"articleSection\":[\"Mitjans de Comunicaci\u00f3\"],\"inLanguage\":\"ca\"},{\"@type\":\"WebPage\",\"@id\":\"https:\\\/\\\/www.lafarga.com\\\/corporatiu\\\/tornen-programes-tematics-televisio-lh\\\/\",\"url\":\"https:\\\/\\\/www.lafarga.com\\\/corporatiu\\\/tornen-programes-tematics-televisio-lh\\\/\",\"name\":\"Tornen els programes tem\u00e0tics de Televisi\u00f3 L'H - La Farga Gesti\u00f3n de Equipamientos Municipales, S.A.\",\"isPartOf\":{\"@id\":\"https:\\\/\\\/www.lafarga.com\\\/corporatiu\\\/#website\"},\"primaryImageOfPage\":{\"@id\":\"https:\\\/\\\/www.lafarga.com\\\/corporatiu\\\/tornen-programes-tematics-televisio-lh\\\/#primaryimage\"},\"image\":{\"@id\":\"https:\\\/\\\/www.lafarga.com\\\/corporatiu\\\/tornen-programes-tematics-televisio-lh\\\/#primaryimage\"},\"thumbnailUrl\":\"https:\\\/\\\/www.lafarga.com\\\/corporatiu\\\/wp-content\\\/uploads\\\/2020\\\/06\\\/Tematics-Televisio-Farga.jpg\",\"datePublished\":\"2020-06-02T10:24:36+00:00\",\"dateModified\":\"2020-06-02T10:46:02+00:00\",\"description\":\"Tornen els programes tem\u00e0tics de Televisi\u00f3 L\u2019H a partir d'aquest dimarts, 2 de juny amb esports, entitats, educaci\u00f3, cultura i personatges.\",\"breadcrumb\":{\"@id\":\"https:\\\/\\\/www.lafarga.com\\\/corporatiu\\\/tornen-programes-tematics-televisio-lh\\\/#breadcrumb\"},\"inLanguage\":\"ca\",\"potentialAction\":[{\"@type\":\"ReadAction\",\"target\":[\"https:\\\/\\\/www.lafarga.com\\\/corporatiu\\\/tornen-programes-tematics-televisio-lh\\\/\"]}]},{\"@type\":\"ImageObject\",\"inLanguage\":\"ca\",\"@id\":\"https:\\\/\\\/www.lafarga.com\\\/corporatiu\\\/tornen-programes-tematics-televisio-lh\\\/#primaryimage\",\"url\":\"https:\\\/\\\/www.lafarga.com\\\/corporatiu\\\/wp-content\\\/uploads\\\/2020\\\/06\\\/Tematics-Televisio-Farga.jpg\",\"contentUrl\":\"https:\\\/\\\/www.lafarga.com\\\/corporatiu\\\/wp-content\\\/uploads\\\/2020\\\/06\\\/Tematics-Televisio-Farga.jpg\",\"width\":730,\"height\":410,\"caption\":\"Tem\u00e0tics Televisi\u00f3\"},{\"@type\":\"BreadcrumbList\",\"@id\":\"https:\\\/\\\/www.lafarga.com\\\/corporatiu\\\/tornen-programes-tematics-televisio-lh\\\/#breadcrumb\",\"itemListElement\":[{\"@type\":\"ListItem\",\"position\":1,\"name\":\"Home\",\"item\":\"https:\\\/\\\/www.lafarga.com\\\/corporatiu\\\/lafarga-hospitalet-llobregat\\\/\"},{\"@type\":\"ListItem\",\"position\":2,\"name\":\"Tornen els programes tem\u00e0tics de Televisi\u00f3 L&#8217;H\"}]},{\"@type\":\"WebSite\",\"@id\":\"https:\\\/\\\/www.lafarga.com\\\/corporatiu\\\/#website\",\"url\":\"https:\\\/\\\/www.lafarga.com\\\/corporatiu\\\/\",\"name\":\"La Farga Gesti\u00f3 d&#039;Equipaments Municipals, SA\",\"description\":\"\",\"publisher\":{\"@id\":\"https:\\\/\\\/www.lafarga.com\\\/corporatiu\\\/#organization\"},\"potentialAction\":[{\"@type\":\"SearchAction\",\"target\":{\"@type\":\"EntryPoint\",\"urlTemplate\":\"https:\\\/\\\/www.lafarga.com\\\/corporatiu\\\/?s={search_term_string}\"},\"query-input\":{\"@type\":\"PropertyValueSpecification\",\"valueRequired\":true,\"valueName\":\"search_term_string\"}}],\"inLanguage\":\"ca\"},{\"@type\":\"Organization\",\"@id\":\"https:\\\/\\\/www.lafarga.com\\\/corporatiu\\\/#organization\",\"name\":\"La Farga Gesti\u00f3 d&#039;Equipaments Municipals, SA\",\"url\":\"https:\\\/\\\/www.lafarga.com\\\/corporatiu\\\/\",\"logo\":{\"@type\":\"ImageObject\",\"inLanguage\":\"ca\",\"@id\":\"https:\\\/\\\/www.lafarga.com\\\/corporatiu\\\/#\\\/schema\\\/logo\\\/image\\\/\",\"url\":\"https:\\\/\\\/www.lafarga.com\\\/corporatiu\\\/wp-content\\\/uploads\\\/2023\\\/11\\\/logotipo_lafarga_gemsa.svg\",\"contentUrl\":\"https:\\\/\\\/www.lafarga.com\\\/corporatiu\\\/wp-content\\\/uploads\\\/2023\\\/11\\\/logotipo_lafarga_gemsa.svg\",\"width\":102,\"height\":103,\"caption\":\"La Farga Gesti\u00f3 d&#039;Equipaments Municipals, SA\"},\"image\":{\"@id\":\"https:\\\/\\\/www.lafarga.com\\\/corporatiu\\\/#\\\/schema\\\/logo\\\/image\\\/\"}},{\"@type\":\"Person\",\"@id\":\"https:\\\/\\\/www.lafarga.com\\\/corporatiu\\\/#\\\/schema\\\/person\\\/70d96fe17d0da1a9c9e80d232bdbcf33\",\"name\":\"\u00d2scar Milla\",\"image\":{\"@type\":\"ImageObject\",\"inLanguage\":\"ca\",\"@id\":\"https:\\\/\\\/secure.gravatar.com\\\/avatar\\\/92e75d184f9d5e0e403bd4ad075b080ad258344ddc259adddb579f6a3ba6494f?s=96&d=mm&r=g\",\"url\":\"https:\\\/\\\/secure.gravatar.com\\\/avatar\\\/92e75d184f9d5e0e403bd4ad075b080ad258344ddc259adddb579f6a3ba6494f?s=96&d=mm&r=g\",\"contentUrl\":\"https:\\\/\\\/secure.gravatar.com\\\/avatar\\\/92e75d184f9d5e0e403bd4ad075b080ad258344ddc259adddb579f6a3ba6494f?s=96&d=mm&r=g\",\"caption\":\"\u00d2scar Milla\"},\"url\":\"https:\\\/\\\/www.lafarga.com\\\/corporatiu\\\/author\\\/omilla\\\/\"}]}<\/script>\n<!-- \/ Yoast SEO plugin. -->","yoast_head_json":{"title":"Tornen els programes tem\u00e0tics de Televisi\u00f3 L'H - La Farga Gesti\u00f3n de Equipamientos Municipales, S.A.","description":"Tornen els programes tem\u00e0tics de Televisi\u00f3 L\u2019H a partir d'aquest dimarts, 2 de juny amb esports, entitats, educaci\u00f3, cultura i personatges.","robots":{"index":"index","follow":"follow","max-snippet":"max-snippet:-1","max-image-preview":"max-image-preview:large","max-video-preview":"max-video-preview:-1"},"canonical":"https:\/\/www.lafarga.com\/corporatiu\/tornen-programes-tematics-televisio-lh\/","og_locale":"ca_ES","og_type":"article","og_title":"Tornen els programes tem\u00e0tics de Televisi\u00f3 L'H - La Farga Gesti\u00f3n de Equipamientos Municipales, S.A.","og_description":"Tornen els programes tem\u00e0tics de Televisi\u00f3 L\u2019H a partir d'aquest dimarts, 2 de juny amb esports, entitats, educaci\u00f3, cultura i personatges.","og_url":"https:\/\/www.lafarga.com\/corporatiu\/tornen-programes-tematics-televisio-lh\/","og_site_name":"La Farga Gesti\u00f3n de Equipamientos Municipales, S.A.","article_published_time":"2020-06-02T10:24:36+00:00","article_modified_time":"2020-06-02T10:46:02+00:00","og_image":[{"width":730,"height":410,"url":"https:\/\/www.lafarga.com\/corporatiu\/wp-content\/uploads\/2020\/06\/Tematics-Televisio-Farga.jpg","type":"image\/jpeg"}],"author":"\u00d2scar Milla","twitter_misc":{"Escrit per":"\u00d2scar Milla","Temps estimat de lectura":"2 minuts"},"schema":{"@context":"https:\/\/schema.org","@graph":[{"@type":"Article","@id":"https:\/\/www.lafarga.com\/corporatiu\/tornen-programes-tematics-televisio-lh\/#article","isPartOf":{"@id":"https:\/\/www.lafarga.com\/corporatiu\/tornen-programes-tematics-televisio-lh\/"},"author":{"name":"\u00d2scar Milla","@id":"https:\/\/www.lafarga.com\/corporatiu\/#\/schema\/person\/70d96fe17d0da1a9c9e80d232bdbcf33"},"headline":"Tornen els programes tem\u00e0tics de Televisi\u00f3 L&#8217;H","datePublished":"2020-06-02T10:24:36+00:00","dateModified":"2020-06-02T10:46:02+00:00","mainEntityOfPage":{"@id":"https:\/\/www.lafarga.com\/corporatiu\/tornen-programes-tematics-televisio-lh\/"},"wordCount":428,"publisher":{"@id":"https:\/\/www.lafarga.com\/corporatiu\/#organization"},"image":{"@id":"https:\/\/www.lafarga.com\/corporatiu\/tornen-programes-tematics-televisio-lh\/#primaryimage"},"thumbnailUrl":"https:\/\/www.lafarga.com\/corporatiu\/wp-content\/uploads\/2020\/06\/Tematics-Televisio-Farga.jpg","articleSection":["Mitjans de Comunicaci\u00f3"],"inLanguage":"ca"},{"@type":"WebPage","@id":"https:\/\/www.lafarga.com\/corporatiu\/tornen-programes-tematics-televisio-lh\/","url":"https:\/\/www.lafarga.com\/corporatiu\/tornen-programes-tematics-televisio-lh\/","name":"Tornen els programes tem\u00e0tics de Televisi\u00f3 L'H - La Farga Gesti\u00f3n de Equipamientos Municipales, S.A.","isPartOf":{"@id":"https:\/\/www.lafarga.com\/corporatiu\/#website"},"primaryImageOfPage":{"@id":"https:\/\/www.lafarga.com\/corporatiu\/tornen-programes-tematics-televisio-lh\/#primaryimage"},"image":{"@id":"https:\/\/www.lafarga.com\/corporatiu\/tornen-programes-tematics-televisio-lh\/#primaryimage"},"thumbnailUrl":"https:\/\/www.lafarga.com\/corporatiu\/wp-content\/uploads\/2020\/06\/Tematics-Televisio-Farga.jpg","datePublished":"2020-06-02T10:24:36+00:00","dateModified":"2020-06-02T10:46:02+00:00","description":"Tornen els programes tem\u00e0tics de Televisi\u00f3 L\u2019H a partir d'aquest dimarts, 2 de juny amb esports, entitats, educaci\u00f3, cultura i personatges.","breadcrumb":{"@id":"https:\/\/www.lafarga.com\/corporatiu\/tornen-programes-tematics-televisio-lh\/#breadcrumb"},"inLanguage":"ca","potentialAction":[{"@type":"ReadAction","target":["https:\/\/www.lafarga.com\/corporatiu\/tornen-programes-tematics-televisio-lh\/"]}]},{"@type":"ImageObject","inLanguage":"ca","@id":"https:\/\/www.lafarga.com\/corporatiu\/tornen-programes-tematics-televisio-lh\/#primaryimage","url":"https:\/\/www.lafarga.com\/corporatiu\/wp-content\/uploads\/2020\/06\/Tematics-Televisio-Farga.jpg","contentUrl":"https:\/\/www.lafarga.com\/corporatiu\/wp-content\/uploads\/2020\/06\/Tematics-Televisio-Farga.jpg","width":730,"height":410,"caption":"Tem\u00e0tics Televisi\u00f3"},{"@type":"BreadcrumbList","@id":"https:\/\/www.lafarga.com\/corporatiu\/tornen-programes-tematics-televisio-lh\/#breadcrumb","itemListElement":[{"@type":"ListItem","position":1,"name":"Home","item":"https:\/\/www.lafarga.com\/corporatiu\/lafarga-hospitalet-llobregat\/"},{"@type":"ListItem","position":2,"name":"Tornen els programes tem\u00e0tics de Televisi\u00f3 L&#8217;H"}]},{"@type":"WebSite","@id":"https:\/\/www.lafarga.com\/corporatiu\/#website","url":"https:\/\/www.lafarga.com\/corporatiu\/","name":"La Farga Gesti\u00f3 d&#039;Equipaments Municipals, SA","description":"","publisher":{"@id":"https:\/\/www.lafarga.com\/corporatiu\/#organization"},"potentialAction":[{"@type":"SearchAction","target":{"@type":"EntryPoint","urlTemplate":"https:\/\/www.lafarga.com\/corporatiu\/?s={search_term_string}"},"query-input":{"@type":"PropertyValueSpecification","valueRequired":true,"valueName":"search_term_string"}}],"inLanguage":"ca"},{"@type":"Organization","@id":"https:\/\/www.lafarga.com\/corporatiu\/#organization","name":"La Farga Gesti\u00f3 d&#039;Equipaments Municipals, SA","url":"https:\/\/www.lafarga.com\/corporatiu\/","logo":{"@type":"ImageObject","inLanguage":"ca","@id":"https:\/\/www.lafarga.com\/corporatiu\/#\/schema\/logo\/image\/","url":"https:\/\/www.lafarga.com\/corporatiu\/wp-content\/uploads\/2023\/11\/logotipo_lafarga_gemsa.svg","contentUrl":"https:\/\/www.lafarga.com\/corporatiu\/wp-content\/uploads\/2023\/11\/logotipo_lafarga_gemsa.svg","width":102,"height":103,"caption":"La Farga Gesti\u00f3 d&#039;Equipaments Municipals, SA"},"image":{"@id":"https:\/\/www.lafarga.com\/corporatiu\/#\/schema\/logo\/image\/"}},{"@type":"Person","@id":"https:\/\/www.lafarga.com\/corporatiu\/#\/schema\/person\/70d96fe17d0da1a9c9e80d232bdbcf33","name":"\u00d2scar Milla","image":{"@type":"ImageObject","inLanguage":"ca","@id":"https:\/\/secure.gravatar.com\/avatar\/92e75d184f9d5e0e403bd4ad075b080ad258344ddc259adddb579f6a3ba6494f?s=96&d=mm&r=g","url":"https:\/\/secure.gravatar.com\/avatar\/92e75d184f9d5e0e403bd4ad075b080ad258344ddc259adddb579f6a3ba6494f?s=96&d=mm&r=g","contentUrl":"https:\/\/secure.gravatar.com\/avatar\/92e75d184f9d5e0e403bd4ad075b080ad258344ddc259adddb579f6a3ba6494f?s=96&d=mm&r=g","caption":"\u00d2scar Milla"},"url":"https:\/\/www.lafarga.com\/corporatiu\/author\/omilla\/"}]}},"uagb_featured_image_src":{"full":["https:\/\/www.lafarga.com\/corporatiu\/wp-content\/uploads\/2020\/06\/Tematics-Televisio-Farga.jpg",730,410,false],"thumbnail":["https:\/\/www.lafarga.com\/corporatiu\/wp-content\/uploads\/2020\/06\/Tematics-Televisio-Farga-150x150.jpg",150,150,true],"medium":["https:\/\/www.lafarga.com\/corporatiu\/wp-content\/uploads\/2020\/06\/Tematics-Televisio-Farga-300x168.jpg",300,168,true],"medium_large":["https:\/\/www.lafarga.com\/corporatiu\/wp-content\/uploads\/2020\/06\/Tematics-Televisio-Farga.jpg",730,410,false],"large":["https:\/\/www.lafarga.com\/corporatiu\/wp-content\/uploads\/2020\/06\/Tematics-Televisio-Farga.jpg",730,410,false],"1536x1536":["https:\/\/www.lafarga.com\/corporatiu\/wp-content\/uploads\/2020\/06\/Tematics-Televisio-Farga.jpg",730,410,false],"2048x2048":["https:\/\/www.lafarga.com\/corporatiu\/wp-content\/uploads\/2020\/06\/Tematics-Televisio-Farga.jpg",730,410,false],"mailpoet_newsletter_max":["https:\/\/www.lafarga.com\/corporatiu\/wp-content\/uploads\/2020\/06\/Tematics-Televisio-Farga.jpg",730,410,false]},"uagb_author_info":{"display_name":"\u00d2scar Milla","author_link":"https:\/\/www.lafarga.com\/corporatiu\/author\/omilla\/"},"uagb_comment_info":0,"uagb_excerpt":"Tornen els programes tem\u00e0tics de Televisi\u00f3 L\u2019Hospitalet. A partir d'aquest dimarts, 2 de juny, esports, entitats, educaci\u00f3, cultura i personatges seran els protagonistes de la franja hor\u00e0ria de les 20 hores.","_links":{"self":[{"href":"https:\/\/www.lafarga.com\/corporatiu\/wp-json\/wp\/v2\/posts\/14619","targetHints":{"allow":["GET"]}}],"collection":[{"href":"https:\/\/www.lafarga.com\/corporatiu\/wp-json\/wp\/v2\/posts"}],"about":[{"href":"https:\/\/www.lafarga.com\/corporatiu\/wp-json\/wp\/v2\/types\/post"}],"author":[{"embeddable":true,"href":"https:\/\/www.lafarga.com\/corporatiu\/wp-json\/wp\/v2\/users\/5"}],"replies":[{"embeddable":true,"href":"https:\/\/www.lafarga.com\/corporatiu\/wp-json\/wp\/v2\/comments?post=14619"}],"version-history":[{"count":2,"href":"https:\/\/www.lafarga.com\/corporatiu\/wp-json\/wp\/v2\/posts\/14619\/revisions"}],"predecessor-version":[{"id":14626,"href":"https:\/\/www.lafarga.com\/corporatiu\/wp-json\/wp\/v2\/posts\/14619\/revisions\/14626"}],"wp:featuredmedia":[{"embeddable":true,"href":"https:\/\/www.lafarga.com\/corporatiu\/wp-json\/wp\/v2\/media\/14620"}],"wp:attachment":[{"href":"https:\/\/www.lafarga.com\/corporatiu\/wp-json\/wp\/v2\/media?parent=14619"}],"wp:term":[{"taxonomy":"category","embeddable":true,"href":"https:\/\/www.lafarga.com\/corporatiu\/wp-json\/wp\/v2\/categories?post=14619"},{"taxonomy":"post_tag","embeddable":true,"href":"https:\/\/www.lafarga.com\/corporatiu\/wp-json\/wp\/v2\/tags?post=14619"}],"curies":[{"name":"wp","href":"https:\/\/api.w.org\/{rel}","templated":true}]}}