{"id":14534,"date":"2020-04-27T18:06:03","date_gmt":"2020-04-27T18:06:03","guid":{"rendered":"http:\/\/www.lafarga.com\/corporatiu\/?p=14534"},"modified":"2020-06-02T10:52:54","modified_gmt":"2020-06-02T10:52:54","slug":"televisio-lhospitalet-repren-activitat","status":"publish","type":"post","link":"https:\/\/www.lafarga.com\/corporatiu\/televisio-lhospitalet-repren-activitat\/","title":{"rendered":"Televisi\u00f3 L&#8217;Hospitalet repr\u00e9n activitat"},"content":{"rendered":"<h5>Televisi\u00f3 L&#8217;Hospitalet recupera L&#8217;Informatiu diari i programes divulgatius<\/h5>\n<p>Els mitjans de comunicaci\u00f3 de L&#8217;Hospitalet s&#8217;han hagut d&#8217;adaptar en les darreres setmanes a l&#8217;estat d&#8217;alarma i al confinament. Si b\u00e9 L&#8217;Hdigital ha continuat informant en tot moment en format multim\u00e8dia, la programaci\u00f3 de Televisi\u00f3 L&#8217;Hospitalet s&#8217;ha basat en la primera etapa en oferir informaci\u00f3 de servei p\u00fablic i v\u00eddeos amb not\u00edcies d&#8217;inter\u00e8s.<\/p>\n<p>A partir de dilluns 27 d&#8217;abril, Televisi\u00f3 L&#8217;Hospitalet recupera la graella de programaci\u00f3, destacant un informatiu diari, amb les not\u00edcies d&#8217;actualitat m\u00e9s importants de la jornada. L&#8217;estrena de l&#8217;espai ser\u00e0 a les 15 hores i l&#8217;Informatiu es reemetr\u00e0 en diferents franges hor\u00e0ries per arribar al m\u00e0xim de p\u00fablic.<\/p>\n<p>La programaci\u00f3 de Televisi\u00f3 L&#8217;Hospitalet tamb\u00e9 inclour\u00e0 programa divulgatius i d&#8217;entreteniment, aix\u00ed com reemissions d&#8217;alguns programes tem\u00e0tics de la casa.<\/p>\n<p>L&#8217;Informatiu, com \u00e9s habitual, es podr\u00e0 consultar tamb\u00e9 a la carta al portal <a href=\"https:\/\/lhdigital.cat\/web\/digital-h\/\" target=\"_blank\" rel=\"noopener noreferrer\"><strong>L&#8217;Hdigital<\/strong><\/a> que continuar\u00e0 oferint tota l&#8217;actualitat de la ciutat.<\/p>\n","protected":false},"excerpt":{"rendered":"<p>Televisi\u00f3 L&#8217;Hospitalet recupera la graella de programaci\u00f3, destacant un informatiu diari, amb les not\u00edcies d&#8217;actualitat m\u00e9s importants de la jornada. L&#8217;estrena de l&#8217;espai ser\u00e0 a les 15 hores i l&#8217;Informatiu es reemetr\u00e0 en diferents franges hor\u00e0ries. <\/p>\n","protected":false},"author":5,"featured_media":3950,"comment_status":"closed","ping_status":"closed","sticky":false,"template":"","format":"standard","meta":{"inline_featured_image":false,"_uag_custom_page_level_css":"","_monsterinsights_skip_tracking":false,"_monsterinsights_sitenote_active":false,"_monsterinsights_sitenote_note":"","_monsterinsights_sitenote_category":0,"site-sidebar-layout":"default","site-content-layout":"","ast-site-content-layout":"default","site-content-style":"default","site-sidebar-style":"default","ast-global-header-display":"","ast-banner-title-visibility":"","ast-main-header-display":"","ast-hfb-above-header-display":"","ast-hfb-below-header-display":"","ast-hfb-mobile-header-display":"","site-post-title":"","ast-breadcrumbs-content":"","ast-featured-img":"","footer-sml-layout":"","ast-disable-related-posts":"","theme-transparent-header-meta":"","adv-header-id-meta":"","stick-header-meta":"","header-above-stick-meta":"","header-main-stick-meta":"","header-below-stick-meta":"","astra-migrate-meta-layouts":"default","ast-page-background-enabled":"default","ast-page-background-meta":{"desktop":{"background-color":"var(--ast-global-color-4)","background-image":"","background-repeat":"repeat","background-position":"center center","background-size":"auto","background-attachment":"scroll","background-type":"","background-media":"","overlay-type":"","overlay-color":"","overlay-opacity":"","overlay-gradient":""},"tablet":{"background-color":"","background-image":"","background-repeat":"repeat","background-position":"center center","background-size":"auto","background-attachment":"scroll","background-type":"","background-media":"","overlay-type":"","overlay-color":"","overlay-opacity":"","overlay-gradient":""},"mobile":{"background-color":"","background-image":"","background-repeat":"repeat","background-position":"center center","background-size":"auto","background-attachment":"scroll","background-type":"","background-media":"","overlay-type":"","overlay-color":"","overlay-opacity":"","overlay-gradient":""}},"ast-content-background-meta":{"desktop":{"background-color":"var(--ast-global-color-5)","background-image":"","background-repeat":"repeat","background-position":"center center","background-size":"auto","background-attachment":"scroll","background-type":"","background-media":"","overlay-type":"","overlay-color":"","overlay-opacity":"","overlay-gradient":""},"tablet":{"background-color":"var(--ast-global-color-5)","background-image":"","background-repeat":"repeat","background-position":"center center","background-size":"auto","background-attachment":"scroll","background-type":"","background-media":"","overlay-type":"","overlay-color":"","overlay-opacity":"","overlay-gradient":""},"mobile":{"background-color":"var(--ast-global-color-5)","background-image":"","background-repeat":"repeat","background-position":"center center","background-size":"auto","background-attachment":"scroll","background-type":"","background-media":"","overlay-type":"","overlay-color":"","overlay-opacity":"","overlay-gradient":""}},"footnotes":""},"categories":[51],"tags":[],"class_list":["post-14534","post","type-post","status-publish","format-standard","has-post-thumbnail","hentry","category-mitjans-comunicacio"],"yoast_head":"<!-- This site is optimized with the Yoast SEO plugin v27.4 - https:\/\/yoast.com\/product\/yoast-seo-wordpress\/ -->\n<title>Televisi\u00f3 L&#039;Hospitalet repr\u00e9n activitat - La Farga Gesti\u00f3n de Equipamientos Municipales, S.A.<\/title>\n<meta name=\"description\" content=\"Televisi\u00f3 L&#039;Hospitalet recupera la graella de programaci\u00f3, destacant un informatiu diari, amb les not\u00edcies d&#039;actualitat m\u00e9s importants de la jornada. L&#039;estrena de l&#039;espai ser\u00e0 a les 15 hores i l&#039;Informatiu es reemetr\u00e0 en diferents franges hor\u00e0ries per arribar al m\u00e0xim de p\u00fablic.\" \/>\n<meta name=\"robots\" content=\"index, follow, max-snippet:-1, max-image-preview:large, max-video-preview:-1\" \/>\n<link rel=\"canonical\" href=\"https:\/\/www.lafarga.com\/corporatiu\/televisio-lhospitalet-repren-activitat\/\" \/>\n<meta property=\"og:locale\" content=\"ca_ES\" \/>\n<meta property=\"og:type\" content=\"article\" \/>\n<meta property=\"og:title\" content=\"Televisi\u00f3 L&#039;Hospitalet repr\u00e9n activitat - La Farga Gesti\u00f3n de Equipamientos Municipales, S.A.\" \/>\n<meta property=\"og:description\" content=\"Televisi\u00f3 L&#039;Hospitalet recupera la graella de programaci\u00f3, destacant un informatiu diari, amb les not\u00edcies d&#039;actualitat m\u00e9s importants de la jornada. L&#039;estrena de l&#039;espai ser\u00e0 a les 15 hores i l&#039;Informatiu es reemetr\u00e0 en diferents franges hor\u00e0ries per arribar al m\u00e0xim de p\u00fablic.\" \/>\n<meta property=\"og:url\" content=\"https:\/\/www.lafarga.com\/corporatiu\/televisio-lhospitalet-repren-activitat\/\" \/>\n<meta property=\"og:site_name\" content=\"La Farga Gesti\u00f3n de Equipamientos Municipales, S.A.\" \/>\n<meta property=\"article:published_time\" content=\"2020-04-27T18:06:03+00:00\" \/>\n<meta property=\"article:modified_time\" content=\"2020-06-02T10:52:54+00:00\" \/>\n<meta property=\"og:image\" content=\"https:\/\/www.lafarga.com\/corporatiu\/wp-content\/uploads\/2015\/02\/edifici-mitjans-farga.jpg\" \/>\n\t<meta property=\"og:image:width\" content=\"730\" \/>\n\t<meta property=\"og:image:height\" content=\"410\" \/>\n\t<meta property=\"og:image:type\" content=\"image\/jpeg\" \/>\n<meta name=\"author\" content=\"\u00d2scar Milla\" \/>\n<meta name=\"twitter:label1\" content=\"Escrit per\" \/>\n\t<meta name=\"twitter:data1\" content=\"\u00d2scar Milla\" \/>\n\t<meta name=\"twitter:label2\" content=\"Temps estimat de lectura\" \/>\n\t<meta name=\"twitter:data2\" content=\"1 minut\" \/>\n<script type=\"application\/ld+json\" class=\"yoast-schema-graph\">{\"@context\":\"https:\\\/\\\/schema.org\",\"@graph\":[{\"@type\":\"Article\",\"@id\":\"https:\\\/\\\/www.lafarga.com\\\/corporatiu\\\/televisio-lhospitalet-repren-activitat\\\/#article\",\"isPartOf\":{\"@id\":\"https:\\\/\\\/www.lafarga.com\\\/corporatiu\\\/televisio-lhospitalet-repren-activitat\\\/\"},\"author\":{\"name\":\"\u00d2scar Milla\",\"@id\":\"https:\\\/\\\/www.lafarga.com\\\/corporatiu\\\/#\\\/schema\\\/person\\\/70d96fe17d0da1a9c9e80d232bdbcf33\"},\"headline\":\"Televisi\u00f3 L&#8217;Hospitalet repr\u00e9n activitat\",\"datePublished\":\"2020-04-27T18:06:03+00:00\",\"dateModified\":\"2020-06-02T10:52:54+00:00\",\"mainEntityOfPage\":{\"@id\":\"https:\\\/\\\/www.lafarga.com\\\/corporatiu\\\/televisio-lhospitalet-repren-activitat\\\/\"},\"wordCount\":189,\"publisher\":{\"@id\":\"https:\\\/\\\/www.lafarga.com\\\/corporatiu\\\/#organization\"},\"image\":{\"@id\":\"https:\\\/\\\/www.lafarga.com\\\/corporatiu\\\/televisio-lhospitalet-repren-activitat\\\/#primaryimage\"},\"thumbnailUrl\":\"https:\\\/\\\/www.lafarga.com\\\/corporatiu\\\/wp-content\\\/uploads\\\/2015\\\/02\\\/edifici-mitjans-farga.jpg\",\"articleSection\":[\"Mitjans de Comunicaci\u00f3\"],\"inLanguage\":\"ca\"},{\"@type\":\"WebPage\",\"@id\":\"https:\\\/\\\/www.lafarga.com\\\/corporatiu\\\/televisio-lhospitalet-repren-activitat\\\/\",\"url\":\"https:\\\/\\\/www.lafarga.com\\\/corporatiu\\\/televisio-lhospitalet-repren-activitat\\\/\",\"name\":\"Televisi\u00f3 L'Hospitalet repr\u00e9n activitat - La Farga Gesti\u00f3n de Equipamientos Municipales, S.A.\",\"isPartOf\":{\"@id\":\"https:\\\/\\\/www.lafarga.com\\\/corporatiu\\\/#website\"},\"primaryImageOfPage\":{\"@id\":\"https:\\\/\\\/www.lafarga.com\\\/corporatiu\\\/televisio-lhospitalet-repren-activitat\\\/#primaryimage\"},\"image\":{\"@id\":\"https:\\\/\\\/www.lafarga.com\\\/corporatiu\\\/televisio-lhospitalet-repren-activitat\\\/#primaryimage\"},\"thumbnailUrl\":\"https:\\\/\\\/www.lafarga.com\\\/corporatiu\\\/wp-content\\\/uploads\\\/2015\\\/02\\\/edifici-mitjans-farga.jpg\",\"datePublished\":\"2020-04-27T18:06:03+00:00\",\"dateModified\":\"2020-06-02T10:52:54+00:00\",\"description\":\"Televisi\u00f3 L'Hospitalet recupera la graella de programaci\u00f3, destacant un informatiu diari, amb les not\u00edcies d'actualitat m\u00e9s importants de la jornada. L'estrena de l'espai ser\u00e0 a les 15 hores i l'Informatiu es reemetr\u00e0 en diferents franges hor\u00e0ries per arribar al m\u00e0xim de p\u00fablic.\",\"breadcrumb\":{\"@id\":\"https:\\\/\\\/www.lafarga.com\\\/corporatiu\\\/televisio-lhospitalet-repren-activitat\\\/#breadcrumb\"},\"inLanguage\":\"ca\",\"potentialAction\":[{\"@type\":\"ReadAction\",\"target\":[\"https:\\\/\\\/www.lafarga.com\\\/corporatiu\\\/televisio-lhospitalet-repren-activitat\\\/\"]}]},{\"@type\":\"ImageObject\",\"inLanguage\":\"ca\",\"@id\":\"https:\\\/\\\/www.lafarga.com\\\/corporatiu\\\/televisio-lhospitalet-repren-activitat\\\/#primaryimage\",\"url\":\"https:\\\/\\\/www.lafarga.com\\\/corporatiu\\\/wp-content\\\/uploads\\\/2015\\\/02\\\/edifici-mitjans-farga.jpg\",\"contentUrl\":\"https:\\\/\\\/www.lafarga.com\\\/corporatiu\\\/wp-content\\\/uploads\\\/2015\\\/02\\\/edifici-mitjans-farga.jpg\",\"width\":730,\"height\":410},{\"@type\":\"BreadcrumbList\",\"@id\":\"https:\\\/\\\/www.lafarga.com\\\/corporatiu\\\/televisio-lhospitalet-repren-activitat\\\/#breadcrumb\",\"itemListElement\":[{\"@type\":\"ListItem\",\"position\":1,\"name\":\"Home\",\"item\":\"https:\\\/\\\/www.lafarga.com\\\/corporatiu\\\/lafarga-hospitalet-llobregat\\\/\"},{\"@type\":\"ListItem\",\"position\":2,\"name\":\"Televisi\u00f3 L&#8217;Hospitalet repr\u00e9n activitat\"}]},{\"@type\":\"WebSite\",\"@id\":\"https:\\\/\\\/www.lafarga.com\\\/corporatiu\\\/#website\",\"url\":\"https:\\\/\\\/www.lafarga.com\\\/corporatiu\\\/\",\"name\":\"La Farga Gesti\u00f3 d&#039;Equipaments Municipals, SA\",\"description\":\"\",\"publisher\":{\"@id\":\"https:\\\/\\\/www.lafarga.com\\\/corporatiu\\\/#organization\"},\"potentialAction\":[{\"@type\":\"SearchAction\",\"target\":{\"@type\":\"EntryPoint\",\"urlTemplate\":\"https:\\\/\\\/www.lafarga.com\\\/corporatiu\\\/?s={search_term_string}\"},\"query-input\":{\"@type\":\"PropertyValueSpecification\",\"valueRequired\":true,\"valueName\":\"search_term_string\"}}],\"inLanguage\":\"ca\"},{\"@type\":\"Organization\",\"@id\":\"https:\\\/\\\/www.lafarga.com\\\/corporatiu\\\/#organization\",\"name\":\"La Farga Gesti\u00f3 d&#039;Equipaments Municipals, SA\",\"url\":\"https:\\\/\\\/www.lafarga.com\\\/corporatiu\\\/\",\"logo\":{\"@type\":\"ImageObject\",\"inLanguage\":\"ca\",\"@id\":\"https:\\\/\\\/www.lafarga.com\\\/corporatiu\\\/#\\\/schema\\\/logo\\\/image\\\/\",\"url\":\"https:\\\/\\\/www.lafarga.com\\\/corporatiu\\\/wp-content\\\/uploads\\\/2023\\\/11\\\/logotipo_lafarga_gemsa.svg\",\"contentUrl\":\"https:\\\/\\\/www.lafarga.com\\\/corporatiu\\\/wp-content\\\/uploads\\\/2023\\\/11\\\/logotipo_lafarga_gemsa.svg\",\"width\":102,\"height\":103,\"caption\":\"La Farga Gesti\u00f3 d&#039;Equipaments Municipals, SA\"},\"image\":{\"@id\":\"https:\\\/\\\/www.lafarga.com\\\/corporatiu\\\/#\\\/schema\\\/logo\\\/image\\\/\"}},{\"@type\":\"Person\",\"@id\":\"https:\\\/\\\/www.lafarga.com\\\/corporatiu\\\/#\\\/schema\\\/person\\\/70d96fe17d0da1a9c9e80d232bdbcf33\",\"name\":\"\u00d2scar Milla\",\"image\":{\"@type\":\"ImageObject\",\"inLanguage\":\"ca\",\"@id\":\"https:\\\/\\\/secure.gravatar.com\\\/avatar\\\/92e75d184f9d5e0e403bd4ad075b080ad258344ddc259adddb579f6a3ba6494f?s=96&d=mm&r=g\",\"url\":\"https:\\\/\\\/secure.gravatar.com\\\/avatar\\\/92e75d184f9d5e0e403bd4ad075b080ad258344ddc259adddb579f6a3ba6494f?s=96&d=mm&r=g\",\"contentUrl\":\"https:\\\/\\\/secure.gravatar.com\\\/avatar\\\/92e75d184f9d5e0e403bd4ad075b080ad258344ddc259adddb579f6a3ba6494f?s=96&d=mm&r=g\",\"caption\":\"\u00d2scar Milla\"},\"url\":\"https:\\\/\\\/www.lafarga.com\\\/corporatiu\\\/author\\\/omilla\\\/\"}]}<\/script>\n<!-- \/ Yoast SEO plugin. -->","yoast_head_json":{"title":"Televisi\u00f3 L'Hospitalet repr\u00e9n activitat - La Farga Gesti\u00f3n de Equipamientos Municipales, S.A.","description":"Televisi\u00f3 L'Hospitalet recupera la graella de programaci\u00f3, destacant un informatiu diari, amb les not\u00edcies d'actualitat m\u00e9s importants de la jornada. L'estrena de l'espai ser\u00e0 a les 15 hores i l'Informatiu es reemetr\u00e0 en diferents franges hor\u00e0ries per arribar al m\u00e0xim de p\u00fablic.","robots":{"index":"index","follow":"follow","max-snippet":"max-snippet:-1","max-image-preview":"max-image-preview:large","max-video-preview":"max-video-preview:-1"},"canonical":"https:\/\/www.lafarga.com\/corporatiu\/televisio-lhospitalet-repren-activitat\/","og_locale":"ca_ES","og_type":"article","og_title":"Televisi\u00f3 L'Hospitalet repr\u00e9n activitat - La Farga Gesti\u00f3n de Equipamientos Municipales, S.A.","og_description":"Televisi\u00f3 L'Hospitalet recupera la graella de programaci\u00f3, destacant un informatiu diari, amb les not\u00edcies d'actualitat m\u00e9s importants de la jornada. L'estrena de l'espai ser\u00e0 a les 15 hores i l'Informatiu es reemetr\u00e0 en diferents franges hor\u00e0ries per arribar al m\u00e0xim de p\u00fablic.","og_url":"https:\/\/www.lafarga.com\/corporatiu\/televisio-lhospitalet-repren-activitat\/","og_site_name":"La Farga Gesti\u00f3n de Equipamientos Municipales, S.A.","article_published_time":"2020-04-27T18:06:03+00:00","article_modified_time":"2020-06-02T10:52:54+00:00","og_image":[{"width":730,"height":410,"url":"https:\/\/www.lafarga.com\/corporatiu\/wp-content\/uploads\/2015\/02\/edifici-mitjans-farga.jpg","type":"image\/jpeg"}],"author":"\u00d2scar Milla","twitter_misc":{"Escrit per":"\u00d2scar Milla","Temps estimat de lectura":"1 minut"},"schema":{"@context":"https:\/\/schema.org","@graph":[{"@type":"Article","@id":"https:\/\/www.lafarga.com\/corporatiu\/televisio-lhospitalet-repren-activitat\/#article","isPartOf":{"@id":"https:\/\/www.lafarga.com\/corporatiu\/televisio-lhospitalet-repren-activitat\/"},"author":{"name":"\u00d2scar Milla","@id":"https:\/\/www.lafarga.com\/corporatiu\/#\/schema\/person\/70d96fe17d0da1a9c9e80d232bdbcf33"},"headline":"Televisi\u00f3 L&#8217;Hospitalet repr\u00e9n activitat","datePublished":"2020-04-27T18:06:03+00:00","dateModified":"2020-06-02T10:52:54+00:00","mainEntityOfPage":{"@id":"https:\/\/www.lafarga.com\/corporatiu\/televisio-lhospitalet-repren-activitat\/"},"wordCount":189,"publisher":{"@id":"https:\/\/www.lafarga.com\/corporatiu\/#organization"},"image":{"@id":"https:\/\/www.lafarga.com\/corporatiu\/televisio-lhospitalet-repren-activitat\/#primaryimage"},"thumbnailUrl":"https:\/\/www.lafarga.com\/corporatiu\/wp-content\/uploads\/2015\/02\/edifici-mitjans-farga.jpg","articleSection":["Mitjans de Comunicaci\u00f3"],"inLanguage":"ca"},{"@type":"WebPage","@id":"https:\/\/www.lafarga.com\/corporatiu\/televisio-lhospitalet-repren-activitat\/","url":"https:\/\/www.lafarga.com\/corporatiu\/televisio-lhospitalet-repren-activitat\/","name":"Televisi\u00f3 L'Hospitalet repr\u00e9n activitat - La Farga Gesti\u00f3n de Equipamientos Municipales, S.A.","isPartOf":{"@id":"https:\/\/www.lafarga.com\/corporatiu\/#website"},"primaryImageOfPage":{"@id":"https:\/\/www.lafarga.com\/corporatiu\/televisio-lhospitalet-repren-activitat\/#primaryimage"},"image":{"@id":"https:\/\/www.lafarga.com\/corporatiu\/televisio-lhospitalet-repren-activitat\/#primaryimage"},"thumbnailUrl":"https:\/\/www.lafarga.com\/corporatiu\/wp-content\/uploads\/2015\/02\/edifici-mitjans-farga.jpg","datePublished":"2020-04-27T18:06:03+00:00","dateModified":"2020-06-02T10:52:54+00:00","description":"Televisi\u00f3 L'Hospitalet recupera la graella de programaci\u00f3, destacant un informatiu diari, amb les not\u00edcies d'actualitat m\u00e9s importants de la jornada. L'estrena de l'espai ser\u00e0 a les 15 hores i l'Informatiu es reemetr\u00e0 en diferents franges hor\u00e0ries per arribar al m\u00e0xim de p\u00fablic.","breadcrumb":{"@id":"https:\/\/www.lafarga.com\/corporatiu\/televisio-lhospitalet-repren-activitat\/#breadcrumb"},"inLanguage":"ca","potentialAction":[{"@type":"ReadAction","target":["https:\/\/www.lafarga.com\/corporatiu\/televisio-lhospitalet-repren-activitat\/"]}]},{"@type":"ImageObject","inLanguage":"ca","@id":"https:\/\/www.lafarga.com\/corporatiu\/televisio-lhospitalet-repren-activitat\/#primaryimage","url":"https:\/\/www.lafarga.com\/corporatiu\/wp-content\/uploads\/2015\/02\/edifici-mitjans-farga.jpg","contentUrl":"https:\/\/www.lafarga.com\/corporatiu\/wp-content\/uploads\/2015\/02\/edifici-mitjans-farga.jpg","width":730,"height":410},{"@type":"BreadcrumbList","@id":"https:\/\/www.lafarga.com\/corporatiu\/televisio-lhospitalet-repren-activitat\/#breadcrumb","itemListElement":[{"@type":"ListItem","position":1,"name":"Home","item":"https:\/\/www.lafarga.com\/corporatiu\/lafarga-hospitalet-llobregat\/"},{"@type":"ListItem","position":2,"name":"Televisi\u00f3 L&#8217;Hospitalet repr\u00e9n activitat"}]},{"@type":"WebSite","@id":"https:\/\/www.lafarga.com\/corporatiu\/#website","url":"https:\/\/www.lafarga.com\/corporatiu\/","name":"La Farga Gesti\u00f3 d&#039;Equipaments Municipals, SA","description":"","publisher":{"@id":"https:\/\/www.lafarga.com\/corporatiu\/#organization"},"potentialAction":[{"@type":"SearchAction","target":{"@type":"EntryPoint","urlTemplate":"https:\/\/www.lafarga.com\/corporatiu\/?s={search_term_string}"},"query-input":{"@type":"PropertyValueSpecification","valueRequired":true,"valueName":"search_term_string"}}],"inLanguage":"ca"},{"@type":"Organization","@id":"https:\/\/www.lafarga.com\/corporatiu\/#organization","name":"La Farga Gesti\u00f3 d&#039;Equipaments Municipals, SA","url":"https:\/\/www.lafarga.com\/corporatiu\/","logo":{"@type":"ImageObject","inLanguage":"ca","@id":"https:\/\/www.lafarga.com\/corporatiu\/#\/schema\/logo\/image\/","url":"https:\/\/www.lafarga.com\/corporatiu\/wp-content\/uploads\/2023\/11\/logotipo_lafarga_gemsa.svg","contentUrl":"https:\/\/www.lafarga.com\/corporatiu\/wp-content\/uploads\/2023\/11\/logotipo_lafarga_gemsa.svg","width":102,"height":103,"caption":"La Farga Gesti\u00f3 d&#039;Equipaments Municipals, SA"},"image":{"@id":"https:\/\/www.lafarga.com\/corporatiu\/#\/schema\/logo\/image\/"}},{"@type":"Person","@id":"https:\/\/www.lafarga.com\/corporatiu\/#\/schema\/person\/70d96fe17d0da1a9c9e80d232bdbcf33","name":"\u00d2scar Milla","image":{"@type":"ImageObject","inLanguage":"ca","@id":"https:\/\/secure.gravatar.com\/avatar\/92e75d184f9d5e0e403bd4ad075b080ad258344ddc259adddb579f6a3ba6494f?s=96&d=mm&r=g","url":"https:\/\/secure.gravatar.com\/avatar\/92e75d184f9d5e0e403bd4ad075b080ad258344ddc259adddb579f6a3ba6494f?s=96&d=mm&r=g","contentUrl":"https:\/\/secure.gravatar.com\/avatar\/92e75d184f9d5e0e403bd4ad075b080ad258344ddc259adddb579f6a3ba6494f?s=96&d=mm&r=g","caption":"\u00d2scar Milla"},"url":"https:\/\/www.lafarga.com\/corporatiu\/author\/omilla\/"}]}},"uagb_featured_image_src":{"full":["https:\/\/www.lafarga.com\/corporatiu\/wp-content\/uploads\/2015\/02\/edifici-mitjans-farga.jpg",730,410,false],"thumbnail":["https:\/\/www.lafarga.com\/corporatiu\/wp-content\/uploads\/2015\/02\/edifici-mitjans-farga-150x150.jpg",150,150,true],"medium":["https:\/\/www.lafarga.com\/corporatiu\/wp-content\/uploads\/2015\/02\/edifici-mitjans-farga-300x168.jpg",300,168,true],"medium_large":["https:\/\/www.lafarga.com\/corporatiu\/wp-content\/uploads\/2015\/02\/edifici-mitjans-farga.jpg",730,410,false],"large":["https:\/\/www.lafarga.com\/corporatiu\/wp-content\/uploads\/2015\/02\/edifici-mitjans-farga.jpg",730,410,false],"1536x1536":["https:\/\/www.lafarga.com\/corporatiu\/wp-content\/uploads\/2015\/02\/edifici-mitjans-farga.jpg",730,410,false],"2048x2048":["https:\/\/www.lafarga.com\/corporatiu\/wp-content\/uploads\/2015\/02\/edifici-mitjans-farga.jpg",730,410,false],"mailpoet_newsletter_max":["https:\/\/www.lafarga.com\/corporatiu\/wp-content\/uploads\/2015\/02\/edifici-mitjans-farga.jpg",730,410,false]},"uagb_author_info":{"display_name":"\u00d2scar Milla","author_link":"https:\/\/www.lafarga.com\/corporatiu\/author\/omilla\/"},"uagb_comment_info":0,"uagb_excerpt":"Televisi\u00f3 L'Hospitalet recupera la graella de programaci\u00f3, destacant un informatiu diari, amb les not\u00edcies d'actualitat m\u00e9s importants de la jornada. L'estrena de l'espai ser\u00e0 a les 15 hores i l'Informatiu es reemetr\u00e0 en diferents franges hor\u00e0ries.","_links":{"self":[{"href":"https:\/\/www.lafarga.com\/corporatiu\/wp-json\/wp\/v2\/posts\/14534","targetHints":{"allow":["GET"]}}],"collection":[{"href":"https:\/\/www.lafarga.com\/corporatiu\/wp-json\/wp\/v2\/posts"}],"about":[{"href":"https:\/\/www.lafarga.com\/corporatiu\/wp-json\/wp\/v2\/types\/post"}],"author":[{"embeddable":true,"href":"https:\/\/www.lafarga.com\/corporatiu\/wp-json\/wp\/v2\/users\/5"}],"replies":[{"embeddable":true,"href":"https:\/\/www.lafarga.com\/corporatiu\/wp-json\/wp\/v2\/comments?post=14534"}],"version-history":[{"count":3,"href":"https:\/\/www.lafarga.com\/corporatiu\/wp-json\/wp\/v2\/posts\/14534\/revisions"}],"predecessor-version":[{"id":14633,"href":"https:\/\/www.lafarga.com\/corporatiu\/wp-json\/wp\/v2\/posts\/14534\/revisions\/14633"}],"wp:featuredmedia":[{"embeddable":true,"href":"https:\/\/www.lafarga.com\/corporatiu\/wp-json\/wp\/v2\/media\/3950"}],"wp:attachment":[{"href":"https:\/\/www.lafarga.com\/corporatiu\/wp-json\/wp\/v2\/media?parent=14534"}],"wp:term":[{"taxonomy":"category","embeddable":true,"href":"https:\/\/www.lafarga.com\/corporatiu\/wp-json\/wp\/v2\/categories?post=14534"},{"taxonomy":"post_tag","embeddable":true,"href":"https:\/\/www.lafarga.com\/corporatiu\/wp-json\/wp\/v2\/tags?post=14534"}],"curies":[{"name":"wp","href":"https:\/\/api.w.org\/{rel}","templated":true}]}}