{"id":14468,"date":"2020-03-13T14:43:21","date_gmt":"2020-03-13T14:43:21","guid":{"rendered":"http:\/\/www.lafarga.com\/corporatiu\/?p=14468"},"modified":"2020-03-13T15:12:33","modified_gmt":"2020-03-13T15:12:33","slug":"trabajando-para-volver-fuerza","status":"publish","type":"post","link":"https:\/\/www.lafarga.com\/corporatiu\/trabajando-para-volver-fuerza\/","title":{"rendered":"Trabajando para volver con m\u00e1s fuerza"},"content":{"rendered":"\n<h5 class=\"wp-block-heading\">Medidas excepcionales<\/h5>\n\n\n\n<p>Los tres salones suspendidos por las afectaciones de la situaci\u00f3n sanitaria producida por Covid-19, Barcelona Beer Festival, RetroMotor y Expoterraria, ya est\u00e1n trabajando con La Farga Centro de Actividades, para cerrar nuevas fechas y poder celebrar estos eventos.<\/p>\n\n\n\n<p>La Farga de L\u2019Hospitalet esta gestionando su calendario anual para posibilitar la celebraci\u00f3n de estos salones que no s\u00f3lo son importantes para la ciudad de L\u2019Hospitalet sino para su incidencia en los sectores econ\u00f3micos que representan.<\/p>\n\n\n\n<h5 class=\"wp-block-heading\">Salones aplazados<\/h5>\n\n\n\n<p><a href=\"https:\/\/barcelonabeerfestival.com\/es\/inicio\/\" target=\"_blank\" rel=\"noreferrer noopener\"><strong>Barcelona Beer Festival<\/strong><\/a>, que esta semana ya ten\u00eda pr\u00e1cticamente montado el sal\u00f3n y que deb\u00eda celebrarse este fin de semana, ha anunciado que comienza a trabajar en la posibilidad de una nueva fecha en los pr\u00f3ximos meses. La direcci\u00f3n del festival tambi\u00e9n ha iniciado la gesti\u00f3n de las peticiones de devoluci\u00f3n de las entradas. Barcelona Beer Festival agradece todas las muestras de apoyo y comprensi\u00f3n que les est\u00e1n haciendo llegar.<\/p>\n\n\n\n<p><a href=\"https:\/\/www.eventosmotor.com\/eventos\/2020\/retromotor-barcelona-2\/\" target=\"_blank\" rel=\"noreferrer noopener\"><strong>RetroMotor<\/strong><\/a>, que deb\u00eda celebrarse los d\u00edas 27, 28 y 29 de marzo, es el segundo sal\u00f3n que nos ha anunciado la decisi\u00f3n de aplazar el evento. El sal\u00f3n del coche y la moto de \u00e9poca ya mira de hacer el certamen en los pr\u00f3ximos meses. Esta decisi\u00f3n, seg\u00fan la organizaci\u00f3n, se fundamenta m\u00e1s en el compromiso con las empresas y participantes que han confiado en Retromotor Barcelona como plataforma comercial, asumiendo que el escenario restrictivo actual puede perjudicar el nivel de calidad, variedad y diversidad de la oferta expuesta, as\u00ed como el retorno generado por esta participaci\u00f3n y el posible impacto en la imagen y percepci\u00f3n de la misma entre su p\u00fablico objetivo. Eventos del Motor, empresa organizadora, informar\u00e1 puntualmente de cualquier novedad en sus canales de informaci\u00f3n.<\/p>\n\n\n\n<p><a rel=\"noreferrer noopener\" href=\"https:\/\/expoterraria.es\/\" target=\"_blank\"><strong>Expoterraria<\/strong><\/a>\u00a0tambi\u00e9n ha sido aplazado por las mismas causas, y la organizaci\u00f3n, Liderexpo S.L., ya trabaja con La Farga para poder ofrecer una nueva fecha de celebraci\u00f3n.<\/p>\n\n\n\n<p>El resto de actividades previstas en el&nbsp;<a href=\"http:\/\/www.lafargalhospitalet.com\/agenda-cas\/\" target=\"_blank\" rel=\"noreferrer noopener\"><strong>calendario<\/strong><\/a>&nbsp;de este primer semestre est\u00e1n trabajando posibles escenarios seg\u00fan evoluci\u00f3n de las circunstancias excepcionales en las que nos encontramos.<\/p>\n\n\n\n<p>Tambi\u00e9n se ha suspendido, en este caso, los ex\u00e1menes que realiza el Departamento de Territorio, destinados al sector del transporte, y que se iban a celebrar el pr\u00f3ximo d\u00eda 20, y las clases de patinaje de la Escuela de Patinaje Inline.<\/p>\n","protected":false},"excerpt":{"rendered":"<p>Los tres salones suspendidos por las afectaciones de la situaci\u00f3n sanitaria producida por Covid-19, Barcelona Beer Festival, RetroMotor y Expoterraria, ya est\u00e1n trabajando con La Farga Centro de Actividades, para cerrar nuevas fechas y poder celebrar estos eventos.<\/p>\n","protected":false},"author":5,"featured_media":6869,"comment_status":"closed","ping_status":"closed","sticky":false,"template":"","format":"standard","meta":{"inline_featured_image":false,"_uag_custom_page_level_css":"","_monsterinsights_skip_tracking":false,"_monsterinsights_sitenote_active":false,"_monsterinsights_sitenote_note":"","_monsterinsights_sitenote_category":0,"site-sidebar-layout":"default","site-content-layout":"","ast-site-content-layout":"default","site-content-style":"default","site-sidebar-style":"default","ast-global-header-display":"","ast-banner-title-visibility":"","ast-main-header-display":"","ast-hfb-above-header-display":"","ast-hfb-below-header-display":"","ast-hfb-mobile-header-display":"","site-post-title":"","ast-breadcrumbs-content":"","ast-featured-img":"","footer-sml-layout":"","ast-disable-related-posts":"","theme-transparent-header-meta":"","adv-header-id-meta":"","stick-header-meta":"","header-above-stick-meta":"","header-main-stick-meta":"","header-below-stick-meta":"","astra-migrate-meta-layouts":"default","ast-page-background-enabled":"default","ast-page-background-meta":{"desktop":{"background-color":"var(--ast-global-color-4)","background-image":"","background-repeat":"repeat","background-position":"center center","background-size":"auto","background-attachment":"scroll","background-type":"","background-media":"","overlay-type":"","overlay-color":"","overlay-opacity":"","overlay-gradient":""},"tablet":{"background-color":"","background-image":"","background-repeat":"repeat","background-position":"center center","background-size":"auto","background-attachment":"scroll","background-type":"","background-media":"","overlay-type":"","overlay-color":"","overlay-opacity":"","overlay-gradient":""},"mobile":{"background-color":"","background-image":"","background-repeat":"repeat","background-position":"center center","background-size":"auto","background-attachment":"scroll","background-type":"","background-media":"","overlay-type":"","overlay-color":"","overlay-opacity":"","overlay-gradient":""}},"ast-content-background-meta":{"desktop":{"background-color":"var(--ast-global-color-5)","background-image":"","background-repeat":"repeat","background-position":"center center","background-size":"auto","background-attachment":"scroll","background-type":"","background-media":"","overlay-type":"","overlay-color":"","overlay-opacity":"","overlay-gradient":""},"tablet":{"background-color":"var(--ast-global-color-5)","background-image":"","background-repeat":"repeat","background-position":"center center","background-size":"auto","background-attachment":"scroll","background-type":"","background-media":"","overlay-type":"","overlay-color":"","overlay-opacity":"","overlay-gradient":""},"mobile":{"background-color":"var(--ast-global-color-5)","background-image":"","background-repeat":"repeat","background-position":"center center","background-size":"auto","background-attachment":"scroll","background-type":"","background-media":"","overlay-type":"","overlay-color":"","overlay-opacity":"","overlay-gradient":""}},"footnotes":""},"categories":[73],"tags":[],"class_list":["post-14468","post","type-post","status-publish","format-standard","has-post-thumbnail","hentry","category-centro-de-actividades"],"yoast_head":"<!-- This site is optimized with the Yoast SEO plugin v27.5 - https:\/\/yoast.com\/product\/yoast-seo-wordpress\/ -->\n<title>Trabajando para volver con m\u00e1s fuerza - La Farga Gesti\u00f3n de Equipamientos Municipales, S.A.<\/title>\n<meta name=\"description\" content=\"Los tres salones suspendidos, Barcelona Beer Festival, RetroMotor y Expoterraria, ya est\u00e1n trabajando con La Farga, para cerrar nuevas fechas.\" \/>\n<meta name=\"robots\" content=\"index, follow, max-snippet:-1, max-image-preview:large, max-video-preview:-1\" \/>\n<link rel=\"canonical\" href=\"https:\/\/www.lafarga.com\/corporatiu\/trabajando-para-volver-fuerza\/\" \/>\n<meta property=\"og:locale\" content=\"ca_ES\" \/>\n<meta property=\"og:type\" content=\"article\" \/>\n<meta property=\"og:title\" content=\"Trabajando para volver con m\u00e1s fuerza - La Farga Gesti\u00f3n de Equipamientos Municipales, S.A.\" \/>\n<meta property=\"og:description\" content=\"Los tres salones suspendidos, Barcelona Beer Festival, RetroMotor y Expoterraria, ya est\u00e1n trabajando con La Farga, para cerrar nuevas fechas.\" \/>\n<meta property=\"og:url\" content=\"https:\/\/www.lafarga.com\/corporatiu\/trabajando-para-volver-fuerza\/\" \/>\n<meta property=\"og:site_name\" content=\"La Farga Gesti\u00f3n de Equipamientos Municipales, S.A.\" \/>\n<meta property=\"article:published_time\" content=\"2020-03-13T14:43:21+00:00\" \/>\n<meta property=\"article:modified_time\" content=\"2020-03-13T15:12:33+00:00\" \/>\n<meta property=\"og:image\" content=\"https:\/\/www.lafarga.com\/corporatiu\/wp-content\/uploads\/2016\/03\/edifici-farga-activitats.jpg\" \/>\n\t<meta property=\"og:image:width\" content=\"730\" \/>\n\t<meta property=\"og:image:height\" content=\"410\" \/>\n\t<meta property=\"og:image:type\" content=\"image\/jpeg\" \/>\n<meta name=\"author\" content=\"\u00d2scar Milla\" \/>\n<meta name=\"twitter:label1\" content=\"Escrit per\" \/>\n\t<meta name=\"twitter:data1\" content=\"\u00d2scar Milla\" \/>\n\t<meta name=\"twitter:label2\" content=\"Temps estimat de lectura\" \/>\n\t<meta name=\"twitter:data2\" content=\"2 minuts\" \/>\n<script type=\"application\/ld+json\" class=\"yoast-schema-graph\">{\"@context\":\"https:\\\/\\\/schema.org\",\"@graph\":[{\"@type\":\"Article\",\"@id\":\"https:\\\/\\\/www.lafarga.com\\\/corporatiu\\\/trabajando-para-volver-fuerza\\\/#article\",\"isPartOf\":{\"@id\":\"https:\\\/\\\/www.lafarga.com\\\/corporatiu\\\/trabajando-para-volver-fuerza\\\/\"},\"author\":{\"name\":\"\u00d2scar Milla\",\"@id\":\"https:\\\/\\\/www.lafarga.com\\\/corporatiu\\\/#\\\/schema\\\/person\\\/70d96fe17d0da1a9c9e80d232bdbcf33\"},\"headline\":\"Trabajando para volver con m\u00e1s fuerza\",\"datePublished\":\"2020-03-13T14:43:21+00:00\",\"dateModified\":\"2020-03-13T15:12:33+00:00\",\"mainEntityOfPage\":{\"@id\":\"https:\\\/\\\/www.lafarga.com\\\/corporatiu\\\/trabajando-para-volver-fuerza\\\/\"},\"wordCount\":419,\"publisher\":{\"@id\":\"https:\\\/\\\/www.lafarga.com\\\/corporatiu\\\/#organization\"},\"image\":{\"@id\":\"https:\\\/\\\/www.lafarga.com\\\/corporatiu\\\/trabajando-para-volver-fuerza\\\/#primaryimage\"},\"thumbnailUrl\":\"https:\\\/\\\/www.lafarga.com\\\/corporatiu\\\/wp-content\\\/uploads\\\/2016\\\/03\\\/edifici-farga-activitats.jpg\",\"articleSection\":[\"Centro de Actividades\"],\"inLanguage\":\"ca\"},{\"@type\":\"WebPage\",\"@id\":\"https:\\\/\\\/www.lafarga.com\\\/corporatiu\\\/trabajando-para-volver-fuerza\\\/\",\"url\":\"https:\\\/\\\/www.lafarga.com\\\/corporatiu\\\/trabajando-para-volver-fuerza\\\/\",\"name\":\"Trabajando para volver con m\u00e1s fuerza - La Farga Gesti\u00f3n de Equipamientos Municipales, S.A.\",\"isPartOf\":{\"@id\":\"https:\\\/\\\/www.lafarga.com\\\/corporatiu\\\/#website\"},\"primaryImageOfPage\":{\"@id\":\"https:\\\/\\\/www.lafarga.com\\\/corporatiu\\\/trabajando-para-volver-fuerza\\\/#primaryimage\"},\"image\":{\"@id\":\"https:\\\/\\\/www.lafarga.com\\\/corporatiu\\\/trabajando-para-volver-fuerza\\\/#primaryimage\"},\"thumbnailUrl\":\"https:\\\/\\\/www.lafarga.com\\\/corporatiu\\\/wp-content\\\/uploads\\\/2016\\\/03\\\/edifici-farga-activitats.jpg\",\"datePublished\":\"2020-03-13T14:43:21+00:00\",\"dateModified\":\"2020-03-13T15:12:33+00:00\",\"description\":\"Los tres salones suspendidos, Barcelona Beer Festival, RetroMotor y Expoterraria, ya est\u00e1n trabajando con La Farga, para cerrar nuevas fechas.\",\"breadcrumb\":{\"@id\":\"https:\\\/\\\/www.lafarga.com\\\/corporatiu\\\/trabajando-para-volver-fuerza\\\/#breadcrumb\"},\"inLanguage\":\"ca\",\"potentialAction\":[{\"@type\":\"ReadAction\",\"target\":[\"https:\\\/\\\/www.lafarga.com\\\/corporatiu\\\/trabajando-para-volver-fuerza\\\/\"]}]},{\"@type\":\"ImageObject\",\"inLanguage\":\"ca\",\"@id\":\"https:\\\/\\\/www.lafarga.com\\\/corporatiu\\\/trabajando-para-volver-fuerza\\\/#primaryimage\",\"url\":\"https:\\\/\\\/www.lafarga.com\\\/corporatiu\\\/wp-content\\\/uploads\\\/2016\\\/03\\\/edifici-farga-activitats.jpg\",\"contentUrl\":\"https:\\\/\\\/www.lafarga.com\\\/corporatiu\\\/wp-content\\\/uploads\\\/2016\\\/03\\\/edifici-farga-activitats.jpg\",\"width\":730,\"height\":410,\"caption\":\"Vacunaci\u00f3 Vacunaci\u00f3n Farga Covid-19\"},{\"@type\":\"BreadcrumbList\",\"@id\":\"https:\\\/\\\/www.lafarga.com\\\/corporatiu\\\/trabajando-para-volver-fuerza\\\/#breadcrumb\",\"itemListElement\":[{\"@type\":\"ListItem\",\"position\":1,\"name\":\"Home\",\"item\":\"https:\\\/\\\/www.lafarga.com\\\/corporatiu\\\/lafarga-hospitalet-llobregat\\\/\"},{\"@type\":\"ListItem\",\"position\":2,\"name\":\"Trabajando para volver con m\u00e1s fuerza\"}]},{\"@type\":\"WebSite\",\"@id\":\"https:\\\/\\\/www.lafarga.com\\\/corporatiu\\\/#website\",\"url\":\"https:\\\/\\\/www.lafarga.com\\\/corporatiu\\\/\",\"name\":\"La Farga Gesti\u00f3 d&#039;Equipaments Municipals, SA\",\"description\":\"\",\"publisher\":{\"@id\":\"https:\\\/\\\/www.lafarga.com\\\/corporatiu\\\/#organization\"},\"potentialAction\":[{\"@type\":\"SearchAction\",\"target\":{\"@type\":\"EntryPoint\",\"urlTemplate\":\"https:\\\/\\\/www.lafarga.com\\\/corporatiu\\\/?s={search_term_string}\"},\"query-input\":{\"@type\":\"PropertyValueSpecification\",\"valueRequired\":true,\"valueName\":\"search_term_string\"}}],\"inLanguage\":\"ca\"},{\"@type\":\"Organization\",\"@id\":\"https:\\\/\\\/www.lafarga.com\\\/corporatiu\\\/#organization\",\"name\":\"La Farga Gesti\u00f3 d&#039;Equipaments Municipals, SA\",\"url\":\"https:\\\/\\\/www.lafarga.com\\\/corporatiu\\\/\",\"logo\":{\"@type\":\"ImageObject\",\"inLanguage\":\"ca\",\"@id\":\"https:\\\/\\\/www.lafarga.com\\\/corporatiu\\\/#\\\/schema\\\/logo\\\/image\\\/\",\"url\":\"https:\\\/\\\/www.lafarga.com\\\/corporatiu\\\/wp-content\\\/uploads\\\/2023\\\/11\\\/logotipo_lafarga_gemsa.svg\",\"contentUrl\":\"https:\\\/\\\/www.lafarga.com\\\/corporatiu\\\/wp-content\\\/uploads\\\/2023\\\/11\\\/logotipo_lafarga_gemsa.svg\",\"width\":102,\"height\":103,\"caption\":\"La Farga Gesti\u00f3 d&#039;Equipaments Municipals, SA\"},\"image\":{\"@id\":\"https:\\\/\\\/www.lafarga.com\\\/corporatiu\\\/#\\\/schema\\\/logo\\\/image\\\/\"}},{\"@type\":\"Person\",\"@id\":\"https:\\\/\\\/www.lafarga.com\\\/corporatiu\\\/#\\\/schema\\\/person\\\/70d96fe17d0da1a9c9e80d232bdbcf33\",\"name\":\"\u00d2scar Milla\",\"image\":{\"@type\":\"ImageObject\",\"inLanguage\":\"ca\",\"@id\":\"https:\\\/\\\/secure.gravatar.com\\\/avatar\\\/92e75d184f9d5e0e403bd4ad075b080ad258344ddc259adddb579f6a3ba6494f?s=96&d=mm&r=g\",\"url\":\"https:\\\/\\\/secure.gravatar.com\\\/avatar\\\/92e75d184f9d5e0e403bd4ad075b080ad258344ddc259adddb579f6a3ba6494f?s=96&d=mm&r=g\",\"contentUrl\":\"https:\\\/\\\/secure.gravatar.com\\\/avatar\\\/92e75d184f9d5e0e403bd4ad075b080ad258344ddc259adddb579f6a3ba6494f?s=96&d=mm&r=g\",\"caption\":\"\u00d2scar Milla\"},\"url\":\"https:\\\/\\\/www.lafarga.com\\\/corporatiu\\\/author\\\/omilla\\\/\"}]}<\/script>\n<!-- \/ Yoast SEO plugin. -->","yoast_head_json":{"title":"Trabajando para volver con m\u00e1s fuerza - La Farga Gesti\u00f3n de Equipamientos Municipales, S.A.","description":"Los tres salones suspendidos, Barcelona Beer Festival, RetroMotor y Expoterraria, ya est\u00e1n trabajando con La Farga, para cerrar nuevas fechas.","robots":{"index":"index","follow":"follow","max-snippet":"max-snippet:-1","max-image-preview":"max-image-preview:large","max-video-preview":"max-video-preview:-1"},"canonical":"https:\/\/www.lafarga.com\/corporatiu\/trabajando-para-volver-fuerza\/","og_locale":"ca_ES","og_type":"article","og_title":"Trabajando para volver con m\u00e1s fuerza - La Farga Gesti\u00f3n de Equipamientos Municipales, S.A.","og_description":"Los tres salones suspendidos, Barcelona Beer Festival, RetroMotor y Expoterraria, ya est\u00e1n trabajando con La Farga, para cerrar nuevas fechas.","og_url":"https:\/\/www.lafarga.com\/corporatiu\/trabajando-para-volver-fuerza\/","og_site_name":"La Farga Gesti\u00f3n de Equipamientos Municipales, S.A.","article_published_time":"2020-03-13T14:43:21+00:00","article_modified_time":"2020-03-13T15:12:33+00:00","og_image":[{"width":730,"height":410,"url":"https:\/\/www.lafarga.com\/corporatiu\/wp-content\/uploads\/2016\/03\/edifici-farga-activitats.jpg","type":"image\/jpeg"}],"author":"\u00d2scar Milla","twitter_misc":{"Escrit per":"\u00d2scar Milla","Temps estimat de lectura":"2 minuts"},"schema":{"@context":"https:\/\/schema.org","@graph":[{"@type":"Article","@id":"https:\/\/www.lafarga.com\/corporatiu\/trabajando-para-volver-fuerza\/#article","isPartOf":{"@id":"https:\/\/www.lafarga.com\/corporatiu\/trabajando-para-volver-fuerza\/"},"author":{"name":"\u00d2scar Milla","@id":"https:\/\/www.lafarga.com\/corporatiu\/#\/schema\/person\/70d96fe17d0da1a9c9e80d232bdbcf33"},"headline":"Trabajando para volver con m\u00e1s fuerza","datePublished":"2020-03-13T14:43:21+00:00","dateModified":"2020-03-13T15:12:33+00:00","mainEntityOfPage":{"@id":"https:\/\/www.lafarga.com\/corporatiu\/trabajando-para-volver-fuerza\/"},"wordCount":419,"publisher":{"@id":"https:\/\/www.lafarga.com\/corporatiu\/#organization"},"image":{"@id":"https:\/\/www.lafarga.com\/corporatiu\/trabajando-para-volver-fuerza\/#primaryimage"},"thumbnailUrl":"https:\/\/www.lafarga.com\/corporatiu\/wp-content\/uploads\/2016\/03\/edifici-farga-activitats.jpg","articleSection":["Centro de Actividades"],"inLanguage":"ca"},{"@type":"WebPage","@id":"https:\/\/www.lafarga.com\/corporatiu\/trabajando-para-volver-fuerza\/","url":"https:\/\/www.lafarga.com\/corporatiu\/trabajando-para-volver-fuerza\/","name":"Trabajando para volver con m\u00e1s fuerza - La Farga Gesti\u00f3n de Equipamientos Municipales, S.A.","isPartOf":{"@id":"https:\/\/www.lafarga.com\/corporatiu\/#website"},"primaryImageOfPage":{"@id":"https:\/\/www.lafarga.com\/corporatiu\/trabajando-para-volver-fuerza\/#primaryimage"},"image":{"@id":"https:\/\/www.lafarga.com\/corporatiu\/trabajando-para-volver-fuerza\/#primaryimage"},"thumbnailUrl":"https:\/\/www.lafarga.com\/corporatiu\/wp-content\/uploads\/2016\/03\/edifici-farga-activitats.jpg","datePublished":"2020-03-13T14:43:21+00:00","dateModified":"2020-03-13T15:12:33+00:00","description":"Los tres salones suspendidos, Barcelona Beer Festival, RetroMotor y Expoterraria, ya est\u00e1n trabajando con La Farga, para cerrar nuevas fechas.","breadcrumb":{"@id":"https:\/\/www.lafarga.com\/corporatiu\/trabajando-para-volver-fuerza\/#breadcrumb"},"inLanguage":"ca","potentialAction":[{"@type":"ReadAction","target":["https:\/\/www.lafarga.com\/corporatiu\/trabajando-para-volver-fuerza\/"]}]},{"@type":"ImageObject","inLanguage":"ca","@id":"https:\/\/www.lafarga.com\/corporatiu\/trabajando-para-volver-fuerza\/#primaryimage","url":"https:\/\/www.lafarga.com\/corporatiu\/wp-content\/uploads\/2016\/03\/edifici-farga-activitats.jpg","contentUrl":"https:\/\/www.lafarga.com\/corporatiu\/wp-content\/uploads\/2016\/03\/edifici-farga-activitats.jpg","width":730,"height":410,"caption":"Vacunaci\u00f3 Vacunaci\u00f3n Farga Covid-19"},{"@type":"BreadcrumbList","@id":"https:\/\/www.lafarga.com\/corporatiu\/trabajando-para-volver-fuerza\/#breadcrumb","itemListElement":[{"@type":"ListItem","position":1,"name":"Home","item":"https:\/\/www.lafarga.com\/corporatiu\/lafarga-hospitalet-llobregat\/"},{"@type":"ListItem","position":2,"name":"Trabajando para volver con m\u00e1s fuerza"}]},{"@type":"WebSite","@id":"https:\/\/www.lafarga.com\/corporatiu\/#website","url":"https:\/\/www.lafarga.com\/corporatiu\/","name":"La Farga Gesti\u00f3 d&#039;Equipaments Municipals, SA","description":"","publisher":{"@id":"https:\/\/www.lafarga.com\/corporatiu\/#organization"},"potentialAction":[{"@type":"SearchAction","target":{"@type":"EntryPoint","urlTemplate":"https:\/\/www.lafarga.com\/corporatiu\/?s={search_term_string}"},"query-input":{"@type":"PropertyValueSpecification","valueRequired":true,"valueName":"search_term_string"}}],"inLanguage":"ca"},{"@type":"Organization","@id":"https:\/\/www.lafarga.com\/corporatiu\/#organization","name":"La Farga Gesti\u00f3 d&#039;Equipaments Municipals, SA","url":"https:\/\/www.lafarga.com\/corporatiu\/","logo":{"@type":"ImageObject","inLanguage":"ca","@id":"https:\/\/www.lafarga.com\/corporatiu\/#\/schema\/logo\/image\/","url":"https:\/\/www.lafarga.com\/corporatiu\/wp-content\/uploads\/2023\/11\/logotipo_lafarga_gemsa.svg","contentUrl":"https:\/\/www.lafarga.com\/corporatiu\/wp-content\/uploads\/2023\/11\/logotipo_lafarga_gemsa.svg","width":102,"height":103,"caption":"La Farga Gesti\u00f3 d&#039;Equipaments Municipals, SA"},"image":{"@id":"https:\/\/www.lafarga.com\/corporatiu\/#\/schema\/logo\/image\/"}},{"@type":"Person","@id":"https:\/\/www.lafarga.com\/corporatiu\/#\/schema\/person\/70d96fe17d0da1a9c9e80d232bdbcf33","name":"\u00d2scar Milla","image":{"@type":"ImageObject","inLanguage":"ca","@id":"https:\/\/secure.gravatar.com\/avatar\/92e75d184f9d5e0e403bd4ad075b080ad258344ddc259adddb579f6a3ba6494f?s=96&d=mm&r=g","url":"https:\/\/secure.gravatar.com\/avatar\/92e75d184f9d5e0e403bd4ad075b080ad258344ddc259adddb579f6a3ba6494f?s=96&d=mm&r=g","contentUrl":"https:\/\/secure.gravatar.com\/avatar\/92e75d184f9d5e0e403bd4ad075b080ad258344ddc259adddb579f6a3ba6494f?s=96&d=mm&r=g","caption":"\u00d2scar Milla"},"url":"https:\/\/www.lafarga.com\/corporatiu\/author\/omilla\/"}]}},"uagb_featured_image_src":{"full":["https:\/\/www.lafarga.com\/corporatiu\/wp-content\/uploads\/2016\/03\/edifici-farga-activitats.jpg",730,410,false],"thumbnail":["https:\/\/www.lafarga.com\/corporatiu\/wp-content\/uploads\/2016\/03\/edifici-farga-activitats-150x150.jpg",150,150,true],"medium":["https:\/\/www.lafarga.com\/corporatiu\/wp-content\/uploads\/2016\/03\/edifici-farga-activitats-300x168.jpg",300,168,true],"medium_large":["https:\/\/www.lafarga.com\/corporatiu\/wp-content\/uploads\/2016\/03\/edifici-farga-activitats.jpg",730,410,false],"large":["https:\/\/www.lafarga.com\/corporatiu\/wp-content\/uploads\/2016\/03\/edifici-farga-activitats.jpg",730,410,false],"1536x1536":["https:\/\/www.lafarga.com\/corporatiu\/wp-content\/uploads\/2016\/03\/edifici-farga-activitats.jpg",730,410,false],"2048x2048":["https:\/\/www.lafarga.com\/corporatiu\/wp-content\/uploads\/2016\/03\/edifici-farga-activitats.jpg",730,410,false],"mailpoet_newsletter_max":["https:\/\/www.lafarga.com\/corporatiu\/wp-content\/uploads\/2016\/03\/edifici-farga-activitats.jpg",730,410,false]},"uagb_author_info":{"display_name":"\u00d2scar Milla","author_link":"https:\/\/www.lafarga.com\/corporatiu\/author\/omilla\/"},"uagb_comment_info":0,"uagb_excerpt":"Los tres salones suspendidos por las afectaciones de la situaci\u00f3n sanitaria producida por Covid-19, Barcelona Beer Festival, RetroMotor y Expoterraria, ya est\u00e1n trabajando con La Farga Centro de Actividades, para cerrar nuevas fechas y poder celebrar estos eventos.","_links":{"self":[{"href":"https:\/\/www.lafarga.com\/corporatiu\/wp-json\/wp\/v2\/posts\/14468","targetHints":{"allow":["GET"]}}],"collection":[{"href":"https:\/\/www.lafarga.com\/corporatiu\/wp-json\/wp\/v2\/posts"}],"about":[{"href":"https:\/\/www.lafarga.com\/corporatiu\/wp-json\/wp\/v2\/types\/post"}],"author":[{"embeddable":true,"href":"https:\/\/www.lafarga.com\/corporatiu\/wp-json\/wp\/v2\/users\/5"}],"replies":[{"embeddable":true,"href":"https:\/\/www.lafarga.com\/corporatiu\/wp-json\/wp\/v2\/comments?post=14468"}],"version-history":[{"count":3,"href":"https:\/\/www.lafarga.com\/corporatiu\/wp-json\/wp\/v2\/posts\/14468\/revisions"}],"predecessor-version":[{"id":14474,"href":"https:\/\/www.lafarga.com\/corporatiu\/wp-json\/wp\/v2\/posts\/14468\/revisions\/14474"}],"wp:featuredmedia":[{"embeddable":true,"href":"https:\/\/www.lafarga.com\/corporatiu\/wp-json\/wp\/v2\/media\/6869"}],"wp:attachment":[{"href":"https:\/\/www.lafarga.com\/corporatiu\/wp-json\/wp\/v2\/media?parent=14468"}],"wp:term":[{"taxonomy":"category","embeddable":true,"href":"https:\/\/www.lafarga.com\/corporatiu\/wp-json\/wp\/v2\/categories?post=14468"},{"taxonomy":"post_tag","embeddable":true,"href":"https:\/\/www.lafarga.com\/corporatiu\/wp-json\/wp\/v2\/tags?post=14468"}],"curies":[{"name":"wp","href":"https:\/\/api.w.org\/{rel}","templated":true}]}}