{"id":13692,"date":"2019-09-10T10:40:35","date_gmt":"2019-09-10T10:40:35","guid":{"rendered":"http:\/\/www.lafarga.com\/corporatiu\/?p=13692"},"modified":"2019-09-10T10:57:02","modified_gmt":"2019-09-10T10:57:02","slug":"nueva-temporada-medios-lhospitalet","status":"publish","type":"post","link":"https:\/\/www.lafarga.com\/corporatiu\/nueva-temporada-medios-lhospitalet\/","title":{"rendered":"En marcha la nueva temporada de los Medios de L&#8217;Hospitalet"},"content":{"rendered":"<h5>Nueva temporada 2019-20<\/h5>\n<p>La programaci\u00f3n habitual de los Medios de Comunicaci\u00f3n de L&#8217;Hospitalet, y en concreto de <a href=\"https:\/\/lhdigital.cat\/web\/digital-h\/televisio\" target=\"_blank\" rel=\"noopener noreferrer\"><strong>Televisi\u00f3n de L&#8217;Hospitalet<\/strong><\/a>, ha vuelto esta semana a las pantallas. Con l&#8217;Informatiu y el magazine deportivo L&#8217;H en joc, que se han estrenado este lunes, comienza una temporada donde los programas de producci\u00f3n propia incorporan nuevas secciones y colaboradores.<\/p>\n<p>Seg\u00fan \u00d3scar S\u00e1nchez, director de los Medios de L&#8217;Hospitalet, &#8220;con esta programaci\u00f3n consolidamos la apuesta de TV L&#8217;Hospitalet y de los Medios de Comunicaci\u00f3n por la informaci\u00f3n de proximidad, por el servicio p\u00fablico y por la difusi\u00f3n de lo que se hace en la ciudad, ya sea en el \u00e1mbito deportivo, asociativo, educativo, cultural o en el conocimiento de personas an\u00f3nimas que con su actividad diaria hacen de L&#8217;Hospitalet la ciudad que es&#8221;.<\/p>\n<h5>Los programas de lunes a viernes<\/h5>\n<p>El INFORMATIU diario se pone en antena de lunes a viernes a las 19.30, bajo la edici\u00f3n y presentaci\u00f3n de Montse Qui\u00f1onero y de Rub\u00e9n Blas. Aparte de las noticias del d\u00eda, se continuar\u00e1n emiten entrevistas en plat\u00f3, reportajes y contenidos especiales siguiendo el pulso de la actualidad.<\/p>\n<p>LH EN JOC, el magazine de deportes con la informaci\u00f3n que generan los clubes y deportistas de f\u00fatbol, \u200b\u200bbaloncesto y polideportivo de la ciudad llega tambi\u00e9n los lunes despu\u00e9s de l&#8217;Informatiu. De la mano de Sergi Esparza, se hace especial seguimiento de la actualidad del Centro d&#8217;Esports L&#8217;Hospitalet y del Club B\u00e0squet L&#8217;Hospitalet, adem\u00e1s de incorporar una entrevista semanal desde plat\u00f3. El primer programa ha arrancado con las entrevistas a los jugadores del Hospi de f\u00fatbol Cristian G\u00f3mez y Christian Alfonso.<\/p>\n<h5>Consolidados el Aula L&#8217;H y Ve\u00efns<\/h5>\n<p>Los martes, tambi\u00e9n a las 20h, se emitir\u00e1 semanalmente el programa VE\u00cfNS, conducido por Pedro Montesinos, una ventana abierta al mundo asociativo con reportajes, entrevistas y colaboraciones especiales. La novedad de esta temporada es la incorporaci\u00f3n como colaborador de Manuel Dom\u00ednguez, presidente del Centre d&#8217;Estudis de L&#8217;Hospitalet, que har\u00e1 la secci\u00f3n &#8220;Algunas historias de L&#8217;Hospitalet&#8221;, sobre las costumbres, tradiciones y personajes de la historia de la ciudad. Otra nueva secci\u00f3n ser\u00e1 &#8220;Los sonidos de la ciudad&#8221;, donde gente de entidades har\u00e1n una interpretaci\u00f3n de alguna pieza musical cantada, tocada o baile. Primer programa, 10 de septiembre.<\/p>\n<p>Los mi\u00e9rcoles a las 20h llega AULA L&#8217;H, el espacio dedicado a hablar de educaci\u00f3n que dirige y presenta Nuria Toril. Aparte de las noticias, los reportajes a fondo, las entrevistas en plat\u00f3 y las recomendaciones de los alumnos se incorporan nuevas secciones para hablar de ciencia, de medio ambiente y de mujeres singulares de la historia. En relaci\u00f3n a los programas Fem T\u00e0ndem que TV L&#8217;Hospitalet desarrolla junto con una escuela y con un instituto de la ciudad para potenciar la educaci\u00f3n medi\u00e1tica, este curso los estudiantes del Frederic Mistral har\u00e1n de reporteros del Aula L&#8217;H poniendo en pr\u00e1ctica sus aprendizajes.<\/p>\n<h5>Cuarta temporada del Taquilla Inversa<\/h5>\n<p>Los jueves a las 20h el magazine de cultura TAQUILLA INVERSA, conducido por Laura Alsina, arranca su cuarta temporada estrenando un nuevo set para el plat\u00f3, actuaciones musicales y nuevos colaboradores que se a\u00f1aden a las secciones habituales. Como novedades: Daniel Arr\u00e9bola hablar\u00e1 de cine; Agust\u00edn Kong de nuevas tendencias; David Ben\u00edtez seguir\u00e1 visitando locales y restaurantes de la ciudad; las bibliotecas continuar\u00e1n haciendo propuestas literarias; Alfonso Mart\u00ednez El Mora mantiene la secci\u00f3n bimensual de humor; y tambi\u00e9n se reanudar\u00e1n los reportajes peri\u00f3dicos sobre el Distrito Cultural y las actuaciones de Slham Fusi\u00f3n. Primer programa de la temporada jueves 12 de septiembre a las 20h.<\/p>\n<p>Por \u00faltimo los viernes es el momento de BATECS. Marina Toledo nos acerca semanalmente a historias de vida protagonizadas por hospitalenses singulares. Esta temporada se dar\u00e1 m\u00e1s voz al colectivo femenino y los ciudadanos reci\u00e9n llegados que han aprendido nuestra lengua y cultura. Tambi\u00e9n se introducir\u00e1n rutas tem\u00e1ticas por la ciudad guiadas por expertos y apasionados de cada tema. El primer Batecs, viernes 13 a las 20h.<\/p>\n<p>Aparte de estos contenidos la parrilla de TV se nutre de otros programas tem\u00e1ticos, la mayor\u00eda distribuidos por la Xarxa de TV Locals de Catalunya y de programas especiales para informar sobre acontecimientos de relevancia en la ciudad (Plenos del Ayuntamiento, la Cabalgata de Reyes, las Fiestas de Primavera &#8230;).<\/p>\n<p>La programaci\u00f3n se puede seguir a trav\u00e9s del canal de la TDT (con remisiones en diferentes franjas horarias), a la carta a trav\u00e9s del portal web <a href=\"https:\/\/lhdigital.cat\/web\/digital-h\/\" target=\"_blank\" rel=\"noopener noreferrer\"><strong>www.lhdigital.cat<\/strong><\/a>, en las redes sociales Facebook y Twitter y tambi\u00e9n a trav\u00e9s de la aplicaci\u00f3n m\u00f3vil de los Medios de L&#8217;H.<\/p>\n<p>Los Medios de Comunicaci\u00f3n de L&#8217;Hospitalet, TV L&#8217;Hospitalet, L&#8217;HDigital y Diari de L&#8217;Hospitalet est\u00e1n editados y gestionados por La Farga Gesti\u00f3n de Equipamientos Municipales S.A.<\/p>\n","protected":false},"excerpt":{"rendered":"<p>La programaci\u00f3n habitual de los Medios de Comunicaci\u00f3n de L&#8217;Hospitalet, y en concreto de Televisi\u00f3n de L&#8217;Hospitalet, ha vuelto esta semana a las pantallas.<\/p>\n","protected":false},"author":5,"featured_media":13688,"comment_status":"closed","ping_status":"closed","sticky":false,"template":"","format":"standard","meta":{"inline_featured_image":false,"_uag_custom_page_level_css":"","_monsterinsights_skip_tracking":false,"_monsterinsights_sitenote_active":false,"_monsterinsights_sitenote_note":"","_monsterinsights_sitenote_category":0,"site-sidebar-layout":"default","site-content-layout":"","ast-site-content-layout":"default","site-content-style":"default","site-sidebar-style":"default","ast-global-header-display":"","ast-banner-title-visibility":"","ast-main-header-display":"","ast-hfb-above-header-display":"","ast-hfb-below-header-display":"","ast-hfb-mobile-header-display":"","site-post-title":"","ast-breadcrumbs-content":"","ast-featured-img":"","footer-sml-layout":"","ast-disable-related-posts":"","theme-transparent-header-meta":"","adv-header-id-meta":"","stick-header-meta":"","header-above-stick-meta":"","header-main-stick-meta":"","header-below-stick-meta":"","astra-migrate-meta-layouts":"default","ast-page-background-enabled":"default","ast-page-background-meta":{"desktop":{"background-color":"var(--ast-global-color-4)","background-image":"","background-repeat":"repeat","background-position":"center center","background-size":"auto","background-attachment":"scroll","background-type":"","background-media":"","overlay-type":"","overlay-color":"","overlay-opacity":"","overlay-gradient":""},"tablet":{"background-color":"","background-image":"","background-repeat":"repeat","background-position":"center center","background-size":"auto","background-attachment":"scroll","background-type":"","background-media":"","overlay-type":"","overlay-color":"","overlay-opacity":"","overlay-gradient":""},"mobile":{"background-color":"","background-image":"","background-repeat":"repeat","background-position":"center center","background-size":"auto","background-attachment":"scroll","background-type":"","background-media":"","overlay-type":"","overlay-color":"","overlay-opacity":"","overlay-gradient":""}},"ast-content-background-meta":{"desktop":{"background-color":"var(--ast-global-color-5)","background-image":"","background-repeat":"repeat","background-position":"center center","background-size":"auto","background-attachment":"scroll","background-type":"","background-media":"","overlay-type":"","overlay-color":"","overlay-opacity":"","overlay-gradient":""},"tablet":{"background-color":"var(--ast-global-color-5)","background-image":"","background-repeat":"repeat","background-position":"center center","background-size":"auto","background-attachment":"scroll","background-type":"","background-media":"","overlay-type":"","overlay-color":"","overlay-opacity":"","overlay-gradient":""},"mobile":{"background-color":"var(--ast-global-color-5)","background-image":"","background-repeat":"repeat","background-position":"center center","background-size":"auto","background-attachment":"scroll","background-type":"","background-media":"","overlay-type":"","overlay-color":"","overlay-opacity":"","overlay-gradient":""}},"footnotes":""},"categories":[81],"tags":[],"class_list":["post-13692","post","type-post","status-publish","format-standard","has-post-thumbnail","hentry","category-medios-comunicacion"],"yoast_head":"<!-- This site is optimized with the Yoast SEO plugin v27.5 - https:\/\/yoast.com\/product\/yoast-seo-wordpress\/ -->\n<title>En marcha la nueva temporada de los Medios de L&#039;Hospitalet - La Farga Gesti\u00f3n de Equipamientos Municipales, S.A.<\/title>\n<meta name=\"description\" content=\"La programaci\u00f3 habitual dels Mitjans de Comunicaci\u00f3 de L\u2019Hospitalet, i en concret de Televisi\u00f3 de L\u2019H, ha tornat aquesta setmana a les pantalles.\" \/>\n<meta name=\"robots\" content=\"index, follow, max-snippet:-1, max-image-preview:large, max-video-preview:-1\" \/>\n<link rel=\"canonical\" href=\"https:\/\/www.lafarga.com\/corporatiu\/nueva-temporada-medios-lhospitalet\/\" \/>\n<meta property=\"og:locale\" content=\"ca_ES\" \/>\n<meta property=\"og:type\" content=\"article\" \/>\n<meta property=\"og:title\" content=\"En marcha la nueva temporada de los Medios de L&#039;Hospitalet - La Farga Gesti\u00f3n de Equipamientos Municipales, S.A.\" \/>\n<meta property=\"og:description\" content=\"La programaci\u00f3 habitual dels Mitjans de Comunicaci\u00f3 de L\u2019Hospitalet, i en concret de Televisi\u00f3 de L\u2019H, ha tornat aquesta setmana a les pantalles.\" \/>\n<meta property=\"og:url\" content=\"https:\/\/www.lafarga.com\/corporatiu\/nueva-temporada-medios-lhospitalet\/\" \/>\n<meta property=\"og:site_name\" content=\"La Farga Gesti\u00f3n de Equipamientos Municipales, S.A.\" \/>\n<meta property=\"article:published_time\" content=\"2019-09-10T10:40:35+00:00\" \/>\n<meta property=\"article:modified_time\" content=\"2019-09-10T10:57:02+00:00\" \/>\n<meta property=\"og:image\" content=\"https:\/\/www.lafarga.com\/corporatiu\/wp-content\/uploads\/2019\/09\/Mitjans-LH-2019-Farga.jpg\" \/>\n\t<meta property=\"og:image:width\" content=\"730\" \/>\n\t<meta property=\"og:image:height\" content=\"410\" \/>\n\t<meta property=\"og:image:type\" content=\"image\/jpeg\" \/>\n<meta name=\"author\" content=\"\u00d2scar Milla\" \/>\n<meta name=\"twitter:label1\" content=\"Escrit per\" \/>\n\t<meta name=\"twitter:data1\" content=\"\u00d2scar Milla\" \/>\n\t<meta name=\"twitter:label2\" content=\"Temps estimat de lectura\" \/>\n\t<meta name=\"twitter:data2\" content=\"4 minuts\" \/>\n<script type=\"application\/ld+json\" class=\"yoast-schema-graph\">{\"@context\":\"https:\\\/\\\/schema.org\",\"@graph\":[{\"@type\":\"Article\",\"@id\":\"https:\\\/\\\/www.lafarga.com\\\/corporatiu\\\/nueva-temporada-medios-lhospitalet\\\/#article\",\"isPartOf\":{\"@id\":\"https:\\\/\\\/www.lafarga.com\\\/corporatiu\\\/nueva-temporada-medios-lhospitalet\\\/\"},\"author\":{\"name\":\"\u00d2scar Milla\",\"@id\":\"https:\\\/\\\/www.lafarga.com\\\/corporatiu\\\/#\\\/schema\\\/person\\\/70d96fe17d0da1a9c9e80d232bdbcf33\"},\"headline\":\"En marcha la nueva temporada de los Medios de L&#8217;Hospitalet\",\"datePublished\":\"2019-09-10T10:40:35+00:00\",\"dateModified\":\"2019-09-10T10:57:02+00:00\",\"mainEntityOfPage\":{\"@id\":\"https:\\\/\\\/www.lafarga.com\\\/corporatiu\\\/nueva-temporada-medios-lhospitalet\\\/\"},\"wordCount\":870,\"publisher\":{\"@id\":\"https:\\\/\\\/www.lafarga.com\\\/corporatiu\\\/#organization\"},\"image\":{\"@id\":\"https:\\\/\\\/www.lafarga.com\\\/corporatiu\\\/nueva-temporada-medios-lhospitalet\\\/#primaryimage\"},\"thumbnailUrl\":\"https:\\\/\\\/www.lafarga.com\\\/corporatiu\\\/wp-content\\\/uploads\\\/2019\\\/09\\\/Mitjans-LH-2019-Farga.jpg\",\"articleSection\":[\"Medios de Comunicaci\u00f3n\"],\"inLanguage\":\"ca\"},{\"@type\":\"WebPage\",\"@id\":\"https:\\\/\\\/www.lafarga.com\\\/corporatiu\\\/nueva-temporada-medios-lhospitalet\\\/\",\"url\":\"https:\\\/\\\/www.lafarga.com\\\/corporatiu\\\/nueva-temporada-medios-lhospitalet\\\/\",\"name\":\"En marcha la nueva temporada de los Medios de L'Hospitalet - La Farga Gesti\u00f3n de Equipamientos Municipales, S.A.\",\"isPartOf\":{\"@id\":\"https:\\\/\\\/www.lafarga.com\\\/corporatiu\\\/#website\"},\"primaryImageOfPage\":{\"@id\":\"https:\\\/\\\/www.lafarga.com\\\/corporatiu\\\/nueva-temporada-medios-lhospitalet\\\/#primaryimage\"},\"image\":{\"@id\":\"https:\\\/\\\/www.lafarga.com\\\/corporatiu\\\/nueva-temporada-medios-lhospitalet\\\/#primaryimage\"},\"thumbnailUrl\":\"https:\\\/\\\/www.lafarga.com\\\/corporatiu\\\/wp-content\\\/uploads\\\/2019\\\/09\\\/Mitjans-LH-2019-Farga.jpg\",\"datePublished\":\"2019-09-10T10:40:35+00:00\",\"dateModified\":\"2019-09-10T10:57:02+00:00\",\"description\":\"La programaci\u00f3 habitual dels Mitjans de Comunicaci\u00f3 de L\u2019Hospitalet, i en concret de Televisi\u00f3 de L\u2019H, ha tornat aquesta setmana a les pantalles.\",\"breadcrumb\":{\"@id\":\"https:\\\/\\\/www.lafarga.com\\\/corporatiu\\\/nueva-temporada-medios-lhospitalet\\\/#breadcrumb\"},\"inLanguage\":\"ca\",\"potentialAction\":[{\"@type\":\"ReadAction\",\"target\":[\"https:\\\/\\\/www.lafarga.com\\\/corporatiu\\\/nueva-temporada-medios-lhospitalet\\\/\"]}]},{\"@type\":\"ImageObject\",\"inLanguage\":\"ca\",\"@id\":\"https:\\\/\\\/www.lafarga.com\\\/corporatiu\\\/nueva-temporada-medios-lhospitalet\\\/#primaryimage\",\"url\":\"https:\\\/\\\/www.lafarga.com\\\/corporatiu\\\/wp-content\\\/uploads\\\/2019\\\/09\\\/Mitjans-LH-2019-Farga.jpg\",\"contentUrl\":\"https:\\\/\\\/www.lafarga.com\\\/corporatiu\\\/wp-content\\\/uploads\\\/2019\\\/09\\\/Mitjans-LH-2019-Farga.jpg\",\"width\":730,\"height\":410,\"caption\":\"Mitjans Farga\"},{\"@type\":\"BreadcrumbList\",\"@id\":\"https:\\\/\\\/www.lafarga.com\\\/corporatiu\\\/nueva-temporada-medios-lhospitalet\\\/#breadcrumb\",\"itemListElement\":[{\"@type\":\"ListItem\",\"position\":1,\"name\":\"Home\",\"item\":\"https:\\\/\\\/www.lafarga.com\\\/corporatiu\\\/lafarga-hospitalet-llobregat\\\/\"},{\"@type\":\"ListItem\",\"position\":2,\"name\":\"En marcha la nueva temporada de los Medios de L&#8217;Hospitalet\"}]},{\"@type\":\"WebSite\",\"@id\":\"https:\\\/\\\/www.lafarga.com\\\/corporatiu\\\/#website\",\"url\":\"https:\\\/\\\/www.lafarga.com\\\/corporatiu\\\/\",\"name\":\"La Farga Gesti\u00f3 d&#039;Equipaments Municipals, SA\",\"description\":\"\",\"publisher\":{\"@id\":\"https:\\\/\\\/www.lafarga.com\\\/corporatiu\\\/#organization\"},\"potentialAction\":[{\"@type\":\"SearchAction\",\"target\":{\"@type\":\"EntryPoint\",\"urlTemplate\":\"https:\\\/\\\/www.lafarga.com\\\/corporatiu\\\/?s={search_term_string}\"},\"query-input\":{\"@type\":\"PropertyValueSpecification\",\"valueRequired\":true,\"valueName\":\"search_term_string\"}}],\"inLanguage\":\"ca\"},{\"@type\":\"Organization\",\"@id\":\"https:\\\/\\\/www.lafarga.com\\\/corporatiu\\\/#organization\",\"name\":\"La Farga Gesti\u00f3 d&#039;Equipaments Municipals, SA\",\"url\":\"https:\\\/\\\/www.lafarga.com\\\/corporatiu\\\/\",\"logo\":{\"@type\":\"ImageObject\",\"inLanguage\":\"ca\",\"@id\":\"https:\\\/\\\/www.lafarga.com\\\/corporatiu\\\/#\\\/schema\\\/logo\\\/image\\\/\",\"url\":\"https:\\\/\\\/www.lafarga.com\\\/corporatiu\\\/wp-content\\\/uploads\\\/2023\\\/11\\\/logotipo_lafarga_gemsa.svg\",\"contentUrl\":\"https:\\\/\\\/www.lafarga.com\\\/corporatiu\\\/wp-content\\\/uploads\\\/2023\\\/11\\\/logotipo_lafarga_gemsa.svg\",\"width\":102,\"height\":103,\"caption\":\"La Farga Gesti\u00f3 d&#039;Equipaments Municipals, SA\"},\"image\":{\"@id\":\"https:\\\/\\\/www.lafarga.com\\\/corporatiu\\\/#\\\/schema\\\/logo\\\/image\\\/\"}},{\"@type\":\"Person\",\"@id\":\"https:\\\/\\\/www.lafarga.com\\\/corporatiu\\\/#\\\/schema\\\/person\\\/70d96fe17d0da1a9c9e80d232bdbcf33\",\"name\":\"\u00d2scar Milla\",\"image\":{\"@type\":\"ImageObject\",\"inLanguage\":\"ca\",\"@id\":\"https:\\\/\\\/secure.gravatar.com\\\/avatar\\\/92e75d184f9d5e0e403bd4ad075b080ad258344ddc259adddb579f6a3ba6494f?s=96&d=mm&r=g\",\"url\":\"https:\\\/\\\/secure.gravatar.com\\\/avatar\\\/92e75d184f9d5e0e403bd4ad075b080ad258344ddc259adddb579f6a3ba6494f?s=96&d=mm&r=g\",\"contentUrl\":\"https:\\\/\\\/secure.gravatar.com\\\/avatar\\\/92e75d184f9d5e0e403bd4ad075b080ad258344ddc259adddb579f6a3ba6494f?s=96&d=mm&r=g\",\"caption\":\"\u00d2scar Milla\"},\"url\":\"https:\\\/\\\/www.lafarga.com\\\/corporatiu\\\/author\\\/omilla\\\/\"}]}<\/script>\n<!-- \/ Yoast SEO plugin. -->","yoast_head_json":{"title":"En marcha la nueva temporada de los Medios de L'Hospitalet - La Farga Gesti\u00f3n de Equipamientos Municipales, S.A.","description":"La programaci\u00f3 habitual dels Mitjans de Comunicaci\u00f3 de L\u2019Hospitalet, i en concret de Televisi\u00f3 de L\u2019H, ha tornat aquesta setmana a les pantalles.","robots":{"index":"index","follow":"follow","max-snippet":"max-snippet:-1","max-image-preview":"max-image-preview:large","max-video-preview":"max-video-preview:-1"},"canonical":"https:\/\/www.lafarga.com\/corporatiu\/nueva-temporada-medios-lhospitalet\/","og_locale":"ca_ES","og_type":"article","og_title":"En marcha la nueva temporada de los Medios de L'Hospitalet - La Farga Gesti\u00f3n de Equipamientos Municipales, S.A.","og_description":"La programaci\u00f3 habitual dels Mitjans de Comunicaci\u00f3 de L\u2019Hospitalet, i en concret de Televisi\u00f3 de L\u2019H, ha tornat aquesta setmana a les pantalles.","og_url":"https:\/\/www.lafarga.com\/corporatiu\/nueva-temporada-medios-lhospitalet\/","og_site_name":"La Farga Gesti\u00f3n de Equipamientos Municipales, S.A.","article_published_time":"2019-09-10T10:40:35+00:00","article_modified_time":"2019-09-10T10:57:02+00:00","og_image":[{"width":730,"height":410,"url":"https:\/\/www.lafarga.com\/corporatiu\/wp-content\/uploads\/2019\/09\/Mitjans-LH-2019-Farga.jpg","type":"image\/jpeg"}],"author":"\u00d2scar Milla","twitter_misc":{"Escrit per":"\u00d2scar Milla","Temps estimat de lectura":"4 minuts"},"schema":{"@context":"https:\/\/schema.org","@graph":[{"@type":"Article","@id":"https:\/\/www.lafarga.com\/corporatiu\/nueva-temporada-medios-lhospitalet\/#article","isPartOf":{"@id":"https:\/\/www.lafarga.com\/corporatiu\/nueva-temporada-medios-lhospitalet\/"},"author":{"name":"\u00d2scar Milla","@id":"https:\/\/www.lafarga.com\/corporatiu\/#\/schema\/person\/70d96fe17d0da1a9c9e80d232bdbcf33"},"headline":"En marcha la nueva temporada de los Medios de L&#8217;Hospitalet","datePublished":"2019-09-10T10:40:35+00:00","dateModified":"2019-09-10T10:57:02+00:00","mainEntityOfPage":{"@id":"https:\/\/www.lafarga.com\/corporatiu\/nueva-temporada-medios-lhospitalet\/"},"wordCount":870,"publisher":{"@id":"https:\/\/www.lafarga.com\/corporatiu\/#organization"},"image":{"@id":"https:\/\/www.lafarga.com\/corporatiu\/nueva-temporada-medios-lhospitalet\/#primaryimage"},"thumbnailUrl":"https:\/\/www.lafarga.com\/corporatiu\/wp-content\/uploads\/2019\/09\/Mitjans-LH-2019-Farga.jpg","articleSection":["Medios de Comunicaci\u00f3n"],"inLanguage":"ca"},{"@type":"WebPage","@id":"https:\/\/www.lafarga.com\/corporatiu\/nueva-temporada-medios-lhospitalet\/","url":"https:\/\/www.lafarga.com\/corporatiu\/nueva-temporada-medios-lhospitalet\/","name":"En marcha la nueva temporada de los Medios de L'Hospitalet - La Farga Gesti\u00f3n de Equipamientos Municipales, S.A.","isPartOf":{"@id":"https:\/\/www.lafarga.com\/corporatiu\/#website"},"primaryImageOfPage":{"@id":"https:\/\/www.lafarga.com\/corporatiu\/nueva-temporada-medios-lhospitalet\/#primaryimage"},"image":{"@id":"https:\/\/www.lafarga.com\/corporatiu\/nueva-temporada-medios-lhospitalet\/#primaryimage"},"thumbnailUrl":"https:\/\/www.lafarga.com\/corporatiu\/wp-content\/uploads\/2019\/09\/Mitjans-LH-2019-Farga.jpg","datePublished":"2019-09-10T10:40:35+00:00","dateModified":"2019-09-10T10:57:02+00:00","description":"La programaci\u00f3 habitual dels Mitjans de Comunicaci\u00f3 de L\u2019Hospitalet, i en concret de Televisi\u00f3 de L\u2019H, ha tornat aquesta setmana a les pantalles.","breadcrumb":{"@id":"https:\/\/www.lafarga.com\/corporatiu\/nueva-temporada-medios-lhospitalet\/#breadcrumb"},"inLanguage":"ca","potentialAction":[{"@type":"ReadAction","target":["https:\/\/www.lafarga.com\/corporatiu\/nueva-temporada-medios-lhospitalet\/"]}]},{"@type":"ImageObject","inLanguage":"ca","@id":"https:\/\/www.lafarga.com\/corporatiu\/nueva-temporada-medios-lhospitalet\/#primaryimage","url":"https:\/\/www.lafarga.com\/corporatiu\/wp-content\/uploads\/2019\/09\/Mitjans-LH-2019-Farga.jpg","contentUrl":"https:\/\/www.lafarga.com\/corporatiu\/wp-content\/uploads\/2019\/09\/Mitjans-LH-2019-Farga.jpg","width":730,"height":410,"caption":"Mitjans Farga"},{"@type":"BreadcrumbList","@id":"https:\/\/www.lafarga.com\/corporatiu\/nueva-temporada-medios-lhospitalet\/#breadcrumb","itemListElement":[{"@type":"ListItem","position":1,"name":"Home","item":"https:\/\/www.lafarga.com\/corporatiu\/lafarga-hospitalet-llobregat\/"},{"@type":"ListItem","position":2,"name":"En marcha la nueva temporada de los Medios de L&#8217;Hospitalet"}]},{"@type":"WebSite","@id":"https:\/\/www.lafarga.com\/corporatiu\/#website","url":"https:\/\/www.lafarga.com\/corporatiu\/","name":"La Farga Gesti\u00f3 d&#039;Equipaments Municipals, SA","description":"","publisher":{"@id":"https:\/\/www.lafarga.com\/corporatiu\/#organization"},"potentialAction":[{"@type":"SearchAction","target":{"@type":"EntryPoint","urlTemplate":"https:\/\/www.lafarga.com\/corporatiu\/?s={search_term_string}"},"query-input":{"@type":"PropertyValueSpecification","valueRequired":true,"valueName":"search_term_string"}}],"inLanguage":"ca"},{"@type":"Organization","@id":"https:\/\/www.lafarga.com\/corporatiu\/#organization","name":"La Farga Gesti\u00f3 d&#039;Equipaments Municipals, SA","url":"https:\/\/www.lafarga.com\/corporatiu\/","logo":{"@type":"ImageObject","inLanguage":"ca","@id":"https:\/\/www.lafarga.com\/corporatiu\/#\/schema\/logo\/image\/","url":"https:\/\/www.lafarga.com\/corporatiu\/wp-content\/uploads\/2023\/11\/logotipo_lafarga_gemsa.svg","contentUrl":"https:\/\/www.lafarga.com\/corporatiu\/wp-content\/uploads\/2023\/11\/logotipo_lafarga_gemsa.svg","width":102,"height":103,"caption":"La Farga Gesti\u00f3 d&#039;Equipaments Municipals, SA"},"image":{"@id":"https:\/\/www.lafarga.com\/corporatiu\/#\/schema\/logo\/image\/"}},{"@type":"Person","@id":"https:\/\/www.lafarga.com\/corporatiu\/#\/schema\/person\/70d96fe17d0da1a9c9e80d232bdbcf33","name":"\u00d2scar Milla","image":{"@type":"ImageObject","inLanguage":"ca","@id":"https:\/\/secure.gravatar.com\/avatar\/92e75d184f9d5e0e403bd4ad075b080ad258344ddc259adddb579f6a3ba6494f?s=96&d=mm&r=g","url":"https:\/\/secure.gravatar.com\/avatar\/92e75d184f9d5e0e403bd4ad075b080ad258344ddc259adddb579f6a3ba6494f?s=96&d=mm&r=g","contentUrl":"https:\/\/secure.gravatar.com\/avatar\/92e75d184f9d5e0e403bd4ad075b080ad258344ddc259adddb579f6a3ba6494f?s=96&d=mm&r=g","caption":"\u00d2scar Milla"},"url":"https:\/\/www.lafarga.com\/corporatiu\/author\/omilla\/"}]}},"uagb_featured_image_src":{"full":["https:\/\/www.lafarga.com\/corporatiu\/wp-content\/uploads\/2019\/09\/Mitjans-LH-2019-Farga.jpg",730,410,false],"thumbnail":["https:\/\/www.lafarga.com\/corporatiu\/wp-content\/uploads\/2019\/09\/Mitjans-LH-2019-Farga-150x150.jpg",150,150,true],"medium":["https:\/\/www.lafarga.com\/corporatiu\/wp-content\/uploads\/2019\/09\/Mitjans-LH-2019-Farga-300x168.jpg",300,168,true],"medium_large":["https:\/\/www.lafarga.com\/corporatiu\/wp-content\/uploads\/2019\/09\/Mitjans-LH-2019-Farga.jpg",730,410,false],"large":["https:\/\/www.lafarga.com\/corporatiu\/wp-content\/uploads\/2019\/09\/Mitjans-LH-2019-Farga.jpg",730,410,false],"1536x1536":["https:\/\/www.lafarga.com\/corporatiu\/wp-content\/uploads\/2019\/09\/Mitjans-LH-2019-Farga.jpg",730,410,false],"2048x2048":["https:\/\/www.lafarga.com\/corporatiu\/wp-content\/uploads\/2019\/09\/Mitjans-LH-2019-Farga.jpg",730,410,false],"mailpoet_newsletter_max":["https:\/\/www.lafarga.com\/corporatiu\/wp-content\/uploads\/2019\/09\/Mitjans-LH-2019-Farga.jpg",730,410,false]},"uagb_author_info":{"display_name":"\u00d2scar Milla","author_link":"https:\/\/www.lafarga.com\/corporatiu\/author\/omilla\/"},"uagb_comment_info":0,"uagb_excerpt":"La programaci\u00f3n habitual de los Medios de Comunicaci\u00f3n de L'Hospitalet, y en concreto de Televisi\u00f3n de L'Hospitalet, ha vuelto esta semana a las pantallas.","_links":{"self":[{"href":"https:\/\/www.lafarga.com\/corporatiu\/wp-json\/wp\/v2\/posts\/13692","targetHints":{"allow":["GET"]}}],"collection":[{"href":"https:\/\/www.lafarga.com\/corporatiu\/wp-json\/wp\/v2\/posts"}],"about":[{"href":"https:\/\/www.lafarga.com\/corporatiu\/wp-json\/wp\/v2\/types\/post"}],"author":[{"embeddable":true,"href":"https:\/\/www.lafarga.com\/corporatiu\/wp-json\/wp\/v2\/users\/5"}],"replies":[{"embeddable":true,"href":"https:\/\/www.lafarga.com\/corporatiu\/wp-json\/wp\/v2\/comments?post=13692"}],"version-history":[{"count":3,"href":"https:\/\/www.lafarga.com\/corporatiu\/wp-json\/wp\/v2\/posts\/13692\/revisions"}],"predecessor-version":[{"id":13698,"href":"https:\/\/www.lafarga.com\/corporatiu\/wp-json\/wp\/v2\/posts\/13692\/revisions\/13698"}],"wp:featuredmedia":[{"embeddable":true,"href":"https:\/\/www.lafarga.com\/corporatiu\/wp-json\/wp\/v2\/media\/13688"}],"wp:attachment":[{"href":"https:\/\/www.lafarga.com\/corporatiu\/wp-json\/wp\/v2\/media?parent=13692"}],"wp:term":[{"taxonomy":"category","embeddable":true,"href":"https:\/\/www.lafarga.com\/corporatiu\/wp-json\/wp\/v2\/categories?post=13692"},{"taxonomy":"post_tag","embeddable":true,"href":"https:\/\/www.lafarga.com\/corporatiu\/wp-json\/wp\/v2\/tags?post=13692"}],"curies":[{"name":"wp","href":"https:\/\/api.w.org\/{rel}","templated":true}]}}