{"id":13583,"date":"2019-06-26T10:03:00","date_gmt":"2019-06-26T10:03:00","guid":{"rendered":"http:\/\/www.lafarga.com\/corporatiu\/?p=13583"},"modified":"2019-07-01T10:11:54","modified_gmt":"2019-07-01T10:11:54","slug":"el-nuevo-mandato-municipal-2019-23-en-portada","status":"publish","type":"post","link":"https:\/\/www.lafarga.com\/corporatiu\/el-nuevo-mandato-municipal-2019-23-en-portada\/","title":{"rendered":"El nuevo mandato municipal 2019-23, en portada"},"content":{"rendered":"\r\n<h5>Edici\u00f3n n\u00famero 347<\/h5>\r\n\r\n\r\n\r\n<p>El inicio del nuevo mandato en el Ayuntamiento de L&#8217;Hospitalet es el principal tema de portada del \u00faltimo <a href=\"https:\/\/lhdigital.cat\/web\/diari\/diari-l-h\" target=\"_blank\" rel=\"noopener noreferrer\"><strong>Diari de L&#8217;Hospitalet<\/strong><\/a>. Nuevo gobierno municipal para abordar los grandes proyectos, el mantenimiento del municipio y la atenci\u00f3n a las personas. Se ha constituido en nuevo Pleno con cinco grupos pol\u00edticos y llamadas al di\u00e1logo.<\/p>\r\n\r\n\r\n\r\n<p>En este diario, encontraremos una entrevista con la alcaldesa N\u00faria Mar\u00edn, en la que destaca que en los pr\u00f3ximos 4 a\u00f1os veremos L&#8217;Hospitalet sin v\u00edas ni autov\u00edas.<\/p>\r\n\r\n\r\n\r\n<p>Las p\u00e1ginas centrales, en este n\u00famero del Diari de L&#8217;Hospitalet, destacan la llegada de un nuevo Summer Experience, propuesta para disfrutar del verano en los barrios.<\/p>\r\n\r\n\r\n\r\n<p>Otros temas que destaca el diario son el balance para cerrar curso de los programas municipales para el \u00e9xito educativo; que L&#8217;Hospitalet se suma a la campa\u00f1a de acogida temporal de ni\u00f1os en familias; y que el centro de innovaci\u00f3n social, Torre Barrina, ampl\u00eda su oferta pedag\u00f3gica.<\/p>\r\n\r\n\r\n\r\n<p>En deportes el diario destaca que el Centre d&#8217;Esports L&#8217;Hospitalet ya prepara una nueva temporada en Tercera, tras caer prematuramente en el play off de ascenso.<\/p>\r\n\r\n\r\n\r\n<p>El Diari de L&#8217;Hospitalet es un <a href=\"https:\/\/www.lafarga.com\/corporatiu\/medios-comunicacion-hospitalet-la-farga\/\" target=\"_blank\" rel=\"noopener noreferrer\"><strong>medio de comunicaci\u00f3n<\/strong><\/a> editado por La Farga Gesti\u00f3n de Equipamientos Municipales, y tiene una tirada de 105.000 ejemplares.<\/p>\r\n\r\n\r\n\r\n<p>Aqu\u00ed puede ver la <a href=\"http:\/\/lhdigital.cat\/diarilh_digital\/347\/index.html\" target=\"_blank\" rel=\"noopener noreferrer\"><strong>versi\u00f3n digital<\/strong><\/a> del Diari de L&#8217;Hospitalet.<\/p>\r\n","protected":false},"excerpt":{"rendered":"<p>El inicio del nuevo mandato en el Ayuntamiento de L&#8217;Hospitalet es el principal tema de portada del \u00faltimo Diari de L&#8217;Hospitalet. Nuevo gobierno municipal para abordar los grandes proyectos, el mantenimiento del municipio y la atenci\u00f3n a las personas.<\/p>\n","protected":false},"author":5,"featured_media":13581,"comment_status":"closed","ping_status":"closed","sticky":false,"template":"","format":"standard","meta":{"inline_featured_image":false,"_uag_custom_page_level_css":"","_monsterinsights_skip_tracking":false,"_monsterinsights_sitenote_active":false,"_monsterinsights_sitenote_note":"","_monsterinsights_sitenote_category":0,"site-sidebar-layout":"default","site-content-layout":"","ast-site-content-layout":"default","site-content-style":"default","site-sidebar-style":"default","ast-global-header-display":"","ast-banner-title-visibility":"","ast-main-header-display":"","ast-hfb-above-header-display":"","ast-hfb-below-header-display":"","ast-hfb-mobile-header-display":"","site-post-title":"","ast-breadcrumbs-content":"","ast-featured-img":"","footer-sml-layout":"","ast-disable-related-posts":"","theme-transparent-header-meta":"","adv-header-id-meta":"","stick-header-meta":"","header-above-stick-meta":"","header-main-stick-meta":"","header-below-stick-meta":"","astra-migrate-meta-layouts":"default","ast-page-background-enabled":"default","ast-page-background-meta":{"desktop":{"background-color":"var(--ast-global-color-4)","background-image":"","background-repeat":"repeat","background-position":"center center","background-size":"auto","background-attachment":"scroll","background-type":"","background-media":"","overlay-type":"","overlay-color":"","overlay-opacity":"","overlay-gradient":""},"tablet":{"background-color":"","background-image":"","background-repeat":"repeat","background-position":"center center","background-size":"auto","background-attachment":"scroll","background-type":"","background-media":"","overlay-type":"","overlay-color":"","overlay-opacity":"","overlay-gradient":""},"mobile":{"background-color":"","background-image":"","background-repeat":"repeat","background-position":"center center","background-size":"auto","background-attachment":"scroll","background-type":"","background-media":"","overlay-type":"","overlay-color":"","overlay-opacity":"","overlay-gradient":""}},"ast-content-background-meta":{"desktop":{"background-color":"var(--ast-global-color-5)","background-image":"","background-repeat":"repeat","background-position":"center center","background-size":"auto","background-attachment":"scroll","background-type":"","background-media":"","overlay-type":"","overlay-color":"","overlay-opacity":"","overlay-gradient":""},"tablet":{"background-color":"var(--ast-global-color-5)","background-image":"","background-repeat":"repeat","background-position":"center center","background-size":"auto","background-attachment":"scroll","background-type":"","background-media":"","overlay-type":"","overlay-color":"","overlay-opacity":"","overlay-gradient":""},"mobile":{"background-color":"var(--ast-global-color-5)","background-image":"","background-repeat":"repeat","background-position":"center center","background-size":"auto","background-attachment":"scroll","background-type":"","background-media":"","overlay-type":"","overlay-color":"","overlay-opacity":"","overlay-gradient":""}},"footnotes":""},"categories":[81],"tags":[],"class_list":["post-13583","post","type-post","status-publish","format-standard","has-post-thumbnail","hentry","category-medios-comunicacion"],"yoast_head":"<!-- This site is optimized with the Yoast SEO plugin v27.5 - https:\/\/yoast.com\/product\/yoast-seo-wordpress\/ -->\n<title>El nuevo mandato municipal 2019-23, en portada - La Farga Gesti\u00f3n de Equipamientos Municipales, S.A.<\/title>\n<meta name=\"description\" content=\"L\u2019inici del nou mandat a l\u2019Ajuntament de L\u2019Hospitalet \u00e9s el principal tema de portada del darrer Diari de L\u2019Hospitalet. Nou govern municipal per a 2019-23.\" \/>\n<meta name=\"robots\" content=\"index, follow, max-snippet:-1, max-image-preview:large, max-video-preview:-1\" \/>\n<link rel=\"canonical\" href=\"https:\/\/www.lafarga.com\/corporatiu\/el-nuevo-mandato-municipal-2019-23-en-portada\/\" \/>\n<meta property=\"og:locale\" content=\"ca_ES\" \/>\n<meta property=\"og:type\" content=\"article\" \/>\n<meta property=\"og:title\" content=\"El nuevo mandato municipal 2019-23, en portada - La Farga Gesti\u00f3n de Equipamientos Municipales, S.A.\" \/>\n<meta property=\"og:description\" content=\"L\u2019inici del nou mandat a l\u2019Ajuntament de L\u2019Hospitalet \u00e9s el principal tema de portada del darrer Diari de L\u2019Hospitalet. Nou govern municipal per a 2019-23.\" \/>\n<meta property=\"og:url\" content=\"https:\/\/www.lafarga.com\/corporatiu\/el-nuevo-mandato-municipal-2019-23-en-portada\/\" \/>\n<meta property=\"og:site_name\" content=\"La Farga Gesti\u00f3n de Equipamientos Municipales, S.A.\" \/>\n<meta property=\"article:published_time\" content=\"2019-06-26T10:03:00+00:00\" \/>\n<meta property=\"article:modified_time\" content=\"2019-07-01T10:11:54+00:00\" \/>\n<meta property=\"og:image\" content=\"https:\/\/www.lafarga.com\/corporatiu\/wp-content\/uploads\/2019\/07\/Diari-LH-Juliol19.jpg\" \/>\n\t<meta property=\"og:image:width\" content=\"730\" \/>\n\t<meta property=\"og:image:height\" content=\"410\" \/>\n\t<meta property=\"og:image:type\" content=\"image\/jpeg\" \/>\n<meta name=\"author\" content=\"\u00d2scar Milla\" \/>\n<meta name=\"twitter:label1\" content=\"Escrit per\" \/>\n\t<meta name=\"twitter:data1\" content=\"\u00d2scar Milla\" \/>\n\t<meta name=\"twitter:label2\" content=\"Temps estimat de lectura\" \/>\n\t<meta name=\"twitter:data2\" content=\"1 minut\" \/>\n<script type=\"application\/ld+json\" class=\"yoast-schema-graph\">{\"@context\":\"https:\\\/\\\/schema.org\",\"@graph\":[{\"@type\":\"Article\",\"@id\":\"https:\\\/\\\/www.lafarga.com\\\/corporatiu\\\/el-nuevo-mandato-municipal-2019-23-en-portada\\\/#article\",\"isPartOf\":{\"@id\":\"https:\\\/\\\/www.lafarga.com\\\/corporatiu\\\/el-nuevo-mandato-municipal-2019-23-en-portada\\\/\"},\"author\":{\"name\":\"\u00d2scar Milla\",\"@id\":\"https:\\\/\\\/www.lafarga.com\\\/corporatiu\\\/#\\\/schema\\\/person\\\/70d96fe17d0da1a9c9e80d232bdbcf33\"},\"headline\":\"El nuevo mandato municipal 2019-23, en portada\",\"datePublished\":\"2019-06-26T10:03:00+00:00\",\"dateModified\":\"2019-07-01T10:11:54+00:00\",\"mainEntityOfPage\":{\"@id\":\"https:\\\/\\\/www.lafarga.com\\\/corporatiu\\\/el-nuevo-mandato-municipal-2019-23-en-portada\\\/\"},\"wordCount\":250,\"publisher\":{\"@id\":\"https:\\\/\\\/www.lafarga.com\\\/corporatiu\\\/#organization\"},\"image\":{\"@id\":\"https:\\\/\\\/www.lafarga.com\\\/corporatiu\\\/el-nuevo-mandato-municipal-2019-23-en-portada\\\/#primaryimage\"},\"thumbnailUrl\":\"https:\\\/\\\/www.lafarga.com\\\/corporatiu\\\/wp-content\\\/uploads\\\/2019\\\/07\\\/Diari-LH-Juliol19.jpg\",\"articleSection\":[\"Medios de Comunicaci\u00f3n\"],\"inLanguage\":\"ca\"},{\"@type\":\"WebPage\",\"@id\":\"https:\\\/\\\/www.lafarga.com\\\/corporatiu\\\/el-nuevo-mandato-municipal-2019-23-en-portada\\\/\",\"url\":\"https:\\\/\\\/www.lafarga.com\\\/corporatiu\\\/el-nuevo-mandato-municipal-2019-23-en-portada\\\/\",\"name\":\"El nuevo mandato municipal 2019-23, en portada - La Farga Gesti\u00f3n de Equipamientos Municipales, S.A.\",\"isPartOf\":{\"@id\":\"https:\\\/\\\/www.lafarga.com\\\/corporatiu\\\/#website\"},\"primaryImageOfPage\":{\"@id\":\"https:\\\/\\\/www.lafarga.com\\\/corporatiu\\\/el-nuevo-mandato-municipal-2019-23-en-portada\\\/#primaryimage\"},\"image\":{\"@id\":\"https:\\\/\\\/www.lafarga.com\\\/corporatiu\\\/el-nuevo-mandato-municipal-2019-23-en-portada\\\/#primaryimage\"},\"thumbnailUrl\":\"https:\\\/\\\/www.lafarga.com\\\/corporatiu\\\/wp-content\\\/uploads\\\/2019\\\/07\\\/Diari-LH-Juliol19.jpg\",\"datePublished\":\"2019-06-26T10:03:00+00:00\",\"dateModified\":\"2019-07-01T10:11:54+00:00\",\"description\":\"L\u2019inici del nou mandat a l\u2019Ajuntament de L\u2019Hospitalet \u00e9s el principal tema de portada del darrer Diari de L\u2019Hospitalet. Nou govern municipal per a 2019-23.\",\"breadcrumb\":{\"@id\":\"https:\\\/\\\/www.lafarga.com\\\/corporatiu\\\/el-nuevo-mandato-municipal-2019-23-en-portada\\\/#breadcrumb\"},\"inLanguage\":\"ca\",\"potentialAction\":[{\"@type\":\"ReadAction\",\"target\":[\"https:\\\/\\\/www.lafarga.com\\\/corporatiu\\\/el-nuevo-mandato-municipal-2019-23-en-portada\\\/\"]}]},{\"@type\":\"ImageObject\",\"inLanguage\":\"ca\",\"@id\":\"https:\\\/\\\/www.lafarga.com\\\/corporatiu\\\/el-nuevo-mandato-municipal-2019-23-en-portada\\\/#primaryimage\",\"url\":\"https:\\\/\\\/www.lafarga.com\\\/corporatiu\\\/wp-content\\\/uploads\\\/2019\\\/07\\\/Diari-LH-Juliol19.jpg\",\"contentUrl\":\"https:\\\/\\\/www.lafarga.com\\\/corporatiu\\\/wp-content\\\/uploads\\\/2019\\\/07\\\/Diari-LH-Juliol19.jpg\",\"width\":730,\"height\":410,\"caption\":\"Nou mandat Diari\"},{\"@type\":\"BreadcrumbList\",\"@id\":\"https:\\\/\\\/www.lafarga.com\\\/corporatiu\\\/el-nuevo-mandato-municipal-2019-23-en-portada\\\/#breadcrumb\",\"itemListElement\":[{\"@type\":\"ListItem\",\"position\":1,\"name\":\"Home\",\"item\":\"https:\\\/\\\/www.lafarga.com\\\/corporatiu\\\/lafarga-hospitalet-llobregat\\\/\"},{\"@type\":\"ListItem\",\"position\":2,\"name\":\"El nuevo mandato municipal 2019-23, en portada\"}]},{\"@type\":\"WebSite\",\"@id\":\"https:\\\/\\\/www.lafarga.com\\\/corporatiu\\\/#website\",\"url\":\"https:\\\/\\\/www.lafarga.com\\\/corporatiu\\\/\",\"name\":\"La Farga Gesti\u00f3 d&#039;Equipaments Municipals, SA\",\"description\":\"\",\"publisher\":{\"@id\":\"https:\\\/\\\/www.lafarga.com\\\/corporatiu\\\/#organization\"},\"potentialAction\":[{\"@type\":\"SearchAction\",\"target\":{\"@type\":\"EntryPoint\",\"urlTemplate\":\"https:\\\/\\\/www.lafarga.com\\\/corporatiu\\\/?s={search_term_string}\"},\"query-input\":{\"@type\":\"PropertyValueSpecification\",\"valueRequired\":true,\"valueName\":\"search_term_string\"}}],\"inLanguage\":\"ca\"},{\"@type\":\"Organization\",\"@id\":\"https:\\\/\\\/www.lafarga.com\\\/corporatiu\\\/#organization\",\"name\":\"La Farga Gesti\u00f3 d&#039;Equipaments Municipals, SA\",\"url\":\"https:\\\/\\\/www.lafarga.com\\\/corporatiu\\\/\",\"logo\":{\"@type\":\"ImageObject\",\"inLanguage\":\"ca\",\"@id\":\"https:\\\/\\\/www.lafarga.com\\\/corporatiu\\\/#\\\/schema\\\/logo\\\/image\\\/\",\"url\":\"https:\\\/\\\/www.lafarga.com\\\/corporatiu\\\/wp-content\\\/uploads\\\/2023\\\/11\\\/logotipo_lafarga_gemsa.svg\",\"contentUrl\":\"https:\\\/\\\/www.lafarga.com\\\/corporatiu\\\/wp-content\\\/uploads\\\/2023\\\/11\\\/logotipo_lafarga_gemsa.svg\",\"width\":102,\"height\":103,\"caption\":\"La Farga Gesti\u00f3 d&#039;Equipaments Municipals, SA\"},\"image\":{\"@id\":\"https:\\\/\\\/www.lafarga.com\\\/corporatiu\\\/#\\\/schema\\\/logo\\\/image\\\/\"}},{\"@type\":\"Person\",\"@id\":\"https:\\\/\\\/www.lafarga.com\\\/corporatiu\\\/#\\\/schema\\\/person\\\/70d96fe17d0da1a9c9e80d232bdbcf33\",\"name\":\"\u00d2scar Milla\",\"image\":{\"@type\":\"ImageObject\",\"inLanguage\":\"ca\",\"@id\":\"https:\\\/\\\/secure.gravatar.com\\\/avatar\\\/92e75d184f9d5e0e403bd4ad075b080ad258344ddc259adddb579f6a3ba6494f?s=96&d=mm&r=g\",\"url\":\"https:\\\/\\\/secure.gravatar.com\\\/avatar\\\/92e75d184f9d5e0e403bd4ad075b080ad258344ddc259adddb579f6a3ba6494f?s=96&d=mm&r=g\",\"contentUrl\":\"https:\\\/\\\/secure.gravatar.com\\\/avatar\\\/92e75d184f9d5e0e403bd4ad075b080ad258344ddc259adddb579f6a3ba6494f?s=96&d=mm&r=g\",\"caption\":\"\u00d2scar Milla\"},\"url\":\"https:\\\/\\\/www.lafarga.com\\\/corporatiu\\\/author\\\/omilla\\\/\"}]}<\/script>\n<!-- \/ Yoast SEO plugin. -->","yoast_head_json":{"title":"El nuevo mandato municipal 2019-23, en portada - La Farga Gesti\u00f3n de Equipamientos Municipales, S.A.","description":"L\u2019inici del nou mandat a l\u2019Ajuntament de L\u2019Hospitalet \u00e9s el principal tema de portada del darrer Diari de L\u2019Hospitalet. Nou govern municipal per a 2019-23.","robots":{"index":"index","follow":"follow","max-snippet":"max-snippet:-1","max-image-preview":"max-image-preview:large","max-video-preview":"max-video-preview:-1"},"canonical":"https:\/\/www.lafarga.com\/corporatiu\/el-nuevo-mandato-municipal-2019-23-en-portada\/","og_locale":"ca_ES","og_type":"article","og_title":"El nuevo mandato municipal 2019-23, en portada - La Farga Gesti\u00f3n de Equipamientos Municipales, S.A.","og_description":"L\u2019inici del nou mandat a l\u2019Ajuntament de L\u2019Hospitalet \u00e9s el principal tema de portada del darrer Diari de L\u2019Hospitalet. Nou govern municipal per a 2019-23.","og_url":"https:\/\/www.lafarga.com\/corporatiu\/el-nuevo-mandato-municipal-2019-23-en-portada\/","og_site_name":"La Farga Gesti\u00f3n de Equipamientos Municipales, S.A.","article_published_time":"2019-06-26T10:03:00+00:00","article_modified_time":"2019-07-01T10:11:54+00:00","og_image":[{"width":730,"height":410,"url":"https:\/\/www.lafarga.com\/corporatiu\/wp-content\/uploads\/2019\/07\/Diari-LH-Juliol19.jpg","type":"image\/jpeg"}],"author":"\u00d2scar Milla","twitter_misc":{"Escrit per":"\u00d2scar Milla","Temps estimat de lectura":"1 minut"},"schema":{"@context":"https:\/\/schema.org","@graph":[{"@type":"Article","@id":"https:\/\/www.lafarga.com\/corporatiu\/el-nuevo-mandato-municipal-2019-23-en-portada\/#article","isPartOf":{"@id":"https:\/\/www.lafarga.com\/corporatiu\/el-nuevo-mandato-municipal-2019-23-en-portada\/"},"author":{"name":"\u00d2scar Milla","@id":"https:\/\/www.lafarga.com\/corporatiu\/#\/schema\/person\/70d96fe17d0da1a9c9e80d232bdbcf33"},"headline":"El nuevo mandato municipal 2019-23, en portada","datePublished":"2019-06-26T10:03:00+00:00","dateModified":"2019-07-01T10:11:54+00:00","mainEntityOfPage":{"@id":"https:\/\/www.lafarga.com\/corporatiu\/el-nuevo-mandato-municipal-2019-23-en-portada\/"},"wordCount":250,"publisher":{"@id":"https:\/\/www.lafarga.com\/corporatiu\/#organization"},"image":{"@id":"https:\/\/www.lafarga.com\/corporatiu\/el-nuevo-mandato-municipal-2019-23-en-portada\/#primaryimage"},"thumbnailUrl":"https:\/\/www.lafarga.com\/corporatiu\/wp-content\/uploads\/2019\/07\/Diari-LH-Juliol19.jpg","articleSection":["Medios de Comunicaci\u00f3n"],"inLanguage":"ca"},{"@type":"WebPage","@id":"https:\/\/www.lafarga.com\/corporatiu\/el-nuevo-mandato-municipal-2019-23-en-portada\/","url":"https:\/\/www.lafarga.com\/corporatiu\/el-nuevo-mandato-municipal-2019-23-en-portada\/","name":"El nuevo mandato municipal 2019-23, en portada - La Farga Gesti\u00f3n de Equipamientos Municipales, S.A.","isPartOf":{"@id":"https:\/\/www.lafarga.com\/corporatiu\/#website"},"primaryImageOfPage":{"@id":"https:\/\/www.lafarga.com\/corporatiu\/el-nuevo-mandato-municipal-2019-23-en-portada\/#primaryimage"},"image":{"@id":"https:\/\/www.lafarga.com\/corporatiu\/el-nuevo-mandato-municipal-2019-23-en-portada\/#primaryimage"},"thumbnailUrl":"https:\/\/www.lafarga.com\/corporatiu\/wp-content\/uploads\/2019\/07\/Diari-LH-Juliol19.jpg","datePublished":"2019-06-26T10:03:00+00:00","dateModified":"2019-07-01T10:11:54+00:00","description":"L\u2019inici del nou mandat a l\u2019Ajuntament de L\u2019Hospitalet \u00e9s el principal tema de portada del darrer Diari de L\u2019Hospitalet. Nou govern municipal per a 2019-23.","breadcrumb":{"@id":"https:\/\/www.lafarga.com\/corporatiu\/el-nuevo-mandato-municipal-2019-23-en-portada\/#breadcrumb"},"inLanguage":"ca","potentialAction":[{"@type":"ReadAction","target":["https:\/\/www.lafarga.com\/corporatiu\/el-nuevo-mandato-municipal-2019-23-en-portada\/"]}]},{"@type":"ImageObject","inLanguage":"ca","@id":"https:\/\/www.lafarga.com\/corporatiu\/el-nuevo-mandato-municipal-2019-23-en-portada\/#primaryimage","url":"https:\/\/www.lafarga.com\/corporatiu\/wp-content\/uploads\/2019\/07\/Diari-LH-Juliol19.jpg","contentUrl":"https:\/\/www.lafarga.com\/corporatiu\/wp-content\/uploads\/2019\/07\/Diari-LH-Juliol19.jpg","width":730,"height":410,"caption":"Nou mandat Diari"},{"@type":"BreadcrumbList","@id":"https:\/\/www.lafarga.com\/corporatiu\/el-nuevo-mandato-municipal-2019-23-en-portada\/#breadcrumb","itemListElement":[{"@type":"ListItem","position":1,"name":"Home","item":"https:\/\/www.lafarga.com\/corporatiu\/lafarga-hospitalet-llobregat\/"},{"@type":"ListItem","position":2,"name":"El nuevo mandato municipal 2019-23, en portada"}]},{"@type":"WebSite","@id":"https:\/\/www.lafarga.com\/corporatiu\/#website","url":"https:\/\/www.lafarga.com\/corporatiu\/","name":"La Farga Gesti\u00f3 d&#039;Equipaments Municipals, SA","description":"","publisher":{"@id":"https:\/\/www.lafarga.com\/corporatiu\/#organization"},"potentialAction":[{"@type":"SearchAction","target":{"@type":"EntryPoint","urlTemplate":"https:\/\/www.lafarga.com\/corporatiu\/?s={search_term_string}"},"query-input":{"@type":"PropertyValueSpecification","valueRequired":true,"valueName":"search_term_string"}}],"inLanguage":"ca"},{"@type":"Organization","@id":"https:\/\/www.lafarga.com\/corporatiu\/#organization","name":"La Farga Gesti\u00f3 d&#039;Equipaments Municipals, SA","url":"https:\/\/www.lafarga.com\/corporatiu\/","logo":{"@type":"ImageObject","inLanguage":"ca","@id":"https:\/\/www.lafarga.com\/corporatiu\/#\/schema\/logo\/image\/","url":"https:\/\/www.lafarga.com\/corporatiu\/wp-content\/uploads\/2023\/11\/logotipo_lafarga_gemsa.svg","contentUrl":"https:\/\/www.lafarga.com\/corporatiu\/wp-content\/uploads\/2023\/11\/logotipo_lafarga_gemsa.svg","width":102,"height":103,"caption":"La Farga Gesti\u00f3 d&#039;Equipaments Municipals, SA"},"image":{"@id":"https:\/\/www.lafarga.com\/corporatiu\/#\/schema\/logo\/image\/"}},{"@type":"Person","@id":"https:\/\/www.lafarga.com\/corporatiu\/#\/schema\/person\/70d96fe17d0da1a9c9e80d232bdbcf33","name":"\u00d2scar Milla","image":{"@type":"ImageObject","inLanguage":"ca","@id":"https:\/\/secure.gravatar.com\/avatar\/92e75d184f9d5e0e403bd4ad075b080ad258344ddc259adddb579f6a3ba6494f?s=96&d=mm&r=g","url":"https:\/\/secure.gravatar.com\/avatar\/92e75d184f9d5e0e403bd4ad075b080ad258344ddc259adddb579f6a3ba6494f?s=96&d=mm&r=g","contentUrl":"https:\/\/secure.gravatar.com\/avatar\/92e75d184f9d5e0e403bd4ad075b080ad258344ddc259adddb579f6a3ba6494f?s=96&d=mm&r=g","caption":"\u00d2scar Milla"},"url":"https:\/\/www.lafarga.com\/corporatiu\/author\/omilla\/"}]}},"uagb_featured_image_src":{"full":["https:\/\/www.lafarga.com\/corporatiu\/wp-content\/uploads\/2019\/07\/Diari-LH-Juliol19.jpg",730,410,false],"thumbnail":["https:\/\/www.lafarga.com\/corporatiu\/wp-content\/uploads\/2019\/07\/Diari-LH-Juliol19-150x150.jpg",150,150,true],"medium":["https:\/\/www.lafarga.com\/corporatiu\/wp-content\/uploads\/2019\/07\/Diari-LH-Juliol19-300x168.jpg",300,168,true],"medium_large":["https:\/\/www.lafarga.com\/corporatiu\/wp-content\/uploads\/2019\/07\/Diari-LH-Juliol19.jpg",730,410,false],"large":["https:\/\/www.lafarga.com\/corporatiu\/wp-content\/uploads\/2019\/07\/Diari-LH-Juliol19.jpg",730,410,false],"1536x1536":["https:\/\/www.lafarga.com\/corporatiu\/wp-content\/uploads\/2019\/07\/Diari-LH-Juliol19.jpg",730,410,false],"2048x2048":["https:\/\/www.lafarga.com\/corporatiu\/wp-content\/uploads\/2019\/07\/Diari-LH-Juliol19.jpg",730,410,false],"mailpoet_newsletter_max":["https:\/\/www.lafarga.com\/corporatiu\/wp-content\/uploads\/2019\/07\/Diari-LH-Juliol19.jpg",730,410,false]},"uagb_author_info":{"display_name":"\u00d2scar Milla","author_link":"https:\/\/www.lafarga.com\/corporatiu\/author\/omilla\/"},"uagb_comment_info":0,"uagb_excerpt":"El inicio del nuevo mandato en el Ayuntamiento de L'Hospitalet es el principal tema de portada del \u00faltimo Diari de L'Hospitalet. Nuevo gobierno municipal para abordar los grandes proyectos, el mantenimiento del municipio y la atenci\u00f3n a las personas.","_links":{"self":[{"href":"https:\/\/www.lafarga.com\/corporatiu\/wp-json\/wp\/v2\/posts\/13583","targetHints":{"allow":["GET"]}}],"collection":[{"href":"https:\/\/www.lafarga.com\/corporatiu\/wp-json\/wp\/v2\/posts"}],"about":[{"href":"https:\/\/www.lafarga.com\/corporatiu\/wp-json\/wp\/v2\/types\/post"}],"author":[{"embeddable":true,"href":"https:\/\/www.lafarga.com\/corporatiu\/wp-json\/wp\/v2\/users\/5"}],"replies":[{"embeddable":true,"href":"https:\/\/www.lafarga.com\/corporatiu\/wp-json\/wp\/v2\/comments?post=13583"}],"version-history":[{"count":3,"href":"https:\/\/www.lafarga.com\/corporatiu\/wp-json\/wp\/v2\/posts\/13583\/revisions"}],"predecessor-version":[{"id":13589,"href":"https:\/\/www.lafarga.com\/corporatiu\/wp-json\/wp\/v2\/posts\/13583\/revisions\/13589"}],"wp:featuredmedia":[{"embeddable":true,"href":"https:\/\/www.lafarga.com\/corporatiu\/wp-json\/wp\/v2\/media\/13581"}],"wp:attachment":[{"href":"https:\/\/www.lafarga.com\/corporatiu\/wp-json\/wp\/v2\/media?parent=13583"}],"wp:term":[{"taxonomy":"category","embeddable":true,"href":"https:\/\/www.lafarga.com\/corporatiu\/wp-json\/wp\/v2\/categories?post=13583"},{"taxonomy":"post_tag","embeddable":true,"href":"https:\/\/www.lafarga.com\/corporatiu\/wp-json\/wp\/v2\/tags?post=13583"}],"curies":[{"name":"wp","href":"https:\/\/api.w.org\/{rel}","templated":true}]}}