{"id":13415,"date":"2019-04-24T11:17:58","date_gmt":"2019-04-24T11:17:58","guid":{"rendered":"http:\/\/www.lafarga.com\/corporatiu\/?p=13415"},"modified":"2019-04-24T11:27:06","modified_gmt":"2019-04-24T11:27:06","slug":"medios-salen-calle-por-fiestas-de-primavera","status":"publish","type":"post","link":"https:\/\/www.lafarga.com\/corporatiu\/medios-salen-calle-por-fiestas-de-primavera\/","title":{"rendered":"Los Medios salen a la calle por Fiestas de Primavera"},"content":{"rendered":"\r\n<h5>Programas, secciones y ediciones especiales<\/h5>\r\n<p>Los Medios de Comunicaci\u00f3n Municipales de L&#8217;Hospitalet realizar\u00e1n, un a\u00f1o m\u00e1s, un despliegue especial para informar a la ciudadan\u00eda del desarrollo de las Fiestas de Primavera, la fiesta mayor de la ciudad.<\/p>\r\n<p>L&#8217;Hdigital ha abierto una <a href=\"http:\/\/lhdigital.cat\/web\/digital-h\/festesprimavera2019\" target=\"_blank\" rel=\"noopener noreferrer\"><strong>secci\u00f3n<\/strong><\/a> en portal, el Diari de L&#8217;Hospitalet ha publicado una <a href=\"http:\/\/lhdigital.cat\/diarilh_digital\/345\/index.html\" target=\"_blank\" rel=\"noopener noreferrer\"><strong>edici\u00f3n especial<\/strong><\/a> y la Televisi\u00f3n de L&#8217;Hospitalet har\u00e1 programas en directo durante las Fiestas.<\/p>\r\n<p>Por lo que respecta al especial Fiestas de Primavera de L&#8217;Hdigital, incluye noticias, v\u00eddeos y galer\u00edas fotogr\u00e1ficas, adem\u00e1s de la agenda de actividades completa para seguir en todo momento que se hace durante las fiestas.<\/p>\r\n<p>Adem\u00e1s, L&#8217;Hdigital y el programa de Televisi\u00f3n de L&#8217;Hospitalet &#8220;Taquilla Inversa&#8221; sortean dos entradas dobles para asistir a los conciertos de <a href=\"https:\/\/www.lafarga.com\/corporatiu\/rozalen-y-beret-los-conciertos-de-fiestas-en-la-farga\/\" target=\"_blank\" rel=\"noopener noreferrer\"><strong>Rozal\u00e9n y Beret<\/strong><\/a> en La Farga Centro de Actividades, viernes 26 y s\u00e1bado 27.<\/p>\r\n<p>Ya los d\u00edas de las Fiestas, Televisi\u00f3n de L&#8217;Hospitalet ofrecer\u00e1 en directo el preg\u00f3n, a cargo de &#8216;El Sevilla&#8217; y el Toque de inicio, el 25 de abril a partir de las 19.30h, que tambi\u00e9n se podr\u00e1 seguir por streeming en L&#8217;Hdigital y posteriormente a la carta.<\/p>\r\n<p>Del 26 al 28 de abril, la televisi\u00f3n de la ciudad instalar\u00e1 un plat\u00f3 en la plaza del Ayuntamiento donde har\u00e1 programas en directo, que se podr\u00e1n seguir, en directo, por la TDT y por L&#8217;Hdigital, tanto en la web como la app de los Medios de Comunicaci\u00f3n de L&#8217;H.<\/p>\r\n<p>El s\u00e1bado 27 (a partir de las 17.30h) y domingo 28 (a partir de las 11.30h) emitir\u00e1n reportajes, entrevistas y noticias en torno al programa de fiestas. El d\u00eda 28, adem\u00e1s, la redacci\u00f3n estar\u00e1 atenta al desarrollo de la jornada de elecciones generales, que coincide con el \u00faltimo d\u00eda de las Fiestas de Primavera.<\/p>\r\n<p>Te invitamos a ver el v\u00eddeo promocional de las actividades especiales de Televisi\u00f3n de L&#8217;Hospitalet que tienen como protagonista al drag\u00f3n de las Fiestas de Primavera 2019.<\/p>\r\n","protected":false},"excerpt":{"rendered":"<p>Los Medios de Comunicaci\u00f3n Municipales de L&#8217;Hospitalet realizar\u00e1n, un a\u00f1o m\u00e1s, un despliegue especial para informar a la ciudadan\u00eda del desarrollo de las Fiestas de Primavera.<\/p>\n","protected":false},"author":5,"featured_media":13412,"comment_status":"closed","ping_status":"closed","sticky":false,"template":"","format":"standard","meta":{"inline_featured_image":false,"_uag_custom_page_level_css":"","_monsterinsights_skip_tracking":false,"_monsterinsights_sitenote_active":false,"_monsterinsights_sitenote_note":"","_monsterinsights_sitenote_category":0,"site-sidebar-layout":"default","site-content-layout":"","ast-site-content-layout":"default","site-content-style":"default","site-sidebar-style":"default","ast-global-header-display":"","ast-banner-title-visibility":"","ast-main-header-display":"","ast-hfb-above-header-display":"","ast-hfb-below-header-display":"","ast-hfb-mobile-header-display":"","site-post-title":"","ast-breadcrumbs-content":"","ast-featured-img":"","footer-sml-layout":"","ast-disable-related-posts":"","theme-transparent-header-meta":"","adv-header-id-meta":"","stick-header-meta":"","header-above-stick-meta":"","header-main-stick-meta":"","header-below-stick-meta":"","astra-migrate-meta-layouts":"default","ast-page-background-enabled":"default","ast-page-background-meta":{"desktop":{"background-color":"var(--ast-global-color-4)","background-image":"","background-repeat":"repeat","background-position":"center center","background-size":"auto","background-attachment":"scroll","background-type":"","background-media":"","overlay-type":"","overlay-color":"","overlay-opacity":"","overlay-gradient":""},"tablet":{"background-color":"","background-image":"","background-repeat":"repeat","background-position":"center center","background-size":"auto","background-attachment":"scroll","background-type":"","background-media":"","overlay-type":"","overlay-color":"","overlay-opacity":"","overlay-gradient":""},"mobile":{"background-color":"","background-image":"","background-repeat":"repeat","background-position":"center center","background-size":"auto","background-attachment":"scroll","background-type":"","background-media":"","overlay-type":"","overlay-color":"","overlay-opacity":"","overlay-gradient":""}},"ast-content-background-meta":{"desktop":{"background-color":"var(--ast-global-color-5)","background-image":"","background-repeat":"repeat","background-position":"center center","background-size":"auto","background-attachment":"scroll","background-type":"","background-media":"","overlay-type":"","overlay-color":"","overlay-opacity":"","overlay-gradient":""},"tablet":{"background-color":"var(--ast-global-color-5)","background-image":"","background-repeat":"repeat","background-position":"center center","background-size":"auto","background-attachment":"scroll","background-type":"","background-media":"","overlay-type":"","overlay-color":"","overlay-opacity":"","overlay-gradient":""},"mobile":{"background-color":"var(--ast-global-color-5)","background-image":"","background-repeat":"repeat","background-position":"center center","background-size":"auto","background-attachment":"scroll","background-type":"","background-media":"","overlay-type":"","overlay-color":"","overlay-opacity":"","overlay-gradient":""}},"footnotes":""},"categories":[81],"tags":[],"class_list":["post-13415","post","type-post","status-publish","format-standard","has-post-thumbnail","hentry","category-medios-comunicacion"],"yoast_head":"<!-- This site is optimized with the Yoast SEO plugin v27.5 - https:\/\/yoast.com\/product\/yoast-seo-wordpress\/ -->\n<title>Los Medios salen a la calle por Fiestas de Primavera - La Farga Gesti\u00f3n de Equipamientos Municipales, S.A.<\/title>\n<meta name=\"description\" content=\"Los Medios de Comunicaci\u00f3n Municipales de L&#039;H realizar\u00e1n un despliegue especial para informar a la ciudadan\u00eda del desarrollo de las Fiestas de Primavera.\" \/>\n<meta name=\"robots\" content=\"index, follow, max-snippet:-1, max-image-preview:large, max-video-preview:-1\" \/>\n<link rel=\"canonical\" href=\"https:\/\/www.lafarga.com\/corporatiu\/medios-salen-calle-por-fiestas-de-primavera\/\" \/>\n<meta property=\"og:locale\" content=\"ca_ES\" \/>\n<meta property=\"og:type\" content=\"article\" \/>\n<meta property=\"og:title\" content=\"Los Medios salen a la calle por Fiestas de Primavera - La Farga Gesti\u00f3n de Equipamientos Municipales, S.A.\" \/>\n<meta property=\"og:description\" content=\"Los Medios de Comunicaci\u00f3n Municipales de L&#039;H realizar\u00e1n un despliegue especial para informar a la ciudadan\u00eda del desarrollo de las Fiestas de Primavera.\" \/>\n<meta property=\"og:url\" content=\"https:\/\/www.lafarga.com\/corporatiu\/medios-salen-calle-por-fiestas-de-primavera\/\" \/>\n<meta property=\"og:site_name\" content=\"La Farga Gesti\u00f3n de Equipamientos Municipales, S.A.\" \/>\n<meta property=\"article:published_time\" content=\"2019-04-24T11:17:58+00:00\" \/>\n<meta property=\"article:modified_time\" content=\"2019-04-24T11:27:06+00:00\" \/>\n<meta property=\"og:image\" content=\"https:\/\/www.lafarga.com\/corporatiu\/wp-content\/uploads\/2019\/04\/Mitjans-Festes-19.jpg\" \/>\n\t<meta property=\"og:image:width\" content=\"730\" \/>\n\t<meta property=\"og:image:height\" content=\"410\" \/>\n\t<meta property=\"og:image:type\" content=\"image\/jpeg\" \/>\n<meta name=\"author\" content=\"\u00d2scar Milla\" \/>\n<meta name=\"twitter:label1\" content=\"Escrit per\" \/>\n\t<meta name=\"twitter:data1\" content=\"\u00d2scar Milla\" \/>\n\t<meta name=\"twitter:label2\" content=\"Temps estimat de lectura\" \/>\n\t<meta name=\"twitter:data2\" content=\"2 minuts\" \/>\n<script type=\"application\/ld+json\" class=\"yoast-schema-graph\">{\"@context\":\"https:\\\/\\\/schema.org\",\"@graph\":[{\"@type\":\"Article\",\"@id\":\"https:\\\/\\\/www.lafarga.com\\\/corporatiu\\\/medios-salen-calle-por-fiestas-de-primavera\\\/#article\",\"isPartOf\":{\"@id\":\"https:\\\/\\\/www.lafarga.com\\\/corporatiu\\\/medios-salen-calle-por-fiestas-de-primavera\\\/\"},\"author\":{\"name\":\"\u00d2scar Milla\",\"@id\":\"https:\\\/\\\/www.lafarga.com\\\/corporatiu\\\/#\\\/schema\\\/person\\\/70d96fe17d0da1a9c9e80d232bdbcf33\"},\"headline\":\"Los Medios salen a la calle por Fiestas de Primavera\",\"datePublished\":\"2019-04-24T11:17:58+00:00\",\"dateModified\":\"2019-04-24T11:27:06+00:00\",\"mainEntityOfPage\":{\"@id\":\"https:\\\/\\\/www.lafarga.com\\\/corporatiu\\\/medios-salen-calle-por-fiestas-de-primavera\\\/\"},\"wordCount\":358,\"publisher\":{\"@id\":\"https:\\\/\\\/www.lafarga.com\\\/corporatiu\\\/#organization\"},\"image\":{\"@id\":\"https:\\\/\\\/www.lafarga.com\\\/corporatiu\\\/medios-salen-calle-por-fiestas-de-primavera\\\/#primaryimage\"},\"thumbnailUrl\":\"https:\\\/\\\/www.lafarga.com\\\/corporatiu\\\/wp-content\\\/uploads\\\/2019\\\/04\\\/Mitjans-Festes-19.jpg\",\"articleSection\":[\"Medios de Comunicaci\u00f3n\"],\"inLanguage\":\"ca\"},{\"@type\":\"WebPage\",\"@id\":\"https:\\\/\\\/www.lafarga.com\\\/corporatiu\\\/medios-salen-calle-por-fiestas-de-primavera\\\/\",\"url\":\"https:\\\/\\\/www.lafarga.com\\\/corporatiu\\\/medios-salen-calle-por-fiestas-de-primavera\\\/\",\"name\":\"Los Medios salen a la calle por Fiestas de Primavera - La Farga Gesti\u00f3n de Equipamientos Municipales, S.A.\",\"isPartOf\":{\"@id\":\"https:\\\/\\\/www.lafarga.com\\\/corporatiu\\\/#website\"},\"primaryImageOfPage\":{\"@id\":\"https:\\\/\\\/www.lafarga.com\\\/corporatiu\\\/medios-salen-calle-por-fiestas-de-primavera\\\/#primaryimage\"},\"image\":{\"@id\":\"https:\\\/\\\/www.lafarga.com\\\/corporatiu\\\/medios-salen-calle-por-fiestas-de-primavera\\\/#primaryimage\"},\"thumbnailUrl\":\"https:\\\/\\\/www.lafarga.com\\\/corporatiu\\\/wp-content\\\/uploads\\\/2019\\\/04\\\/Mitjans-Festes-19.jpg\",\"datePublished\":\"2019-04-24T11:17:58+00:00\",\"dateModified\":\"2019-04-24T11:27:06+00:00\",\"description\":\"Los Medios de Comunicaci\u00f3n Municipales de L'H realizar\u00e1n un despliegue especial para informar a la ciudadan\u00eda del desarrollo de las Fiestas de Primavera.\",\"breadcrumb\":{\"@id\":\"https:\\\/\\\/www.lafarga.com\\\/corporatiu\\\/medios-salen-calle-por-fiestas-de-primavera\\\/#breadcrumb\"},\"inLanguage\":\"ca\",\"potentialAction\":[{\"@type\":\"ReadAction\",\"target\":[\"https:\\\/\\\/www.lafarga.com\\\/corporatiu\\\/medios-salen-calle-por-fiestas-de-primavera\\\/\"]}]},{\"@type\":\"ImageObject\",\"inLanguage\":\"ca\",\"@id\":\"https:\\\/\\\/www.lafarga.com\\\/corporatiu\\\/medios-salen-calle-por-fiestas-de-primavera\\\/#primaryimage\",\"url\":\"https:\\\/\\\/www.lafarga.com\\\/corporatiu\\\/wp-content\\\/uploads\\\/2019\\\/04\\\/Mitjans-Festes-19.jpg\",\"contentUrl\":\"https:\\\/\\\/www.lafarga.com\\\/corporatiu\\\/wp-content\\\/uploads\\\/2019\\\/04\\\/Mitjans-Festes-19.jpg\",\"width\":730,\"height\":410,\"caption\":\"Mitjans Farga Festes\"},{\"@type\":\"BreadcrumbList\",\"@id\":\"https:\\\/\\\/www.lafarga.com\\\/corporatiu\\\/medios-salen-calle-por-fiestas-de-primavera\\\/#breadcrumb\",\"itemListElement\":[{\"@type\":\"ListItem\",\"position\":1,\"name\":\"Home\",\"item\":\"https:\\\/\\\/www.lafarga.com\\\/corporatiu\\\/lafarga-hospitalet-llobregat\\\/\"},{\"@type\":\"ListItem\",\"position\":2,\"name\":\"Los Medios salen a la calle por Fiestas de Primavera\"}]},{\"@type\":\"WebSite\",\"@id\":\"https:\\\/\\\/www.lafarga.com\\\/corporatiu\\\/#website\",\"url\":\"https:\\\/\\\/www.lafarga.com\\\/corporatiu\\\/\",\"name\":\"La Farga Gesti\u00f3 d&#039;Equipaments Municipals, SA\",\"description\":\"\",\"publisher\":{\"@id\":\"https:\\\/\\\/www.lafarga.com\\\/corporatiu\\\/#organization\"},\"potentialAction\":[{\"@type\":\"SearchAction\",\"target\":{\"@type\":\"EntryPoint\",\"urlTemplate\":\"https:\\\/\\\/www.lafarga.com\\\/corporatiu\\\/?s={search_term_string}\"},\"query-input\":{\"@type\":\"PropertyValueSpecification\",\"valueRequired\":true,\"valueName\":\"search_term_string\"}}],\"inLanguage\":\"ca\"},{\"@type\":\"Organization\",\"@id\":\"https:\\\/\\\/www.lafarga.com\\\/corporatiu\\\/#organization\",\"name\":\"La Farga Gesti\u00f3 d&#039;Equipaments Municipals, SA\",\"url\":\"https:\\\/\\\/www.lafarga.com\\\/corporatiu\\\/\",\"logo\":{\"@type\":\"ImageObject\",\"inLanguage\":\"ca\",\"@id\":\"https:\\\/\\\/www.lafarga.com\\\/corporatiu\\\/#\\\/schema\\\/logo\\\/image\\\/\",\"url\":\"https:\\\/\\\/www.lafarga.com\\\/corporatiu\\\/wp-content\\\/uploads\\\/2023\\\/11\\\/logotipo_lafarga_gemsa.svg\",\"contentUrl\":\"https:\\\/\\\/www.lafarga.com\\\/corporatiu\\\/wp-content\\\/uploads\\\/2023\\\/11\\\/logotipo_lafarga_gemsa.svg\",\"width\":102,\"height\":103,\"caption\":\"La Farga Gesti\u00f3 d&#039;Equipaments Municipals, SA\"},\"image\":{\"@id\":\"https:\\\/\\\/www.lafarga.com\\\/corporatiu\\\/#\\\/schema\\\/logo\\\/image\\\/\"}},{\"@type\":\"Person\",\"@id\":\"https:\\\/\\\/www.lafarga.com\\\/corporatiu\\\/#\\\/schema\\\/person\\\/70d96fe17d0da1a9c9e80d232bdbcf33\",\"name\":\"\u00d2scar Milla\",\"image\":{\"@type\":\"ImageObject\",\"inLanguage\":\"ca\",\"@id\":\"https:\\\/\\\/secure.gravatar.com\\\/avatar\\\/92e75d184f9d5e0e403bd4ad075b080ad258344ddc259adddb579f6a3ba6494f?s=96&d=mm&r=g\",\"url\":\"https:\\\/\\\/secure.gravatar.com\\\/avatar\\\/92e75d184f9d5e0e403bd4ad075b080ad258344ddc259adddb579f6a3ba6494f?s=96&d=mm&r=g\",\"contentUrl\":\"https:\\\/\\\/secure.gravatar.com\\\/avatar\\\/92e75d184f9d5e0e403bd4ad075b080ad258344ddc259adddb579f6a3ba6494f?s=96&d=mm&r=g\",\"caption\":\"\u00d2scar Milla\"},\"url\":\"https:\\\/\\\/www.lafarga.com\\\/corporatiu\\\/author\\\/omilla\\\/\"}]}<\/script>\n<!-- \/ Yoast SEO plugin. -->","yoast_head_json":{"title":"Los Medios salen a la calle por Fiestas de Primavera - La Farga Gesti\u00f3n de Equipamientos Municipales, S.A.","description":"Los Medios de Comunicaci\u00f3n Municipales de L'H realizar\u00e1n un despliegue especial para informar a la ciudadan\u00eda del desarrollo de las Fiestas de Primavera.","robots":{"index":"index","follow":"follow","max-snippet":"max-snippet:-1","max-image-preview":"max-image-preview:large","max-video-preview":"max-video-preview:-1"},"canonical":"https:\/\/www.lafarga.com\/corporatiu\/medios-salen-calle-por-fiestas-de-primavera\/","og_locale":"ca_ES","og_type":"article","og_title":"Los Medios salen a la calle por Fiestas de Primavera - La Farga Gesti\u00f3n de Equipamientos Municipales, S.A.","og_description":"Los Medios de Comunicaci\u00f3n Municipales de L'H realizar\u00e1n un despliegue especial para informar a la ciudadan\u00eda del desarrollo de las Fiestas de Primavera.","og_url":"https:\/\/www.lafarga.com\/corporatiu\/medios-salen-calle-por-fiestas-de-primavera\/","og_site_name":"La Farga Gesti\u00f3n de Equipamientos Municipales, S.A.","article_published_time":"2019-04-24T11:17:58+00:00","article_modified_time":"2019-04-24T11:27:06+00:00","og_image":[{"width":730,"height":410,"url":"https:\/\/www.lafarga.com\/corporatiu\/wp-content\/uploads\/2019\/04\/Mitjans-Festes-19.jpg","type":"image\/jpeg"}],"author":"\u00d2scar Milla","twitter_misc":{"Escrit per":"\u00d2scar Milla","Temps estimat de lectura":"2 minuts"},"schema":{"@context":"https:\/\/schema.org","@graph":[{"@type":"Article","@id":"https:\/\/www.lafarga.com\/corporatiu\/medios-salen-calle-por-fiestas-de-primavera\/#article","isPartOf":{"@id":"https:\/\/www.lafarga.com\/corporatiu\/medios-salen-calle-por-fiestas-de-primavera\/"},"author":{"name":"\u00d2scar Milla","@id":"https:\/\/www.lafarga.com\/corporatiu\/#\/schema\/person\/70d96fe17d0da1a9c9e80d232bdbcf33"},"headline":"Los Medios salen a la calle por Fiestas de Primavera","datePublished":"2019-04-24T11:17:58+00:00","dateModified":"2019-04-24T11:27:06+00:00","mainEntityOfPage":{"@id":"https:\/\/www.lafarga.com\/corporatiu\/medios-salen-calle-por-fiestas-de-primavera\/"},"wordCount":358,"publisher":{"@id":"https:\/\/www.lafarga.com\/corporatiu\/#organization"},"image":{"@id":"https:\/\/www.lafarga.com\/corporatiu\/medios-salen-calle-por-fiestas-de-primavera\/#primaryimage"},"thumbnailUrl":"https:\/\/www.lafarga.com\/corporatiu\/wp-content\/uploads\/2019\/04\/Mitjans-Festes-19.jpg","articleSection":["Medios de Comunicaci\u00f3n"],"inLanguage":"ca"},{"@type":"WebPage","@id":"https:\/\/www.lafarga.com\/corporatiu\/medios-salen-calle-por-fiestas-de-primavera\/","url":"https:\/\/www.lafarga.com\/corporatiu\/medios-salen-calle-por-fiestas-de-primavera\/","name":"Los Medios salen a la calle por Fiestas de Primavera - La Farga Gesti\u00f3n de Equipamientos Municipales, S.A.","isPartOf":{"@id":"https:\/\/www.lafarga.com\/corporatiu\/#website"},"primaryImageOfPage":{"@id":"https:\/\/www.lafarga.com\/corporatiu\/medios-salen-calle-por-fiestas-de-primavera\/#primaryimage"},"image":{"@id":"https:\/\/www.lafarga.com\/corporatiu\/medios-salen-calle-por-fiestas-de-primavera\/#primaryimage"},"thumbnailUrl":"https:\/\/www.lafarga.com\/corporatiu\/wp-content\/uploads\/2019\/04\/Mitjans-Festes-19.jpg","datePublished":"2019-04-24T11:17:58+00:00","dateModified":"2019-04-24T11:27:06+00:00","description":"Los Medios de Comunicaci\u00f3n Municipales de L'H realizar\u00e1n un despliegue especial para informar a la ciudadan\u00eda del desarrollo de las Fiestas de Primavera.","breadcrumb":{"@id":"https:\/\/www.lafarga.com\/corporatiu\/medios-salen-calle-por-fiestas-de-primavera\/#breadcrumb"},"inLanguage":"ca","potentialAction":[{"@type":"ReadAction","target":["https:\/\/www.lafarga.com\/corporatiu\/medios-salen-calle-por-fiestas-de-primavera\/"]}]},{"@type":"ImageObject","inLanguage":"ca","@id":"https:\/\/www.lafarga.com\/corporatiu\/medios-salen-calle-por-fiestas-de-primavera\/#primaryimage","url":"https:\/\/www.lafarga.com\/corporatiu\/wp-content\/uploads\/2019\/04\/Mitjans-Festes-19.jpg","contentUrl":"https:\/\/www.lafarga.com\/corporatiu\/wp-content\/uploads\/2019\/04\/Mitjans-Festes-19.jpg","width":730,"height":410,"caption":"Mitjans Farga Festes"},{"@type":"BreadcrumbList","@id":"https:\/\/www.lafarga.com\/corporatiu\/medios-salen-calle-por-fiestas-de-primavera\/#breadcrumb","itemListElement":[{"@type":"ListItem","position":1,"name":"Home","item":"https:\/\/www.lafarga.com\/corporatiu\/lafarga-hospitalet-llobregat\/"},{"@type":"ListItem","position":2,"name":"Los Medios salen a la calle por Fiestas de Primavera"}]},{"@type":"WebSite","@id":"https:\/\/www.lafarga.com\/corporatiu\/#website","url":"https:\/\/www.lafarga.com\/corporatiu\/","name":"La Farga Gesti\u00f3 d&#039;Equipaments Municipals, SA","description":"","publisher":{"@id":"https:\/\/www.lafarga.com\/corporatiu\/#organization"},"potentialAction":[{"@type":"SearchAction","target":{"@type":"EntryPoint","urlTemplate":"https:\/\/www.lafarga.com\/corporatiu\/?s={search_term_string}"},"query-input":{"@type":"PropertyValueSpecification","valueRequired":true,"valueName":"search_term_string"}}],"inLanguage":"ca"},{"@type":"Organization","@id":"https:\/\/www.lafarga.com\/corporatiu\/#organization","name":"La Farga Gesti\u00f3 d&#039;Equipaments Municipals, SA","url":"https:\/\/www.lafarga.com\/corporatiu\/","logo":{"@type":"ImageObject","inLanguage":"ca","@id":"https:\/\/www.lafarga.com\/corporatiu\/#\/schema\/logo\/image\/","url":"https:\/\/www.lafarga.com\/corporatiu\/wp-content\/uploads\/2023\/11\/logotipo_lafarga_gemsa.svg","contentUrl":"https:\/\/www.lafarga.com\/corporatiu\/wp-content\/uploads\/2023\/11\/logotipo_lafarga_gemsa.svg","width":102,"height":103,"caption":"La Farga Gesti\u00f3 d&#039;Equipaments Municipals, SA"},"image":{"@id":"https:\/\/www.lafarga.com\/corporatiu\/#\/schema\/logo\/image\/"}},{"@type":"Person","@id":"https:\/\/www.lafarga.com\/corporatiu\/#\/schema\/person\/70d96fe17d0da1a9c9e80d232bdbcf33","name":"\u00d2scar Milla","image":{"@type":"ImageObject","inLanguage":"ca","@id":"https:\/\/secure.gravatar.com\/avatar\/92e75d184f9d5e0e403bd4ad075b080ad258344ddc259adddb579f6a3ba6494f?s=96&d=mm&r=g","url":"https:\/\/secure.gravatar.com\/avatar\/92e75d184f9d5e0e403bd4ad075b080ad258344ddc259adddb579f6a3ba6494f?s=96&d=mm&r=g","contentUrl":"https:\/\/secure.gravatar.com\/avatar\/92e75d184f9d5e0e403bd4ad075b080ad258344ddc259adddb579f6a3ba6494f?s=96&d=mm&r=g","caption":"\u00d2scar Milla"},"url":"https:\/\/www.lafarga.com\/corporatiu\/author\/omilla\/"}]}},"uagb_featured_image_src":{"full":["https:\/\/www.lafarga.com\/corporatiu\/wp-content\/uploads\/2019\/04\/Mitjans-Festes-19.jpg",730,410,false],"thumbnail":["https:\/\/www.lafarga.com\/corporatiu\/wp-content\/uploads\/2019\/04\/Mitjans-Festes-19-150x150.jpg",150,150,true],"medium":["https:\/\/www.lafarga.com\/corporatiu\/wp-content\/uploads\/2019\/04\/Mitjans-Festes-19-300x168.jpg",300,168,true],"medium_large":["https:\/\/www.lafarga.com\/corporatiu\/wp-content\/uploads\/2019\/04\/Mitjans-Festes-19.jpg",730,410,false],"large":["https:\/\/www.lafarga.com\/corporatiu\/wp-content\/uploads\/2019\/04\/Mitjans-Festes-19.jpg",730,410,false],"1536x1536":["https:\/\/www.lafarga.com\/corporatiu\/wp-content\/uploads\/2019\/04\/Mitjans-Festes-19.jpg",730,410,false],"2048x2048":["https:\/\/www.lafarga.com\/corporatiu\/wp-content\/uploads\/2019\/04\/Mitjans-Festes-19.jpg",730,410,false],"mailpoet_newsletter_max":["https:\/\/www.lafarga.com\/corporatiu\/wp-content\/uploads\/2019\/04\/Mitjans-Festes-19.jpg",730,410,false]},"uagb_author_info":{"display_name":"\u00d2scar Milla","author_link":"https:\/\/www.lafarga.com\/corporatiu\/author\/omilla\/"},"uagb_comment_info":0,"uagb_excerpt":"Los Medios de Comunicaci\u00f3n Municipales de L'Hospitalet realizar\u00e1n, un a\u00f1o m\u00e1s, un despliegue especial para informar a la ciudadan\u00eda del desarrollo de las Fiestas de Primavera.","_links":{"self":[{"href":"https:\/\/www.lafarga.com\/corporatiu\/wp-json\/wp\/v2\/posts\/13415","targetHints":{"allow":["GET"]}}],"collection":[{"href":"https:\/\/www.lafarga.com\/corporatiu\/wp-json\/wp\/v2\/posts"}],"about":[{"href":"https:\/\/www.lafarga.com\/corporatiu\/wp-json\/wp\/v2\/types\/post"}],"author":[{"embeddable":true,"href":"https:\/\/www.lafarga.com\/corporatiu\/wp-json\/wp\/v2\/users\/5"}],"replies":[{"embeddable":true,"href":"https:\/\/www.lafarga.com\/corporatiu\/wp-json\/wp\/v2\/comments?post=13415"}],"version-history":[{"count":2,"href":"https:\/\/www.lafarga.com\/corporatiu\/wp-json\/wp\/v2\/posts\/13415\/revisions"}],"predecessor-version":[{"id":13418,"href":"https:\/\/www.lafarga.com\/corporatiu\/wp-json\/wp\/v2\/posts\/13415\/revisions\/13418"}],"wp:featuredmedia":[{"embeddable":true,"href":"https:\/\/www.lafarga.com\/corporatiu\/wp-json\/wp\/v2\/media\/13412"}],"wp:attachment":[{"href":"https:\/\/www.lafarga.com\/corporatiu\/wp-json\/wp\/v2\/media?parent=13415"}],"wp:term":[{"taxonomy":"category","embeddable":true,"href":"https:\/\/www.lafarga.com\/corporatiu\/wp-json\/wp\/v2\/categories?post=13415"},{"taxonomy":"post_tag","embeddable":true,"href":"https:\/\/www.lafarga.com\/corporatiu\/wp-json\/wp\/v2\/tags?post=13415"}],"curies":[{"name":"wp","href":"https:\/\/api.w.org\/{rel}","templated":true}]}}