{"id":13353,"date":"2019-03-26T12:25:50","date_gmt":"2019-03-26T12:25:50","guid":{"rendered":"http:\/\/www.lafarga.com\/corporatiu\/?p=13353"},"modified":"2019-03-28T12:34:01","modified_gmt":"2019-03-28T12:34:01","slug":"lhospitalet-ciudad-de-letras-en-portada-el-diari","status":"publish","type":"post","link":"https:\/\/www.lafarga.com\/corporatiu\/lhospitalet-ciudad-de-letras-en-portada-el-diari\/","title":{"rendered":"L&#8217;Hospitalet, ciudad de letras, en portada en el Diari"},"content":{"rendered":"\n<p><h5>Edici\u00f3n n\u00famero 344<\/h5>\n<p>Un especial sobre L&#8217;Hospitalet, ciudad de letras, es el principal tema del Diari de L&#8217;Hospitalet que ha salido este lunes en su edici\u00f3n n\u00famero 344.<\/p>\n<p>M\u00e1s de 400 autores y toda una sucesi\u00f3n de proyectos editoriales vinculan L&#8217;Hospitalet en el mundo del libro y la creaci\u00f3n literaria. La autoedici\u00f3n convive con empresas de consultor\u00eda de edici\u00f3n y con editoriales de todos los tama\u00f1os establecidas en el municipio.<\/p>\n<p>El Diari informa en esta edici\u00f3n de todo lo que hay que saber sobre los comicios municipales del 26 de mayo, y que L&#8217;Hospitalet se dota de una hoja de ruta para avanzar en la igualdad de derechos de ni\u00f1os y j\u00f3venes.<\/p>\n<p>En cuanto a las entrevistas, en esta edici\u00f3n, encontraremos la que se hace a la alcaldesa de la ciudad, N\u00faria Mar\u00edn.<\/p>\n<p>En en cuanto a las actividades previstas por La Farga Centro de Actividades el diario en adelanta los conciertos de Fiestas de Primavera, con <a href=\"https:\/\/www.lafarga.com\/corporatiu\/rozalen-y-beret-los-conciertos-de-fiestas-en-la-farga\/\" target=\"_blank\" rel=\"noopener noreferrer\"><strong>Rozal\u00e9n y Beret<\/strong><\/a>, y el sal\u00f3n <a href=\"https:\/\/www.lafarga.com\/corporatiu\/el-coche-clasico-novedad-en-retromotor\/\" target=\"_blank\" rel=\"noopener noreferrer\"><strong>RetroMotor<\/strong><\/a> de este fin de semana.<\/p>\n<p>Otros temas del Diari de L&#8217;Hospitalet son las celebraciones de Semana Santa con la Cofrad\u00eda 15 + 1 y la Hermandad de la Amargura, que ya tienen a punto sus procesiones.<\/p>\n<p>En cultura, el fot\u00f3grafo Fernando Moleres nos muestra la fragilidad del \u00c1rtico, en la Sala polivalente del Mercado de la Florida. La exposici\u00f3n Melting Landscapes documenta los efectos del cambio clim\u00e1tico en los parajes naturales de Islandia y Groenlandia. Tambi\u00e9n encontramos en esta secci\u00f3n que artistas y j\u00f3venes crean un mural en el puente de la Vanguard sobre nuestro pasado en com\u00fan.<\/p>\n<p>En cuanto a los deportes la Cursa Nocturna, que se celebrar\u00e1 el pr\u00f3ximo 13 de abril, vuelve a ser protagonista.<\/p>\n<p>El Diari de L&#8217;Hospitalet es un medio de comunicaci\u00f3n editado por La Farga Gesti\u00f3n de Equipamientos Municipales y tiene una tirada de 105.000 ejemplares.<\/p>\n<p>Aqu\u00ed puede ver la <a href=\"http:\/\/lhdigital.cat\/diarilh_digital\/344\/index.html\" target=\"_blank\" rel=\"noopener noreferrer\"><strong>versi\u00f3n digital<\/strong><\/a> del Diari de L&#8217;Hospitalet.<\/p><\/p>\n","protected":false},"excerpt":{"rendered":"<p>Un especial sobre L&#8217;Hospitalet, ciudad de letras, es el principal tema del Diari de L&#8217;Hospitalet que ha salido este lunes en su edici\u00f3n n\u00famero 344.<\/p>\n","protected":false},"author":5,"featured_media":13350,"comment_status":"closed","ping_status":"closed","sticky":false,"template":"","format":"standard","meta":{"inline_featured_image":false,"_uag_custom_page_level_css":"","_monsterinsights_skip_tracking":false,"_monsterinsights_sitenote_active":false,"_monsterinsights_sitenote_note":"","_monsterinsights_sitenote_category":0,"site-sidebar-layout":"default","site-content-layout":"","ast-site-content-layout":"default","site-content-style":"default","site-sidebar-style":"default","ast-global-header-display":"","ast-banner-title-visibility":"","ast-main-header-display":"","ast-hfb-above-header-display":"","ast-hfb-below-header-display":"","ast-hfb-mobile-header-display":"","site-post-title":"","ast-breadcrumbs-content":"","ast-featured-img":"","footer-sml-layout":"","ast-disable-related-posts":"","theme-transparent-header-meta":"","adv-header-id-meta":"","stick-header-meta":"","header-above-stick-meta":"","header-main-stick-meta":"","header-below-stick-meta":"","astra-migrate-meta-layouts":"default","ast-page-background-enabled":"default","ast-page-background-meta":{"desktop":{"background-color":"var(--ast-global-color-4)","background-image":"","background-repeat":"repeat","background-position":"center center","background-size":"auto","background-attachment":"scroll","background-type":"","background-media":"","overlay-type":"","overlay-color":"","overlay-opacity":"","overlay-gradient":""},"tablet":{"background-color":"","background-image":"","background-repeat":"repeat","background-position":"center center","background-size":"auto","background-attachment":"scroll","background-type":"","background-media":"","overlay-type":"","overlay-color":"","overlay-opacity":"","overlay-gradient":""},"mobile":{"background-color":"","background-image":"","background-repeat":"repeat","background-position":"center center","background-size":"auto","background-attachment":"scroll","background-type":"","background-media":"","overlay-type":"","overlay-color":"","overlay-opacity":"","overlay-gradient":""}},"ast-content-background-meta":{"desktop":{"background-color":"var(--ast-global-color-5)","background-image":"","background-repeat":"repeat","background-position":"center center","background-size":"auto","background-attachment":"scroll","background-type":"","background-media":"","overlay-type":"","overlay-color":"","overlay-opacity":"","overlay-gradient":""},"tablet":{"background-color":"var(--ast-global-color-5)","background-image":"","background-repeat":"repeat","background-position":"center center","background-size":"auto","background-attachment":"scroll","background-type":"","background-media":"","overlay-type":"","overlay-color":"","overlay-opacity":"","overlay-gradient":""},"mobile":{"background-color":"var(--ast-global-color-5)","background-image":"","background-repeat":"repeat","background-position":"center center","background-size":"auto","background-attachment":"scroll","background-type":"","background-media":"","overlay-type":"","overlay-color":"","overlay-opacity":"","overlay-gradient":""}},"footnotes":""},"categories":[81],"tags":[],"class_list":["post-13353","post","type-post","status-publish","format-standard","has-post-thumbnail","hentry","category-medios-comunicacion"],"yoast_head":"<!-- This site is optimized with the Yoast SEO plugin v27.4 - https:\/\/yoast.com\/product\/yoast-seo-wordpress\/ -->\n<title>L&#039;Hospitalet, ciudad de letras, en portada en el Diari - La Farga Gesti\u00f3n de Equipamientos Municipales, S.A.<\/title>\n<meta name=\"description\" content=\"Un especial sobre L&#039;Hospitalet, ciudad de letras, es el principal tema del Diari de L&#039;Hospitalet que ha salido este lunes en su edici\u00f3n n\u00famero 344.\" \/>\n<meta name=\"robots\" content=\"index, follow, max-snippet:-1, max-image-preview:large, max-video-preview:-1\" \/>\n<link rel=\"canonical\" href=\"https:\/\/www.lafarga.com\/corporatiu\/lhospitalet-ciudad-de-letras-en-portada-el-diari\/\" \/>\n<meta property=\"og:locale\" content=\"ca_ES\" \/>\n<meta property=\"og:type\" content=\"article\" \/>\n<meta property=\"og:title\" content=\"L&#039;Hospitalet, ciudad de letras, en portada en el Diari - La Farga Gesti\u00f3n de Equipamientos Municipales, S.A.\" \/>\n<meta property=\"og:description\" content=\"Un especial sobre L&#039;Hospitalet, ciudad de letras, es el principal tema del Diari de L&#039;Hospitalet que ha salido este lunes en su edici\u00f3n n\u00famero 344.\" \/>\n<meta property=\"og:url\" content=\"https:\/\/www.lafarga.com\/corporatiu\/lhospitalet-ciudad-de-letras-en-portada-el-diari\/\" \/>\n<meta property=\"og:site_name\" content=\"La Farga Gesti\u00f3n de Equipamientos Municipales, S.A.\" \/>\n<meta property=\"article:published_time\" content=\"2019-03-26T12:25:50+00:00\" \/>\n<meta property=\"article:modified_time\" content=\"2019-03-28T12:34:01+00:00\" \/>\n<meta property=\"og:image\" content=\"https:\/\/www.lafarga.com\/corporatiu\/wp-content\/uploads\/2019\/03\/Diari-LH-Marc-18.jpg\" \/>\n\t<meta property=\"og:image:width\" content=\"730\" \/>\n\t<meta property=\"og:image:height\" content=\"410\" \/>\n\t<meta property=\"og:image:type\" content=\"image\/jpeg\" \/>\n<meta name=\"author\" content=\"\u00d2scar Milla\" \/>\n<meta name=\"twitter:label1\" content=\"Escrit per\" \/>\n\t<meta name=\"twitter:data1\" content=\"\u00d2scar Milla\" \/>\n\t<meta name=\"twitter:label2\" content=\"Temps estimat de lectura\" \/>\n\t<meta name=\"twitter:data2\" content=\"2 minuts\" \/>\n<script type=\"application\/ld+json\" class=\"yoast-schema-graph\">{\"@context\":\"https:\\\/\\\/schema.org\",\"@graph\":[{\"@type\":\"Article\",\"@id\":\"https:\\\/\\\/www.lafarga.com\\\/corporatiu\\\/lhospitalet-ciudad-de-letras-en-portada-el-diari\\\/#article\",\"isPartOf\":{\"@id\":\"https:\\\/\\\/www.lafarga.com\\\/corporatiu\\\/lhospitalet-ciudad-de-letras-en-portada-el-diari\\\/\"},\"author\":{\"name\":\"\u00d2scar Milla\",\"@id\":\"https:\\\/\\\/www.lafarga.com\\\/corporatiu\\\/#\\\/schema\\\/person\\\/70d96fe17d0da1a9c9e80d232bdbcf33\"},\"headline\":\"L&#8217;Hospitalet, ciudad de letras, en portada en el Diari\",\"datePublished\":\"2019-03-26T12:25:50+00:00\",\"dateModified\":\"2019-03-28T12:34:01+00:00\",\"mainEntityOfPage\":{\"@id\":\"https:\\\/\\\/www.lafarga.com\\\/corporatiu\\\/lhospitalet-ciudad-de-letras-en-portada-el-diari\\\/\"},\"wordCount\":355,\"publisher\":{\"@id\":\"https:\\\/\\\/www.lafarga.com\\\/corporatiu\\\/#organization\"},\"image\":{\"@id\":\"https:\\\/\\\/www.lafarga.com\\\/corporatiu\\\/lhospitalet-ciudad-de-letras-en-portada-el-diari\\\/#primaryimage\"},\"thumbnailUrl\":\"https:\\\/\\\/www.lafarga.com\\\/corporatiu\\\/wp-content\\\/uploads\\\/2019\\\/03\\\/Diari-LH-Marc-18.jpg\",\"articleSection\":[\"Medios de Comunicaci\u00f3n\"],\"inLanguage\":\"ca\"},{\"@type\":\"WebPage\",\"@id\":\"https:\\\/\\\/www.lafarga.com\\\/corporatiu\\\/lhospitalet-ciudad-de-letras-en-portada-el-diari\\\/\",\"url\":\"https:\\\/\\\/www.lafarga.com\\\/corporatiu\\\/lhospitalet-ciudad-de-letras-en-portada-el-diari\\\/\",\"name\":\"L'Hospitalet, ciudad de letras, en portada en el Diari - La Farga Gesti\u00f3n de Equipamientos Municipales, S.A.\",\"isPartOf\":{\"@id\":\"https:\\\/\\\/www.lafarga.com\\\/corporatiu\\\/#website\"},\"primaryImageOfPage\":{\"@id\":\"https:\\\/\\\/www.lafarga.com\\\/corporatiu\\\/lhospitalet-ciudad-de-letras-en-portada-el-diari\\\/#primaryimage\"},\"image\":{\"@id\":\"https:\\\/\\\/www.lafarga.com\\\/corporatiu\\\/lhospitalet-ciudad-de-letras-en-portada-el-diari\\\/#primaryimage\"},\"thumbnailUrl\":\"https:\\\/\\\/www.lafarga.com\\\/corporatiu\\\/wp-content\\\/uploads\\\/2019\\\/03\\\/Diari-LH-Marc-18.jpg\",\"datePublished\":\"2019-03-26T12:25:50+00:00\",\"dateModified\":\"2019-03-28T12:34:01+00:00\",\"description\":\"Un especial sobre L'Hospitalet, ciudad de letras, es el principal tema del Diari de L'Hospitalet que ha salido este lunes en su edici\u00f3n n\u00famero 344.\",\"breadcrumb\":{\"@id\":\"https:\\\/\\\/www.lafarga.com\\\/corporatiu\\\/lhospitalet-ciudad-de-letras-en-portada-el-diari\\\/#breadcrumb\"},\"inLanguage\":\"ca\",\"potentialAction\":[{\"@type\":\"ReadAction\",\"target\":[\"https:\\\/\\\/www.lafarga.com\\\/corporatiu\\\/lhospitalet-ciudad-de-letras-en-portada-el-diari\\\/\"]}]},{\"@type\":\"ImageObject\",\"inLanguage\":\"ca\",\"@id\":\"https:\\\/\\\/www.lafarga.com\\\/corporatiu\\\/lhospitalet-ciudad-de-letras-en-portada-el-diari\\\/#primaryimage\",\"url\":\"https:\\\/\\\/www.lafarga.com\\\/corporatiu\\\/wp-content\\\/uploads\\\/2019\\\/03\\\/Diari-LH-Marc-18.jpg\",\"contentUrl\":\"https:\\\/\\\/www.lafarga.com\\\/corporatiu\\\/wp-content\\\/uploads\\\/2019\\\/03\\\/Diari-LH-Marc-18.jpg\",\"width\":730,\"height\":410,\"caption\":\"Diari Farga Lletres\"},{\"@type\":\"BreadcrumbList\",\"@id\":\"https:\\\/\\\/www.lafarga.com\\\/corporatiu\\\/lhospitalet-ciudad-de-letras-en-portada-el-diari\\\/#breadcrumb\",\"itemListElement\":[{\"@type\":\"ListItem\",\"position\":1,\"name\":\"Home\",\"item\":\"https:\\\/\\\/www.lafarga.com\\\/corporatiu\\\/lafarga-hospitalet-llobregat\\\/\"},{\"@type\":\"ListItem\",\"position\":2,\"name\":\"L&#8217;Hospitalet, ciudad de letras, en portada en el Diari\"}]},{\"@type\":\"WebSite\",\"@id\":\"https:\\\/\\\/www.lafarga.com\\\/corporatiu\\\/#website\",\"url\":\"https:\\\/\\\/www.lafarga.com\\\/corporatiu\\\/\",\"name\":\"La Farga Gesti\u00f3 d&#039;Equipaments Municipals, SA\",\"description\":\"\",\"publisher\":{\"@id\":\"https:\\\/\\\/www.lafarga.com\\\/corporatiu\\\/#organization\"},\"potentialAction\":[{\"@type\":\"SearchAction\",\"target\":{\"@type\":\"EntryPoint\",\"urlTemplate\":\"https:\\\/\\\/www.lafarga.com\\\/corporatiu\\\/?s={search_term_string}\"},\"query-input\":{\"@type\":\"PropertyValueSpecification\",\"valueRequired\":true,\"valueName\":\"search_term_string\"}}],\"inLanguage\":\"ca\"},{\"@type\":\"Organization\",\"@id\":\"https:\\\/\\\/www.lafarga.com\\\/corporatiu\\\/#organization\",\"name\":\"La Farga Gesti\u00f3 d&#039;Equipaments Municipals, SA\",\"url\":\"https:\\\/\\\/www.lafarga.com\\\/corporatiu\\\/\",\"logo\":{\"@type\":\"ImageObject\",\"inLanguage\":\"ca\",\"@id\":\"https:\\\/\\\/www.lafarga.com\\\/corporatiu\\\/#\\\/schema\\\/logo\\\/image\\\/\",\"url\":\"https:\\\/\\\/www.lafarga.com\\\/corporatiu\\\/wp-content\\\/uploads\\\/2023\\\/11\\\/logotipo_lafarga_gemsa.svg\",\"contentUrl\":\"https:\\\/\\\/www.lafarga.com\\\/corporatiu\\\/wp-content\\\/uploads\\\/2023\\\/11\\\/logotipo_lafarga_gemsa.svg\",\"width\":102,\"height\":103,\"caption\":\"La Farga Gesti\u00f3 d&#039;Equipaments Municipals, SA\"},\"image\":{\"@id\":\"https:\\\/\\\/www.lafarga.com\\\/corporatiu\\\/#\\\/schema\\\/logo\\\/image\\\/\"}},{\"@type\":\"Person\",\"@id\":\"https:\\\/\\\/www.lafarga.com\\\/corporatiu\\\/#\\\/schema\\\/person\\\/70d96fe17d0da1a9c9e80d232bdbcf33\",\"name\":\"\u00d2scar Milla\",\"image\":{\"@type\":\"ImageObject\",\"inLanguage\":\"ca\",\"@id\":\"https:\\\/\\\/secure.gravatar.com\\\/avatar\\\/92e75d184f9d5e0e403bd4ad075b080ad258344ddc259adddb579f6a3ba6494f?s=96&d=mm&r=g\",\"url\":\"https:\\\/\\\/secure.gravatar.com\\\/avatar\\\/92e75d184f9d5e0e403bd4ad075b080ad258344ddc259adddb579f6a3ba6494f?s=96&d=mm&r=g\",\"contentUrl\":\"https:\\\/\\\/secure.gravatar.com\\\/avatar\\\/92e75d184f9d5e0e403bd4ad075b080ad258344ddc259adddb579f6a3ba6494f?s=96&d=mm&r=g\",\"caption\":\"\u00d2scar Milla\"},\"url\":\"https:\\\/\\\/www.lafarga.com\\\/corporatiu\\\/author\\\/omilla\\\/\"}]}<\/script>\n<!-- \/ Yoast SEO plugin. -->","yoast_head_json":{"title":"L'Hospitalet, ciudad de letras, en portada en el Diari - La Farga Gesti\u00f3n de Equipamientos Municipales, S.A.","description":"Un especial sobre L'Hospitalet, ciudad de letras, es el principal tema del Diari de L'Hospitalet que ha salido este lunes en su edici\u00f3n n\u00famero 344.","robots":{"index":"index","follow":"follow","max-snippet":"max-snippet:-1","max-image-preview":"max-image-preview:large","max-video-preview":"max-video-preview:-1"},"canonical":"https:\/\/www.lafarga.com\/corporatiu\/lhospitalet-ciudad-de-letras-en-portada-el-diari\/","og_locale":"ca_ES","og_type":"article","og_title":"L'Hospitalet, ciudad de letras, en portada en el Diari - La Farga Gesti\u00f3n de Equipamientos Municipales, S.A.","og_description":"Un especial sobre L'Hospitalet, ciudad de letras, es el principal tema del Diari de L'Hospitalet que ha salido este lunes en su edici\u00f3n n\u00famero 344.","og_url":"https:\/\/www.lafarga.com\/corporatiu\/lhospitalet-ciudad-de-letras-en-portada-el-diari\/","og_site_name":"La Farga Gesti\u00f3n de Equipamientos Municipales, S.A.","article_published_time":"2019-03-26T12:25:50+00:00","article_modified_time":"2019-03-28T12:34:01+00:00","og_image":[{"width":730,"height":410,"url":"https:\/\/www.lafarga.com\/corporatiu\/wp-content\/uploads\/2019\/03\/Diari-LH-Marc-18.jpg","type":"image\/jpeg"}],"author":"\u00d2scar Milla","twitter_misc":{"Escrit per":"\u00d2scar Milla","Temps estimat de lectura":"2 minuts"},"schema":{"@context":"https:\/\/schema.org","@graph":[{"@type":"Article","@id":"https:\/\/www.lafarga.com\/corporatiu\/lhospitalet-ciudad-de-letras-en-portada-el-diari\/#article","isPartOf":{"@id":"https:\/\/www.lafarga.com\/corporatiu\/lhospitalet-ciudad-de-letras-en-portada-el-diari\/"},"author":{"name":"\u00d2scar Milla","@id":"https:\/\/www.lafarga.com\/corporatiu\/#\/schema\/person\/70d96fe17d0da1a9c9e80d232bdbcf33"},"headline":"L&#8217;Hospitalet, ciudad de letras, en portada en el Diari","datePublished":"2019-03-26T12:25:50+00:00","dateModified":"2019-03-28T12:34:01+00:00","mainEntityOfPage":{"@id":"https:\/\/www.lafarga.com\/corporatiu\/lhospitalet-ciudad-de-letras-en-portada-el-diari\/"},"wordCount":355,"publisher":{"@id":"https:\/\/www.lafarga.com\/corporatiu\/#organization"},"image":{"@id":"https:\/\/www.lafarga.com\/corporatiu\/lhospitalet-ciudad-de-letras-en-portada-el-diari\/#primaryimage"},"thumbnailUrl":"https:\/\/www.lafarga.com\/corporatiu\/wp-content\/uploads\/2019\/03\/Diari-LH-Marc-18.jpg","articleSection":["Medios de Comunicaci\u00f3n"],"inLanguage":"ca"},{"@type":"WebPage","@id":"https:\/\/www.lafarga.com\/corporatiu\/lhospitalet-ciudad-de-letras-en-portada-el-diari\/","url":"https:\/\/www.lafarga.com\/corporatiu\/lhospitalet-ciudad-de-letras-en-portada-el-diari\/","name":"L'Hospitalet, ciudad de letras, en portada en el Diari - La Farga Gesti\u00f3n de Equipamientos Municipales, S.A.","isPartOf":{"@id":"https:\/\/www.lafarga.com\/corporatiu\/#website"},"primaryImageOfPage":{"@id":"https:\/\/www.lafarga.com\/corporatiu\/lhospitalet-ciudad-de-letras-en-portada-el-diari\/#primaryimage"},"image":{"@id":"https:\/\/www.lafarga.com\/corporatiu\/lhospitalet-ciudad-de-letras-en-portada-el-diari\/#primaryimage"},"thumbnailUrl":"https:\/\/www.lafarga.com\/corporatiu\/wp-content\/uploads\/2019\/03\/Diari-LH-Marc-18.jpg","datePublished":"2019-03-26T12:25:50+00:00","dateModified":"2019-03-28T12:34:01+00:00","description":"Un especial sobre L'Hospitalet, ciudad de letras, es el principal tema del Diari de L'Hospitalet que ha salido este lunes en su edici\u00f3n n\u00famero 344.","breadcrumb":{"@id":"https:\/\/www.lafarga.com\/corporatiu\/lhospitalet-ciudad-de-letras-en-portada-el-diari\/#breadcrumb"},"inLanguage":"ca","potentialAction":[{"@type":"ReadAction","target":["https:\/\/www.lafarga.com\/corporatiu\/lhospitalet-ciudad-de-letras-en-portada-el-diari\/"]}]},{"@type":"ImageObject","inLanguage":"ca","@id":"https:\/\/www.lafarga.com\/corporatiu\/lhospitalet-ciudad-de-letras-en-portada-el-diari\/#primaryimage","url":"https:\/\/www.lafarga.com\/corporatiu\/wp-content\/uploads\/2019\/03\/Diari-LH-Marc-18.jpg","contentUrl":"https:\/\/www.lafarga.com\/corporatiu\/wp-content\/uploads\/2019\/03\/Diari-LH-Marc-18.jpg","width":730,"height":410,"caption":"Diari Farga Lletres"},{"@type":"BreadcrumbList","@id":"https:\/\/www.lafarga.com\/corporatiu\/lhospitalet-ciudad-de-letras-en-portada-el-diari\/#breadcrumb","itemListElement":[{"@type":"ListItem","position":1,"name":"Home","item":"https:\/\/www.lafarga.com\/corporatiu\/lafarga-hospitalet-llobregat\/"},{"@type":"ListItem","position":2,"name":"L&#8217;Hospitalet, ciudad de letras, en portada en el Diari"}]},{"@type":"WebSite","@id":"https:\/\/www.lafarga.com\/corporatiu\/#website","url":"https:\/\/www.lafarga.com\/corporatiu\/","name":"La Farga Gesti\u00f3 d&#039;Equipaments Municipals, SA","description":"","publisher":{"@id":"https:\/\/www.lafarga.com\/corporatiu\/#organization"},"potentialAction":[{"@type":"SearchAction","target":{"@type":"EntryPoint","urlTemplate":"https:\/\/www.lafarga.com\/corporatiu\/?s={search_term_string}"},"query-input":{"@type":"PropertyValueSpecification","valueRequired":true,"valueName":"search_term_string"}}],"inLanguage":"ca"},{"@type":"Organization","@id":"https:\/\/www.lafarga.com\/corporatiu\/#organization","name":"La Farga Gesti\u00f3 d&#039;Equipaments Municipals, SA","url":"https:\/\/www.lafarga.com\/corporatiu\/","logo":{"@type":"ImageObject","inLanguage":"ca","@id":"https:\/\/www.lafarga.com\/corporatiu\/#\/schema\/logo\/image\/","url":"https:\/\/www.lafarga.com\/corporatiu\/wp-content\/uploads\/2023\/11\/logotipo_lafarga_gemsa.svg","contentUrl":"https:\/\/www.lafarga.com\/corporatiu\/wp-content\/uploads\/2023\/11\/logotipo_lafarga_gemsa.svg","width":102,"height":103,"caption":"La Farga Gesti\u00f3 d&#039;Equipaments Municipals, SA"},"image":{"@id":"https:\/\/www.lafarga.com\/corporatiu\/#\/schema\/logo\/image\/"}},{"@type":"Person","@id":"https:\/\/www.lafarga.com\/corporatiu\/#\/schema\/person\/70d96fe17d0da1a9c9e80d232bdbcf33","name":"\u00d2scar Milla","image":{"@type":"ImageObject","inLanguage":"ca","@id":"https:\/\/secure.gravatar.com\/avatar\/92e75d184f9d5e0e403bd4ad075b080ad258344ddc259adddb579f6a3ba6494f?s=96&d=mm&r=g","url":"https:\/\/secure.gravatar.com\/avatar\/92e75d184f9d5e0e403bd4ad075b080ad258344ddc259adddb579f6a3ba6494f?s=96&d=mm&r=g","contentUrl":"https:\/\/secure.gravatar.com\/avatar\/92e75d184f9d5e0e403bd4ad075b080ad258344ddc259adddb579f6a3ba6494f?s=96&d=mm&r=g","caption":"\u00d2scar Milla"},"url":"https:\/\/www.lafarga.com\/corporatiu\/author\/omilla\/"}]}},"uagb_featured_image_src":{"full":["https:\/\/www.lafarga.com\/corporatiu\/wp-content\/uploads\/2019\/03\/Diari-LH-Marc-18.jpg",730,410,false],"thumbnail":["https:\/\/www.lafarga.com\/corporatiu\/wp-content\/uploads\/2019\/03\/Diari-LH-Marc-18-150x150.jpg",150,150,true],"medium":["https:\/\/www.lafarga.com\/corporatiu\/wp-content\/uploads\/2019\/03\/Diari-LH-Marc-18-300x168.jpg",300,168,true],"medium_large":["https:\/\/www.lafarga.com\/corporatiu\/wp-content\/uploads\/2019\/03\/Diari-LH-Marc-18.jpg",730,410,false],"large":["https:\/\/www.lafarga.com\/corporatiu\/wp-content\/uploads\/2019\/03\/Diari-LH-Marc-18.jpg",730,410,false],"1536x1536":["https:\/\/www.lafarga.com\/corporatiu\/wp-content\/uploads\/2019\/03\/Diari-LH-Marc-18.jpg",730,410,false],"2048x2048":["https:\/\/www.lafarga.com\/corporatiu\/wp-content\/uploads\/2019\/03\/Diari-LH-Marc-18.jpg",730,410,false],"mailpoet_newsletter_max":["https:\/\/www.lafarga.com\/corporatiu\/wp-content\/uploads\/2019\/03\/Diari-LH-Marc-18.jpg",730,410,false]},"uagb_author_info":{"display_name":"\u00d2scar Milla","author_link":"https:\/\/www.lafarga.com\/corporatiu\/author\/omilla\/"},"uagb_comment_info":0,"uagb_excerpt":"Un especial sobre L'Hospitalet, ciudad de letras, es el principal tema del Diari de L'Hospitalet que ha salido este lunes en su edici\u00f3n n\u00famero 344.","_links":{"self":[{"href":"https:\/\/www.lafarga.com\/corporatiu\/wp-json\/wp\/v2\/posts\/13353","targetHints":{"allow":["GET"]}}],"collection":[{"href":"https:\/\/www.lafarga.com\/corporatiu\/wp-json\/wp\/v2\/posts"}],"about":[{"href":"https:\/\/www.lafarga.com\/corporatiu\/wp-json\/wp\/v2\/types\/post"}],"author":[{"embeddable":true,"href":"https:\/\/www.lafarga.com\/corporatiu\/wp-json\/wp\/v2\/users\/5"}],"replies":[{"embeddable":true,"href":"https:\/\/www.lafarga.com\/corporatiu\/wp-json\/wp\/v2\/comments?post=13353"}],"version-history":[{"count":3,"href":"https:\/\/www.lafarga.com\/corporatiu\/wp-json\/wp\/v2\/posts\/13353\/revisions"}],"predecessor-version":[{"id":13357,"href":"https:\/\/www.lafarga.com\/corporatiu\/wp-json\/wp\/v2\/posts\/13353\/revisions\/13357"}],"wp:featuredmedia":[{"embeddable":true,"href":"https:\/\/www.lafarga.com\/corporatiu\/wp-json\/wp\/v2\/media\/13350"}],"wp:attachment":[{"href":"https:\/\/www.lafarga.com\/corporatiu\/wp-json\/wp\/v2\/media?parent=13353"}],"wp:term":[{"taxonomy":"category","embeddable":true,"href":"https:\/\/www.lafarga.com\/corporatiu\/wp-json\/wp\/v2\/categories?post=13353"},{"taxonomy":"post_tag","embeddable":true,"href":"https:\/\/www.lafarga.com\/corporatiu\/wp-json\/wp\/v2\/tags?post=13353"}],"curies":[{"name":"wp","href":"https:\/\/api.w.org\/{rel}","templated":true}]}}