{"id":13349,"date":"2019-03-26T12:18:17","date_gmt":"2019-03-26T12:18:17","guid":{"rendered":"http:\/\/www.lafarga.com\/corporatiu\/?p=13349"},"modified":"2019-03-28T12:24:39","modified_gmt":"2019-03-28T12:24:39","slug":"lh-ciutat-de-lletres-en-portada-al-diari","status":"publish","type":"post","link":"https:\/\/www.lafarga.com\/corporatiu\/lh-ciutat-de-lletres-en-portada-al-diari\/","title":{"rendered":"L&#8217;Hospitalet, ciutat de lletres, en portada al Diari"},"content":{"rendered":"<h5>Edici\u00f3 n\u00famero 344<\/h5>\n<p>Un especial sobre L\u2019Hospitalet, ciutat de lletres, \u00e9s el principal tema del Diari de L\u2019Hospitalet que ha sortit aquest dilluns en la seva edici\u00f3 n\u00famero 344.<\/p>\n<p>M\u00e9s de 400 autors i tota una successi\u00f3 de projectes editorials vinculen L\u2019Hospitalet al m\u00f3n del llibre i la creaci\u00f3 liter\u00e0ria. L\u2019autoedici\u00f3 conviu amb empreses de consultoria d\u2019edici\u00f3 i amb editorials de totes les mides establertes al municipi.<\/p>\n<p>El Diari informa en aquesta edici\u00f3 de tot all\u00f2 que cal saber sobre els comicis municipals del 26 de maig, i que L\u2019Hospitalet es dota d\u2019un full de ruta per avan\u00e7ar en la igualtat de drets d\u2019infants i joves.<\/p>\n<p>Pel que fa a les entrevistes, en aquesta edici\u00f3 trobarem la que es fa a l\u2019alcaldessa de la ciutat, N\u00faria Mar\u00edn.<\/p>\n<p>En quant a les activitats previstes per La Farga Centre d\u2019Activitats el diari en avan\u00e7a les concerts de Festes de Primavera, amb <a href=\"https:\/\/www.lafarga.com\/corporatiu\/rozalen-i-beret-els-concerts-de-festes-a-la-farga\/\" target=\"_blank\" rel=\"noopener noreferrer\"><strong>Rozal\u00e9n i Beret<\/strong><\/a>, i el sal\u00f3 <a href=\"https:\/\/www.lafarga.com\/corporatiu\/cotxe-classic-novetat-retromotor\/\" target=\"_blank\" rel=\"noopener noreferrer\"><strong>RetroMotor<\/strong><\/a> d\u2019aquest cap de setmana.<\/p>\n<p>Altres temes del Diari de L\u2019Hospitalet s\u00f3n les celebracions de Setmana Santa amb la Cofrad\u00eda 15+1 i la Hermandad de la Amargura, que ja tenen a punt les seves processons.<\/p>\n<p>En cultura, el fot\u00f2graf Fernando Moleres ens mostra la fragilitat de l\u2019\u00c0rtic, a la Sala polivalent del Mercat de la Florida. L\u2019exposici\u00f3 Melting Landscapes documenta els efectes del canvi clim\u00e0tic en els paratges naturals d\u2019Isl\u00e0ndia i Groenl\u00e0ndia. Tamb\u00e9 trobem en aquesta secci\u00f3 que artistes i joves creen un mural al pont de la Vanguard sobre el nostre passat en com\u00fa.<\/p>\n<p>Pel que fa als esports la Cursa Nocturna, que se celebrar\u00e0 el proper 13 d\u2019abril torna a ser protagonista.<\/p>\n<p>El Diari de L\u2019Hospitalet \u00e9s un mitj\u00e0 de comunicaci\u00f3 editat per La Farga Gesti\u00f3 d\u2019Equipaments Municipals i t\u00e9 una tirada de 105.000 exemplars.<\/p>\n<p>Aqu\u00ed podeu veure la <a href=\"http:\/\/lhdigital.cat\/diarilh_digital\/344\/index.html\" target=\"_blank\" rel=\"noopener noreferrer\"><strong>versi\u00f3 digital<\/strong><\/a> del Diari de L&#8217;Hospitalet.<\/p>\n","protected":false},"excerpt":{"rendered":"<p>Un especial sobre L\u2019Hospitalet, ciutat de lletres, \u00e9s el principal tema del Diari de L\u2019Hospitalet que ha sortit aquest dilluns en la seva edici\u00f3 n\u00famero 344.<\/p>\n","protected":false},"author":5,"featured_media":13350,"comment_status":"closed","ping_status":"closed","sticky":false,"template":"","format":"standard","meta":{"inline_featured_image":false,"_uag_custom_page_level_css":"","_monsterinsights_skip_tracking":false,"_monsterinsights_sitenote_active":false,"_monsterinsights_sitenote_note":"","_monsterinsights_sitenote_category":0,"site-sidebar-layout":"default","site-content-layout":"","ast-site-content-layout":"default","site-content-style":"default","site-sidebar-style":"default","ast-global-header-display":"","ast-banner-title-visibility":"","ast-main-header-display":"","ast-hfb-above-header-display":"","ast-hfb-below-header-display":"","ast-hfb-mobile-header-display":"","site-post-title":"","ast-breadcrumbs-content":"","ast-featured-img":"","footer-sml-layout":"","ast-disable-related-posts":"","theme-transparent-header-meta":"","adv-header-id-meta":"","stick-header-meta":"","header-above-stick-meta":"","header-main-stick-meta":"","header-below-stick-meta":"","astra-migrate-meta-layouts":"default","ast-page-background-enabled":"default","ast-page-background-meta":{"desktop":{"background-color":"var(--ast-global-color-4)","background-image":"","background-repeat":"repeat","background-position":"center center","background-size":"auto","background-attachment":"scroll","background-type":"","background-media":"","overlay-type":"","overlay-color":"","overlay-opacity":"","overlay-gradient":""},"tablet":{"background-color":"","background-image":"","background-repeat":"repeat","background-position":"center center","background-size":"auto","background-attachment":"scroll","background-type":"","background-media":"","overlay-type":"","overlay-color":"","overlay-opacity":"","overlay-gradient":""},"mobile":{"background-color":"","background-image":"","background-repeat":"repeat","background-position":"center center","background-size":"auto","background-attachment":"scroll","background-type":"","background-media":"","overlay-type":"","overlay-color":"","overlay-opacity":"","overlay-gradient":""}},"ast-content-background-meta":{"desktop":{"background-color":"var(--ast-global-color-5)","background-image":"","background-repeat":"repeat","background-position":"center center","background-size":"auto","background-attachment":"scroll","background-type":"","background-media":"","overlay-type":"","overlay-color":"","overlay-opacity":"","overlay-gradient":""},"tablet":{"background-color":"var(--ast-global-color-5)","background-image":"","background-repeat":"repeat","background-position":"center center","background-size":"auto","background-attachment":"scroll","background-type":"","background-media":"","overlay-type":"","overlay-color":"","overlay-opacity":"","overlay-gradient":""},"mobile":{"background-color":"var(--ast-global-color-5)","background-image":"","background-repeat":"repeat","background-position":"center center","background-size":"auto","background-attachment":"scroll","background-type":"","background-media":"","overlay-type":"","overlay-color":"","overlay-opacity":"","overlay-gradient":""}},"footnotes":""},"categories":[51],"tags":[],"class_list":["post-13349","post","type-post","status-publish","format-standard","has-post-thumbnail","hentry","category-mitjans-comunicacio"],"yoast_head":"<!-- This site is optimized with the Yoast SEO plugin v27.4 - https:\/\/yoast.com\/product\/yoast-seo-wordpress\/ -->\n<title>L&#039;Hospitalet, ciutat de lletres, en portada al Diari - La Farga Gesti\u00f3n de Equipamientos Municipales, S.A.<\/title>\n<meta name=\"description\" content=\"Un especial sobre L\u2019Hospitalet, ciutat de lletres, \u00e9s el principal tema del Diari de L\u2019Hospitalet que ha sortit aquest dilluns en la seva edici\u00f3 n\u00famero 344.\" \/>\n<meta name=\"robots\" content=\"index, follow, max-snippet:-1, max-image-preview:large, max-video-preview:-1\" \/>\n<link rel=\"canonical\" href=\"https:\/\/www.lafarga.com\/corporatiu\/lh-ciutat-de-lletres-en-portada-al-diari\/\" \/>\n<meta property=\"og:locale\" content=\"ca_ES\" \/>\n<meta property=\"og:type\" content=\"article\" \/>\n<meta property=\"og:title\" content=\"L&#039;Hospitalet, ciutat de lletres, en portada al Diari - La Farga Gesti\u00f3n de Equipamientos Municipales, S.A.\" \/>\n<meta property=\"og:description\" content=\"Un especial sobre L\u2019Hospitalet, ciutat de lletres, \u00e9s el principal tema del Diari de L\u2019Hospitalet que ha sortit aquest dilluns en la seva edici\u00f3 n\u00famero 344.\" \/>\n<meta property=\"og:url\" content=\"https:\/\/www.lafarga.com\/corporatiu\/lh-ciutat-de-lletres-en-portada-al-diari\/\" \/>\n<meta property=\"og:site_name\" content=\"La Farga Gesti\u00f3n de Equipamientos Municipales, S.A.\" \/>\n<meta property=\"article:published_time\" content=\"2019-03-26T12:18:17+00:00\" \/>\n<meta property=\"article:modified_time\" content=\"2019-03-28T12:24:39+00:00\" \/>\n<meta property=\"og:image\" content=\"https:\/\/www.lafarga.com\/corporatiu\/wp-content\/uploads\/2019\/03\/Diari-LH-Marc-18.jpg\" \/>\n\t<meta property=\"og:image:width\" content=\"730\" \/>\n\t<meta property=\"og:image:height\" content=\"410\" \/>\n\t<meta property=\"og:image:type\" content=\"image\/jpeg\" \/>\n<meta name=\"author\" content=\"\u00d2scar Milla\" \/>\n<meta name=\"twitter:label1\" content=\"Escrit per\" \/>\n\t<meta name=\"twitter:data1\" content=\"\u00d2scar Milla\" \/>\n\t<meta name=\"twitter:label2\" content=\"Temps estimat de lectura\" \/>\n\t<meta name=\"twitter:data2\" content=\"2 minuts\" \/>\n<script type=\"application\/ld+json\" class=\"yoast-schema-graph\">{\"@context\":\"https:\\\/\\\/schema.org\",\"@graph\":[{\"@type\":\"Article\",\"@id\":\"https:\\\/\\\/www.lafarga.com\\\/corporatiu\\\/lh-ciutat-de-lletres-en-portada-al-diari\\\/#article\",\"isPartOf\":{\"@id\":\"https:\\\/\\\/www.lafarga.com\\\/corporatiu\\\/lh-ciutat-de-lletres-en-portada-al-diari\\\/\"},\"author\":{\"name\":\"\u00d2scar Milla\",\"@id\":\"https:\\\/\\\/www.lafarga.com\\\/corporatiu\\\/#\\\/schema\\\/person\\\/70d96fe17d0da1a9c9e80d232bdbcf33\"},\"headline\":\"L&#8217;Hospitalet, ciutat de lletres, en portada al Diari\",\"datePublished\":\"2019-03-26T12:18:17+00:00\",\"dateModified\":\"2019-03-28T12:24:39+00:00\",\"mainEntityOfPage\":{\"@id\":\"https:\\\/\\\/www.lafarga.com\\\/corporatiu\\\/lh-ciutat-de-lletres-en-portada-al-diari\\\/\"},\"wordCount\":339,\"publisher\":{\"@id\":\"https:\\\/\\\/www.lafarga.com\\\/corporatiu\\\/#organization\"},\"image\":{\"@id\":\"https:\\\/\\\/www.lafarga.com\\\/corporatiu\\\/lh-ciutat-de-lletres-en-portada-al-diari\\\/#primaryimage\"},\"thumbnailUrl\":\"https:\\\/\\\/www.lafarga.com\\\/corporatiu\\\/wp-content\\\/uploads\\\/2019\\\/03\\\/Diari-LH-Marc-18.jpg\",\"articleSection\":[\"Mitjans de Comunicaci\u00f3\"],\"inLanguage\":\"ca\"},{\"@type\":\"WebPage\",\"@id\":\"https:\\\/\\\/www.lafarga.com\\\/corporatiu\\\/lh-ciutat-de-lletres-en-portada-al-diari\\\/\",\"url\":\"https:\\\/\\\/www.lafarga.com\\\/corporatiu\\\/lh-ciutat-de-lletres-en-portada-al-diari\\\/\",\"name\":\"L'Hospitalet, ciutat de lletres, en portada al Diari - La Farga Gesti\u00f3n de Equipamientos Municipales, S.A.\",\"isPartOf\":{\"@id\":\"https:\\\/\\\/www.lafarga.com\\\/corporatiu\\\/#website\"},\"primaryImageOfPage\":{\"@id\":\"https:\\\/\\\/www.lafarga.com\\\/corporatiu\\\/lh-ciutat-de-lletres-en-portada-al-diari\\\/#primaryimage\"},\"image\":{\"@id\":\"https:\\\/\\\/www.lafarga.com\\\/corporatiu\\\/lh-ciutat-de-lletres-en-portada-al-diari\\\/#primaryimage\"},\"thumbnailUrl\":\"https:\\\/\\\/www.lafarga.com\\\/corporatiu\\\/wp-content\\\/uploads\\\/2019\\\/03\\\/Diari-LH-Marc-18.jpg\",\"datePublished\":\"2019-03-26T12:18:17+00:00\",\"dateModified\":\"2019-03-28T12:24:39+00:00\",\"description\":\"Un especial sobre L\u2019Hospitalet, ciutat de lletres, \u00e9s el principal tema del Diari de L\u2019Hospitalet que ha sortit aquest dilluns en la seva edici\u00f3 n\u00famero 344.\",\"breadcrumb\":{\"@id\":\"https:\\\/\\\/www.lafarga.com\\\/corporatiu\\\/lh-ciutat-de-lletres-en-portada-al-diari\\\/#breadcrumb\"},\"inLanguage\":\"ca\",\"potentialAction\":[{\"@type\":\"ReadAction\",\"target\":[\"https:\\\/\\\/www.lafarga.com\\\/corporatiu\\\/lh-ciutat-de-lletres-en-portada-al-diari\\\/\"]}]},{\"@type\":\"ImageObject\",\"inLanguage\":\"ca\",\"@id\":\"https:\\\/\\\/www.lafarga.com\\\/corporatiu\\\/lh-ciutat-de-lletres-en-portada-al-diari\\\/#primaryimage\",\"url\":\"https:\\\/\\\/www.lafarga.com\\\/corporatiu\\\/wp-content\\\/uploads\\\/2019\\\/03\\\/Diari-LH-Marc-18.jpg\",\"contentUrl\":\"https:\\\/\\\/www.lafarga.com\\\/corporatiu\\\/wp-content\\\/uploads\\\/2019\\\/03\\\/Diari-LH-Marc-18.jpg\",\"width\":730,\"height\":410,\"caption\":\"Diari Farga Lletres\"},{\"@type\":\"BreadcrumbList\",\"@id\":\"https:\\\/\\\/www.lafarga.com\\\/corporatiu\\\/lh-ciutat-de-lletres-en-portada-al-diari\\\/#breadcrumb\",\"itemListElement\":[{\"@type\":\"ListItem\",\"position\":1,\"name\":\"Home\",\"item\":\"https:\\\/\\\/www.lafarga.com\\\/corporatiu\\\/lafarga-hospitalet-llobregat\\\/\"},{\"@type\":\"ListItem\",\"position\":2,\"name\":\"L&#8217;Hospitalet, ciutat de lletres, en portada al Diari\"}]},{\"@type\":\"WebSite\",\"@id\":\"https:\\\/\\\/www.lafarga.com\\\/corporatiu\\\/#website\",\"url\":\"https:\\\/\\\/www.lafarga.com\\\/corporatiu\\\/\",\"name\":\"La Farga Gesti\u00f3 d&#039;Equipaments Municipals, SA\",\"description\":\"\",\"publisher\":{\"@id\":\"https:\\\/\\\/www.lafarga.com\\\/corporatiu\\\/#organization\"},\"potentialAction\":[{\"@type\":\"SearchAction\",\"target\":{\"@type\":\"EntryPoint\",\"urlTemplate\":\"https:\\\/\\\/www.lafarga.com\\\/corporatiu\\\/?s={search_term_string}\"},\"query-input\":{\"@type\":\"PropertyValueSpecification\",\"valueRequired\":true,\"valueName\":\"search_term_string\"}}],\"inLanguage\":\"ca\"},{\"@type\":\"Organization\",\"@id\":\"https:\\\/\\\/www.lafarga.com\\\/corporatiu\\\/#organization\",\"name\":\"La Farga Gesti\u00f3 d&#039;Equipaments Municipals, SA\",\"url\":\"https:\\\/\\\/www.lafarga.com\\\/corporatiu\\\/\",\"logo\":{\"@type\":\"ImageObject\",\"inLanguage\":\"ca\",\"@id\":\"https:\\\/\\\/www.lafarga.com\\\/corporatiu\\\/#\\\/schema\\\/logo\\\/image\\\/\",\"url\":\"https:\\\/\\\/www.lafarga.com\\\/corporatiu\\\/wp-content\\\/uploads\\\/2023\\\/11\\\/logotipo_lafarga_gemsa.svg\",\"contentUrl\":\"https:\\\/\\\/www.lafarga.com\\\/corporatiu\\\/wp-content\\\/uploads\\\/2023\\\/11\\\/logotipo_lafarga_gemsa.svg\",\"width\":102,\"height\":103,\"caption\":\"La Farga Gesti\u00f3 d&#039;Equipaments Municipals, SA\"},\"image\":{\"@id\":\"https:\\\/\\\/www.lafarga.com\\\/corporatiu\\\/#\\\/schema\\\/logo\\\/image\\\/\"}},{\"@type\":\"Person\",\"@id\":\"https:\\\/\\\/www.lafarga.com\\\/corporatiu\\\/#\\\/schema\\\/person\\\/70d96fe17d0da1a9c9e80d232bdbcf33\",\"name\":\"\u00d2scar Milla\",\"image\":{\"@type\":\"ImageObject\",\"inLanguage\":\"ca\",\"@id\":\"https:\\\/\\\/secure.gravatar.com\\\/avatar\\\/92e75d184f9d5e0e403bd4ad075b080ad258344ddc259adddb579f6a3ba6494f?s=96&d=mm&r=g\",\"url\":\"https:\\\/\\\/secure.gravatar.com\\\/avatar\\\/92e75d184f9d5e0e403bd4ad075b080ad258344ddc259adddb579f6a3ba6494f?s=96&d=mm&r=g\",\"contentUrl\":\"https:\\\/\\\/secure.gravatar.com\\\/avatar\\\/92e75d184f9d5e0e403bd4ad075b080ad258344ddc259adddb579f6a3ba6494f?s=96&d=mm&r=g\",\"caption\":\"\u00d2scar Milla\"},\"url\":\"https:\\\/\\\/www.lafarga.com\\\/corporatiu\\\/author\\\/omilla\\\/\"}]}<\/script>\n<!-- \/ Yoast SEO plugin. -->","yoast_head_json":{"title":"L'Hospitalet, ciutat de lletres, en portada al Diari - La Farga Gesti\u00f3n de Equipamientos Municipales, S.A.","description":"Un especial sobre L\u2019Hospitalet, ciutat de lletres, \u00e9s el principal tema del Diari de L\u2019Hospitalet que ha sortit aquest dilluns en la seva edici\u00f3 n\u00famero 344.","robots":{"index":"index","follow":"follow","max-snippet":"max-snippet:-1","max-image-preview":"max-image-preview:large","max-video-preview":"max-video-preview:-1"},"canonical":"https:\/\/www.lafarga.com\/corporatiu\/lh-ciutat-de-lletres-en-portada-al-diari\/","og_locale":"ca_ES","og_type":"article","og_title":"L'Hospitalet, ciutat de lletres, en portada al Diari - La Farga Gesti\u00f3n de Equipamientos Municipales, S.A.","og_description":"Un especial sobre L\u2019Hospitalet, ciutat de lletres, \u00e9s el principal tema del Diari de L\u2019Hospitalet que ha sortit aquest dilluns en la seva edici\u00f3 n\u00famero 344.","og_url":"https:\/\/www.lafarga.com\/corporatiu\/lh-ciutat-de-lletres-en-portada-al-diari\/","og_site_name":"La Farga Gesti\u00f3n de Equipamientos Municipales, S.A.","article_published_time":"2019-03-26T12:18:17+00:00","article_modified_time":"2019-03-28T12:24:39+00:00","og_image":[{"width":730,"height":410,"url":"https:\/\/www.lafarga.com\/corporatiu\/wp-content\/uploads\/2019\/03\/Diari-LH-Marc-18.jpg","type":"image\/jpeg"}],"author":"\u00d2scar Milla","twitter_misc":{"Escrit per":"\u00d2scar Milla","Temps estimat de lectura":"2 minuts"},"schema":{"@context":"https:\/\/schema.org","@graph":[{"@type":"Article","@id":"https:\/\/www.lafarga.com\/corporatiu\/lh-ciutat-de-lletres-en-portada-al-diari\/#article","isPartOf":{"@id":"https:\/\/www.lafarga.com\/corporatiu\/lh-ciutat-de-lletres-en-portada-al-diari\/"},"author":{"name":"\u00d2scar Milla","@id":"https:\/\/www.lafarga.com\/corporatiu\/#\/schema\/person\/70d96fe17d0da1a9c9e80d232bdbcf33"},"headline":"L&#8217;Hospitalet, ciutat de lletres, en portada al Diari","datePublished":"2019-03-26T12:18:17+00:00","dateModified":"2019-03-28T12:24:39+00:00","mainEntityOfPage":{"@id":"https:\/\/www.lafarga.com\/corporatiu\/lh-ciutat-de-lletres-en-portada-al-diari\/"},"wordCount":339,"publisher":{"@id":"https:\/\/www.lafarga.com\/corporatiu\/#organization"},"image":{"@id":"https:\/\/www.lafarga.com\/corporatiu\/lh-ciutat-de-lletres-en-portada-al-diari\/#primaryimage"},"thumbnailUrl":"https:\/\/www.lafarga.com\/corporatiu\/wp-content\/uploads\/2019\/03\/Diari-LH-Marc-18.jpg","articleSection":["Mitjans de Comunicaci\u00f3"],"inLanguage":"ca"},{"@type":"WebPage","@id":"https:\/\/www.lafarga.com\/corporatiu\/lh-ciutat-de-lletres-en-portada-al-diari\/","url":"https:\/\/www.lafarga.com\/corporatiu\/lh-ciutat-de-lletres-en-portada-al-diari\/","name":"L'Hospitalet, ciutat de lletres, en portada al Diari - La Farga Gesti\u00f3n de Equipamientos Municipales, S.A.","isPartOf":{"@id":"https:\/\/www.lafarga.com\/corporatiu\/#website"},"primaryImageOfPage":{"@id":"https:\/\/www.lafarga.com\/corporatiu\/lh-ciutat-de-lletres-en-portada-al-diari\/#primaryimage"},"image":{"@id":"https:\/\/www.lafarga.com\/corporatiu\/lh-ciutat-de-lletres-en-portada-al-diari\/#primaryimage"},"thumbnailUrl":"https:\/\/www.lafarga.com\/corporatiu\/wp-content\/uploads\/2019\/03\/Diari-LH-Marc-18.jpg","datePublished":"2019-03-26T12:18:17+00:00","dateModified":"2019-03-28T12:24:39+00:00","description":"Un especial sobre L\u2019Hospitalet, ciutat de lletres, \u00e9s el principal tema del Diari de L\u2019Hospitalet que ha sortit aquest dilluns en la seva edici\u00f3 n\u00famero 344.","breadcrumb":{"@id":"https:\/\/www.lafarga.com\/corporatiu\/lh-ciutat-de-lletres-en-portada-al-diari\/#breadcrumb"},"inLanguage":"ca","potentialAction":[{"@type":"ReadAction","target":["https:\/\/www.lafarga.com\/corporatiu\/lh-ciutat-de-lletres-en-portada-al-diari\/"]}]},{"@type":"ImageObject","inLanguage":"ca","@id":"https:\/\/www.lafarga.com\/corporatiu\/lh-ciutat-de-lletres-en-portada-al-diari\/#primaryimage","url":"https:\/\/www.lafarga.com\/corporatiu\/wp-content\/uploads\/2019\/03\/Diari-LH-Marc-18.jpg","contentUrl":"https:\/\/www.lafarga.com\/corporatiu\/wp-content\/uploads\/2019\/03\/Diari-LH-Marc-18.jpg","width":730,"height":410,"caption":"Diari Farga Lletres"},{"@type":"BreadcrumbList","@id":"https:\/\/www.lafarga.com\/corporatiu\/lh-ciutat-de-lletres-en-portada-al-diari\/#breadcrumb","itemListElement":[{"@type":"ListItem","position":1,"name":"Home","item":"https:\/\/www.lafarga.com\/corporatiu\/lafarga-hospitalet-llobregat\/"},{"@type":"ListItem","position":2,"name":"L&#8217;Hospitalet, ciutat de lletres, en portada al Diari"}]},{"@type":"WebSite","@id":"https:\/\/www.lafarga.com\/corporatiu\/#website","url":"https:\/\/www.lafarga.com\/corporatiu\/","name":"La Farga Gesti\u00f3 d&#039;Equipaments Municipals, SA","description":"","publisher":{"@id":"https:\/\/www.lafarga.com\/corporatiu\/#organization"},"potentialAction":[{"@type":"SearchAction","target":{"@type":"EntryPoint","urlTemplate":"https:\/\/www.lafarga.com\/corporatiu\/?s={search_term_string}"},"query-input":{"@type":"PropertyValueSpecification","valueRequired":true,"valueName":"search_term_string"}}],"inLanguage":"ca"},{"@type":"Organization","@id":"https:\/\/www.lafarga.com\/corporatiu\/#organization","name":"La Farga Gesti\u00f3 d&#039;Equipaments Municipals, SA","url":"https:\/\/www.lafarga.com\/corporatiu\/","logo":{"@type":"ImageObject","inLanguage":"ca","@id":"https:\/\/www.lafarga.com\/corporatiu\/#\/schema\/logo\/image\/","url":"https:\/\/www.lafarga.com\/corporatiu\/wp-content\/uploads\/2023\/11\/logotipo_lafarga_gemsa.svg","contentUrl":"https:\/\/www.lafarga.com\/corporatiu\/wp-content\/uploads\/2023\/11\/logotipo_lafarga_gemsa.svg","width":102,"height":103,"caption":"La Farga Gesti\u00f3 d&#039;Equipaments Municipals, SA"},"image":{"@id":"https:\/\/www.lafarga.com\/corporatiu\/#\/schema\/logo\/image\/"}},{"@type":"Person","@id":"https:\/\/www.lafarga.com\/corporatiu\/#\/schema\/person\/70d96fe17d0da1a9c9e80d232bdbcf33","name":"\u00d2scar Milla","image":{"@type":"ImageObject","inLanguage":"ca","@id":"https:\/\/secure.gravatar.com\/avatar\/92e75d184f9d5e0e403bd4ad075b080ad258344ddc259adddb579f6a3ba6494f?s=96&d=mm&r=g","url":"https:\/\/secure.gravatar.com\/avatar\/92e75d184f9d5e0e403bd4ad075b080ad258344ddc259adddb579f6a3ba6494f?s=96&d=mm&r=g","contentUrl":"https:\/\/secure.gravatar.com\/avatar\/92e75d184f9d5e0e403bd4ad075b080ad258344ddc259adddb579f6a3ba6494f?s=96&d=mm&r=g","caption":"\u00d2scar Milla"},"url":"https:\/\/www.lafarga.com\/corporatiu\/author\/omilla\/"}]}},"uagb_featured_image_src":{"full":["https:\/\/www.lafarga.com\/corporatiu\/wp-content\/uploads\/2019\/03\/Diari-LH-Marc-18.jpg",730,410,false],"thumbnail":["https:\/\/www.lafarga.com\/corporatiu\/wp-content\/uploads\/2019\/03\/Diari-LH-Marc-18-150x150.jpg",150,150,true],"medium":["https:\/\/www.lafarga.com\/corporatiu\/wp-content\/uploads\/2019\/03\/Diari-LH-Marc-18-300x168.jpg",300,168,true],"medium_large":["https:\/\/www.lafarga.com\/corporatiu\/wp-content\/uploads\/2019\/03\/Diari-LH-Marc-18.jpg",730,410,false],"large":["https:\/\/www.lafarga.com\/corporatiu\/wp-content\/uploads\/2019\/03\/Diari-LH-Marc-18.jpg",730,410,false],"1536x1536":["https:\/\/www.lafarga.com\/corporatiu\/wp-content\/uploads\/2019\/03\/Diari-LH-Marc-18.jpg",730,410,false],"2048x2048":["https:\/\/www.lafarga.com\/corporatiu\/wp-content\/uploads\/2019\/03\/Diari-LH-Marc-18.jpg",730,410,false],"mailpoet_newsletter_max":["https:\/\/www.lafarga.com\/corporatiu\/wp-content\/uploads\/2019\/03\/Diari-LH-Marc-18.jpg",730,410,false]},"uagb_author_info":{"display_name":"\u00d2scar Milla","author_link":"https:\/\/www.lafarga.com\/corporatiu\/author\/omilla\/"},"uagb_comment_info":0,"uagb_excerpt":"Un especial sobre L\u2019Hospitalet, ciutat de lletres, \u00e9s el principal tema del Diari de L\u2019Hospitalet que ha sortit aquest dilluns en la seva edici\u00f3 n\u00famero 344.","_links":{"self":[{"href":"https:\/\/www.lafarga.com\/corporatiu\/wp-json\/wp\/v2\/posts\/13349","targetHints":{"allow":["GET"]}}],"collection":[{"href":"https:\/\/www.lafarga.com\/corporatiu\/wp-json\/wp\/v2\/posts"}],"about":[{"href":"https:\/\/www.lafarga.com\/corporatiu\/wp-json\/wp\/v2\/types\/post"}],"author":[{"embeddable":true,"href":"https:\/\/www.lafarga.com\/corporatiu\/wp-json\/wp\/v2\/users\/5"}],"replies":[{"embeddable":true,"href":"https:\/\/www.lafarga.com\/corporatiu\/wp-json\/wp\/v2\/comments?post=13349"}],"version-history":[{"count":2,"href":"https:\/\/www.lafarga.com\/corporatiu\/wp-json\/wp\/v2\/posts\/13349\/revisions"}],"predecessor-version":[{"id":13352,"href":"https:\/\/www.lafarga.com\/corporatiu\/wp-json\/wp\/v2\/posts\/13349\/revisions\/13352"}],"wp:featuredmedia":[{"embeddable":true,"href":"https:\/\/www.lafarga.com\/corporatiu\/wp-json\/wp\/v2\/media\/13350"}],"wp:attachment":[{"href":"https:\/\/www.lafarga.com\/corporatiu\/wp-json\/wp\/v2\/media?parent=13349"}],"wp:term":[{"taxonomy":"category","embeddable":true,"href":"https:\/\/www.lafarga.com\/corporatiu\/wp-json\/wp\/v2\/categories?post=13349"},{"taxonomy":"post_tag","embeddable":true,"href":"https:\/\/www.lafarga.com\/corporatiu\/wp-json\/wp\/v2\/tags?post=13349"}],"curies":[{"name":"wp","href":"https:\/\/api.w.org\/{rel}","templated":true}]}}