{"id":13305,"date":"2019-03-19T13:27:54","date_gmt":"2019-03-19T13:27:54","guid":{"rendered":"http:\/\/www.lafarga.com\/corporatiu\/?p=13305"},"modified":"2019-03-19T13:29:22","modified_gmt":"2019-03-19T13:29:22","slug":"rozalen-y-beret-los-conciertos-de-fiestas-en-la-farga","status":"publish","type":"post","link":"https:\/\/www.lafarga.com\/corporatiu\/rozalen-y-beret-los-conciertos-de-fiestas-en-la-farga\/","title":{"rendered":"Rozal\u00e9n y Beret los conciertos de Fiestas, en La Farga"},"content":{"rendered":"\n<h5 class=\"wp-block-heading\">Fiestas de Primavera 2019<\/h5>\n\n\n\n<p>La Farga Centro de Actividades vuelve a ser escenario de los conciertos multitudinarios de las Fiestas de Primavera.<\/p>\n\n\n\n<p>Para los conciertos de este a\u00f1o ya tenemos los protagonistas: Rozal\u00e9n y Beret, artistas bien conocidos por el p\u00fablico, pasar\u00e1n por La Farga el viernes, 26, y el s\u00e1bado, 27, respectivamente.<\/p>\n\n\n\n<p>Con tres discos de estudio, Rozal\u00e9n se ha convertido en un referente de la canci\u00f3n de autor espa\u00f1ola. Su propuesta combina con gran imaginaci\u00f3n ritmos y g\u00e9neros diversos. <em>Girasoles<\/em> se ha convertido en una de las piezas m\u00e1s emblem\u00e1ticas del artista que demuestra que la vertiente social de las canciones no va en detrimento del baile y la diversi\u00f3n. Rozal\u00e9n canta sobre historias personales transmitidas por su abuela y causas que incluyen el feminismo y la memoria hist\u00f3rica, pero tambi\u00e9n el amor y el desamor. Subir\u00e1 al escenario de La Farga el viernes, 26 de abril, a las 21.30 horas.<\/p>\n\n\n\n<p>El sevillano Beret ha protagonizado una de las irrupciones virales m\u00e1s espectaculares de la historia de la m\u00fasica, los hits&nbsp;<em>Lo siento<\/em>&nbsp;y&nbsp;<em>Vuelve<\/em>&nbsp;acumulan cada uno m\u00e1s de 150 millones de visualizaciones en Youtube, versionadas ya por Aitana y Karol G, y con 3.000 seguidores en Spotify. Con&nbsp;<em>\u00c1pices<\/em>, el tercer disco, ha triunfado en Am\u00e9rica Latina y la ha convertido en \u00eddolo de millones de j\u00f3venes. La cita con Beret ser\u00e1 el s\u00e1bado, 27 de abril, a las 21 horas. Este concierto contar\u00e1 con un artista invitado.<\/p>\n\n\n\n<p>Las entradas para los dos conciertos se pueden comprar on line en las webs de&nbsp;<a href=\"http:\/\/entrades.elperiodico.cat\/\" target=\"_blank\" rel=\"noreferrer noopener\"><strong>El Peri\u00f3dico<\/strong><\/a>&nbsp;y&nbsp;<a href=\"http:\/\/www.theproject.es\/es\/a-1020\/ROZALEN-Y-BERET-PROTAGONISTAS-DE-LAS-FESTES-DE-PRIMAVERA-DE-HOSPITALET-2019\" target=\"_blank\" rel=\"noreferrer noopener\"><strong>The Project<\/strong><\/a>, tambi\u00e9n en&nbsp;<a href=\"https:\/\/www.atrapalo.com\/entradas\/barcelona\/musica\/\" target=\"_blank\" rel=\"noreferrer noopener\"><strong>Atr\u00e1palo<\/strong><\/a>,&nbsp;<a href=\"https:\/\/www.ticketea.com\/\" target=\"_blank\" rel=\"noreferrer noopener\"><strong>Ticketea<\/strong><\/a>&nbsp;y&nbsp;<a href=\"https:\/\/www.ticketmaster.es\/search\/?keyword=La+Farga\" target=\"_blank\" rel=\"noreferrer noopener\"><strong>Ticketmaster<\/strong><\/a>&nbsp;y en las taquillas de La Farga el mismo d\u00eda de los conciertos.<\/p>\n","protected":false},"excerpt":{"rendered":"<p>Para los conciertos de este a\u00f1o ya tenemos los protagonistas: Rozal\u00e9n y Beret, artistas bien conocidos por el p\u00fablico, pasar\u00e1n por La Farga el viernes, 26, y s\u00e1bado, 27, respectivamente.<\/p>\n","protected":false},"author":5,"featured_media":13303,"comment_status":"closed","ping_status":"closed","sticky":false,"template":"","format":"standard","meta":{"inline_featured_image":false,"_uag_custom_page_level_css":"","_monsterinsights_skip_tracking":false,"_monsterinsights_sitenote_active":false,"_monsterinsights_sitenote_note":"","_monsterinsights_sitenote_category":0,"site-sidebar-layout":"default","site-content-layout":"","ast-site-content-layout":"default","site-content-style":"default","site-sidebar-style":"default","ast-global-header-display":"","ast-banner-title-visibility":"","ast-main-header-display":"","ast-hfb-above-header-display":"","ast-hfb-below-header-display":"","ast-hfb-mobile-header-display":"","site-post-title":"","ast-breadcrumbs-content":"","ast-featured-img":"","footer-sml-layout":"","ast-disable-related-posts":"","theme-transparent-header-meta":"","adv-header-id-meta":"","stick-header-meta":"","header-above-stick-meta":"","header-main-stick-meta":"","header-below-stick-meta":"","astra-migrate-meta-layouts":"default","ast-page-background-enabled":"default","ast-page-background-meta":{"desktop":{"background-color":"var(--ast-global-color-4)","background-image":"","background-repeat":"repeat","background-position":"center center","background-size":"auto","background-attachment":"scroll","background-type":"","background-media":"","overlay-type":"","overlay-color":"","overlay-opacity":"","overlay-gradient":""},"tablet":{"background-color":"","background-image":"","background-repeat":"repeat","background-position":"center center","background-size":"auto","background-attachment":"scroll","background-type":"","background-media":"","overlay-type":"","overlay-color":"","overlay-opacity":"","overlay-gradient":""},"mobile":{"background-color":"","background-image":"","background-repeat":"repeat","background-position":"center center","background-size":"auto","background-attachment":"scroll","background-type":"","background-media":"","overlay-type":"","overlay-color":"","overlay-opacity":"","overlay-gradient":""}},"ast-content-background-meta":{"desktop":{"background-color":"var(--ast-global-color-5)","background-image":"","background-repeat":"repeat","background-position":"center center","background-size":"auto","background-attachment":"scroll","background-type":"","background-media":"","overlay-type":"","overlay-color":"","overlay-opacity":"","overlay-gradient":""},"tablet":{"background-color":"var(--ast-global-color-5)","background-image":"","background-repeat":"repeat","background-position":"center center","background-size":"auto","background-attachment":"scroll","background-type":"","background-media":"","overlay-type":"","overlay-color":"","overlay-opacity":"","overlay-gradient":""},"mobile":{"background-color":"var(--ast-global-color-5)","background-image":"","background-repeat":"repeat","background-position":"center center","background-size":"auto","background-attachment":"scroll","background-type":"","background-media":"","overlay-type":"","overlay-color":"","overlay-opacity":"","overlay-gradient":""}},"footnotes":""},"categories":[73],"tags":[],"class_list":["post-13305","post","type-post","status-publish","format-standard","has-post-thumbnail","hentry","category-centro-de-actividades"],"yoast_head":"<!-- This site is optimized with the Yoast SEO plugin v27.4 - https:\/\/yoast.com\/product\/yoast-seo-wordpress\/ -->\n<title>Rozal\u00e9n y Beret los conciertos de Fiestas, en La Farga - La Farga Gesti\u00f3n de Equipamientos Municipales, S.A.<\/title>\n<meta name=\"description\" content=\"Pels concerts d\u2019enguany ja tenim els protagonistes: Rozal\u00e9n i Beret, passaran per La Farga divendres, 26, i dissabte, 27, respectivament.\" \/>\n<meta name=\"robots\" content=\"index, follow, max-snippet:-1, max-image-preview:large, max-video-preview:-1\" \/>\n<link rel=\"canonical\" href=\"https:\/\/www.lafarga.com\/corporatiu\/rozalen-y-beret-los-conciertos-de-fiestas-en-la-farga\/\" \/>\n<meta property=\"og:locale\" content=\"ca_ES\" \/>\n<meta property=\"og:type\" content=\"article\" \/>\n<meta property=\"og:title\" content=\"Rozal\u00e9n y Beret los conciertos de Fiestas, en La Farga - La Farga Gesti\u00f3n de Equipamientos Municipales, S.A.\" \/>\n<meta property=\"og:description\" content=\"Pels concerts d\u2019enguany ja tenim els protagonistes: Rozal\u00e9n i Beret, passaran per La Farga divendres, 26, i dissabte, 27, respectivament.\" \/>\n<meta property=\"og:url\" content=\"https:\/\/www.lafarga.com\/corporatiu\/rozalen-y-beret-los-conciertos-de-fiestas-en-la-farga\/\" \/>\n<meta property=\"og:site_name\" content=\"La Farga Gesti\u00f3n de Equipamientos Municipales, S.A.\" \/>\n<meta property=\"article:published_time\" content=\"2019-03-19T13:27:54+00:00\" \/>\n<meta property=\"article:modified_time\" content=\"2019-03-19T13:29:22+00:00\" \/>\n<meta property=\"og:image\" content=\"https:\/\/www.lafarga.com\/corporatiu\/wp-content\/uploads\/2019\/03\/Rozalen-Beret-Farga.jpg\" \/>\n\t<meta property=\"og:image:width\" content=\"730\" \/>\n\t<meta property=\"og:image:height\" content=\"410\" \/>\n\t<meta property=\"og:image:type\" content=\"image\/jpeg\" \/>\n<meta name=\"author\" content=\"\u00d2scar Milla\" \/>\n<meta name=\"twitter:label1\" content=\"Escrit per\" \/>\n\t<meta name=\"twitter:data1\" content=\"\u00d2scar Milla\" \/>\n\t<meta name=\"twitter:label2\" content=\"Temps estimat de lectura\" \/>\n\t<meta name=\"twitter:data2\" content=\"2 minuts\" \/>\n<script type=\"application\/ld+json\" class=\"yoast-schema-graph\">{\"@context\":\"https:\\\/\\\/schema.org\",\"@graph\":[{\"@type\":\"Article\",\"@id\":\"https:\\\/\\\/www.lafarga.com\\\/corporatiu\\\/rozalen-y-beret-los-conciertos-de-fiestas-en-la-farga\\\/#article\",\"isPartOf\":{\"@id\":\"https:\\\/\\\/www.lafarga.com\\\/corporatiu\\\/rozalen-y-beret-los-conciertos-de-fiestas-en-la-farga\\\/\"},\"author\":{\"name\":\"\u00d2scar Milla\",\"@id\":\"https:\\\/\\\/www.lafarga.com\\\/corporatiu\\\/#\\\/schema\\\/person\\\/70d96fe17d0da1a9c9e80d232bdbcf33\"},\"headline\":\"Rozal\u00e9n y Beret los conciertos de Fiestas, en La Farga\",\"datePublished\":\"2019-03-19T13:27:54+00:00\",\"dateModified\":\"2019-03-19T13:29:22+00:00\",\"mainEntityOfPage\":{\"@id\":\"https:\\\/\\\/www.lafarga.com\\\/corporatiu\\\/rozalen-y-beret-los-conciertos-de-fiestas-en-la-farga\\\/\"},\"wordCount\":322,\"publisher\":{\"@id\":\"https:\\\/\\\/www.lafarga.com\\\/corporatiu\\\/#organization\"},\"image\":{\"@id\":\"https:\\\/\\\/www.lafarga.com\\\/corporatiu\\\/rozalen-y-beret-los-conciertos-de-fiestas-en-la-farga\\\/#primaryimage\"},\"thumbnailUrl\":\"https:\\\/\\\/www.lafarga.com\\\/corporatiu\\\/wp-content\\\/uploads\\\/2019\\\/03\\\/Rozalen-Beret-Farga.jpg\",\"articleSection\":[\"Centro de Actividades\"],\"inLanguage\":\"ca\"},{\"@type\":\"WebPage\",\"@id\":\"https:\\\/\\\/www.lafarga.com\\\/corporatiu\\\/rozalen-y-beret-los-conciertos-de-fiestas-en-la-farga\\\/\",\"url\":\"https:\\\/\\\/www.lafarga.com\\\/corporatiu\\\/rozalen-y-beret-los-conciertos-de-fiestas-en-la-farga\\\/\",\"name\":\"Rozal\u00e9n y Beret los conciertos de Fiestas, en La Farga - La Farga Gesti\u00f3n de Equipamientos Municipales, S.A.\",\"isPartOf\":{\"@id\":\"https:\\\/\\\/www.lafarga.com\\\/corporatiu\\\/#website\"},\"primaryImageOfPage\":{\"@id\":\"https:\\\/\\\/www.lafarga.com\\\/corporatiu\\\/rozalen-y-beret-los-conciertos-de-fiestas-en-la-farga\\\/#primaryimage\"},\"image\":{\"@id\":\"https:\\\/\\\/www.lafarga.com\\\/corporatiu\\\/rozalen-y-beret-los-conciertos-de-fiestas-en-la-farga\\\/#primaryimage\"},\"thumbnailUrl\":\"https:\\\/\\\/www.lafarga.com\\\/corporatiu\\\/wp-content\\\/uploads\\\/2019\\\/03\\\/Rozalen-Beret-Farga.jpg\",\"datePublished\":\"2019-03-19T13:27:54+00:00\",\"dateModified\":\"2019-03-19T13:29:22+00:00\",\"description\":\"Pels concerts d\u2019enguany ja tenim els protagonistes: Rozal\u00e9n i Beret, passaran per La Farga divendres, 26, i dissabte, 27, respectivament.\",\"breadcrumb\":{\"@id\":\"https:\\\/\\\/www.lafarga.com\\\/corporatiu\\\/rozalen-y-beret-los-conciertos-de-fiestas-en-la-farga\\\/#breadcrumb\"},\"inLanguage\":\"ca\",\"potentialAction\":[{\"@type\":\"ReadAction\",\"target\":[\"https:\\\/\\\/www.lafarga.com\\\/corporatiu\\\/rozalen-y-beret-los-conciertos-de-fiestas-en-la-farga\\\/\"]}]},{\"@type\":\"ImageObject\",\"inLanguage\":\"ca\",\"@id\":\"https:\\\/\\\/www.lafarga.com\\\/corporatiu\\\/rozalen-y-beret-los-conciertos-de-fiestas-en-la-farga\\\/#primaryimage\",\"url\":\"https:\\\/\\\/www.lafarga.com\\\/corporatiu\\\/wp-content\\\/uploads\\\/2019\\\/03\\\/Rozalen-Beret-Farga.jpg\",\"contentUrl\":\"https:\\\/\\\/www.lafarga.com\\\/corporatiu\\\/wp-content\\\/uploads\\\/2019\\\/03\\\/Rozalen-Beret-Farga.jpg\",\"width\":730,\"height\":410,\"caption\":\"Rozal\u00e9n Farga Beret\"},{\"@type\":\"BreadcrumbList\",\"@id\":\"https:\\\/\\\/www.lafarga.com\\\/corporatiu\\\/rozalen-y-beret-los-conciertos-de-fiestas-en-la-farga\\\/#breadcrumb\",\"itemListElement\":[{\"@type\":\"ListItem\",\"position\":1,\"name\":\"Home\",\"item\":\"https:\\\/\\\/www.lafarga.com\\\/corporatiu\\\/lafarga-hospitalet-llobregat\\\/\"},{\"@type\":\"ListItem\",\"position\":2,\"name\":\"Rozal\u00e9n y Beret los conciertos de Fiestas, en La Farga\"}]},{\"@type\":\"WebSite\",\"@id\":\"https:\\\/\\\/www.lafarga.com\\\/corporatiu\\\/#website\",\"url\":\"https:\\\/\\\/www.lafarga.com\\\/corporatiu\\\/\",\"name\":\"La Farga Gesti\u00f3 d&#039;Equipaments Municipals, SA\",\"description\":\"\",\"publisher\":{\"@id\":\"https:\\\/\\\/www.lafarga.com\\\/corporatiu\\\/#organization\"},\"potentialAction\":[{\"@type\":\"SearchAction\",\"target\":{\"@type\":\"EntryPoint\",\"urlTemplate\":\"https:\\\/\\\/www.lafarga.com\\\/corporatiu\\\/?s={search_term_string}\"},\"query-input\":{\"@type\":\"PropertyValueSpecification\",\"valueRequired\":true,\"valueName\":\"search_term_string\"}}],\"inLanguage\":\"ca\"},{\"@type\":\"Organization\",\"@id\":\"https:\\\/\\\/www.lafarga.com\\\/corporatiu\\\/#organization\",\"name\":\"La Farga Gesti\u00f3 d&#039;Equipaments Municipals, SA\",\"url\":\"https:\\\/\\\/www.lafarga.com\\\/corporatiu\\\/\",\"logo\":{\"@type\":\"ImageObject\",\"inLanguage\":\"ca\",\"@id\":\"https:\\\/\\\/www.lafarga.com\\\/corporatiu\\\/#\\\/schema\\\/logo\\\/image\\\/\",\"url\":\"https:\\\/\\\/www.lafarga.com\\\/corporatiu\\\/wp-content\\\/uploads\\\/2023\\\/11\\\/logotipo_lafarga_gemsa.svg\",\"contentUrl\":\"https:\\\/\\\/www.lafarga.com\\\/corporatiu\\\/wp-content\\\/uploads\\\/2023\\\/11\\\/logotipo_lafarga_gemsa.svg\",\"width\":102,\"height\":103,\"caption\":\"La Farga Gesti\u00f3 d&#039;Equipaments Municipals, SA\"},\"image\":{\"@id\":\"https:\\\/\\\/www.lafarga.com\\\/corporatiu\\\/#\\\/schema\\\/logo\\\/image\\\/\"}},{\"@type\":\"Person\",\"@id\":\"https:\\\/\\\/www.lafarga.com\\\/corporatiu\\\/#\\\/schema\\\/person\\\/70d96fe17d0da1a9c9e80d232bdbcf33\",\"name\":\"\u00d2scar Milla\",\"image\":{\"@type\":\"ImageObject\",\"inLanguage\":\"ca\",\"@id\":\"https:\\\/\\\/secure.gravatar.com\\\/avatar\\\/92e75d184f9d5e0e403bd4ad075b080ad258344ddc259adddb579f6a3ba6494f?s=96&d=mm&r=g\",\"url\":\"https:\\\/\\\/secure.gravatar.com\\\/avatar\\\/92e75d184f9d5e0e403bd4ad075b080ad258344ddc259adddb579f6a3ba6494f?s=96&d=mm&r=g\",\"contentUrl\":\"https:\\\/\\\/secure.gravatar.com\\\/avatar\\\/92e75d184f9d5e0e403bd4ad075b080ad258344ddc259adddb579f6a3ba6494f?s=96&d=mm&r=g\",\"caption\":\"\u00d2scar Milla\"},\"url\":\"https:\\\/\\\/www.lafarga.com\\\/corporatiu\\\/author\\\/omilla\\\/\"}]}<\/script>\n<!-- \/ Yoast SEO plugin. -->","yoast_head_json":{"title":"Rozal\u00e9n y Beret los conciertos de Fiestas, en La Farga - La Farga Gesti\u00f3n de Equipamientos Municipales, S.A.","description":"Pels concerts d\u2019enguany ja tenim els protagonistes: Rozal\u00e9n i Beret, passaran per La Farga divendres, 26, i dissabte, 27, respectivament.","robots":{"index":"index","follow":"follow","max-snippet":"max-snippet:-1","max-image-preview":"max-image-preview:large","max-video-preview":"max-video-preview:-1"},"canonical":"https:\/\/www.lafarga.com\/corporatiu\/rozalen-y-beret-los-conciertos-de-fiestas-en-la-farga\/","og_locale":"ca_ES","og_type":"article","og_title":"Rozal\u00e9n y Beret los conciertos de Fiestas, en La Farga - La Farga Gesti\u00f3n de Equipamientos Municipales, S.A.","og_description":"Pels concerts d\u2019enguany ja tenim els protagonistes: Rozal\u00e9n i Beret, passaran per La Farga divendres, 26, i dissabte, 27, respectivament.","og_url":"https:\/\/www.lafarga.com\/corporatiu\/rozalen-y-beret-los-conciertos-de-fiestas-en-la-farga\/","og_site_name":"La Farga Gesti\u00f3n de Equipamientos Municipales, S.A.","article_published_time":"2019-03-19T13:27:54+00:00","article_modified_time":"2019-03-19T13:29:22+00:00","og_image":[{"width":730,"height":410,"url":"https:\/\/www.lafarga.com\/corporatiu\/wp-content\/uploads\/2019\/03\/Rozalen-Beret-Farga.jpg","type":"image\/jpeg"}],"author":"\u00d2scar Milla","twitter_misc":{"Escrit per":"\u00d2scar Milla","Temps estimat de lectura":"2 minuts"},"schema":{"@context":"https:\/\/schema.org","@graph":[{"@type":"Article","@id":"https:\/\/www.lafarga.com\/corporatiu\/rozalen-y-beret-los-conciertos-de-fiestas-en-la-farga\/#article","isPartOf":{"@id":"https:\/\/www.lafarga.com\/corporatiu\/rozalen-y-beret-los-conciertos-de-fiestas-en-la-farga\/"},"author":{"name":"\u00d2scar Milla","@id":"https:\/\/www.lafarga.com\/corporatiu\/#\/schema\/person\/70d96fe17d0da1a9c9e80d232bdbcf33"},"headline":"Rozal\u00e9n y Beret los conciertos de Fiestas, en La Farga","datePublished":"2019-03-19T13:27:54+00:00","dateModified":"2019-03-19T13:29:22+00:00","mainEntityOfPage":{"@id":"https:\/\/www.lafarga.com\/corporatiu\/rozalen-y-beret-los-conciertos-de-fiestas-en-la-farga\/"},"wordCount":322,"publisher":{"@id":"https:\/\/www.lafarga.com\/corporatiu\/#organization"},"image":{"@id":"https:\/\/www.lafarga.com\/corporatiu\/rozalen-y-beret-los-conciertos-de-fiestas-en-la-farga\/#primaryimage"},"thumbnailUrl":"https:\/\/www.lafarga.com\/corporatiu\/wp-content\/uploads\/2019\/03\/Rozalen-Beret-Farga.jpg","articleSection":["Centro de Actividades"],"inLanguage":"ca"},{"@type":"WebPage","@id":"https:\/\/www.lafarga.com\/corporatiu\/rozalen-y-beret-los-conciertos-de-fiestas-en-la-farga\/","url":"https:\/\/www.lafarga.com\/corporatiu\/rozalen-y-beret-los-conciertos-de-fiestas-en-la-farga\/","name":"Rozal\u00e9n y Beret los conciertos de Fiestas, en La Farga - La Farga Gesti\u00f3n de Equipamientos Municipales, S.A.","isPartOf":{"@id":"https:\/\/www.lafarga.com\/corporatiu\/#website"},"primaryImageOfPage":{"@id":"https:\/\/www.lafarga.com\/corporatiu\/rozalen-y-beret-los-conciertos-de-fiestas-en-la-farga\/#primaryimage"},"image":{"@id":"https:\/\/www.lafarga.com\/corporatiu\/rozalen-y-beret-los-conciertos-de-fiestas-en-la-farga\/#primaryimage"},"thumbnailUrl":"https:\/\/www.lafarga.com\/corporatiu\/wp-content\/uploads\/2019\/03\/Rozalen-Beret-Farga.jpg","datePublished":"2019-03-19T13:27:54+00:00","dateModified":"2019-03-19T13:29:22+00:00","description":"Pels concerts d\u2019enguany ja tenim els protagonistes: Rozal\u00e9n i Beret, passaran per La Farga divendres, 26, i dissabte, 27, respectivament.","breadcrumb":{"@id":"https:\/\/www.lafarga.com\/corporatiu\/rozalen-y-beret-los-conciertos-de-fiestas-en-la-farga\/#breadcrumb"},"inLanguage":"ca","potentialAction":[{"@type":"ReadAction","target":["https:\/\/www.lafarga.com\/corporatiu\/rozalen-y-beret-los-conciertos-de-fiestas-en-la-farga\/"]}]},{"@type":"ImageObject","inLanguage":"ca","@id":"https:\/\/www.lafarga.com\/corporatiu\/rozalen-y-beret-los-conciertos-de-fiestas-en-la-farga\/#primaryimage","url":"https:\/\/www.lafarga.com\/corporatiu\/wp-content\/uploads\/2019\/03\/Rozalen-Beret-Farga.jpg","contentUrl":"https:\/\/www.lafarga.com\/corporatiu\/wp-content\/uploads\/2019\/03\/Rozalen-Beret-Farga.jpg","width":730,"height":410,"caption":"Rozal\u00e9n Farga Beret"},{"@type":"BreadcrumbList","@id":"https:\/\/www.lafarga.com\/corporatiu\/rozalen-y-beret-los-conciertos-de-fiestas-en-la-farga\/#breadcrumb","itemListElement":[{"@type":"ListItem","position":1,"name":"Home","item":"https:\/\/www.lafarga.com\/corporatiu\/lafarga-hospitalet-llobregat\/"},{"@type":"ListItem","position":2,"name":"Rozal\u00e9n y Beret los conciertos de Fiestas, en La Farga"}]},{"@type":"WebSite","@id":"https:\/\/www.lafarga.com\/corporatiu\/#website","url":"https:\/\/www.lafarga.com\/corporatiu\/","name":"La Farga Gesti\u00f3 d&#039;Equipaments Municipals, SA","description":"","publisher":{"@id":"https:\/\/www.lafarga.com\/corporatiu\/#organization"},"potentialAction":[{"@type":"SearchAction","target":{"@type":"EntryPoint","urlTemplate":"https:\/\/www.lafarga.com\/corporatiu\/?s={search_term_string}"},"query-input":{"@type":"PropertyValueSpecification","valueRequired":true,"valueName":"search_term_string"}}],"inLanguage":"ca"},{"@type":"Organization","@id":"https:\/\/www.lafarga.com\/corporatiu\/#organization","name":"La Farga Gesti\u00f3 d&#039;Equipaments Municipals, SA","url":"https:\/\/www.lafarga.com\/corporatiu\/","logo":{"@type":"ImageObject","inLanguage":"ca","@id":"https:\/\/www.lafarga.com\/corporatiu\/#\/schema\/logo\/image\/","url":"https:\/\/www.lafarga.com\/corporatiu\/wp-content\/uploads\/2023\/11\/logotipo_lafarga_gemsa.svg","contentUrl":"https:\/\/www.lafarga.com\/corporatiu\/wp-content\/uploads\/2023\/11\/logotipo_lafarga_gemsa.svg","width":102,"height":103,"caption":"La Farga Gesti\u00f3 d&#039;Equipaments Municipals, SA"},"image":{"@id":"https:\/\/www.lafarga.com\/corporatiu\/#\/schema\/logo\/image\/"}},{"@type":"Person","@id":"https:\/\/www.lafarga.com\/corporatiu\/#\/schema\/person\/70d96fe17d0da1a9c9e80d232bdbcf33","name":"\u00d2scar Milla","image":{"@type":"ImageObject","inLanguage":"ca","@id":"https:\/\/secure.gravatar.com\/avatar\/92e75d184f9d5e0e403bd4ad075b080ad258344ddc259adddb579f6a3ba6494f?s=96&d=mm&r=g","url":"https:\/\/secure.gravatar.com\/avatar\/92e75d184f9d5e0e403bd4ad075b080ad258344ddc259adddb579f6a3ba6494f?s=96&d=mm&r=g","contentUrl":"https:\/\/secure.gravatar.com\/avatar\/92e75d184f9d5e0e403bd4ad075b080ad258344ddc259adddb579f6a3ba6494f?s=96&d=mm&r=g","caption":"\u00d2scar Milla"},"url":"https:\/\/www.lafarga.com\/corporatiu\/author\/omilla\/"}]}},"uagb_featured_image_src":{"full":["https:\/\/www.lafarga.com\/corporatiu\/wp-content\/uploads\/2019\/03\/Rozalen-Beret-Farga.jpg",730,410,false],"thumbnail":["https:\/\/www.lafarga.com\/corporatiu\/wp-content\/uploads\/2019\/03\/Rozalen-Beret-Farga-150x150.jpg",150,150,true],"medium":["https:\/\/www.lafarga.com\/corporatiu\/wp-content\/uploads\/2019\/03\/Rozalen-Beret-Farga-300x168.jpg",300,168,true],"medium_large":["https:\/\/www.lafarga.com\/corporatiu\/wp-content\/uploads\/2019\/03\/Rozalen-Beret-Farga.jpg",730,410,false],"large":["https:\/\/www.lafarga.com\/corporatiu\/wp-content\/uploads\/2019\/03\/Rozalen-Beret-Farga.jpg",730,410,false],"1536x1536":["https:\/\/www.lafarga.com\/corporatiu\/wp-content\/uploads\/2019\/03\/Rozalen-Beret-Farga.jpg",730,410,false],"2048x2048":["https:\/\/www.lafarga.com\/corporatiu\/wp-content\/uploads\/2019\/03\/Rozalen-Beret-Farga.jpg",730,410,false],"mailpoet_newsletter_max":["https:\/\/www.lafarga.com\/corporatiu\/wp-content\/uploads\/2019\/03\/Rozalen-Beret-Farga.jpg",730,410,false]},"uagb_author_info":{"display_name":"\u00d2scar Milla","author_link":"https:\/\/www.lafarga.com\/corporatiu\/author\/omilla\/"},"uagb_comment_info":0,"uagb_excerpt":"Para los conciertos de este a\u00f1o ya tenemos los protagonistas: Rozal\u00e9n y Beret, artistas bien conocidos por el p\u00fablico, pasar\u00e1n por La Farga el viernes, 26, y s\u00e1bado, 27, respectivamente.","_links":{"self":[{"href":"https:\/\/www.lafarga.com\/corporatiu\/wp-json\/wp\/v2\/posts\/13305","targetHints":{"allow":["GET"]}}],"collection":[{"href":"https:\/\/www.lafarga.com\/corporatiu\/wp-json\/wp\/v2\/posts"}],"about":[{"href":"https:\/\/www.lafarga.com\/corporatiu\/wp-json\/wp\/v2\/types\/post"}],"author":[{"embeddable":true,"href":"https:\/\/www.lafarga.com\/corporatiu\/wp-json\/wp\/v2\/users\/5"}],"replies":[{"embeddable":true,"href":"https:\/\/www.lafarga.com\/corporatiu\/wp-json\/wp\/v2\/comments?post=13305"}],"version-history":[{"count":3,"href":"https:\/\/www.lafarga.com\/corporatiu\/wp-json\/wp\/v2\/posts\/13305\/revisions"}],"predecessor-version":[{"id":13308,"href":"https:\/\/www.lafarga.com\/corporatiu\/wp-json\/wp\/v2\/posts\/13305\/revisions\/13308"}],"wp:featuredmedia":[{"embeddable":true,"href":"https:\/\/www.lafarga.com\/corporatiu\/wp-json\/wp\/v2\/media\/13303"}],"wp:attachment":[{"href":"https:\/\/www.lafarga.com\/corporatiu\/wp-json\/wp\/v2\/media?parent=13305"}],"wp:term":[{"taxonomy":"category","embeddable":true,"href":"https:\/\/www.lafarga.com\/corporatiu\/wp-json\/wp\/v2\/categories?post=13305"},{"taxonomy":"post_tag","embeddable":true,"href":"https:\/\/www.lafarga.com\/corporatiu\/wp-json\/wp\/v2\/tags?post=13305"}],"curies":[{"name":"wp","href":"https:\/\/api.w.org\/{rel}","templated":true}]}}