{"id":13278,"date":"2019-03-14T10:44:26","date_gmt":"2019-03-14T10:44:26","guid":{"rendered":"http:\/\/www.lafarga.com\/corporatiu\/?p=13278"},"modified":"2019-03-14T10:53:09","modified_gmt":"2019-03-14T10:53:09","slug":"sigue-la-programacion-40-anos-de-democracia-haciendo-ciudad","status":"publish","type":"post","link":"https:\/\/www.lafarga.com\/corporatiu\/sigue-la-programacion-40-anos-de-democracia-haciendo-ciudad\/","title":{"rendered":"Sigue la programaci\u00f3n &#8217;40 a\u00f1os de democracia. Haciendo ciudad&#8217;"},"content":{"rendered":"\r\n<h5>En Torre Barrina. Experiencias de innovaci\u00f3n Social<\/h5>\r\n<p>Torre Barrina ha sido escenario este semana de la mesa redonda &#8220;Smart Government: presente y futuro de los ayuntamientos ante la digitalizaci\u00f3n&#8221;.<\/p>\r\n<p>La llegada de la digitalizaci\u00f3n y el uso de las Tecnolog\u00edas de la Informaci\u00f3n a las administraciones locales comporta toda una revoluci\u00f3n tecnol\u00f3gica que, seg\u00fan los expertos, est\u00e1 cambiando la sociedad pero tambi\u00e9n abre nuevas oportunidades para las administraciones. Este ha sido el eje central de la mesa redonda &#8220;Smart Government: presente y futuro de los ayuntamientos ante la digitalizaci\u00f3n&#8221;.<\/p>\r\n<p>Los ponentes han sido Miquel Salvador, decano Facultad Ciencias Pol\u00edticas y Sociales de la UPF; Ester Manzano, directora general de Modernizaci\u00f3n e Innovaci\u00f3n de la Administraci\u00f3n de la Generalitat de Catalunya y Miquel Estap\u00e9, subdirector de Estrategia e Innovaci\u00f3n del Consorcio de la Administraci\u00f3n Abierta de Catalunya.<\/p>\r\n<p>Desde el Ayuntamiento de L&#8217;Hospitalet, ya se est\u00e1 aplicando la tecnolog\u00eda para ofrecer informaci\u00f3n instant\u00e1nea el ciudadano a trav\u00e9s de informaci\u00f3n en tiempo real de servicios municipales a trav\u00e9s del proceso participativo -L&#8217;H On-, donde los ciudadanos dicen ellos mismos qu\u00e9 necesitan.<\/p>\r\n<p>El ciclo de &#8217;40 a\u00f1os de democracia. Haciendo ciudad&#8217; seguir\u00e1 el pr\u00f3ximo martes, 19 de marzo, con &#8220;Miradas hacia la democracia: de ciudades industriales a Smarts Cities&#8217;.\u00a0En esta ocasi\u00f3n ser\u00e1 un coloquio abierto sobre la evoluci\u00f3n de las ciudades en las \u00faltimas cuatro d\u00e9cadas, desde un punto de vista social, cultural, urban\u00edstico y pol\u00edtico. Intervendr\u00e1n Jordi Hereu, presidente de Idencity y exalcalde de Barcelona, \u200b\u200bJosep Cun\u00ed, periodista, director y presentador del magazine &#8220;Aqu\u00ed, amb Josep Cun\u00ed&#8221; de SER Catalu\u00f1a y Sandra Cinta Bestraten, arquitecta y presidenta del Colegio de Arquitectos de Catalu\u00f1a en la demarcaci\u00f3n de Barcelona. Moderar\u00e1 el debate Miquel Segur\u00f3, escritor y doctor en Filosof\u00eda por la Universidad Ram\u00f3n Llull (URL).<\/p>\r\n<p>M\u00e1s informaci\u00f3n: <a href=\"https:\/\/torrebarrina.l-h.cat\/activitats_2.aspx\" target=\"_blank\" rel=\"noopener noreferrer\"><strong>Torre Barrina<\/strong><\/a>.<\/p>\r\n","protected":false},"excerpt":{"rendered":"<p>Torre Barrina ha sido escenario este semana de la mesa redonda &#8220;Smart Government: presente y futuro de los ayuntamientos ante la digitalizaci\u00f3n&#8221;.<\/p>\n","protected":false},"author":5,"featured_media":13275,"comment_status":"closed","ping_status":"closed","sticky":false,"template":"","format":"standard","meta":{"inline_featured_image":false,"_uag_custom_page_level_css":"","_monsterinsights_skip_tracking":false,"_monsterinsights_sitenote_active":false,"_monsterinsights_sitenote_note":"","_monsterinsights_sitenote_category":0,"site-sidebar-layout":"default","site-content-layout":"","ast-site-content-layout":"default","site-content-style":"default","site-sidebar-style":"default","ast-global-header-display":"","ast-banner-title-visibility":"","ast-main-header-display":"","ast-hfb-above-header-display":"","ast-hfb-below-header-display":"","ast-hfb-mobile-header-display":"","site-post-title":"","ast-breadcrumbs-content":"","ast-featured-img":"","footer-sml-layout":"","ast-disable-related-posts":"","theme-transparent-header-meta":"","adv-header-id-meta":"","stick-header-meta":"","header-above-stick-meta":"","header-main-stick-meta":"","header-below-stick-meta":"","astra-migrate-meta-layouts":"default","ast-page-background-enabled":"default","ast-page-background-meta":{"desktop":{"background-color":"var(--ast-global-color-4)","background-image":"","background-repeat":"repeat","background-position":"center center","background-size":"auto","background-attachment":"scroll","background-type":"","background-media":"","overlay-type":"","overlay-color":"","overlay-opacity":"","overlay-gradient":""},"tablet":{"background-color":"","background-image":"","background-repeat":"repeat","background-position":"center center","background-size":"auto","background-attachment":"scroll","background-type":"","background-media":"","overlay-type":"","overlay-color":"","overlay-opacity":"","overlay-gradient":""},"mobile":{"background-color":"","background-image":"","background-repeat":"repeat","background-position":"center center","background-size":"auto","background-attachment":"scroll","background-type":"","background-media":"","overlay-type":"","overlay-color":"","overlay-opacity":"","overlay-gradient":""}},"ast-content-background-meta":{"desktop":{"background-color":"var(--ast-global-color-5)","background-image":"","background-repeat":"repeat","background-position":"center center","background-size":"auto","background-attachment":"scroll","background-type":"","background-media":"","overlay-type":"","overlay-color":"","overlay-opacity":"","overlay-gradient":""},"tablet":{"background-color":"var(--ast-global-color-5)","background-image":"","background-repeat":"repeat","background-position":"center center","background-size":"auto","background-attachment":"scroll","background-type":"","background-media":"","overlay-type":"","overlay-color":"","overlay-opacity":"","overlay-gradient":""},"mobile":{"background-color":"var(--ast-global-color-5)","background-image":"","background-repeat":"repeat","background-position":"center center","background-size":"auto","background-attachment":"scroll","background-type":"","background-media":"","overlay-type":"","overlay-color":"","overlay-opacity":"","overlay-gradient":""}},"footnotes":""},"categories":[87],"tags":[],"class_list":["post-13278","post","type-post","status-publish","format-standard","has-post-thumbnail","hentry","category-torre-barrina-cas"],"yoast_head":"<!-- This site is optimized with the Yoast SEO plugin v27.4 - https:\/\/yoast.com\/product\/yoast-seo-wordpress\/ -->\n<title>Sigue la programaci\u00f3n &#039;40 a\u00f1os de democracia. Haciendo ciudad&#039; - La Farga Gesti\u00f3n de Equipamientos Municipales, S.A.<\/title>\n<meta name=\"description\" content=\"Torre Barrina ha estat escenari d&#039;Smart Government: present i futur dels ajuntaments davant la digitalitzaci\u00f3&quot; dins el &#039;40 anys de democr\u00e0cia. Fent Ciutat&#039;.\" \/>\n<meta name=\"robots\" content=\"index, follow, max-snippet:-1, max-image-preview:large, max-video-preview:-1\" \/>\n<link rel=\"canonical\" href=\"https:\/\/www.lafarga.com\/corporatiu\/sigue-la-programacion-40-anos-de-democracia-haciendo-ciudad\/\" \/>\n<meta property=\"og:locale\" content=\"ca_ES\" \/>\n<meta property=\"og:type\" content=\"article\" \/>\n<meta property=\"og:title\" content=\"Sigue la programaci\u00f3n &#039;40 a\u00f1os de democracia. Haciendo ciudad&#039; - La Farga Gesti\u00f3n de Equipamientos Municipales, S.A.\" \/>\n<meta property=\"og:description\" content=\"Torre Barrina ha estat escenari d&#039;Smart Government: present i futur dels ajuntaments davant la digitalitzaci\u00f3&quot; dins el &#039;40 anys de democr\u00e0cia. Fent Ciutat&#039;.\" \/>\n<meta property=\"og:url\" content=\"https:\/\/www.lafarga.com\/corporatiu\/sigue-la-programacion-40-anos-de-democracia-haciendo-ciudad\/\" \/>\n<meta property=\"og:site_name\" content=\"La Farga Gesti\u00f3n de Equipamientos Municipales, S.A.\" \/>\n<meta property=\"article:published_time\" content=\"2019-03-14T10:44:26+00:00\" \/>\n<meta property=\"article:modified_time\" content=\"2019-03-14T10:53:09+00:00\" \/>\n<meta property=\"og:image\" content=\"https:\/\/www.lafarga.com\/corporatiu\/wp-content\/uploads\/2019\/03\/Torre-Barrina-Smart-19.jpg\" \/>\n\t<meta property=\"og:image:width\" content=\"730\" \/>\n\t<meta property=\"og:image:height\" content=\"410\" \/>\n\t<meta property=\"og:image:type\" content=\"image\/jpeg\" \/>\n<meta name=\"author\" content=\"\u00d2scar Milla\" \/>\n<meta name=\"twitter:label1\" content=\"Escrit per\" \/>\n\t<meta name=\"twitter:data1\" content=\"\u00d2scar Milla\" \/>\n\t<meta name=\"twitter:label2\" content=\"Temps estimat de lectura\" \/>\n\t<meta name=\"twitter:data2\" content=\"2 minuts\" \/>\n<script type=\"application\/ld+json\" class=\"yoast-schema-graph\">{\"@context\":\"https:\\\/\\\/schema.org\",\"@graph\":[{\"@type\":\"Article\",\"@id\":\"https:\\\/\\\/www.lafarga.com\\\/corporatiu\\\/sigue-la-programacion-40-anos-de-democracia-haciendo-ciudad\\\/#article\",\"isPartOf\":{\"@id\":\"https:\\\/\\\/www.lafarga.com\\\/corporatiu\\\/sigue-la-programacion-40-anos-de-democracia-haciendo-ciudad\\\/\"},\"author\":{\"name\":\"\u00d2scar Milla\",\"@id\":\"https:\\\/\\\/www.lafarga.com\\\/corporatiu\\\/#\\\/schema\\\/person\\\/70d96fe17d0da1a9c9e80d232bdbcf33\"},\"headline\":\"Sigue la programaci\u00f3n &#8217;40 a\u00f1os de democracia. Haciendo ciudad&#8217;\",\"datePublished\":\"2019-03-14T10:44:26+00:00\",\"dateModified\":\"2019-03-14T10:53:09+00:00\",\"mainEntityOfPage\":{\"@id\":\"https:\\\/\\\/www.lafarga.com\\\/corporatiu\\\/sigue-la-programacion-40-anos-de-democracia-haciendo-ciudad\\\/\"},\"wordCount\":343,\"publisher\":{\"@id\":\"https:\\\/\\\/www.lafarga.com\\\/corporatiu\\\/#organization\"},\"image\":{\"@id\":\"https:\\\/\\\/www.lafarga.com\\\/corporatiu\\\/sigue-la-programacion-40-anos-de-democracia-haciendo-ciudad\\\/#primaryimage\"},\"thumbnailUrl\":\"https:\\\/\\\/www.lafarga.com\\\/corporatiu\\\/wp-content\\\/uploads\\\/2019\\\/03\\\/Torre-Barrina-Smart-19.jpg\",\"articleSection\":[\"Torre Barrina.\"],\"inLanguage\":\"ca\"},{\"@type\":\"WebPage\",\"@id\":\"https:\\\/\\\/www.lafarga.com\\\/corporatiu\\\/sigue-la-programacion-40-anos-de-democracia-haciendo-ciudad\\\/\",\"url\":\"https:\\\/\\\/www.lafarga.com\\\/corporatiu\\\/sigue-la-programacion-40-anos-de-democracia-haciendo-ciudad\\\/\",\"name\":\"Sigue la programaci\u00f3n '40 a\u00f1os de democracia. Haciendo ciudad' - La Farga Gesti\u00f3n de Equipamientos Municipales, S.A.\",\"isPartOf\":{\"@id\":\"https:\\\/\\\/www.lafarga.com\\\/corporatiu\\\/#website\"},\"primaryImageOfPage\":{\"@id\":\"https:\\\/\\\/www.lafarga.com\\\/corporatiu\\\/sigue-la-programacion-40-anos-de-democracia-haciendo-ciudad\\\/#primaryimage\"},\"image\":{\"@id\":\"https:\\\/\\\/www.lafarga.com\\\/corporatiu\\\/sigue-la-programacion-40-anos-de-democracia-haciendo-ciudad\\\/#primaryimage\"},\"thumbnailUrl\":\"https:\\\/\\\/www.lafarga.com\\\/corporatiu\\\/wp-content\\\/uploads\\\/2019\\\/03\\\/Torre-Barrina-Smart-19.jpg\",\"datePublished\":\"2019-03-14T10:44:26+00:00\",\"dateModified\":\"2019-03-14T10:53:09+00:00\",\"description\":\"Torre Barrina ha estat escenari d'Smart Government: present i futur dels ajuntaments davant la digitalitzaci\u00f3\\\" dins el '40 anys de democr\u00e0cia. Fent Ciutat'.\",\"breadcrumb\":{\"@id\":\"https:\\\/\\\/www.lafarga.com\\\/corporatiu\\\/sigue-la-programacion-40-anos-de-democracia-haciendo-ciudad\\\/#breadcrumb\"},\"inLanguage\":\"ca\",\"potentialAction\":[{\"@type\":\"ReadAction\",\"target\":[\"https:\\\/\\\/www.lafarga.com\\\/corporatiu\\\/sigue-la-programacion-40-anos-de-democracia-haciendo-ciudad\\\/\"]}]},{\"@type\":\"ImageObject\",\"inLanguage\":\"ca\",\"@id\":\"https:\\\/\\\/www.lafarga.com\\\/corporatiu\\\/sigue-la-programacion-40-anos-de-democracia-haciendo-ciudad\\\/#primaryimage\",\"url\":\"https:\\\/\\\/www.lafarga.com\\\/corporatiu\\\/wp-content\\\/uploads\\\/2019\\\/03\\\/Torre-Barrina-Smart-19.jpg\",\"contentUrl\":\"https:\\\/\\\/www.lafarga.com\\\/corporatiu\\\/wp-content\\\/uploads\\\/2019\\\/03\\\/Torre-Barrina-Smart-19.jpg\",\"width\":730,\"height\":410,\"caption\":\"Barrina Democr\u00e0cia\"},{\"@type\":\"BreadcrumbList\",\"@id\":\"https:\\\/\\\/www.lafarga.com\\\/corporatiu\\\/sigue-la-programacion-40-anos-de-democracia-haciendo-ciudad\\\/#breadcrumb\",\"itemListElement\":[{\"@type\":\"ListItem\",\"position\":1,\"name\":\"Home\",\"item\":\"https:\\\/\\\/www.lafarga.com\\\/corporatiu\\\/lafarga-hospitalet-llobregat\\\/\"},{\"@type\":\"ListItem\",\"position\":2,\"name\":\"Sigue la programaci\u00f3n &#8217;40 a\u00f1os de democracia. Haciendo ciudad&#8217;\"}]},{\"@type\":\"WebSite\",\"@id\":\"https:\\\/\\\/www.lafarga.com\\\/corporatiu\\\/#website\",\"url\":\"https:\\\/\\\/www.lafarga.com\\\/corporatiu\\\/\",\"name\":\"La Farga Gesti\u00f3 d&#039;Equipaments Municipals, SA\",\"description\":\"\",\"publisher\":{\"@id\":\"https:\\\/\\\/www.lafarga.com\\\/corporatiu\\\/#organization\"},\"potentialAction\":[{\"@type\":\"SearchAction\",\"target\":{\"@type\":\"EntryPoint\",\"urlTemplate\":\"https:\\\/\\\/www.lafarga.com\\\/corporatiu\\\/?s={search_term_string}\"},\"query-input\":{\"@type\":\"PropertyValueSpecification\",\"valueRequired\":true,\"valueName\":\"search_term_string\"}}],\"inLanguage\":\"ca\"},{\"@type\":\"Organization\",\"@id\":\"https:\\\/\\\/www.lafarga.com\\\/corporatiu\\\/#organization\",\"name\":\"La Farga Gesti\u00f3 d&#039;Equipaments Municipals, SA\",\"url\":\"https:\\\/\\\/www.lafarga.com\\\/corporatiu\\\/\",\"logo\":{\"@type\":\"ImageObject\",\"inLanguage\":\"ca\",\"@id\":\"https:\\\/\\\/www.lafarga.com\\\/corporatiu\\\/#\\\/schema\\\/logo\\\/image\\\/\",\"url\":\"https:\\\/\\\/www.lafarga.com\\\/corporatiu\\\/wp-content\\\/uploads\\\/2023\\\/11\\\/logotipo_lafarga_gemsa.svg\",\"contentUrl\":\"https:\\\/\\\/www.lafarga.com\\\/corporatiu\\\/wp-content\\\/uploads\\\/2023\\\/11\\\/logotipo_lafarga_gemsa.svg\",\"width\":102,\"height\":103,\"caption\":\"La Farga Gesti\u00f3 d&#039;Equipaments Municipals, SA\"},\"image\":{\"@id\":\"https:\\\/\\\/www.lafarga.com\\\/corporatiu\\\/#\\\/schema\\\/logo\\\/image\\\/\"}},{\"@type\":\"Person\",\"@id\":\"https:\\\/\\\/www.lafarga.com\\\/corporatiu\\\/#\\\/schema\\\/person\\\/70d96fe17d0da1a9c9e80d232bdbcf33\",\"name\":\"\u00d2scar Milla\",\"image\":{\"@type\":\"ImageObject\",\"inLanguage\":\"ca\",\"@id\":\"https:\\\/\\\/secure.gravatar.com\\\/avatar\\\/92e75d184f9d5e0e403bd4ad075b080ad258344ddc259adddb579f6a3ba6494f?s=96&d=mm&r=g\",\"url\":\"https:\\\/\\\/secure.gravatar.com\\\/avatar\\\/92e75d184f9d5e0e403bd4ad075b080ad258344ddc259adddb579f6a3ba6494f?s=96&d=mm&r=g\",\"contentUrl\":\"https:\\\/\\\/secure.gravatar.com\\\/avatar\\\/92e75d184f9d5e0e403bd4ad075b080ad258344ddc259adddb579f6a3ba6494f?s=96&d=mm&r=g\",\"caption\":\"\u00d2scar Milla\"},\"url\":\"https:\\\/\\\/www.lafarga.com\\\/corporatiu\\\/author\\\/omilla\\\/\"}]}<\/script>\n<!-- \/ Yoast SEO plugin. -->","yoast_head_json":{"title":"Sigue la programaci\u00f3n '40 a\u00f1os de democracia. Haciendo ciudad' - La Farga Gesti\u00f3n de Equipamientos Municipales, S.A.","description":"Torre Barrina ha estat escenari d'Smart Government: present i futur dels ajuntaments davant la digitalitzaci\u00f3\" dins el '40 anys de democr\u00e0cia. Fent Ciutat'.","robots":{"index":"index","follow":"follow","max-snippet":"max-snippet:-1","max-image-preview":"max-image-preview:large","max-video-preview":"max-video-preview:-1"},"canonical":"https:\/\/www.lafarga.com\/corporatiu\/sigue-la-programacion-40-anos-de-democracia-haciendo-ciudad\/","og_locale":"ca_ES","og_type":"article","og_title":"Sigue la programaci\u00f3n '40 a\u00f1os de democracia. Haciendo ciudad' - La Farga Gesti\u00f3n de Equipamientos Municipales, S.A.","og_description":"Torre Barrina ha estat escenari d'Smart Government: present i futur dels ajuntaments davant la digitalitzaci\u00f3\" dins el '40 anys de democr\u00e0cia. Fent Ciutat'.","og_url":"https:\/\/www.lafarga.com\/corporatiu\/sigue-la-programacion-40-anos-de-democracia-haciendo-ciudad\/","og_site_name":"La Farga Gesti\u00f3n de Equipamientos Municipales, S.A.","article_published_time":"2019-03-14T10:44:26+00:00","article_modified_time":"2019-03-14T10:53:09+00:00","og_image":[{"width":730,"height":410,"url":"https:\/\/www.lafarga.com\/corporatiu\/wp-content\/uploads\/2019\/03\/Torre-Barrina-Smart-19.jpg","type":"image\/jpeg"}],"author":"\u00d2scar Milla","twitter_misc":{"Escrit per":"\u00d2scar Milla","Temps estimat de lectura":"2 minuts"},"schema":{"@context":"https:\/\/schema.org","@graph":[{"@type":"Article","@id":"https:\/\/www.lafarga.com\/corporatiu\/sigue-la-programacion-40-anos-de-democracia-haciendo-ciudad\/#article","isPartOf":{"@id":"https:\/\/www.lafarga.com\/corporatiu\/sigue-la-programacion-40-anos-de-democracia-haciendo-ciudad\/"},"author":{"name":"\u00d2scar Milla","@id":"https:\/\/www.lafarga.com\/corporatiu\/#\/schema\/person\/70d96fe17d0da1a9c9e80d232bdbcf33"},"headline":"Sigue la programaci\u00f3n &#8217;40 a\u00f1os de democracia. Haciendo ciudad&#8217;","datePublished":"2019-03-14T10:44:26+00:00","dateModified":"2019-03-14T10:53:09+00:00","mainEntityOfPage":{"@id":"https:\/\/www.lafarga.com\/corporatiu\/sigue-la-programacion-40-anos-de-democracia-haciendo-ciudad\/"},"wordCount":343,"publisher":{"@id":"https:\/\/www.lafarga.com\/corporatiu\/#organization"},"image":{"@id":"https:\/\/www.lafarga.com\/corporatiu\/sigue-la-programacion-40-anos-de-democracia-haciendo-ciudad\/#primaryimage"},"thumbnailUrl":"https:\/\/www.lafarga.com\/corporatiu\/wp-content\/uploads\/2019\/03\/Torre-Barrina-Smart-19.jpg","articleSection":["Torre Barrina."],"inLanguage":"ca"},{"@type":"WebPage","@id":"https:\/\/www.lafarga.com\/corporatiu\/sigue-la-programacion-40-anos-de-democracia-haciendo-ciudad\/","url":"https:\/\/www.lafarga.com\/corporatiu\/sigue-la-programacion-40-anos-de-democracia-haciendo-ciudad\/","name":"Sigue la programaci\u00f3n '40 a\u00f1os de democracia. Haciendo ciudad' - La Farga Gesti\u00f3n de Equipamientos Municipales, S.A.","isPartOf":{"@id":"https:\/\/www.lafarga.com\/corporatiu\/#website"},"primaryImageOfPage":{"@id":"https:\/\/www.lafarga.com\/corporatiu\/sigue-la-programacion-40-anos-de-democracia-haciendo-ciudad\/#primaryimage"},"image":{"@id":"https:\/\/www.lafarga.com\/corporatiu\/sigue-la-programacion-40-anos-de-democracia-haciendo-ciudad\/#primaryimage"},"thumbnailUrl":"https:\/\/www.lafarga.com\/corporatiu\/wp-content\/uploads\/2019\/03\/Torre-Barrina-Smart-19.jpg","datePublished":"2019-03-14T10:44:26+00:00","dateModified":"2019-03-14T10:53:09+00:00","description":"Torre Barrina ha estat escenari d'Smart Government: present i futur dels ajuntaments davant la digitalitzaci\u00f3\" dins el '40 anys de democr\u00e0cia. Fent Ciutat'.","breadcrumb":{"@id":"https:\/\/www.lafarga.com\/corporatiu\/sigue-la-programacion-40-anos-de-democracia-haciendo-ciudad\/#breadcrumb"},"inLanguage":"ca","potentialAction":[{"@type":"ReadAction","target":["https:\/\/www.lafarga.com\/corporatiu\/sigue-la-programacion-40-anos-de-democracia-haciendo-ciudad\/"]}]},{"@type":"ImageObject","inLanguage":"ca","@id":"https:\/\/www.lafarga.com\/corporatiu\/sigue-la-programacion-40-anos-de-democracia-haciendo-ciudad\/#primaryimage","url":"https:\/\/www.lafarga.com\/corporatiu\/wp-content\/uploads\/2019\/03\/Torre-Barrina-Smart-19.jpg","contentUrl":"https:\/\/www.lafarga.com\/corporatiu\/wp-content\/uploads\/2019\/03\/Torre-Barrina-Smart-19.jpg","width":730,"height":410,"caption":"Barrina Democr\u00e0cia"},{"@type":"BreadcrumbList","@id":"https:\/\/www.lafarga.com\/corporatiu\/sigue-la-programacion-40-anos-de-democracia-haciendo-ciudad\/#breadcrumb","itemListElement":[{"@type":"ListItem","position":1,"name":"Home","item":"https:\/\/www.lafarga.com\/corporatiu\/lafarga-hospitalet-llobregat\/"},{"@type":"ListItem","position":2,"name":"Sigue la programaci\u00f3n &#8217;40 a\u00f1os de democracia. Haciendo ciudad&#8217;"}]},{"@type":"WebSite","@id":"https:\/\/www.lafarga.com\/corporatiu\/#website","url":"https:\/\/www.lafarga.com\/corporatiu\/","name":"La Farga Gesti\u00f3 d&#039;Equipaments Municipals, SA","description":"","publisher":{"@id":"https:\/\/www.lafarga.com\/corporatiu\/#organization"},"potentialAction":[{"@type":"SearchAction","target":{"@type":"EntryPoint","urlTemplate":"https:\/\/www.lafarga.com\/corporatiu\/?s={search_term_string}"},"query-input":{"@type":"PropertyValueSpecification","valueRequired":true,"valueName":"search_term_string"}}],"inLanguage":"ca"},{"@type":"Organization","@id":"https:\/\/www.lafarga.com\/corporatiu\/#organization","name":"La Farga Gesti\u00f3 d&#039;Equipaments Municipals, SA","url":"https:\/\/www.lafarga.com\/corporatiu\/","logo":{"@type":"ImageObject","inLanguage":"ca","@id":"https:\/\/www.lafarga.com\/corporatiu\/#\/schema\/logo\/image\/","url":"https:\/\/www.lafarga.com\/corporatiu\/wp-content\/uploads\/2023\/11\/logotipo_lafarga_gemsa.svg","contentUrl":"https:\/\/www.lafarga.com\/corporatiu\/wp-content\/uploads\/2023\/11\/logotipo_lafarga_gemsa.svg","width":102,"height":103,"caption":"La Farga Gesti\u00f3 d&#039;Equipaments Municipals, SA"},"image":{"@id":"https:\/\/www.lafarga.com\/corporatiu\/#\/schema\/logo\/image\/"}},{"@type":"Person","@id":"https:\/\/www.lafarga.com\/corporatiu\/#\/schema\/person\/70d96fe17d0da1a9c9e80d232bdbcf33","name":"\u00d2scar Milla","image":{"@type":"ImageObject","inLanguage":"ca","@id":"https:\/\/secure.gravatar.com\/avatar\/92e75d184f9d5e0e403bd4ad075b080ad258344ddc259adddb579f6a3ba6494f?s=96&d=mm&r=g","url":"https:\/\/secure.gravatar.com\/avatar\/92e75d184f9d5e0e403bd4ad075b080ad258344ddc259adddb579f6a3ba6494f?s=96&d=mm&r=g","contentUrl":"https:\/\/secure.gravatar.com\/avatar\/92e75d184f9d5e0e403bd4ad075b080ad258344ddc259adddb579f6a3ba6494f?s=96&d=mm&r=g","caption":"\u00d2scar Milla"},"url":"https:\/\/www.lafarga.com\/corporatiu\/author\/omilla\/"}]}},"uagb_featured_image_src":{"full":["https:\/\/www.lafarga.com\/corporatiu\/wp-content\/uploads\/2019\/03\/Torre-Barrina-Smart-19.jpg",730,410,false],"thumbnail":["https:\/\/www.lafarga.com\/corporatiu\/wp-content\/uploads\/2019\/03\/Torre-Barrina-Smart-19-150x150.jpg",150,150,true],"medium":["https:\/\/www.lafarga.com\/corporatiu\/wp-content\/uploads\/2019\/03\/Torre-Barrina-Smart-19-300x168.jpg",300,168,true],"medium_large":["https:\/\/www.lafarga.com\/corporatiu\/wp-content\/uploads\/2019\/03\/Torre-Barrina-Smart-19.jpg",730,410,false],"large":["https:\/\/www.lafarga.com\/corporatiu\/wp-content\/uploads\/2019\/03\/Torre-Barrina-Smart-19.jpg",730,410,false],"1536x1536":["https:\/\/www.lafarga.com\/corporatiu\/wp-content\/uploads\/2019\/03\/Torre-Barrina-Smart-19.jpg",730,410,false],"2048x2048":["https:\/\/www.lafarga.com\/corporatiu\/wp-content\/uploads\/2019\/03\/Torre-Barrina-Smart-19.jpg",730,410,false],"mailpoet_newsletter_max":["https:\/\/www.lafarga.com\/corporatiu\/wp-content\/uploads\/2019\/03\/Torre-Barrina-Smart-19.jpg",730,410,false]},"uagb_author_info":{"display_name":"\u00d2scar Milla","author_link":"https:\/\/www.lafarga.com\/corporatiu\/author\/omilla\/"},"uagb_comment_info":0,"uagb_excerpt":"Torre Barrina ha sido escenario este semana de la mesa redonda \"Smart Government: presente y futuro de los ayuntamientos ante la digitalizaci\u00f3n\".","_links":{"self":[{"href":"https:\/\/www.lafarga.com\/corporatiu\/wp-json\/wp\/v2\/posts\/13278","targetHints":{"allow":["GET"]}}],"collection":[{"href":"https:\/\/www.lafarga.com\/corporatiu\/wp-json\/wp\/v2\/posts"}],"about":[{"href":"https:\/\/www.lafarga.com\/corporatiu\/wp-json\/wp\/v2\/types\/post"}],"author":[{"embeddable":true,"href":"https:\/\/www.lafarga.com\/corporatiu\/wp-json\/wp\/v2\/users\/5"}],"replies":[{"embeddable":true,"href":"https:\/\/www.lafarga.com\/corporatiu\/wp-json\/wp\/v2\/comments?post=13278"}],"version-history":[{"count":2,"href":"https:\/\/www.lafarga.com\/corporatiu\/wp-json\/wp\/v2\/posts\/13278\/revisions"}],"predecessor-version":[{"id":13281,"href":"https:\/\/www.lafarga.com\/corporatiu\/wp-json\/wp\/v2\/posts\/13278\/revisions\/13281"}],"wp:featuredmedia":[{"embeddable":true,"href":"https:\/\/www.lafarga.com\/corporatiu\/wp-json\/wp\/v2\/media\/13275"}],"wp:attachment":[{"href":"https:\/\/www.lafarga.com\/corporatiu\/wp-json\/wp\/v2\/media?parent=13278"}],"wp:term":[{"taxonomy":"category","embeddable":true,"href":"https:\/\/www.lafarga.com\/corporatiu\/wp-json\/wp\/v2\/categories?post=13278"},{"taxonomy":"post_tag","embeddable":true,"href":"https:\/\/www.lafarga.com\/corporatiu\/wp-json\/wp\/v2\/tags?post=13278"}],"curies":[{"name":"wp","href":"https:\/\/api.w.org\/{rel}","templated":true}]}}