{"id":13208,"date":"2019-03-05T12:32:58","date_gmt":"2019-03-05T12:32:58","guid":{"rendered":"http:\/\/www.lafarga.com\/corporatiu\/?p=13208"},"modified":"2019-03-05T12:37:45","modified_gmt":"2019-03-05T12:37:45","slug":"el-dia-de-la-mujer-destacado-en-portada-del-diari","status":"publish","type":"post","link":"https:\/\/www.lafarga.com\/corporatiu\/el-dia-de-la-mujer-destacado-en-portada-del-diari\/","title":{"rendered":"El D\u00eda de la Mujer, destacado en portada del Diari"},"content":{"rendered":"\r\n<h5>Edici\u00f3n 343<\/h5>\r\n<p>Las celebraciones del D\u00eda Internacional de la Mujer son el principal tema de portada del Diari de L&#8217;Hospitalet de este mes de marzo.<\/p>\r\n\r\n\r\n\r\n<p>Diferentes actividades y un acto central en la rambla Just Oliveras ante la Acollidora lo recoge el diario adem\u00e1s que el Pleno ha aprobado dos mociones, una en apoyo al manifiesto institucional y otra a la huelga feminista del 8 de marzo.<\/p>\r\n\r\n\r\n\r\n<p>Otras informaciones del Diari son que las instituciones acuerdan ampliar un 25% el recinto ferial de Granvia para el 2024; que la preinscripci\u00f3n escolar, para el pr\u00f3ximo curso, ser\u00e1 del 29 de marzo al 9 de abril; y que entra en vigor la nueva ordenanza de animales que obliga a rociar con agua las micciones de los perros.<\/p>\r\n\r\n\r\n\r\n<p>En p\u00e1ginas centrales encontramos un amplio reportaje sobre los 40 a\u00f1os de ayuntamientos democr\u00e1ticos. El 3 de abril de 1979, L&#8217;Hospitalet votaba por primera vez los componentes del primer ayuntamiento.<\/p>\r\n\r\n\r\n\r\n<p>En cuanto a las entrevistas portavoz municipales, en esta edici\u00f3n encontramos la del portavoz del PSC, Francesc Belver y la del portavoz de Ciudadanos, y vicepresidente del Consejo de Administraci\u00f3n de La Farga, Miguel Garc\u00eda.<\/p>\r\n\r\n\r\n\r\n<p>En este diario tambi\u00e9n informa que Torre Barrina sigue impulsando la introducci\u00f3n de las TIC en las aulas. Se ha presentado el programa que lo hace posible &#8220;Inspira STEAM&#8221; durante la celebraci\u00f3n del <a href=\"https:\/\/www.lafarga.com\/corporatiu\/exito-del-yomo-25000-visitantes\/\" target=\"_blank\" rel=\"noopener\"><strong>Yomo, Youth Mobile Festival<\/strong><\/a>, en La Farga Centro de Actividades.<\/p>\r\n\r\n\r\n\r\n<p>En cuanto a las actividades de La Farga, el diario recoge los dos pr\u00f3ximas grandes <a href=\"http:\/\/www.lafargalhospitalet.com\/agenda-cas\/\" target=\"_blank\" rel=\"noopener\"><strong>acontecimientos<\/strong><\/a> la 13\u00aa edici\u00f3n del Japan Weekend y el Barcelona Beer Festival, que tendr\u00e1 su segunda edici\u00f3n en La Farga.<\/p>\r\n\r\n\r\n\r\n<p>En el apartado cultural destaca el diario el concierto con la soprano Laura del R\u00edo a favor de las personas refugiadas y la Quincena de Danza, que programa actuaciones y actividades durante el de marzo.<\/p>\r\n\r\n\r\n\r\n<p>En deportes el diario destaca que el f\u00fatbol y el f\u00fatbol sala femenino se abren paso en L&#8217;Hospitalet.<\/p>\r\n\r\n\r\n\r\n<p>El Diari de L&#8217;Hospitalet es un medio editado por La Farga Gesti\u00f3n de Equipamientos Municipales, y tiene una tirada de 105.000 ejemplares.<\/p>\r\n\r\n\r\n\r\n<p>Aqu\u00ed se puede ver la <a href=\"http:\/\/lhdigital.cat\/diarilh_digital\/343\/index.html\" target=\"_blank\" rel=\"noopener\"><strong>versi\u00f3n digital<\/strong><\/a> del Diari de L&#8217;Hospitalet.<\/p>\r\n","protected":false},"excerpt":{"rendered":"<p>Las celebraciones del D\u00eda Internacional de la Mujer son el principal tema de portada del Diari de L&#8217;Hospitalet de este mes de marzo.<\/p>\n","protected":false},"author":5,"featured_media":13206,"comment_status":"closed","ping_status":"closed","sticky":false,"template":"","format":"standard","meta":{"inline_featured_image":false,"_uag_custom_page_level_css":"","_monsterinsights_skip_tracking":false,"_monsterinsights_sitenote_active":false,"_monsterinsights_sitenote_note":"","_monsterinsights_sitenote_category":0,"site-sidebar-layout":"default","site-content-layout":"","ast-site-content-layout":"default","site-content-style":"default","site-sidebar-style":"default","ast-global-header-display":"","ast-banner-title-visibility":"","ast-main-header-display":"","ast-hfb-above-header-display":"","ast-hfb-below-header-display":"","ast-hfb-mobile-header-display":"","site-post-title":"","ast-breadcrumbs-content":"","ast-featured-img":"","footer-sml-layout":"","ast-disable-related-posts":"","theme-transparent-header-meta":"","adv-header-id-meta":"","stick-header-meta":"","header-above-stick-meta":"","header-main-stick-meta":"","header-below-stick-meta":"","astra-migrate-meta-layouts":"default","ast-page-background-enabled":"default","ast-page-background-meta":{"desktop":{"background-color":"var(--ast-global-color-4)","background-image":"","background-repeat":"repeat","background-position":"center center","background-size":"auto","background-attachment":"scroll","background-type":"","background-media":"","overlay-type":"","overlay-color":"","overlay-opacity":"","overlay-gradient":""},"tablet":{"background-color":"","background-image":"","background-repeat":"repeat","background-position":"center center","background-size":"auto","background-attachment":"scroll","background-type":"","background-media":"","overlay-type":"","overlay-color":"","overlay-opacity":"","overlay-gradient":""},"mobile":{"background-color":"","background-image":"","background-repeat":"repeat","background-position":"center center","background-size":"auto","background-attachment":"scroll","background-type":"","background-media":"","overlay-type":"","overlay-color":"","overlay-opacity":"","overlay-gradient":""}},"ast-content-background-meta":{"desktop":{"background-color":"var(--ast-global-color-5)","background-image":"","background-repeat":"repeat","background-position":"center center","background-size":"auto","background-attachment":"scroll","background-type":"","background-media":"","overlay-type":"","overlay-color":"","overlay-opacity":"","overlay-gradient":""},"tablet":{"background-color":"var(--ast-global-color-5)","background-image":"","background-repeat":"repeat","background-position":"center center","background-size":"auto","background-attachment":"scroll","background-type":"","background-media":"","overlay-type":"","overlay-color":"","overlay-opacity":"","overlay-gradient":""},"mobile":{"background-color":"var(--ast-global-color-5)","background-image":"","background-repeat":"repeat","background-position":"center center","background-size":"auto","background-attachment":"scroll","background-type":"","background-media":"","overlay-type":"","overlay-color":"","overlay-opacity":"","overlay-gradient":""}},"footnotes":""},"categories":[81],"tags":[],"class_list":["post-13208","post","type-post","status-publish","format-standard","has-post-thumbnail","hentry","category-medios-comunicacion"],"yoast_head":"<!-- This site is optimized with the Yoast SEO plugin v27.4 - https:\/\/yoast.com\/product\/yoast-seo-wordpress\/ -->\n<title>El D\u00eda de la Mujer, destacado en portada del Diari - La Farga Gesti\u00f3n de Equipamientos Municipales, S.A.<\/title>\n<meta name=\"description\" content=\"Las celebraciones del D\u00eda Internacional de la Mujer son el principal tema de portada del Diari de L&#039;Hospitalet de este mes de marzo.\" \/>\n<meta name=\"robots\" content=\"index, follow, max-snippet:-1, max-image-preview:large, max-video-preview:-1\" \/>\n<link rel=\"canonical\" href=\"https:\/\/www.lafarga.com\/corporatiu\/el-dia-de-la-mujer-destacado-en-portada-del-diari\/\" \/>\n<meta property=\"og:locale\" content=\"ca_ES\" \/>\n<meta property=\"og:type\" content=\"article\" \/>\n<meta property=\"og:title\" content=\"El D\u00eda de la Mujer, destacado en portada del Diari - La Farga Gesti\u00f3n de Equipamientos Municipales, S.A.\" \/>\n<meta property=\"og:description\" content=\"Las celebraciones del D\u00eda Internacional de la Mujer son el principal tema de portada del Diari de L&#039;Hospitalet de este mes de marzo.\" \/>\n<meta property=\"og:url\" content=\"https:\/\/www.lafarga.com\/corporatiu\/el-dia-de-la-mujer-destacado-en-portada-del-diari\/\" \/>\n<meta property=\"og:site_name\" content=\"La Farga Gesti\u00f3n de Equipamientos Municipales, S.A.\" \/>\n<meta property=\"article:published_time\" content=\"2019-03-05T12:32:58+00:00\" \/>\n<meta property=\"article:modified_time\" content=\"2019-03-05T12:37:45+00:00\" \/>\n<meta property=\"og:image\" content=\"https:\/\/www.lafarga.com\/corporatiu\/wp-content\/uploads\/2019\/03\/Diari-LH-Marc19.jpg\" \/>\n\t<meta property=\"og:image:width\" content=\"730\" \/>\n\t<meta property=\"og:image:height\" content=\"410\" \/>\n\t<meta property=\"og:image:type\" content=\"image\/jpeg\" \/>\n<meta name=\"author\" content=\"\u00d2scar Milla\" \/>\n<meta name=\"twitter:label1\" content=\"Escrit per\" \/>\n\t<meta name=\"twitter:data1\" content=\"\u00d2scar Milla\" \/>\n\t<meta name=\"twitter:label2\" content=\"Temps estimat de lectura\" \/>\n\t<meta name=\"twitter:data2\" content=\"2 minuts\" \/>\n<script type=\"application\/ld+json\" class=\"yoast-schema-graph\">{\"@context\":\"https:\\\/\\\/schema.org\",\"@graph\":[{\"@type\":\"Article\",\"@id\":\"https:\\\/\\\/www.lafarga.com\\\/corporatiu\\\/el-dia-de-la-mujer-destacado-en-portada-del-diari\\\/#article\",\"isPartOf\":{\"@id\":\"https:\\\/\\\/www.lafarga.com\\\/corporatiu\\\/el-dia-de-la-mujer-destacado-en-portada-del-diari\\\/\"},\"author\":{\"name\":\"\u00d2scar Milla\",\"@id\":\"https:\\\/\\\/www.lafarga.com\\\/corporatiu\\\/#\\\/schema\\\/person\\\/70d96fe17d0da1a9c9e80d232bdbcf33\"},\"headline\":\"El D\u00eda de la Mujer, destacado en portada del Diari\",\"datePublished\":\"2019-03-05T12:32:58+00:00\",\"dateModified\":\"2019-03-05T12:37:45+00:00\",\"mainEntityOfPage\":{\"@id\":\"https:\\\/\\\/www.lafarga.com\\\/corporatiu\\\/el-dia-de-la-mujer-destacado-en-portada-del-diari\\\/\"},\"wordCount\":381,\"publisher\":{\"@id\":\"https:\\\/\\\/www.lafarga.com\\\/corporatiu\\\/#organization\"},\"image\":{\"@id\":\"https:\\\/\\\/www.lafarga.com\\\/corporatiu\\\/el-dia-de-la-mujer-destacado-en-portada-del-diari\\\/#primaryimage\"},\"thumbnailUrl\":\"https:\\\/\\\/www.lafarga.com\\\/corporatiu\\\/wp-content\\\/uploads\\\/2019\\\/03\\\/Diari-LH-Marc19.jpg\",\"articleSection\":[\"Medios de Comunicaci\u00f3n\"],\"inLanguage\":\"ca\"},{\"@type\":\"WebPage\",\"@id\":\"https:\\\/\\\/www.lafarga.com\\\/corporatiu\\\/el-dia-de-la-mujer-destacado-en-portada-del-diari\\\/\",\"url\":\"https:\\\/\\\/www.lafarga.com\\\/corporatiu\\\/el-dia-de-la-mujer-destacado-en-portada-del-diari\\\/\",\"name\":\"El D\u00eda de la Mujer, destacado en portada del Diari - La Farga Gesti\u00f3n de Equipamientos Municipales, S.A.\",\"isPartOf\":{\"@id\":\"https:\\\/\\\/www.lafarga.com\\\/corporatiu\\\/#website\"},\"primaryImageOfPage\":{\"@id\":\"https:\\\/\\\/www.lafarga.com\\\/corporatiu\\\/el-dia-de-la-mujer-destacado-en-portada-del-diari\\\/#primaryimage\"},\"image\":{\"@id\":\"https:\\\/\\\/www.lafarga.com\\\/corporatiu\\\/el-dia-de-la-mujer-destacado-en-portada-del-diari\\\/#primaryimage\"},\"thumbnailUrl\":\"https:\\\/\\\/www.lafarga.com\\\/corporatiu\\\/wp-content\\\/uploads\\\/2019\\\/03\\\/Diari-LH-Marc19.jpg\",\"datePublished\":\"2019-03-05T12:32:58+00:00\",\"dateModified\":\"2019-03-05T12:37:45+00:00\",\"description\":\"Las celebraciones del D\u00eda Internacional de la Mujer son el principal tema de portada del Diari de L'Hospitalet de este mes de marzo.\",\"breadcrumb\":{\"@id\":\"https:\\\/\\\/www.lafarga.com\\\/corporatiu\\\/el-dia-de-la-mujer-destacado-en-portada-del-diari\\\/#breadcrumb\"},\"inLanguage\":\"ca\",\"potentialAction\":[{\"@type\":\"ReadAction\",\"target\":[\"https:\\\/\\\/www.lafarga.com\\\/corporatiu\\\/el-dia-de-la-mujer-destacado-en-portada-del-diari\\\/\"]}]},{\"@type\":\"ImageObject\",\"inLanguage\":\"ca\",\"@id\":\"https:\\\/\\\/www.lafarga.com\\\/corporatiu\\\/el-dia-de-la-mujer-destacado-en-portada-del-diari\\\/#primaryimage\",\"url\":\"https:\\\/\\\/www.lafarga.com\\\/corporatiu\\\/wp-content\\\/uploads\\\/2019\\\/03\\\/Diari-LH-Marc19.jpg\",\"contentUrl\":\"https:\\\/\\\/www.lafarga.com\\\/corporatiu\\\/wp-content\\\/uploads\\\/2019\\\/03\\\/Diari-LH-Marc19.jpg\",\"width\":730,\"height\":410,\"caption\":\"Farga Diari Dona\"},{\"@type\":\"BreadcrumbList\",\"@id\":\"https:\\\/\\\/www.lafarga.com\\\/corporatiu\\\/el-dia-de-la-mujer-destacado-en-portada-del-diari\\\/#breadcrumb\",\"itemListElement\":[{\"@type\":\"ListItem\",\"position\":1,\"name\":\"Home\",\"item\":\"https:\\\/\\\/www.lafarga.com\\\/corporatiu\\\/lafarga-hospitalet-llobregat\\\/\"},{\"@type\":\"ListItem\",\"position\":2,\"name\":\"El D\u00eda de la Mujer, destacado en portada del Diari\"}]},{\"@type\":\"WebSite\",\"@id\":\"https:\\\/\\\/www.lafarga.com\\\/corporatiu\\\/#website\",\"url\":\"https:\\\/\\\/www.lafarga.com\\\/corporatiu\\\/\",\"name\":\"La Farga Gesti\u00f3 d&#039;Equipaments Municipals, SA\",\"description\":\"\",\"publisher\":{\"@id\":\"https:\\\/\\\/www.lafarga.com\\\/corporatiu\\\/#organization\"},\"potentialAction\":[{\"@type\":\"SearchAction\",\"target\":{\"@type\":\"EntryPoint\",\"urlTemplate\":\"https:\\\/\\\/www.lafarga.com\\\/corporatiu\\\/?s={search_term_string}\"},\"query-input\":{\"@type\":\"PropertyValueSpecification\",\"valueRequired\":true,\"valueName\":\"search_term_string\"}}],\"inLanguage\":\"ca\"},{\"@type\":\"Organization\",\"@id\":\"https:\\\/\\\/www.lafarga.com\\\/corporatiu\\\/#organization\",\"name\":\"La Farga Gesti\u00f3 d&#039;Equipaments Municipals, SA\",\"url\":\"https:\\\/\\\/www.lafarga.com\\\/corporatiu\\\/\",\"logo\":{\"@type\":\"ImageObject\",\"inLanguage\":\"ca\",\"@id\":\"https:\\\/\\\/www.lafarga.com\\\/corporatiu\\\/#\\\/schema\\\/logo\\\/image\\\/\",\"url\":\"https:\\\/\\\/www.lafarga.com\\\/corporatiu\\\/wp-content\\\/uploads\\\/2023\\\/11\\\/logotipo_lafarga_gemsa.svg\",\"contentUrl\":\"https:\\\/\\\/www.lafarga.com\\\/corporatiu\\\/wp-content\\\/uploads\\\/2023\\\/11\\\/logotipo_lafarga_gemsa.svg\",\"width\":102,\"height\":103,\"caption\":\"La Farga Gesti\u00f3 d&#039;Equipaments Municipals, SA\"},\"image\":{\"@id\":\"https:\\\/\\\/www.lafarga.com\\\/corporatiu\\\/#\\\/schema\\\/logo\\\/image\\\/\"}},{\"@type\":\"Person\",\"@id\":\"https:\\\/\\\/www.lafarga.com\\\/corporatiu\\\/#\\\/schema\\\/person\\\/70d96fe17d0da1a9c9e80d232bdbcf33\",\"name\":\"\u00d2scar Milla\",\"image\":{\"@type\":\"ImageObject\",\"inLanguage\":\"ca\",\"@id\":\"https:\\\/\\\/secure.gravatar.com\\\/avatar\\\/92e75d184f9d5e0e403bd4ad075b080ad258344ddc259adddb579f6a3ba6494f?s=96&d=mm&r=g\",\"url\":\"https:\\\/\\\/secure.gravatar.com\\\/avatar\\\/92e75d184f9d5e0e403bd4ad075b080ad258344ddc259adddb579f6a3ba6494f?s=96&d=mm&r=g\",\"contentUrl\":\"https:\\\/\\\/secure.gravatar.com\\\/avatar\\\/92e75d184f9d5e0e403bd4ad075b080ad258344ddc259adddb579f6a3ba6494f?s=96&d=mm&r=g\",\"caption\":\"\u00d2scar Milla\"},\"url\":\"https:\\\/\\\/www.lafarga.com\\\/corporatiu\\\/author\\\/omilla\\\/\"}]}<\/script>\n<!-- \/ Yoast SEO plugin. -->","yoast_head_json":{"title":"El D\u00eda de la Mujer, destacado en portada del Diari - La Farga Gesti\u00f3n de Equipamientos Municipales, S.A.","description":"Las celebraciones del D\u00eda Internacional de la Mujer son el principal tema de portada del Diari de L'Hospitalet de este mes de marzo.","robots":{"index":"index","follow":"follow","max-snippet":"max-snippet:-1","max-image-preview":"max-image-preview:large","max-video-preview":"max-video-preview:-1"},"canonical":"https:\/\/www.lafarga.com\/corporatiu\/el-dia-de-la-mujer-destacado-en-portada-del-diari\/","og_locale":"ca_ES","og_type":"article","og_title":"El D\u00eda de la Mujer, destacado en portada del Diari - La Farga Gesti\u00f3n de Equipamientos Municipales, S.A.","og_description":"Las celebraciones del D\u00eda Internacional de la Mujer son el principal tema de portada del Diari de L'Hospitalet de este mes de marzo.","og_url":"https:\/\/www.lafarga.com\/corporatiu\/el-dia-de-la-mujer-destacado-en-portada-del-diari\/","og_site_name":"La Farga Gesti\u00f3n de Equipamientos Municipales, S.A.","article_published_time":"2019-03-05T12:32:58+00:00","article_modified_time":"2019-03-05T12:37:45+00:00","og_image":[{"width":730,"height":410,"url":"https:\/\/www.lafarga.com\/corporatiu\/wp-content\/uploads\/2019\/03\/Diari-LH-Marc19.jpg","type":"image\/jpeg"}],"author":"\u00d2scar Milla","twitter_misc":{"Escrit per":"\u00d2scar Milla","Temps estimat de lectura":"2 minuts"},"schema":{"@context":"https:\/\/schema.org","@graph":[{"@type":"Article","@id":"https:\/\/www.lafarga.com\/corporatiu\/el-dia-de-la-mujer-destacado-en-portada-del-diari\/#article","isPartOf":{"@id":"https:\/\/www.lafarga.com\/corporatiu\/el-dia-de-la-mujer-destacado-en-portada-del-diari\/"},"author":{"name":"\u00d2scar Milla","@id":"https:\/\/www.lafarga.com\/corporatiu\/#\/schema\/person\/70d96fe17d0da1a9c9e80d232bdbcf33"},"headline":"El D\u00eda de la Mujer, destacado en portada del Diari","datePublished":"2019-03-05T12:32:58+00:00","dateModified":"2019-03-05T12:37:45+00:00","mainEntityOfPage":{"@id":"https:\/\/www.lafarga.com\/corporatiu\/el-dia-de-la-mujer-destacado-en-portada-del-diari\/"},"wordCount":381,"publisher":{"@id":"https:\/\/www.lafarga.com\/corporatiu\/#organization"},"image":{"@id":"https:\/\/www.lafarga.com\/corporatiu\/el-dia-de-la-mujer-destacado-en-portada-del-diari\/#primaryimage"},"thumbnailUrl":"https:\/\/www.lafarga.com\/corporatiu\/wp-content\/uploads\/2019\/03\/Diari-LH-Marc19.jpg","articleSection":["Medios de Comunicaci\u00f3n"],"inLanguage":"ca"},{"@type":"WebPage","@id":"https:\/\/www.lafarga.com\/corporatiu\/el-dia-de-la-mujer-destacado-en-portada-del-diari\/","url":"https:\/\/www.lafarga.com\/corporatiu\/el-dia-de-la-mujer-destacado-en-portada-del-diari\/","name":"El D\u00eda de la Mujer, destacado en portada del Diari - La Farga Gesti\u00f3n de Equipamientos Municipales, S.A.","isPartOf":{"@id":"https:\/\/www.lafarga.com\/corporatiu\/#website"},"primaryImageOfPage":{"@id":"https:\/\/www.lafarga.com\/corporatiu\/el-dia-de-la-mujer-destacado-en-portada-del-diari\/#primaryimage"},"image":{"@id":"https:\/\/www.lafarga.com\/corporatiu\/el-dia-de-la-mujer-destacado-en-portada-del-diari\/#primaryimage"},"thumbnailUrl":"https:\/\/www.lafarga.com\/corporatiu\/wp-content\/uploads\/2019\/03\/Diari-LH-Marc19.jpg","datePublished":"2019-03-05T12:32:58+00:00","dateModified":"2019-03-05T12:37:45+00:00","description":"Las celebraciones del D\u00eda Internacional de la Mujer son el principal tema de portada del Diari de L'Hospitalet de este mes de marzo.","breadcrumb":{"@id":"https:\/\/www.lafarga.com\/corporatiu\/el-dia-de-la-mujer-destacado-en-portada-del-diari\/#breadcrumb"},"inLanguage":"ca","potentialAction":[{"@type":"ReadAction","target":["https:\/\/www.lafarga.com\/corporatiu\/el-dia-de-la-mujer-destacado-en-portada-del-diari\/"]}]},{"@type":"ImageObject","inLanguage":"ca","@id":"https:\/\/www.lafarga.com\/corporatiu\/el-dia-de-la-mujer-destacado-en-portada-del-diari\/#primaryimage","url":"https:\/\/www.lafarga.com\/corporatiu\/wp-content\/uploads\/2019\/03\/Diari-LH-Marc19.jpg","contentUrl":"https:\/\/www.lafarga.com\/corporatiu\/wp-content\/uploads\/2019\/03\/Diari-LH-Marc19.jpg","width":730,"height":410,"caption":"Farga Diari Dona"},{"@type":"BreadcrumbList","@id":"https:\/\/www.lafarga.com\/corporatiu\/el-dia-de-la-mujer-destacado-en-portada-del-diari\/#breadcrumb","itemListElement":[{"@type":"ListItem","position":1,"name":"Home","item":"https:\/\/www.lafarga.com\/corporatiu\/lafarga-hospitalet-llobregat\/"},{"@type":"ListItem","position":2,"name":"El D\u00eda de la Mujer, destacado en portada del Diari"}]},{"@type":"WebSite","@id":"https:\/\/www.lafarga.com\/corporatiu\/#website","url":"https:\/\/www.lafarga.com\/corporatiu\/","name":"La Farga Gesti\u00f3 d&#039;Equipaments Municipals, SA","description":"","publisher":{"@id":"https:\/\/www.lafarga.com\/corporatiu\/#organization"},"potentialAction":[{"@type":"SearchAction","target":{"@type":"EntryPoint","urlTemplate":"https:\/\/www.lafarga.com\/corporatiu\/?s={search_term_string}"},"query-input":{"@type":"PropertyValueSpecification","valueRequired":true,"valueName":"search_term_string"}}],"inLanguage":"ca"},{"@type":"Organization","@id":"https:\/\/www.lafarga.com\/corporatiu\/#organization","name":"La Farga Gesti\u00f3 d&#039;Equipaments Municipals, SA","url":"https:\/\/www.lafarga.com\/corporatiu\/","logo":{"@type":"ImageObject","inLanguage":"ca","@id":"https:\/\/www.lafarga.com\/corporatiu\/#\/schema\/logo\/image\/","url":"https:\/\/www.lafarga.com\/corporatiu\/wp-content\/uploads\/2023\/11\/logotipo_lafarga_gemsa.svg","contentUrl":"https:\/\/www.lafarga.com\/corporatiu\/wp-content\/uploads\/2023\/11\/logotipo_lafarga_gemsa.svg","width":102,"height":103,"caption":"La Farga Gesti\u00f3 d&#039;Equipaments Municipals, SA"},"image":{"@id":"https:\/\/www.lafarga.com\/corporatiu\/#\/schema\/logo\/image\/"}},{"@type":"Person","@id":"https:\/\/www.lafarga.com\/corporatiu\/#\/schema\/person\/70d96fe17d0da1a9c9e80d232bdbcf33","name":"\u00d2scar Milla","image":{"@type":"ImageObject","inLanguage":"ca","@id":"https:\/\/secure.gravatar.com\/avatar\/92e75d184f9d5e0e403bd4ad075b080ad258344ddc259adddb579f6a3ba6494f?s=96&d=mm&r=g","url":"https:\/\/secure.gravatar.com\/avatar\/92e75d184f9d5e0e403bd4ad075b080ad258344ddc259adddb579f6a3ba6494f?s=96&d=mm&r=g","contentUrl":"https:\/\/secure.gravatar.com\/avatar\/92e75d184f9d5e0e403bd4ad075b080ad258344ddc259adddb579f6a3ba6494f?s=96&d=mm&r=g","caption":"\u00d2scar Milla"},"url":"https:\/\/www.lafarga.com\/corporatiu\/author\/omilla\/"}]}},"uagb_featured_image_src":{"full":["https:\/\/www.lafarga.com\/corporatiu\/wp-content\/uploads\/2019\/03\/Diari-LH-Marc19.jpg",730,410,false],"thumbnail":["https:\/\/www.lafarga.com\/corporatiu\/wp-content\/uploads\/2019\/03\/Diari-LH-Marc19-150x150.jpg",150,150,true],"medium":["https:\/\/www.lafarga.com\/corporatiu\/wp-content\/uploads\/2019\/03\/Diari-LH-Marc19-300x168.jpg",300,168,true],"medium_large":["https:\/\/www.lafarga.com\/corporatiu\/wp-content\/uploads\/2019\/03\/Diari-LH-Marc19.jpg",730,410,false],"large":["https:\/\/www.lafarga.com\/corporatiu\/wp-content\/uploads\/2019\/03\/Diari-LH-Marc19.jpg",730,410,false],"1536x1536":["https:\/\/www.lafarga.com\/corporatiu\/wp-content\/uploads\/2019\/03\/Diari-LH-Marc19.jpg",730,410,false],"2048x2048":["https:\/\/www.lafarga.com\/corporatiu\/wp-content\/uploads\/2019\/03\/Diari-LH-Marc19.jpg",730,410,false],"mailpoet_newsletter_max":["https:\/\/www.lafarga.com\/corporatiu\/wp-content\/uploads\/2019\/03\/Diari-LH-Marc19.jpg",730,410,false]},"uagb_author_info":{"display_name":"\u00d2scar Milla","author_link":"https:\/\/www.lafarga.com\/corporatiu\/author\/omilla\/"},"uagb_comment_info":0,"uagb_excerpt":"Las celebraciones del D\u00eda Internacional de la Mujer son el principal tema de portada del Diari de L'Hospitalet de este mes de marzo.","_links":{"self":[{"href":"https:\/\/www.lafarga.com\/corporatiu\/wp-json\/wp\/v2\/posts\/13208","targetHints":{"allow":["GET"]}}],"collection":[{"href":"https:\/\/www.lafarga.com\/corporatiu\/wp-json\/wp\/v2\/posts"}],"about":[{"href":"https:\/\/www.lafarga.com\/corporatiu\/wp-json\/wp\/v2\/types\/post"}],"author":[{"embeddable":true,"href":"https:\/\/www.lafarga.com\/corporatiu\/wp-json\/wp\/v2\/users\/5"}],"replies":[{"embeddable":true,"href":"https:\/\/www.lafarga.com\/corporatiu\/wp-json\/wp\/v2\/comments?post=13208"}],"version-history":[{"count":2,"href":"https:\/\/www.lafarga.com\/corporatiu\/wp-json\/wp\/v2\/posts\/13208\/revisions"}],"predecessor-version":[{"id":13211,"href":"https:\/\/www.lafarga.com\/corporatiu\/wp-json\/wp\/v2\/posts\/13208\/revisions\/13211"}],"wp:featuredmedia":[{"embeddable":true,"href":"https:\/\/www.lafarga.com\/corporatiu\/wp-json\/wp\/v2\/media\/13206"}],"wp:attachment":[{"href":"https:\/\/www.lafarga.com\/corporatiu\/wp-json\/wp\/v2\/media?parent=13208"}],"wp:term":[{"taxonomy":"category","embeddable":true,"href":"https:\/\/www.lafarga.com\/corporatiu\/wp-json\/wp\/v2\/categories?post=13208"},{"taxonomy":"post_tag","embeddable":true,"href":"https:\/\/www.lafarga.com\/corporatiu\/wp-json\/wp\/v2\/tags?post=13208"}],"curies":[{"name":"wp","href":"https:\/\/api.w.org\/{rel}","templated":true}]}}