{"id":13185,"date":"2019-02-27T12:20:10","date_gmt":"2019-02-27T12:20:10","guid":{"rendered":"http:\/\/www.lafarga.com\/corporatiu\/?p=13185"},"modified":"2019-02-27T12:23:44","modified_gmt":"2019-02-27T12:23:44","slug":"proyectos-innovadores-yomo-centros-educativos-lh","status":"publish","type":"post","link":"https:\/\/www.lafarga.com\/corporatiu\/proyectos-innovadores-yomo-centros-educativos-lh\/","title":{"rendered":"Proyectos innovadores en el YoMo de centros educativos de L\u2019H"},"content":{"rendered":"\r\n\r\n\r\n<h5 class=\"wp-block-heading\">Por primera vez, cinco escuelas y cinco institutos de la ciudad mostrar\u00e1n las acciones que desarrollan relacionadas con la rob\u00f3tica y el uso de la tecnolog\u00eda<\/h5>\r\n\r\n\r\n\r\n<p>En el stand municipal se presenta el mi\u00e9rcoles el programa Inspira STEAM, una iniciativa pionera que pretende fomentar entre el alumnado de primaria las vocaciones cient\u00edfico-t\u00e9cnicas, principalmente entre las chicas<\/p>\r\n\r\n\r\n\r\n<p>Este martes han visitado el certamen la alcaldesa, N\u00faria Mar\u00edn, y el concejal de Educaci\u00f3n, Jaume Graells, que han coincidido con el CEO de GSMA Ltd., John Hoffman.<\/p>\r\n\r\n\r\n\r\n<p>Por primera vez, los centros educativos de L\u2019Hospitalet tendr\u00e1n un stand instalado por el Ayuntamiento de la ciudad para mostrar sus proyectos m\u00e1s innovadores, relacionados mayoritariamente con la rob\u00f3tica y el uso de la tecnolog\u00eda. As\u00ed, participan diez centros de la ciudad: las escuelas Busquets y Punset, Frederic Mistral, Pere Lliscart, Joan XXIII y Bernat Desclot, y los institutos Jaume Botey, Merc\u00e8 Rodoreda, Bellvitge, Apel\u00b7les Mestres y Bisbe Berenguer.<\/p>\r\n\r\n\r\n\r\n<p>En el stand municipal se mostrar\u00e1n un total de 14 acciones que llevan a cabo en el marco del programa \u201cFem t\u00e0ndem L\u2019H\u201d, donde\u00a0colabora Torre Barrina, Innovaci\u00f3n Social, una iniciativa que permite a los alumnos desarrollar un proyecto ligado a un equipamiento o instituci\u00f3n cultural o cient\u00edfica, o sobre las nuevas tecnolog\u00edas.<\/p>\r\n\r\n\r\n\r\n<h5 class=\"wp-block-heading\">Fomentar las vocaciones cient\u00edfico-t\u00e9cnicas<\/h5>\r\n\r\n\r\n\r\n<p>Este mi\u00e9rcoles, la concejal\u00eda de Innovaci\u00f3n Social del Ayuntamiento presentar\u00e1 en el stand municipal el programa Inspira STEAM, una iniciativa pionera que se llevar\u00e1 a cabo en los centros educativos de primaria y secundaria durante el pr\u00f3ximo curso escolar con el objetivo de fomentar las vocaciones cient\u00edfico-t\u00e9cnicas, principalmente entre las chicas.<\/p>\r\n\r\n\r\n\r\n<p>El proyecto, impulsado por la Universidad de Deusto (UD), utiliza la t\u00e9cnica del mentor\u00eda grupal con el objetivo de promover entre las estudiantes de 5 a 12 a\u00f1os las STEAM (ciencia, tecnolog\u00eda, ingenier\u00eda, artes y matem\u00e1ticas) mediante acciones de sensibilizaci\u00f3n y orientaci\u00f3n, que imparten mujeres profesionales del mundo de la investigaci\u00f3n, la ciencia y la tecnolog\u00eda de L\u2019Hospitalet.<\/p>\r\n\r\n\r\n\r\n<p>Las escuelas de L\u2019Hospitalet podr\u00e1n participar durante el pr\u00f3ximo curso en esta iniciativa que formar\u00e1 parte del servicio educativo de Torre Barrena, equipamiento municipal que quiere generar experiencias para la innovaci\u00f3n y la transformaci\u00f3n social a trav\u00e9s de proyectos que tengan un impacto positivo en la ciudad.<\/p>\r\n\r\n\r\n\r\n<h5 class=\"wp-block-heading\">M\u00e1s de 22.000 estudiantes<\/h5>\r\n\r\n\r\n\r\n<p>Hasta el s\u00e1bado La Farga de L\u2019Hospitalet acoge por segunda edici\u00f3n el\u00a0<a href=\"http:\/\/www.lafargalhospitalet.com\/llega-yomo19-farga-completo\/\" target=\"_blank\" rel=\"noreferrer noopener\"><strong>Youth Mobile Festival (Yomo)<\/strong><\/a>, organizado por GMSA, el festival m\u00e1s grande dedicado a la ciencia, la tecnolog\u00eda, la ingenier\u00eda, el arte, el dise\u00f1o y las matem\u00e1ticas para j\u00f3venes. Durante estos d\u00edas, 22.000 estudiantes y educadores del pa\u00eds, de los cuales 2.100 son de L\u2019Hospitalet, asistir\u00e1n a esta enorme exposici\u00f3n que une ciencia, tecnolog\u00eda y smartphone y que ofrece m\u00e1s de 50 stands con un centenar de talleres y actividades pr\u00e1cticas pensadas para todos los j\u00f3venes, as\u00ed como actividades para los educadores.<\/p>\r\n\r\n\r\n\r\n<h5 class=\"wp-block-heading\">Yomo Family Day<\/h5>\r\n\r\n\r\n\r\n<p>Otra novedad de este a\u00f1o es la celebraci\u00f3n del Yomo Family Day, una iniciativa de GMSA y el Ayuntamiento de L\u2019Hospitalet que permitir\u00e1 a las familias con hijos menores visitar el festival de forma gratuita. As\u00ed, el Yomo abrir\u00e1 el s\u00e1bado, 2 de marzo, de 10 a 16 horas, para ni\u00f1os y ni\u00f1as de 8 a 12 a\u00f1os que vayan acompa\u00f1ados de un adulto. Para acceder a esta entrada familiar es necesario inscribirse previamente en la web del certamen (<a href=\"https:\/\/www.mwcyomo.com\/bcn\/es\/registrate\/familias\/\" target=\"_blank\" rel=\"noreferrer noopener\"><strong>www.yomobcn.cat\/familias<\/strong><\/a>). Se pueden inscribir hasta 8 personas, pero cada inscripci\u00f3n, para ser v\u00e1lida, debe registrar, como m\u00ednimo, 1 menor de edad y un adulto acompa\u00f1ante.27\/02\/2019<\/p>\r\n","protected":false},"excerpt":{"rendered":"<p>Por primera vez, cinco escuelas y cinco institutos de la ciudad mostrar\u00e1n las acciones que desarrollan relacionadas con la rob\u00f3tica y el uso de la tecnolog\u00eda.<\/p>\n","protected":false},"author":5,"featured_media":13180,"comment_status":"closed","ping_status":"closed","sticky":false,"template":"","format":"standard","meta":{"inline_featured_image":false,"_uag_custom_page_level_css":"","_monsterinsights_skip_tracking":false,"_monsterinsights_sitenote_active":false,"_monsterinsights_sitenote_note":"","_monsterinsights_sitenote_category":0,"site-sidebar-layout":"default","site-content-layout":"","ast-site-content-layout":"default","site-content-style":"default","site-sidebar-style":"default","ast-global-header-display":"","ast-banner-title-visibility":"","ast-main-header-display":"","ast-hfb-above-header-display":"","ast-hfb-below-header-display":"","ast-hfb-mobile-header-display":"","site-post-title":"","ast-breadcrumbs-content":"","ast-featured-img":"","footer-sml-layout":"","ast-disable-related-posts":"","theme-transparent-header-meta":"","adv-header-id-meta":"","stick-header-meta":"","header-above-stick-meta":"","header-main-stick-meta":"","header-below-stick-meta":"","astra-migrate-meta-layouts":"default","ast-page-background-enabled":"default","ast-page-background-meta":{"desktop":{"background-color":"var(--ast-global-color-4)","background-image":"","background-repeat":"repeat","background-position":"center center","background-size":"auto","background-attachment":"scroll","background-type":"","background-media":"","overlay-type":"","overlay-color":"","overlay-opacity":"","overlay-gradient":""},"tablet":{"background-color":"","background-image":"","background-repeat":"repeat","background-position":"center center","background-size":"auto","background-attachment":"scroll","background-type":"","background-media":"","overlay-type":"","overlay-color":"","overlay-opacity":"","overlay-gradient":""},"mobile":{"background-color":"","background-image":"","background-repeat":"repeat","background-position":"center center","background-size":"auto","background-attachment":"scroll","background-type":"","background-media":"","overlay-type":"","overlay-color":"","overlay-opacity":"","overlay-gradient":""}},"ast-content-background-meta":{"desktop":{"background-color":"var(--ast-global-color-5)","background-image":"","background-repeat":"repeat","background-position":"center center","background-size":"auto","background-attachment":"scroll","background-type":"","background-media":"","overlay-type":"","overlay-color":"","overlay-opacity":"","overlay-gradient":""},"tablet":{"background-color":"var(--ast-global-color-5)","background-image":"","background-repeat":"repeat","background-position":"center center","background-size":"auto","background-attachment":"scroll","background-type":"","background-media":"","overlay-type":"","overlay-color":"","overlay-opacity":"","overlay-gradient":""},"mobile":{"background-color":"var(--ast-global-color-5)","background-image":"","background-repeat":"repeat","background-position":"center center","background-size":"auto","background-attachment":"scroll","background-type":"","background-media":"","overlay-type":"","overlay-color":"","overlay-opacity":"","overlay-gradient":""}},"footnotes":""},"categories":[73,87],"tags":[],"class_list":["post-13185","post","type-post","status-publish","format-standard","has-post-thumbnail","hentry","category-centro-de-actividades","category-torre-barrina-cas"],"yoast_head":"<!-- This site is optimized with the Yoast SEO plugin v27.4 - https:\/\/yoast.com\/product\/yoast-seo-wordpress\/ -->\n<title>Proyectos innovadores en el YoMo de centros educativos de L\u2019H - La Farga Gesti\u00f3n de Equipamientos Municipales, S.A.<\/title>\n<meta name=\"description\" content=\"Per primera vegada al YoMo, 5 escoles i 5 instituts de la ciutat mostraran les accions que desenvolupen relacionades amb la rob\u00f2tica i l\u2019\u00fas de la tecnologia\" \/>\n<meta name=\"robots\" content=\"index, follow, max-snippet:-1, max-image-preview:large, max-video-preview:-1\" \/>\n<link rel=\"canonical\" href=\"https:\/\/www.lafarga.com\/corporatiu\/proyectos-innovadores-yomo-centros-educativos-lh\/\" \/>\n<meta property=\"og:locale\" content=\"ca_ES\" \/>\n<meta property=\"og:type\" content=\"article\" \/>\n<meta property=\"og:title\" content=\"Proyectos innovadores en el YoMo de centros educativos de L\u2019H - La Farga Gesti\u00f3n de Equipamientos Municipales, S.A.\" \/>\n<meta property=\"og:description\" content=\"Per primera vegada al YoMo, 5 escoles i 5 instituts de la ciutat mostraran les accions que desenvolupen relacionades amb la rob\u00f2tica i l\u2019\u00fas de la tecnologia\" \/>\n<meta property=\"og:url\" content=\"https:\/\/www.lafarga.com\/corporatiu\/proyectos-innovadores-yomo-centros-educativos-lh\/\" \/>\n<meta property=\"og:site_name\" content=\"La Farga Gesti\u00f3n de Equipamientos Municipales, S.A.\" \/>\n<meta property=\"article:published_time\" content=\"2019-02-27T12:20:10+00:00\" \/>\n<meta property=\"article:modified_time\" content=\"2019-02-27T12:23:44+00:00\" \/>\n<meta property=\"og:image\" content=\"https:\/\/www.lafarga.com\/corporatiu\/wp-content\/uploads\/2019\/02\/YoMo-Marin-Hoffman-Farga.jpg\" \/>\n\t<meta property=\"og:image:width\" content=\"730\" \/>\n\t<meta property=\"og:image:height\" content=\"410\" \/>\n\t<meta property=\"og:image:type\" content=\"image\/jpeg\" \/>\n<meta name=\"author\" content=\"\u00d2scar Milla\" \/>\n<meta name=\"twitter:label1\" content=\"Escrit per\" \/>\n\t<meta name=\"twitter:data1\" content=\"\u00d2scar Milla\" \/>\n\t<meta name=\"twitter:label2\" content=\"Temps estimat de lectura\" \/>\n\t<meta name=\"twitter:data2\" content=\"3 minuts\" \/>\n<script type=\"application\/ld+json\" class=\"yoast-schema-graph\">{\"@context\":\"https:\\\/\\\/schema.org\",\"@graph\":[{\"@type\":\"Article\",\"@id\":\"https:\\\/\\\/www.lafarga.com\\\/corporatiu\\\/proyectos-innovadores-yomo-centros-educativos-lh\\\/#article\",\"isPartOf\":{\"@id\":\"https:\\\/\\\/www.lafarga.com\\\/corporatiu\\\/proyectos-innovadores-yomo-centros-educativos-lh\\\/\"},\"author\":{\"name\":\"\u00d2scar Milla\",\"@id\":\"https:\\\/\\\/www.lafarga.com\\\/corporatiu\\\/#\\\/schema\\\/person\\\/70d96fe17d0da1a9c9e80d232bdbcf33\"},\"headline\":\"Proyectos innovadores en el YoMo de centros educativos de L\u2019H\",\"datePublished\":\"2019-02-27T12:20:10+00:00\",\"dateModified\":\"2019-02-27T12:23:44+00:00\",\"mainEntityOfPage\":{\"@id\":\"https:\\\/\\\/www.lafarga.com\\\/corporatiu\\\/proyectos-innovadores-yomo-centros-educativos-lh\\\/\"},\"wordCount\":648,\"publisher\":{\"@id\":\"https:\\\/\\\/www.lafarga.com\\\/corporatiu\\\/#organization\"},\"image\":{\"@id\":\"https:\\\/\\\/www.lafarga.com\\\/corporatiu\\\/proyectos-innovadores-yomo-centros-educativos-lh\\\/#primaryimage\"},\"thumbnailUrl\":\"https:\\\/\\\/www.lafarga.com\\\/corporatiu\\\/wp-content\\\/uploads\\\/2019\\\/02\\\/YoMo-Marin-Hoffman-Farga.jpg\",\"articleSection\":[\"Centro de Actividades\",\"Torre Barrina.\"],\"inLanguage\":\"ca\"},{\"@type\":\"WebPage\",\"@id\":\"https:\\\/\\\/www.lafarga.com\\\/corporatiu\\\/proyectos-innovadores-yomo-centros-educativos-lh\\\/\",\"url\":\"https:\\\/\\\/www.lafarga.com\\\/corporatiu\\\/proyectos-innovadores-yomo-centros-educativos-lh\\\/\",\"name\":\"Proyectos innovadores en el YoMo de centros educativos de L\u2019H - La Farga Gesti\u00f3n de Equipamientos Municipales, S.A.\",\"isPartOf\":{\"@id\":\"https:\\\/\\\/www.lafarga.com\\\/corporatiu\\\/#website\"},\"primaryImageOfPage\":{\"@id\":\"https:\\\/\\\/www.lafarga.com\\\/corporatiu\\\/proyectos-innovadores-yomo-centros-educativos-lh\\\/#primaryimage\"},\"image\":{\"@id\":\"https:\\\/\\\/www.lafarga.com\\\/corporatiu\\\/proyectos-innovadores-yomo-centros-educativos-lh\\\/#primaryimage\"},\"thumbnailUrl\":\"https:\\\/\\\/www.lafarga.com\\\/corporatiu\\\/wp-content\\\/uploads\\\/2019\\\/02\\\/YoMo-Marin-Hoffman-Farga.jpg\",\"datePublished\":\"2019-02-27T12:20:10+00:00\",\"dateModified\":\"2019-02-27T12:23:44+00:00\",\"description\":\"Per primera vegada al YoMo, 5 escoles i 5 instituts de la ciutat mostraran les accions que desenvolupen relacionades amb la rob\u00f2tica i l\u2019\u00fas de la tecnologia\",\"breadcrumb\":{\"@id\":\"https:\\\/\\\/www.lafarga.com\\\/corporatiu\\\/proyectos-innovadores-yomo-centros-educativos-lh\\\/#breadcrumb\"},\"inLanguage\":\"ca\",\"potentialAction\":[{\"@type\":\"ReadAction\",\"target\":[\"https:\\\/\\\/www.lafarga.com\\\/corporatiu\\\/proyectos-innovadores-yomo-centros-educativos-lh\\\/\"]}]},{\"@type\":\"ImageObject\",\"inLanguage\":\"ca\",\"@id\":\"https:\\\/\\\/www.lafarga.com\\\/corporatiu\\\/proyectos-innovadores-yomo-centros-educativos-lh\\\/#primaryimage\",\"url\":\"https:\\\/\\\/www.lafarga.com\\\/corporatiu\\\/wp-content\\\/uploads\\\/2019\\\/02\\\/YoMo-Marin-Hoffman-Farga.jpg\",\"contentUrl\":\"https:\\\/\\\/www.lafarga.com\\\/corporatiu\\\/wp-content\\\/uploads\\\/2019\\\/02\\\/YoMo-Marin-Hoffman-Farga.jpg\",\"width\":730,\"height\":410,\"caption\":\"YoMo Farga Mar\u00edn\"},{\"@type\":\"BreadcrumbList\",\"@id\":\"https:\\\/\\\/www.lafarga.com\\\/corporatiu\\\/proyectos-innovadores-yomo-centros-educativos-lh\\\/#breadcrumb\",\"itemListElement\":[{\"@type\":\"ListItem\",\"position\":1,\"name\":\"Home\",\"item\":\"https:\\\/\\\/www.lafarga.com\\\/corporatiu\\\/lafarga-hospitalet-llobregat\\\/\"},{\"@type\":\"ListItem\",\"position\":2,\"name\":\"Proyectos innovadores en el YoMo de centros educativos de L\u2019H\"}]},{\"@type\":\"WebSite\",\"@id\":\"https:\\\/\\\/www.lafarga.com\\\/corporatiu\\\/#website\",\"url\":\"https:\\\/\\\/www.lafarga.com\\\/corporatiu\\\/\",\"name\":\"La Farga Gesti\u00f3 d&#039;Equipaments Municipals, SA\",\"description\":\"\",\"publisher\":{\"@id\":\"https:\\\/\\\/www.lafarga.com\\\/corporatiu\\\/#organization\"},\"potentialAction\":[{\"@type\":\"SearchAction\",\"target\":{\"@type\":\"EntryPoint\",\"urlTemplate\":\"https:\\\/\\\/www.lafarga.com\\\/corporatiu\\\/?s={search_term_string}\"},\"query-input\":{\"@type\":\"PropertyValueSpecification\",\"valueRequired\":true,\"valueName\":\"search_term_string\"}}],\"inLanguage\":\"ca\"},{\"@type\":\"Organization\",\"@id\":\"https:\\\/\\\/www.lafarga.com\\\/corporatiu\\\/#organization\",\"name\":\"La Farga Gesti\u00f3 d&#039;Equipaments Municipals, SA\",\"url\":\"https:\\\/\\\/www.lafarga.com\\\/corporatiu\\\/\",\"logo\":{\"@type\":\"ImageObject\",\"inLanguage\":\"ca\",\"@id\":\"https:\\\/\\\/www.lafarga.com\\\/corporatiu\\\/#\\\/schema\\\/logo\\\/image\\\/\",\"url\":\"https:\\\/\\\/www.lafarga.com\\\/corporatiu\\\/wp-content\\\/uploads\\\/2023\\\/11\\\/logotipo_lafarga_gemsa.svg\",\"contentUrl\":\"https:\\\/\\\/www.lafarga.com\\\/corporatiu\\\/wp-content\\\/uploads\\\/2023\\\/11\\\/logotipo_lafarga_gemsa.svg\",\"width\":102,\"height\":103,\"caption\":\"La Farga Gesti\u00f3 d&#039;Equipaments Municipals, SA\"},\"image\":{\"@id\":\"https:\\\/\\\/www.lafarga.com\\\/corporatiu\\\/#\\\/schema\\\/logo\\\/image\\\/\"}},{\"@type\":\"Person\",\"@id\":\"https:\\\/\\\/www.lafarga.com\\\/corporatiu\\\/#\\\/schema\\\/person\\\/70d96fe17d0da1a9c9e80d232bdbcf33\",\"name\":\"\u00d2scar Milla\",\"image\":{\"@type\":\"ImageObject\",\"inLanguage\":\"ca\",\"@id\":\"https:\\\/\\\/secure.gravatar.com\\\/avatar\\\/92e75d184f9d5e0e403bd4ad075b080ad258344ddc259adddb579f6a3ba6494f?s=96&d=mm&r=g\",\"url\":\"https:\\\/\\\/secure.gravatar.com\\\/avatar\\\/92e75d184f9d5e0e403bd4ad075b080ad258344ddc259adddb579f6a3ba6494f?s=96&d=mm&r=g\",\"contentUrl\":\"https:\\\/\\\/secure.gravatar.com\\\/avatar\\\/92e75d184f9d5e0e403bd4ad075b080ad258344ddc259adddb579f6a3ba6494f?s=96&d=mm&r=g\",\"caption\":\"\u00d2scar Milla\"},\"url\":\"https:\\\/\\\/www.lafarga.com\\\/corporatiu\\\/author\\\/omilla\\\/\"}]}<\/script>\n<!-- \/ Yoast SEO plugin. -->","yoast_head_json":{"title":"Proyectos innovadores en el YoMo de centros educativos de L\u2019H - La Farga Gesti\u00f3n de Equipamientos Municipales, S.A.","description":"Per primera vegada al YoMo, 5 escoles i 5 instituts de la ciutat mostraran les accions que desenvolupen relacionades amb la rob\u00f2tica i l\u2019\u00fas de la tecnologia","robots":{"index":"index","follow":"follow","max-snippet":"max-snippet:-1","max-image-preview":"max-image-preview:large","max-video-preview":"max-video-preview:-1"},"canonical":"https:\/\/www.lafarga.com\/corporatiu\/proyectos-innovadores-yomo-centros-educativos-lh\/","og_locale":"ca_ES","og_type":"article","og_title":"Proyectos innovadores en el YoMo de centros educativos de L\u2019H - La Farga Gesti\u00f3n de Equipamientos Municipales, S.A.","og_description":"Per primera vegada al YoMo, 5 escoles i 5 instituts de la ciutat mostraran les accions que desenvolupen relacionades amb la rob\u00f2tica i l\u2019\u00fas de la tecnologia","og_url":"https:\/\/www.lafarga.com\/corporatiu\/proyectos-innovadores-yomo-centros-educativos-lh\/","og_site_name":"La Farga Gesti\u00f3n de Equipamientos Municipales, S.A.","article_published_time":"2019-02-27T12:20:10+00:00","article_modified_time":"2019-02-27T12:23:44+00:00","og_image":[{"width":730,"height":410,"url":"https:\/\/www.lafarga.com\/corporatiu\/wp-content\/uploads\/2019\/02\/YoMo-Marin-Hoffman-Farga.jpg","type":"image\/jpeg"}],"author":"\u00d2scar Milla","twitter_misc":{"Escrit per":"\u00d2scar Milla","Temps estimat de lectura":"3 minuts"},"schema":{"@context":"https:\/\/schema.org","@graph":[{"@type":"Article","@id":"https:\/\/www.lafarga.com\/corporatiu\/proyectos-innovadores-yomo-centros-educativos-lh\/#article","isPartOf":{"@id":"https:\/\/www.lafarga.com\/corporatiu\/proyectos-innovadores-yomo-centros-educativos-lh\/"},"author":{"name":"\u00d2scar Milla","@id":"https:\/\/www.lafarga.com\/corporatiu\/#\/schema\/person\/70d96fe17d0da1a9c9e80d232bdbcf33"},"headline":"Proyectos innovadores en el YoMo de centros educativos de L\u2019H","datePublished":"2019-02-27T12:20:10+00:00","dateModified":"2019-02-27T12:23:44+00:00","mainEntityOfPage":{"@id":"https:\/\/www.lafarga.com\/corporatiu\/proyectos-innovadores-yomo-centros-educativos-lh\/"},"wordCount":648,"publisher":{"@id":"https:\/\/www.lafarga.com\/corporatiu\/#organization"},"image":{"@id":"https:\/\/www.lafarga.com\/corporatiu\/proyectos-innovadores-yomo-centros-educativos-lh\/#primaryimage"},"thumbnailUrl":"https:\/\/www.lafarga.com\/corporatiu\/wp-content\/uploads\/2019\/02\/YoMo-Marin-Hoffman-Farga.jpg","articleSection":["Centro de Actividades","Torre Barrina."],"inLanguage":"ca"},{"@type":"WebPage","@id":"https:\/\/www.lafarga.com\/corporatiu\/proyectos-innovadores-yomo-centros-educativos-lh\/","url":"https:\/\/www.lafarga.com\/corporatiu\/proyectos-innovadores-yomo-centros-educativos-lh\/","name":"Proyectos innovadores en el YoMo de centros educativos de L\u2019H - La Farga Gesti\u00f3n de Equipamientos Municipales, S.A.","isPartOf":{"@id":"https:\/\/www.lafarga.com\/corporatiu\/#website"},"primaryImageOfPage":{"@id":"https:\/\/www.lafarga.com\/corporatiu\/proyectos-innovadores-yomo-centros-educativos-lh\/#primaryimage"},"image":{"@id":"https:\/\/www.lafarga.com\/corporatiu\/proyectos-innovadores-yomo-centros-educativos-lh\/#primaryimage"},"thumbnailUrl":"https:\/\/www.lafarga.com\/corporatiu\/wp-content\/uploads\/2019\/02\/YoMo-Marin-Hoffman-Farga.jpg","datePublished":"2019-02-27T12:20:10+00:00","dateModified":"2019-02-27T12:23:44+00:00","description":"Per primera vegada al YoMo, 5 escoles i 5 instituts de la ciutat mostraran les accions que desenvolupen relacionades amb la rob\u00f2tica i l\u2019\u00fas de la tecnologia","breadcrumb":{"@id":"https:\/\/www.lafarga.com\/corporatiu\/proyectos-innovadores-yomo-centros-educativos-lh\/#breadcrumb"},"inLanguage":"ca","potentialAction":[{"@type":"ReadAction","target":["https:\/\/www.lafarga.com\/corporatiu\/proyectos-innovadores-yomo-centros-educativos-lh\/"]}]},{"@type":"ImageObject","inLanguage":"ca","@id":"https:\/\/www.lafarga.com\/corporatiu\/proyectos-innovadores-yomo-centros-educativos-lh\/#primaryimage","url":"https:\/\/www.lafarga.com\/corporatiu\/wp-content\/uploads\/2019\/02\/YoMo-Marin-Hoffman-Farga.jpg","contentUrl":"https:\/\/www.lafarga.com\/corporatiu\/wp-content\/uploads\/2019\/02\/YoMo-Marin-Hoffman-Farga.jpg","width":730,"height":410,"caption":"YoMo Farga Mar\u00edn"},{"@type":"BreadcrumbList","@id":"https:\/\/www.lafarga.com\/corporatiu\/proyectos-innovadores-yomo-centros-educativos-lh\/#breadcrumb","itemListElement":[{"@type":"ListItem","position":1,"name":"Home","item":"https:\/\/www.lafarga.com\/corporatiu\/lafarga-hospitalet-llobregat\/"},{"@type":"ListItem","position":2,"name":"Proyectos innovadores en el YoMo de centros educativos de L\u2019H"}]},{"@type":"WebSite","@id":"https:\/\/www.lafarga.com\/corporatiu\/#website","url":"https:\/\/www.lafarga.com\/corporatiu\/","name":"La Farga Gesti\u00f3 d&#039;Equipaments Municipals, SA","description":"","publisher":{"@id":"https:\/\/www.lafarga.com\/corporatiu\/#organization"},"potentialAction":[{"@type":"SearchAction","target":{"@type":"EntryPoint","urlTemplate":"https:\/\/www.lafarga.com\/corporatiu\/?s={search_term_string}"},"query-input":{"@type":"PropertyValueSpecification","valueRequired":true,"valueName":"search_term_string"}}],"inLanguage":"ca"},{"@type":"Organization","@id":"https:\/\/www.lafarga.com\/corporatiu\/#organization","name":"La Farga Gesti\u00f3 d&#039;Equipaments Municipals, SA","url":"https:\/\/www.lafarga.com\/corporatiu\/","logo":{"@type":"ImageObject","inLanguage":"ca","@id":"https:\/\/www.lafarga.com\/corporatiu\/#\/schema\/logo\/image\/","url":"https:\/\/www.lafarga.com\/corporatiu\/wp-content\/uploads\/2023\/11\/logotipo_lafarga_gemsa.svg","contentUrl":"https:\/\/www.lafarga.com\/corporatiu\/wp-content\/uploads\/2023\/11\/logotipo_lafarga_gemsa.svg","width":102,"height":103,"caption":"La Farga Gesti\u00f3 d&#039;Equipaments Municipals, SA"},"image":{"@id":"https:\/\/www.lafarga.com\/corporatiu\/#\/schema\/logo\/image\/"}},{"@type":"Person","@id":"https:\/\/www.lafarga.com\/corporatiu\/#\/schema\/person\/70d96fe17d0da1a9c9e80d232bdbcf33","name":"\u00d2scar Milla","image":{"@type":"ImageObject","inLanguage":"ca","@id":"https:\/\/secure.gravatar.com\/avatar\/92e75d184f9d5e0e403bd4ad075b080ad258344ddc259adddb579f6a3ba6494f?s=96&d=mm&r=g","url":"https:\/\/secure.gravatar.com\/avatar\/92e75d184f9d5e0e403bd4ad075b080ad258344ddc259adddb579f6a3ba6494f?s=96&d=mm&r=g","contentUrl":"https:\/\/secure.gravatar.com\/avatar\/92e75d184f9d5e0e403bd4ad075b080ad258344ddc259adddb579f6a3ba6494f?s=96&d=mm&r=g","caption":"\u00d2scar Milla"},"url":"https:\/\/www.lafarga.com\/corporatiu\/author\/omilla\/"}]}},"uagb_featured_image_src":{"full":["https:\/\/www.lafarga.com\/corporatiu\/wp-content\/uploads\/2019\/02\/YoMo-Marin-Hoffman-Farga.jpg",730,410,false],"thumbnail":["https:\/\/www.lafarga.com\/corporatiu\/wp-content\/uploads\/2019\/02\/YoMo-Marin-Hoffman-Farga-150x150.jpg",150,150,true],"medium":["https:\/\/www.lafarga.com\/corporatiu\/wp-content\/uploads\/2019\/02\/YoMo-Marin-Hoffman-Farga-300x168.jpg",300,168,true],"medium_large":["https:\/\/www.lafarga.com\/corporatiu\/wp-content\/uploads\/2019\/02\/YoMo-Marin-Hoffman-Farga.jpg",730,410,false],"large":["https:\/\/www.lafarga.com\/corporatiu\/wp-content\/uploads\/2019\/02\/YoMo-Marin-Hoffman-Farga.jpg",730,410,false],"1536x1536":["https:\/\/www.lafarga.com\/corporatiu\/wp-content\/uploads\/2019\/02\/YoMo-Marin-Hoffman-Farga.jpg",730,410,false],"2048x2048":["https:\/\/www.lafarga.com\/corporatiu\/wp-content\/uploads\/2019\/02\/YoMo-Marin-Hoffman-Farga.jpg",730,410,false],"mailpoet_newsletter_max":["https:\/\/www.lafarga.com\/corporatiu\/wp-content\/uploads\/2019\/02\/YoMo-Marin-Hoffman-Farga.jpg",730,410,false]},"uagb_author_info":{"display_name":"\u00d2scar Milla","author_link":"https:\/\/www.lafarga.com\/corporatiu\/author\/omilla\/"},"uagb_comment_info":0,"uagb_excerpt":"Por primera vez, cinco escuelas y cinco institutos de la ciudad mostrar\u00e1n las acciones que desarrollan relacionadas con la rob\u00f3tica y el uso de la tecnolog\u00eda.","_links":{"self":[{"href":"https:\/\/www.lafarga.com\/corporatiu\/wp-json\/wp\/v2\/posts\/13185","targetHints":{"allow":["GET"]}}],"collection":[{"href":"https:\/\/www.lafarga.com\/corporatiu\/wp-json\/wp\/v2\/posts"}],"about":[{"href":"https:\/\/www.lafarga.com\/corporatiu\/wp-json\/wp\/v2\/types\/post"}],"author":[{"embeddable":true,"href":"https:\/\/www.lafarga.com\/corporatiu\/wp-json\/wp\/v2\/users\/5"}],"replies":[{"embeddable":true,"href":"https:\/\/www.lafarga.com\/corporatiu\/wp-json\/wp\/v2\/comments?post=13185"}],"version-history":[{"count":2,"href":"https:\/\/www.lafarga.com\/corporatiu\/wp-json\/wp\/v2\/posts\/13185\/revisions"}],"predecessor-version":[{"id":13188,"href":"https:\/\/www.lafarga.com\/corporatiu\/wp-json\/wp\/v2\/posts\/13185\/revisions\/13188"}],"wp:featuredmedia":[{"embeddable":true,"href":"https:\/\/www.lafarga.com\/corporatiu\/wp-json\/wp\/v2\/media\/13180"}],"wp:attachment":[{"href":"https:\/\/www.lafarga.com\/corporatiu\/wp-json\/wp\/v2\/media?parent=13185"}],"wp:term":[{"taxonomy":"category","embeddable":true,"href":"https:\/\/www.lafarga.com\/corporatiu\/wp-json\/wp\/v2\/categories?post=13185"},{"taxonomy":"post_tag","embeddable":true,"href":"https:\/\/www.lafarga.com\/corporatiu\/wp-json\/wp\/v2\/tags?post=13185"}],"curies":[{"name":"wp","href":"https:\/\/api.w.org\/{rel}","templated":true}]}}